{"id":2276,"date":"2020-12-17T16:21:31","date_gmt":"2020-12-17T16:21:31","guid":{"rendered":"https:\/\/www.africa-press.com\/burkina-faso\/?p=2276"},"modified":"2020-12-17T16:10:54","modified_gmt":"2020-12-17T16:10:54","slug":"lutte-contre-la-secheresse-dans-le-sahel-abdoulaye-mohamadou-preside-desormais-aux-destinees-du-cilss","status":"publish","type":"post","link":"https:\/\/www.africa-press.net\/burkina-faso\/politique\/lutte-contre-la-secheresse-dans-le-sahel-abdoulaye-mohamadou-preside-desormais-aux-destinees-du-cilss","title":{"rendered":"Lutte contre la s\u00e9cheresse dans le Sahel : Abdoulaye Mohamadou pr\u00e9side d\u00e9sormais aux destin\u00e9es du CILSS"},"content":{"rendered":"<p><span style=\"color: #ff6600\"><strong><a href=\"https:\/\/www.africa-press.com\">Africa-Press<\/a> &#8211; <a href=\"https:\/\/www.africa-press.com\/burkina-faso\">Burkina Faso<\/a>. <\/strong><\/span><b>Nomm\u00e9 lors de la 19e conf\u00e9rence des chefs d\u2019\u00e9tat tenue le 20 juillet 2020, le nouveau secr\u00e9taire ex\u00e9cutif du CILSS (Comit\u00e9 inter-\u00c9tats de lutte contre la s\u00e9cheresse au Sahel), Abdoulaye Mohamadou a \u00e9t\u00e9 officiellement install\u00e9 dans ses fonctions ce 16 d\u00e9cembre 2020 \u00e0 Ouagadougou. Il remplace \u00e0 ce poste, Djim\u00e9 Adoum qui, pendant 7 ans, a dirig\u00e9 l\u2019institution. La c\u00e9r\u00e9monie de passation s\u2019est tenue en pr\u00e9sence du ministre de l\u2019Agriculture du Burkina, ministre coordonnateur sortant et de celui du Tchad, ministre coordonnateur entrant. Cette passation de service met aussi fin \u00e0 deux ann\u00e9es de pr\u00e9sidence du Burkina Faso \u00e0 la t\u00eate du CILSS.<\/b><\/p>\n<p>Apr\u00e8s deux ann\u00e9es pass\u00e9es \u00e0 la t\u00eate du CILSS, c\u2019est un bilan satisfaisant que dresse le Burkina Faso quand vient le moment de passer la main au Tchad. En effet, selon Salifou Ou\u00e9draogo, ministre coordonnateur sortant, durant le mandat du Burkina \u00e0 la t\u00eate de l\u2019institution, sous le leadership de pr\u00e9sident du Faso, un solide programme a pu \u00eatre mis en place avec un taux de r\u00e9alisation de 95%. \u00ab Au cours de ce programme, une conf\u00e9rence r\u00e9gionale sur la chenille l\u00e9gionnaire a eu lieu au Burkina Faso, avec une d\u00e9marche de mobilisation de ressources pour lutter contre le ph\u00e9nom\u00e8ne \u00bb, a-t-il affirm\u00e9.<\/p>\n<p>Aussi, la r\u00e9forme du CILSS a \u00e9t\u00e9 engag\u00e9e durant cette p\u00e9riode. Un travail de fond qui a consist\u00e9 au renouvellement des cadres dirigeants a aussi \u00e9t\u00e9 fait. \u00c0 cela s\u2019ajoute, une mobilisation non n\u00e9gligeable de fonds de la part des \u00e9tats membres pour le fonctionnement de l\u2019organisme.<\/p>\n<p><b>Des d\u00e9fis \u00e0 relever par le nouveau secr\u00e9taire ex\u00e9cutif<\/b><\/p>\n<p>Ce bilan dont se r\u00e9jouit le Burkina Faso, ne doit pas occulter les d\u00e9fis qui restent entiers et qui se posent au nouveau secr\u00e9taire ex\u00e9cutif Abdoulaye Mohamadou. Pour cet enseignant chercheur de nationalit\u00e9 nig\u00e9rienne, l\u2019une de ses priorit\u00e9s concerne la mise en oeuvre de la r\u00e9forme de l\u2019institution d\u00e9cid\u00e9e par les chefs d\u2019Etat. \u00ab Les d\u00e9fis importants auxquels l\u2019institution est confront\u00e9e est d\u2019abord la r\u00e9appropriation du CILSS par les \u00e9tats, ce qui les permettra d\u2019investir davantage dans l\u2019organisation, dans la situation actuelle. Le CILSS dispose de fonds consistant pour faire de l\u2019op\u00e9rationnel mais en a tr\u00e8s peu pour son fonctionnement \u00bb, soutient-il.<\/p>\n<p>Autre d\u00e9fi \u00e0 relever, Abdoulaye Mohamadou veut mieux organiser le CILSS et mobiliser le personnel autour de la r\u00e9forme. Il n\u2019a pas manqu\u00e9 de souligner que le CILSS est d\u2019abord un centre de production de donn\u00e9es, et cela doit \u00eatre fait dans les standards internationaux. Cela pour fournir aux \u00e9tats, des informations susceptibles de leur permettre de prendre de bonnes d\u00e9cisions. D\u2019o\u00f9 l\u2019importance d\u2019avoir du personnel qualifi\u00e9 et engag\u00e9 dans ce sens. Le nouveau secr\u00e9taire ex\u00e9cutif veut \u00e9galement renforcer la coop\u00e9ration entre Etats membres sur des secteurs strat\u00e9giques qui d\u00e9passent les capacit\u00e9s d\u2019un seul Etat. \u00ab C\u2019est par exemple la question de la s\u00e9curit\u00e9 alimentaire qui ne peut \u00eatre g\u00e9r\u00e9e par un seul \u00e9tat \u00bb, a-t-il laisse entendre.<\/p>\n<p>Il faut noter qu\u2019au cours de la c\u00e9r\u00e9monie, le nouveau secr\u00e9taire ex\u00e9cutif adjoint, Paul Ou\u00e9draogo a aussi \u00e9t\u00e9 install\u00e9. Nomm\u00e9 \u00e9galement au cours de la conf\u00e9rence des chefs d\u2019Etat, il remplace Ibrahim Lumumba Idi-Issa qui arrive au terme de deux mandats de trois ans.<\/p>\n<p><b>Armelle Ou\u00e9draogo<br \/>\n<\/b><\/p>\n","protected":false},"excerpt":{"rendered":"<p>Africa-Press &#8211; Burkina Faso. Nomm\u00e9 lors de la 19e conf\u00e9rence des chefs d\u2019\u00e9tat tenue le 20 juillet 2020, le nouveau secr\u00e9taire ex\u00e9cutif du CILSS (Comit\u00e9 inter-\u00c9tats de lutte contre la s\u00e9cheresse au Sahel), Abdoulaye Mohamadou a \u00e9t\u00e9 officiellement install\u00e9 dans ses fonctions ce 16 d\u00e9cembre 2020 \u00e0 Ouagadougou. Il remplace \u00e0 ce poste, Djim\u00e9 Adoum [&hellip;]<\/p>\n","protected":false},"author":82,"featured_media":2275,"comment_status":"open","ping_status":"closed","sticky":false,"template":"","format":"standard","meta":{"footnotes":""},"categories":[11,2,10],"tags":[111,29],"class_list":["post-2276","post","type-post","status-publish","format-standard","has-post-thumbnail","hentry","category-homepage-french","category-politique","category-toutes-les-actualites","tag-africa-press","tag-burkina-faso"],"yoast_head":"<!-- This site is optimized with the Yoast SEO Premium plugin v26.1 (Yoast SEO v27.0) - https:\/\/yoast.com\/product\/yoast-seo-premium-wordpress\/ -->\n<title>Lutte contre la s\u00e9cheresse dans le Sahel : Abdoulaye Mohamadou pr\u00e9side d\u00e9sormais aux destin\u00e9es du CILSS - Burkina Faso<\/title>\n<meta name=\"description\" content=\"Africa-Press - Burkina Faso. Nomm\u00e9 lors de la 19e conf\u00e9rence des chefs d\u2019\u00e9tat tenue le 20 juillet 2020,\" \/>\n<meta name=\"robots\" content=\"index, follow, max-snippet:-1, max-image-preview:large, max-video-preview:-1\" \/>\n<link rel=\"canonical\" href=\"https:\/\/www.africa-press.net\/burkina-faso\/politique\/lutte-contre-la-secheresse-dans-le-sahel-abdoulaye-mohamadou-preside-desormais-aux-destinees-du-cilss\" \/>\n<meta property=\"og:locale\" content=\"fr_FR\" \/>\n<meta property=\"og:type\" content=\"article\" \/>\n<meta property=\"og:title\" content=\"Lutte contre la s\u00e9cheresse dans le Sahel : Abdoulaye Mohamadou pr\u00e9side d\u00e9sormais aux destin\u00e9es du CILSS\" \/>\n<meta property=\"og:description\" content=\"Africa-Press - Burkina Faso. Nomm\u00e9 lors de la 19e conf\u00e9rence des chefs d\u2019\u00e9tat tenue le 20 juillet 2020,\" \/>\n<meta property=\"og:url\" content=\"https:\/\/www.africa-press.net\/burkina-faso\/politique\/lutte-contre-la-secheresse-dans-le-sahel-abdoulaye-mohamadou-preside-desormais-aux-destinees-du-cilss\" \/>\n<meta property=\"og:site_name\" content=\"Burkina Faso\" \/>\n<meta property=\"article:published_time\" content=\"2020-12-17T16:21:31+00:00\" \/>\n<meta property=\"og:image\" content=\"https:\/\/static.africa-press.net\/burkina\/sites\/42\/2020\/12\/img-5fdb7e3767442.jpg\" \/>\n\t<meta property=\"og:image:width\" content=\"637\" \/>\n\t<meta property=\"og:image:height\" content=\"521\" \/>\n\t<meta property=\"og:image:type\" content=\"image\/jpeg\" \/>\n<meta name=\"author\" content=\"cfeditorfr\" \/>\n<meta name=\"twitter:card\" content=\"summary_large_image\" \/>\n<meta name=\"twitter:label1\" content=\"\u00c9crit par\" \/>\n\t<meta name=\"twitter:data1\" content=\"cfeditorfr\" \/>\n\t<meta name=\"twitter:label2\" content=\"Dur\u00e9e de lecture estim\u00e9e\" \/>\n\t<meta name=\"twitter:data2\" content=\"3 minutes\" \/>\n<script type=\"application\/ld+json\" class=\"yoast-schema-graph\">{\"@context\":\"https:\/\/schema.org\",\"@graph\":[{\"@type\":\"Article\",\"@id\":\"https:\/\/www.africa-press.net\/burkina-faso\/politique\/lutte-contre-la-secheresse-dans-le-sahel-abdoulaye-mohamadou-preside-desormais-aux-destinees-du-cilss#article\",\"isPartOf\":{\"@id\":\"https:\/\/www.africa-press.net\/burkina-faso\/politique\/lutte-contre-la-secheresse-dans-le-sahel-abdoulaye-mohamadou-preside-desormais-aux-destinees-du-cilss\"},\"author\":{\"name\":\"cfeditorfr\",\"@id\":\"https:\/\/www.africa-press.net\/burkina-faso\/#\/schema\/person\/2b1cf3cd81a31e3cd26889ca66d677f1\"},\"headline\":\"Lutte contre la s\u00e9cheresse dans le Sahel : Abdoulaye Mohamadou pr\u00e9side d\u00e9sormais aux destin\u00e9es du CILSS\",\"datePublished\":\"2020-12-17T16:21:31+00:00\",\"mainEntityOfPage\":{\"@id\":\"https:\/\/www.africa-press.net\/burkina-faso\/politique\/lutte-contre-la-secheresse-dans-le-sahel-abdoulaye-mohamadou-preside-desormais-aux-destinees-du-cilss\"},\"wordCount\":622,\"commentCount\":0,\"image\":{\"@id\":\"https:\/\/www.africa-press.net\/burkina-faso\/politique\/lutte-contre-la-secheresse-dans-le-sahel-abdoulaye-mohamadou-preside-desormais-aux-destinees-du-cilss#primaryimage\"},\"thumbnailUrl\":\"https:\/\/static.africa-press.net\/burkina\/sites\/42\/2020\/12\/img-5fdb7e3767442.jpg\",\"keywords\":[\"Africa Press\",\"Burkina Faso\"],\"articleSection\":[\"homepage-french\",\"Politique\",\"Toutes les actualit\u00e9s\"],\"inLanguage\":\"fr-FR\",\"potentialAction\":[{\"@type\":\"CommentAction\",\"name\":\"Comment\",\"target\":[\"https:\/\/www.africa-press.net\/burkina-faso\/politique\/lutte-contre-la-secheresse-dans-le-sahel-abdoulaye-mohamadou-preside-desormais-aux-destinees-du-cilss#respond\"]}]},{\"@type\":\"WebPage\",\"@id\":\"https:\/\/www.africa-press.net\/burkina-faso\/politique\/lutte-contre-la-secheresse-dans-le-sahel-abdoulaye-mohamadou-preside-desormais-aux-destinees-du-cilss\",\"url\":\"https:\/\/www.africa-press.net\/burkina-faso\/politique\/lutte-contre-la-secheresse-dans-le-sahel-abdoulaye-mohamadou-preside-desormais-aux-destinees-du-cilss\",\"name\":\"Lutte contre la s\u00e9cheresse dans le Sahel : Abdoulaye Mohamadou pr\u00e9side d\u00e9sormais aux destin\u00e9es du CILSS - Burkina Faso\",\"isPartOf\":{\"@id\":\"https:\/\/www.africa-press.net\/burkina-faso\/#website\"},\"primaryImageOfPage\":{\"@id\":\"https:\/\/www.africa-press.net\/burkina-faso\/politique\/lutte-contre-la-secheresse-dans-le-sahel-abdoulaye-mohamadou-preside-desormais-aux-destinees-du-cilss#primaryimage\"},\"image\":{\"@id\":\"https:\/\/www.africa-press.net\/burkina-faso\/politique\/lutte-contre-la-secheresse-dans-le-sahel-abdoulaye-mohamadou-preside-desormais-aux-destinees-du-cilss#primaryimage\"},\"thumbnailUrl\":\"https:\/\/static.africa-press.net\/burkina\/sites\/42\/2020\/12\/img-5fdb7e3767442.jpg\",\"datePublished\":\"2020-12-17T16:21:31+00:00\",\"author\":{\"@id\":\"https:\/\/www.africa-press.net\/burkina-faso\/#\/schema\/person\/2b1cf3cd81a31e3cd26889ca66d677f1\"},\"description\":\"Africa-Press - Burkina Faso. Nomm\u00e9 lors de la 19e conf\u00e9rence des chefs d\u2019\u00e9tat tenue le 20 juillet 2020,\",\"breadcrumb\":{\"@id\":\"https:\/\/www.africa-press.net\/burkina-faso\/politique\/lutte-contre-la-secheresse-dans-le-sahel-abdoulaye-mohamadou-preside-desormais-aux-destinees-du-cilss#breadcrumb\"},\"inLanguage\":\"fr-FR\",\"potentialAction\":[{\"@type\":\"ReadAction\",\"target\":[\"https:\/\/www.africa-press.net\/burkina-faso\/politique\/lutte-contre-la-secheresse-dans-le-sahel-abdoulaye-mohamadou-preside-desormais-aux-destinees-du-cilss\"]}]},{\"@type\":\"ImageObject\",\"inLanguage\":\"fr-FR\",\"@id\":\"https:\/\/www.africa-press.net\/burkina-faso\/politique\/lutte-contre-la-secheresse-dans-le-sahel-abdoulaye-mohamadou-preside-desormais-aux-destinees-du-cilss#primaryimage\",\"url\":\"https:\/\/static.africa-press.net\/burkina\/sites\/42\/2020\/12\/img-5fdb7e3767442.jpg\",\"contentUrl\":\"https:\/\/static.africa-press.net\/burkina\/sites\/42\/2020\/12\/img-5fdb7e3767442.jpg\",\"width\":637,\"height\":521,\"caption\":\"Lutte contre la s\u00e9cheresse dans le Sahel : Abdoulaye Mohamadou pr\u00e9side d\u00e9sormais aux destin\u00e9es du CILSS\"},{\"@type\":\"BreadcrumbList\",\"@id\":\"https:\/\/www.africa-press.net\/burkina-faso\/politique\/lutte-contre-la-secheresse-dans-le-sahel-abdoulaye-mohamadou-preside-desormais-aux-destinees-du-cilss#breadcrumb\",\"itemListElement\":[{\"@type\":\"ListItem\",\"position\":1,\"name\":\"Accueil\",\"item\":\"https:\/\/www.africa-press.net\/burkina-faso\/\"},{\"@type\":\"ListItem\",\"position\":2,\"name\":\"Lutte contre la s\u00e9cheresse dans le Sahel : Abdoulaye Mohamadou pr\u00e9side d\u00e9sormais aux destin\u00e9es du CILSS\"}]},{\"@type\":\"WebSite\",\"@id\":\"https:\/\/www.africa-press.net\/burkina-faso\/#website\",\"url\":\"https:\/\/www.africa-press.net\/burkina-faso\/\",\"name\":\"Burkina Faso\",\"description\":\"Just another Africa News Agency Sites site\",\"potentialAction\":[{\"@type\":\"SearchAction\",\"target\":{\"@type\":\"EntryPoint\",\"urlTemplate\":\"https:\/\/www.africa-press.net\/burkina-faso\/?s={search_term_string}\"},\"query-input\":{\"@type\":\"PropertyValueSpecification\",\"valueRequired\":true,\"valueName\":\"search_term_string\"}}],\"inLanguage\":\"fr-FR\"},{\"@type\":\"Person\",\"@id\":\"https:\/\/www.africa-press.net\/burkina-faso\/#\/schema\/person\/2b1cf3cd81a31e3cd26889ca66d677f1\",\"name\":\"cfeditorfr\"}]}<\/script>\n<!-- \/ Yoast SEO Premium plugin. -->","yoast_head_json":{"title":"Lutte contre la s\u00e9cheresse dans le Sahel : Abdoulaye Mohamadou pr\u00e9side d\u00e9sormais aux destin\u00e9es du CILSS - Burkina Faso","description":"Africa-Press - Burkina Faso. Nomm\u00e9 lors de la 19e conf\u00e9rence des chefs d\u2019\u00e9tat tenue le 20 juillet 2020,","robots":{"index":"index","follow":"follow","max-snippet":"max-snippet:-1","max-image-preview":"max-image-preview:large","max-video-preview":"max-video-preview:-1"},"canonical":"https:\/\/www.africa-press.net\/burkina-faso\/politique\/lutte-contre-la-secheresse-dans-le-sahel-abdoulaye-mohamadou-preside-desormais-aux-destinees-du-cilss","og_locale":"fr_FR","og_type":"article","og_title":"Lutte contre la s\u00e9cheresse dans le Sahel : Abdoulaye Mohamadou pr\u00e9side d\u00e9sormais aux destin\u00e9es du CILSS","og_description":"Africa-Press - Burkina Faso. Nomm\u00e9 lors de la 19e conf\u00e9rence des chefs d\u2019\u00e9tat tenue le 20 juillet 2020,","og_url":"https:\/\/www.africa-press.net\/burkina-faso\/politique\/lutte-contre-la-secheresse-dans-le-sahel-abdoulaye-mohamadou-preside-desormais-aux-destinees-du-cilss","og_site_name":"Burkina Faso","article_published_time":"2020-12-17T16:21:31+00:00","og_image":[{"width":637,"height":521,"url":"https:\/\/static.africa-press.net\/burkina\/sites\/42\/2020\/12\/img-5fdb7e3767442.jpg","type":"image\/jpeg"}],"author":"cfeditorfr","twitter_card":"summary_large_image","twitter_misc":{"\u00c9crit par":"cfeditorfr","Dur\u00e9e de lecture estim\u00e9e":"3 minutes"},"schema":{"@context":"https:\/\/schema.org","@graph":[{"@type":"Article","@id":"https:\/\/www.africa-press.net\/burkina-faso\/politique\/lutte-contre-la-secheresse-dans-le-sahel-abdoulaye-mohamadou-preside-desormais-aux-destinees-du-cilss#article","isPartOf":{"@id":"https:\/\/www.africa-press.net\/burkina-faso\/politique\/lutte-contre-la-secheresse-dans-le-sahel-abdoulaye-mohamadou-preside-desormais-aux-destinees-du-cilss"},"author":{"name":"cfeditorfr","@id":"https:\/\/www.africa-press.net\/burkina-faso\/#\/schema\/person\/2b1cf3cd81a31e3cd26889ca66d677f1"},"headline":"Lutte contre la s\u00e9cheresse dans le Sahel : Abdoulaye Mohamadou pr\u00e9side d\u00e9sormais aux destin\u00e9es du CILSS","datePublished":"2020-12-17T16:21:31+00:00","mainEntityOfPage":{"@id":"https:\/\/www.africa-press.net\/burkina-faso\/politique\/lutte-contre-la-secheresse-dans-le-sahel-abdoulaye-mohamadou-preside-desormais-aux-destinees-du-cilss"},"wordCount":622,"commentCount":0,"image":{"@id":"https:\/\/www.africa-press.net\/burkina-faso\/politique\/lutte-contre-la-secheresse-dans-le-sahel-abdoulaye-mohamadou-preside-desormais-aux-destinees-du-cilss#primaryimage"},"thumbnailUrl":"https:\/\/static.africa-press.net\/burkina\/sites\/42\/2020\/12\/img-5fdb7e3767442.jpg","keywords":["Africa Press","Burkina Faso"],"articleSection":["homepage-french","Politique","Toutes les actualit\u00e9s"],"inLanguage":"fr-FR","potentialAction":[{"@type":"CommentAction","name":"Comment","target":["https:\/\/www.africa-press.net\/burkina-faso\/politique\/lutte-contre-la-secheresse-dans-le-sahel-abdoulaye-mohamadou-preside-desormais-aux-destinees-du-cilss#respond"]}]},{"@type":"WebPage","@id":"https:\/\/www.africa-press.net\/burkina-faso\/politique\/lutte-contre-la-secheresse-dans-le-sahel-abdoulaye-mohamadou-preside-desormais-aux-destinees-du-cilss","url":"https:\/\/www.africa-press.net\/burkina-faso\/politique\/lutte-contre-la-secheresse-dans-le-sahel-abdoulaye-mohamadou-preside-desormais-aux-destinees-du-cilss","name":"Lutte contre la s\u00e9cheresse dans le Sahel : Abdoulaye Mohamadou pr\u00e9side d\u00e9sormais aux destin\u00e9es du CILSS - Burkina Faso","isPartOf":{"@id":"https:\/\/www.africa-press.net\/burkina-faso\/#website"},"primaryImageOfPage":{"@id":"https:\/\/www.africa-press.net\/burkina-faso\/politique\/lutte-contre-la-secheresse-dans-le-sahel-abdoulaye-mohamadou-preside-desormais-aux-destinees-du-cilss#primaryimage"},"image":{"@id":"https:\/\/www.africa-press.net\/burkina-faso\/politique\/lutte-contre-la-secheresse-dans-le-sahel-abdoulaye-mohamadou-preside-desormais-aux-destinees-du-cilss#primaryimage"},"thumbnailUrl":"https:\/\/static.africa-press.net\/burkina\/sites\/42\/2020\/12\/img-5fdb7e3767442.jpg","datePublished":"2020-12-17T16:21:31+00:00","author":{"@id":"https:\/\/www.africa-press.net\/burkina-faso\/#\/schema\/person\/2b1cf3cd81a31e3cd26889ca66d677f1"},"description":"Africa-Press - Burkina Faso. Nomm\u00e9 lors de la 19e conf\u00e9rence des chefs d\u2019\u00e9tat tenue le 20 juillet 2020,","breadcrumb":{"@id":"https:\/\/www.africa-press.net\/burkina-faso\/politique\/lutte-contre-la-secheresse-dans-le-sahel-abdoulaye-mohamadou-preside-desormais-aux-destinees-du-cilss#breadcrumb"},"inLanguage":"fr-FR","potentialAction":[{"@type":"ReadAction","target":["https:\/\/www.africa-press.net\/burkina-faso\/politique\/lutte-contre-la-secheresse-dans-le-sahel-abdoulaye-mohamadou-preside-desormais-aux-destinees-du-cilss"]}]},{"@type":"ImageObject","inLanguage":"fr-FR","@id":"https:\/\/www.africa-press.net\/burkina-faso\/politique\/lutte-contre-la-secheresse-dans-le-sahel-abdoulaye-mohamadou-preside-desormais-aux-destinees-du-cilss#primaryimage","url":"https:\/\/static.africa-press.net\/burkina\/sites\/42\/2020\/12\/img-5fdb7e3767442.jpg","contentUrl":"https:\/\/static.africa-press.net\/burkina\/sites\/42\/2020\/12\/img-5fdb7e3767442.jpg","width":637,"height":521,"caption":"Lutte contre la s\u00e9cheresse dans le Sahel : Abdoulaye Mohamadou pr\u00e9side d\u00e9sormais aux destin\u00e9es du CILSS"},{"@type":"BreadcrumbList","@id":"https:\/\/www.africa-press.net\/burkina-faso\/politique\/lutte-contre-la-secheresse-dans-le-sahel-abdoulaye-mohamadou-preside-desormais-aux-destinees-du-cilss#breadcrumb","itemListElement":[{"@type":"ListItem","position":1,"name":"Accueil","item":"https:\/\/www.africa-press.net\/burkina-faso\/"},{"@type":"ListItem","position":2,"name":"Lutte contre la s\u00e9cheresse dans le Sahel : Abdoulaye Mohamadou pr\u00e9side d\u00e9sormais aux destin\u00e9es du CILSS"}]},{"@type":"WebSite","@id":"https:\/\/www.africa-press.net\/burkina-faso\/#website","url":"https:\/\/www.africa-press.net\/burkina-faso\/","name":"Burkina Faso","description":"Just another Africa News Agency Sites site","potentialAction":[{"@type":"SearchAction","target":{"@type":"EntryPoint","urlTemplate":"https:\/\/www.africa-press.net\/burkina-faso\/?s={search_term_string}"},"query-input":{"@type":"PropertyValueSpecification","valueRequired":true,"valueName":"search_term_string"}}],"inLanguage":"fr-FR"},{"@type":"Person","@id":"https:\/\/www.africa-press.net\/burkina-faso\/#\/schema\/person\/2b1cf3cd81a31e3cd26889ca66d677f1","name":"cfeditorfr"}]}},"_links":{"self":[{"href":"https:\/\/www.africa-press.net\/burkina-faso\/wp-json\/wp\/v2\/posts\/2276","targetHints":{"allow":["GET"]}}],"collection":[{"href":"https:\/\/www.africa-press.net\/burkina-faso\/wp-json\/wp\/v2\/posts"}],"about":[{"href":"https:\/\/www.africa-press.net\/burkina-faso\/wp-json\/wp\/v2\/types\/post"}],"author":[{"embeddable":true,"href":"https:\/\/www.africa-press.net\/burkina-faso\/wp-json\/wp\/v2\/users\/82"}],"replies":[{"embeddable":true,"href":"https:\/\/www.africa-press.net\/burkina-faso\/wp-json\/wp\/v2\/comments?post=2276"}],"version-history":[{"count":0,"href":"https:\/\/www.africa-press.net\/burkina-faso\/wp-json\/wp\/v2\/posts\/2276\/revisions"}],"wp:featuredmedia":[{"embeddable":true,"href":"https:\/\/www.africa-press.net\/burkina-faso\/wp-json\/wp\/v2\/media\/2275"}],"wp:attachment":[{"href":"https:\/\/www.africa-press.net\/burkina-faso\/wp-json\/wp\/v2\/media?parent=2276"}],"wp:term":[{"taxonomy":"category","embeddable":true,"href":"https:\/\/www.africa-press.net\/burkina-faso\/wp-json\/wp\/v2\/categories?post=2276"},{"taxonomy":"post_tag","embeddable":true,"href":"https:\/\/www.africa-press.net\/burkina-faso\/wp-json\/wp\/v2\/tags?post=2276"}],"curies":[{"name":"wp","href":"https:\/\/api.w.org\/{rel}","templated":true}]}}