{"id":2278,"date":"2020-12-17T16:33:02","date_gmt":"2020-12-17T16:33:02","guid":{"rendered":"https:\/\/www.africa-press.com\/burkina-faso\/?p=2278"},"modified":"2020-12-17T16:11:07","modified_gmt":"2020-12-17T16:11:07","slug":"observatoire-national-des-faits-religieux-les-membres-en-conclave-pour-mieux-apprehender-lannee-2021","status":"publish","type":"post","link":"https:\/\/www.africa-press.net\/burkina-faso\/dossiers\/observatoire-national-des-faits-religieux-les-membres-en-conclave-pour-mieux-apprehender-lannee-2021","title":{"rendered":"Observatoire national des faits religieux : Les membres en conclave pour mieux appr\u00e9hender l\u2019ann\u00e9e 2021"},"content":{"rendered":"<p><span style=\"color: #ff6600\"><strong><a href=\"https:\/\/www.africa-press.com\">Africa-Press<\/a> &#8211; <a href=\"https:\/\/www.africa-press.com\/burkina-faso\">Burkina Faso<\/a>. <\/strong><\/span><b>L\u2019Observatoire national des faits religieux (ONAFAR) tient sa 5e session ordinaire du 16 au 18 d\u00e9cembre 2020 \u00e0 Kombissiri. C\u2019est le ministre d\u2019Etat, ministre de l\u2019Administration territoriale, de la D\u00e9centralisation et de la Coh\u00e9sion sociale, Sim\u00e9on Sawadogo, en pr\u00e9sence des autorit\u00e9s locales et des partenaires techniques et financiers, qui a proc\u00e9d\u00e9 \u00e0 l\u2019ouverture des travaux.<\/b><\/p>\n<p>Etablir le programme des activit\u00e9s pour l\u2019ann\u00e9e 2021 et renforcer les capacit\u00e9s des membres pour faire du dialogue inter-religieux et la coexistence pacifique entre les diff\u00e9rentes communaut\u00e9s religieuses, un pilier de la coh\u00e9sion sociale au Burkina. Tel est l\u2019objectif de cette rencontre entre les membres et les points focaux de l\u2019Observatoire national des faits religieux (ONAFAR).<\/p>\n<p>Ainsi du 16 au 18 d\u00e9cembre 2020, dans la cit\u00e9 de la patate douce (Kombissiri), les membres de l\u2019ONAFAR, au cours de cette session, vont renforcer leurs connaissances pour faire face aux diff\u00e9rentes sollicitations li\u00e9es aux d\u00e9rives dans la pratique de la religion dans un contexte de la\u00efcit\u00e9.<\/p>\n<p>La rencontre a connu la participation des nouveaux membres de la religion traditionnelle qui font partie d\u00e9sormais de l\u2019ONAFAR. Cette cinqui\u00e8me session ordinaire servira non seulement de tremplin pour mettre les nouveaux membres au m\u00eame niveau de compr\u00e9hension que les anciens sur le r\u00f4le de la structure, mais aussi d\u2019examiner, d\u2019adopter le rapport d\u2019activit\u00e9 annuel, de renouveler le bureau de l\u2019ONAFAR pour 2021. \u00ab On a quatre missions. La premi\u00e8re c\u2019est la veille et l\u2019observation \u00e0 travers le r\u00e9seau des points focaux. La seconde est une mission d\u2019expertise. Cette expertise consiste \u00e0 aider le Conseil sup\u00e9rieur de la communication \u00e0 \u00e9valuer le discours sur le plan th\u00e9ologique. Ensuite une mission de pr\u00e9vention et de gestion des conflits. Elle est l\u2019une des missions principales de l\u2019ONAFAR. Nous faisons plut\u00f4t de la pr\u00e9vention pour qu\u2019il n\u2019y ait pas de conflit, parce qu\u2019en mati\u00e8re de religion, quand on arrive au conflit, il devient tr\u00e8s compliqu\u00e9 \u00e0 r\u00e9soudre. Pour la pr\u00e9vention, nous avons trois cibles \u00e0 savoir les m\u00e9dias confessionnels, les leaders religieux et la jeunesse \u00bb a d\u00e9clin\u00e9 le pr\u00e9sident de l\u2019ONAFAR, l\u2019abb\u00e9 Jean Baptiste Sanou. C\u2019est donc l\u2019occasion pour les nouveaux membres de l\u2019Observatoire de mieux cerner le fonctionnement de la structure.<\/p>\n<p><b>2020, ann\u00e9e du renforcement de la coh\u00e9sion sociale<\/b><\/p>\n<p>Pour l\u2019ann\u00e9e 2020, selon le pr\u00e9sident de l\u2019ONAFAR, l\u2019Observatoire s\u2019est illustr\u00e9 dans le renforcement de la coh\u00e9sion sociale au Burkina gr\u00e2ce \u00e0 la pr\u00e9sence de ses membres dans la r\u00e9gion du Centre, de ses 48 membres focaux dans les douze autres r\u00e9gions et de ses 24 points focaux dans six communes frontali\u00e8res des r\u00e9gions de l\u2019Est et du Centre-Est.<\/p>\n<p>Il a aujourd\u2019hui un vaste r\u00e9seau d\u2019observateurs des faits religieux et d\u2019acteurs de la pr\u00e9vention et de la gestion des conflits \u00e0 caract\u00e8re religieux. \u00ab En d\u00e9pit de la maladie \u00e0 coronavirus, nous avons pu r\u00e9aliser plusieurs activit\u00e9s. Au total, on a pu mener dix-huit activit\u00e9s soit trois chaque deux mois et c\u2019est un vraiment un bilan satisfaisant \u00bb a-t-il ajout\u00e9.<\/p>\n<p>Dans cette d\u00e9marche de contribuer \u00e0 renforcer les bases d\u2019une coexistence pacifique entre les communaut\u00e9s religieuses, l\u2019ONAFAR compte mettre en service un num\u00e9ro vert pour r\u00e9guler les pratiques religieuses au Burkina et de promouvoir le respect et la coexistence pacifique entre croyants de diff\u00e9rentes religions.<\/p>\n<p>\u00ab La cr\u00e9ation de cette structure mise en place en 2015 fait suite \u00e0 un constat. Dans ces deniers temps, nous avons remarqu\u00e9 des discours haineux. De ce fait, il \u00e9tait tout \u00e0 fait normal qu\u2019on mette en place cette structure. Elle va non seulement observer l\u2019ensemble des faits, les r\u00e9pertorier pour faire des missions de m\u00e9diation et des missions de sensibilisation. Et c\u2019est dans ce cadre que le gouvernement va mettre \u00e0 leur disposition des moyens pour permettre \u00e0 la structure de jouer pleinement son r\u00f4le \u00bb, a soulign\u00e9 le ministre d\u2019Etat, ministre de l\u2019Administration territoriale, de la D\u00e9centralisation et de la Coh\u00e9sion sociale, Sim\u00e9on Sawadogo.<\/p>\n<p>Depuis sa cr\u00e9ation en 2015, les membres se sont r\u00e9solument engag\u00e9s \u00e0 atteindre l\u2019objectif principal de l\u2019Observatoire qui est de promouvoir la coexistence pacifique entre les communaut\u00e9s religieuses, la dignit\u00e9 et la libert\u00e9 de chacun dans le respect des diff\u00e9rences de croyance de culture et d\u2019opinion.<\/p>\n<p><b>Issoufou Ou\u00e9draogo<br \/>\n<\/b><\/p>\n","protected":false},"excerpt":{"rendered":"<p>Africa-Press &#8211; Burkina Faso. L\u2019Observatoire national des faits religieux (ONAFAR) tient sa 5e session ordinaire du 16 au 18 d\u00e9cembre 2020 \u00e0 Kombissiri. C\u2019est le ministre d\u2019Etat, ministre de l\u2019Administration territoriale, de la D\u00e9centralisation et de la Coh\u00e9sion sociale, Sim\u00e9on Sawadogo, en pr\u00e9sence des autorit\u00e9s locales et des partenaires techniques et financiers, qui a proc\u00e9d\u00e9 [&hellip;]<\/p>\n","protected":false},"author":82,"featured_media":2277,"comment_status":"open","ping_status":"closed","sticky":false,"template":"","format":"standard","meta":{"footnotes":""},"categories":[7,11,10],"tags":[111,29],"class_list":["post-2278","post","type-post","status-publish","format-standard","has-post-thumbnail","hentry","category-dossiers","category-homepage-french","category-toutes-les-actualites","tag-africa-press","tag-burkina-faso"],"yoast_head":"<!-- This site is optimized with the Yoast SEO Premium plugin v26.1 (Yoast SEO v27.0) - https:\/\/yoast.com\/product\/yoast-seo-premium-wordpress\/ -->\n<title>Observatoire national des faits religieux : Les membres en conclave pour mieux appr\u00e9hender l\u2019ann\u00e9e 2021 - Burkina Faso<\/title>\n<meta name=\"description\" content=\"Africa-Press - Burkina Faso. L\u2019Observatoire national des faits religieux (ONAFAR) tient sa 5e session ordinaire du\" \/>\n<meta name=\"robots\" content=\"index, follow, max-snippet:-1, max-image-preview:large, max-video-preview:-1\" \/>\n<link rel=\"canonical\" href=\"https:\/\/www.africa-press.net\/burkina-faso\/dossiers\/observatoire-national-des-faits-religieux-les-membres-en-conclave-pour-mieux-apprehender-lannee-2021\" \/>\n<meta property=\"og:locale\" content=\"fr_FR\" \/>\n<meta property=\"og:type\" content=\"article\" \/>\n<meta property=\"og:title\" content=\"Observatoire national des faits religieux : Les membres en conclave pour mieux appr\u00e9hender l\u2019ann\u00e9e 2021\" \/>\n<meta property=\"og:description\" content=\"Africa-Press - Burkina Faso. L\u2019Observatoire national des faits religieux (ONAFAR) tient sa 5e session ordinaire du\" \/>\n<meta property=\"og:url\" content=\"https:\/\/www.africa-press.net\/burkina-faso\/dossiers\/observatoire-national-des-faits-religieux-les-membres-en-conclave-pour-mieux-apprehender-lannee-2021\" \/>\n<meta property=\"og:site_name\" content=\"Burkina Faso\" \/>\n<meta property=\"article:published_time\" content=\"2020-12-17T16:33:02+00:00\" \/>\n<meta property=\"og:image\" content=\"https:\/\/static.africa-press.net\/burkina\/sites\/42\/2020\/12\/img-5fdb7e588685d.jpg\" \/>\n\t<meta property=\"og:image:width\" content=\"640\" \/>\n\t<meta property=\"og:image:height\" content=\"317\" \/>\n\t<meta property=\"og:image:type\" content=\"image\/jpeg\" \/>\n<meta name=\"author\" content=\"cfeditorfr\" \/>\n<meta name=\"twitter:card\" content=\"summary_large_image\" \/>\n<meta name=\"twitter:label1\" content=\"\u00c9crit par\" \/>\n\t<meta name=\"twitter:data1\" content=\"cfeditorfr\" \/>\n\t<meta name=\"twitter:label2\" content=\"Dur\u00e9e de lecture estim\u00e9e\" \/>\n\t<meta name=\"twitter:data2\" content=\"4 minutes\" \/>\n<script type=\"application\/ld+json\" class=\"yoast-schema-graph\">{\"@context\":\"https:\/\/schema.org\",\"@graph\":[{\"@type\":\"Article\",\"@id\":\"https:\/\/www.africa-press.net\/burkina-faso\/dossiers\/observatoire-national-des-faits-religieux-les-membres-en-conclave-pour-mieux-apprehender-lannee-2021#article\",\"isPartOf\":{\"@id\":\"https:\/\/www.africa-press.net\/burkina-faso\/dossiers\/observatoire-national-des-faits-religieux-les-membres-en-conclave-pour-mieux-apprehender-lannee-2021\"},\"author\":{\"name\":\"cfeditorfr\",\"@id\":\"https:\/\/www.africa-press.net\/burkina-faso\/#\/schema\/person\/2b1cf3cd81a31e3cd26889ca66d677f1\"},\"headline\":\"Observatoire national des faits religieux : Les membres en conclave pour mieux appr\u00e9hender l\u2019ann\u00e9e 2021\",\"datePublished\":\"2020-12-17T16:33:02+00:00\",\"mainEntityOfPage\":{\"@id\":\"https:\/\/www.africa-press.net\/burkina-faso\/dossiers\/observatoire-national-des-faits-religieux-les-membres-en-conclave-pour-mieux-apprehender-lannee-2021\"},\"wordCount\":790,\"commentCount\":0,\"image\":{\"@id\":\"https:\/\/www.africa-press.net\/burkina-faso\/dossiers\/observatoire-national-des-faits-religieux-les-membres-en-conclave-pour-mieux-apprehender-lannee-2021#primaryimage\"},\"thumbnailUrl\":\"https:\/\/static.africa-press.net\/burkina\/sites\/42\/2020\/12\/img-5fdb7e588685d.jpg\",\"keywords\":[\"Africa Press\",\"Burkina Faso\"],\"articleSection\":[\"Dossiers\",\"homepage-french\",\"Toutes les actualit\u00e9s\"],\"inLanguage\":\"fr-FR\",\"potentialAction\":[{\"@type\":\"CommentAction\",\"name\":\"Comment\",\"target\":[\"https:\/\/www.africa-press.net\/burkina-faso\/dossiers\/observatoire-national-des-faits-religieux-les-membres-en-conclave-pour-mieux-apprehender-lannee-2021#respond\"]}]},{\"@type\":\"WebPage\",\"@id\":\"https:\/\/www.africa-press.net\/burkina-faso\/dossiers\/observatoire-national-des-faits-religieux-les-membres-en-conclave-pour-mieux-apprehender-lannee-2021\",\"url\":\"https:\/\/www.africa-press.net\/burkina-faso\/dossiers\/observatoire-national-des-faits-religieux-les-membres-en-conclave-pour-mieux-apprehender-lannee-2021\",\"name\":\"Observatoire national des faits religieux : Les membres en conclave pour mieux appr\u00e9hender l\u2019ann\u00e9e 2021 - Burkina Faso\",\"isPartOf\":{\"@id\":\"https:\/\/www.africa-press.net\/burkina-faso\/#website\"},\"primaryImageOfPage\":{\"@id\":\"https:\/\/www.africa-press.net\/burkina-faso\/dossiers\/observatoire-national-des-faits-religieux-les-membres-en-conclave-pour-mieux-apprehender-lannee-2021#primaryimage\"},\"image\":{\"@id\":\"https:\/\/www.africa-press.net\/burkina-faso\/dossiers\/observatoire-national-des-faits-religieux-les-membres-en-conclave-pour-mieux-apprehender-lannee-2021#primaryimage\"},\"thumbnailUrl\":\"https:\/\/static.africa-press.net\/burkina\/sites\/42\/2020\/12\/img-5fdb7e588685d.jpg\",\"datePublished\":\"2020-12-17T16:33:02+00:00\",\"author\":{\"@id\":\"https:\/\/www.africa-press.net\/burkina-faso\/#\/schema\/person\/2b1cf3cd81a31e3cd26889ca66d677f1\"},\"description\":\"Africa-Press - Burkina Faso. L\u2019Observatoire national des faits religieux (ONAFAR) tient sa 5e session ordinaire du\",\"breadcrumb\":{\"@id\":\"https:\/\/www.africa-press.net\/burkina-faso\/dossiers\/observatoire-national-des-faits-religieux-les-membres-en-conclave-pour-mieux-apprehender-lannee-2021#breadcrumb\"},\"inLanguage\":\"fr-FR\",\"potentialAction\":[{\"@type\":\"ReadAction\",\"target\":[\"https:\/\/www.africa-press.net\/burkina-faso\/dossiers\/observatoire-national-des-faits-religieux-les-membres-en-conclave-pour-mieux-apprehender-lannee-2021\"]}]},{\"@type\":\"ImageObject\",\"inLanguage\":\"fr-FR\",\"@id\":\"https:\/\/www.africa-press.net\/burkina-faso\/dossiers\/observatoire-national-des-faits-religieux-les-membres-en-conclave-pour-mieux-apprehender-lannee-2021#primaryimage\",\"url\":\"https:\/\/static.africa-press.net\/burkina\/sites\/42\/2020\/12\/img-5fdb7e588685d.jpg\",\"contentUrl\":\"https:\/\/static.africa-press.net\/burkina\/sites\/42\/2020\/12\/img-5fdb7e588685d.jpg\",\"width\":640,\"height\":317,\"caption\":\"Observatoire national des faits religieux : Les membres en conclave pour mieux appr\u00e9hender l\u2019ann\u00e9e 2021\"},{\"@type\":\"BreadcrumbList\",\"@id\":\"https:\/\/www.africa-press.net\/burkina-faso\/dossiers\/observatoire-national-des-faits-religieux-les-membres-en-conclave-pour-mieux-apprehender-lannee-2021#breadcrumb\",\"itemListElement\":[{\"@type\":\"ListItem\",\"position\":1,\"name\":\"Accueil\",\"item\":\"https:\/\/www.africa-press.net\/burkina-faso\/\"},{\"@type\":\"ListItem\",\"position\":2,\"name\":\"Observatoire national des faits religieux : Les membres en conclave pour mieux appr\u00e9hender l\u2019ann\u00e9e 2021\"}]},{\"@type\":\"WebSite\",\"@id\":\"https:\/\/www.africa-press.net\/burkina-faso\/#website\",\"url\":\"https:\/\/www.africa-press.net\/burkina-faso\/\",\"name\":\"Burkina Faso\",\"description\":\"Just another Africa News Agency Sites site\",\"potentialAction\":[{\"@type\":\"SearchAction\",\"target\":{\"@type\":\"EntryPoint\",\"urlTemplate\":\"https:\/\/www.africa-press.net\/burkina-faso\/?s={search_term_string}\"},\"query-input\":{\"@type\":\"PropertyValueSpecification\",\"valueRequired\":true,\"valueName\":\"search_term_string\"}}],\"inLanguage\":\"fr-FR\"},{\"@type\":\"Person\",\"@id\":\"https:\/\/www.africa-press.net\/burkina-faso\/#\/schema\/person\/2b1cf3cd81a31e3cd26889ca66d677f1\",\"name\":\"cfeditorfr\"}]}<\/script>\n<!-- \/ Yoast SEO Premium plugin. -->","yoast_head_json":{"title":"Observatoire national des faits religieux : Les membres en conclave pour mieux appr\u00e9hender l\u2019ann\u00e9e 2021 - Burkina Faso","description":"Africa-Press - Burkina Faso. L\u2019Observatoire national des faits religieux (ONAFAR) tient sa 5e session ordinaire du","robots":{"index":"index","follow":"follow","max-snippet":"max-snippet:-1","max-image-preview":"max-image-preview:large","max-video-preview":"max-video-preview:-1"},"canonical":"https:\/\/www.africa-press.net\/burkina-faso\/dossiers\/observatoire-national-des-faits-religieux-les-membres-en-conclave-pour-mieux-apprehender-lannee-2021","og_locale":"fr_FR","og_type":"article","og_title":"Observatoire national des faits religieux : Les membres en conclave pour mieux appr\u00e9hender l\u2019ann\u00e9e 2021","og_description":"Africa-Press - Burkina Faso. L\u2019Observatoire national des faits religieux (ONAFAR) tient sa 5e session ordinaire du","og_url":"https:\/\/www.africa-press.net\/burkina-faso\/dossiers\/observatoire-national-des-faits-religieux-les-membres-en-conclave-pour-mieux-apprehender-lannee-2021","og_site_name":"Burkina Faso","article_published_time":"2020-12-17T16:33:02+00:00","og_image":[{"width":640,"height":317,"url":"https:\/\/static.africa-press.net\/burkina\/sites\/42\/2020\/12\/img-5fdb7e588685d.jpg","type":"image\/jpeg"}],"author":"cfeditorfr","twitter_card":"summary_large_image","twitter_misc":{"\u00c9crit par":"cfeditorfr","Dur\u00e9e de lecture estim\u00e9e":"4 minutes"},"schema":{"@context":"https:\/\/schema.org","@graph":[{"@type":"Article","@id":"https:\/\/www.africa-press.net\/burkina-faso\/dossiers\/observatoire-national-des-faits-religieux-les-membres-en-conclave-pour-mieux-apprehender-lannee-2021#article","isPartOf":{"@id":"https:\/\/www.africa-press.net\/burkina-faso\/dossiers\/observatoire-national-des-faits-religieux-les-membres-en-conclave-pour-mieux-apprehender-lannee-2021"},"author":{"name":"cfeditorfr","@id":"https:\/\/www.africa-press.net\/burkina-faso\/#\/schema\/person\/2b1cf3cd81a31e3cd26889ca66d677f1"},"headline":"Observatoire national des faits religieux : Les membres en conclave pour mieux appr\u00e9hender l\u2019ann\u00e9e 2021","datePublished":"2020-12-17T16:33:02+00:00","mainEntityOfPage":{"@id":"https:\/\/www.africa-press.net\/burkina-faso\/dossiers\/observatoire-national-des-faits-religieux-les-membres-en-conclave-pour-mieux-apprehender-lannee-2021"},"wordCount":790,"commentCount":0,"image":{"@id":"https:\/\/www.africa-press.net\/burkina-faso\/dossiers\/observatoire-national-des-faits-religieux-les-membres-en-conclave-pour-mieux-apprehender-lannee-2021#primaryimage"},"thumbnailUrl":"https:\/\/static.africa-press.net\/burkina\/sites\/42\/2020\/12\/img-5fdb7e588685d.jpg","keywords":["Africa Press","Burkina Faso"],"articleSection":["Dossiers","homepage-french","Toutes les actualit\u00e9s"],"inLanguage":"fr-FR","potentialAction":[{"@type":"CommentAction","name":"Comment","target":["https:\/\/www.africa-press.net\/burkina-faso\/dossiers\/observatoire-national-des-faits-religieux-les-membres-en-conclave-pour-mieux-apprehender-lannee-2021#respond"]}]},{"@type":"WebPage","@id":"https:\/\/www.africa-press.net\/burkina-faso\/dossiers\/observatoire-national-des-faits-religieux-les-membres-en-conclave-pour-mieux-apprehender-lannee-2021","url":"https:\/\/www.africa-press.net\/burkina-faso\/dossiers\/observatoire-national-des-faits-religieux-les-membres-en-conclave-pour-mieux-apprehender-lannee-2021","name":"Observatoire national des faits religieux : Les membres en conclave pour mieux appr\u00e9hender l\u2019ann\u00e9e 2021 - Burkina Faso","isPartOf":{"@id":"https:\/\/www.africa-press.net\/burkina-faso\/#website"},"primaryImageOfPage":{"@id":"https:\/\/www.africa-press.net\/burkina-faso\/dossiers\/observatoire-national-des-faits-religieux-les-membres-en-conclave-pour-mieux-apprehender-lannee-2021#primaryimage"},"image":{"@id":"https:\/\/www.africa-press.net\/burkina-faso\/dossiers\/observatoire-national-des-faits-religieux-les-membres-en-conclave-pour-mieux-apprehender-lannee-2021#primaryimage"},"thumbnailUrl":"https:\/\/static.africa-press.net\/burkina\/sites\/42\/2020\/12\/img-5fdb7e588685d.jpg","datePublished":"2020-12-17T16:33:02+00:00","author":{"@id":"https:\/\/www.africa-press.net\/burkina-faso\/#\/schema\/person\/2b1cf3cd81a31e3cd26889ca66d677f1"},"description":"Africa-Press - Burkina Faso. L\u2019Observatoire national des faits religieux (ONAFAR) tient sa 5e session ordinaire du","breadcrumb":{"@id":"https:\/\/www.africa-press.net\/burkina-faso\/dossiers\/observatoire-national-des-faits-religieux-les-membres-en-conclave-pour-mieux-apprehender-lannee-2021#breadcrumb"},"inLanguage":"fr-FR","potentialAction":[{"@type":"ReadAction","target":["https:\/\/www.africa-press.net\/burkina-faso\/dossiers\/observatoire-national-des-faits-religieux-les-membres-en-conclave-pour-mieux-apprehender-lannee-2021"]}]},{"@type":"ImageObject","inLanguage":"fr-FR","@id":"https:\/\/www.africa-press.net\/burkina-faso\/dossiers\/observatoire-national-des-faits-religieux-les-membres-en-conclave-pour-mieux-apprehender-lannee-2021#primaryimage","url":"https:\/\/static.africa-press.net\/burkina\/sites\/42\/2020\/12\/img-5fdb7e588685d.jpg","contentUrl":"https:\/\/static.africa-press.net\/burkina\/sites\/42\/2020\/12\/img-5fdb7e588685d.jpg","width":640,"height":317,"caption":"Observatoire national des faits religieux : Les membres en conclave pour mieux appr\u00e9hender l\u2019ann\u00e9e 2021"},{"@type":"BreadcrumbList","@id":"https:\/\/www.africa-press.net\/burkina-faso\/dossiers\/observatoire-national-des-faits-religieux-les-membres-en-conclave-pour-mieux-apprehender-lannee-2021#breadcrumb","itemListElement":[{"@type":"ListItem","position":1,"name":"Accueil","item":"https:\/\/www.africa-press.net\/burkina-faso\/"},{"@type":"ListItem","position":2,"name":"Observatoire national des faits religieux : Les membres en conclave pour mieux appr\u00e9hender l\u2019ann\u00e9e 2021"}]},{"@type":"WebSite","@id":"https:\/\/www.africa-press.net\/burkina-faso\/#website","url":"https:\/\/www.africa-press.net\/burkina-faso\/","name":"Burkina Faso","description":"Just another Africa News Agency Sites site","potentialAction":[{"@type":"SearchAction","target":{"@type":"EntryPoint","urlTemplate":"https:\/\/www.africa-press.net\/burkina-faso\/?s={search_term_string}"},"query-input":{"@type":"PropertyValueSpecification","valueRequired":true,"valueName":"search_term_string"}}],"inLanguage":"fr-FR"},{"@type":"Person","@id":"https:\/\/www.africa-press.net\/burkina-faso\/#\/schema\/person\/2b1cf3cd81a31e3cd26889ca66d677f1","name":"cfeditorfr"}]}},"_links":{"self":[{"href":"https:\/\/www.africa-press.net\/burkina-faso\/wp-json\/wp\/v2\/posts\/2278","targetHints":{"allow":["GET"]}}],"collection":[{"href":"https:\/\/www.africa-press.net\/burkina-faso\/wp-json\/wp\/v2\/posts"}],"about":[{"href":"https:\/\/www.africa-press.net\/burkina-faso\/wp-json\/wp\/v2\/types\/post"}],"author":[{"embeddable":true,"href":"https:\/\/www.africa-press.net\/burkina-faso\/wp-json\/wp\/v2\/users\/82"}],"replies":[{"embeddable":true,"href":"https:\/\/www.africa-press.net\/burkina-faso\/wp-json\/wp\/v2\/comments?post=2278"}],"version-history":[{"count":0,"href":"https:\/\/www.africa-press.net\/burkina-faso\/wp-json\/wp\/v2\/posts\/2278\/revisions"}],"wp:featuredmedia":[{"embeddable":true,"href":"https:\/\/www.africa-press.net\/burkina-faso\/wp-json\/wp\/v2\/media\/2277"}],"wp:attachment":[{"href":"https:\/\/www.africa-press.net\/burkina-faso\/wp-json\/wp\/v2\/media?parent=2278"}],"wp:term":[{"taxonomy":"category","embeddable":true,"href":"https:\/\/www.africa-press.net\/burkina-faso\/wp-json\/wp\/v2\/categories?post=2278"},{"taxonomy":"post_tag","embeddable":true,"href":"https:\/\/www.africa-press.net\/burkina-faso\/wp-json\/wp\/v2\/tags?post=2278"}],"curies":[{"name":"wp","href":"https:\/\/api.w.org\/{rel}","templated":true}]}}