{"id":2280,"date":"2020-12-17T16:42:35","date_gmt":"2020-12-17T16:42:35","guid":{"rendered":"https:\/\/www.africa-press.com\/burkina-faso\/?p=2280"},"modified":"2020-12-17T16:11:17","modified_gmt":"2020-12-17T16:11:17","slug":"securisation-fonciere-au-centre-est-un-nouveau-projet-lance-pour-favoriser-un-acces-equitable-au-foncier-rural","status":"publish","type":"post","link":"https:\/\/www.africa-press.net\/burkina-faso\/economie\/securisation-fonciere-au-centre-est-un-nouveau-projet-lance-pour-favoriser-un-acces-equitable-au-foncier-rural","title":{"rendered":"S\u00e9curisation fonci\u00e8re au Centre-Est : Un nouveau projet lanc\u00e9 pour favoriser un acc\u00e8s \u00e9quitable au foncier rural"},"content":{"rendered":"<p><span style=\"color: #ff6600\"><strong><a href=\"https:\/\/www.africa-press.com\">Africa-Press<\/a> &#8211; <a href=\"https:\/\/www.africa-press.com\/burkina-faso\">Burkina Faso<\/a>. <\/strong><\/span><b>Le gouverneur de la r\u00e9gion du Centre-Est, Antoine Ou\u00e9draogo, a pr\u00e9sid\u00e9, le mercredi 16 d\u00e9cembre 2020 \u00e0 Tenkodogo, la c\u00e9r\u00e9monie de lancement du projet \u00ab S\u00e9curisation fonci\u00e8re et d\u00e9veloppement inclusif du Centre-Est \u00bb. Financ\u00e9 par l\u2019Agence belge de d\u00e9veloppement (Enabel) \u00e0 hauteur de plus de 500 millions de francs CFA, ce projet est mis en \u0153uvre par l\u2019Observatoire national du foncier au Burkina Faso (ONF-BF).<\/b><\/p>\n<p>Depuis plus de dix ans, l\u2019\u00c9tat burkinab\u00e8 a engag\u00e9 des r\u00e9formes fonci\u00e8res visant \u00e0 impulser un d\u00e9veloppement \u00e9conomique et social durable, tout en pr\u00e9servant la paix sociale. C\u2019est dans l\u2019optique d\u2019assurer \u00e0 l\u2019ensemble des acteurs ruraux de la r\u00e9gion du Centre-Est, un acc\u00e8s \u00e9quitable au foncier rural, la garantie de leurs investissements et la gestion efficace des conflits fonciers, que l\u2019Agence belge de d\u00e9veloppement (Enabel), \u00e0 travers son partenaire ex\u00e9cutif, l\u2019Observatoire national du foncier au Burkina Faso, a lanc\u00e9 le projet \u00ab S\u00e9curisation fonci\u00e8re et d\u00e9veloppement inclusif du Centre-Est \u00bb.<\/p>\n<p>La c\u00e9r\u00e9monie de lancement, qui a eu lieu ce 16 d\u00e9cembre \u00e0 Tenkodogo, avait pour objectif d\u2019informer les autorit\u00e9s r\u00e9gionales et communales du Centre-Est, ainsi que les diff\u00e9rents partenaires concern\u00e9s, du d\u00e9marrage effectif des activit\u00e9s du projet et requ\u00e9rir leur adh\u00e9sion et leur participation inclusive pour une mise en \u0153uvre r\u00e9ussie du projet. Selon le secr\u00e9taire ex\u00e9cutif de l\u2019Observatoire national du foncier au Burkina Faso, Issouf Ganou, c\u2019est un projet qui vient appuyer les collectivit\u00e9s territoriales dans le renforcement des capacit\u00e9s des services fonciers ruraux des 30 communes de la r\u00e9gion du Centre-Est.<\/p>\n<p>Ce qui va, \u00e0 son avis, permettre \u00e0 ces collectivit\u00e9s territoriales d\u2019\u00eatre plus aptes \u00e0 d\u00e9livrer des actes de circulation fonci\u00e8re et \u00e0 g\u00e9rer l\u2019ensemble des espaces au sein du territoire qu\u2019ils gouvernent. Le gouverneur de la r\u00e9gion du Centre-Est, Antoine Ou\u00e9draogo, a invit\u00e9 les autorit\u00e9s r\u00e9gionales et communales de la r\u00e9gion, \u00e0 accompagner la mise en \u0153uvre du projet, dont la dur\u00e9e est de trois ans.<\/p>\n<p><b>Ben Benito Bonkoungou<br \/>\n<\/b><\/p>\n","protected":false},"excerpt":{"rendered":"<p>Africa-Press &#8211; Burkina Faso. Le gouverneur de la r\u00e9gion du Centre-Est, Antoine Ou\u00e9draogo, a pr\u00e9sid\u00e9, le mercredi 16 d\u00e9cembre 2020 \u00e0 Tenkodogo, la c\u00e9r\u00e9monie de lancement du projet \u00ab S\u00e9curisation fonci\u00e8re et d\u00e9veloppement inclusif du Centre-Est \u00bb. Financ\u00e9 par l\u2019Agence belge de d\u00e9veloppement (Enabel) \u00e0 hauteur de plus de 500 millions de francs CFA, ce [&hellip;]<\/p>\n","protected":false},"author":82,"featured_media":2279,"comment_status":"open","ping_status":"closed","sticky":false,"template":"","format":"standard","meta":{"footnotes":""},"categories":[3,11,20,10],"tags":[111,29],"class_list":["post-2280","post","type-post","status-publish","format-standard","has-post-thumbnail","hentry","category-economie","category-homepage-french","category-top-nouvelles","category-toutes-les-actualites","tag-africa-press","tag-burkina-faso"],"yoast_head":"<!-- This site is optimized with the Yoast SEO Premium plugin v26.1 (Yoast SEO v27.0) - https:\/\/yoast.com\/product\/yoast-seo-premium-wordpress\/ -->\n<title>S\u00e9curisation fonci\u00e8re au Centre-Est : Un nouveau projet lanc\u00e9 pour favoriser un acc\u00e8s \u00e9quitable au foncier rural - Burkina Faso<\/title>\n<meta name=\"description\" content=\"Africa-Press - Burkina Faso. Le gouverneur de la r\u00e9gion du Centre-Est, Antoine Ou\u00e9draogo, a pr\u00e9sid\u00e9, le\" \/>\n<meta name=\"robots\" content=\"index, follow, max-snippet:-1, max-image-preview:large, max-video-preview:-1\" \/>\n<link rel=\"canonical\" href=\"https:\/\/www.africa-press.net\/burkina-faso\/economie\/securisation-fonciere-au-centre-est-un-nouveau-projet-lance-pour-favoriser-un-acces-equitable-au-foncier-rural\" \/>\n<meta property=\"og:locale\" content=\"fr_FR\" \/>\n<meta property=\"og:type\" content=\"article\" \/>\n<meta property=\"og:title\" content=\"S\u00e9curisation fonci\u00e8re au Centre-Est : Un nouveau projet lanc\u00e9 pour favoriser un acc\u00e8s \u00e9quitable au foncier rural\" \/>\n<meta property=\"og:description\" content=\"Africa-Press - Burkina Faso. Le gouverneur de la r\u00e9gion du Centre-Est, Antoine Ou\u00e9draogo, a pr\u00e9sid\u00e9, le\" \/>\n<meta property=\"og:url\" content=\"https:\/\/www.africa-press.net\/burkina-faso\/economie\/securisation-fonciere-au-centre-est-un-nouveau-projet-lance-pour-favoriser-un-acces-equitable-au-foncier-rural\" \/>\n<meta property=\"og:site_name\" content=\"Burkina Faso\" \/>\n<meta property=\"article:published_time\" content=\"2020-12-17T16:42:35+00:00\" \/>\n<meta property=\"og:image\" content=\"https:\/\/static.africa-press.net\/burkina\/sites\/42\/2020\/12\/img-5fdb7e7779a6a.jpg\" \/>\n\t<meta property=\"og:image:width\" content=\"640\" \/>\n\t<meta property=\"og:image:height\" content=\"391\" \/>\n\t<meta property=\"og:image:type\" content=\"image\/jpeg\" \/>\n<meta name=\"author\" content=\"cfeditorfr\" \/>\n<meta name=\"twitter:card\" content=\"summary_large_image\" \/>\n<meta name=\"twitter:label1\" content=\"\u00c9crit par\" \/>\n\t<meta name=\"twitter:data1\" content=\"cfeditorfr\" \/>\n\t<meta name=\"twitter:label2\" content=\"Dur\u00e9e de lecture estim\u00e9e\" \/>\n\t<meta name=\"twitter:data2\" content=\"2 minutes\" \/>\n<script type=\"application\/ld+json\" class=\"yoast-schema-graph\">{\"@context\":\"https:\/\/schema.org\",\"@graph\":[{\"@type\":\"Article\",\"@id\":\"https:\/\/www.africa-press.net\/burkina-faso\/economie\/securisation-fonciere-au-centre-est-un-nouveau-projet-lance-pour-favoriser-un-acces-equitable-au-foncier-rural#article\",\"isPartOf\":{\"@id\":\"https:\/\/www.africa-press.net\/burkina-faso\/economie\/securisation-fonciere-au-centre-est-un-nouveau-projet-lance-pour-favoriser-un-acces-equitable-au-foncier-rural\"},\"author\":{\"name\":\"cfeditorfr\",\"@id\":\"https:\/\/www.africa-press.net\/burkina-faso\/#\/schema\/person\/2b1cf3cd81a31e3cd26889ca66d677f1\"},\"headline\":\"S\u00e9curisation fonci\u00e8re au Centre-Est : Un nouveau projet lanc\u00e9 pour favoriser un acc\u00e8s \u00e9quitable au foncier rural\",\"datePublished\":\"2020-12-17T16:42:35+00:00\",\"mainEntityOfPage\":{\"@id\":\"https:\/\/www.africa-press.net\/burkina-faso\/economie\/securisation-fonciere-au-centre-est-un-nouveau-projet-lance-pour-favoriser-un-acces-equitable-au-foncier-rural\"},\"wordCount\":384,\"commentCount\":0,\"image\":{\"@id\":\"https:\/\/www.africa-press.net\/burkina-faso\/economie\/securisation-fonciere-au-centre-est-un-nouveau-projet-lance-pour-favoriser-un-acces-equitable-au-foncier-rural#primaryimage\"},\"thumbnailUrl\":\"https:\/\/static.africa-press.net\/burkina\/sites\/42\/2020\/12\/img-5fdb7e7779a6a.jpg\",\"keywords\":[\"Africa Press\",\"Burkina Faso\"],\"articleSection\":[\"\u00c9conomie\",\"homepage-french\",\"Top Nouvelles\",\"Toutes les actualit\u00e9s\"],\"inLanguage\":\"fr-FR\",\"potentialAction\":[{\"@type\":\"CommentAction\",\"name\":\"Comment\",\"target\":[\"https:\/\/www.africa-press.net\/burkina-faso\/economie\/securisation-fonciere-au-centre-est-un-nouveau-projet-lance-pour-favoriser-un-acces-equitable-au-foncier-rural#respond\"]}]},{\"@type\":\"WebPage\",\"@id\":\"https:\/\/www.africa-press.net\/burkina-faso\/economie\/securisation-fonciere-au-centre-est-un-nouveau-projet-lance-pour-favoriser-un-acces-equitable-au-foncier-rural\",\"url\":\"https:\/\/www.africa-press.net\/burkina-faso\/economie\/securisation-fonciere-au-centre-est-un-nouveau-projet-lance-pour-favoriser-un-acces-equitable-au-foncier-rural\",\"name\":\"S\u00e9curisation fonci\u00e8re au Centre-Est : Un nouveau projet lanc\u00e9 pour favoriser un acc\u00e8s \u00e9quitable au foncier rural - Burkina Faso\",\"isPartOf\":{\"@id\":\"https:\/\/www.africa-press.net\/burkina-faso\/#website\"},\"primaryImageOfPage\":{\"@id\":\"https:\/\/www.africa-press.net\/burkina-faso\/economie\/securisation-fonciere-au-centre-est-un-nouveau-projet-lance-pour-favoriser-un-acces-equitable-au-foncier-rural#primaryimage\"},\"image\":{\"@id\":\"https:\/\/www.africa-press.net\/burkina-faso\/economie\/securisation-fonciere-au-centre-est-un-nouveau-projet-lance-pour-favoriser-un-acces-equitable-au-foncier-rural#primaryimage\"},\"thumbnailUrl\":\"https:\/\/static.africa-press.net\/burkina\/sites\/42\/2020\/12\/img-5fdb7e7779a6a.jpg\",\"datePublished\":\"2020-12-17T16:42:35+00:00\",\"author\":{\"@id\":\"https:\/\/www.africa-press.net\/burkina-faso\/#\/schema\/person\/2b1cf3cd81a31e3cd26889ca66d677f1\"},\"description\":\"Africa-Press - Burkina Faso. Le gouverneur de la r\u00e9gion du Centre-Est, Antoine Ou\u00e9draogo, a pr\u00e9sid\u00e9, le\",\"breadcrumb\":{\"@id\":\"https:\/\/www.africa-press.net\/burkina-faso\/economie\/securisation-fonciere-au-centre-est-un-nouveau-projet-lance-pour-favoriser-un-acces-equitable-au-foncier-rural#breadcrumb\"},\"inLanguage\":\"fr-FR\",\"potentialAction\":[{\"@type\":\"ReadAction\",\"target\":[\"https:\/\/www.africa-press.net\/burkina-faso\/economie\/securisation-fonciere-au-centre-est-un-nouveau-projet-lance-pour-favoriser-un-acces-equitable-au-foncier-rural\"]}]},{\"@type\":\"ImageObject\",\"inLanguage\":\"fr-FR\",\"@id\":\"https:\/\/www.africa-press.net\/burkina-faso\/economie\/securisation-fonciere-au-centre-est-un-nouveau-projet-lance-pour-favoriser-un-acces-equitable-au-foncier-rural#primaryimage\",\"url\":\"https:\/\/static.africa-press.net\/burkina\/sites\/42\/2020\/12\/img-5fdb7e7779a6a.jpg\",\"contentUrl\":\"https:\/\/static.africa-press.net\/burkina\/sites\/42\/2020\/12\/img-5fdb7e7779a6a.jpg\",\"width\":640,\"height\":391,\"caption\":\"S\u00e9curisation fonci\u00e8re au Centre-Est : Un nouveau projet lanc\u00e9 pour favoriser un acc\u00e8s \u00e9quitable au foncier rural\"},{\"@type\":\"BreadcrumbList\",\"@id\":\"https:\/\/www.africa-press.net\/burkina-faso\/economie\/securisation-fonciere-au-centre-est-un-nouveau-projet-lance-pour-favoriser-un-acces-equitable-au-foncier-rural#breadcrumb\",\"itemListElement\":[{\"@type\":\"ListItem\",\"position\":1,\"name\":\"Accueil\",\"item\":\"https:\/\/www.africa-press.net\/burkina-faso\/\"},{\"@type\":\"ListItem\",\"position\":2,\"name\":\"S\u00e9curisation fonci\u00e8re au Centre-Est : Un nouveau projet lanc\u00e9 pour favoriser un acc\u00e8s \u00e9quitable au foncier rural\"}]},{\"@type\":\"WebSite\",\"@id\":\"https:\/\/www.africa-press.net\/burkina-faso\/#website\",\"url\":\"https:\/\/www.africa-press.net\/burkina-faso\/\",\"name\":\"Burkina Faso\",\"description\":\"Just another Africa News Agency Sites site\",\"potentialAction\":[{\"@type\":\"SearchAction\",\"target\":{\"@type\":\"EntryPoint\",\"urlTemplate\":\"https:\/\/www.africa-press.net\/burkina-faso\/?s={search_term_string}\"},\"query-input\":{\"@type\":\"PropertyValueSpecification\",\"valueRequired\":true,\"valueName\":\"search_term_string\"}}],\"inLanguage\":\"fr-FR\"},{\"@type\":\"Person\",\"@id\":\"https:\/\/www.africa-press.net\/burkina-faso\/#\/schema\/person\/2b1cf3cd81a31e3cd26889ca66d677f1\",\"name\":\"cfeditorfr\"}]}<\/script>\n<!-- \/ Yoast SEO Premium plugin. -->","yoast_head_json":{"title":"S\u00e9curisation fonci\u00e8re au Centre-Est : Un nouveau projet lanc\u00e9 pour favoriser un acc\u00e8s \u00e9quitable au foncier rural - Burkina Faso","description":"Africa-Press - Burkina Faso. Le gouverneur de la r\u00e9gion du Centre-Est, Antoine Ou\u00e9draogo, a pr\u00e9sid\u00e9, le","robots":{"index":"index","follow":"follow","max-snippet":"max-snippet:-1","max-image-preview":"max-image-preview:large","max-video-preview":"max-video-preview:-1"},"canonical":"https:\/\/www.africa-press.net\/burkina-faso\/economie\/securisation-fonciere-au-centre-est-un-nouveau-projet-lance-pour-favoriser-un-acces-equitable-au-foncier-rural","og_locale":"fr_FR","og_type":"article","og_title":"S\u00e9curisation fonci\u00e8re au Centre-Est : Un nouveau projet lanc\u00e9 pour favoriser un acc\u00e8s \u00e9quitable au foncier rural","og_description":"Africa-Press - Burkina Faso. Le gouverneur de la r\u00e9gion du Centre-Est, Antoine Ou\u00e9draogo, a pr\u00e9sid\u00e9, le","og_url":"https:\/\/www.africa-press.net\/burkina-faso\/economie\/securisation-fonciere-au-centre-est-un-nouveau-projet-lance-pour-favoriser-un-acces-equitable-au-foncier-rural","og_site_name":"Burkina Faso","article_published_time":"2020-12-17T16:42:35+00:00","og_image":[{"width":640,"height":391,"url":"https:\/\/static.africa-press.net\/burkina\/sites\/42\/2020\/12\/img-5fdb7e7779a6a.jpg","type":"image\/jpeg"}],"author":"cfeditorfr","twitter_card":"summary_large_image","twitter_misc":{"\u00c9crit par":"cfeditorfr","Dur\u00e9e de lecture estim\u00e9e":"2 minutes"},"schema":{"@context":"https:\/\/schema.org","@graph":[{"@type":"Article","@id":"https:\/\/www.africa-press.net\/burkina-faso\/economie\/securisation-fonciere-au-centre-est-un-nouveau-projet-lance-pour-favoriser-un-acces-equitable-au-foncier-rural#article","isPartOf":{"@id":"https:\/\/www.africa-press.net\/burkina-faso\/economie\/securisation-fonciere-au-centre-est-un-nouveau-projet-lance-pour-favoriser-un-acces-equitable-au-foncier-rural"},"author":{"name":"cfeditorfr","@id":"https:\/\/www.africa-press.net\/burkina-faso\/#\/schema\/person\/2b1cf3cd81a31e3cd26889ca66d677f1"},"headline":"S\u00e9curisation fonci\u00e8re au Centre-Est : Un nouveau projet lanc\u00e9 pour favoriser un acc\u00e8s \u00e9quitable au foncier rural","datePublished":"2020-12-17T16:42:35+00:00","mainEntityOfPage":{"@id":"https:\/\/www.africa-press.net\/burkina-faso\/economie\/securisation-fonciere-au-centre-est-un-nouveau-projet-lance-pour-favoriser-un-acces-equitable-au-foncier-rural"},"wordCount":384,"commentCount":0,"image":{"@id":"https:\/\/www.africa-press.net\/burkina-faso\/economie\/securisation-fonciere-au-centre-est-un-nouveau-projet-lance-pour-favoriser-un-acces-equitable-au-foncier-rural#primaryimage"},"thumbnailUrl":"https:\/\/static.africa-press.net\/burkina\/sites\/42\/2020\/12\/img-5fdb7e7779a6a.jpg","keywords":["Africa Press","Burkina Faso"],"articleSection":["\u00c9conomie","homepage-french","Top Nouvelles","Toutes les actualit\u00e9s"],"inLanguage":"fr-FR","potentialAction":[{"@type":"CommentAction","name":"Comment","target":["https:\/\/www.africa-press.net\/burkina-faso\/economie\/securisation-fonciere-au-centre-est-un-nouveau-projet-lance-pour-favoriser-un-acces-equitable-au-foncier-rural#respond"]}]},{"@type":"WebPage","@id":"https:\/\/www.africa-press.net\/burkina-faso\/economie\/securisation-fonciere-au-centre-est-un-nouveau-projet-lance-pour-favoriser-un-acces-equitable-au-foncier-rural","url":"https:\/\/www.africa-press.net\/burkina-faso\/economie\/securisation-fonciere-au-centre-est-un-nouveau-projet-lance-pour-favoriser-un-acces-equitable-au-foncier-rural","name":"S\u00e9curisation fonci\u00e8re au Centre-Est : Un nouveau projet lanc\u00e9 pour favoriser un acc\u00e8s \u00e9quitable au foncier rural - Burkina Faso","isPartOf":{"@id":"https:\/\/www.africa-press.net\/burkina-faso\/#website"},"primaryImageOfPage":{"@id":"https:\/\/www.africa-press.net\/burkina-faso\/economie\/securisation-fonciere-au-centre-est-un-nouveau-projet-lance-pour-favoriser-un-acces-equitable-au-foncier-rural#primaryimage"},"image":{"@id":"https:\/\/www.africa-press.net\/burkina-faso\/economie\/securisation-fonciere-au-centre-est-un-nouveau-projet-lance-pour-favoriser-un-acces-equitable-au-foncier-rural#primaryimage"},"thumbnailUrl":"https:\/\/static.africa-press.net\/burkina\/sites\/42\/2020\/12\/img-5fdb7e7779a6a.jpg","datePublished":"2020-12-17T16:42:35+00:00","author":{"@id":"https:\/\/www.africa-press.net\/burkina-faso\/#\/schema\/person\/2b1cf3cd81a31e3cd26889ca66d677f1"},"description":"Africa-Press - Burkina Faso. Le gouverneur de la r\u00e9gion du Centre-Est, Antoine Ou\u00e9draogo, a pr\u00e9sid\u00e9, le","breadcrumb":{"@id":"https:\/\/www.africa-press.net\/burkina-faso\/economie\/securisation-fonciere-au-centre-est-un-nouveau-projet-lance-pour-favoriser-un-acces-equitable-au-foncier-rural#breadcrumb"},"inLanguage":"fr-FR","potentialAction":[{"@type":"ReadAction","target":["https:\/\/www.africa-press.net\/burkina-faso\/economie\/securisation-fonciere-au-centre-est-un-nouveau-projet-lance-pour-favoriser-un-acces-equitable-au-foncier-rural"]}]},{"@type":"ImageObject","inLanguage":"fr-FR","@id":"https:\/\/www.africa-press.net\/burkina-faso\/economie\/securisation-fonciere-au-centre-est-un-nouveau-projet-lance-pour-favoriser-un-acces-equitable-au-foncier-rural#primaryimage","url":"https:\/\/static.africa-press.net\/burkina\/sites\/42\/2020\/12\/img-5fdb7e7779a6a.jpg","contentUrl":"https:\/\/static.africa-press.net\/burkina\/sites\/42\/2020\/12\/img-5fdb7e7779a6a.jpg","width":640,"height":391,"caption":"S\u00e9curisation fonci\u00e8re au Centre-Est : Un nouveau projet lanc\u00e9 pour favoriser un acc\u00e8s \u00e9quitable au foncier rural"},{"@type":"BreadcrumbList","@id":"https:\/\/www.africa-press.net\/burkina-faso\/economie\/securisation-fonciere-au-centre-est-un-nouveau-projet-lance-pour-favoriser-un-acces-equitable-au-foncier-rural#breadcrumb","itemListElement":[{"@type":"ListItem","position":1,"name":"Accueil","item":"https:\/\/www.africa-press.net\/burkina-faso\/"},{"@type":"ListItem","position":2,"name":"S\u00e9curisation fonci\u00e8re au Centre-Est : Un nouveau projet lanc\u00e9 pour favoriser un acc\u00e8s \u00e9quitable au foncier rural"}]},{"@type":"WebSite","@id":"https:\/\/www.africa-press.net\/burkina-faso\/#website","url":"https:\/\/www.africa-press.net\/burkina-faso\/","name":"Burkina Faso","description":"Just another Africa News Agency Sites site","potentialAction":[{"@type":"SearchAction","target":{"@type":"EntryPoint","urlTemplate":"https:\/\/www.africa-press.net\/burkina-faso\/?s={search_term_string}"},"query-input":{"@type":"PropertyValueSpecification","valueRequired":true,"valueName":"search_term_string"}}],"inLanguage":"fr-FR"},{"@type":"Person","@id":"https:\/\/www.africa-press.net\/burkina-faso\/#\/schema\/person\/2b1cf3cd81a31e3cd26889ca66d677f1","name":"cfeditorfr"}]}},"_links":{"self":[{"href":"https:\/\/www.africa-press.net\/burkina-faso\/wp-json\/wp\/v2\/posts\/2280","targetHints":{"allow":["GET"]}}],"collection":[{"href":"https:\/\/www.africa-press.net\/burkina-faso\/wp-json\/wp\/v2\/posts"}],"about":[{"href":"https:\/\/www.africa-press.net\/burkina-faso\/wp-json\/wp\/v2\/types\/post"}],"author":[{"embeddable":true,"href":"https:\/\/www.africa-press.net\/burkina-faso\/wp-json\/wp\/v2\/users\/82"}],"replies":[{"embeddable":true,"href":"https:\/\/www.africa-press.net\/burkina-faso\/wp-json\/wp\/v2\/comments?post=2280"}],"version-history":[{"count":0,"href":"https:\/\/www.africa-press.net\/burkina-faso\/wp-json\/wp\/v2\/posts\/2280\/revisions"}],"wp:featuredmedia":[{"embeddable":true,"href":"https:\/\/www.africa-press.net\/burkina-faso\/wp-json\/wp\/v2\/media\/2279"}],"wp:attachment":[{"href":"https:\/\/www.africa-press.net\/burkina-faso\/wp-json\/wp\/v2\/media?parent=2280"}],"wp:term":[{"taxonomy":"category","embeddable":true,"href":"https:\/\/www.africa-press.net\/burkina-faso\/wp-json\/wp\/v2\/categories?post=2280"},{"taxonomy":"post_tag","embeddable":true,"href":"https:\/\/www.africa-press.net\/burkina-faso\/wp-json\/wp\/v2\/tags?post=2280"}],"curies":[{"name":"wp","href":"https:\/\/api.w.org\/{rel}","templated":true}]}}