{"id":2282,"date":"2020-12-17T16:58:08","date_gmt":"2020-12-17T16:58:08","guid":{"rendered":"https:\/\/www.africa-press.com\/burkina-faso\/?p=2282"},"modified":"2020-12-17T16:11:30","modified_gmt":"2020-12-17T16:11:30","slug":"lutte-contre-le-covid-19-lassociation-pour-leducation-non-formelle-et-ses-partenaires-equipent-le-chu-yalgado-ouedraogo","status":"publish","type":"post","link":"https:\/\/www.africa-press.net\/burkina-faso\/toutes-les-actualites\/lutte-contre-le-covid-19-lassociation-pour-leducation-non-formelle-et-ses-partenaires-equipent-le-chu-yalgado-ouedraogo","title":{"rendered":"Lutte contre le Covid-19 : L\u2019Association pour l\u2019\u00e9ducation non-formelle et ses partenaires \u00e9quipent le CHU-Yalgado Ou\u00e9draogo"},"content":{"rendered":"<p><span style=\"color: #ff6600\"><strong><a href=\"https:\/\/www.africa-press.com\">Africa-Press<\/a> &#8211; <a href=\"https:\/\/www.africa-press.com\/burkina-faso\">Burkina Faso<\/a>. <\/strong><\/span><b>Dans le cadre de la lutte contre le Covid-19, l\u2019Association pour l\u2019\u00e9ducation non-formelle (APENF) et ses partenaires ont remis, le mardi 16 d\u00e9cembre 2020, un lot de mat\u00e9riel et d\u2019\u00e9quipement au CHU- Yalgado Ou\u00e9draogo. Ces \u00e9quipements sont destin\u00e9s \u00e0 am\u00e9liorer les actions des agents de sant\u00e9 en cette p\u00e9riode pand\u00e9mique.<\/b><\/p>\n<p>200 casaques chirurgicales, 300 masques, 300 visi\u00e8res et 300 gants. C\u2019est la composition du don offert par l\u2019Association pour l\u2019\u00e9ducation non-formelle (APENF) en collaboration avec l\u2019ONG cor\u00e9enne EWB (Educators Without Borders) au Centre hospitalier universitaire Yalgado Ou\u00e9draogo. D\u2019un co\u00fbt estim\u00e9 \u00e0 environ 5 millions de FCFA, ce don a pour but de contribuer \u00e0 am\u00e9liorer le travail des agents de sant\u00e9 en cette p\u00e9riode pand\u00e9mique.<\/p>\n<p>Selon C\u00e9lestin Bationo, tr\u00e9sorier du bureau du Conseil d\u2019administration de l\u2019Association pour l\u2019Education non-formelle (APENF), le pr\u00e9sent don entre dans le cadre de leurs actions de distribution de fournitures et mat\u00e9riels de protection contre la maladie \u00e0 Coronavirus. Des actions qui s\u2019inscrivent en droite ligne des objectifs du projet Covid-19\/EWB mise en \u0153uvre par les deux structures (APENF et EWB) au Burkina Faso depuis ao\u00fbt 2020. A en croire Abdoulaye Yonaba, coordinateur de ce projet, le but est de contribuer \u00e0 la pr\u00e9vention \u00e0 travers certaines actions de sensibilisation, de don de mat\u00e9riels de pr\u00e9vention pour participer \u00e0 la lutte contre la maladie.<\/p>\n<p><b>Vers l\u2019\u00e9tablissement d\u2019un partenariat formel<\/b><\/p>\n<p>En 4 mois de mise \u00e0 \u0153uvre, le projet a touch\u00e9 3 500 personnes dont 60% sont des femmes. Et c\u2019est dans le volet appui aux structures m\u00e9dicales que s\u2019inscrit l\u2019action de ce 16 d\u00e9cembre. \u00ab Ce n\u2019est pas un don de grande nature, mais il marque la bonne relation entre les deux pays, le Burkina et la Coop\u00e9ration de la Cor\u00e9e du Sud, ainsi que ses partenaires \u00e0 savoir KOICA (Agence internationale de la Coop\u00e9ration en Cor\u00e9e du Sud), EWB et Rapha\u00ebl International, la structure m\u00e9dicale qui accompagne le projet depuis la Cor\u00e9e du Sud \u00bb, a soulign\u00e9 Abdoulaye Yonaba. L\u2019APENF est la structure qui s\u2019occupe de la mise en \u0153uvre de ce projet au niveau du Burkina. En plus de plusieurs associations d\u2019hommes et de femmes, 19 CSPS ont d\u00e9j\u00e0 b\u00e9n\u00e9fici\u00e9 de l\u2019accompagnement du projet.<\/p>\n<p>Du c\u00f4t\u00e9 du premier responsable de l\u2019h\u00f4pital Yalgado, Constant Dahourou, ce don vient \u00e0 point nomm\u00e9 pour renforcer les capacit\u00e9s de soin de son \u00e9tablissement. Destin\u00e9 aux agents de sant\u00e9, il a assur\u00e9 que les \u00e9quipements seront non seulement mis \u00e0 leur disposition, mais ils seront utilis\u00e9s \u00e0 bon escient. \u00ab Comme vous le savez, Yalgado est tr\u00e8s grand et ce n\u2019est pas toujours s\u00fbr que l\u2019on puisse avoir les moyens pour prendre tout le monde en charge. Et les partenaires qui viennent pour nous aider comme cette association, c\u2019est vraiment une goutte d\u2019eau qui vient aider notre calebasse \u00e0 mieux se remplir \u00bb a-t-il d\u00e9clar\u00e9 pour montrer \u00e0 quel point ce geste soulage l\u2019h\u00f4pital. Toutefois il a souhait\u00e9 que ce geste soit le d\u00e9but d\u2019un partenariat formel entre le CHU-Yalgado Ou\u00e9draogo et l\u2019APENF, pour une synergie d\u2019actions. Partenariat auquel est favorable C\u00e9lestin Bationo qui a indiqu\u00e9 que leurs actions s\u2019\u00e9tendront au fur et \u00e0 mesure que la coop\u00e9ration se d\u00e9veloppera.<\/p>\n<p><b>Judith SANOU<br \/>\n<\/b><\/p>\n","protected":false},"excerpt":{"rendered":"<p>Africa-Press &#8211; Burkina Faso. Dans le cadre de la lutte contre le Covid-19, l\u2019Association pour l\u2019\u00e9ducation non-formelle (APENF) et ses partenaires ont remis, le mardi 16 d\u00e9cembre 2020, un lot de mat\u00e9riel et d\u2019\u00e9quipement au CHU- Yalgado Ou\u00e9draogo. Ces \u00e9quipements sont destin\u00e9s \u00e0 am\u00e9liorer les actions des agents de sant\u00e9 en cette p\u00e9riode pand\u00e9mique. 200 [&hellip;]<\/p>\n","protected":false},"author":82,"featured_media":2281,"comment_status":"open","ping_status":"closed","sticky":false,"template":"","format":"standard","meta":{"footnotes":""},"categories":[21,11,10],"tags":[111,29],"class_list":["post-2282","post","type-post","status-publish","format-standard","has-post-thumbnail","hentry","category-communaute","category-homepage-french","category-toutes-les-actualites","tag-africa-press","tag-burkina-faso"],"yoast_head":"<!-- This site is optimized with the Yoast SEO Premium plugin v26.1 (Yoast SEO v27.0) - https:\/\/yoast.com\/product\/yoast-seo-premium-wordpress\/ -->\n<title>Lutte contre le Covid-19 : L\u2019Association pour l\u2019\u00e9ducation non-formelle et ses partenaires \u00e9quipent le CHU-Yalgado Ou\u00e9draogo - Burkina Faso<\/title>\n<meta name=\"description\" content=\"Africa-Press - Burkina Faso. Dans le cadre de la lutte contre le Covid-19, l\u2019Association pour l\u2019\u00e9ducation\" \/>\n<meta name=\"robots\" content=\"index, follow, max-snippet:-1, max-image-preview:large, max-video-preview:-1\" \/>\n<link rel=\"canonical\" href=\"https:\/\/www.africa-press.net\/burkina-faso\/toutes-les-actualites\/lutte-contre-le-covid-19-lassociation-pour-leducation-non-formelle-et-ses-partenaires-equipent-le-chu-yalgado-ouedraogo\" \/>\n<meta property=\"og:locale\" content=\"fr_FR\" \/>\n<meta property=\"og:type\" content=\"article\" \/>\n<meta property=\"og:title\" content=\"Lutte contre le Covid-19 : L\u2019Association pour l\u2019\u00e9ducation non-formelle et ses partenaires \u00e9quipent le CHU-Yalgado Ou\u00e9draogo\" \/>\n<meta property=\"og:description\" content=\"Africa-Press - Burkina Faso. Dans le cadre de la lutte contre le Covid-19, l\u2019Association pour l\u2019\u00e9ducation\" \/>\n<meta property=\"og:url\" content=\"https:\/\/www.africa-press.net\/burkina-faso\/toutes-les-actualites\/lutte-contre-le-covid-19-lassociation-pour-leducation-non-formelle-et-ses-partenaires-equipent-le-chu-yalgado-ouedraogo\" \/>\n<meta property=\"og:site_name\" content=\"Burkina Faso\" \/>\n<meta property=\"article:published_time\" content=\"2020-12-17T16:58:08+00:00\" \/>\n<meta property=\"og:image\" content=\"https:\/\/static.africa-press.net\/burkina\/sites\/42\/2020\/12\/img-5fdb7e9a5c36f.jpg\" \/>\n\t<meta property=\"og:image:width\" content=\"640\" \/>\n\t<meta property=\"og:image:height\" content=\"388\" \/>\n\t<meta property=\"og:image:type\" content=\"image\/jpeg\" \/>\n<meta name=\"author\" content=\"cfeditorfr\" \/>\n<meta name=\"twitter:card\" content=\"summary_large_image\" \/>\n<meta name=\"twitter:label1\" content=\"\u00c9crit par\" \/>\n\t<meta name=\"twitter:data1\" content=\"cfeditorfr\" \/>\n\t<meta name=\"twitter:label2\" content=\"Dur\u00e9e de lecture estim\u00e9e\" \/>\n\t<meta name=\"twitter:data2\" content=\"3 minutes\" \/>\n<script type=\"application\/ld+json\" class=\"yoast-schema-graph\">{\"@context\":\"https:\/\/schema.org\",\"@graph\":[{\"@type\":\"Article\",\"@id\":\"https:\/\/www.africa-press.net\/burkina-faso\/toutes-les-actualites\/lutte-contre-le-covid-19-lassociation-pour-leducation-non-formelle-et-ses-partenaires-equipent-le-chu-yalgado-ouedraogo#article\",\"isPartOf\":{\"@id\":\"https:\/\/www.africa-press.net\/burkina-faso\/toutes-les-actualites\/lutte-contre-le-covid-19-lassociation-pour-leducation-non-formelle-et-ses-partenaires-equipent-le-chu-yalgado-ouedraogo\"},\"author\":{\"name\":\"cfeditorfr\",\"@id\":\"https:\/\/www.africa-press.net\/burkina-faso\/#\/schema\/person\/2b1cf3cd81a31e3cd26889ca66d677f1\"},\"headline\":\"Lutte contre le Covid-19 : L\u2019Association pour l\u2019\u00e9ducation non-formelle et ses partenaires \u00e9quipent le CHU-Yalgado Ou\u00e9draogo\",\"datePublished\":\"2020-12-17T16:58:08+00:00\",\"mainEntityOfPage\":{\"@id\":\"https:\/\/www.africa-press.net\/burkina-faso\/toutes-les-actualites\/lutte-contre-le-covid-19-lassociation-pour-leducation-non-formelle-et-ses-partenaires-equipent-le-chu-yalgado-ouedraogo\"},\"wordCount\":592,\"commentCount\":0,\"image\":{\"@id\":\"https:\/\/www.africa-press.net\/burkina-faso\/toutes-les-actualites\/lutte-contre-le-covid-19-lassociation-pour-leducation-non-formelle-et-ses-partenaires-equipent-le-chu-yalgado-ouedraogo#primaryimage\"},\"thumbnailUrl\":\"https:\/\/static.africa-press.net\/burkina\/sites\/42\/2020\/12\/img-5fdb7e9a5c36f.jpg\",\"keywords\":[\"Africa Press\",\"Burkina Faso\"],\"articleSection\":[\"Communaut\u00e9\",\"homepage-french\",\"Toutes les actualit\u00e9s\"],\"inLanguage\":\"fr-FR\",\"potentialAction\":[{\"@type\":\"CommentAction\",\"name\":\"Comment\",\"target\":[\"https:\/\/www.africa-press.net\/burkina-faso\/toutes-les-actualites\/lutte-contre-le-covid-19-lassociation-pour-leducation-non-formelle-et-ses-partenaires-equipent-le-chu-yalgado-ouedraogo#respond\"]}]},{\"@type\":\"WebPage\",\"@id\":\"https:\/\/www.africa-press.net\/burkina-faso\/toutes-les-actualites\/lutte-contre-le-covid-19-lassociation-pour-leducation-non-formelle-et-ses-partenaires-equipent-le-chu-yalgado-ouedraogo\",\"url\":\"https:\/\/www.africa-press.net\/burkina-faso\/toutes-les-actualites\/lutte-contre-le-covid-19-lassociation-pour-leducation-non-formelle-et-ses-partenaires-equipent-le-chu-yalgado-ouedraogo\",\"name\":\"Lutte contre le Covid-19 : L\u2019Association pour l\u2019\u00e9ducation non-formelle et ses partenaires \u00e9quipent le CHU-Yalgado Ou\u00e9draogo - Burkina Faso\",\"isPartOf\":{\"@id\":\"https:\/\/www.africa-press.net\/burkina-faso\/#website\"},\"primaryImageOfPage\":{\"@id\":\"https:\/\/www.africa-press.net\/burkina-faso\/toutes-les-actualites\/lutte-contre-le-covid-19-lassociation-pour-leducation-non-formelle-et-ses-partenaires-equipent-le-chu-yalgado-ouedraogo#primaryimage\"},\"image\":{\"@id\":\"https:\/\/www.africa-press.net\/burkina-faso\/toutes-les-actualites\/lutte-contre-le-covid-19-lassociation-pour-leducation-non-formelle-et-ses-partenaires-equipent-le-chu-yalgado-ouedraogo#primaryimage\"},\"thumbnailUrl\":\"https:\/\/static.africa-press.net\/burkina\/sites\/42\/2020\/12\/img-5fdb7e9a5c36f.jpg\",\"datePublished\":\"2020-12-17T16:58:08+00:00\",\"author\":{\"@id\":\"https:\/\/www.africa-press.net\/burkina-faso\/#\/schema\/person\/2b1cf3cd81a31e3cd26889ca66d677f1\"},\"description\":\"Africa-Press - Burkina Faso. Dans le cadre de la lutte contre le Covid-19, l\u2019Association pour l\u2019\u00e9ducation\",\"breadcrumb\":{\"@id\":\"https:\/\/www.africa-press.net\/burkina-faso\/toutes-les-actualites\/lutte-contre-le-covid-19-lassociation-pour-leducation-non-formelle-et-ses-partenaires-equipent-le-chu-yalgado-ouedraogo#breadcrumb\"},\"inLanguage\":\"fr-FR\",\"potentialAction\":[{\"@type\":\"ReadAction\",\"target\":[\"https:\/\/www.africa-press.net\/burkina-faso\/toutes-les-actualites\/lutte-contre-le-covid-19-lassociation-pour-leducation-non-formelle-et-ses-partenaires-equipent-le-chu-yalgado-ouedraogo\"]}]},{\"@type\":\"ImageObject\",\"inLanguage\":\"fr-FR\",\"@id\":\"https:\/\/www.africa-press.net\/burkina-faso\/toutes-les-actualites\/lutte-contre-le-covid-19-lassociation-pour-leducation-non-formelle-et-ses-partenaires-equipent-le-chu-yalgado-ouedraogo#primaryimage\",\"url\":\"https:\/\/static.africa-press.net\/burkina\/sites\/42\/2020\/12\/img-5fdb7e9a5c36f.jpg\",\"contentUrl\":\"https:\/\/static.africa-press.net\/burkina\/sites\/42\/2020\/12\/img-5fdb7e9a5c36f.jpg\",\"width\":640,\"height\":388,\"caption\":\"Lutte contre le Covid-19 : L\u2019Association pour l\u2019\u00e9ducation non-formelle et ses partenaires \u00e9quipent le CHU-Yalgado Ou\u00e9draogo\"},{\"@type\":\"BreadcrumbList\",\"@id\":\"https:\/\/www.africa-press.net\/burkina-faso\/toutes-les-actualites\/lutte-contre-le-covid-19-lassociation-pour-leducation-non-formelle-et-ses-partenaires-equipent-le-chu-yalgado-ouedraogo#breadcrumb\",\"itemListElement\":[{\"@type\":\"ListItem\",\"position\":1,\"name\":\"Accueil\",\"item\":\"https:\/\/www.africa-press.net\/burkina-faso\/\"},{\"@type\":\"ListItem\",\"position\":2,\"name\":\"Lutte contre le Covid-19 : L\u2019Association pour l\u2019\u00e9ducation non-formelle et ses partenaires \u00e9quipent le CHU-Yalgado Ou\u00e9draogo\"}]},{\"@type\":\"WebSite\",\"@id\":\"https:\/\/www.africa-press.net\/burkina-faso\/#website\",\"url\":\"https:\/\/www.africa-press.net\/burkina-faso\/\",\"name\":\"Burkina Faso\",\"description\":\"Just another Africa News Agency Sites site\",\"potentialAction\":[{\"@type\":\"SearchAction\",\"target\":{\"@type\":\"EntryPoint\",\"urlTemplate\":\"https:\/\/www.africa-press.net\/burkina-faso\/?s={search_term_string}\"},\"query-input\":{\"@type\":\"PropertyValueSpecification\",\"valueRequired\":true,\"valueName\":\"search_term_string\"}}],\"inLanguage\":\"fr-FR\"},{\"@type\":\"Person\",\"@id\":\"https:\/\/www.africa-press.net\/burkina-faso\/#\/schema\/person\/2b1cf3cd81a31e3cd26889ca66d677f1\",\"name\":\"cfeditorfr\"}]}<\/script>\n<!-- \/ Yoast SEO Premium plugin. -->","yoast_head_json":{"title":"Lutte contre le Covid-19 : L\u2019Association pour l\u2019\u00e9ducation non-formelle et ses partenaires \u00e9quipent le CHU-Yalgado Ou\u00e9draogo - Burkina Faso","description":"Africa-Press - Burkina Faso. Dans le cadre de la lutte contre le Covid-19, l\u2019Association pour l\u2019\u00e9ducation","robots":{"index":"index","follow":"follow","max-snippet":"max-snippet:-1","max-image-preview":"max-image-preview:large","max-video-preview":"max-video-preview:-1"},"canonical":"https:\/\/www.africa-press.net\/burkina-faso\/toutes-les-actualites\/lutte-contre-le-covid-19-lassociation-pour-leducation-non-formelle-et-ses-partenaires-equipent-le-chu-yalgado-ouedraogo","og_locale":"fr_FR","og_type":"article","og_title":"Lutte contre le Covid-19 : L\u2019Association pour l\u2019\u00e9ducation non-formelle et ses partenaires \u00e9quipent le CHU-Yalgado Ou\u00e9draogo","og_description":"Africa-Press - Burkina Faso. Dans le cadre de la lutte contre le Covid-19, l\u2019Association pour l\u2019\u00e9ducation","og_url":"https:\/\/www.africa-press.net\/burkina-faso\/toutes-les-actualites\/lutte-contre-le-covid-19-lassociation-pour-leducation-non-formelle-et-ses-partenaires-equipent-le-chu-yalgado-ouedraogo","og_site_name":"Burkina Faso","article_published_time":"2020-12-17T16:58:08+00:00","og_image":[{"width":640,"height":388,"url":"https:\/\/static.africa-press.net\/burkina\/sites\/42\/2020\/12\/img-5fdb7e9a5c36f.jpg","type":"image\/jpeg"}],"author":"cfeditorfr","twitter_card":"summary_large_image","twitter_misc":{"\u00c9crit par":"cfeditorfr","Dur\u00e9e de lecture estim\u00e9e":"3 minutes"},"schema":{"@context":"https:\/\/schema.org","@graph":[{"@type":"Article","@id":"https:\/\/www.africa-press.net\/burkina-faso\/toutes-les-actualites\/lutte-contre-le-covid-19-lassociation-pour-leducation-non-formelle-et-ses-partenaires-equipent-le-chu-yalgado-ouedraogo#article","isPartOf":{"@id":"https:\/\/www.africa-press.net\/burkina-faso\/toutes-les-actualites\/lutte-contre-le-covid-19-lassociation-pour-leducation-non-formelle-et-ses-partenaires-equipent-le-chu-yalgado-ouedraogo"},"author":{"name":"cfeditorfr","@id":"https:\/\/www.africa-press.net\/burkina-faso\/#\/schema\/person\/2b1cf3cd81a31e3cd26889ca66d677f1"},"headline":"Lutte contre le Covid-19 : L\u2019Association pour l\u2019\u00e9ducation non-formelle et ses partenaires \u00e9quipent le CHU-Yalgado Ou\u00e9draogo","datePublished":"2020-12-17T16:58:08+00:00","mainEntityOfPage":{"@id":"https:\/\/www.africa-press.net\/burkina-faso\/toutes-les-actualites\/lutte-contre-le-covid-19-lassociation-pour-leducation-non-formelle-et-ses-partenaires-equipent-le-chu-yalgado-ouedraogo"},"wordCount":592,"commentCount":0,"image":{"@id":"https:\/\/www.africa-press.net\/burkina-faso\/toutes-les-actualites\/lutte-contre-le-covid-19-lassociation-pour-leducation-non-formelle-et-ses-partenaires-equipent-le-chu-yalgado-ouedraogo#primaryimage"},"thumbnailUrl":"https:\/\/static.africa-press.net\/burkina\/sites\/42\/2020\/12\/img-5fdb7e9a5c36f.jpg","keywords":["Africa Press","Burkina Faso"],"articleSection":["Communaut\u00e9","homepage-french","Toutes les actualit\u00e9s"],"inLanguage":"fr-FR","potentialAction":[{"@type":"CommentAction","name":"Comment","target":["https:\/\/www.africa-press.net\/burkina-faso\/toutes-les-actualites\/lutte-contre-le-covid-19-lassociation-pour-leducation-non-formelle-et-ses-partenaires-equipent-le-chu-yalgado-ouedraogo#respond"]}]},{"@type":"WebPage","@id":"https:\/\/www.africa-press.net\/burkina-faso\/toutes-les-actualites\/lutte-contre-le-covid-19-lassociation-pour-leducation-non-formelle-et-ses-partenaires-equipent-le-chu-yalgado-ouedraogo","url":"https:\/\/www.africa-press.net\/burkina-faso\/toutes-les-actualites\/lutte-contre-le-covid-19-lassociation-pour-leducation-non-formelle-et-ses-partenaires-equipent-le-chu-yalgado-ouedraogo","name":"Lutte contre le Covid-19 : L\u2019Association pour l\u2019\u00e9ducation non-formelle et ses partenaires \u00e9quipent le CHU-Yalgado Ou\u00e9draogo - Burkina Faso","isPartOf":{"@id":"https:\/\/www.africa-press.net\/burkina-faso\/#website"},"primaryImageOfPage":{"@id":"https:\/\/www.africa-press.net\/burkina-faso\/toutes-les-actualites\/lutte-contre-le-covid-19-lassociation-pour-leducation-non-formelle-et-ses-partenaires-equipent-le-chu-yalgado-ouedraogo#primaryimage"},"image":{"@id":"https:\/\/www.africa-press.net\/burkina-faso\/toutes-les-actualites\/lutte-contre-le-covid-19-lassociation-pour-leducation-non-formelle-et-ses-partenaires-equipent-le-chu-yalgado-ouedraogo#primaryimage"},"thumbnailUrl":"https:\/\/static.africa-press.net\/burkina\/sites\/42\/2020\/12\/img-5fdb7e9a5c36f.jpg","datePublished":"2020-12-17T16:58:08+00:00","author":{"@id":"https:\/\/www.africa-press.net\/burkina-faso\/#\/schema\/person\/2b1cf3cd81a31e3cd26889ca66d677f1"},"description":"Africa-Press - Burkina Faso. Dans le cadre de la lutte contre le Covid-19, l\u2019Association pour l\u2019\u00e9ducation","breadcrumb":{"@id":"https:\/\/www.africa-press.net\/burkina-faso\/toutes-les-actualites\/lutte-contre-le-covid-19-lassociation-pour-leducation-non-formelle-et-ses-partenaires-equipent-le-chu-yalgado-ouedraogo#breadcrumb"},"inLanguage":"fr-FR","potentialAction":[{"@type":"ReadAction","target":["https:\/\/www.africa-press.net\/burkina-faso\/toutes-les-actualites\/lutte-contre-le-covid-19-lassociation-pour-leducation-non-formelle-et-ses-partenaires-equipent-le-chu-yalgado-ouedraogo"]}]},{"@type":"ImageObject","inLanguage":"fr-FR","@id":"https:\/\/www.africa-press.net\/burkina-faso\/toutes-les-actualites\/lutte-contre-le-covid-19-lassociation-pour-leducation-non-formelle-et-ses-partenaires-equipent-le-chu-yalgado-ouedraogo#primaryimage","url":"https:\/\/static.africa-press.net\/burkina\/sites\/42\/2020\/12\/img-5fdb7e9a5c36f.jpg","contentUrl":"https:\/\/static.africa-press.net\/burkina\/sites\/42\/2020\/12\/img-5fdb7e9a5c36f.jpg","width":640,"height":388,"caption":"Lutte contre le Covid-19 : L\u2019Association pour l\u2019\u00e9ducation non-formelle et ses partenaires \u00e9quipent le CHU-Yalgado Ou\u00e9draogo"},{"@type":"BreadcrumbList","@id":"https:\/\/www.africa-press.net\/burkina-faso\/toutes-les-actualites\/lutte-contre-le-covid-19-lassociation-pour-leducation-non-formelle-et-ses-partenaires-equipent-le-chu-yalgado-ouedraogo#breadcrumb","itemListElement":[{"@type":"ListItem","position":1,"name":"Accueil","item":"https:\/\/www.africa-press.net\/burkina-faso\/"},{"@type":"ListItem","position":2,"name":"Lutte contre le Covid-19 : L\u2019Association pour l\u2019\u00e9ducation non-formelle et ses partenaires \u00e9quipent le CHU-Yalgado Ou\u00e9draogo"}]},{"@type":"WebSite","@id":"https:\/\/www.africa-press.net\/burkina-faso\/#website","url":"https:\/\/www.africa-press.net\/burkina-faso\/","name":"Burkina Faso","description":"Just another Africa News Agency Sites site","potentialAction":[{"@type":"SearchAction","target":{"@type":"EntryPoint","urlTemplate":"https:\/\/www.africa-press.net\/burkina-faso\/?s={search_term_string}"},"query-input":{"@type":"PropertyValueSpecification","valueRequired":true,"valueName":"search_term_string"}}],"inLanguage":"fr-FR"},{"@type":"Person","@id":"https:\/\/www.africa-press.net\/burkina-faso\/#\/schema\/person\/2b1cf3cd81a31e3cd26889ca66d677f1","name":"cfeditorfr"}]}},"_links":{"self":[{"href":"https:\/\/www.africa-press.net\/burkina-faso\/wp-json\/wp\/v2\/posts\/2282","targetHints":{"allow":["GET"]}}],"collection":[{"href":"https:\/\/www.africa-press.net\/burkina-faso\/wp-json\/wp\/v2\/posts"}],"about":[{"href":"https:\/\/www.africa-press.net\/burkina-faso\/wp-json\/wp\/v2\/types\/post"}],"author":[{"embeddable":true,"href":"https:\/\/www.africa-press.net\/burkina-faso\/wp-json\/wp\/v2\/users\/82"}],"replies":[{"embeddable":true,"href":"https:\/\/www.africa-press.net\/burkina-faso\/wp-json\/wp\/v2\/comments?post=2282"}],"version-history":[{"count":0,"href":"https:\/\/www.africa-press.net\/burkina-faso\/wp-json\/wp\/v2\/posts\/2282\/revisions"}],"wp:featuredmedia":[{"embeddable":true,"href":"https:\/\/www.africa-press.net\/burkina-faso\/wp-json\/wp\/v2\/media\/2281"}],"wp:attachment":[{"href":"https:\/\/www.africa-press.net\/burkina-faso\/wp-json\/wp\/v2\/media?parent=2282"}],"wp:term":[{"taxonomy":"category","embeddable":true,"href":"https:\/\/www.africa-press.net\/burkina-faso\/wp-json\/wp\/v2\/categories?post=2282"},{"taxonomy":"post_tag","embeddable":true,"href":"https:\/\/www.africa-press.net\/burkina-faso\/wp-json\/wp\/v2\/tags?post=2282"}],"curies":[{"name":"wp","href":"https:\/\/api.w.org\/{rel}","templated":true}]}}