{"id":2284,"date":"2020-12-17T17:06:42","date_gmt":"2020-12-17T17:06:42","guid":{"rendered":"https:\/\/www.africa-press.com\/burkina-faso\/?p=2284"},"modified":"2020-12-17T16:11:42","modified_gmt":"2020-12-17T16:11:42","slug":"education-en-situation-durgence-long-educo-apporte-de-la-joie-a-11-500-enfants-deplaces-internes","status":"publish","type":"post","link":"https:\/\/www.africa-press.net\/burkina-faso\/culture-et-art\/education-en-situation-durgence-long-educo-apporte-de-la-joie-a-11-500-enfants-deplaces-internes","title":{"rendered":"\u00c9ducation en situation d&rsquo;urgence : L&rsquo;ONG Educo apporte de la joie \u00e0 11 500 enfants d\u00e9plac\u00e9s internes"},"content":{"rendered":"<p><span style=\"color: #ff6600\"><strong><a href=\"https:\/\/www.africa-press.com\">Africa-Press<\/a> &#8211; <a href=\"https:\/\/www.africa-press.com\/burkina-faso\">Burkina Faso<\/a>. <\/strong><\/span><b>Les r\u00e9gions du Nord et de la Boucle du Mouhoun b\u00e9n\u00e9ficient d\u00e9sormais d\u2019un nouveau projet afin de contribuer au maintien de l\u2019\u00e9ducation des enfants d\u00e9plac\u00e9s internes. D\u00e9nomm\u00e9 projet \u00ab R\u00e9ponse inclusive et s\u00fbre pour la continuit\u00e9 de l\u2019\u00e9ducation des enfants d\u00e9plac\u00e9s internes de 3 \u00e0 18 ans dans les r\u00e9gions du Nord et de la Boucle du Mouhoun (RESCODE) \u00bb, il a \u00e9t\u00e9 officiellement lanc\u00e9 ce mercredi 16 d\u00e9cembre 2020 \u00e0 D\u00e9dougou.<\/b><\/p>\n<p>Le projet RESCODE se donne pour mission de favoriser l\u2019acc\u00e8s \u00e0 l\u2019\u00e9ducation des enfants de 3 \u00e0 18 ans affect\u00e9s par la crise s\u00e9curitaire dans les r\u00e9gions du Nord et de la Boucle du Mouhoun. Il est mis en \u0153uvre par l\u2019ONG Educo Burkina\/Niger avec ses partenaires dont Tabital Lobal et Association donnons-nous la main. Ce projet est financ\u00e9 par Education cannot wait (ECW) sur une dur\u00e9e de 12 mois (juillet 2020 \u00e0 juin 2021). Il concerne ainsi 11 500 enfants d\u00e9plac\u00e9s internes, vuln\u00e9rables ou issus des populations h\u00f4tes affect\u00e9es par la crise s\u00e9curitaire dont 6 900 filles et 4 600 gar\u00e7ons. Aussi, 268 acteurs de l\u2019\u00e9ducation du pr\u00e9scolaire, du primaire, du post primaire et secondaire en sont b\u00e9n\u00e9ficiaires.<\/p>\n<p>Avec la d\u00e9gradation de la situation s\u00e9curitaire dans certaines r\u00e9gions du Burkina Faso, notamment au Nord et dans la Boucle du Mouhoun, le nombre d\u2019\u00e9coles ferm\u00e9es dans ces localit\u00e9s est sans cesse croissant et des milliers d\u2019\u00e9l\u00e8ves en sont affect\u00e9s. C\u2019est ainsi que, dans la perspective de contribuer au maintien de l\u2019\u00e9ducation des enfants d\u00e9plac\u00e9s internes, ce projet a \u00e9t\u00e9 pens\u00e9.<\/p>\n<p>Pour le haut-commissaire de la province du Sourou, Lucien Guengu\u00e9r\u00e9, repr\u00e9sentant le gouverneur de la r\u00e9gion de la Boucle du Mouhoun \u00e0 cette c\u00e9r\u00e9monie de lancement, ce projet vient \u00e0 point nomm\u00e9. Il vise \u00e0 apporter sa part contributive \u00e0 la r\u00e9duction des obstacles li\u00e9s \u00e0 l\u2019\u00e9ducation des enfants vuln\u00e9rables affect\u00e9s par la crise s\u00e9curitaire et r\u00e9pondre ainsi aux diff\u00e9rentes pr\u00e9occupations de nombreux parents d\u2019\u00e9l\u00e8ves, des \u00e9l\u00e8ves, etc. C\u2019est pourquoi, il a salu\u00e9 cette initiative \u00e0 sa juste valeur. Aussi, il a exprim\u00e9 sa gratitude aux acteurs de mise en \u0153uvre dudit projet, tout en r\u00e9it\u00e9rant la disponibilit\u00e9 de l\u2019administration r\u00e9gionale \u00e0 accompagner \u00ab\u00a0cette belle initiative\u00a0\u00bb.<\/p>\n<p><b>R\u00e9duire les obstacles \u00e0 l\u2019\u00e9ducation des enfants vuln\u00e9rables<\/b><\/p>\n<p>Levi Djiguemd\u00e9 est le directeur pays adjoint Burkina\/Niger de la Fondation Educo. Il a pr\u00e9sent\u00e9 sa structure comme \u00e9tant une coop\u00e9ration espagnole de d\u00e9veloppement qui agit depuis plus de 25 ans en faveur des enfants et pour la d\u00e9fense de leurs droits, sp\u00e9cialement le droit \u00e0 une \u00e9ducation \u00e9quitable, de qualit\u00e9 et transformatrice. \u00ab Nous envisageons un monde o\u00f9 tous les enfants jouissent pleinement de leurs droits et vivent en toute dignit\u00e9 \u00bb, a-t-il insist\u00e9.<\/p>\n<p>Selon lui, le projet se veut \u00eatre une contribution \u00e0 la r\u00e9alisation des objectifs du plan d\u2019urgence 2020 du secteur de l\u2019\u00e9ducation et particuli\u00e8rement de la strat\u00e9gie nationale de scolarisation des \u00e9l\u00e8ves des zones \u00e0 fort d\u00e9fis s\u00e9curitaires. \u00ab Ce projet est tr\u00e8s important pour ces deux r\u00e9gions afin de pouvoir accompagner leurs directions r\u00e9gionales en charge de l\u2019\u00e9ducation dans leurs efforts pour que les enfants puissent continuer \u00e0 apprendre dans un environnement s\u00fbr et s\u00e9curis\u00e9. Ce projet voudrait contribuer \u00e0 am\u00e9liorer l\u2019acc\u00e8s et le maintien \u00e0 une \u00e9ducation inclusive, s\u00fbre et de qualit\u00e9 pour les filles et les gar\u00e7ons affect\u00e9s par la crise s\u00e9curitaire au Burkina Faso \u00bb, a-t-il laiss\u00e9 entendre. Il a par ailleurs soulign\u00e9 que le ciblage des 11 500 enfants se fera en collaboration avec les directions r\u00e9gionales et provinciales en charge de l\u2019\u00e9ducation qui ont d\u00e9j\u00e0 une strat\u00e9gie de travail sur le terrain.<\/p>\n<p>Ainsi, il est attendu du projet, entre autres, la construction et l\u2019\u00e9quipement de 28 salles de classes semi temporaires pour le pr\u00e9scolaire et le primaire, la r\u00e9habilitation des salles de classes incluant la r\u00e9alisation de rampes d\u2019acc\u00e8s et de tableaux adapt\u00e9s, l\u2019\u00e9quipement de 18 espaces d\u2019\u00e9ducation pr\u00e9scolaires et primaire en installations ludiques ext\u00e9rieures, l\u2019acquisition de stocks de vivres pour la cantine dans 28 \u00e9coles, la conception diffusion d\u2019\u00e9missions radio sur l\u2019\u00e9ducation parentale sur le d\u00e9veloppement holistique du jeune enfant et sur l\u2019int\u00e9r\u00eat de l\u2019\u00e9ducation pr\u00e9scolaire dans trois langues.<\/p>\n<p>Il est attendu \u00e9galement du projet, la dotation de 126 salles de classe du primaire en manuels scolaires, la dotation de 1500 filles et gar\u00e7ons du primaire et du secondaire en fournitures scolaires, la dotation de 1615 postes radio pour les enfants en classe d\u2019examen des \u00e9coles cibl\u00e9es, la r\u00e9habilitation de blocs de latrines, etc.<\/p>\n<p>\u00ab Les \u00e9l\u00e8ves seront dot\u00e9s d\u2019outils p\u00e9dagogiques pour renforcer leur processus d\u2019apprentissage. Nous allons aussi octroyer des bourses aux \u00e9l\u00e8ves les plus vuln\u00e9rables. Les acteurs de l\u2019\u00e9ducation seront \u00e9galement form\u00e9s. Avec la crise sanitaire, les \u00e9coles seront dot\u00e9es de dispositifs de lavage de mains pour freiner la maladie.[ Cliquez ici pour lire l\u2019int\u00e9gralit\u00e9 ]<\/p>\n<p><b>Romuald Dofini<br \/>\n<\/b><\/p>\n","protected":false},"excerpt":{"rendered":"<p>Africa-Press &#8211; Burkina Faso. Les r\u00e9gions du Nord et de la Boucle du Mouhoun b\u00e9n\u00e9ficient d\u00e9sormais d\u2019un nouveau projet afin de contribuer au maintien de l\u2019\u00e9ducation des enfants d\u00e9plac\u00e9s internes. D\u00e9nomm\u00e9 projet \u00ab R\u00e9ponse inclusive et s\u00fbre pour la continuit\u00e9 de l\u2019\u00e9ducation des enfants d\u00e9plac\u00e9s internes de 3 \u00e0 18 ans dans les r\u00e9gions du [&hellip;]<\/p>\n","protected":false},"author":82,"featured_media":2283,"comment_status":"open","ping_status":"closed","sticky":false,"template":"","format":"standard","meta":{"footnotes":""},"categories":[5,11,10],"tags":[111,29],"class_list":["post-2284","post","type-post","status-publish","format-standard","has-post-thumbnail","hentry","category-culture-et-art","category-homepage-french","category-toutes-les-actualites","tag-africa-press","tag-burkina-faso"],"yoast_head":"<!-- This site is optimized with the Yoast SEO Premium plugin v26.1 (Yoast SEO v27.0) - https:\/\/yoast.com\/product\/yoast-seo-premium-wordpress\/ -->\n<title>\u00c9ducation en situation d&#039;urgence : L&#039;ONG Educo apporte de la joie \u00e0 11 500 enfants d\u00e9plac\u00e9s internes - Burkina Faso<\/title>\n<meta name=\"description\" content=\"Africa-Press - Burkina Faso. Les r\u00e9gions du Nord et de la Boucle du Mouhoun b\u00e9n\u00e9ficient d\u00e9sormais\" \/>\n<meta name=\"robots\" content=\"index, follow, max-snippet:-1, max-image-preview:large, max-video-preview:-1\" \/>\n<link rel=\"canonical\" href=\"https:\/\/www.africa-press.net\/burkina-faso\/culture-et-art\/education-en-situation-durgence-long-educo-apporte-de-la-joie-a-11-500-enfants-deplaces-internes\" \/>\n<meta property=\"og:locale\" content=\"fr_FR\" \/>\n<meta property=\"og:type\" content=\"article\" \/>\n<meta property=\"og:title\" content=\"\u00c9ducation en situation d&#039;urgence : L&#039;ONG Educo apporte de la joie \u00e0 11 500 enfants d\u00e9plac\u00e9s internes\" \/>\n<meta property=\"og:description\" content=\"Africa-Press - Burkina Faso. Les r\u00e9gions du Nord et de la Boucle du Mouhoun b\u00e9n\u00e9ficient d\u00e9sormais\" \/>\n<meta property=\"og:url\" content=\"https:\/\/www.africa-press.net\/burkina-faso\/culture-et-art\/education-en-situation-durgence-long-educo-apporte-de-la-joie-a-11-500-enfants-deplaces-internes\" \/>\n<meta property=\"og:site_name\" content=\"Burkina Faso\" \/>\n<meta property=\"article:published_time\" content=\"2020-12-17T17:06:42+00:00\" \/>\n<meta property=\"og:image\" content=\"https:\/\/static.africa-press.net\/burkina\/sites\/42\/2020\/12\/img-5fdb7ebdb0f9b.jpg\" \/>\n\t<meta property=\"og:image:width\" content=\"640\" \/>\n\t<meta property=\"og:image:height\" content=\"396\" \/>\n\t<meta property=\"og:image:type\" content=\"image\/jpeg\" \/>\n<meta name=\"author\" content=\"cfeditorfr\" \/>\n<meta name=\"twitter:card\" content=\"summary_large_image\" \/>\n<meta name=\"twitter:label1\" content=\"\u00c9crit par\" \/>\n\t<meta name=\"twitter:data1\" content=\"cfeditorfr\" \/>\n\t<meta name=\"twitter:label2\" content=\"Dur\u00e9e de lecture estim\u00e9e\" \/>\n\t<meta name=\"twitter:data2\" content=\"4 minutes\" \/>\n<script type=\"application\/ld+json\" class=\"yoast-schema-graph\">{\"@context\":\"https:\/\/schema.org\",\"@graph\":[{\"@type\":\"Article\",\"@id\":\"https:\/\/www.africa-press.net\/burkina-faso\/culture-et-art\/education-en-situation-durgence-long-educo-apporte-de-la-joie-a-11-500-enfants-deplaces-internes#article\",\"isPartOf\":{\"@id\":\"https:\/\/www.africa-press.net\/burkina-faso\/culture-et-art\/education-en-situation-durgence-long-educo-apporte-de-la-joie-a-11-500-enfants-deplaces-internes\"},\"author\":{\"name\":\"cfeditorfr\",\"@id\":\"https:\/\/www.africa-press.net\/burkina-faso\/#\/schema\/person\/2b1cf3cd81a31e3cd26889ca66d677f1\"},\"headline\":\"\u00c9ducation en situation d&rsquo;urgence : L&rsquo;ONG Educo apporte de la joie \u00e0 11 500 enfants d\u00e9plac\u00e9s internes\",\"datePublished\":\"2020-12-17T17:06:42+00:00\",\"mainEntityOfPage\":{\"@id\":\"https:\/\/www.africa-press.net\/burkina-faso\/culture-et-art\/education-en-situation-durgence-long-educo-apporte-de-la-joie-a-11-500-enfants-deplaces-internes\"},\"wordCount\":898,\"commentCount\":0,\"image\":{\"@id\":\"https:\/\/www.africa-press.net\/burkina-faso\/culture-et-art\/education-en-situation-durgence-long-educo-apporte-de-la-joie-a-11-500-enfants-deplaces-internes#primaryimage\"},\"thumbnailUrl\":\"https:\/\/static.africa-press.net\/burkina\/sites\/42\/2020\/12\/img-5fdb7ebdb0f9b.jpg\",\"keywords\":[\"Africa Press\",\"Burkina Faso\"],\"articleSection\":[\"Culture et Art\",\"homepage-french\",\"Toutes les actualit\u00e9s\"],\"inLanguage\":\"fr-FR\",\"potentialAction\":[{\"@type\":\"CommentAction\",\"name\":\"Comment\",\"target\":[\"https:\/\/www.africa-press.net\/burkina-faso\/culture-et-art\/education-en-situation-durgence-long-educo-apporte-de-la-joie-a-11-500-enfants-deplaces-internes#respond\"]}]},{\"@type\":\"WebPage\",\"@id\":\"https:\/\/www.africa-press.net\/burkina-faso\/culture-et-art\/education-en-situation-durgence-long-educo-apporte-de-la-joie-a-11-500-enfants-deplaces-internes\",\"url\":\"https:\/\/www.africa-press.net\/burkina-faso\/culture-et-art\/education-en-situation-durgence-long-educo-apporte-de-la-joie-a-11-500-enfants-deplaces-internes\",\"name\":\"\u00c9ducation en situation d'urgence : L'ONG Educo apporte de la joie \u00e0 11 500 enfants d\u00e9plac\u00e9s internes - Burkina Faso\",\"isPartOf\":{\"@id\":\"https:\/\/www.africa-press.net\/burkina-faso\/#website\"},\"primaryImageOfPage\":{\"@id\":\"https:\/\/www.africa-press.net\/burkina-faso\/culture-et-art\/education-en-situation-durgence-long-educo-apporte-de-la-joie-a-11-500-enfants-deplaces-internes#primaryimage\"},\"image\":{\"@id\":\"https:\/\/www.africa-press.net\/burkina-faso\/culture-et-art\/education-en-situation-durgence-long-educo-apporte-de-la-joie-a-11-500-enfants-deplaces-internes#primaryimage\"},\"thumbnailUrl\":\"https:\/\/static.africa-press.net\/burkina\/sites\/42\/2020\/12\/img-5fdb7ebdb0f9b.jpg\",\"datePublished\":\"2020-12-17T17:06:42+00:00\",\"author\":{\"@id\":\"https:\/\/www.africa-press.net\/burkina-faso\/#\/schema\/person\/2b1cf3cd81a31e3cd26889ca66d677f1\"},\"description\":\"Africa-Press - Burkina Faso. Les r\u00e9gions du Nord et de la Boucle du Mouhoun b\u00e9n\u00e9ficient d\u00e9sormais\",\"breadcrumb\":{\"@id\":\"https:\/\/www.africa-press.net\/burkina-faso\/culture-et-art\/education-en-situation-durgence-long-educo-apporte-de-la-joie-a-11-500-enfants-deplaces-internes#breadcrumb\"},\"inLanguage\":\"fr-FR\",\"potentialAction\":[{\"@type\":\"ReadAction\",\"target\":[\"https:\/\/www.africa-press.net\/burkina-faso\/culture-et-art\/education-en-situation-durgence-long-educo-apporte-de-la-joie-a-11-500-enfants-deplaces-internes\"]}]},{\"@type\":\"ImageObject\",\"inLanguage\":\"fr-FR\",\"@id\":\"https:\/\/www.africa-press.net\/burkina-faso\/culture-et-art\/education-en-situation-durgence-long-educo-apporte-de-la-joie-a-11-500-enfants-deplaces-internes#primaryimage\",\"url\":\"https:\/\/static.africa-press.net\/burkina\/sites\/42\/2020\/12\/img-5fdb7ebdb0f9b.jpg\",\"contentUrl\":\"https:\/\/static.africa-press.net\/burkina\/sites\/42\/2020\/12\/img-5fdb7ebdb0f9b.jpg\",\"width\":640,\"height\":396,\"caption\":\"\u00c9ducation en situation d'urgence : L'ONG Educo apporte de la joie \u00e0 11 500 enfants d\u00e9plac\u00e9s internes\"},{\"@type\":\"BreadcrumbList\",\"@id\":\"https:\/\/www.africa-press.net\/burkina-faso\/culture-et-art\/education-en-situation-durgence-long-educo-apporte-de-la-joie-a-11-500-enfants-deplaces-internes#breadcrumb\",\"itemListElement\":[{\"@type\":\"ListItem\",\"position\":1,\"name\":\"Accueil\",\"item\":\"https:\/\/www.africa-press.net\/burkina-faso\/\"},{\"@type\":\"ListItem\",\"position\":2,\"name\":\"\u00c9ducation en situation d&#8217;urgence : L&#8217;ONG Educo apporte de la joie \u00e0 11 500 enfants d\u00e9plac\u00e9s internes\"}]},{\"@type\":\"WebSite\",\"@id\":\"https:\/\/www.africa-press.net\/burkina-faso\/#website\",\"url\":\"https:\/\/www.africa-press.net\/burkina-faso\/\",\"name\":\"Burkina Faso\",\"description\":\"Just another Africa News Agency Sites site\",\"potentialAction\":[{\"@type\":\"SearchAction\",\"target\":{\"@type\":\"EntryPoint\",\"urlTemplate\":\"https:\/\/www.africa-press.net\/burkina-faso\/?s={search_term_string}\"},\"query-input\":{\"@type\":\"PropertyValueSpecification\",\"valueRequired\":true,\"valueName\":\"search_term_string\"}}],\"inLanguage\":\"fr-FR\"},{\"@type\":\"Person\",\"@id\":\"https:\/\/www.africa-press.net\/burkina-faso\/#\/schema\/person\/2b1cf3cd81a31e3cd26889ca66d677f1\",\"name\":\"cfeditorfr\"}]}<\/script>\n<!-- \/ Yoast SEO Premium plugin. -->","yoast_head_json":{"title":"\u00c9ducation en situation d'urgence : L'ONG Educo apporte de la joie \u00e0 11 500 enfants d\u00e9plac\u00e9s internes - Burkina Faso","description":"Africa-Press - Burkina Faso. Les r\u00e9gions du Nord et de la Boucle du Mouhoun b\u00e9n\u00e9ficient d\u00e9sormais","robots":{"index":"index","follow":"follow","max-snippet":"max-snippet:-1","max-image-preview":"max-image-preview:large","max-video-preview":"max-video-preview:-1"},"canonical":"https:\/\/www.africa-press.net\/burkina-faso\/culture-et-art\/education-en-situation-durgence-long-educo-apporte-de-la-joie-a-11-500-enfants-deplaces-internes","og_locale":"fr_FR","og_type":"article","og_title":"\u00c9ducation en situation d'urgence : L'ONG Educo apporte de la joie \u00e0 11 500 enfants d\u00e9plac\u00e9s internes","og_description":"Africa-Press - Burkina Faso. Les r\u00e9gions du Nord et de la Boucle du Mouhoun b\u00e9n\u00e9ficient d\u00e9sormais","og_url":"https:\/\/www.africa-press.net\/burkina-faso\/culture-et-art\/education-en-situation-durgence-long-educo-apporte-de-la-joie-a-11-500-enfants-deplaces-internes","og_site_name":"Burkina Faso","article_published_time":"2020-12-17T17:06:42+00:00","og_image":[{"width":640,"height":396,"url":"https:\/\/static.africa-press.net\/burkina\/sites\/42\/2020\/12\/img-5fdb7ebdb0f9b.jpg","type":"image\/jpeg"}],"author":"cfeditorfr","twitter_card":"summary_large_image","twitter_misc":{"\u00c9crit par":"cfeditorfr","Dur\u00e9e de lecture estim\u00e9e":"4 minutes"},"schema":{"@context":"https:\/\/schema.org","@graph":[{"@type":"Article","@id":"https:\/\/www.africa-press.net\/burkina-faso\/culture-et-art\/education-en-situation-durgence-long-educo-apporte-de-la-joie-a-11-500-enfants-deplaces-internes#article","isPartOf":{"@id":"https:\/\/www.africa-press.net\/burkina-faso\/culture-et-art\/education-en-situation-durgence-long-educo-apporte-de-la-joie-a-11-500-enfants-deplaces-internes"},"author":{"name":"cfeditorfr","@id":"https:\/\/www.africa-press.net\/burkina-faso\/#\/schema\/person\/2b1cf3cd81a31e3cd26889ca66d677f1"},"headline":"\u00c9ducation en situation d&rsquo;urgence : L&rsquo;ONG Educo apporte de la joie \u00e0 11 500 enfants d\u00e9plac\u00e9s internes","datePublished":"2020-12-17T17:06:42+00:00","mainEntityOfPage":{"@id":"https:\/\/www.africa-press.net\/burkina-faso\/culture-et-art\/education-en-situation-durgence-long-educo-apporte-de-la-joie-a-11-500-enfants-deplaces-internes"},"wordCount":898,"commentCount":0,"image":{"@id":"https:\/\/www.africa-press.net\/burkina-faso\/culture-et-art\/education-en-situation-durgence-long-educo-apporte-de-la-joie-a-11-500-enfants-deplaces-internes#primaryimage"},"thumbnailUrl":"https:\/\/static.africa-press.net\/burkina\/sites\/42\/2020\/12\/img-5fdb7ebdb0f9b.jpg","keywords":["Africa Press","Burkina Faso"],"articleSection":["Culture et Art","homepage-french","Toutes les actualit\u00e9s"],"inLanguage":"fr-FR","potentialAction":[{"@type":"CommentAction","name":"Comment","target":["https:\/\/www.africa-press.net\/burkina-faso\/culture-et-art\/education-en-situation-durgence-long-educo-apporte-de-la-joie-a-11-500-enfants-deplaces-internes#respond"]}]},{"@type":"WebPage","@id":"https:\/\/www.africa-press.net\/burkina-faso\/culture-et-art\/education-en-situation-durgence-long-educo-apporte-de-la-joie-a-11-500-enfants-deplaces-internes","url":"https:\/\/www.africa-press.net\/burkina-faso\/culture-et-art\/education-en-situation-durgence-long-educo-apporte-de-la-joie-a-11-500-enfants-deplaces-internes","name":"\u00c9ducation en situation d'urgence : L'ONG Educo apporte de la joie \u00e0 11 500 enfants d\u00e9plac\u00e9s internes - Burkina Faso","isPartOf":{"@id":"https:\/\/www.africa-press.net\/burkina-faso\/#website"},"primaryImageOfPage":{"@id":"https:\/\/www.africa-press.net\/burkina-faso\/culture-et-art\/education-en-situation-durgence-long-educo-apporte-de-la-joie-a-11-500-enfants-deplaces-internes#primaryimage"},"image":{"@id":"https:\/\/www.africa-press.net\/burkina-faso\/culture-et-art\/education-en-situation-durgence-long-educo-apporte-de-la-joie-a-11-500-enfants-deplaces-internes#primaryimage"},"thumbnailUrl":"https:\/\/static.africa-press.net\/burkina\/sites\/42\/2020\/12\/img-5fdb7ebdb0f9b.jpg","datePublished":"2020-12-17T17:06:42+00:00","author":{"@id":"https:\/\/www.africa-press.net\/burkina-faso\/#\/schema\/person\/2b1cf3cd81a31e3cd26889ca66d677f1"},"description":"Africa-Press - Burkina Faso. Les r\u00e9gions du Nord et de la Boucle du Mouhoun b\u00e9n\u00e9ficient d\u00e9sormais","breadcrumb":{"@id":"https:\/\/www.africa-press.net\/burkina-faso\/culture-et-art\/education-en-situation-durgence-long-educo-apporte-de-la-joie-a-11-500-enfants-deplaces-internes#breadcrumb"},"inLanguage":"fr-FR","potentialAction":[{"@type":"ReadAction","target":["https:\/\/www.africa-press.net\/burkina-faso\/culture-et-art\/education-en-situation-durgence-long-educo-apporte-de-la-joie-a-11-500-enfants-deplaces-internes"]}]},{"@type":"ImageObject","inLanguage":"fr-FR","@id":"https:\/\/www.africa-press.net\/burkina-faso\/culture-et-art\/education-en-situation-durgence-long-educo-apporte-de-la-joie-a-11-500-enfants-deplaces-internes#primaryimage","url":"https:\/\/static.africa-press.net\/burkina\/sites\/42\/2020\/12\/img-5fdb7ebdb0f9b.jpg","contentUrl":"https:\/\/static.africa-press.net\/burkina\/sites\/42\/2020\/12\/img-5fdb7ebdb0f9b.jpg","width":640,"height":396,"caption":"\u00c9ducation en situation d'urgence : L'ONG Educo apporte de la joie \u00e0 11 500 enfants d\u00e9plac\u00e9s internes"},{"@type":"BreadcrumbList","@id":"https:\/\/www.africa-press.net\/burkina-faso\/culture-et-art\/education-en-situation-durgence-long-educo-apporte-de-la-joie-a-11-500-enfants-deplaces-internes#breadcrumb","itemListElement":[{"@type":"ListItem","position":1,"name":"Accueil","item":"https:\/\/www.africa-press.net\/burkina-faso\/"},{"@type":"ListItem","position":2,"name":"\u00c9ducation en situation d&#8217;urgence : L&#8217;ONG Educo apporte de la joie \u00e0 11 500 enfants d\u00e9plac\u00e9s internes"}]},{"@type":"WebSite","@id":"https:\/\/www.africa-press.net\/burkina-faso\/#website","url":"https:\/\/www.africa-press.net\/burkina-faso\/","name":"Burkina Faso","description":"Just another Africa News Agency Sites site","potentialAction":[{"@type":"SearchAction","target":{"@type":"EntryPoint","urlTemplate":"https:\/\/www.africa-press.net\/burkina-faso\/?s={search_term_string}"},"query-input":{"@type":"PropertyValueSpecification","valueRequired":true,"valueName":"search_term_string"}}],"inLanguage":"fr-FR"},{"@type":"Person","@id":"https:\/\/www.africa-press.net\/burkina-faso\/#\/schema\/person\/2b1cf3cd81a31e3cd26889ca66d677f1","name":"cfeditorfr"}]}},"_links":{"self":[{"href":"https:\/\/www.africa-press.net\/burkina-faso\/wp-json\/wp\/v2\/posts\/2284","targetHints":{"allow":["GET"]}}],"collection":[{"href":"https:\/\/www.africa-press.net\/burkina-faso\/wp-json\/wp\/v2\/posts"}],"about":[{"href":"https:\/\/www.africa-press.net\/burkina-faso\/wp-json\/wp\/v2\/types\/post"}],"author":[{"embeddable":true,"href":"https:\/\/www.africa-press.net\/burkina-faso\/wp-json\/wp\/v2\/users\/82"}],"replies":[{"embeddable":true,"href":"https:\/\/www.africa-press.net\/burkina-faso\/wp-json\/wp\/v2\/comments?post=2284"}],"version-history":[{"count":0,"href":"https:\/\/www.africa-press.net\/burkina-faso\/wp-json\/wp\/v2\/posts\/2284\/revisions"}],"wp:featuredmedia":[{"embeddable":true,"href":"https:\/\/www.africa-press.net\/burkina-faso\/wp-json\/wp\/v2\/media\/2283"}],"wp:attachment":[{"href":"https:\/\/www.africa-press.net\/burkina-faso\/wp-json\/wp\/v2\/media?parent=2284"}],"wp:term":[{"taxonomy":"category","embeddable":true,"href":"https:\/\/www.africa-press.net\/burkina-faso\/wp-json\/wp\/v2\/categories?post=2284"},{"taxonomy":"post_tag","embeddable":true,"href":"https:\/\/www.africa-press.net\/burkina-faso\/wp-json\/wp\/v2\/tags?post=2284"}],"curies":[{"name":"wp","href":"https:\/\/api.w.org\/{rel}","templated":true}]}}