{"id":2286,"date":"2020-12-17T17:20:19","date_gmt":"2020-12-17T17:20:19","guid":{"rendered":"https:\/\/www.africa-press.com\/burkina-faso\/?p=2286"},"modified":"2020-12-17T16:14:40","modified_gmt":"2020-12-17T16:14:40","slug":"kaya-227-cas-daccidents-de-la-circulation-enregistres-au-cours-de-lannee-2020","status":"publish","type":"post","link":"https:\/\/www.africa-press.net\/burkina-faso\/toutes-les-actualites\/kaya-227-cas-daccidents-de-la-circulation-enregistres-au-cours-de-lannee-2020","title":{"rendered":"Kaya : 227 cas d\u2019accidents de la circulation enregistr\u00e9s au cours de l\u2019ann\u00e9e 2020"},"content":{"rendered":"<p><span style=\"color: #ff6600\"><strong><a href=\"https:\/\/www.africa-press.com\">Africa-Press<\/a> &#8211; <a href=\"https:\/\/www.africa-press.com\/burkina-faso\">Burkina Faso<\/a>. <\/strong><\/span><b>Pour contribuer \u00e0 r\u00e9duire le taux d\u2019accidents de la circulation \u00e0 Kaya, la direction r\u00e9gionale des Transports, de la Mobilit\u00e9 urbaine et de la S\u00e9curit\u00e9 routi\u00e8re du Centre-Nord, a initi\u00e9 des actions de sensibilisation du 9 au 31 d\u00e9cembre 2020 \u00e0 l\u2019endroit des personnes d\u00e9plac\u00e9es internes \u00e0 Kaya. L\u2019\u00e9quipe a re\u00e7u la visite du premier responsable de la r\u00e9gion du Centre-Nord ce mardi 16 d\u00e9cembre sur le site de Kouimkouli 1.<\/b><\/p>\n<p>Selon les donn\u00e9es de la section des accidents de la police nationale du commissariat central de police de Kaya, la ville a enregistr\u00e9 respectivement 223 et 227 cas d\u2019accidents de la circulation en 2019 et 2020 avec 28 d\u00e9c\u00e8s. Parmi les principales causes de ces accidents figurent l\u2019ignorance et l\u2019imprudence chez les personnes d\u00e9plac\u00e9es internes.<\/p>\n<p>C\u2019est pour sensibiliser ces personnes que la direction r\u00e9gionale des Transports, de la Mobilit\u00e9 urbaine et de la S\u00e9curit\u00e9 routi\u00e8re du Centre-Nord, a organis\u00e9 des s\u00e9ances de sensibilisation dans les sites des personnes d\u00e9plac\u00e9es internes. \u00ab Nous avons organis\u00e9 ces activit\u00e9s en collaboration avec la direction r\u00e9gionale de la police nationale du Centre-Nord, la 7e compagnie de la brigade nationale des sapeurs-pompiers et la police municipale de Kaya pour contribuer \u00e0 r\u00e9duire le taux d\u2019accidents dans la ville de Kaya \u00bb a expliqu\u00e9 Lassan\u00e9 Ou\u00e9draogo, directeur r\u00e9gional des Transports, de la Mobilit\u00e9 urbaine et de la S\u00e9curit\u00e9 routi\u00e8re du Centre-Nord.<\/p>\n<p>Au cours de la s\u00e9ance, chaque acteur, notamment, les sapeurs-pompiers, la police municipale, la gendarmerie ainsi que la police nationale, a expliqu\u00e9 son r\u00f4le dans la protection de tous les citoyens. Ils ont tous invit\u00e9 les personnes d\u00e9plac\u00e9es internes, et la population en g\u00e9n\u00e9ral, \u00e0 collaborer avec les agents sur le terrain afin de r\u00e9duire les d\u00e9c\u00e8s li\u00e9s aux accidents de la circulation. Des \u00e9changes qui r\u00e9jouissent les personnes d\u00e9plac\u00e9es internes qui ignoraient toujours le r\u00f4le des soldats du feu et de ceux charg\u00e9s de la r\u00e9gulation de la circulation.<\/p>\n<p><b>La peur de voir un homme de tenue<\/b><\/p>\n<p>\u00ab Nous sommes tr\u00e8s fiers ce matin de savoir que les hommes de tenue sont dans les rues pour nous aider \u00e0 bien circuler \u00bb, s\u2019est r\u00e9jouie Fatimata Korogo, venue de Pensa, avant d\u2019exprimer la peur qu\u2019elle avait des corps habill\u00e9s : \u00ab Comme nous avions quitt\u00e9 chez nous \u00e0 cause des fusils, voir un agent avec arme \u00e0 la main nous fait peur. Dans notre peur nous ne savions plus o\u00f9 aller, surtout avec des v\u00e9hicules et motos partout et cela cause des accidents \u00bb.[ Cliquez ici pour lire l\u2019int\u00e9gralit\u00e9 ]<\/p>\n<p><b>\u00a0<\/b><\/p>\n","protected":false},"excerpt":{"rendered":"<p>Africa-Press &#8211; Burkina Faso. Pour contribuer \u00e0 r\u00e9duire le taux d\u2019accidents de la circulation \u00e0 Kaya, la direction r\u00e9gionale des Transports, de la Mobilit\u00e9 urbaine et de la S\u00e9curit\u00e9 routi\u00e8re du Centre-Nord, a initi\u00e9 des actions de sensibilisation du 9 au 31 d\u00e9cembre 2020 \u00e0 l\u2019endroit des personnes d\u00e9plac\u00e9es internes \u00e0 Kaya. L\u2019\u00e9quipe a re\u00e7u [&hellip;]<\/p>\n","protected":false},"author":82,"featured_media":2285,"comment_status":"open","ping_status":"closed","sticky":false,"template":"","format":"standard","meta":{"footnotes":""},"categories":[21,11,10],"tags":[111,29],"class_list":["post-2286","post","type-post","status-publish","format-standard","has-post-thumbnail","hentry","category-communaute","category-homepage-french","category-toutes-les-actualites","tag-africa-press","tag-burkina-faso"],"yoast_head":"<!-- This site is optimized with the Yoast SEO Premium plugin v26.1 (Yoast SEO v27.0) - https:\/\/yoast.com\/product\/yoast-seo-premium-wordpress\/ -->\n<title>Kaya : 227 cas d\u2019accidents de la circulation enregistr\u00e9s au cours de l\u2019ann\u00e9e 2020 - Burkina Faso<\/title>\n<meta name=\"description\" content=\"Africa-Press - Burkina Faso. Pour contribuer \u00e0 r\u00e9duire le taux d\u2019accidents de la circulation \u00e0 Kaya, la direction\" \/>\n<meta name=\"robots\" content=\"index, follow, max-snippet:-1, max-image-preview:large, max-video-preview:-1\" \/>\n<link rel=\"canonical\" href=\"https:\/\/www.africa-press.net\/burkina-faso\/toutes-les-actualites\/kaya-227-cas-daccidents-de-la-circulation-enregistres-au-cours-de-lannee-2020\" \/>\n<meta property=\"og:locale\" content=\"fr_FR\" \/>\n<meta property=\"og:type\" content=\"article\" \/>\n<meta property=\"og:title\" content=\"Kaya : 227 cas d\u2019accidents de la circulation enregistr\u00e9s au cours de l\u2019ann\u00e9e 2020\" \/>\n<meta property=\"og:description\" content=\"Africa-Press - Burkina Faso. Pour contribuer \u00e0 r\u00e9duire le taux d\u2019accidents de la circulation \u00e0 Kaya, la direction\" \/>\n<meta property=\"og:url\" content=\"https:\/\/www.africa-press.net\/burkina-faso\/toutes-les-actualites\/kaya-227-cas-daccidents-de-la-circulation-enregistres-au-cours-de-lannee-2020\" \/>\n<meta property=\"og:site_name\" content=\"Burkina Faso\" \/>\n<meta property=\"article:published_time\" content=\"2020-12-17T17:20:19+00:00\" \/>\n<meta property=\"og:image\" content=\"https:\/\/static.africa-press.net\/burkina\/sites\/42\/2020\/12\/img-5fdb7edf078d9.jpg\" \/>\n\t<meta property=\"og:image:width\" content=\"640\" \/>\n\t<meta property=\"og:image:height\" content=\"480\" \/>\n\t<meta property=\"og:image:type\" content=\"image\/jpeg\" \/>\n<meta name=\"author\" content=\"cfeditorfr\" \/>\n<meta name=\"twitter:card\" content=\"summary_large_image\" \/>\n<meta name=\"twitter:label1\" content=\"\u00c9crit par\" \/>\n\t<meta name=\"twitter:data1\" content=\"cfeditorfr\" \/>\n\t<meta name=\"twitter:label2\" content=\"Dur\u00e9e de lecture estim\u00e9e\" \/>\n\t<meta name=\"twitter:data2\" content=\"2 minutes\" \/>\n<script type=\"application\/ld+json\" class=\"yoast-schema-graph\">{\"@context\":\"https:\/\/schema.org\",\"@graph\":[{\"@type\":\"Article\",\"@id\":\"https:\/\/www.africa-press.net\/burkina-faso\/toutes-les-actualites\/kaya-227-cas-daccidents-de-la-circulation-enregistres-au-cours-de-lannee-2020#article\",\"isPartOf\":{\"@id\":\"https:\/\/www.africa-press.net\/burkina-faso\/toutes-les-actualites\/kaya-227-cas-daccidents-de-la-circulation-enregistres-au-cours-de-lannee-2020\"},\"author\":{\"name\":\"cfeditorfr\",\"@id\":\"https:\/\/www.africa-press.net\/burkina-faso\/#\/schema\/person\/2b1cf3cd81a31e3cd26889ca66d677f1\"},\"headline\":\"Kaya : 227 cas d\u2019accidents de la circulation enregistr\u00e9s au cours de l\u2019ann\u00e9e 2020\",\"datePublished\":\"2020-12-17T17:20:19+00:00\",\"mainEntityOfPage\":{\"@id\":\"https:\/\/www.africa-press.net\/burkina-faso\/toutes-les-actualites\/kaya-227-cas-daccidents-de-la-circulation-enregistres-au-cours-de-lannee-2020\"},\"wordCount\":469,\"commentCount\":0,\"image\":{\"@id\":\"https:\/\/www.africa-press.net\/burkina-faso\/toutes-les-actualites\/kaya-227-cas-daccidents-de-la-circulation-enregistres-au-cours-de-lannee-2020#primaryimage\"},\"thumbnailUrl\":\"https:\/\/static.africa-press.net\/burkina\/sites\/42\/2020\/12\/img-5fdb7edf078d9.jpg\",\"keywords\":[\"Africa Press\",\"Burkina Faso\"],\"articleSection\":[\"Communaut\u00e9\",\"homepage-french\",\"Toutes les actualit\u00e9s\"],\"inLanguage\":\"fr-FR\",\"potentialAction\":[{\"@type\":\"CommentAction\",\"name\":\"Comment\",\"target\":[\"https:\/\/www.africa-press.net\/burkina-faso\/toutes-les-actualites\/kaya-227-cas-daccidents-de-la-circulation-enregistres-au-cours-de-lannee-2020#respond\"]}]},{\"@type\":\"WebPage\",\"@id\":\"https:\/\/www.africa-press.net\/burkina-faso\/toutes-les-actualites\/kaya-227-cas-daccidents-de-la-circulation-enregistres-au-cours-de-lannee-2020\",\"url\":\"https:\/\/www.africa-press.net\/burkina-faso\/toutes-les-actualites\/kaya-227-cas-daccidents-de-la-circulation-enregistres-au-cours-de-lannee-2020\",\"name\":\"Kaya : 227 cas d\u2019accidents de la circulation enregistr\u00e9s au cours de l\u2019ann\u00e9e 2020 - Burkina Faso\",\"isPartOf\":{\"@id\":\"https:\/\/www.africa-press.net\/burkina-faso\/#website\"},\"primaryImageOfPage\":{\"@id\":\"https:\/\/www.africa-press.net\/burkina-faso\/toutes-les-actualites\/kaya-227-cas-daccidents-de-la-circulation-enregistres-au-cours-de-lannee-2020#primaryimage\"},\"image\":{\"@id\":\"https:\/\/www.africa-press.net\/burkina-faso\/toutes-les-actualites\/kaya-227-cas-daccidents-de-la-circulation-enregistres-au-cours-de-lannee-2020#primaryimage\"},\"thumbnailUrl\":\"https:\/\/static.africa-press.net\/burkina\/sites\/42\/2020\/12\/img-5fdb7edf078d9.jpg\",\"datePublished\":\"2020-12-17T17:20:19+00:00\",\"author\":{\"@id\":\"https:\/\/www.africa-press.net\/burkina-faso\/#\/schema\/person\/2b1cf3cd81a31e3cd26889ca66d677f1\"},\"description\":\"Africa-Press - Burkina Faso. Pour contribuer \u00e0 r\u00e9duire le taux d\u2019accidents de la circulation \u00e0 Kaya, la direction\",\"breadcrumb\":{\"@id\":\"https:\/\/www.africa-press.net\/burkina-faso\/toutes-les-actualites\/kaya-227-cas-daccidents-de-la-circulation-enregistres-au-cours-de-lannee-2020#breadcrumb\"},\"inLanguage\":\"fr-FR\",\"potentialAction\":[{\"@type\":\"ReadAction\",\"target\":[\"https:\/\/www.africa-press.net\/burkina-faso\/toutes-les-actualites\/kaya-227-cas-daccidents-de-la-circulation-enregistres-au-cours-de-lannee-2020\"]}]},{\"@type\":\"ImageObject\",\"inLanguage\":\"fr-FR\",\"@id\":\"https:\/\/www.africa-press.net\/burkina-faso\/toutes-les-actualites\/kaya-227-cas-daccidents-de-la-circulation-enregistres-au-cours-de-lannee-2020#primaryimage\",\"url\":\"https:\/\/static.africa-press.net\/burkina\/sites\/42\/2020\/12\/img-5fdb7edf078d9.jpg\",\"contentUrl\":\"https:\/\/static.africa-press.net\/burkina\/sites\/42\/2020\/12\/img-5fdb7edf078d9.jpg\",\"width\":640,\"height\":480,\"caption\":\"Kaya : 227 cas d\u2019accidents de la circulation enregistr\u00e9s au cours de l\u2019ann\u00e9e 2020\"},{\"@type\":\"BreadcrumbList\",\"@id\":\"https:\/\/www.africa-press.net\/burkina-faso\/toutes-les-actualites\/kaya-227-cas-daccidents-de-la-circulation-enregistres-au-cours-de-lannee-2020#breadcrumb\",\"itemListElement\":[{\"@type\":\"ListItem\",\"position\":1,\"name\":\"Accueil\",\"item\":\"https:\/\/www.africa-press.net\/burkina-faso\/\"},{\"@type\":\"ListItem\",\"position\":2,\"name\":\"Kaya : 227 cas d\u2019accidents de la circulation enregistr\u00e9s au cours de l\u2019ann\u00e9e 2020\"}]},{\"@type\":\"WebSite\",\"@id\":\"https:\/\/www.africa-press.net\/burkina-faso\/#website\",\"url\":\"https:\/\/www.africa-press.net\/burkina-faso\/\",\"name\":\"Burkina Faso\",\"description\":\"Just another Africa News Agency Sites site\",\"potentialAction\":[{\"@type\":\"SearchAction\",\"target\":{\"@type\":\"EntryPoint\",\"urlTemplate\":\"https:\/\/www.africa-press.net\/burkina-faso\/?s={search_term_string}\"},\"query-input\":{\"@type\":\"PropertyValueSpecification\",\"valueRequired\":true,\"valueName\":\"search_term_string\"}}],\"inLanguage\":\"fr-FR\"},{\"@type\":\"Person\",\"@id\":\"https:\/\/www.africa-press.net\/burkina-faso\/#\/schema\/person\/2b1cf3cd81a31e3cd26889ca66d677f1\",\"name\":\"cfeditorfr\"}]}<\/script>\n<!-- \/ Yoast SEO Premium plugin. -->","yoast_head_json":{"title":"Kaya : 227 cas d\u2019accidents de la circulation enregistr\u00e9s au cours de l\u2019ann\u00e9e 2020 - Burkina Faso","description":"Africa-Press - Burkina Faso. Pour contribuer \u00e0 r\u00e9duire le taux d\u2019accidents de la circulation \u00e0 Kaya, la direction","robots":{"index":"index","follow":"follow","max-snippet":"max-snippet:-1","max-image-preview":"max-image-preview:large","max-video-preview":"max-video-preview:-1"},"canonical":"https:\/\/www.africa-press.net\/burkina-faso\/toutes-les-actualites\/kaya-227-cas-daccidents-de-la-circulation-enregistres-au-cours-de-lannee-2020","og_locale":"fr_FR","og_type":"article","og_title":"Kaya : 227 cas d\u2019accidents de la circulation enregistr\u00e9s au cours de l\u2019ann\u00e9e 2020","og_description":"Africa-Press - Burkina Faso. Pour contribuer \u00e0 r\u00e9duire le taux d\u2019accidents de la circulation \u00e0 Kaya, la direction","og_url":"https:\/\/www.africa-press.net\/burkina-faso\/toutes-les-actualites\/kaya-227-cas-daccidents-de-la-circulation-enregistres-au-cours-de-lannee-2020","og_site_name":"Burkina Faso","article_published_time":"2020-12-17T17:20:19+00:00","og_image":[{"width":640,"height":480,"url":"https:\/\/static.africa-press.net\/burkina\/sites\/42\/2020\/12\/img-5fdb7edf078d9.jpg","type":"image\/jpeg"}],"author":"cfeditorfr","twitter_card":"summary_large_image","twitter_misc":{"\u00c9crit par":"cfeditorfr","Dur\u00e9e de lecture estim\u00e9e":"2 minutes"},"schema":{"@context":"https:\/\/schema.org","@graph":[{"@type":"Article","@id":"https:\/\/www.africa-press.net\/burkina-faso\/toutes-les-actualites\/kaya-227-cas-daccidents-de-la-circulation-enregistres-au-cours-de-lannee-2020#article","isPartOf":{"@id":"https:\/\/www.africa-press.net\/burkina-faso\/toutes-les-actualites\/kaya-227-cas-daccidents-de-la-circulation-enregistres-au-cours-de-lannee-2020"},"author":{"name":"cfeditorfr","@id":"https:\/\/www.africa-press.net\/burkina-faso\/#\/schema\/person\/2b1cf3cd81a31e3cd26889ca66d677f1"},"headline":"Kaya : 227 cas d\u2019accidents de la circulation enregistr\u00e9s au cours de l\u2019ann\u00e9e 2020","datePublished":"2020-12-17T17:20:19+00:00","mainEntityOfPage":{"@id":"https:\/\/www.africa-press.net\/burkina-faso\/toutes-les-actualites\/kaya-227-cas-daccidents-de-la-circulation-enregistres-au-cours-de-lannee-2020"},"wordCount":469,"commentCount":0,"image":{"@id":"https:\/\/www.africa-press.net\/burkina-faso\/toutes-les-actualites\/kaya-227-cas-daccidents-de-la-circulation-enregistres-au-cours-de-lannee-2020#primaryimage"},"thumbnailUrl":"https:\/\/static.africa-press.net\/burkina\/sites\/42\/2020\/12\/img-5fdb7edf078d9.jpg","keywords":["Africa Press","Burkina Faso"],"articleSection":["Communaut\u00e9","homepage-french","Toutes les actualit\u00e9s"],"inLanguage":"fr-FR","potentialAction":[{"@type":"CommentAction","name":"Comment","target":["https:\/\/www.africa-press.net\/burkina-faso\/toutes-les-actualites\/kaya-227-cas-daccidents-de-la-circulation-enregistres-au-cours-de-lannee-2020#respond"]}]},{"@type":"WebPage","@id":"https:\/\/www.africa-press.net\/burkina-faso\/toutes-les-actualites\/kaya-227-cas-daccidents-de-la-circulation-enregistres-au-cours-de-lannee-2020","url":"https:\/\/www.africa-press.net\/burkina-faso\/toutes-les-actualites\/kaya-227-cas-daccidents-de-la-circulation-enregistres-au-cours-de-lannee-2020","name":"Kaya : 227 cas d\u2019accidents de la circulation enregistr\u00e9s au cours de l\u2019ann\u00e9e 2020 - Burkina Faso","isPartOf":{"@id":"https:\/\/www.africa-press.net\/burkina-faso\/#website"},"primaryImageOfPage":{"@id":"https:\/\/www.africa-press.net\/burkina-faso\/toutes-les-actualites\/kaya-227-cas-daccidents-de-la-circulation-enregistres-au-cours-de-lannee-2020#primaryimage"},"image":{"@id":"https:\/\/www.africa-press.net\/burkina-faso\/toutes-les-actualites\/kaya-227-cas-daccidents-de-la-circulation-enregistres-au-cours-de-lannee-2020#primaryimage"},"thumbnailUrl":"https:\/\/static.africa-press.net\/burkina\/sites\/42\/2020\/12\/img-5fdb7edf078d9.jpg","datePublished":"2020-12-17T17:20:19+00:00","author":{"@id":"https:\/\/www.africa-press.net\/burkina-faso\/#\/schema\/person\/2b1cf3cd81a31e3cd26889ca66d677f1"},"description":"Africa-Press - Burkina Faso. Pour contribuer \u00e0 r\u00e9duire le taux d\u2019accidents de la circulation \u00e0 Kaya, la direction","breadcrumb":{"@id":"https:\/\/www.africa-press.net\/burkina-faso\/toutes-les-actualites\/kaya-227-cas-daccidents-de-la-circulation-enregistres-au-cours-de-lannee-2020#breadcrumb"},"inLanguage":"fr-FR","potentialAction":[{"@type":"ReadAction","target":["https:\/\/www.africa-press.net\/burkina-faso\/toutes-les-actualites\/kaya-227-cas-daccidents-de-la-circulation-enregistres-au-cours-de-lannee-2020"]}]},{"@type":"ImageObject","inLanguage":"fr-FR","@id":"https:\/\/www.africa-press.net\/burkina-faso\/toutes-les-actualites\/kaya-227-cas-daccidents-de-la-circulation-enregistres-au-cours-de-lannee-2020#primaryimage","url":"https:\/\/static.africa-press.net\/burkina\/sites\/42\/2020\/12\/img-5fdb7edf078d9.jpg","contentUrl":"https:\/\/static.africa-press.net\/burkina\/sites\/42\/2020\/12\/img-5fdb7edf078d9.jpg","width":640,"height":480,"caption":"Kaya : 227 cas d\u2019accidents de la circulation enregistr\u00e9s au cours de l\u2019ann\u00e9e 2020"},{"@type":"BreadcrumbList","@id":"https:\/\/www.africa-press.net\/burkina-faso\/toutes-les-actualites\/kaya-227-cas-daccidents-de-la-circulation-enregistres-au-cours-de-lannee-2020#breadcrumb","itemListElement":[{"@type":"ListItem","position":1,"name":"Accueil","item":"https:\/\/www.africa-press.net\/burkina-faso\/"},{"@type":"ListItem","position":2,"name":"Kaya : 227 cas d\u2019accidents de la circulation enregistr\u00e9s au cours de l\u2019ann\u00e9e 2020"}]},{"@type":"WebSite","@id":"https:\/\/www.africa-press.net\/burkina-faso\/#website","url":"https:\/\/www.africa-press.net\/burkina-faso\/","name":"Burkina Faso","description":"Just another Africa News Agency Sites site","potentialAction":[{"@type":"SearchAction","target":{"@type":"EntryPoint","urlTemplate":"https:\/\/www.africa-press.net\/burkina-faso\/?s={search_term_string}"},"query-input":{"@type":"PropertyValueSpecification","valueRequired":true,"valueName":"search_term_string"}}],"inLanguage":"fr-FR"},{"@type":"Person","@id":"https:\/\/www.africa-press.net\/burkina-faso\/#\/schema\/person\/2b1cf3cd81a31e3cd26889ca66d677f1","name":"cfeditorfr"}]}},"_links":{"self":[{"href":"https:\/\/www.africa-press.net\/burkina-faso\/wp-json\/wp\/v2\/posts\/2286","targetHints":{"allow":["GET"]}}],"collection":[{"href":"https:\/\/www.africa-press.net\/burkina-faso\/wp-json\/wp\/v2\/posts"}],"about":[{"href":"https:\/\/www.africa-press.net\/burkina-faso\/wp-json\/wp\/v2\/types\/post"}],"author":[{"embeddable":true,"href":"https:\/\/www.africa-press.net\/burkina-faso\/wp-json\/wp\/v2\/users\/82"}],"replies":[{"embeddable":true,"href":"https:\/\/www.africa-press.net\/burkina-faso\/wp-json\/wp\/v2\/comments?post=2286"}],"version-history":[{"count":0,"href":"https:\/\/www.africa-press.net\/burkina-faso\/wp-json\/wp\/v2\/posts\/2286\/revisions"}],"wp:featuredmedia":[{"embeddable":true,"href":"https:\/\/www.africa-press.net\/burkina-faso\/wp-json\/wp\/v2\/media\/2285"}],"wp:attachment":[{"href":"https:\/\/www.africa-press.net\/burkina-faso\/wp-json\/wp\/v2\/media?parent=2286"}],"wp:term":[{"taxonomy":"category","embeddable":true,"href":"https:\/\/www.africa-press.net\/burkina-faso\/wp-json\/wp\/v2\/categories?post=2286"},{"taxonomy":"post_tag","embeddable":true,"href":"https:\/\/www.africa-press.net\/burkina-faso\/wp-json\/wp\/v2\/tags?post=2286"}],"curies":[{"name":"wp","href":"https:\/\/api.w.org\/{rel}","templated":true}]}}