{"id":2290,"date":"2020-12-17T17:44:33","date_gmt":"2020-12-17T17:44:33","guid":{"rendered":"https:\/\/www.africa-press.com\/burkina-faso\/?p=2290"},"modified":"2020-12-17T16:12:11","modified_gmt":"2020-12-17T16:12:11","slug":"burkina-faso-un-nouvel-outil-pour-lentreprenariat-des-jeunes","status":"publish","type":"post","link":"https:\/\/www.africa-press.net\/burkina-faso\/toutes-les-actualites\/burkina-faso-un-nouvel-outil-pour-lentreprenariat-des-jeunes","title":{"rendered":"Un nouvel outil pour l\u2019entreprenariat des jeunes"},"content":{"rendered":"<p><span style=\"color: #ff6600\"><strong><a href=\"https:\/\/www.africa-press.com\">Africa-Press<\/a> &#8211; <a href=\"https:\/\/www.africa-press.com\/burkina-faso\">Burkina Faso<\/a>. <\/strong><\/span>Dans la logique de la mise en \u0153uvre du projet \u00ab La Voix des jeunes du Sahel \u00bb, le Centre pour le Dialogue Humanitaire et l\u2019Union Europ\u00e9enne a organis\u00e9 du 15 au 16 d\u00e9cembre 2020 une rencontre nationale de validation technique de La strat\u00e9gie Nationale de Promotion de l\u2019Entreprenariat des jeunes (SNPEJ). Ces deux journ\u00e9es ont servi \u00e0 passer en revue la strat\u00e9gie et son plan d\u2019action op\u00e9rationnel.<\/p>\n<p>Ali Tonane, Directeur G\u00e9n\u00e9ral de la Promotion de l\u2019Entrepreneuriat et de l\u2019Autonomisation des Jeunes a d\u00e9clar\u00e9 que suite \u00e0 la r\u00e9forme du minist\u00e8re, une direction g\u00e9n\u00e9rale de la promotion de l\u2019entreprenariat des jeunes a \u00e9t\u00e9 cr\u00e9\u00e9e. Il fallait un r\u00e9f\u00e9rentiel de travail. C\u2019est cette vision qui a conduit \u00e0 l\u2019\u00e9laboration de cette strat\u00e9gie r\u00e9alis\u00e9e par le cabinet Opti Labor.<\/p>\n<p>Selon le cabinet, la strat\u00e9gie est cens\u00e9e s\u2019\u00e9tendre sur 5 ans \u00e0 partir de 2021 et \u00e0 l\u2019horizon 2025, la vision c\u2019est que \u00ab le Burkina Faso dispose d\u2019une jeunesse entreprenante, porteuse d\u2019innovation, cr\u00e9atrice d\u2019emploi et de richesse au service d\u2019un d\u00e9veloppement socio\u00e9conomique \u00bb. Les impacts attendus sont la r\u00e9duction du ch\u00f4mage de 6 millions de ch\u00f4meurs \u00e0 environ 3 millions ainsi que la r\u00e9duction de la mortalit\u00e9 des entreprises des jeunes.<\/p>\n<p>Le cabinet a expliqu\u00e9 que les axes strat\u00e9giques concernent d\u2019abord la promotion d\u2019une meilleure culture d\u2019entreprenariat par la sensibilisation des parents et des jeunes, l\u2019information des jeunes sur les opportunit\u00e9s d\u2019affaire qui existent dans leurs r\u00e9gions et sur les bons circuits en mati\u00e8re d\u2019entreprenariat.<\/p>\n<p>Ensuite par la promotion de l\u2019aptitude des jeunes \u00e0 conduire une entreprise en passant par des mesures d\u2019accompagnement tels que les formations en entreprenariat et la cr\u00e9ation d\u2019un fonds de garantie et enfin la promotion d\u2019une meilleure inclusion financi\u00e8re des jeunes, la simulation de l\u2019\u00e9coulement des produits des jeunes.<\/p>\n<p>Ali Tonane a tout de m\u00eame notifi\u00e9 qu\u2019\u00e0 ce stade, cette strat\u00e9gie a \u00e9t\u00e9 valid\u00e9e techniquement et que son processus d\u2019adoption se poursuit. \u00ab Elle doit passer d\u2019autres \u00e9tapes avant d\u2019\u00eatre int\u00e9gr\u00e9e officiellement dans les politiques publiques au Burkina Faso \u00bb, dit-il.<\/p>\n<p>Evariste Metuole-Dabir\u00e9, chef du projet \u00ab Voix des jeunes du Sahel \u00bb, a expliqu\u00e9 que le projet regroupe un r\u00e9seau de 1250 jeunes \u00e0 travers le G5 Sahel, \u00e0 raison de 250 jeunes par pays. La premi\u00e8re phase a \u00e9t\u00e9 mise \u0153uvre en mai 2017 et la seconde phase en septembre 2018. Il a \u00e9galement pr\u00e9cis\u00e9 que l\u2019Union Europ\u00e9enne finance le projet sur la base de la loi de financement appliqu\u00e9e en d\u00e9cembre 2019. Josu\u00e9 Tiendrebeogo<\/p>\n","protected":false},"excerpt":{"rendered":"<p>Africa-Press &#8211; Burkina Faso. Dans la logique de la mise en \u0153uvre du projet \u00ab La Voix des jeunes du Sahel \u00bb, le Centre pour le Dialogue Humanitaire et l\u2019Union Europ\u00e9enne a organis\u00e9 du 15 au 16 d\u00e9cembre 2020 une rencontre nationale de validation technique de La strat\u00e9gie Nationale de Promotion de l\u2019Entreprenariat des jeunes [&hellip;]<\/p>\n","protected":false},"author":82,"featured_media":2289,"comment_status":"open","ping_status":"closed","sticky":false,"template":"","format":"standard","meta":{"footnotes":""},"categories":[21,11,10],"tags":[111,29],"class_list":["post-2290","post","type-post","status-publish","format-standard","has-post-thumbnail","hentry","category-communaute","category-homepage-french","category-toutes-les-actualites","tag-africa-press","tag-burkina-faso"],"yoast_head":"<!-- This site is optimized with the Yoast SEO Premium plugin v26.1 (Yoast SEO v27.0) - https:\/\/yoast.com\/product\/yoast-seo-premium-wordpress\/ -->\n<title>Un nouvel outil pour l\u2019entreprenariat des jeunes - Burkina Faso<\/title>\n<meta name=\"description\" content=\"Africa-Press - Burkina Faso. Dans la logique de la mise en \u0153uvre du projet \u00ab La Voix des jeunes du Sahel \u00bb, le\" \/>\n<meta name=\"robots\" content=\"index, follow, max-snippet:-1, max-image-preview:large, max-video-preview:-1\" \/>\n<link rel=\"canonical\" href=\"https:\/\/www.africa-press.net\/burkina-faso\/toutes-les-actualites\/burkina-faso-un-nouvel-outil-pour-lentreprenariat-des-jeunes\" \/>\n<meta property=\"og:locale\" content=\"fr_FR\" \/>\n<meta property=\"og:type\" content=\"article\" \/>\n<meta property=\"og:title\" content=\"Un nouvel outil pour l\u2019entreprenariat des jeunes\" \/>\n<meta property=\"og:description\" content=\"Africa-Press - Burkina Faso. Dans la logique de la mise en \u0153uvre du projet \u00ab La Voix des jeunes du Sahel \u00bb, le\" \/>\n<meta property=\"og:url\" content=\"https:\/\/www.africa-press.net\/burkina-faso\/toutes-les-actualites\/burkina-faso-un-nouvel-outil-pour-lentreprenariat-des-jeunes\" \/>\n<meta property=\"og:site_name\" content=\"Burkina Faso\" \/>\n<meta property=\"article:published_time\" content=\"2020-12-17T17:44:33+00:00\" \/>\n<meta property=\"og:image\" content=\"https:\/\/static.africa-press.net\/burkina\/sites\/42\/2020\/12\/img-5fdb7f2c8974a.jpg\" \/>\n\t<meta property=\"og:image:width\" content=\"692\" \/>\n\t<meta property=\"og:image:height\" content=\"360\" \/>\n\t<meta property=\"og:image:type\" content=\"image\/jpeg\" \/>\n<meta name=\"author\" content=\"cfeditorfr\" \/>\n<meta name=\"twitter:card\" content=\"summary_large_image\" \/>\n<meta name=\"twitter:label1\" content=\"\u00c9crit par\" \/>\n\t<meta name=\"twitter:data1\" content=\"cfeditorfr\" \/>\n\t<meta name=\"twitter:label2\" content=\"Dur\u00e9e de lecture estim\u00e9e\" \/>\n\t<meta name=\"twitter:data2\" content=\"2 minutes\" \/>\n<script type=\"application\/ld+json\" class=\"yoast-schema-graph\">{\"@context\":\"https:\/\/schema.org\",\"@graph\":[{\"@type\":\"Article\",\"@id\":\"https:\/\/www.africa-press.net\/burkina-faso\/toutes-les-actualites\/burkina-faso-un-nouvel-outil-pour-lentreprenariat-des-jeunes#article\",\"isPartOf\":{\"@id\":\"https:\/\/www.africa-press.net\/burkina-faso\/toutes-les-actualites\/burkina-faso-un-nouvel-outil-pour-lentreprenariat-des-jeunes\"},\"author\":{\"name\":\"cfeditorfr\",\"@id\":\"https:\/\/www.africa-press.net\/burkina-faso\/#\/schema\/person\/2b1cf3cd81a31e3cd26889ca66d677f1\"},\"headline\":\"Un nouvel outil pour l\u2019entreprenariat des jeunes\",\"datePublished\":\"2020-12-17T17:44:33+00:00\",\"mainEntityOfPage\":{\"@id\":\"https:\/\/www.africa-press.net\/burkina-faso\/toutes-les-actualites\/burkina-faso-un-nouvel-outil-pour-lentreprenariat-des-jeunes\"},\"wordCount\":467,\"commentCount\":0,\"image\":{\"@id\":\"https:\/\/www.africa-press.net\/burkina-faso\/toutes-les-actualites\/burkina-faso-un-nouvel-outil-pour-lentreprenariat-des-jeunes#primaryimage\"},\"thumbnailUrl\":\"https:\/\/static.africa-press.net\/burkina\/sites\/42\/2020\/12\/img-5fdb7f2c8974a.jpg\",\"keywords\":[\"Africa Press\",\"Burkina Faso\"],\"articleSection\":[\"Communaut\u00e9\",\"homepage-french\",\"Toutes les actualit\u00e9s\"],\"inLanguage\":\"fr-FR\",\"potentialAction\":[{\"@type\":\"CommentAction\",\"name\":\"Comment\",\"target\":[\"https:\/\/www.africa-press.net\/burkina-faso\/toutes-les-actualites\/burkina-faso-un-nouvel-outil-pour-lentreprenariat-des-jeunes#respond\"]}]},{\"@type\":\"WebPage\",\"@id\":\"https:\/\/www.africa-press.net\/burkina-faso\/toutes-les-actualites\/burkina-faso-un-nouvel-outil-pour-lentreprenariat-des-jeunes\",\"url\":\"https:\/\/www.africa-press.net\/burkina-faso\/toutes-les-actualites\/burkina-faso-un-nouvel-outil-pour-lentreprenariat-des-jeunes\",\"name\":\"Un nouvel outil pour l\u2019entreprenariat des jeunes - Burkina Faso\",\"isPartOf\":{\"@id\":\"https:\/\/www.africa-press.net\/burkina-faso\/#website\"},\"primaryImageOfPage\":{\"@id\":\"https:\/\/www.africa-press.net\/burkina-faso\/toutes-les-actualites\/burkina-faso-un-nouvel-outil-pour-lentreprenariat-des-jeunes#primaryimage\"},\"image\":{\"@id\":\"https:\/\/www.africa-press.net\/burkina-faso\/toutes-les-actualites\/burkina-faso-un-nouvel-outil-pour-lentreprenariat-des-jeunes#primaryimage\"},\"thumbnailUrl\":\"https:\/\/static.africa-press.net\/burkina\/sites\/42\/2020\/12\/img-5fdb7f2c8974a.jpg\",\"datePublished\":\"2020-12-17T17:44:33+00:00\",\"author\":{\"@id\":\"https:\/\/www.africa-press.net\/burkina-faso\/#\/schema\/person\/2b1cf3cd81a31e3cd26889ca66d677f1\"},\"description\":\"Africa-Press - Burkina Faso. Dans la logique de la mise en \u0153uvre du projet \u00ab La Voix des jeunes du Sahel \u00bb, le\",\"breadcrumb\":{\"@id\":\"https:\/\/www.africa-press.net\/burkina-faso\/toutes-les-actualites\/burkina-faso-un-nouvel-outil-pour-lentreprenariat-des-jeunes#breadcrumb\"},\"inLanguage\":\"fr-FR\",\"potentialAction\":[{\"@type\":\"ReadAction\",\"target\":[\"https:\/\/www.africa-press.net\/burkina-faso\/toutes-les-actualites\/burkina-faso-un-nouvel-outil-pour-lentreprenariat-des-jeunes\"]}]},{\"@type\":\"ImageObject\",\"inLanguage\":\"fr-FR\",\"@id\":\"https:\/\/www.africa-press.net\/burkina-faso\/toutes-les-actualites\/burkina-faso-un-nouvel-outil-pour-lentreprenariat-des-jeunes#primaryimage\",\"url\":\"https:\/\/static.africa-press.net\/burkina\/sites\/42\/2020\/12\/img-5fdb7f2c8974a.jpg\",\"contentUrl\":\"https:\/\/static.africa-press.net\/burkina\/sites\/42\/2020\/12\/img-5fdb7f2c8974a.jpg\",\"width\":692,\"height\":360,\"caption\":\"Burkina Faso\u00a0: Un nouvel outil pour l\u2019entreprenariat des jeunes\"},{\"@type\":\"BreadcrumbList\",\"@id\":\"https:\/\/www.africa-press.net\/burkina-faso\/toutes-les-actualites\/burkina-faso-un-nouvel-outil-pour-lentreprenariat-des-jeunes#breadcrumb\",\"itemListElement\":[{\"@type\":\"ListItem\",\"position\":1,\"name\":\"Accueil\",\"item\":\"https:\/\/www.africa-press.net\/burkina-faso\/\"},{\"@type\":\"ListItem\",\"position\":2,\"name\":\"Un nouvel outil pour l\u2019entreprenariat des jeunes\"}]},{\"@type\":\"WebSite\",\"@id\":\"https:\/\/www.africa-press.net\/burkina-faso\/#website\",\"url\":\"https:\/\/www.africa-press.net\/burkina-faso\/\",\"name\":\"Burkina Faso\",\"description\":\"Just another Africa News Agency Sites site\",\"potentialAction\":[{\"@type\":\"SearchAction\",\"target\":{\"@type\":\"EntryPoint\",\"urlTemplate\":\"https:\/\/www.africa-press.net\/burkina-faso\/?s={search_term_string}\"},\"query-input\":{\"@type\":\"PropertyValueSpecification\",\"valueRequired\":true,\"valueName\":\"search_term_string\"}}],\"inLanguage\":\"fr-FR\"},{\"@type\":\"Person\",\"@id\":\"https:\/\/www.africa-press.net\/burkina-faso\/#\/schema\/person\/2b1cf3cd81a31e3cd26889ca66d677f1\",\"name\":\"cfeditorfr\"}]}<\/script>\n<!-- \/ Yoast SEO Premium plugin. -->","yoast_head_json":{"title":"Un nouvel outil pour l\u2019entreprenariat des jeunes - Burkina Faso","description":"Africa-Press - Burkina Faso. Dans la logique de la mise en \u0153uvre du projet \u00ab La Voix des jeunes du Sahel \u00bb, le","robots":{"index":"index","follow":"follow","max-snippet":"max-snippet:-1","max-image-preview":"max-image-preview:large","max-video-preview":"max-video-preview:-1"},"canonical":"https:\/\/www.africa-press.net\/burkina-faso\/toutes-les-actualites\/burkina-faso-un-nouvel-outil-pour-lentreprenariat-des-jeunes","og_locale":"fr_FR","og_type":"article","og_title":"Un nouvel outil pour l\u2019entreprenariat des jeunes","og_description":"Africa-Press - Burkina Faso. Dans la logique de la mise en \u0153uvre du projet \u00ab La Voix des jeunes du Sahel \u00bb, le","og_url":"https:\/\/www.africa-press.net\/burkina-faso\/toutes-les-actualites\/burkina-faso-un-nouvel-outil-pour-lentreprenariat-des-jeunes","og_site_name":"Burkina Faso","article_published_time":"2020-12-17T17:44:33+00:00","og_image":[{"width":692,"height":360,"url":"https:\/\/static.africa-press.net\/burkina\/sites\/42\/2020\/12\/img-5fdb7f2c8974a.jpg","type":"image\/jpeg"}],"author":"cfeditorfr","twitter_card":"summary_large_image","twitter_misc":{"\u00c9crit par":"cfeditorfr","Dur\u00e9e de lecture estim\u00e9e":"2 minutes"},"schema":{"@context":"https:\/\/schema.org","@graph":[{"@type":"Article","@id":"https:\/\/www.africa-press.net\/burkina-faso\/toutes-les-actualites\/burkina-faso-un-nouvel-outil-pour-lentreprenariat-des-jeunes#article","isPartOf":{"@id":"https:\/\/www.africa-press.net\/burkina-faso\/toutes-les-actualites\/burkina-faso-un-nouvel-outil-pour-lentreprenariat-des-jeunes"},"author":{"name":"cfeditorfr","@id":"https:\/\/www.africa-press.net\/burkina-faso\/#\/schema\/person\/2b1cf3cd81a31e3cd26889ca66d677f1"},"headline":"Un nouvel outil pour l\u2019entreprenariat des jeunes","datePublished":"2020-12-17T17:44:33+00:00","mainEntityOfPage":{"@id":"https:\/\/www.africa-press.net\/burkina-faso\/toutes-les-actualites\/burkina-faso-un-nouvel-outil-pour-lentreprenariat-des-jeunes"},"wordCount":467,"commentCount":0,"image":{"@id":"https:\/\/www.africa-press.net\/burkina-faso\/toutes-les-actualites\/burkina-faso-un-nouvel-outil-pour-lentreprenariat-des-jeunes#primaryimage"},"thumbnailUrl":"https:\/\/static.africa-press.net\/burkina\/sites\/42\/2020\/12\/img-5fdb7f2c8974a.jpg","keywords":["Africa Press","Burkina Faso"],"articleSection":["Communaut\u00e9","homepage-french","Toutes les actualit\u00e9s"],"inLanguage":"fr-FR","potentialAction":[{"@type":"CommentAction","name":"Comment","target":["https:\/\/www.africa-press.net\/burkina-faso\/toutes-les-actualites\/burkina-faso-un-nouvel-outil-pour-lentreprenariat-des-jeunes#respond"]}]},{"@type":"WebPage","@id":"https:\/\/www.africa-press.net\/burkina-faso\/toutes-les-actualites\/burkina-faso-un-nouvel-outil-pour-lentreprenariat-des-jeunes","url":"https:\/\/www.africa-press.net\/burkina-faso\/toutes-les-actualites\/burkina-faso-un-nouvel-outil-pour-lentreprenariat-des-jeunes","name":"Un nouvel outil pour l\u2019entreprenariat des jeunes - Burkina Faso","isPartOf":{"@id":"https:\/\/www.africa-press.net\/burkina-faso\/#website"},"primaryImageOfPage":{"@id":"https:\/\/www.africa-press.net\/burkina-faso\/toutes-les-actualites\/burkina-faso-un-nouvel-outil-pour-lentreprenariat-des-jeunes#primaryimage"},"image":{"@id":"https:\/\/www.africa-press.net\/burkina-faso\/toutes-les-actualites\/burkina-faso-un-nouvel-outil-pour-lentreprenariat-des-jeunes#primaryimage"},"thumbnailUrl":"https:\/\/static.africa-press.net\/burkina\/sites\/42\/2020\/12\/img-5fdb7f2c8974a.jpg","datePublished":"2020-12-17T17:44:33+00:00","author":{"@id":"https:\/\/www.africa-press.net\/burkina-faso\/#\/schema\/person\/2b1cf3cd81a31e3cd26889ca66d677f1"},"description":"Africa-Press - Burkina Faso. Dans la logique de la mise en \u0153uvre du projet \u00ab La Voix des jeunes du Sahel \u00bb, le","breadcrumb":{"@id":"https:\/\/www.africa-press.net\/burkina-faso\/toutes-les-actualites\/burkina-faso-un-nouvel-outil-pour-lentreprenariat-des-jeunes#breadcrumb"},"inLanguage":"fr-FR","potentialAction":[{"@type":"ReadAction","target":["https:\/\/www.africa-press.net\/burkina-faso\/toutes-les-actualites\/burkina-faso-un-nouvel-outil-pour-lentreprenariat-des-jeunes"]}]},{"@type":"ImageObject","inLanguage":"fr-FR","@id":"https:\/\/www.africa-press.net\/burkina-faso\/toutes-les-actualites\/burkina-faso-un-nouvel-outil-pour-lentreprenariat-des-jeunes#primaryimage","url":"https:\/\/static.africa-press.net\/burkina\/sites\/42\/2020\/12\/img-5fdb7f2c8974a.jpg","contentUrl":"https:\/\/static.africa-press.net\/burkina\/sites\/42\/2020\/12\/img-5fdb7f2c8974a.jpg","width":692,"height":360,"caption":"Burkina Faso\u00a0: Un nouvel outil pour l\u2019entreprenariat des jeunes"},{"@type":"BreadcrumbList","@id":"https:\/\/www.africa-press.net\/burkina-faso\/toutes-les-actualites\/burkina-faso-un-nouvel-outil-pour-lentreprenariat-des-jeunes#breadcrumb","itemListElement":[{"@type":"ListItem","position":1,"name":"Accueil","item":"https:\/\/www.africa-press.net\/burkina-faso\/"},{"@type":"ListItem","position":2,"name":"Un nouvel outil pour l\u2019entreprenariat des jeunes"}]},{"@type":"WebSite","@id":"https:\/\/www.africa-press.net\/burkina-faso\/#website","url":"https:\/\/www.africa-press.net\/burkina-faso\/","name":"Burkina Faso","description":"Just another Africa News Agency Sites site","potentialAction":[{"@type":"SearchAction","target":{"@type":"EntryPoint","urlTemplate":"https:\/\/www.africa-press.net\/burkina-faso\/?s={search_term_string}"},"query-input":{"@type":"PropertyValueSpecification","valueRequired":true,"valueName":"search_term_string"}}],"inLanguage":"fr-FR"},{"@type":"Person","@id":"https:\/\/www.africa-press.net\/burkina-faso\/#\/schema\/person\/2b1cf3cd81a31e3cd26889ca66d677f1","name":"cfeditorfr"}]}},"_links":{"self":[{"href":"https:\/\/www.africa-press.net\/burkina-faso\/wp-json\/wp\/v2\/posts\/2290","targetHints":{"allow":["GET"]}}],"collection":[{"href":"https:\/\/www.africa-press.net\/burkina-faso\/wp-json\/wp\/v2\/posts"}],"about":[{"href":"https:\/\/www.africa-press.net\/burkina-faso\/wp-json\/wp\/v2\/types\/post"}],"author":[{"embeddable":true,"href":"https:\/\/www.africa-press.net\/burkina-faso\/wp-json\/wp\/v2\/users\/82"}],"replies":[{"embeddable":true,"href":"https:\/\/www.africa-press.net\/burkina-faso\/wp-json\/wp\/v2\/comments?post=2290"}],"version-history":[{"count":0,"href":"https:\/\/www.africa-press.net\/burkina-faso\/wp-json\/wp\/v2\/posts\/2290\/revisions"}],"wp:featuredmedia":[{"embeddable":true,"href":"https:\/\/www.africa-press.net\/burkina-faso\/wp-json\/wp\/v2\/media\/2289"}],"wp:attachment":[{"href":"https:\/\/www.africa-press.net\/burkina-faso\/wp-json\/wp\/v2\/media?parent=2290"}],"wp:term":[{"taxonomy":"category","embeddable":true,"href":"https:\/\/www.africa-press.net\/burkina-faso\/wp-json\/wp\/v2\/categories?post=2290"},{"taxonomy":"post_tag","embeddable":true,"href":"https:\/\/www.africa-press.net\/burkina-faso\/wp-json\/wp\/v2\/tags?post=2290"}],"curies":[{"name":"wp","href":"https:\/\/api.w.org\/{rel}","templated":true}]}}