{"id":2304,"date":"2020-12-17T19:16:01","date_gmt":"2020-12-17T19:16:01","guid":{"rendered":"https:\/\/www.africa-press.com\/burkina-faso\/?p=2304"},"modified":"2020-12-17T16:13:35","modified_gmt":"2020-12-17T16:13:35","slug":"burkina-vincent-dabilgou-nouveau-faiseur-de-rois-a-lassemblee","status":"publish","type":"post","link":"https:\/\/www.africa-press.net\/burkina-faso\/politique\/burkina-vincent-dabilgou-nouveau-faiseur-de-rois-a-lassemblee","title":{"rendered":"Vincent Dabilgou, nouveau \u00ab\u00a0faiseur de rois\u00a0\u00bb \u00e0 l\u2019Assembl\u00e9e ?"},"content":{"rendered":"<p><span style=\"color: #ff6600\"><strong><a href=\"https:\/\/www.africa-press.com\">Africa-Press<\/a> &#8211; <a href=\"https:\/\/www.africa-press.com\/burkina-faso\">Burkina Faso<\/a>. <\/strong><\/span>Le ministre burkinab\u00e8 des Transports savoure la victoire de son parti aux l\u00e9gislatives, qui l\u2019a plac\u00e9 au c\u0153ur du jeu d\u2019alliances au sein de la mouvance pr\u00e9sidentielle. De quoi aiguiser ses app\u00e9tits politiques ?<\/p>\n<p>Ministre des Transports du gouvernement sortant, Vincent Dabilgou a cr\u00e9\u00e9 la surprise lors des l\u00e9gislatives du 22 novembre dernier. Son parti, le Nouveau temps pour la d\u00e9mocratie (NTD), a remport\u00e9 treize si\u00e8ges, contre trois dans l\u2019Assembl\u00e9e nationale sortante. Si ces r\u00e9sultats provisoires proclam\u00e9s par la Commission \u00e9lectoral nationale ind\u00e9pendante (Ceni) doivent encore \u00eatre confirm\u00e9s par la Cour constitutionnelle le 20 d\u00e9cembre prochain, il s\u2019agit d\u2019une v\u00e9ritable perc\u00e9e pour le NTD, qui confirme l\u2019ascension politique de Vincent Dabilgou au sein de la mouvance pr\u00e9sidentielle.<\/p>\n<p>Le ministre sort d\u2019autant plus renforc\u00e9 de ce scrutin que le Mouvement du peuple pour le progr\u00e8s (MPP) n\u2019a pas \u00e0 lui seul la majorit\u00e9 absolue au sein du parlement. Si le parti de Roch Marc Christian Kabor\u00e9 progresse d\u2019un si\u00e8ge par rapport \u00e0 2015 (56 \u00e9lus, contre 55 auparavant), il devra composer avec les diff\u00e9rents partis de la mouvance. Et en premier lieu, donc, le NTD d\u00e9sormais deuxi\u00e8me force politique au sein de la majorit\u00e9. De quoi permettre \u00e0 Vincent Dabilgou de pr\u00e9tendre \u00e0 un minist\u00e8re plus important ? Voire de n\u00e9gocier plusieurs portefeuilles pour les cadres de son parti ?<\/p>\n","protected":false},"excerpt":{"rendered":"<p>Africa-Press &#8211; Burkina Faso. Le ministre burkinab\u00e8 des Transports savoure la victoire de son parti aux l\u00e9gislatives, qui l\u2019a plac\u00e9 au c\u0153ur du jeu d\u2019alliances au sein de la mouvance pr\u00e9sidentielle. De quoi aiguiser ses app\u00e9tits politiques ? Ministre des Transports du gouvernement sortant, Vincent Dabilgou a cr\u00e9\u00e9 la surprise lors des l\u00e9gislatives du 22 [&hellip;]<\/p>\n","protected":false},"author":82,"featured_media":2303,"comment_status":"open","ping_status":"closed","sticky":false,"template":"","format":"standard","meta":{"footnotes":""},"categories":[11,2,10],"tags":[111,29],"class_list":["post-2304","post","type-post","status-publish","format-standard","has-post-thumbnail","hentry","category-homepage-french","category-politique","category-toutes-les-actualites","tag-africa-press","tag-burkina-faso"],"yoast_head":"<!-- This site is optimized with the Yoast SEO Premium plugin v26.1 (Yoast SEO v27.0) - https:\/\/yoast.com\/product\/yoast-seo-premium-wordpress\/ -->\n<title>Vincent Dabilgou, nouveau \u00ab\u00a0faiseur de rois\u00a0\u00bb \u00e0 l\u2019Assembl\u00e9e ? - Burkina Faso<\/title>\n<meta name=\"description\" content=\"Africa-Press - Burkina Faso. Le ministre burkinab\u00e8 des Transports savoure la victoire de son parti aux l\u00e9gislatives\" \/>\n<meta name=\"robots\" content=\"index, follow, max-snippet:-1, max-image-preview:large, max-video-preview:-1\" \/>\n<link rel=\"canonical\" href=\"https:\/\/www.africa-press.net\/burkina-faso\/politique\/burkina-vincent-dabilgou-nouveau-faiseur-de-rois-a-lassemblee\" \/>\n<meta property=\"og:locale\" content=\"fr_FR\" \/>\n<meta property=\"og:type\" content=\"article\" \/>\n<meta property=\"og:title\" content=\"Vincent Dabilgou, nouveau \u00ab\u00a0faiseur de rois\u00a0\u00bb \u00e0 l\u2019Assembl\u00e9e ?\" \/>\n<meta property=\"og:description\" content=\"Africa-Press - Burkina Faso. Le ministre burkinab\u00e8 des Transports savoure la victoire de son parti aux l\u00e9gislatives\" \/>\n<meta property=\"og:url\" content=\"https:\/\/www.africa-press.net\/burkina-faso\/politique\/burkina-vincent-dabilgou-nouveau-faiseur-de-rois-a-lassemblee\" \/>\n<meta property=\"og:site_name\" content=\"Burkina Faso\" \/>\n<meta property=\"article:published_time\" content=\"2020-12-17T19:16:01+00:00\" \/>\n<meta property=\"og:image\" content=\"https:\/\/static.africa-press.net\/burkina\/sites\/42\/2020\/12\/img-5fdb80393bb16.jpg\" \/>\n\t<meta property=\"og:image:width\" content=\"592\" \/>\n\t<meta property=\"og:image:height\" content=\"296\" \/>\n\t<meta property=\"og:image:type\" content=\"image\/jpeg\" \/>\n<meta name=\"author\" content=\"cfeditorfr\" \/>\n<meta name=\"twitter:card\" content=\"summary_large_image\" \/>\n<meta name=\"twitter:label1\" content=\"\u00c9crit par\" \/>\n\t<meta name=\"twitter:data1\" content=\"cfeditorfr\" \/>\n\t<meta name=\"twitter:label2\" content=\"Dur\u00e9e de lecture estim\u00e9e\" \/>\n\t<meta name=\"twitter:data2\" content=\"1 minute\" \/>\n<script type=\"application\/ld+json\" class=\"yoast-schema-graph\">{\"@context\":\"https:\/\/schema.org\",\"@graph\":[{\"@type\":\"Article\",\"@id\":\"https:\/\/www.africa-press.net\/burkina-faso\/politique\/burkina-vincent-dabilgou-nouveau-faiseur-de-rois-a-lassemblee#article\",\"isPartOf\":{\"@id\":\"https:\/\/www.africa-press.net\/burkina-faso\/politique\/burkina-vincent-dabilgou-nouveau-faiseur-de-rois-a-lassemblee\"},\"author\":{\"name\":\"cfeditorfr\",\"@id\":\"https:\/\/www.africa-press.net\/burkina-faso\/#\/schema\/person\/2b1cf3cd81a31e3cd26889ca66d677f1\"},\"headline\":\"Vincent Dabilgou, nouveau \u00ab\u00a0faiseur de rois\u00a0\u00bb \u00e0 l\u2019Assembl\u00e9e ?\",\"datePublished\":\"2020-12-17T19:16:01+00:00\",\"mainEntityOfPage\":{\"@id\":\"https:\/\/www.africa-press.net\/burkina-faso\/politique\/burkina-vincent-dabilgou-nouveau-faiseur-de-rois-a-lassemblee\"},\"wordCount\":253,\"commentCount\":0,\"image\":{\"@id\":\"https:\/\/www.africa-press.net\/burkina-faso\/politique\/burkina-vincent-dabilgou-nouveau-faiseur-de-rois-a-lassemblee#primaryimage\"},\"thumbnailUrl\":\"https:\/\/static.africa-press.net\/burkina\/sites\/42\/2020\/12\/img-5fdb80393bb16.jpg\",\"keywords\":[\"Africa Press\",\"Burkina Faso\"],\"articleSection\":[\"homepage-french\",\"Politique\",\"Toutes les actualit\u00e9s\"],\"inLanguage\":\"fr-FR\",\"potentialAction\":[{\"@type\":\"CommentAction\",\"name\":\"Comment\",\"target\":[\"https:\/\/www.africa-press.net\/burkina-faso\/politique\/burkina-vincent-dabilgou-nouveau-faiseur-de-rois-a-lassemblee#respond\"]}]},{\"@type\":\"WebPage\",\"@id\":\"https:\/\/www.africa-press.net\/burkina-faso\/politique\/burkina-vincent-dabilgou-nouveau-faiseur-de-rois-a-lassemblee\",\"url\":\"https:\/\/www.africa-press.net\/burkina-faso\/politique\/burkina-vincent-dabilgou-nouveau-faiseur-de-rois-a-lassemblee\",\"name\":\"Vincent Dabilgou, nouveau \u00ab\u00a0faiseur de rois\u00a0\u00bb \u00e0 l\u2019Assembl\u00e9e ? - Burkina Faso\",\"isPartOf\":{\"@id\":\"https:\/\/www.africa-press.net\/burkina-faso\/#website\"},\"primaryImageOfPage\":{\"@id\":\"https:\/\/www.africa-press.net\/burkina-faso\/politique\/burkina-vincent-dabilgou-nouveau-faiseur-de-rois-a-lassemblee#primaryimage\"},\"image\":{\"@id\":\"https:\/\/www.africa-press.net\/burkina-faso\/politique\/burkina-vincent-dabilgou-nouveau-faiseur-de-rois-a-lassemblee#primaryimage\"},\"thumbnailUrl\":\"https:\/\/static.africa-press.net\/burkina\/sites\/42\/2020\/12\/img-5fdb80393bb16.jpg\",\"datePublished\":\"2020-12-17T19:16:01+00:00\",\"author\":{\"@id\":\"https:\/\/www.africa-press.net\/burkina-faso\/#\/schema\/person\/2b1cf3cd81a31e3cd26889ca66d677f1\"},\"description\":\"Africa-Press - Burkina Faso. Le ministre burkinab\u00e8 des Transports savoure la victoire de son parti aux l\u00e9gislatives\",\"breadcrumb\":{\"@id\":\"https:\/\/www.africa-press.net\/burkina-faso\/politique\/burkina-vincent-dabilgou-nouveau-faiseur-de-rois-a-lassemblee#breadcrumb\"},\"inLanguage\":\"fr-FR\",\"potentialAction\":[{\"@type\":\"ReadAction\",\"target\":[\"https:\/\/www.africa-press.net\/burkina-faso\/politique\/burkina-vincent-dabilgou-nouveau-faiseur-de-rois-a-lassemblee\"]}]},{\"@type\":\"ImageObject\",\"inLanguage\":\"fr-FR\",\"@id\":\"https:\/\/www.africa-press.net\/burkina-faso\/politique\/burkina-vincent-dabilgou-nouveau-faiseur-de-rois-a-lassemblee#primaryimage\",\"url\":\"https:\/\/static.africa-press.net\/burkina\/sites\/42\/2020\/12\/img-5fdb80393bb16.jpg\",\"contentUrl\":\"https:\/\/static.africa-press.net\/burkina\/sites\/42\/2020\/12\/img-5fdb80393bb16.jpg\",\"width\":592,\"height\":296,\"caption\":\"Burkina : Vincent Dabilgou, nouveau \u00ab\u00a0faiseur de rois\u00a0\u00bb \u00e0 l\u2019Assembl\u00e9e ?\"},{\"@type\":\"BreadcrumbList\",\"@id\":\"https:\/\/www.africa-press.net\/burkina-faso\/politique\/burkina-vincent-dabilgou-nouveau-faiseur-de-rois-a-lassemblee#breadcrumb\",\"itemListElement\":[{\"@type\":\"ListItem\",\"position\":1,\"name\":\"Accueil\",\"item\":\"https:\/\/www.africa-press.net\/burkina-faso\/\"},{\"@type\":\"ListItem\",\"position\":2,\"name\":\"Vincent Dabilgou, nouveau \u00ab\u00a0faiseur de rois\u00a0\u00bb \u00e0 l\u2019Assembl\u00e9e ?\"}]},{\"@type\":\"WebSite\",\"@id\":\"https:\/\/www.africa-press.net\/burkina-faso\/#website\",\"url\":\"https:\/\/www.africa-press.net\/burkina-faso\/\",\"name\":\"Burkina Faso\",\"description\":\"Just another Africa News Agency Sites site\",\"potentialAction\":[{\"@type\":\"SearchAction\",\"target\":{\"@type\":\"EntryPoint\",\"urlTemplate\":\"https:\/\/www.africa-press.net\/burkina-faso\/?s={search_term_string}\"},\"query-input\":{\"@type\":\"PropertyValueSpecification\",\"valueRequired\":true,\"valueName\":\"search_term_string\"}}],\"inLanguage\":\"fr-FR\"},{\"@type\":\"Person\",\"@id\":\"https:\/\/www.africa-press.net\/burkina-faso\/#\/schema\/person\/2b1cf3cd81a31e3cd26889ca66d677f1\",\"name\":\"cfeditorfr\"}]}<\/script>\n<!-- \/ Yoast SEO Premium plugin. -->","yoast_head_json":{"title":"Vincent Dabilgou, nouveau \u00ab\u00a0faiseur de rois\u00a0\u00bb \u00e0 l\u2019Assembl\u00e9e ? - Burkina Faso","description":"Africa-Press - Burkina Faso. Le ministre burkinab\u00e8 des Transports savoure la victoire de son parti aux l\u00e9gislatives","robots":{"index":"index","follow":"follow","max-snippet":"max-snippet:-1","max-image-preview":"max-image-preview:large","max-video-preview":"max-video-preview:-1"},"canonical":"https:\/\/www.africa-press.net\/burkina-faso\/politique\/burkina-vincent-dabilgou-nouveau-faiseur-de-rois-a-lassemblee","og_locale":"fr_FR","og_type":"article","og_title":"Vincent Dabilgou, nouveau \u00ab\u00a0faiseur de rois\u00a0\u00bb \u00e0 l\u2019Assembl\u00e9e ?","og_description":"Africa-Press - Burkina Faso. Le ministre burkinab\u00e8 des Transports savoure la victoire de son parti aux l\u00e9gislatives","og_url":"https:\/\/www.africa-press.net\/burkina-faso\/politique\/burkina-vincent-dabilgou-nouveau-faiseur-de-rois-a-lassemblee","og_site_name":"Burkina Faso","article_published_time":"2020-12-17T19:16:01+00:00","og_image":[{"width":592,"height":296,"url":"https:\/\/static.africa-press.net\/burkina\/sites\/42\/2020\/12\/img-5fdb80393bb16.jpg","type":"image\/jpeg"}],"author":"cfeditorfr","twitter_card":"summary_large_image","twitter_misc":{"\u00c9crit par":"cfeditorfr","Dur\u00e9e de lecture estim\u00e9e":"1 minute"},"schema":{"@context":"https:\/\/schema.org","@graph":[{"@type":"Article","@id":"https:\/\/www.africa-press.net\/burkina-faso\/politique\/burkina-vincent-dabilgou-nouveau-faiseur-de-rois-a-lassemblee#article","isPartOf":{"@id":"https:\/\/www.africa-press.net\/burkina-faso\/politique\/burkina-vincent-dabilgou-nouveau-faiseur-de-rois-a-lassemblee"},"author":{"name":"cfeditorfr","@id":"https:\/\/www.africa-press.net\/burkina-faso\/#\/schema\/person\/2b1cf3cd81a31e3cd26889ca66d677f1"},"headline":"Vincent Dabilgou, nouveau \u00ab\u00a0faiseur de rois\u00a0\u00bb \u00e0 l\u2019Assembl\u00e9e ?","datePublished":"2020-12-17T19:16:01+00:00","mainEntityOfPage":{"@id":"https:\/\/www.africa-press.net\/burkina-faso\/politique\/burkina-vincent-dabilgou-nouveau-faiseur-de-rois-a-lassemblee"},"wordCount":253,"commentCount":0,"image":{"@id":"https:\/\/www.africa-press.net\/burkina-faso\/politique\/burkina-vincent-dabilgou-nouveau-faiseur-de-rois-a-lassemblee#primaryimage"},"thumbnailUrl":"https:\/\/static.africa-press.net\/burkina\/sites\/42\/2020\/12\/img-5fdb80393bb16.jpg","keywords":["Africa Press","Burkina Faso"],"articleSection":["homepage-french","Politique","Toutes les actualit\u00e9s"],"inLanguage":"fr-FR","potentialAction":[{"@type":"CommentAction","name":"Comment","target":["https:\/\/www.africa-press.net\/burkina-faso\/politique\/burkina-vincent-dabilgou-nouveau-faiseur-de-rois-a-lassemblee#respond"]}]},{"@type":"WebPage","@id":"https:\/\/www.africa-press.net\/burkina-faso\/politique\/burkina-vincent-dabilgou-nouveau-faiseur-de-rois-a-lassemblee","url":"https:\/\/www.africa-press.net\/burkina-faso\/politique\/burkina-vincent-dabilgou-nouveau-faiseur-de-rois-a-lassemblee","name":"Vincent Dabilgou, nouveau \u00ab\u00a0faiseur de rois\u00a0\u00bb \u00e0 l\u2019Assembl\u00e9e ? - Burkina Faso","isPartOf":{"@id":"https:\/\/www.africa-press.net\/burkina-faso\/#website"},"primaryImageOfPage":{"@id":"https:\/\/www.africa-press.net\/burkina-faso\/politique\/burkina-vincent-dabilgou-nouveau-faiseur-de-rois-a-lassemblee#primaryimage"},"image":{"@id":"https:\/\/www.africa-press.net\/burkina-faso\/politique\/burkina-vincent-dabilgou-nouveau-faiseur-de-rois-a-lassemblee#primaryimage"},"thumbnailUrl":"https:\/\/static.africa-press.net\/burkina\/sites\/42\/2020\/12\/img-5fdb80393bb16.jpg","datePublished":"2020-12-17T19:16:01+00:00","author":{"@id":"https:\/\/www.africa-press.net\/burkina-faso\/#\/schema\/person\/2b1cf3cd81a31e3cd26889ca66d677f1"},"description":"Africa-Press - Burkina Faso. Le ministre burkinab\u00e8 des Transports savoure la victoire de son parti aux l\u00e9gislatives","breadcrumb":{"@id":"https:\/\/www.africa-press.net\/burkina-faso\/politique\/burkina-vincent-dabilgou-nouveau-faiseur-de-rois-a-lassemblee#breadcrumb"},"inLanguage":"fr-FR","potentialAction":[{"@type":"ReadAction","target":["https:\/\/www.africa-press.net\/burkina-faso\/politique\/burkina-vincent-dabilgou-nouveau-faiseur-de-rois-a-lassemblee"]}]},{"@type":"ImageObject","inLanguage":"fr-FR","@id":"https:\/\/www.africa-press.net\/burkina-faso\/politique\/burkina-vincent-dabilgou-nouveau-faiseur-de-rois-a-lassemblee#primaryimage","url":"https:\/\/static.africa-press.net\/burkina\/sites\/42\/2020\/12\/img-5fdb80393bb16.jpg","contentUrl":"https:\/\/static.africa-press.net\/burkina\/sites\/42\/2020\/12\/img-5fdb80393bb16.jpg","width":592,"height":296,"caption":"Burkina : Vincent Dabilgou, nouveau \u00ab\u00a0faiseur de rois\u00a0\u00bb \u00e0 l\u2019Assembl\u00e9e ?"},{"@type":"BreadcrumbList","@id":"https:\/\/www.africa-press.net\/burkina-faso\/politique\/burkina-vincent-dabilgou-nouveau-faiseur-de-rois-a-lassemblee#breadcrumb","itemListElement":[{"@type":"ListItem","position":1,"name":"Accueil","item":"https:\/\/www.africa-press.net\/burkina-faso\/"},{"@type":"ListItem","position":2,"name":"Vincent Dabilgou, nouveau \u00ab\u00a0faiseur de rois\u00a0\u00bb \u00e0 l\u2019Assembl\u00e9e ?"}]},{"@type":"WebSite","@id":"https:\/\/www.africa-press.net\/burkina-faso\/#website","url":"https:\/\/www.africa-press.net\/burkina-faso\/","name":"Burkina Faso","description":"Just another Africa News Agency Sites site","potentialAction":[{"@type":"SearchAction","target":{"@type":"EntryPoint","urlTemplate":"https:\/\/www.africa-press.net\/burkina-faso\/?s={search_term_string}"},"query-input":{"@type":"PropertyValueSpecification","valueRequired":true,"valueName":"search_term_string"}}],"inLanguage":"fr-FR"},{"@type":"Person","@id":"https:\/\/www.africa-press.net\/burkina-faso\/#\/schema\/person\/2b1cf3cd81a31e3cd26889ca66d677f1","name":"cfeditorfr"}]}},"_links":{"self":[{"href":"https:\/\/www.africa-press.net\/burkina-faso\/wp-json\/wp\/v2\/posts\/2304","targetHints":{"allow":["GET"]}}],"collection":[{"href":"https:\/\/www.africa-press.net\/burkina-faso\/wp-json\/wp\/v2\/posts"}],"about":[{"href":"https:\/\/www.africa-press.net\/burkina-faso\/wp-json\/wp\/v2\/types\/post"}],"author":[{"embeddable":true,"href":"https:\/\/www.africa-press.net\/burkina-faso\/wp-json\/wp\/v2\/users\/82"}],"replies":[{"embeddable":true,"href":"https:\/\/www.africa-press.net\/burkina-faso\/wp-json\/wp\/v2\/comments?post=2304"}],"version-history":[{"count":0,"href":"https:\/\/www.africa-press.net\/burkina-faso\/wp-json\/wp\/v2\/posts\/2304\/revisions"}],"wp:featuredmedia":[{"embeddable":true,"href":"https:\/\/www.africa-press.net\/burkina-faso\/wp-json\/wp\/v2\/media\/2303"}],"wp:attachment":[{"href":"https:\/\/www.africa-press.net\/burkina-faso\/wp-json\/wp\/v2\/media?parent=2304"}],"wp:term":[{"taxonomy":"category","embeddable":true,"href":"https:\/\/www.africa-press.net\/burkina-faso\/wp-json\/wp\/v2\/categories?post=2304"},{"taxonomy":"post_tag","embeddable":true,"href":"https:\/\/www.africa-press.net\/burkina-faso\/wp-json\/wp\/v2\/tags?post=2304"}],"curies":[{"name":"wp","href":"https:\/\/api.w.org\/{rel}","templated":true}]}}