{"id":2334,"date":"2020-12-18T13:36:58","date_gmt":"2020-12-18T13:36:58","guid":{"rendered":"https:\/\/www.africa-press.com\/burkina-faso\/?p=2334"},"modified":"2020-12-18T13:22:20","modified_gmt":"2020-12-18T13:22:20","slug":"securite-sanitaire-des-aliments-un-colloque-reunit-des-scientifiques-a-ouagadougou-pour-mener-la-reflexion","status":"publish","type":"post","link":"https:\/\/www.africa-press.net\/burkina-faso\/economie\/securite-sanitaire-des-aliments-un-colloque-reunit-des-scientifiques-a-ouagadougou-pour-mener-la-reflexion","title":{"rendered":"S\u00e9curit\u00e9 sanitaire des aliments : Un colloque r\u00e9unit des scientifiques \u00e0 Ouagadougou pour mener la r\u00e9flexion"},"content":{"rendered":"<p><span style=\"color: #ff6600\"><strong><a href=\"https:\/\/www.africa-press.com\">Africa-Press<\/a> &#8211; <a href=\"https:\/\/www.africa-press.com\/burkina-faso\">Burkina Faso<\/a>. <\/strong><\/span><b>Ce jeudi 17 d\u00e9cembre 2020 s\u2019est ouvert \u00e0 l\u2019universit\u00e9 Joseph Ki-Zerbo, un colloque international sur la s\u00e9curit\u00e9 sanitaire des aliments (CISSA). Une initiative port\u00e9e par le Laboratoire de biochimie et d\u2019immunologie appliqu\u00e9e (LABIA) et le Laboratoire d\u2019\u00e9pid\u00e9miologie et surveillance des agents transmissibles par les aliments et l\u2019eau (LABESTA) et parrain\u00e9 par le Larl\u00e9 Naaba Tigr\u00e9.<\/b><\/p>\n<p>Les aliments, de la production en passant par la transformation jusqu\u2019\u00e0 la consommation, peuvent \u00eatre dangereux pour la sant\u00e9 s\u2019ils ne sont pas manipul\u00e9s avec pr\u00e9caution. Et ce, \u00e0 cause des bact\u00e9ries pr\u00e9sentes dans l\u2019environnement et qui sont susceptibles de les contaminer. Cette menace sur la sant\u00e9 publique a aussi des cons\u00e9quences sur l\u2019\u00e9conomie.<\/p>\n<p>Assurer donc la s\u00e9curit\u00e9 sanitaire des aliments s\u2019av\u00e8re n\u00e9cessaire pour garantir une meilleure sant\u00e9 de la population, mais aussi le d\u00e9veloppement du pays. Cela, les scientifiques l\u2019ont compris et ont d\u00e9cid\u00e9 de quitter leurs laboratoires et autres centres de recherches pour partager avec les populations, les r\u00e9sultats de leurs recherches sur la s\u00e9curitaire sanitaire des aliments \u00e0 travers le pr\u00e9sent colloque.<\/p>\n<p>Plac\u00e9 sous le th\u00e8me \u00ab La s\u00e9curit\u00e9 sanitaire des aliments pour une alimentation saine et un d\u00e9veloppement durable en Afrique \u00bb, ce colloque international r\u00e9unit des scientifiques de plusieurs pays de la sous-r\u00e9gion ouest africaine et d\u2019Europe. Trois jours durant, sur un total de 300 communications re\u00e7ues, ils partageront finalement 170 communications orales et 30 communications affich\u00e9es autour de trois sous-th\u00e8mes. Le premier concerne les contaminants et la sant\u00e9. Il s\u2019agira de montrer le lien entre les contaminants et la sant\u00e9 du point de vue alimentaire. Le deuxi\u00e8me sous-th\u00e8me concerne la production des aliments sains. Et enfin le troisi\u00e8me sous-th\u00e8me abordera le r\u00f4le des diff\u00e9rents acteurs de la chaine de production dans la s\u00e9curit\u00e9 sanitaire des aliments.<\/p>\n<p>Le parrain du colloque, Larl\u00e9 Naaba Tigr\u00e9, a indiqu\u00e9 que tout incident sur la s\u00e9curit\u00e9 sanitaire des aliments \u00e0 des r\u00e9percussions sur la sant\u00e9, mais aussi l\u2019\u00e9conomie. C\u2019est pourquoi en tant que leader d\u2019opinion et responsable sociale dont les actions dans le domaine de la nutrition sont reconnues, il n\u2019a pas h\u00e9sit\u00e9 \u00e0 associer son image \u00e0 ce colloque. \u00ab Aujourd\u2019hui j\u2019ai compris que depuis la production, la transformation et la consommation, tout le monde doit faire attention \u00e0 ce qu\u2019on fait pour soi et \u00e0 ce qu\u2019on fait pour les autres. Pour notre sant\u00e9 \u00e0 tous, nous devons beaucoup r\u00e9fl\u00e9chir avant de manger (\u2026) Je suis leader d\u2019opinion, un responsable social, toutes ces informations que j\u2019ai re\u00e7ues, seront capitalis\u00e9es et communiqu\u00e9es \u00e0 mes pairs agriculteurs et paysans, \u00e0 mes pairs responsables sociaux et aussi aux citoyens avec lesquels on communique beaucoup dans le cadre de la production et de la transformation. Il y a plus \u00e0 manger aujourd\u2019hui, mais c\u2019est cette m\u00eame nourriture qui est le danger de notre vie \u00bb, a laiss\u00e9 entendre le parrain.<\/p>\n<p>Ce colloque international est copatronn\u00e9 par le minist\u00e8re en charge de la Recherche scientifique et de l\u2019Innovation, le minist\u00e8re du Commerce, de l\u2019Industrie et de l\u2019Artisanat et le minist\u00e8re de la Sant\u00e9. Le repr\u00e9sentant des patrons, Th\u00e9ophile Korogo, directeur de cabinet du ministre en charge de la Recherche scientifique et de l\u2019Innovation dit esp\u00e9rer qu\u2019\u00e0 la sortie du colloque, des recommandations soient formul\u00e9es \u00ab pour permettre aux autorit\u00e9s charg\u00e9es de la prise de d\u00e9cision, de prendre des mesures idoines pour prot\u00e9ger l\u2019ensemble de la population, prot\u00e9ger nos assiettes et s\u00e9curiser ce que nous mangeons. \u00bb<\/p>\n<p>Sur les trois jours que durera le colloque, des acteurs du domaine de la transformation agro-alimentaire exposent leurs produits \u00e0 l\u2019universit\u00e9 Joseph Ki-Zerbo en face de la salle des Actes.<\/p>\n<p><b>Justine Bonkoungou<br \/>\n<\/b><\/p>\n","protected":false},"excerpt":{"rendered":"<p>Africa-Press &#8211; Burkina Faso. Ce jeudi 17 d\u00e9cembre 2020 s\u2019est ouvert \u00e0 l\u2019universit\u00e9 Joseph Ki-Zerbo, un colloque international sur la s\u00e9curit\u00e9 sanitaire des aliments (CISSA). Une initiative port\u00e9e par le Laboratoire de biochimie et d\u2019immunologie appliqu\u00e9e (LABIA) et le Laboratoire d\u2019\u00e9pid\u00e9miologie et surveillance des agents transmissibles par les aliments et l\u2019eau (LABESTA) et parrain\u00e9 par [&hellip;]<\/p>\n","protected":false},"author":82,"featured_media":2333,"comment_status":"open","ping_status":"closed","sticky":false,"template":"","format":"standard","meta":{"footnotes":""},"categories":[3,11,10],"tags":[111,29],"class_list":["post-2334","post","type-post","status-publish","format-standard","has-post-thumbnail","hentry","category-economie","category-homepage-french","category-toutes-les-actualites","tag-africa-press","tag-burkina-faso"],"yoast_head":"<!-- This site is optimized with the Yoast SEO Premium plugin v26.1 (Yoast SEO v27.0) - https:\/\/yoast.com\/product\/yoast-seo-premium-wordpress\/ -->\n<title>S\u00e9curit\u00e9 sanitaire des aliments : Un colloque r\u00e9unit des scientifiques \u00e0 Ouagadougou pour mener la r\u00e9flexion - Burkina Faso<\/title>\n<meta name=\"description\" content=\"Africa-Press - Burkina Faso. Ce jeudi 17 d\u00e9cembre 2020 s\u2019est ouvert \u00e0 l\u2019universit\u00e9 Joseph Ki-Zerbo, un colloque\" \/>\n<meta name=\"robots\" content=\"index, follow, max-snippet:-1, max-image-preview:large, max-video-preview:-1\" \/>\n<link rel=\"canonical\" href=\"https:\/\/www.africa-press.net\/burkina-faso\/economie\/securite-sanitaire-des-aliments-un-colloque-reunit-des-scientifiques-a-ouagadougou-pour-mener-la-reflexion\" \/>\n<meta property=\"og:locale\" content=\"fr_FR\" \/>\n<meta property=\"og:type\" content=\"article\" \/>\n<meta property=\"og:title\" content=\"S\u00e9curit\u00e9 sanitaire des aliments : Un colloque r\u00e9unit des scientifiques \u00e0 Ouagadougou pour mener la r\u00e9flexion\" \/>\n<meta property=\"og:description\" content=\"Africa-Press - Burkina Faso. Ce jeudi 17 d\u00e9cembre 2020 s\u2019est ouvert \u00e0 l\u2019universit\u00e9 Joseph Ki-Zerbo, un colloque\" \/>\n<meta property=\"og:url\" content=\"https:\/\/www.africa-press.net\/burkina-faso\/economie\/securite-sanitaire-des-aliments-un-colloque-reunit-des-scientifiques-a-ouagadougou-pour-mener-la-reflexion\" \/>\n<meta property=\"og:site_name\" content=\"Burkina Faso\" \/>\n<meta property=\"article:published_time\" content=\"2020-12-18T13:36:58+00:00\" \/>\n<meta property=\"og:image\" content=\"https:\/\/static.africa-press.net\/burkina\/sites\/42\/2020\/12\/img-5fdcaa51b5287.jpg\" \/>\n\t<meta property=\"og:image:width\" content=\"640\" \/>\n\t<meta property=\"og:image:height\" content=\"480\" \/>\n\t<meta property=\"og:image:type\" content=\"image\/jpeg\" \/>\n<meta name=\"author\" content=\"cfeditorfr\" \/>\n<meta name=\"twitter:card\" content=\"summary_large_image\" \/>\n<meta name=\"twitter:label1\" content=\"\u00c9crit par\" \/>\n\t<meta name=\"twitter:data1\" content=\"cfeditorfr\" \/>\n\t<meta name=\"twitter:label2\" content=\"Dur\u00e9e de lecture estim\u00e9e\" \/>\n\t<meta name=\"twitter:data2\" content=\"3 minutes\" \/>\n<script type=\"application\/ld+json\" class=\"yoast-schema-graph\">{\"@context\":\"https:\/\/schema.org\",\"@graph\":[{\"@type\":\"Article\",\"@id\":\"https:\/\/www.africa-press.net\/burkina-faso\/economie\/securite-sanitaire-des-aliments-un-colloque-reunit-des-scientifiques-a-ouagadougou-pour-mener-la-reflexion#article\",\"isPartOf\":{\"@id\":\"https:\/\/www.africa-press.net\/burkina-faso\/economie\/securite-sanitaire-des-aliments-un-colloque-reunit-des-scientifiques-a-ouagadougou-pour-mener-la-reflexion\"},\"author\":{\"name\":\"cfeditorfr\",\"@id\":\"https:\/\/www.africa-press.net\/burkina-faso\/#\/schema\/person\/2b1cf3cd81a31e3cd26889ca66d677f1\"},\"headline\":\"S\u00e9curit\u00e9 sanitaire des aliments : Un colloque r\u00e9unit des scientifiques \u00e0 Ouagadougou pour mener la r\u00e9flexion\",\"datePublished\":\"2020-12-18T13:36:58+00:00\",\"mainEntityOfPage\":{\"@id\":\"https:\/\/www.africa-press.net\/burkina-faso\/economie\/securite-sanitaire-des-aliments-un-colloque-reunit-des-scientifiques-a-ouagadougou-pour-mener-la-reflexion\"},\"wordCount\":672,\"commentCount\":0,\"image\":{\"@id\":\"https:\/\/www.africa-press.net\/burkina-faso\/economie\/securite-sanitaire-des-aliments-un-colloque-reunit-des-scientifiques-a-ouagadougou-pour-mener-la-reflexion#primaryimage\"},\"thumbnailUrl\":\"https:\/\/static.africa-press.net\/burkina\/sites\/42\/2020\/12\/img-5fdcaa51b5287.jpg\",\"keywords\":[\"Africa Press\",\"Burkina Faso\"],\"articleSection\":[\"\u00c9conomie\",\"homepage-french\",\"Toutes les actualit\u00e9s\"],\"inLanguage\":\"fr-FR\",\"potentialAction\":[{\"@type\":\"CommentAction\",\"name\":\"Comment\",\"target\":[\"https:\/\/www.africa-press.net\/burkina-faso\/economie\/securite-sanitaire-des-aliments-un-colloque-reunit-des-scientifiques-a-ouagadougou-pour-mener-la-reflexion#respond\"]}]},{\"@type\":\"WebPage\",\"@id\":\"https:\/\/www.africa-press.net\/burkina-faso\/economie\/securite-sanitaire-des-aliments-un-colloque-reunit-des-scientifiques-a-ouagadougou-pour-mener-la-reflexion\",\"url\":\"https:\/\/www.africa-press.net\/burkina-faso\/economie\/securite-sanitaire-des-aliments-un-colloque-reunit-des-scientifiques-a-ouagadougou-pour-mener-la-reflexion\",\"name\":\"S\u00e9curit\u00e9 sanitaire des aliments : Un colloque r\u00e9unit des scientifiques \u00e0 Ouagadougou pour mener la r\u00e9flexion - Burkina Faso\",\"isPartOf\":{\"@id\":\"https:\/\/www.africa-press.net\/burkina-faso\/#website\"},\"primaryImageOfPage\":{\"@id\":\"https:\/\/www.africa-press.net\/burkina-faso\/economie\/securite-sanitaire-des-aliments-un-colloque-reunit-des-scientifiques-a-ouagadougou-pour-mener-la-reflexion#primaryimage\"},\"image\":{\"@id\":\"https:\/\/www.africa-press.net\/burkina-faso\/economie\/securite-sanitaire-des-aliments-un-colloque-reunit-des-scientifiques-a-ouagadougou-pour-mener-la-reflexion#primaryimage\"},\"thumbnailUrl\":\"https:\/\/static.africa-press.net\/burkina\/sites\/42\/2020\/12\/img-5fdcaa51b5287.jpg\",\"datePublished\":\"2020-12-18T13:36:58+00:00\",\"author\":{\"@id\":\"https:\/\/www.africa-press.net\/burkina-faso\/#\/schema\/person\/2b1cf3cd81a31e3cd26889ca66d677f1\"},\"description\":\"Africa-Press - Burkina Faso. Ce jeudi 17 d\u00e9cembre 2020 s\u2019est ouvert \u00e0 l\u2019universit\u00e9 Joseph Ki-Zerbo, un colloque\",\"breadcrumb\":{\"@id\":\"https:\/\/www.africa-press.net\/burkina-faso\/economie\/securite-sanitaire-des-aliments-un-colloque-reunit-des-scientifiques-a-ouagadougou-pour-mener-la-reflexion#breadcrumb\"},\"inLanguage\":\"fr-FR\",\"potentialAction\":[{\"@type\":\"ReadAction\",\"target\":[\"https:\/\/www.africa-press.net\/burkina-faso\/economie\/securite-sanitaire-des-aliments-un-colloque-reunit-des-scientifiques-a-ouagadougou-pour-mener-la-reflexion\"]}]},{\"@type\":\"ImageObject\",\"inLanguage\":\"fr-FR\",\"@id\":\"https:\/\/www.africa-press.net\/burkina-faso\/economie\/securite-sanitaire-des-aliments-un-colloque-reunit-des-scientifiques-a-ouagadougou-pour-mener-la-reflexion#primaryimage\",\"url\":\"https:\/\/static.africa-press.net\/burkina\/sites\/42\/2020\/12\/img-5fdcaa51b5287.jpg\",\"contentUrl\":\"https:\/\/static.africa-press.net\/burkina\/sites\/42\/2020\/12\/img-5fdcaa51b5287.jpg\",\"width\":640,\"height\":480,\"caption\":\"S\u00e9curit\u00e9 sanitaire des aliments : Un colloque r\u00e9unit des scientifiques \u00e0 Ouagadougou pour mener la r\u00e9flexion\"},{\"@type\":\"BreadcrumbList\",\"@id\":\"https:\/\/www.africa-press.net\/burkina-faso\/economie\/securite-sanitaire-des-aliments-un-colloque-reunit-des-scientifiques-a-ouagadougou-pour-mener-la-reflexion#breadcrumb\",\"itemListElement\":[{\"@type\":\"ListItem\",\"position\":1,\"name\":\"Accueil\",\"item\":\"https:\/\/www.africa-press.net\/burkina-faso\/\"},{\"@type\":\"ListItem\",\"position\":2,\"name\":\"S\u00e9curit\u00e9 sanitaire des aliments : Un colloque r\u00e9unit des scientifiques \u00e0 Ouagadougou pour mener la r\u00e9flexion\"}]},{\"@type\":\"WebSite\",\"@id\":\"https:\/\/www.africa-press.net\/burkina-faso\/#website\",\"url\":\"https:\/\/www.africa-press.net\/burkina-faso\/\",\"name\":\"Burkina Faso\",\"description\":\"Just another Africa News Agency Sites site\",\"potentialAction\":[{\"@type\":\"SearchAction\",\"target\":{\"@type\":\"EntryPoint\",\"urlTemplate\":\"https:\/\/www.africa-press.net\/burkina-faso\/?s={search_term_string}\"},\"query-input\":{\"@type\":\"PropertyValueSpecification\",\"valueRequired\":true,\"valueName\":\"search_term_string\"}}],\"inLanguage\":\"fr-FR\"},{\"@type\":\"Person\",\"@id\":\"https:\/\/www.africa-press.net\/burkina-faso\/#\/schema\/person\/2b1cf3cd81a31e3cd26889ca66d677f1\",\"name\":\"cfeditorfr\"}]}<\/script>\n<!-- \/ Yoast SEO Premium plugin. -->","yoast_head_json":{"title":"S\u00e9curit\u00e9 sanitaire des aliments : Un colloque r\u00e9unit des scientifiques \u00e0 Ouagadougou pour mener la r\u00e9flexion - Burkina Faso","description":"Africa-Press - Burkina Faso. Ce jeudi 17 d\u00e9cembre 2020 s\u2019est ouvert \u00e0 l\u2019universit\u00e9 Joseph Ki-Zerbo, un colloque","robots":{"index":"index","follow":"follow","max-snippet":"max-snippet:-1","max-image-preview":"max-image-preview:large","max-video-preview":"max-video-preview:-1"},"canonical":"https:\/\/www.africa-press.net\/burkina-faso\/economie\/securite-sanitaire-des-aliments-un-colloque-reunit-des-scientifiques-a-ouagadougou-pour-mener-la-reflexion","og_locale":"fr_FR","og_type":"article","og_title":"S\u00e9curit\u00e9 sanitaire des aliments : Un colloque r\u00e9unit des scientifiques \u00e0 Ouagadougou pour mener la r\u00e9flexion","og_description":"Africa-Press - Burkina Faso. Ce jeudi 17 d\u00e9cembre 2020 s\u2019est ouvert \u00e0 l\u2019universit\u00e9 Joseph Ki-Zerbo, un colloque","og_url":"https:\/\/www.africa-press.net\/burkina-faso\/economie\/securite-sanitaire-des-aliments-un-colloque-reunit-des-scientifiques-a-ouagadougou-pour-mener-la-reflexion","og_site_name":"Burkina Faso","article_published_time":"2020-12-18T13:36:58+00:00","og_image":[{"width":640,"height":480,"url":"https:\/\/static.africa-press.net\/burkina\/sites\/42\/2020\/12\/img-5fdcaa51b5287.jpg","type":"image\/jpeg"}],"author":"cfeditorfr","twitter_card":"summary_large_image","twitter_misc":{"\u00c9crit par":"cfeditorfr","Dur\u00e9e de lecture estim\u00e9e":"3 minutes"},"schema":{"@context":"https:\/\/schema.org","@graph":[{"@type":"Article","@id":"https:\/\/www.africa-press.net\/burkina-faso\/economie\/securite-sanitaire-des-aliments-un-colloque-reunit-des-scientifiques-a-ouagadougou-pour-mener-la-reflexion#article","isPartOf":{"@id":"https:\/\/www.africa-press.net\/burkina-faso\/economie\/securite-sanitaire-des-aliments-un-colloque-reunit-des-scientifiques-a-ouagadougou-pour-mener-la-reflexion"},"author":{"name":"cfeditorfr","@id":"https:\/\/www.africa-press.net\/burkina-faso\/#\/schema\/person\/2b1cf3cd81a31e3cd26889ca66d677f1"},"headline":"S\u00e9curit\u00e9 sanitaire des aliments : Un colloque r\u00e9unit des scientifiques \u00e0 Ouagadougou pour mener la r\u00e9flexion","datePublished":"2020-12-18T13:36:58+00:00","mainEntityOfPage":{"@id":"https:\/\/www.africa-press.net\/burkina-faso\/economie\/securite-sanitaire-des-aliments-un-colloque-reunit-des-scientifiques-a-ouagadougou-pour-mener-la-reflexion"},"wordCount":672,"commentCount":0,"image":{"@id":"https:\/\/www.africa-press.net\/burkina-faso\/economie\/securite-sanitaire-des-aliments-un-colloque-reunit-des-scientifiques-a-ouagadougou-pour-mener-la-reflexion#primaryimage"},"thumbnailUrl":"https:\/\/static.africa-press.net\/burkina\/sites\/42\/2020\/12\/img-5fdcaa51b5287.jpg","keywords":["Africa Press","Burkina Faso"],"articleSection":["\u00c9conomie","homepage-french","Toutes les actualit\u00e9s"],"inLanguage":"fr-FR","potentialAction":[{"@type":"CommentAction","name":"Comment","target":["https:\/\/www.africa-press.net\/burkina-faso\/economie\/securite-sanitaire-des-aliments-un-colloque-reunit-des-scientifiques-a-ouagadougou-pour-mener-la-reflexion#respond"]}]},{"@type":"WebPage","@id":"https:\/\/www.africa-press.net\/burkina-faso\/economie\/securite-sanitaire-des-aliments-un-colloque-reunit-des-scientifiques-a-ouagadougou-pour-mener-la-reflexion","url":"https:\/\/www.africa-press.net\/burkina-faso\/economie\/securite-sanitaire-des-aliments-un-colloque-reunit-des-scientifiques-a-ouagadougou-pour-mener-la-reflexion","name":"S\u00e9curit\u00e9 sanitaire des aliments : Un colloque r\u00e9unit des scientifiques \u00e0 Ouagadougou pour mener la r\u00e9flexion - Burkina Faso","isPartOf":{"@id":"https:\/\/www.africa-press.net\/burkina-faso\/#website"},"primaryImageOfPage":{"@id":"https:\/\/www.africa-press.net\/burkina-faso\/economie\/securite-sanitaire-des-aliments-un-colloque-reunit-des-scientifiques-a-ouagadougou-pour-mener-la-reflexion#primaryimage"},"image":{"@id":"https:\/\/www.africa-press.net\/burkina-faso\/economie\/securite-sanitaire-des-aliments-un-colloque-reunit-des-scientifiques-a-ouagadougou-pour-mener-la-reflexion#primaryimage"},"thumbnailUrl":"https:\/\/static.africa-press.net\/burkina\/sites\/42\/2020\/12\/img-5fdcaa51b5287.jpg","datePublished":"2020-12-18T13:36:58+00:00","author":{"@id":"https:\/\/www.africa-press.net\/burkina-faso\/#\/schema\/person\/2b1cf3cd81a31e3cd26889ca66d677f1"},"description":"Africa-Press - Burkina Faso. Ce jeudi 17 d\u00e9cembre 2020 s\u2019est ouvert \u00e0 l\u2019universit\u00e9 Joseph Ki-Zerbo, un colloque","breadcrumb":{"@id":"https:\/\/www.africa-press.net\/burkina-faso\/economie\/securite-sanitaire-des-aliments-un-colloque-reunit-des-scientifiques-a-ouagadougou-pour-mener-la-reflexion#breadcrumb"},"inLanguage":"fr-FR","potentialAction":[{"@type":"ReadAction","target":["https:\/\/www.africa-press.net\/burkina-faso\/economie\/securite-sanitaire-des-aliments-un-colloque-reunit-des-scientifiques-a-ouagadougou-pour-mener-la-reflexion"]}]},{"@type":"ImageObject","inLanguage":"fr-FR","@id":"https:\/\/www.africa-press.net\/burkina-faso\/economie\/securite-sanitaire-des-aliments-un-colloque-reunit-des-scientifiques-a-ouagadougou-pour-mener-la-reflexion#primaryimage","url":"https:\/\/static.africa-press.net\/burkina\/sites\/42\/2020\/12\/img-5fdcaa51b5287.jpg","contentUrl":"https:\/\/static.africa-press.net\/burkina\/sites\/42\/2020\/12\/img-5fdcaa51b5287.jpg","width":640,"height":480,"caption":"S\u00e9curit\u00e9 sanitaire des aliments : Un colloque r\u00e9unit des scientifiques \u00e0 Ouagadougou pour mener la r\u00e9flexion"},{"@type":"BreadcrumbList","@id":"https:\/\/www.africa-press.net\/burkina-faso\/economie\/securite-sanitaire-des-aliments-un-colloque-reunit-des-scientifiques-a-ouagadougou-pour-mener-la-reflexion#breadcrumb","itemListElement":[{"@type":"ListItem","position":1,"name":"Accueil","item":"https:\/\/www.africa-press.net\/burkina-faso\/"},{"@type":"ListItem","position":2,"name":"S\u00e9curit\u00e9 sanitaire des aliments : Un colloque r\u00e9unit des scientifiques \u00e0 Ouagadougou pour mener la r\u00e9flexion"}]},{"@type":"WebSite","@id":"https:\/\/www.africa-press.net\/burkina-faso\/#website","url":"https:\/\/www.africa-press.net\/burkina-faso\/","name":"Burkina Faso","description":"Just another Africa News Agency Sites site","potentialAction":[{"@type":"SearchAction","target":{"@type":"EntryPoint","urlTemplate":"https:\/\/www.africa-press.net\/burkina-faso\/?s={search_term_string}"},"query-input":{"@type":"PropertyValueSpecification","valueRequired":true,"valueName":"search_term_string"}}],"inLanguage":"fr-FR"},{"@type":"Person","@id":"https:\/\/www.africa-press.net\/burkina-faso\/#\/schema\/person\/2b1cf3cd81a31e3cd26889ca66d677f1","name":"cfeditorfr"}]}},"_links":{"self":[{"href":"https:\/\/www.africa-press.net\/burkina-faso\/wp-json\/wp\/v2\/posts\/2334","targetHints":{"allow":["GET"]}}],"collection":[{"href":"https:\/\/www.africa-press.net\/burkina-faso\/wp-json\/wp\/v2\/posts"}],"about":[{"href":"https:\/\/www.africa-press.net\/burkina-faso\/wp-json\/wp\/v2\/types\/post"}],"author":[{"embeddable":true,"href":"https:\/\/www.africa-press.net\/burkina-faso\/wp-json\/wp\/v2\/users\/82"}],"replies":[{"embeddable":true,"href":"https:\/\/www.africa-press.net\/burkina-faso\/wp-json\/wp\/v2\/comments?post=2334"}],"version-history":[{"count":0,"href":"https:\/\/www.africa-press.net\/burkina-faso\/wp-json\/wp\/v2\/posts\/2334\/revisions"}],"wp:featuredmedia":[{"embeddable":true,"href":"https:\/\/www.africa-press.net\/burkina-faso\/wp-json\/wp\/v2\/media\/2333"}],"wp:attachment":[{"href":"https:\/\/www.africa-press.net\/burkina-faso\/wp-json\/wp\/v2\/media?parent=2334"}],"wp:term":[{"taxonomy":"category","embeddable":true,"href":"https:\/\/www.africa-press.net\/burkina-faso\/wp-json\/wp\/v2\/categories?post=2334"},{"taxonomy":"post_tag","embeddable":true,"href":"https:\/\/www.africa-press.net\/burkina-faso\/wp-json\/wp\/v2\/tags?post=2334"}],"curies":[{"name":"wp","href":"https:\/\/api.w.org\/{rel}","templated":true}]}}