{"id":2340,"date":"2020-12-18T14:15:37","date_gmt":"2020-12-18T14:15:37","guid":{"rendered":"https:\/\/www.africa-press.com\/burkina-faso\/?p=2340"},"modified":"2020-12-18T13:21:46","modified_gmt":"2020-12-18T13:21:46","slug":"apiculture-un-salon-pour-une-meilleure-visibilite-du-secteur","status":"publish","type":"post","link":"https:\/\/www.africa-press.net\/burkina-faso\/economie\/apiculture-un-salon-pour-une-meilleure-visibilite-du-secteur","title":{"rendered":"Apiculture : Un salon pour une meilleure visibilit\u00e9 du secteur"},"content":{"rendered":"<p><span style=\"color: #ff6600\"><strong><a href=\"https:\/\/www.africa-press.com\">Africa-Press<\/a> &#8211; <a href=\"https:\/\/www.africa-press.com\/burkina-faso\">Burkina Faso<\/a>. <\/strong><\/span><b>Du 17 au 19 d\u00e9cembre 2020, se tient la premi\u00e8re \u00e9dition du salon national du miel (SANAM) sur le site du SIAO. Organis\u00e9 par la Chambre de commerce et d\u2019industrie du Burkina, cet \u00e9v\u00e9nement veut donner de la visibilit\u00e9 au secteur de l\u2019apiculture. Pour cette premi\u00e8re \u00e9dition, le th\u00e8me retenu est \u00ab modernisation du secteur apicole, d\u00e9fis et enjeux pour une \u00e9conomie r\u00e9siliente au Burkina Faso \u00bb. Au programme, conf\u00e9rences th\u00e9matiques et master class, exposition vente du miel et de ses produits d\u00e9riv\u00e9s, rencontres B to B entre les acteurs de la fili\u00e8re et les acheteurs et comm\u00e9moration de la journ\u00e9e mondiale de l\u2019abeille.<\/b><\/p>\n<p>De 35 tonnes en 2008, la production annuelle de miel au Burkina Faso est pass\u00e9e \u00e0 un peu plus de 1 000 tonnes en 2018. Cette production a g\u00e9n\u00e9r\u00e9 au cours de l\u2019ann\u00e9e 2018, un revenu de plus de 2,6 milliards de FCFA, distribu\u00e9 \u00e0 pr\u00e8s de 16 300 acteurs intervenant dans la fili\u00e8re. L\u2019apiculture est donc un secteur porteur et cr\u00e9ateur d\u2019emplois et de richesse, qui a besoin d\u2019\u00eatre promu pour un meilleur essor, d\u2019o\u00f9 l\u2019organisation de ce premier salon national du miel.<\/p>\n<p>L\u2019un des probl\u00e8mes qui se pose dans le secteur est l\u2019\u00e9coulement des produits. Ce qui fait dire au ministre du Commerce, Harouna Kabor\u00e9, que &lt;&gt;. De plus, des panels et ateliers anim\u00e9s par des experts, permettront aussi aux apiculteurs d\u2019\u00eatre mieux outill\u00e9s pour pouvoir d\u00e9velopper leurs produits afin d\u2019\u00eatre plus comp\u00e9titifs et acc\u00e9der au march\u00e9 international.<\/p>\n<p>Pour D\u00e9sir\u00e9 Marie Yam\u00e9ogo, pr\u00e9sident de l\u2019interprofession de la fili\u00e8re miel, ce salon est une opportunit\u00e9 donn\u00e9e aux apiculteurs, pour une visibilit\u00e9 nationale des produits de la ruche. &lt;&gt;, a-t-il soulign\u00e9.<\/p>\n<p><b>La journ\u00e9e mondiale de l\u2019abeille c\u00e9l\u00e9br\u00e9e au cours du SANAM<\/b><\/p>\n<p>Le lancement du SANAM a aussi constitu\u00e9 une occasion de c\u00e9l\u00e9bration, en diff\u00e9r\u00e9, de la journ\u00e9e du 20 mai consacr\u00e9e \u00e0 l\u2019abeille par une r\u00e9solution des Nations-Unies. Le ministre des Ressources animales et halieutiques, Soumanogo Koutou, n\u2019a pas manqu\u00e9 de rappeler le r\u00f4le important que jouent les abeilles dans la pollinisation des plantes et leur contribution \u00e0 la pr\u00e9servation de la biodiversit\u00e9. &lt;&gt;. La protection des abeilles doit donc \u00eatre une priorit\u00e9 pour tous afin de pr\u00e9server l\u2019humanit\u00e9.<\/p>\n<p>Au cours de la c\u00e9r\u00e9monie d\u2019ouverture du SANAM, plusieurs acteurs du secteur ont re\u00e7u des distinctions. Il s\u2019agit entre autres de Miel d\u2019Afrique, Apisavana, Faso miel de la Como\u00e9, ainsi que de certains pionniers du secteur dont Paul Gayeri et Blaise Sanou. Les ONG le Relais et Gret ont aussi re\u00e7u des troph\u00e9es pour leur engagement dans la promotion de la fili\u00e8re.<\/p>\n<p><b>Armelle Ouedraogo<br \/>\n<\/b><\/p>\n","protected":false},"excerpt":{"rendered":"<p>Africa-Press &#8211; Burkina Faso. Du 17 au 19 d\u00e9cembre 2020, se tient la premi\u00e8re \u00e9dition du salon national du miel (SANAM) sur le site du SIAO. Organis\u00e9 par la Chambre de commerce et d\u2019industrie du Burkina, cet \u00e9v\u00e9nement veut donner de la visibilit\u00e9 au secteur de l\u2019apiculture. Pour cette premi\u00e8re \u00e9dition, le th\u00e8me retenu est [&hellip;]<\/p>\n","protected":false},"author":82,"featured_media":2339,"comment_status":"open","ping_status":"closed","sticky":false,"template":"","format":"standard","meta":{"footnotes":""},"categories":[3,11,10],"tags":[111,29],"class_list":["post-2340","post","type-post","status-publish","format-standard","has-post-thumbnail","hentry","category-economie","category-homepage-french","category-toutes-les-actualites","tag-africa-press","tag-burkina-faso"],"yoast_head":"<!-- This site is optimized with the Yoast SEO Premium plugin v26.1 (Yoast SEO v27.0) - https:\/\/yoast.com\/product\/yoast-seo-premium-wordpress\/ -->\n<title>Apiculture : Un salon pour une meilleure visibilit\u00e9 du secteur - Burkina Faso<\/title>\n<meta name=\"description\" content=\"Africa-Press - Burkina Faso. Du 17 au 19 d\u00e9cembre 2020, se tient la premi\u00e8re \u00e9dition du salon national du\" \/>\n<meta name=\"robots\" content=\"index, follow, max-snippet:-1, max-image-preview:large, max-video-preview:-1\" \/>\n<link rel=\"canonical\" href=\"https:\/\/www.africa-press.net\/burkina-faso\/economie\/apiculture-un-salon-pour-une-meilleure-visibilite-du-secteur\" \/>\n<meta property=\"og:locale\" content=\"fr_FR\" \/>\n<meta property=\"og:type\" content=\"article\" \/>\n<meta property=\"og:title\" content=\"Apiculture : Un salon pour une meilleure visibilit\u00e9 du secteur\" \/>\n<meta property=\"og:description\" content=\"Africa-Press - Burkina Faso. Du 17 au 19 d\u00e9cembre 2020, se tient la premi\u00e8re \u00e9dition du salon national du\" \/>\n<meta property=\"og:url\" content=\"https:\/\/www.africa-press.net\/burkina-faso\/economie\/apiculture-un-salon-pour-une-meilleure-visibilite-du-secteur\" \/>\n<meta property=\"og:site_name\" content=\"Burkina Faso\" \/>\n<meta property=\"article:published_time\" content=\"2020-12-18T14:15:37+00:00\" \/>\n<meta property=\"og:image\" content=\"https:\/\/static.africa-press.net\/burkina\/sites\/42\/2020\/12\/img-5fdcaab885b18.jpg\" \/>\n\t<meta property=\"og:image:width\" content=\"640\" \/>\n\t<meta property=\"og:image:height\" content=\"472\" \/>\n\t<meta property=\"og:image:type\" content=\"image\/jpeg\" \/>\n<meta name=\"author\" content=\"cfeditorfr\" \/>\n<meta name=\"twitter:card\" content=\"summary_large_image\" \/>\n<meta name=\"twitter:label1\" content=\"\u00c9crit par\" \/>\n\t<meta name=\"twitter:data1\" content=\"cfeditorfr\" \/>\n\t<meta name=\"twitter:label2\" content=\"Dur\u00e9e de lecture estim\u00e9e\" \/>\n\t<meta name=\"twitter:data2\" content=\"2 minutes\" \/>\n<script type=\"application\/ld+json\" class=\"yoast-schema-graph\">{\"@context\":\"https:\/\/schema.org\",\"@graph\":[{\"@type\":\"Article\",\"@id\":\"https:\/\/www.africa-press.net\/burkina-faso\/economie\/apiculture-un-salon-pour-une-meilleure-visibilite-du-secteur#article\",\"isPartOf\":{\"@id\":\"https:\/\/www.africa-press.net\/burkina-faso\/economie\/apiculture-un-salon-pour-une-meilleure-visibilite-du-secteur\"},\"author\":{\"name\":\"cfeditorfr\",\"@id\":\"https:\/\/www.africa-press.net\/burkina-faso\/#\/schema\/person\/2b1cf3cd81a31e3cd26889ca66d677f1\"},\"headline\":\"Apiculture : Un salon pour une meilleure visibilit\u00e9 du secteur\",\"datePublished\":\"2020-12-18T14:15:37+00:00\",\"mainEntityOfPage\":{\"@id\":\"https:\/\/www.africa-press.net\/burkina-faso\/economie\/apiculture-un-salon-pour-une-meilleure-visibilite-du-secteur\"},\"wordCount\":496,\"commentCount\":0,\"image\":{\"@id\":\"https:\/\/www.africa-press.net\/burkina-faso\/economie\/apiculture-un-salon-pour-une-meilleure-visibilite-du-secteur#primaryimage\"},\"thumbnailUrl\":\"https:\/\/static.africa-press.net\/burkina\/sites\/42\/2020\/12\/img-5fdcaab885b18.jpg\",\"keywords\":[\"Africa Press\",\"Burkina Faso\"],\"articleSection\":[\"\u00c9conomie\",\"homepage-french\",\"Toutes les actualit\u00e9s\"],\"inLanguage\":\"fr-FR\",\"potentialAction\":[{\"@type\":\"CommentAction\",\"name\":\"Comment\",\"target\":[\"https:\/\/www.africa-press.net\/burkina-faso\/economie\/apiculture-un-salon-pour-une-meilleure-visibilite-du-secteur#respond\"]}]},{\"@type\":\"WebPage\",\"@id\":\"https:\/\/www.africa-press.net\/burkina-faso\/economie\/apiculture-un-salon-pour-une-meilleure-visibilite-du-secteur\",\"url\":\"https:\/\/www.africa-press.net\/burkina-faso\/economie\/apiculture-un-salon-pour-une-meilleure-visibilite-du-secteur\",\"name\":\"Apiculture : Un salon pour une meilleure visibilit\u00e9 du secteur - Burkina Faso\",\"isPartOf\":{\"@id\":\"https:\/\/www.africa-press.net\/burkina-faso\/#website\"},\"primaryImageOfPage\":{\"@id\":\"https:\/\/www.africa-press.net\/burkina-faso\/economie\/apiculture-un-salon-pour-une-meilleure-visibilite-du-secteur#primaryimage\"},\"image\":{\"@id\":\"https:\/\/www.africa-press.net\/burkina-faso\/economie\/apiculture-un-salon-pour-une-meilleure-visibilite-du-secteur#primaryimage\"},\"thumbnailUrl\":\"https:\/\/static.africa-press.net\/burkina\/sites\/42\/2020\/12\/img-5fdcaab885b18.jpg\",\"datePublished\":\"2020-12-18T14:15:37+00:00\",\"author\":{\"@id\":\"https:\/\/www.africa-press.net\/burkina-faso\/#\/schema\/person\/2b1cf3cd81a31e3cd26889ca66d677f1\"},\"description\":\"Africa-Press - Burkina Faso. Du 17 au 19 d\u00e9cembre 2020, se tient la premi\u00e8re \u00e9dition du salon national du\",\"breadcrumb\":{\"@id\":\"https:\/\/www.africa-press.net\/burkina-faso\/economie\/apiculture-un-salon-pour-une-meilleure-visibilite-du-secteur#breadcrumb\"},\"inLanguage\":\"fr-FR\",\"potentialAction\":[{\"@type\":\"ReadAction\",\"target\":[\"https:\/\/www.africa-press.net\/burkina-faso\/economie\/apiculture-un-salon-pour-une-meilleure-visibilite-du-secteur\"]}]},{\"@type\":\"ImageObject\",\"inLanguage\":\"fr-FR\",\"@id\":\"https:\/\/www.africa-press.net\/burkina-faso\/economie\/apiculture-un-salon-pour-une-meilleure-visibilite-du-secteur#primaryimage\",\"url\":\"https:\/\/static.africa-press.net\/burkina\/sites\/42\/2020\/12\/img-5fdcaab885b18.jpg\",\"contentUrl\":\"https:\/\/static.africa-press.net\/burkina\/sites\/42\/2020\/12\/img-5fdcaab885b18.jpg\",\"width\":640,\"height\":472,\"caption\":\"Apiculture : Un salon pour une meilleure visibilit\u00e9 du secteur\"},{\"@type\":\"BreadcrumbList\",\"@id\":\"https:\/\/www.africa-press.net\/burkina-faso\/economie\/apiculture-un-salon-pour-une-meilleure-visibilite-du-secteur#breadcrumb\",\"itemListElement\":[{\"@type\":\"ListItem\",\"position\":1,\"name\":\"Accueil\",\"item\":\"https:\/\/www.africa-press.net\/burkina-faso\/\"},{\"@type\":\"ListItem\",\"position\":2,\"name\":\"Apiculture : Un salon pour une meilleure visibilit\u00e9 du secteur\"}]},{\"@type\":\"WebSite\",\"@id\":\"https:\/\/www.africa-press.net\/burkina-faso\/#website\",\"url\":\"https:\/\/www.africa-press.net\/burkina-faso\/\",\"name\":\"Burkina Faso\",\"description\":\"Just another Africa News Agency Sites site\",\"potentialAction\":[{\"@type\":\"SearchAction\",\"target\":{\"@type\":\"EntryPoint\",\"urlTemplate\":\"https:\/\/www.africa-press.net\/burkina-faso\/?s={search_term_string}\"},\"query-input\":{\"@type\":\"PropertyValueSpecification\",\"valueRequired\":true,\"valueName\":\"search_term_string\"}}],\"inLanguage\":\"fr-FR\"},{\"@type\":\"Person\",\"@id\":\"https:\/\/www.africa-press.net\/burkina-faso\/#\/schema\/person\/2b1cf3cd81a31e3cd26889ca66d677f1\",\"name\":\"cfeditorfr\"}]}<\/script>\n<!-- \/ Yoast SEO Premium plugin. -->","yoast_head_json":{"title":"Apiculture : Un salon pour une meilleure visibilit\u00e9 du secteur - Burkina Faso","description":"Africa-Press - Burkina Faso. Du 17 au 19 d\u00e9cembre 2020, se tient la premi\u00e8re \u00e9dition du salon national du","robots":{"index":"index","follow":"follow","max-snippet":"max-snippet:-1","max-image-preview":"max-image-preview:large","max-video-preview":"max-video-preview:-1"},"canonical":"https:\/\/www.africa-press.net\/burkina-faso\/economie\/apiculture-un-salon-pour-une-meilleure-visibilite-du-secteur","og_locale":"fr_FR","og_type":"article","og_title":"Apiculture : Un salon pour une meilleure visibilit\u00e9 du secteur","og_description":"Africa-Press - Burkina Faso. Du 17 au 19 d\u00e9cembre 2020, se tient la premi\u00e8re \u00e9dition du salon national du","og_url":"https:\/\/www.africa-press.net\/burkina-faso\/economie\/apiculture-un-salon-pour-une-meilleure-visibilite-du-secteur","og_site_name":"Burkina Faso","article_published_time":"2020-12-18T14:15:37+00:00","og_image":[{"width":640,"height":472,"url":"https:\/\/static.africa-press.net\/burkina\/sites\/42\/2020\/12\/img-5fdcaab885b18.jpg","type":"image\/jpeg"}],"author":"cfeditorfr","twitter_card":"summary_large_image","twitter_misc":{"\u00c9crit par":"cfeditorfr","Dur\u00e9e de lecture estim\u00e9e":"2 minutes"},"schema":{"@context":"https:\/\/schema.org","@graph":[{"@type":"Article","@id":"https:\/\/www.africa-press.net\/burkina-faso\/economie\/apiculture-un-salon-pour-une-meilleure-visibilite-du-secteur#article","isPartOf":{"@id":"https:\/\/www.africa-press.net\/burkina-faso\/economie\/apiculture-un-salon-pour-une-meilleure-visibilite-du-secteur"},"author":{"name":"cfeditorfr","@id":"https:\/\/www.africa-press.net\/burkina-faso\/#\/schema\/person\/2b1cf3cd81a31e3cd26889ca66d677f1"},"headline":"Apiculture : Un salon pour une meilleure visibilit\u00e9 du secteur","datePublished":"2020-12-18T14:15:37+00:00","mainEntityOfPage":{"@id":"https:\/\/www.africa-press.net\/burkina-faso\/economie\/apiculture-un-salon-pour-une-meilleure-visibilite-du-secteur"},"wordCount":496,"commentCount":0,"image":{"@id":"https:\/\/www.africa-press.net\/burkina-faso\/economie\/apiculture-un-salon-pour-une-meilleure-visibilite-du-secteur#primaryimage"},"thumbnailUrl":"https:\/\/static.africa-press.net\/burkina\/sites\/42\/2020\/12\/img-5fdcaab885b18.jpg","keywords":["Africa Press","Burkina Faso"],"articleSection":["\u00c9conomie","homepage-french","Toutes les actualit\u00e9s"],"inLanguage":"fr-FR","potentialAction":[{"@type":"CommentAction","name":"Comment","target":["https:\/\/www.africa-press.net\/burkina-faso\/economie\/apiculture-un-salon-pour-une-meilleure-visibilite-du-secteur#respond"]}]},{"@type":"WebPage","@id":"https:\/\/www.africa-press.net\/burkina-faso\/economie\/apiculture-un-salon-pour-une-meilleure-visibilite-du-secteur","url":"https:\/\/www.africa-press.net\/burkina-faso\/economie\/apiculture-un-salon-pour-une-meilleure-visibilite-du-secteur","name":"Apiculture : Un salon pour une meilleure visibilit\u00e9 du secteur - Burkina Faso","isPartOf":{"@id":"https:\/\/www.africa-press.net\/burkina-faso\/#website"},"primaryImageOfPage":{"@id":"https:\/\/www.africa-press.net\/burkina-faso\/economie\/apiculture-un-salon-pour-une-meilleure-visibilite-du-secteur#primaryimage"},"image":{"@id":"https:\/\/www.africa-press.net\/burkina-faso\/economie\/apiculture-un-salon-pour-une-meilleure-visibilite-du-secteur#primaryimage"},"thumbnailUrl":"https:\/\/static.africa-press.net\/burkina\/sites\/42\/2020\/12\/img-5fdcaab885b18.jpg","datePublished":"2020-12-18T14:15:37+00:00","author":{"@id":"https:\/\/www.africa-press.net\/burkina-faso\/#\/schema\/person\/2b1cf3cd81a31e3cd26889ca66d677f1"},"description":"Africa-Press - Burkina Faso. Du 17 au 19 d\u00e9cembre 2020, se tient la premi\u00e8re \u00e9dition du salon national du","breadcrumb":{"@id":"https:\/\/www.africa-press.net\/burkina-faso\/economie\/apiculture-un-salon-pour-une-meilleure-visibilite-du-secteur#breadcrumb"},"inLanguage":"fr-FR","potentialAction":[{"@type":"ReadAction","target":["https:\/\/www.africa-press.net\/burkina-faso\/economie\/apiculture-un-salon-pour-une-meilleure-visibilite-du-secteur"]}]},{"@type":"ImageObject","inLanguage":"fr-FR","@id":"https:\/\/www.africa-press.net\/burkina-faso\/economie\/apiculture-un-salon-pour-une-meilleure-visibilite-du-secteur#primaryimage","url":"https:\/\/static.africa-press.net\/burkina\/sites\/42\/2020\/12\/img-5fdcaab885b18.jpg","contentUrl":"https:\/\/static.africa-press.net\/burkina\/sites\/42\/2020\/12\/img-5fdcaab885b18.jpg","width":640,"height":472,"caption":"Apiculture : Un salon pour une meilleure visibilit\u00e9 du secteur"},{"@type":"BreadcrumbList","@id":"https:\/\/www.africa-press.net\/burkina-faso\/economie\/apiculture-un-salon-pour-une-meilleure-visibilite-du-secteur#breadcrumb","itemListElement":[{"@type":"ListItem","position":1,"name":"Accueil","item":"https:\/\/www.africa-press.net\/burkina-faso\/"},{"@type":"ListItem","position":2,"name":"Apiculture : Un salon pour une meilleure visibilit\u00e9 du secteur"}]},{"@type":"WebSite","@id":"https:\/\/www.africa-press.net\/burkina-faso\/#website","url":"https:\/\/www.africa-press.net\/burkina-faso\/","name":"Burkina Faso","description":"Just another Africa News Agency Sites site","potentialAction":[{"@type":"SearchAction","target":{"@type":"EntryPoint","urlTemplate":"https:\/\/www.africa-press.net\/burkina-faso\/?s={search_term_string}"},"query-input":{"@type":"PropertyValueSpecification","valueRequired":true,"valueName":"search_term_string"}}],"inLanguage":"fr-FR"},{"@type":"Person","@id":"https:\/\/www.africa-press.net\/burkina-faso\/#\/schema\/person\/2b1cf3cd81a31e3cd26889ca66d677f1","name":"cfeditorfr"}]}},"_links":{"self":[{"href":"https:\/\/www.africa-press.net\/burkina-faso\/wp-json\/wp\/v2\/posts\/2340","targetHints":{"allow":["GET"]}}],"collection":[{"href":"https:\/\/www.africa-press.net\/burkina-faso\/wp-json\/wp\/v2\/posts"}],"about":[{"href":"https:\/\/www.africa-press.net\/burkina-faso\/wp-json\/wp\/v2\/types\/post"}],"author":[{"embeddable":true,"href":"https:\/\/www.africa-press.net\/burkina-faso\/wp-json\/wp\/v2\/users\/82"}],"replies":[{"embeddable":true,"href":"https:\/\/www.africa-press.net\/burkina-faso\/wp-json\/wp\/v2\/comments?post=2340"}],"version-history":[{"count":0,"href":"https:\/\/www.africa-press.net\/burkina-faso\/wp-json\/wp\/v2\/posts\/2340\/revisions"}],"wp:featuredmedia":[{"embeddable":true,"href":"https:\/\/www.africa-press.net\/burkina-faso\/wp-json\/wp\/v2\/media\/2339"}],"wp:attachment":[{"href":"https:\/\/www.africa-press.net\/burkina-faso\/wp-json\/wp\/v2\/media?parent=2340"}],"wp:term":[{"taxonomy":"category","embeddable":true,"href":"https:\/\/www.africa-press.net\/burkina-faso\/wp-json\/wp\/v2\/categories?post=2340"},{"taxonomy":"post_tag","embeddable":true,"href":"https:\/\/www.africa-press.net\/burkina-faso\/wp-json\/wp\/v2\/tags?post=2340"}],"curies":[{"name":"wp","href":"https:\/\/api.w.org\/{rel}","templated":true}]}}