{"id":2347,"date":"2020-12-18T14:52:11","date_gmt":"2020-12-18T14:52:11","guid":{"rendered":"https:\/\/www.africa-press.com\/burkina-faso\/?p=2347"},"modified":"2020-12-18T13:21:10","modified_gmt":"2020-12-18T13:21:10","slug":"elections-du-22-novembre-le-csc-felicite-son-personnel-et-ses-partenaires","status":"publish","type":"post","link":"https:\/\/www.africa-press.net\/burkina-faso\/politique\/elections-du-22-novembre-le-csc-felicite-son-personnel-et-ses-partenaires","title":{"rendered":"Elections du 22 novembre : Le CSC f\u00e9licite son personnel et ses partenaires"},"content":{"rendered":"<p><span style=\"color: #ff6600\"><strong><a href=\"https:\/\/www.africa-press.com\">Africa-Press<\/a> &#8211; <a href=\"https:\/\/www.africa-press.com\/burkina-faso\">Burkina Faso<\/a>. <\/strong><\/span>Le Conseil sup\u00e9rieur de la communication (CSC) a organis\u00e9 une sobre c\u00e9r\u00e9monie de reconnaissance de son personnel et de ses partenaires pour le travail abattu lors des \u00e9lections coupl\u00e9s de novembre 2020. La dite c\u00e9r\u00e9monie a eu lieu dans l\u2019enceinte de l\u2019institution dans la soir\u00e9e du jeudi 17 d\u00e9cembre 2020.<\/p>\n<p>A la sortie des \u00e9lections coupl\u00e9es pr\u00e9sidentielle et l\u00e9gislatives de novembre 2020, le Conseil sup\u00e9rieur de la communication (CSC) ne veut pas passer sous silence les efforts et l\u2019engagement de son personnel et de ses partenaires qui ont \u0153uvr\u00e9 pour la bonne conduite des \u00e9lections de cette ann\u00e9e.<\/p>\n<p>Mathias Tankoano, pr\u00e9sident du CSC, a tenu \u00e0 reconnaitre l\u2019engagement privil\u00e9gi\u00e9 du Programme des Nations Unies pour le d\u00e9veloppement (PNUD) aux c\u00f4t\u00e9s de son institution. \u00ab Monsieur le repr\u00e9sentant r\u00e9sident de la PNUD, les premiers mots vous reviennent naturellement. Pour vous dire que d\u00e8s le d\u00e9but, vous avez eu la confiance au Conseil sup\u00e9rieur de la communication et vous vous \u00eates associ\u00e9s \u00e0 nous pour financer la Strat\u00e9gie globale des \u00e9lections que nous avons eu \u00e0 \u00e9laborer. Vous avez \u00e9t\u00e9 un partenaire de premier choix. Vous nous avez accompagn\u00e9s dans la formation surtout \u00bb, a-t-il affirm\u00e9.<\/p>\n<p>Le pr\u00e9sident du CSC a signal\u00e9 avoir re\u00e7u des lettres de f\u00e9licitions de la part des observateurs nationaux et internationaux et dit tenir \u00e0 partager ces f\u00e9licitions avec le PNUD.<\/p>\n<p>Dans ses propos, Mathias Tankoano a cit\u00e9 d\u2019autres partenaires qui ont form\u00e9 les acteurs de la communication dans le cadre des \u00e9lections. \u00ab L\u2019Organisation mondiale de la francophonie, la Commission nationale des droits de l\u2019homme ont particip\u00e9 aussi \u00e0 cette formation. Ensemble, vous nous avez aid\u00e9s \u00bb, a confi\u00e9 Mathias Tankoano.<\/p>\n<p>Dans la m\u00eame lanc\u00e9e, le pr\u00e9sident du CSC a reconnu les m\u00e9rites de ses collaborateurs internes, des journalistes, qui ont anim\u00e9 les \u00e9missions parrain\u00e9es par le CSC, des techniciens des radios et des t\u00e9l\u00e9s qui ont abattu un travail exemplaire. \u00ab Je crois que c\u2019est la premi\u00e8re fois qu\u2019aucun candidat ne s\u2019est plaint d\u2019un journaliste, n\u2019a eu \u00e0 se plaindre d\u2019un journaliste, ni du Conseil sup\u00e9rieur de la communication \u00bb, a lanc\u00e9 Mathias Tankoano.<\/p>\n<p>Le pr\u00e9sident du CSC a fait une confidence \u00e0 l\u2019assistance compos\u00e9e en majorit\u00e9 de son personnel et des leaders des organes de presse. \u00ab Si j\u2019ai une petite confidence \u00e0 vous faire, depuis que ces agents r\u00e9quisitionn\u00e9s sont venus ici, ils n\u2019ont re\u00e7u 1 franc, mais personne n\u2019a r\u00e9clam\u00e9 quoi que ce soit \u00bb, a-t-il fait savoir. Mais Mathias Tankoano s\u2019est voulu rassurant par la suite quant \u00e0 la r\u00e9mun\u00e9ration des agents. \u00ab Ce n\u2019est qu\u2019une question de proc\u00e9dure interne. Nous allons honorer nos engagements comme vous nous avez honor\u00e9s \u00bb, a-t-il clam\u00e9.<\/p>\n<p>Mathias Tankoano a invit\u00e9 les m\u00e9dias \u00e0 rester encore disponibles pour accompagner le CSC dans le cadre des \u00e9lections municipales qui sont en vue et la c\u00e9r\u00e9monie s\u2019est achev\u00e9e par un cocktail. Akim KY (Stagiaire)<\/p>\n","protected":false},"excerpt":{"rendered":"<p>Africa-Press &#8211; Burkina Faso. Le Conseil sup\u00e9rieur de la communication (CSC) a organis\u00e9 une sobre c\u00e9r\u00e9monie de reconnaissance de son personnel et de ses partenaires pour le travail abattu lors des \u00e9lections coupl\u00e9s de novembre 2020. La dite c\u00e9r\u00e9monie a eu lieu dans l\u2019enceinte de l\u2019institution dans la soir\u00e9e du jeudi 17 d\u00e9cembre 2020. A [&hellip;]<\/p>\n","protected":false},"author":82,"featured_media":2346,"comment_status":"open","ping_status":"closed","sticky":false,"template":"","format":"standard","meta":{"footnotes":""},"categories":[11,2,20,10],"tags":[111,29],"class_list":["post-2347","post","type-post","status-publish","format-standard","has-post-thumbnail","hentry","category-homepage-french","category-politique","category-top-nouvelles","category-toutes-les-actualites","tag-africa-press","tag-burkina-faso"],"yoast_head":"<!-- This site is optimized with the Yoast SEO Premium plugin v26.1 (Yoast SEO v27.0) - https:\/\/yoast.com\/product\/yoast-seo-premium-wordpress\/ -->\n<title>Elections du 22 novembre : Le CSC f\u00e9licite son personnel et ses partenaires - Burkina Faso<\/title>\n<meta name=\"description\" content=\"Africa-Press - Burkina Faso. Le Conseil sup\u00e9rieur de la communication (CSC) a organis\u00e9 une sobre c\u00e9r\u00e9monie de reconnaiss\" \/>\n<meta name=\"robots\" content=\"index, follow, max-snippet:-1, max-image-preview:large, max-video-preview:-1\" \/>\n<link rel=\"canonical\" href=\"https:\/\/www.africa-press.net\/burkina-faso\/politique\/elections-du-22-novembre-le-csc-felicite-son-personnel-et-ses-partenaires\" \/>\n<meta property=\"og:locale\" content=\"fr_FR\" \/>\n<meta property=\"og:type\" content=\"article\" \/>\n<meta property=\"og:title\" content=\"Elections du 22 novembre : Le CSC f\u00e9licite son personnel et ses partenaires\" \/>\n<meta property=\"og:description\" content=\"Africa-Press - Burkina Faso. Le Conseil sup\u00e9rieur de la communication (CSC) a organis\u00e9 une sobre c\u00e9r\u00e9monie de reconnaiss\" \/>\n<meta property=\"og:url\" content=\"https:\/\/www.africa-press.net\/burkina-faso\/politique\/elections-du-22-novembre-le-csc-felicite-son-personnel-et-ses-partenaires\" \/>\n<meta property=\"og:site_name\" content=\"Burkina Faso\" \/>\n<meta property=\"article:published_time\" content=\"2020-12-18T14:52:11+00:00\" \/>\n<meta property=\"og:image\" content=\"https:\/\/static.africa-press.net\/burkina\/sites\/42\/2020\/12\/img-5fdcab1538cc0.jpg\" \/>\n\t<meta property=\"og:image:width\" content=\"749\" \/>\n\t<meta property=\"og:image:height\" content=\"445\" \/>\n\t<meta property=\"og:image:type\" content=\"image\/jpeg\" \/>\n<meta name=\"author\" content=\"cfeditorfr\" \/>\n<meta name=\"twitter:card\" content=\"summary_large_image\" \/>\n<meta name=\"twitter:label1\" content=\"\u00c9crit par\" \/>\n\t<meta name=\"twitter:data1\" content=\"cfeditorfr\" \/>\n\t<meta name=\"twitter:label2\" content=\"Dur\u00e9e de lecture estim\u00e9e\" \/>\n\t<meta name=\"twitter:data2\" content=\"3 minutes\" \/>\n<script type=\"application\/ld+json\" class=\"yoast-schema-graph\">{\"@context\":\"https:\/\/schema.org\",\"@graph\":[{\"@type\":\"Article\",\"@id\":\"https:\/\/www.africa-press.net\/burkina-faso\/politique\/elections-du-22-novembre-le-csc-felicite-son-personnel-et-ses-partenaires#article\",\"isPartOf\":{\"@id\":\"https:\/\/www.africa-press.net\/burkina-faso\/politique\/elections-du-22-novembre-le-csc-felicite-son-personnel-et-ses-partenaires\"},\"author\":{\"name\":\"cfeditorfr\",\"@id\":\"https:\/\/www.africa-press.net\/burkina-faso\/#\/schema\/person\/2b1cf3cd81a31e3cd26889ca66d677f1\"},\"headline\":\"Elections du 22 novembre : Le CSC f\u00e9licite son personnel et ses partenaires\",\"datePublished\":\"2020-12-18T14:52:11+00:00\",\"mainEntityOfPage\":{\"@id\":\"https:\/\/www.africa-press.net\/burkina-faso\/politique\/elections-du-22-novembre-le-csc-felicite-son-personnel-et-ses-partenaires\"},\"wordCount\":543,\"commentCount\":0,\"image\":{\"@id\":\"https:\/\/www.africa-press.net\/burkina-faso\/politique\/elections-du-22-novembre-le-csc-felicite-son-personnel-et-ses-partenaires#primaryimage\"},\"thumbnailUrl\":\"https:\/\/static.africa-press.net\/burkina\/sites\/42\/2020\/12\/img-5fdcab1538cc0.jpg\",\"keywords\":[\"Africa Press\",\"Burkina Faso\"],\"articleSection\":[\"homepage-french\",\"Politique\",\"Top Nouvelles\",\"Toutes les actualit\u00e9s\"],\"inLanguage\":\"fr-FR\",\"potentialAction\":[{\"@type\":\"CommentAction\",\"name\":\"Comment\",\"target\":[\"https:\/\/www.africa-press.net\/burkina-faso\/politique\/elections-du-22-novembre-le-csc-felicite-son-personnel-et-ses-partenaires#respond\"]}]},{\"@type\":\"WebPage\",\"@id\":\"https:\/\/www.africa-press.net\/burkina-faso\/politique\/elections-du-22-novembre-le-csc-felicite-son-personnel-et-ses-partenaires\",\"url\":\"https:\/\/www.africa-press.net\/burkina-faso\/politique\/elections-du-22-novembre-le-csc-felicite-son-personnel-et-ses-partenaires\",\"name\":\"Elections du 22 novembre : Le CSC f\u00e9licite son personnel et ses partenaires - Burkina Faso\",\"isPartOf\":{\"@id\":\"https:\/\/www.africa-press.net\/burkina-faso\/#website\"},\"primaryImageOfPage\":{\"@id\":\"https:\/\/www.africa-press.net\/burkina-faso\/politique\/elections-du-22-novembre-le-csc-felicite-son-personnel-et-ses-partenaires#primaryimage\"},\"image\":{\"@id\":\"https:\/\/www.africa-press.net\/burkina-faso\/politique\/elections-du-22-novembre-le-csc-felicite-son-personnel-et-ses-partenaires#primaryimage\"},\"thumbnailUrl\":\"https:\/\/static.africa-press.net\/burkina\/sites\/42\/2020\/12\/img-5fdcab1538cc0.jpg\",\"datePublished\":\"2020-12-18T14:52:11+00:00\",\"author\":{\"@id\":\"https:\/\/www.africa-press.net\/burkina-faso\/#\/schema\/person\/2b1cf3cd81a31e3cd26889ca66d677f1\"},\"description\":\"Africa-Press - Burkina Faso. Le Conseil sup\u00e9rieur de la communication (CSC) a organis\u00e9 une sobre c\u00e9r\u00e9monie de reconnaiss\",\"breadcrumb\":{\"@id\":\"https:\/\/www.africa-press.net\/burkina-faso\/politique\/elections-du-22-novembre-le-csc-felicite-son-personnel-et-ses-partenaires#breadcrumb\"},\"inLanguage\":\"fr-FR\",\"potentialAction\":[{\"@type\":\"ReadAction\",\"target\":[\"https:\/\/www.africa-press.net\/burkina-faso\/politique\/elections-du-22-novembre-le-csc-felicite-son-personnel-et-ses-partenaires\"]}]},{\"@type\":\"ImageObject\",\"inLanguage\":\"fr-FR\",\"@id\":\"https:\/\/www.africa-press.net\/burkina-faso\/politique\/elections-du-22-novembre-le-csc-felicite-son-personnel-et-ses-partenaires#primaryimage\",\"url\":\"https:\/\/static.africa-press.net\/burkina\/sites\/42\/2020\/12\/img-5fdcab1538cc0.jpg\",\"contentUrl\":\"https:\/\/static.africa-press.net\/burkina\/sites\/42\/2020\/12\/img-5fdcab1538cc0.jpg\",\"width\":749,\"height\":445,\"caption\":\"Elections du 22 novembre : Le CSC f\u00e9licite son personnel et ses partenaires\"},{\"@type\":\"BreadcrumbList\",\"@id\":\"https:\/\/www.africa-press.net\/burkina-faso\/politique\/elections-du-22-novembre-le-csc-felicite-son-personnel-et-ses-partenaires#breadcrumb\",\"itemListElement\":[{\"@type\":\"ListItem\",\"position\":1,\"name\":\"Accueil\",\"item\":\"https:\/\/www.africa-press.net\/burkina-faso\/\"},{\"@type\":\"ListItem\",\"position\":2,\"name\":\"Elections du 22 novembre : Le CSC f\u00e9licite son personnel et ses partenaires\"}]},{\"@type\":\"WebSite\",\"@id\":\"https:\/\/www.africa-press.net\/burkina-faso\/#website\",\"url\":\"https:\/\/www.africa-press.net\/burkina-faso\/\",\"name\":\"Burkina Faso\",\"description\":\"Just another Africa News Agency Sites site\",\"potentialAction\":[{\"@type\":\"SearchAction\",\"target\":{\"@type\":\"EntryPoint\",\"urlTemplate\":\"https:\/\/www.africa-press.net\/burkina-faso\/?s={search_term_string}\"},\"query-input\":{\"@type\":\"PropertyValueSpecification\",\"valueRequired\":true,\"valueName\":\"search_term_string\"}}],\"inLanguage\":\"fr-FR\"},{\"@type\":\"Person\",\"@id\":\"https:\/\/www.africa-press.net\/burkina-faso\/#\/schema\/person\/2b1cf3cd81a31e3cd26889ca66d677f1\",\"name\":\"cfeditorfr\"}]}<\/script>\n<!-- \/ Yoast SEO Premium plugin. -->","yoast_head_json":{"title":"Elections du 22 novembre : Le CSC f\u00e9licite son personnel et ses partenaires - Burkina Faso","description":"Africa-Press - Burkina Faso. Le Conseil sup\u00e9rieur de la communication (CSC) a organis\u00e9 une sobre c\u00e9r\u00e9monie de reconnaiss","robots":{"index":"index","follow":"follow","max-snippet":"max-snippet:-1","max-image-preview":"max-image-preview:large","max-video-preview":"max-video-preview:-1"},"canonical":"https:\/\/www.africa-press.net\/burkina-faso\/politique\/elections-du-22-novembre-le-csc-felicite-son-personnel-et-ses-partenaires","og_locale":"fr_FR","og_type":"article","og_title":"Elections du 22 novembre : Le CSC f\u00e9licite son personnel et ses partenaires","og_description":"Africa-Press - Burkina Faso. Le Conseil sup\u00e9rieur de la communication (CSC) a organis\u00e9 une sobre c\u00e9r\u00e9monie de reconnaiss","og_url":"https:\/\/www.africa-press.net\/burkina-faso\/politique\/elections-du-22-novembre-le-csc-felicite-son-personnel-et-ses-partenaires","og_site_name":"Burkina Faso","article_published_time":"2020-12-18T14:52:11+00:00","og_image":[{"width":749,"height":445,"url":"https:\/\/static.africa-press.net\/burkina\/sites\/42\/2020\/12\/img-5fdcab1538cc0.jpg","type":"image\/jpeg"}],"author":"cfeditorfr","twitter_card":"summary_large_image","twitter_misc":{"\u00c9crit par":"cfeditorfr","Dur\u00e9e de lecture estim\u00e9e":"3 minutes"},"schema":{"@context":"https:\/\/schema.org","@graph":[{"@type":"Article","@id":"https:\/\/www.africa-press.net\/burkina-faso\/politique\/elections-du-22-novembre-le-csc-felicite-son-personnel-et-ses-partenaires#article","isPartOf":{"@id":"https:\/\/www.africa-press.net\/burkina-faso\/politique\/elections-du-22-novembre-le-csc-felicite-son-personnel-et-ses-partenaires"},"author":{"name":"cfeditorfr","@id":"https:\/\/www.africa-press.net\/burkina-faso\/#\/schema\/person\/2b1cf3cd81a31e3cd26889ca66d677f1"},"headline":"Elections du 22 novembre : Le CSC f\u00e9licite son personnel et ses partenaires","datePublished":"2020-12-18T14:52:11+00:00","mainEntityOfPage":{"@id":"https:\/\/www.africa-press.net\/burkina-faso\/politique\/elections-du-22-novembre-le-csc-felicite-son-personnel-et-ses-partenaires"},"wordCount":543,"commentCount":0,"image":{"@id":"https:\/\/www.africa-press.net\/burkina-faso\/politique\/elections-du-22-novembre-le-csc-felicite-son-personnel-et-ses-partenaires#primaryimage"},"thumbnailUrl":"https:\/\/static.africa-press.net\/burkina\/sites\/42\/2020\/12\/img-5fdcab1538cc0.jpg","keywords":["Africa Press","Burkina Faso"],"articleSection":["homepage-french","Politique","Top Nouvelles","Toutes les actualit\u00e9s"],"inLanguage":"fr-FR","potentialAction":[{"@type":"CommentAction","name":"Comment","target":["https:\/\/www.africa-press.net\/burkina-faso\/politique\/elections-du-22-novembre-le-csc-felicite-son-personnel-et-ses-partenaires#respond"]}]},{"@type":"WebPage","@id":"https:\/\/www.africa-press.net\/burkina-faso\/politique\/elections-du-22-novembre-le-csc-felicite-son-personnel-et-ses-partenaires","url":"https:\/\/www.africa-press.net\/burkina-faso\/politique\/elections-du-22-novembre-le-csc-felicite-son-personnel-et-ses-partenaires","name":"Elections du 22 novembre : Le CSC f\u00e9licite son personnel et ses partenaires - Burkina Faso","isPartOf":{"@id":"https:\/\/www.africa-press.net\/burkina-faso\/#website"},"primaryImageOfPage":{"@id":"https:\/\/www.africa-press.net\/burkina-faso\/politique\/elections-du-22-novembre-le-csc-felicite-son-personnel-et-ses-partenaires#primaryimage"},"image":{"@id":"https:\/\/www.africa-press.net\/burkina-faso\/politique\/elections-du-22-novembre-le-csc-felicite-son-personnel-et-ses-partenaires#primaryimage"},"thumbnailUrl":"https:\/\/static.africa-press.net\/burkina\/sites\/42\/2020\/12\/img-5fdcab1538cc0.jpg","datePublished":"2020-12-18T14:52:11+00:00","author":{"@id":"https:\/\/www.africa-press.net\/burkina-faso\/#\/schema\/person\/2b1cf3cd81a31e3cd26889ca66d677f1"},"description":"Africa-Press - Burkina Faso. Le Conseil sup\u00e9rieur de la communication (CSC) a organis\u00e9 une sobre c\u00e9r\u00e9monie de reconnaiss","breadcrumb":{"@id":"https:\/\/www.africa-press.net\/burkina-faso\/politique\/elections-du-22-novembre-le-csc-felicite-son-personnel-et-ses-partenaires#breadcrumb"},"inLanguage":"fr-FR","potentialAction":[{"@type":"ReadAction","target":["https:\/\/www.africa-press.net\/burkina-faso\/politique\/elections-du-22-novembre-le-csc-felicite-son-personnel-et-ses-partenaires"]}]},{"@type":"ImageObject","inLanguage":"fr-FR","@id":"https:\/\/www.africa-press.net\/burkina-faso\/politique\/elections-du-22-novembre-le-csc-felicite-son-personnel-et-ses-partenaires#primaryimage","url":"https:\/\/static.africa-press.net\/burkina\/sites\/42\/2020\/12\/img-5fdcab1538cc0.jpg","contentUrl":"https:\/\/static.africa-press.net\/burkina\/sites\/42\/2020\/12\/img-5fdcab1538cc0.jpg","width":749,"height":445,"caption":"Elections du 22 novembre : Le CSC f\u00e9licite son personnel et ses partenaires"},{"@type":"BreadcrumbList","@id":"https:\/\/www.africa-press.net\/burkina-faso\/politique\/elections-du-22-novembre-le-csc-felicite-son-personnel-et-ses-partenaires#breadcrumb","itemListElement":[{"@type":"ListItem","position":1,"name":"Accueil","item":"https:\/\/www.africa-press.net\/burkina-faso\/"},{"@type":"ListItem","position":2,"name":"Elections du 22 novembre : Le CSC f\u00e9licite son personnel et ses partenaires"}]},{"@type":"WebSite","@id":"https:\/\/www.africa-press.net\/burkina-faso\/#website","url":"https:\/\/www.africa-press.net\/burkina-faso\/","name":"Burkina Faso","description":"Just another Africa News Agency Sites site","potentialAction":[{"@type":"SearchAction","target":{"@type":"EntryPoint","urlTemplate":"https:\/\/www.africa-press.net\/burkina-faso\/?s={search_term_string}"},"query-input":{"@type":"PropertyValueSpecification","valueRequired":true,"valueName":"search_term_string"}}],"inLanguage":"fr-FR"},{"@type":"Person","@id":"https:\/\/www.africa-press.net\/burkina-faso\/#\/schema\/person\/2b1cf3cd81a31e3cd26889ca66d677f1","name":"cfeditorfr"}]}},"_links":{"self":[{"href":"https:\/\/www.africa-press.net\/burkina-faso\/wp-json\/wp\/v2\/posts\/2347","targetHints":{"allow":["GET"]}}],"collection":[{"href":"https:\/\/www.africa-press.net\/burkina-faso\/wp-json\/wp\/v2\/posts"}],"about":[{"href":"https:\/\/www.africa-press.net\/burkina-faso\/wp-json\/wp\/v2\/types\/post"}],"author":[{"embeddable":true,"href":"https:\/\/www.africa-press.net\/burkina-faso\/wp-json\/wp\/v2\/users\/82"}],"replies":[{"embeddable":true,"href":"https:\/\/www.africa-press.net\/burkina-faso\/wp-json\/wp\/v2\/comments?post=2347"}],"version-history":[{"count":0,"href":"https:\/\/www.africa-press.net\/burkina-faso\/wp-json\/wp\/v2\/posts\/2347\/revisions"}],"wp:featuredmedia":[{"embeddable":true,"href":"https:\/\/www.africa-press.net\/burkina-faso\/wp-json\/wp\/v2\/media\/2346"}],"wp:attachment":[{"href":"https:\/\/www.africa-press.net\/burkina-faso\/wp-json\/wp\/v2\/media?parent=2347"}],"wp:term":[{"taxonomy":"category","embeddable":true,"href":"https:\/\/www.africa-press.net\/burkina-faso\/wp-json\/wp\/v2\/categories?post=2347"},{"taxonomy":"post_tag","embeddable":true,"href":"https:\/\/www.africa-press.net\/burkina-faso\/wp-json\/wp\/v2\/tags?post=2347"}],"curies":[{"name":"wp","href":"https:\/\/api.w.org\/{rel}","templated":true}]}}