{"id":2349,"date":"2020-12-18T15:07:37","date_gmt":"2020-12-18T15:07:37","guid":{"rendered":"https:\/\/www.africa-press.com\/burkina-faso\/?p=2349"},"modified":"2020-12-18T13:21:00","modified_gmt":"2020-12-18T13:21:00","slug":"burkina-faso-le-programme-bravo-et-les-acteurs-de-letat-civil-du-centre-dresse-le-bilan-de-leurs-actions","status":"publish","type":"post","link":"https:\/\/www.africa-press.net\/burkina-faso\/toutes-les-actualites\/burkina-faso-le-programme-bravo-et-les-acteurs-de-letat-civil-du-centre-dresse-le-bilan-de-leurs-actions","title":{"rendered":"Le programme \u00ab\u00a0Bravo\u00a0!\u00a0\u00bb et les acteurs de l\u2019\u00e9tat civil du Centre dresse le bilan de leurs actions"},"content":{"rendered":"<p><span style=\"color: #ff6600\"><strong><a href=\"https:\/\/www.africa-press.com\">Africa-Press<\/a> &#8211; <a href=\"https:\/\/www.africa-press.com\/burkina-faso\">Burkina Faso<\/a>. <\/strong><\/span>Les acteurs de l\u2019\u00e9tat civil de la r\u00e9gion du Centre se sont r\u00e9unis \u00e0 Komsilga ce 17 d\u00e9cembre 2020 sous l\u2019initiative du programme \u00ab Bravo ! \u00bb pour faire le bilan de leurs actions et envisager des perspectives.<\/p>\n<p>La deuxi\u00e8me rencontre annuelle du cadre partenarial des acteurs de l\u2019\u00e9tat civil de la r\u00e9gion du Centre s\u2019est tenue ce 17 d\u00e9cembre 2020 \u00e0 Komsilga en pr\u00e9sence de plusieurs personnalit\u00e9s impliqu\u00e9es dans l\u2019\u00e9tat civil au niveau de la r\u00e9gion.<\/p>\n<p>Cette rencontre avait pour objectif, selon la responsable du programme \u00ab Bravo ! \u00bb, de faire le bilan des actions men\u00e9es au cours de l\u2019ann\u00e9e et d\u2019envisager des perspectives dans le but d\u2019am\u00e9liorer l\u2019\u00e9tat civil. \u00ab Nous avons souhait\u00e9 que les acteurs qui sont les maires, les autorit\u00e9s religieuses et coutumi\u00e8res et les autorit\u00e9s judiciaires puissent \u00eatre l\u00e0 pour qu\u2019ensemble on puisse voir quelle est l\u2019\u00e9volution qu\u2019il faut noter ou alors les difficult\u00e9s qu\u2019il faut noter en mati\u00e8re d\u2019\u00e9tat civil dans la r\u00e9gion du Centre \u00bb, a affirm\u00e9 Colette Gui\u00e9br\u00e9.<\/p>\n<p>Sur l\u2019\u00e9tat de l\u2019\u00e9tat civil dans la r\u00e9gion du Centre, le procureur du Faso, Harouna Yoda, pr\u00e9sent \u00e0 la rencontre a mentionn\u00e9 l\u2019absence de la culture de l\u2019\u00e9tat civil au niveau des populations. Pour lui, les d\u00e9clarations de naissance et de d\u00e9c\u00e8s ne sont pas suffisamment \u00e9tablies pour le fait que la culture de l\u2019\u00e9tat civil n\u2019est pas suffisamment encr\u00e9e au sein des populations.<\/p>\n<p>Le minist\u00e8re public a \u00e9galement \u00e9voqu\u00e9 comme probl\u00e8me de l\u2019\u00e9tat civil, les difficult\u00e9s li\u00e9es au manque de mat\u00e9riels. Le procureur du Faso a \u00e9galement soulign\u00e9 les difficult\u00e9s que rencontrent les \u00ab officiers et agents charg\u00e9s de l\u2019\u00e9tat civil \u00bb par manque de formation ad\u00e9quate.<\/p>\n<p>Pour le procureur du Faso qui dit \u00eatre tr\u00e8s concern\u00e9 par l\u2019\u00e9tat civil car oblig\u00e9 par la loi de faire chaque ann\u00e9e au moins un contr\u00f4le dans chaque centre d\u2019\u00e9tat civil de son ressort, l\u2019\u00e9tat civil est un outil essentiel dans le processus du d\u00e9veloppement. \u00ab L\u2019importance de l\u2019\u00e9tat civil n\u2019est plus \u00e0 d\u00e9montrer. C\u2019est un instrument de mesure de statistique au niveau national en g\u00e9n\u00e9ral et du Centre en particulier qui permet de connaitre le niveau de la population, les diff\u00e9rentes classifications \u00bb, a d\u00e9clar\u00e9 Harouna Yoda.<\/p>\n<p>Pour ce qui est du bilan du programme Bravo ! dans la r\u00e9gion du Centre, le minist\u00e8re public dit \u00eatre tr\u00e8s satisfait. \u00ab Le bilan pour ce qui me concerne, peut \u00eatre qualifi\u00e9 de positif en ce sens que l\u2019ONG s\u2019implique aux diff\u00e9rents compartiments en charge de l\u2019\u00e9tat civil. Nous avons b\u00e9n\u00e9fici\u00e9 de l\u2019ONG pour les sorties mais aussi pour les formations \u00bb, a conclu Harouna Yoda.<\/p>\n<p>Le repr\u00e9sentant du gouverneur de la r\u00e9gion du Centre, qui a salu\u00e9 le programme Bravo ! pour ses efforts dans le cadre de l\u2019\u00e9tat civil, a souhait\u00e9 que la rencontre de ce 17 d\u00e9cembre 2020 soit une occasion pour les acteurs du cadre de concertation de l\u2019\u00e9tat civil de la r\u00e9gion du Centre, pour \u00e9changer afin de trouver des solutions aux difficult\u00e9s \u00e9voqu\u00e9es par les acteurs de l\u2019\u00e9tat civil, \u00e0 savoir le manque de moyen financier et de mat\u00e9riel, le manque de salle d\u2019archivage.<\/p>\n<p>Selon Ali Ou\u00e9draogo, premier adjoint au maire de la commune de Komsilga, pour faire face aux difficult\u00e9s li\u00e9es en l\u2019enregistrement des actes d\u2019\u00e9tat civil, la commune a non seulement renforc\u00e9 son effectif avec des agents form\u00e9s \u00e0 l\u2019\u00e9cole nationale d\u2019administration et de la magistrature (ENAM), mais elle a \u00e9galement b\u00e9n\u00e9fici\u00e9 de l\u2019aide des agents du minist\u00e8re de l\u2019administration territoriale.<\/p>\n<p>Pour ce qui est de l\u2019appui du programme Bravo ! le premier adjoint au maire de Komsilga tr\u00e8s reconnaissant. \u00ab Nous ne pouvons que dire merci au programme Bravo ! parce qu\u2019\u00e0 travers son accompagnement, la sensibilisation, nous avons vu qu\u2019il y a un plus dans nos diff\u00e9rentes communes et particuli\u00e8rement dans la commune de Komsilga \u00bb, s\u2019est exprim\u00e9 Ali Ou\u00e9draogo.<\/p>\n","protected":false},"excerpt":{"rendered":"<p>Africa-Press &#8211; Burkina Faso. Les acteurs de l\u2019\u00e9tat civil de la r\u00e9gion du Centre se sont r\u00e9unis \u00e0 Komsilga ce 17 d\u00e9cembre 2020 sous l\u2019initiative du programme \u00ab Bravo ! \u00bb pour faire le bilan de leurs actions et envisager des perspectives. La deuxi\u00e8me rencontre annuelle du cadre partenarial des acteurs de l\u2019\u00e9tat civil de [&hellip;]<\/p>\n","protected":false},"author":82,"featured_media":2348,"comment_status":"open","ping_status":"closed","sticky":false,"template":"","format":"standard","meta":{"footnotes":""},"categories":[21,11,10],"tags":[111,29],"class_list":["post-2349","post","type-post","status-publish","format-standard","has-post-thumbnail","hentry","category-communaute","category-homepage-french","category-toutes-les-actualites","tag-africa-press","tag-burkina-faso"],"yoast_head":"<!-- This site is optimized with the Yoast SEO Premium plugin v26.1 (Yoast SEO v27.0) - https:\/\/yoast.com\/product\/yoast-seo-premium-wordpress\/ -->\n<title>Le programme \u00ab\u00a0Bravo\u00a0!\u00a0\u00bb et les acteurs de l\u2019\u00e9tat civil du Centre dresse le bilan de leurs actions - Burkina Faso<\/title>\n<meta name=\"description\" content=\"Africa-Press - Burkina Faso. Les acteurs de l\u2019\u00e9tat civil de la r\u00e9gion du Centre se sont r\u00e9unis \u00e0 Komsilga ce 17 d\u00e9cembre\" \/>\n<meta name=\"robots\" content=\"index, follow, max-snippet:-1, max-image-preview:large, max-video-preview:-1\" \/>\n<link rel=\"canonical\" href=\"https:\/\/www.africa-press.net\/burkina-faso\/toutes-les-actualites\/burkina-faso-le-programme-bravo-et-les-acteurs-de-letat-civil-du-centre-dresse-le-bilan-de-leurs-actions\" \/>\n<meta property=\"og:locale\" content=\"fr_FR\" \/>\n<meta property=\"og:type\" content=\"article\" \/>\n<meta property=\"og:title\" content=\"Le programme \u00ab\u00a0Bravo\u00a0!\u00a0\u00bb et les acteurs de l\u2019\u00e9tat civil du Centre dresse le bilan de leurs actions\" \/>\n<meta property=\"og:description\" content=\"Africa-Press - Burkina Faso. Les acteurs de l\u2019\u00e9tat civil de la r\u00e9gion du Centre se sont r\u00e9unis \u00e0 Komsilga ce 17 d\u00e9cembre\" \/>\n<meta property=\"og:url\" content=\"https:\/\/www.africa-press.net\/burkina-faso\/toutes-les-actualites\/burkina-faso-le-programme-bravo-et-les-acteurs-de-letat-civil-du-centre-dresse-le-bilan-de-leurs-actions\" \/>\n<meta property=\"og:site_name\" content=\"Burkina Faso\" \/>\n<meta property=\"article:published_time\" content=\"2020-12-18T15:07:37+00:00\" \/>\n<meta property=\"og:image\" content=\"https:\/\/static.africa-press.net\/burkina\/sites\/42\/2020\/12\/img-5fdcab2ef1fc8.jpg\" \/>\n\t<meta property=\"og:image:width\" content=\"1024\" \/>\n\t<meta property=\"og:image:height\" content=\"767\" \/>\n\t<meta property=\"og:image:type\" content=\"image\/jpeg\" \/>\n<meta name=\"author\" content=\"cfeditorfr\" \/>\n<meta name=\"twitter:card\" content=\"summary_large_image\" \/>\n<meta name=\"twitter:label1\" content=\"\u00c9crit par\" \/>\n\t<meta name=\"twitter:data1\" content=\"cfeditorfr\" \/>\n\t<meta name=\"twitter:label2\" content=\"Dur\u00e9e de lecture estim\u00e9e\" \/>\n\t<meta name=\"twitter:data2\" content=\"4 minutes\" \/>\n<script type=\"application\/ld+json\" class=\"yoast-schema-graph\">{\"@context\":\"https:\/\/schema.org\",\"@graph\":[{\"@type\":\"Article\",\"@id\":\"https:\/\/www.africa-press.net\/burkina-faso\/toutes-les-actualites\/burkina-faso-le-programme-bravo-et-les-acteurs-de-letat-civil-du-centre-dresse-le-bilan-de-leurs-actions#article\",\"isPartOf\":{\"@id\":\"https:\/\/www.africa-press.net\/burkina-faso\/toutes-les-actualites\/burkina-faso-le-programme-bravo-et-les-acteurs-de-letat-civil-du-centre-dresse-le-bilan-de-leurs-actions\"},\"author\":{\"name\":\"cfeditorfr\",\"@id\":\"https:\/\/www.africa-press.net\/burkina-faso\/#\/schema\/person\/2b1cf3cd81a31e3cd26889ca66d677f1\"},\"headline\":\"Le programme \u00ab\u00a0Bravo\u00a0!\u00a0\u00bb et les acteurs de l\u2019\u00e9tat civil du Centre dresse le bilan de leurs actions\",\"datePublished\":\"2020-12-18T15:07:37+00:00\",\"mainEntityOfPage\":{\"@id\":\"https:\/\/www.africa-press.net\/burkina-faso\/toutes-les-actualites\/burkina-faso-le-programme-bravo-et-les-acteurs-de-letat-civil-du-centre-dresse-le-bilan-de-leurs-actions\"},\"wordCount\":737,\"commentCount\":0,\"image\":{\"@id\":\"https:\/\/www.africa-press.net\/burkina-faso\/toutes-les-actualites\/burkina-faso-le-programme-bravo-et-les-acteurs-de-letat-civil-du-centre-dresse-le-bilan-de-leurs-actions#primaryimage\"},\"thumbnailUrl\":\"https:\/\/static.africa-press.net\/burkina\/sites\/42\/2020\/12\/img-5fdcab2ef1fc8.jpg\",\"keywords\":[\"Africa Press\",\"Burkina Faso\"],\"articleSection\":[\"Communaut\u00e9\",\"homepage-french\",\"Toutes les actualit\u00e9s\"],\"inLanguage\":\"fr-FR\",\"potentialAction\":[{\"@type\":\"CommentAction\",\"name\":\"Comment\",\"target\":[\"https:\/\/www.africa-press.net\/burkina-faso\/toutes-les-actualites\/burkina-faso-le-programme-bravo-et-les-acteurs-de-letat-civil-du-centre-dresse-le-bilan-de-leurs-actions#respond\"]}]},{\"@type\":\"WebPage\",\"@id\":\"https:\/\/www.africa-press.net\/burkina-faso\/toutes-les-actualites\/burkina-faso-le-programme-bravo-et-les-acteurs-de-letat-civil-du-centre-dresse-le-bilan-de-leurs-actions\",\"url\":\"https:\/\/www.africa-press.net\/burkina-faso\/toutes-les-actualites\/burkina-faso-le-programme-bravo-et-les-acteurs-de-letat-civil-du-centre-dresse-le-bilan-de-leurs-actions\",\"name\":\"Le programme \u00ab\u00a0Bravo\u00a0!\u00a0\u00bb et les acteurs de l\u2019\u00e9tat civil du Centre dresse le bilan de leurs actions - Burkina Faso\",\"isPartOf\":{\"@id\":\"https:\/\/www.africa-press.net\/burkina-faso\/#website\"},\"primaryImageOfPage\":{\"@id\":\"https:\/\/www.africa-press.net\/burkina-faso\/toutes-les-actualites\/burkina-faso-le-programme-bravo-et-les-acteurs-de-letat-civil-du-centre-dresse-le-bilan-de-leurs-actions#primaryimage\"},\"image\":{\"@id\":\"https:\/\/www.africa-press.net\/burkina-faso\/toutes-les-actualites\/burkina-faso-le-programme-bravo-et-les-acteurs-de-letat-civil-du-centre-dresse-le-bilan-de-leurs-actions#primaryimage\"},\"thumbnailUrl\":\"https:\/\/static.africa-press.net\/burkina\/sites\/42\/2020\/12\/img-5fdcab2ef1fc8.jpg\",\"datePublished\":\"2020-12-18T15:07:37+00:00\",\"author\":{\"@id\":\"https:\/\/www.africa-press.net\/burkina-faso\/#\/schema\/person\/2b1cf3cd81a31e3cd26889ca66d677f1\"},\"description\":\"Africa-Press - Burkina Faso. Les acteurs de l\u2019\u00e9tat civil de la r\u00e9gion du Centre se sont r\u00e9unis \u00e0 Komsilga ce 17 d\u00e9cembre\",\"breadcrumb\":{\"@id\":\"https:\/\/www.africa-press.net\/burkina-faso\/toutes-les-actualites\/burkina-faso-le-programme-bravo-et-les-acteurs-de-letat-civil-du-centre-dresse-le-bilan-de-leurs-actions#breadcrumb\"},\"inLanguage\":\"fr-FR\",\"potentialAction\":[{\"@type\":\"ReadAction\",\"target\":[\"https:\/\/www.africa-press.net\/burkina-faso\/toutes-les-actualites\/burkina-faso-le-programme-bravo-et-les-acteurs-de-letat-civil-du-centre-dresse-le-bilan-de-leurs-actions\"]}]},{\"@type\":\"ImageObject\",\"inLanguage\":\"fr-FR\",\"@id\":\"https:\/\/www.africa-press.net\/burkina-faso\/toutes-les-actualites\/burkina-faso-le-programme-bravo-et-les-acteurs-de-letat-civil-du-centre-dresse-le-bilan-de-leurs-actions#primaryimage\",\"url\":\"https:\/\/static.africa-press.net\/burkina\/sites\/42\/2020\/12\/img-5fdcab2ef1fc8.jpg\",\"contentUrl\":\"https:\/\/static.africa-press.net\/burkina\/sites\/42\/2020\/12\/img-5fdcab2ef1fc8.jpg\",\"width\":1024,\"height\":767,\"caption\":\"Burkina Faso\u00a0: Le programme \u00ab\u00a0Bravo\u00a0!\u00a0\u00bb et les acteurs de l\u2019\u00e9tat civil du Centre dresse le bilan de leurs actions\"},{\"@type\":\"BreadcrumbList\",\"@id\":\"https:\/\/www.africa-press.net\/burkina-faso\/toutes-les-actualites\/burkina-faso-le-programme-bravo-et-les-acteurs-de-letat-civil-du-centre-dresse-le-bilan-de-leurs-actions#breadcrumb\",\"itemListElement\":[{\"@type\":\"ListItem\",\"position\":1,\"name\":\"Accueil\",\"item\":\"https:\/\/www.africa-press.net\/burkina-faso\/\"},{\"@type\":\"ListItem\",\"position\":2,\"name\":\"Le programme \u00ab\u00a0Bravo\u00a0!\u00a0\u00bb et les acteurs de l\u2019\u00e9tat civil du Centre dresse le bilan de leurs actions\"}]},{\"@type\":\"WebSite\",\"@id\":\"https:\/\/www.africa-press.net\/burkina-faso\/#website\",\"url\":\"https:\/\/www.africa-press.net\/burkina-faso\/\",\"name\":\"Burkina Faso\",\"description\":\"Just another Africa News Agency Sites site\",\"potentialAction\":[{\"@type\":\"SearchAction\",\"target\":{\"@type\":\"EntryPoint\",\"urlTemplate\":\"https:\/\/www.africa-press.net\/burkina-faso\/?s={search_term_string}\"},\"query-input\":{\"@type\":\"PropertyValueSpecification\",\"valueRequired\":true,\"valueName\":\"search_term_string\"}}],\"inLanguage\":\"fr-FR\"},{\"@type\":\"Person\",\"@id\":\"https:\/\/www.africa-press.net\/burkina-faso\/#\/schema\/person\/2b1cf3cd81a31e3cd26889ca66d677f1\",\"name\":\"cfeditorfr\"}]}<\/script>\n<!-- \/ Yoast SEO Premium plugin. -->","yoast_head_json":{"title":"Le programme \u00ab\u00a0Bravo\u00a0!\u00a0\u00bb et les acteurs de l\u2019\u00e9tat civil du Centre dresse le bilan de leurs actions - Burkina Faso","description":"Africa-Press - Burkina Faso. Les acteurs de l\u2019\u00e9tat civil de la r\u00e9gion du Centre se sont r\u00e9unis \u00e0 Komsilga ce 17 d\u00e9cembre","robots":{"index":"index","follow":"follow","max-snippet":"max-snippet:-1","max-image-preview":"max-image-preview:large","max-video-preview":"max-video-preview:-1"},"canonical":"https:\/\/www.africa-press.net\/burkina-faso\/toutes-les-actualites\/burkina-faso-le-programme-bravo-et-les-acteurs-de-letat-civil-du-centre-dresse-le-bilan-de-leurs-actions","og_locale":"fr_FR","og_type":"article","og_title":"Le programme \u00ab\u00a0Bravo\u00a0!\u00a0\u00bb et les acteurs de l\u2019\u00e9tat civil du Centre dresse le bilan de leurs actions","og_description":"Africa-Press - Burkina Faso. Les acteurs de l\u2019\u00e9tat civil de la r\u00e9gion du Centre se sont r\u00e9unis \u00e0 Komsilga ce 17 d\u00e9cembre","og_url":"https:\/\/www.africa-press.net\/burkina-faso\/toutes-les-actualites\/burkina-faso-le-programme-bravo-et-les-acteurs-de-letat-civil-du-centre-dresse-le-bilan-de-leurs-actions","og_site_name":"Burkina Faso","article_published_time":"2020-12-18T15:07:37+00:00","og_image":[{"width":1024,"height":767,"url":"https:\/\/static.africa-press.net\/burkina\/sites\/42\/2020\/12\/img-5fdcab2ef1fc8.jpg","type":"image\/jpeg"}],"author":"cfeditorfr","twitter_card":"summary_large_image","twitter_misc":{"\u00c9crit par":"cfeditorfr","Dur\u00e9e de lecture estim\u00e9e":"4 minutes"},"schema":{"@context":"https:\/\/schema.org","@graph":[{"@type":"Article","@id":"https:\/\/www.africa-press.net\/burkina-faso\/toutes-les-actualites\/burkina-faso-le-programme-bravo-et-les-acteurs-de-letat-civil-du-centre-dresse-le-bilan-de-leurs-actions#article","isPartOf":{"@id":"https:\/\/www.africa-press.net\/burkina-faso\/toutes-les-actualites\/burkina-faso-le-programme-bravo-et-les-acteurs-de-letat-civil-du-centre-dresse-le-bilan-de-leurs-actions"},"author":{"name":"cfeditorfr","@id":"https:\/\/www.africa-press.net\/burkina-faso\/#\/schema\/person\/2b1cf3cd81a31e3cd26889ca66d677f1"},"headline":"Le programme \u00ab\u00a0Bravo\u00a0!\u00a0\u00bb et les acteurs de l\u2019\u00e9tat civil du Centre dresse le bilan de leurs actions","datePublished":"2020-12-18T15:07:37+00:00","mainEntityOfPage":{"@id":"https:\/\/www.africa-press.net\/burkina-faso\/toutes-les-actualites\/burkina-faso-le-programme-bravo-et-les-acteurs-de-letat-civil-du-centre-dresse-le-bilan-de-leurs-actions"},"wordCount":737,"commentCount":0,"image":{"@id":"https:\/\/www.africa-press.net\/burkina-faso\/toutes-les-actualites\/burkina-faso-le-programme-bravo-et-les-acteurs-de-letat-civil-du-centre-dresse-le-bilan-de-leurs-actions#primaryimage"},"thumbnailUrl":"https:\/\/static.africa-press.net\/burkina\/sites\/42\/2020\/12\/img-5fdcab2ef1fc8.jpg","keywords":["Africa Press","Burkina Faso"],"articleSection":["Communaut\u00e9","homepage-french","Toutes les actualit\u00e9s"],"inLanguage":"fr-FR","potentialAction":[{"@type":"CommentAction","name":"Comment","target":["https:\/\/www.africa-press.net\/burkina-faso\/toutes-les-actualites\/burkina-faso-le-programme-bravo-et-les-acteurs-de-letat-civil-du-centre-dresse-le-bilan-de-leurs-actions#respond"]}]},{"@type":"WebPage","@id":"https:\/\/www.africa-press.net\/burkina-faso\/toutes-les-actualites\/burkina-faso-le-programme-bravo-et-les-acteurs-de-letat-civil-du-centre-dresse-le-bilan-de-leurs-actions","url":"https:\/\/www.africa-press.net\/burkina-faso\/toutes-les-actualites\/burkina-faso-le-programme-bravo-et-les-acteurs-de-letat-civil-du-centre-dresse-le-bilan-de-leurs-actions","name":"Le programme \u00ab\u00a0Bravo\u00a0!\u00a0\u00bb et les acteurs de l\u2019\u00e9tat civil du Centre dresse le bilan de leurs actions - Burkina Faso","isPartOf":{"@id":"https:\/\/www.africa-press.net\/burkina-faso\/#website"},"primaryImageOfPage":{"@id":"https:\/\/www.africa-press.net\/burkina-faso\/toutes-les-actualites\/burkina-faso-le-programme-bravo-et-les-acteurs-de-letat-civil-du-centre-dresse-le-bilan-de-leurs-actions#primaryimage"},"image":{"@id":"https:\/\/www.africa-press.net\/burkina-faso\/toutes-les-actualites\/burkina-faso-le-programme-bravo-et-les-acteurs-de-letat-civil-du-centre-dresse-le-bilan-de-leurs-actions#primaryimage"},"thumbnailUrl":"https:\/\/static.africa-press.net\/burkina\/sites\/42\/2020\/12\/img-5fdcab2ef1fc8.jpg","datePublished":"2020-12-18T15:07:37+00:00","author":{"@id":"https:\/\/www.africa-press.net\/burkina-faso\/#\/schema\/person\/2b1cf3cd81a31e3cd26889ca66d677f1"},"description":"Africa-Press - Burkina Faso. Les acteurs de l\u2019\u00e9tat civil de la r\u00e9gion du Centre se sont r\u00e9unis \u00e0 Komsilga ce 17 d\u00e9cembre","breadcrumb":{"@id":"https:\/\/www.africa-press.net\/burkina-faso\/toutes-les-actualites\/burkina-faso-le-programme-bravo-et-les-acteurs-de-letat-civil-du-centre-dresse-le-bilan-de-leurs-actions#breadcrumb"},"inLanguage":"fr-FR","potentialAction":[{"@type":"ReadAction","target":["https:\/\/www.africa-press.net\/burkina-faso\/toutes-les-actualites\/burkina-faso-le-programme-bravo-et-les-acteurs-de-letat-civil-du-centre-dresse-le-bilan-de-leurs-actions"]}]},{"@type":"ImageObject","inLanguage":"fr-FR","@id":"https:\/\/www.africa-press.net\/burkina-faso\/toutes-les-actualites\/burkina-faso-le-programme-bravo-et-les-acteurs-de-letat-civil-du-centre-dresse-le-bilan-de-leurs-actions#primaryimage","url":"https:\/\/static.africa-press.net\/burkina\/sites\/42\/2020\/12\/img-5fdcab2ef1fc8.jpg","contentUrl":"https:\/\/static.africa-press.net\/burkina\/sites\/42\/2020\/12\/img-5fdcab2ef1fc8.jpg","width":1024,"height":767,"caption":"Burkina Faso\u00a0: Le programme \u00ab\u00a0Bravo\u00a0!\u00a0\u00bb et les acteurs de l\u2019\u00e9tat civil du Centre dresse le bilan de leurs actions"},{"@type":"BreadcrumbList","@id":"https:\/\/www.africa-press.net\/burkina-faso\/toutes-les-actualites\/burkina-faso-le-programme-bravo-et-les-acteurs-de-letat-civil-du-centre-dresse-le-bilan-de-leurs-actions#breadcrumb","itemListElement":[{"@type":"ListItem","position":1,"name":"Accueil","item":"https:\/\/www.africa-press.net\/burkina-faso\/"},{"@type":"ListItem","position":2,"name":"Le programme \u00ab\u00a0Bravo\u00a0!\u00a0\u00bb et les acteurs de l\u2019\u00e9tat civil du Centre dresse le bilan de leurs actions"}]},{"@type":"WebSite","@id":"https:\/\/www.africa-press.net\/burkina-faso\/#website","url":"https:\/\/www.africa-press.net\/burkina-faso\/","name":"Burkina Faso","description":"Just another Africa News Agency Sites site","potentialAction":[{"@type":"SearchAction","target":{"@type":"EntryPoint","urlTemplate":"https:\/\/www.africa-press.net\/burkina-faso\/?s={search_term_string}"},"query-input":{"@type":"PropertyValueSpecification","valueRequired":true,"valueName":"search_term_string"}}],"inLanguage":"fr-FR"},{"@type":"Person","@id":"https:\/\/www.africa-press.net\/burkina-faso\/#\/schema\/person\/2b1cf3cd81a31e3cd26889ca66d677f1","name":"cfeditorfr"}]}},"_links":{"self":[{"href":"https:\/\/www.africa-press.net\/burkina-faso\/wp-json\/wp\/v2\/posts\/2349","targetHints":{"allow":["GET"]}}],"collection":[{"href":"https:\/\/www.africa-press.net\/burkina-faso\/wp-json\/wp\/v2\/posts"}],"about":[{"href":"https:\/\/www.africa-press.net\/burkina-faso\/wp-json\/wp\/v2\/types\/post"}],"author":[{"embeddable":true,"href":"https:\/\/www.africa-press.net\/burkina-faso\/wp-json\/wp\/v2\/users\/82"}],"replies":[{"embeddable":true,"href":"https:\/\/www.africa-press.net\/burkina-faso\/wp-json\/wp\/v2\/comments?post=2349"}],"version-history":[{"count":0,"href":"https:\/\/www.africa-press.net\/burkina-faso\/wp-json\/wp\/v2\/posts\/2349\/revisions"}],"wp:featuredmedia":[{"embeddable":true,"href":"https:\/\/www.africa-press.net\/burkina-faso\/wp-json\/wp\/v2\/media\/2348"}],"wp:attachment":[{"href":"https:\/\/www.africa-press.net\/burkina-faso\/wp-json\/wp\/v2\/media?parent=2349"}],"wp:term":[{"taxonomy":"category","embeddable":true,"href":"https:\/\/www.africa-press.net\/burkina-faso\/wp-json\/wp\/v2\/categories?post=2349"},{"taxonomy":"post_tag","embeddable":true,"href":"https:\/\/www.africa-press.net\/burkina-faso\/wp-json\/wp\/v2\/tags?post=2349"}],"curies":[{"name":"wp","href":"https:\/\/api.w.org\/{rel}","templated":true}]}}