{"id":25530,"date":"2021-11-23T18:46:29","date_gmt":"2021-11-23T18:46:29","guid":{"rendered":"https:\/\/www.africa-press.net\/burkina-faso\/?p=25530"},"modified":"2021-11-23T17:19:41","modified_gmt":"2021-11-23T17:19:41","slug":"dedougou-une-forte-mobilisation-pour-demander-plus-de-securite-dans-la-region","status":"publish","type":"post","link":"https:\/\/www.africa-press.net\/burkina-faso\/photo\/dedougou-une-forte-mobilisation-pour-demander-plus-de-securite-dans-la-region","title":{"rendered":"D\u00e9dougou : Une forte mobilisation pour demander plus de s\u00e9curit\u00e9 dans la r\u00e9gion"},"content":{"rendered":"<p><span style=\"color: #ff6600\"><strong>Africa-Press &#8211; Burkina Faso. <\/strong><\/span><b>Les populations de la ville de D\u00e9dougou ont battu le pav\u00e9 ce mardi 23 novembre 2021 pour demander plus de s\u00e9curit\u00e9 dans la r\u00e9gion de la Boucle du Mouhoun en proie \u00e0 l\u2019ins\u00e9curit\u00e9 depuis quelques ann\u00e9es. Le grand march\u00e9 de la ville et les diff\u00e9rentes \u00e9coles ont \u00e9t\u00e9 ferm\u00e9s dans la matin\u00e9e.<\/b><\/p>\n<p>\u00ab Non \u00e0 la mauvaise gouvernance des FDS \u00bb, \u00ab Sans exception tous les FDS cadres et non cadres au front \u00bb, \u00ab Fin aux d\u00e9corations \u00e0 titre posthume \u00bb, \u00ab Roch d\u00e9gage \u00bb, et \u00ab L\u2019arm\u00e9e fran\u00e7aise doit partir \u00bb. Ce sont, entre autres, les slogans que l\u2019on pouvait lire sur les banderoles et pancartes lors d\u2019une manifestation ce mardi 23 novembre 2021 \u00e0 D\u00e9dougou. En effet, la cit\u00e9 Bankuy \u00e9tait une ville morte ce matin car les populations sont sorties exprimer leur \u00ab ras-le-bol \u00bb face \u00e0 l\u2019ins\u00e9curit\u00e9 dans la Boucle du Mouhoun. Les commerces, les \u00e9tablissements, le grand march\u00e9 et certains services \u00e9taient ferm\u00e9s en raison de la manifestation.<\/p>\n<p>Selon les manifestants, la situation s\u00e9curitaire est d\u00e9l\u00e9t\u00e8re dans la r\u00e9gion de la Boucle du Mouhoun. \u00ab Notre r\u00e9gion est au bord de l\u2019effondrement face \u00e0 l\u2019incapacit\u00e9 du pr\u00e9sident Roch Kabor\u00e9 et son gouvernement d\u2019assurer la s\u00e9curit\u00e9 des populations du Burkina Faso en g\u00e9n\u00e9ral, et de celles de la Boucle du Mouhoun en particulier. Des zones enti\u00e8res (To\u00e9ni, Gomboro, Lankoye, Barani, Sono, Di, Bourasso, Soukuy, Magnimasso\u2026) sont pratiquement sous le contr\u00f4le des groupes terroristes \u00bb, ont-ils d\u00e9clar\u00e9. C\u2019est face \u00e0 la d\u00e9gradation de la situation s\u00e9curitaire que des \u00ab filles et fils de la r\u00e9gion de la Boucle du Mouhoun \u00bb sont sortis pour non seulement revendiquer de meilleures conditions de travail et de vie pour les FDS mais aussi rendre \u00ab un vibrant hommage aux FDS qui, contre vent et mar\u00e9es, se battent au front pour repousser les attaques et pour pr\u00e9server l\u2019int\u00e9grit\u00e9 de notre territoire national \u00bb, disent-ils dans leur d\u00e9claration.<\/p>\n<p>\u00ab Nous sommes sortis ce matin parce que nous sommes d\u00e9pass\u00e9s par les \u00e9v\u00e8nements. Nos fr\u00e8res gendarmes et policiers sont en train de mourir comme des poulets. Nous ne sommes pas d\u2019accord \u00bb, l\u00e2che un manifestant visiblement en col\u00e8re.<\/p>\n<p>Comme dol\u00e9ance, les manifestants appellent les autorit\u00e9s du pays \u00e0 prendre des mesures fortes pour assurer la s\u00e9curit\u00e9 des populations et de leurs biens. Yip\u00e9n\u00e8 NEBIE<\/p>\n\r\n                <style type=\"text\/css\">\r\n                    \r\n                    #td_uid_1_69f22418468a9  .td-doubleSlider-2 .td-item1 {\r\n                        background: url(https:\/\/static.africa-press.net\/burkina\/sites\/42\/2021\/11\/img-619d2281a2d87-80x60.jpg) 0 0 no-repeat;\r\n                    }\r\n                    #td_uid_1_69f22418468a9  .td-doubleSlider-2 .td-item2 {\r\n                        background: url(https:\/\/static.africa-press.net\/burkina\/sites\/42\/2021\/11\/img-619d228c4569d-80x60.jpg) 0 0 no-repeat;\r\n                    }\r\n                <\/style>\r\n\r\n                <div id=\"td_uid_1_69f22418468a9\" class=\"td-gallery td-slide-on-2-columns\">\r\n                    <div class=\"post_td_gallery\">\r\n                        <div class=\"td-gallery-slide-top\">\r\n                           <div class=\"td-gallery-title\"><\/div>\r\n\r\n                            <div class=\"td-gallery-controls-wrapper\">\r\n                                <div class=\"td-gallery-slide-count\"><span class=\"td-gallery-slide-item-focus\">1<\/span> de 3<\/div>\r\n                                <div class=\"td-gallery-slide-prev-next-but\">\r\n                                    <i class = \"td-icon-left doubleSliderPrevButton\"><\/i>\r\n                                    <i class = \"td-icon-right doubleSliderNextButton\"><\/i>\r\n                                <\/div>\r\n                            <\/div>\r\n                        <\/div>\r\n\r\n                        <div class = \"td-doubleSlider-1 \">\r\n                            <div class = \"td-slider\">\r\n                                \r\n                    <div class = \"td-slide-item td-item1\">\r\n                        <figure class=\"td-slide-galery-figure td-slide-popup-gallery\">\r\n                            <a class=\"slide-gallery-image-link\" href=\"https:\/\/static.africa-press.net\/burkina\/sites\/42\/2021\/11\/img-619d2281a2d87.jpg\" title=\"img-619d2281a2d87\"  data-caption=\"\"  data-description=\"\">\r\n                                <img decoding=\"async\" src=\"https:\/\/static.africa-press.net\/burkina\/sites\/42\/2021\/11\/img-619d2281a2d87.jpg\" srcset=\"https:\/\/static.africa-press.net\/burkina\/sites\/42\/2021\/11\/img-619d2281a2d87.jpg 720w, https:\/\/static.africa-press.net\/burkina\/sites\/42\/2021\/11\/img-619d2281a2d87-300x201.jpg 300w\" sizes=\"(max-width: 720px) 100vw, 720px\" alt=\"\">\r\n                            <\/a>\r\n                            \r\n                        <\/figure>\r\n                    <\/div>\r\n                    <div class = \"td-slide-item td-item2\">\r\n                        <figure class=\"td-slide-galery-figure td-slide-popup-gallery\">\r\n                            <a class=\"slide-gallery-image-link\" href=\"https:\/\/static.africa-press.net\/burkina\/sites\/42\/2021\/11\/img-619d228c4569d.jpg\" title=\"img-619d228c4569d\"  data-caption=\"\"  data-description=\"\">\r\n                                <img decoding=\"async\" src=\"https:\/\/static.africa-press.net\/burkina\/sites\/42\/2021\/11\/img-619d228c4569d.jpg\" srcset=\"https:\/\/static.africa-press.net\/burkina\/sites\/42\/2021\/11\/img-619d228c4569d.jpg 720w, https:\/\/static.africa-press.net\/burkina\/sites\/42\/2021\/11\/img-619d228c4569d-300x190.jpg 300w\" sizes=\"(max-width: 720px) 100vw, 720px\" alt=\"\">\r\n                            <\/a>\r\n                            \r\n                        <\/figure>\r\n                    <\/div>\r\n                            <\/div>\r\n                        <\/div>\r\n\r\n                        <div class = \"td-doubleSlider-2\">\r\n                            <div class = \"td-slider\">\r\n                                \r\n                    <div class = \"td-button td-item1\">\r\n                        <div class = \"td-border\"><\/div>\r\n                    <\/div>\r\n                    <div class = \"td-button td-item2\">\r\n                        <div class = \"td-border\"><\/div>\r\n                    <\/div>\r\n                            <\/div>\r\n                        <\/div>\r\n\r\n                    <\/div>\r\n\r\n                <\/div>\r\n                \n<p><strong>Pour plus d&rsquo;informations et d&rsquo;analyses sur la <a href=\"https:\/\/www.africa-press.net\/burkina-faso\">Burkina Faso<\/a>, suivez <a href=\"https:\/\/www.africa-press.net\/\">Africa-Press<\/a><\/strong><\/p>\n","protected":false},"excerpt":{"rendered":"<p>Africa-Press &#8211; Burkina Faso. Les populations de la ville de D\u00e9dougou ont battu le pav\u00e9 ce mardi 23 novembre 2021 pour demander plus de s\u00e9curit\u00e9 dans la r\u00e9gion de la Boucle du Mouhoun en proie \u00e0 l\u2019ins\u00e9curit\u00e9 depuis quelques ann\u00e9es. Le grand march\u00e9 de la ville et les diff\u00e9rentes \u00e9coles ont \u00e9t\u00e9 ferm\u00e9s dans la [&hellip;]<\/p>\n","protected":false},"author":82,"featured_media":25529,"comment_status":"open","ping_status":"closed","sticky":false,"template":"","format":"standard","meta":{"footnotes":""},"categories":[21,11,8,10],"tags":[111,725,29],"class_list":["post-25530","post","type-post","status-publish","format-standard","has-post-thumbnail","hentry","category-communaute","category-homepage-french","category-photo","category-toutes-les-actualites","tag-africa-press","tag-africa-press-burkina-faso","tag-burkina-faso"],"yoast_head":"<!-- This site is optimized with the Yoast SEO Premium plugin v26.1 (Yoast SEO v27.0) - https:\/\/yoast.com\/product\/yoast-seo-premium-wordpress\/ -->\n<title>D\u00e9dougou : Une forte mobilisation pour demander plus de s\u00e9curit\u00e9 dans la r\u00e9gion - Burkina Faso<\/title>\n<meta name=\"description\" content=\"Les populations de la ville de D\u00e9dougou ont battu le pav\u00e9 ce mardi 23 novembre 2021 pour demander plus de s\u00e9curit\u00e9 da ...\" \/>\n<meta name=\"robots\" content=\"index, follow, max-snippet:-1, max-image-preview:large, max-video-preview:-1\" \/>\n<link rel=\"canonical\" href=\"https:\/\/www.africa-press.net\/burkina-faso\/photo\/dedougou-une-forte-mobilisation-pour-demander-plus-de-securite-dans-la-region\" \/>\n<meta property=\"og:locale\" content=\"fr_FR\" \/>\n<meta property=\"og:type\" content=\"article\" \/>\n<meta property=\"og:title\" content=\"D\u00e9dougou : Une forte mobilisation pour demander plus de s\u00e9curit\u00e9 dans la r\u00e9gion\" \/>\n<meta property=\"og:description\" content=\"Les populations de la ville de D\u00e9dougou ont battu le pav\u00e9 ce mardi 23 novembre 2021 pour demander plus de s\u00e9curit\u00e9 da ...\" \/>\n<meta property=\"og:url\" content=\"https:\/\/www.africa-press.net\/burkina-faso\/photo\/dedougou-une-forte-mobilisation-pour-demander-plus-de-securite-dans-la-region\" \/>\n<meta property=\"og:site_name\" content=\"Burkina Faso\" \/>\n<meta property=\"article:published_time\" content=\"2021-11-23T18:46:29+00:00\" \/>\n<meta property=\"og:image\" content=\"https:\/\/static.africa-press.net\/burkina\/sites\/42\/2021\/11\/img-619d22938b924.jpg\" \/>\n\t<meta property=\"og:image:width\" content=\"720\" \/>\n\t<meta property=\"og:image:height\" content=\"457\" \/>\n\t<meta property=\"og:image:type\" content=\"image\/jpeg\" \/>\n<meta name=\"author\" content=\"cfeditorfr\" \/>\n<meta name=\"twitter:card\" content=\"summary_large_image\" \/>\n<meta name=\"twitter:label1\" content=\"\u00c9crit par\" \/>\n\t<meta name=\"twitter:data1\" content=\"cfeditorfr\" \/>\n\t<meta name=\"twitter:label2\" content=\"Dur\u00e9e de lecture estim\u00e9e\" \/>\n\t<meta name=\"twitter:data2\" content=\"2 minutes\" \/>\n<script type=\"application\/ld+json\" class=\"yoast-schema-graph\">{\"@context\":\"https:\/\/schema.org\",\"@graph\":[{\"@type\":\"Article\",\"@id\":\"https:\/\/www.africa-press.net\/burkina-faso\/photo\/dedougou-une-forte-mobilisation-pour-demander-plus-de-securite-dans-la-region#article\",\"isPartOf\":{\"@id\":\"https:\/\/www.africa-press.net\/burkina-faso\/photo\/dedougou-une-forte-mobilisation-pour-demander-plus-de-securite-dans-la-region\"},\"author\":{\"name\":\"cfeditorfr\",\"@id\":\"https:\/\/www.africa-press.net\/burkina-faso\/#\/schema\/person\/2b1cf3cd81a31e3cd26889ca66d677f1\"},\"headline\":\"D\u00e9dougou : Une forte mobilisation pour demander plus de s\u00e9curit\u00e9 dans la r\u00e9gion\",\"datePublished\":\"2021-11-23T18:46:29+00:00\",\"mainEntityOfPage\":{\"@id\":\"https:\/\/www.africa-press.net\/burkina-faso\/photo\/dedougou-une-forte-mobilisation-pour-demander-plus-de-securite-dans-la-region\"},\"wordCount\":449,\"commentCount\":0,\"image\":{\"@id\":\"https:\/\/www.africa-press.net\/burkina-faso\/photo\/dedougou-une-forte-mobilisation-pour-demander-plus-de-securite-dans-la-region#primaryimage\"},\"thumbnailUrl\":\"https:\/\/static.africa-press.net\/burkina\/sites\/42\/2021\/11\/img-619d22938b924.jpg\",\"keywords\":[\"Africa Press\",\"Africa Press-Burkina Faso\",\"Burkina Faso\"],\"articleSection\":[\"Communaut\u00e9\",\"homepage-french\",\"Photo\",\"Toutes les actualit\u00e9s\"],\"inLanguage\":\"fr-FR\",\"potentialAction\":[{\"@type\":\"CommentAction\",\"name\":\"Comment\",\"target\":[\"https:\/\/www.africa-press.net\/burkina-faso\/photo\/dedougou-une-forte-mobilisation-pour-demander-plus-de-securite-dans-la-region#respond\"]}]},{\"@type\":\"WebPage\",\"@id\":\"https:\/\/www.africa-press.net\/burkina-faso\/photo\/dedougou-une-forte-mobilisation-pour-demander-plus-de-securite-dans-la-region\",\"url\":\"https:\/\/www.africa-press.net\/burkina-faso\/photo\/dedougou-une-forte-mobilisation-pour-demander-plus-de-securite-dans-la-region\",\"name\":\"D\u00e9dougou : Une forte mobilisation pour demander plus de s\u00e9curit\u00e9 dans la r\u00e9gion - Burkina Faso\",\"isPartOf\":{\"@id\":\"https:\/\/www.africa-press.net\/burkina-faso\/#website\"},\"primaryImageOfPage\":{\"@id\":\"https:\/\/www.africa-press.net\/burkina-faso\/photo\/dedougou-une-forte-mobilisation-pour-demander-plus-de-securite-dans-la-region#primaryimage\"},\"image\":{\"@id\":\"https:\/\/www.africa-press.net\/burkina-faso\/photo\/dedougou-une-forte-mobilisation-pour-demander-plus-de-securite-dans-la-region#primaryimage\"},\"thumbnailUrl\":\"https:\/\/static.africa-press.net\/burkina\/sites\/42\/2021\/11\/img-619d22938b924.jpg\",\"datePublished\":\"2021-11-23T18:46:29+00:00\",\"author\":{\"@id\":\"https:\/\/www.africa-press.net\/burkina-faso\/#\/schema\/person\/2b1cf3cd81a31e3cd26889ca66d677f1\"},\"description\":\"Les populations de la ville de D\u00e9dougou ont battu le pav\u00e9 ce mardi 23 novembre 2021 pour demander plus de s\u00e9curit\u00e9 da ...\",\"breadcrumb\":{\"@id\":\"https:\/\/www.africa-press.net\/burkina-faso\/photo\/dedougou-une-forte-mobilisation-pour-demander-plus-de-securite-dans-la-region#breadcrumb\"},\"inLanguage\":\"fr-FR\",\"potentialAction\":[{\"@type\":\"ReadAction\",\"target\":[\"https:\/\/www.africa-press.net\/burkina-faso\/photo\/dedougou-une-forte-mobilisation-pour-demander-plus-de-securite-dans-la-region\"]}]},{\"@type\":\"ImageObject\",\"inLanguage\":\"fr-FR\",\"@id\":\"https:\/\/www.africa-press.net\/burkina-faso\/photo\/dedougou-une-forte-mobilisation-pour-demander-plus-de-securite-dans-la-region#primaryimage\",\"url\":\"https:\/\/static.africa-press.net\/burkina\/sites\/42\/2021\/11\/img-619d22938b924.jpg\",\"contentUrl\":\"https:\/\/static.africa-press.net\/burkina\/sites\/42\/2021\/11\/img-619d22938b924.jpg\",\"width\":720,\"height\":457,\"caption\":\"D\u00e9dougou : Une forte mobilisation pour demander plus de s\u00e9curit\u00e9 dans la r\u00e9gion\"},{\"@type\":\"BreadcrumbList\",\"@id\":\"https:\/\/www.africa-press.net\/burkina-faso\/photo\/dedougou-une-forte-mobilisation-pour-demander-plus-de-securite-dans-la-region#breadcrumb\",\"itemListElement\":[{\"@type\":\"ListItem\",\"position\":1,\"name\":\"Accueil\",\"item\":\"https:\/\/www.africa-press.net\/burkina-faso\/\"},{\"@type\":\"ListItem\",\"position\":2,\"name\":\"D\u00e9dougou : Une forte mobilisation pour demander plus de s\u00e9curit\u00e9 dans la r\u00e9gion\"}]},{\"@type\":\"WebSite\",\"@id\":\"https:\/\/www.africa-press.net\/burkina-faso\/#website\",\"url\":\"https:\/\/www.africa-press.net\/burkina-faso\/\",\"name\":\"Burkina Faso\",\"description\":\"Just another Africa News Agency Sites site\",\"potentialAction\":[{\"@type\":\"SearchAction\",\"target\":{\"@type\":\"EntryPoint\",\"urlTemplate\":\"https:\/\/www.africa-press.net\/burkina-faso\/?s={search_term_string}\"},\"query-input\":{\"@type\":\"PropertyValueSpecification\",\"valueRequired\":true,\"valueName\":\"search_term_string\"}}],\"inLanguage\":\"fr-FR\"},{\"@type\":\"Person\",\"@id\":\"https:\/\/www.africa-press.net\/burkina-faso\/#\/schema\/person\/2b1cf3cd81a31e3cd26889ca66d677f1\",\"name\":\"cfeditorfr\"}]}<\/script>\n<!-- \/ Yoast SEO Premium plugin. -->","yoast_head_json":{"title":"D\u00e9dougou : Une forte mobilisation pour demander plus de s\u00e9curit\u00e9 dans la r\u00e9gion - Burkina Faso","description":"Les populations de la ville de D\u00e9dougou ont battu le pav\u00e9 ce mardi 23 novembre 2021 pour demander plus de s\u00e9curit\u00e9 da ...","robots":{"index":"index","follow":"follow","max-snippet":"max-snippet:-1","max-image-preview":"max-image-preview:large","max-video-preview":"max-video-preview:-1"},"canonical":"https:\/\/www.africa-press.net\/burkina-faso\/photo\/dedougou-une-forte-mobilisation-pour-demander-plus-de-securite-dans-la-region","og_locale":"fr_FR","og_type":"article","og_title":"D\u00e9dougou : Une forte mobilisation pour demander plus de s\u00e9curit\u00e9 dans la r\u00e9gion","og_description":"Les populations de la ville de D\u00e9dougou ont battu le pav\u00e9 ce mardi 23 novembre 2021 pour demander plus de s\u00e9curit\u00e9 da ...","og_url":"https:\/\/www.africa-press.net\/burkina-faso\/photo\/dedougou-une-forte-mobilisation-pour-demander-plus-de-securite-dans-la-region","og_site_name":"Burkina Faso","article_published_time":"2021-11-23T18:46:29+00:00","og_image":[{"width":720,"height":457,"url":"https:\/\/static.africa-press.net\/burkina\/sites\/42\/2021\/11\/img-619d22938b924.jpg","type":"image\/jpeg"}],"author":"cfeditorfr","twitter_card":"summary_large_image","twitter_misc":{"\u00c9crit par":"cfeditorfr","Dur\u00e9e de lecture estim\u00e9e":"2 minutes"},"schema":{"@context":"https:\/\/schema.org","@graph":[{"@type":"Article","@id":"https:\/\/www.africa-press.net\/burkina-faso\/photo\/dedougou-une-forte-mobilisation-pour-demander-plus-de-securite-dans-la-region#article","isPartOf":{"@id":"https:\/\/www.africa-press.net\/burkina-faso\/photo\/dedougou-une-forte-mobilisation-pour-demander-plus-de-securite-dans-la-region"},"author":{"name":"cfeditorfr","@id":"https:\/\/www.africa-press.net\/burkina-faso\/#\/schema\/person\/2b1cf3cd81a31e3cd26889ca66d677f1"},"headline":"D\u00e9dougou : Une forte mobilisation pour demander plus de s\u00e9curit\u00e9 dans la r\u00e9gion","datePublished":"2021-11-23T18:46:29+00:00","mainEntityOfPage":{"@id":"https:\/\/www.africa-press.net\/burkina-faso\/photo\/dedougou-une-forte-mobilisation-pour-demander-plus-de-securite-dans-la-region"},"wordCount":449,"commentCount":0,"image":{"@id":"https:\/\/www.africa-press.net\/burkina-faso\/photo\/dedougou-une-forte-mobilisation-pour-demander-plus-de-securite-dans-la-region#primaryimage"},"thumbnailUrl":"https:\/\/static.africa-press.net\/burkina\/sites\/42\/2021\/11\/img-619d22938b924.jpg","keywords":["Africa Press","Africa Press-Burkina Faso","Burkina Faso"],"articleSection":["Communaut\u00e9","homepage-french","Photo","Toutes les actualit\u00e9s"],"inLanguage":"fr-FR","potentialAction":[{"@type":"CommentAction","name":"Comment","target":["https:\/\/www.africa-press.net\/burkina-faso\/photo\/dedougou-une-forte-mobilisation-pour-demander-plus-de-securite-dans-la-region#respond"]}]},{"@type":"WebPage","@id":"https:\/\/www.africa-press.net\/burkina-faso\/photo\/dedougou-une-forte-mobilisation-pour-demander-plus-de-securite-dans-la-region","url":"https:\/\/www.africa-press.net\/burkina-faso\/photo\/dedougou-une-forte-mobilisation-pour-demander-plus-de-securite-dans-la-region","name":"D\u00e9dougou : Une forte mobilisation pour demander plus de s\u00e9curit\u00e9 dans la r\u00e9gion - Burkina Faso","isPartOf":{"@id":"https:\/\/www.africa-press.net\/burkina-faso\/#website"},"primaryImageOfPage":{"@id":"https:\/\/www.africa-press.net\/burkina-faso\/photo\/dedougou-une-forte-mobilisation-pour-demander-plus-de-securite-dans-la-region#primaryimage"},"image":{"@id":"https:\/\/www.africa-press.net\/burkina-faso\/photo\/dedougou-une-forte-mobilisation-pour-demander-plus-de-securite-dans-la-region#primaryimage"},"thumbnailUrl":"https:\/\/static.africa-press.net\/burkina\/sites\/42\/2021\/11\/img-619d22938b924.jpg","datePublished":"2021-11-23T18:46:29+00:00","author":{"@id":"https:\/\/www.africa-press.net\/burkina-faso\/#\/schema\/person\/2b1cf3cd81a31e3cd26889ca66d677f1"},"description":"Les populations de la ville de D\u00e9dougou ont battu le pav\u00e9 ce mardi 23 novembre 2021 pour demander plus de s\u00e9curit\u00e9 da ...","breadcrumb":{"@id":"https:\/\/www.africa-press.net\/burkina-faso\/photo\/dedougou-une-forte-mobilisation-pour-demander-plus-de-securite-dans-la-region#breadcrumb"},"inLanguage":"fr-FR","potentialAction":[{"@type":"ReadAction","target":["https:\/\/www.africa-press.net\/burkina-faso\/photo\/dedougou-une-forte-mobilisation-pour-demander-plus-de-securite-dans-la-region"]}]},{"@type":"ImageObject","inLanguage":"fr-FR","@id":"https:\/\/www.africa-press.net\/burkina-faso\/photo\/dedougou-une-forte-mobilisation-pour-demander-plus-de-securite-dans-la-region#primaryimage","url":"https:\/\/static.africa-press.net\/burkina\/sites\/42\/2021\/11\/img-619d22938b924.jpg","contentUrl":"https:\/\/static.africa-press.net\/burkina\/sites\/42\/2021\/11\/img-619d22938b924.jpg","width":720,"height":457,"caption":"D\u00e9dougou : Une forte mobilisation pour demander plus de s\u00e9curit\u00e9 dans la r\u00e9gion"},{"@type":"BreadcrumbList","@id":"https:\/\/www.africa-press.net\/burkina-faso\/photo\/dedougou-une-forte-mobilisation-pour-demander-plus-de-securite-dans-la-region#breadcrumb","itemListElement":[{"@type":"ListItem","position":1,"name":"Accueil","item":"https:\/\/www.africa-press.net\/burkina-faso\/"},{"@type":"ListItem","position":2,"name":"D\u00e9dougou : Une forte mobilisation pour demander plus de s\u00e9curit\u00e9 dans la r\u00e9gion"}]},{"@type":"WebSite","@id":"https:\/\/www.africa-press.net\/burkina-faso\/#website","url":"https:\/\/www.africa-press.net\/burkina-faso\/","name":"Burkina Faso","description":"Just another Africa News Agency Sites site","potentialAction":[{"@type":"SearchAction","target":{"@type":"EntryPoint","urlTemplate":"https:\/\/www.africa-press.net\/burkina-faso\/?s={search_term_string}"},"query-input":{"@type":"PropertyValueSpecification","valueRequired":true,"valueName":"search_term_string"}}],"inLanguage":"fr-FR"},{"@type":"Person","@id":"https:\/\/www.africa-press.net\/burkina-faso\/#\/schema\/person\/2b1cf3cd81a31e3cd26889ca66d677f1","name":"cfeditorfr"}]}},"_links":{"self":[{"href":"https:\/\/www.africa-press.net\/burkina-faso\/wp-json\/wp\/v2\/posts\/25530","targetHints":{"allow":["GET"]}}],"collection":[{"href":"https:\/\/www.africa-press.net\/burkina-faso\/wp-json\/wp\/v2\/posts"}],"about":[{"href":"https:\/\/www.africa-press.net\/burkina-faso\/wp-json\/wp\/v2\/types\/post"}],"author":[{"embeddable":true,"href":"https:\/\/www.africa-press.net\/burkina-faso\/wp-json\/wp\/v2\/users\/82"}],"replies":[{"embeddable":true,"href":"https:\/\/www.africa-press.net\/burkina-faso\/wp-json\/wp\/v2\/comments?post=25530"}],"version-history":[{"count":0,"href":"https:\/\/www.africa-press.net\/burkina-faso\/wp-json\/wp\/v2\/posts\/25530\/revisions"}],"wp:featuredmedia":[{"embeddable":true,"href":"https:\/\/www.africa-press.net\/burkina-faso\/wp-json\/wp\/v2\/media\/25529"}],"wp:attachment":[{"href":"https:\/\/www.africa-press.net\/burkina-faso\/wp-json\/wp\/v2\/media?parent=25530"}],"wp:term":[{"taxonomy":"category","embeddable":true,"href":"https:\/\/www.africa-press.net\/burkina-faso\/wp-json\/wp\/v2\/categories?post=25530"},{"taxonomy":"post_tag","embeddable":true,"href":"https:\/\/www.africa-press.net\/burkina-faso\/wp-json\/wp\/v2\/tags?post=25530"}],"curies":[{"name":"wp","href":"https:\/\/api.w.org\/{rel}","templated":true}]}}