{"id":26470,"date":"2021-12-03T13:36:59","date_gmt":"2021-12-03T13:36:59","guid":{"rendered":"https:\/\/www.africa-press.net\/burkina-faso\/?p=26470"},"modified":"2021-12-03T13:18:12","modified_gmt":"2021-12-03T13:18:12","slug":"le-benin-entre-braconniers-bandits-et-djihadistes","status":"publish","type":"post","link":"https:\/\/www.africa-press.net\/burkina-faso\/dossiers\/le-benin-entre-braconniers-bandits-et-djihadistes","title":{"rendered":"Le B\u00e9nin entre \u00ab\u00a0braconniers\u00a0\u00bb, \u00ab\u00a0bandits\u00a0\u00bb et \u00ab\u00a0djihadistes\u00a0\u00bb"},"content":{"rendered":"<p><span style=\"color: #ff6600\"><strong>Africa-Press &#8211; Burkina Faso. <\/strong><\/span>Une position de l\u2019arm\u00e9e b\u00e9ninoise situ\u00e9e dans le d\u00e9partement de l\u2019Alibori, \u00e0 la fronti\u00e8re avec le Burkina Faso a \u00e9t\u00e9 prise pour cible dans la nuit de mardi \u00e0 mercredi et \u00ab un djihadiste a \u00e9t\u00e9 abattu par nos forces \u00bb, pr\u00e9cise un message du colonel Fructueux Gbaguidi, chef d&rsquo;\u00e9tat-major de l\u2019arm\u00e9e de terre, adress\u00e9 aux officiers b\u00e9ninois dont l\u2019AFP s\u2019est procur\u00e9 une copie. La nuit suivante de mercredi \u00e0 jeudi, une nouvelle attaque a vis\u00e9 cette fois-ci des soldats dans la r\u00e9gion de Porga, dans le d\u00e9partement de l\u2019Atacora, toujours pr\u00e8s de la fronti\u00e8re avec le Burkina Faso. Le bilan plus lourd, fait \u00e9tat de trois morts, dont deux militaires b\u00e9ninois et un assaillant, mais aussi plusieurs bless\u00e9s.<\/p>\n<p><b>Attaque men\u00e9e par des \u00ab individus non identifi\u00e9s \u00bb<\/b><\/p>\n<p>Une attaque rare dans le pays ouest-africain, ont d\u00e9clar\u00e9 \u00e0 l\u2019AFP des sources militaires. \u00ab Nous avons perdu deux des n\u00f4tres. Nous avons \u00e9galement des soldats bless\u00e9s qui sont actuellement soign\u00e9s \u00bb, a confirm\u00e9 \u00e0 l\u2019AFP un officier de l\u2019arm\u00e9e de terre. Dans un discours retransmis \u00e0 la t\u00e9l\u00e9vision nationale jeudi soir, le colonel Didier Ahouanvoedo, porte-parole de l\u2019arm\u00e9e, a quant \u00e0 lui \u00e9voqu\u00e9 une attaque men\u00e9e par des \u00ab individus non identifi\u00e9s \u00bb plut\u00f4t que par des djihadistes. \u00ab Des agents des forces de d\u00e9fense et de s\u00e9curit\u00e9 du B\u00e9nin en position de surveillance de la zone frontali\u00e8re ont \u00e9t\u00e9 pris \u00e0 partie par des individus non identifi\u00e9s \u00bb, a-t-il affirm\u00e9. Il a par ailleurs confirm\u00e9 la mort des deux militaires et d\u2019un deuxi\u00e8me homme c\u00f4t\u00e9 \u00ab assaillants \u00bb.<\/p>\n<p><b>Le profil des terroristes interrog\u00e9<\/b><\/p>\n<p>\u00c0 ce jour, une seule attaque en lien avec un groupe djihadiste au B\u00e9nin a \u00e9t\u00e9 rendue publique : en mai 2019, deux touristes fran\u00e7ais avaient \u00e9t\u00e9 enlev\u00e9s par des bandits dans le parc de la Pendjari, dans l\u2019extr\u00eame nord, avant d\u2019\u00eatre revendus \u00e0 des groupes djihadistes au Burkina Faso voisin. Leur guide avait, lui, \u00e9t\u00e9 assassin\u00e9. En f\u00e9vrier 2020, une demi-douzaine d\u2019hommes arm\u00e9s avaient attaqu\u00e9 un poste de police dans un village isol\u00e9 proche de la fronti\u00e8re avec le Burkina, faisant un mort. Mais les autorit\u00e9s avaient alors parl\u00e9 d\u2019une attaque de \u00ab braconniers \u00bb. Officiellement, le B\u00e9nin n\u2019a donc pas connu d\u2019incursion de groupes arm\u00e9s venus du Burkina Faso pour y mener des attaques, mais ces exemples d\u00e9montrent combien la fronti\u00e8re entre \u00ab braconniers \u00bb, \u00ab bandits \u00bb et \u00ab djihadistes \u00bb est t\u00e9nue.<\/p>\n<p><b>Ce que dit un rapport n\u00e9erlandais<\/b><\/p>\n<p>Selon un rapport publi\u00e9 en juin par le centre de r\u00e9flexion n\u00e9erlandais Clingendael, les groupes extr\u00e9mistes \u00ab ne sont pas pr\u00e9sents de mani\u00e8re permanente dans le nord du B\u00e9nin \u00bb, mais \u00ab certains traversent cependant r\u00e9guli\u00e8rement les trois r\u00e9gions \u00bb du nord \u2013 l\u2019Alibori, le Borgou et l\u2019Atacora \u2013, frontali\u00e8res avec le Niger, le Burkina Faso et le Nigeria. Les trois pays sont depuis des ann\u00e9es le th\u00e9\u00e2tre de violences djihadistes et communautaires qui ont fait des milliers de morts et d\u00e9plac\u00e9s. Les pays frontaliers du golfe de Guin\u00e9e, du S\u00e9n\u00e9gal jusqu\u2019au B\u00e9nin, en passant par le Togo et la C\u00f4te d&rsquo;Ivoire s\u2019inqui\u00e8tent d\u2019un d\u00e9bordement de la violence sah\u00e9lienne sur leurs territoires.<\/p>\n<p><b>Inqui\u00e9tudes des pays du golfe de Guin\u00e9e<\/b><\/p>\n<p>Le S\u00e9n\u00e9gal a r\u00e9cemment appel\u00e9 la Chine, premier partenaire \u00e9conomique du continent africain, \u00e0 s\u2019engager davantage face \u00e0 \u00ab l\u2019ins\u00e9curit\u00e9 au Sahel \u00bb. Cible d\u2019attaques arm\u00e9es sporadiques depuis deux ans, la C\u00f4t\u00e9 d\u2019Ivoire pr\u00f4ne une collaboration renforc\u00e9e avec ses voisins pour y faire face. Mi-novembre, les chefs d&rsquo;\u00e9tat-major de la Communaut\u00e9 \u00e9conomique des \u00c9tats d\u2019Afrique de l\u2019Ouest (Cedeao) se sont engag\u00e9s \u00e0 renforcer leur coop\u00e9ration dans la lutte antidjihadiste. Des dizaines de \u00ab terroristes \u00bb ont ainsi \u00e9t\u00e9 tu\u00e9s, \u00ab 300 suspects interpell\u00e9s \u00bb et plusieurs bases djihadistes d\u00e9truites entre le 21 et le 27 novembre lors d\u2019une op\u00e9ration conjointe entre les arm\u00e9es du Burkina Faso, de la C\u00f4te d&rsquo;Ivoire, du Ghana et du Togo, selon le ministre burkinab\u00e8 de la S\u00e9curit\u00e9 Maxime Kon\u00e9.<\/p>\n<p>Newsletter international<\/p>\n<p>Chaque mardi, recevez le meilleur de l\u2019actualit\u00e9 internationale, et recevez en avant-premi\u00e8re les exclusivit\u00e9s du Point.<\/p>\n<p><strong>Pour plus d&rsquo;informations et d&rsquo;analyses sur la <a href=\"https:\/\/www.africa-press.net\/burkina-faso\">Burkina Faso<\/a>, suivez <a href=\"https:\/\/www.africa-press.net\/\">Africa-Press<\/a><\/strong><\/p>\n","protected":false},"excerpt":{"rendered":"<p>Africa-Press &#8211; Burkina Faso. Une position de l\u2019arm\u00e9e b\u00e9ninoise situ\u00e9e dans le d\u00e9partement de l\u2019Alibori, \u00e0 la fronti\u00e8re avec le Burkina Faso a \u00e9t\u00e9 prise pour cible dans la nuit de mardi \u00e0 mercredi et \u00ab un djihadiste a \u00e9t\u00e9 abattu par nos forces \u00bb, pr\u00e9cise un message du colonel Fructueux Gbaguidi, chef d&rsquo;\u00e9tat-major de [&hellip;]<\/p>\n","protected":false},"author":82,"featured_media":26469,"comment_status":"open","ping_status":"closed","sticky":false,"template":"","format":"standard","meta":{"footnotes":""},"categories":[7,11,10],"tags":[111,725,149,29,738,150],"class_list":["post-26470","post","type-post","status-publish","format-standard","has-post-thumbnail","hentry","category-dossiers","category-homepage-french","category-toutes-les-actualites","tag-africa-press","tag-africa-press-burkina-faso","tag-afrique","tag-burkina-faso","tag-internationales","tag-politique"],"yoast_head":"<!-- This site is optimized with the Yoast SEO Premium plugin v26.1 (Yoast SEO v27.0) - https:\/\/yoast.com\/product\/yoast-seo-premium-wordpress\/ -->\n<title>Le B\u00e9nin entre \u00ab\u00a0braconniers\u00a0\u00bb, \u00ab\u00a0bandits\u00a0\u00bb et \u00ab\u00a0djihadistes\u00a0\u00bb - Burkina Faso<\/title>\n<meta name=\"description\" content=\"Une position de l\u2019arm\u00e9e b\u00e9ninoise situ\u00e9e dans le d\u00e9partement de l\u2019Alibori, \u00e0 la fronti\u00e8re avec le Burkina Faso a \u00e9t\u00e9 pri ...\" \/>\n<meta name=\"robots\" content=\"index, follow, max-snippet:-1, max-image-preview:large, max-video-preview:-1\" \/>\n<link rel=\"canonical\" href=\"https:\/\/www.africa-press.net\/burkina-faso\/dossiers\/le-benin-entre-braconniers-bandits-et-djihadistes\" \/>\n<meta property=\"og:locale\" content=\"fr_FR\" \/>\n<meta property=\"og:type\" content=\"article\" \/>\n<meta property=\"og:title\" content=\"Le B\u00e9nin entre \u00ab\u00a0braconniers\u00a0\u00bb, \u00ab\u00a0bandits\u00a0\u00bb et \u00ab\u00a0djihadistes\u00a0\u00bb\" \/>\n<meta property=\"og:description\" content=\"Une position de l\u2019arm\u00e9e b\u00e9ninoise situ\u00e9e dans le d\u00e9partement de l\u2019Alibori, \u00e0 la fronti\u00e8re avec le Burkina Faso a \u00e9t\u00e9 pri ...\" \/>\n<meta property=\"og:url\" content=\"https:\/\/www.africa-press.net\/burkina-faso\/dossiers\/le-benin-entre-braconniers-bandits-et-djihadistes\" \/>\n<meta property=\"og:site_name\" content=\"Burkina Faso\" \/>\n<meta property=\"article:published_time\" content=\"2021-12-03T13:36:59+00:00\" \/>\n<meta property=\"og:image\" content=\"https:\/\/static.africa-press.net\/burkina\/sites\/42\/2021\/12\/img-61aa18f777445.jpg\" \/>\n\t<meta property=\"og:image:width\" content=\"1250\" \/>\n\t<meta property=\"og:image:height\" content=\"625\" \/>\n\t<meta property=\"og:image:type\" content=\"image\/jpeg\" \/>\n<meta name=\"author\" content=\"cfeditorfr\" \/>\n<meta name=\"twitter:card\" content=\"summary_large_image\" \/>\n<meta name=\"twitter:label1\" content=\"\u00c9crit par\" \/>\n\t<meta name=\"twitter:data1\" content=\"cfeditorfr\" \/>\n\t<meta name=\"twitter:label2\" content=\"Dur\u00e9e de lecture estim\u00e9e\" \/>\n\t<meta name=\"twitter:data2\" content=\"4 minutes\" \/>\n<script type=\"application\/ld+json\" class=\"yoast-schema-graph\">{\"@context\":\"https:\/\/schema.org\",\"@graph\":[{\"@type\":\"Article\",\"@id\":\"https:\/\/www.africa-press.net\/burkina-faso\/dossiers\/le-benin-entre-braconniers-bandits-et-djihadistes#article\",\"isPartOf\":{\"@id\":\"https:\/\/www.africa-press.net\/burkina-faso\/dossiers\/le-benin-entre-braconniers-bandits-et-djihadistes\"},\"author\":{\"name\":\"cfeditorfr\",\"@id\":\"https:\/\/www.africa-press.net\/burkina-faso\/#\/schema\/person\/2b1cf3cd81a31e3cd26889ca66d677f1\"},\"headline\":\"Le B\u00e9nin entre \u00ab\u00a0braconniers\u00a0\u00bb, \u00ab\u00a0bandits\u00a0\u00bb et \u00ab\u00a0djihadistes\u00a0\u00bb\",\"datePublished\":\"2021-12-03T13:36:59+00:00\",\"mainEntityOfPage\":{\"@id\":\"https:\/\/www.africa-press.net\/burkina-faso\/dossiers\/le-benin-entre-braconniers-bandits-et-djihadistes\"},\"wordCount\":765,\"commentCount\":0,\"image\":{\"@id\":\"https:\/\/www.africa-press.net\/burkina-faso\/dossiers\/le-benin-entre-braconniers-bandits-et-djihadistes#primaryimage\"},\"thumbnailUrl\":\"https:\/\/static.africa-press.net\/burkina\/sites\/42\/2021\/12\/img-61aa18f777445.jpg\",\"keywords\":[\"Africa Press\",\"Africa Press-Burkina Faso\",\"Afrique\",\"Burkina Faso\",\"Internationales\",\"Politique\"],\"articleSection\":[\"Dossiers\",\"homepage-french\",\"Toutes les actualit\u00e9s\"],\"inLanguage\":\"fr-FR\",\"potentialAction\":[{\"@type\":\"CommentAction\",\"name\":\"Comment\",\"target\":[\"https:\/\/www.africa-press.net\/burkina-faso\/dossiers\/le-benin-entre-braconniers-bandits-et-djihadistes#respond\"]}]},{\"@type\":\"WebPage\",\"@id\":\"https:\/\/www.africa-press.net\/burkina-faso\/dossiers\/le-benin-entre-braconniers-bandits-et-djihadistes\",\"url\":\"https:\/\/www.africa-press.net\/burkina-faso\/dossiers\/le-benin-entre-braconniers-bandits-et-djihadistes\",\"name\":\"Le B\u00e9nin entre \u00ab\u00a0braconniers\u00a0\u00bb, \u00ab\u00a0bandits\u00a0\u00bb et \u00ab\u00a0djihadistes\u00a0\u00bb - Burkina Faso\",\"isPartOf\":{\"@id\":\"https:\/\/www.africa-press.net\/burkina-faso\/#website\"},\"primaryImageOfPage\":{\"@id\":\"https:\/\/www.africa-press.net\/burkina-faso\/dossiers\/le-benin-entre-braconniers-bandits-et-djihadistes#primaryimage\"},\"image\":{\"@id\":\"https:\/\/www.africa-press.net\/burkina-faso\/dossiers\/le-benin-entre-braconniers-bandits-et-djihadistes#primaryimage\"},\"thumbnailUrl\":\"https:\/\/static.africa-press.net\/burkina\/sites\/42\/2021\/12\/img-61aa18f777445.jpg\",\"datePublished\":\"2021-12-03T13:36:59+00:00\",\"author\":{\"@id\":\"https:\/\/www.africa-press.net\/burkina-faso\/#\/schema\/person\/2b1cf3cd81a31e3cd26889ca66d677f1\"},\"description\":\"Une position de l\u2019arm\u00e9e b\u00e9ninoise situ\u00e9e dans le d\u00e9partement de l\u2019Alibori, \u00e0 la fronti\u00e8re avec le Burkina Faso a \u00e9t\u00e9 pri ...\",\"breadcrumb\":{\"@id\":\"https:\/\/www.africa-press.net\/burkina-faso\/dossiers\/le-benin-entre-braconniers-bandits-et-djihadistes#breadcrumb\"},\"inLanguage\":\"fr-FR\",\"potentialAction\":[{\"@type\":\"ReadAction\",\"target\":[\"https:\/\/www.africa-press.net\/burkina-faso\/dossiers\/le-benin-entre-braconniers-bandits-et-djihadistes\"]}]},{\"@type\":\"ImageObject\",\"inLanguage\":\"fr-FR\",\"@id\":\"https:\/\/www.africa-press.net\/burkina-faso\/dossiers\/le-benin-entre-braconniers-bandits-et-djihadistes#primaryimage\",\"url\":\"https:\/\/static.africa-press.net\/burkina\/sites\/42\/2021\/12\/img-61aa18f777445.jpg\",\"contentUrl\":\"https:\/\/static.africa-press.net\/burkina\/sites\/42\/2021\/12\/img-61aa18f777445.jpg\",\"width\":1250,\"height\":625,\"caption\":\"Le B\u00e9nin entre \u00ab\u00a0braconniers\u00a0\u00bb, \u00ab\u00a0bandits\u00a0\u00bb et \u00ab\u00a0djihadistes\u00a0\u00bb\"},{\"@type\":\"BreadcrumbList\",\"@id\":\"https:\/\/www.africa-press.net\/burkina-faso\/dossiers\/le-benin-entre-braconniers-bandits-et-djihadistes#breadcrumb\",\"itemListElement\":[{\"@type\":\"ListItem\",\"position\":1,\"name\":\"Accueil\",\"item\":\"https:\/\/www.africa-press.net\/burkina-faso\/\"},{\"@type\":\"ListItem\",\"position\":2,\"name\":\"Le B\u00e9nin entre \u00ab\u00a0braconniers\u00a0\u00bb, \u00ab\u00a0bandits\u00a0\u00bb et \u00ab\u00a0djihadistes\u00a0\u00bb\"}]},{\"@type\":\"WebSite\",\"@id\":\"https:\/\/www.africa-press.net\/burkina-faso\/#website\",\"url\":\"https:\/\/www.africa-press.net\/burkina-faso\/\",\"name\":\"Burkina Faso\",\"description\":\"Just another Africa News Agency Sites site\",\"potentialAction\":[{\"@type\":\"SearchAction\",\"target\":{\"@type\":\"EntryPoint\",\"urlTemplate\":\"https:\/\/www.africa-press.net\/burkina-faso\/?s={search_term_string}\"},\"query-input\":{\"@type\":\"PropertyValueSpecification\",\"valueRequired\":true,\"valueName\":\"search_term_string\"}}],\"inLanguage\":\"fr-FR\"},{\"@type\":\"Person\",\"@id\":\"https:\/\/www.africa-press.net\/burkina-faso\/#\/schema\/person\/2b1cf3cd81a31e3cd26889ca66d677f1\",\"name\":\"cfeditorfr\"}]}<\/script>\n<!-- \/ Yoast SEO Premium plugin. -->","yoast_head_json":{"title":"Le B\u00e9nin entre \u00ab\u00a0braconniers\u00a0\u00bb, \u00ab\u00a0bandits\u00a0\u00bb et \u00ab\u00a0djihadistes\u00a0\u00bb - Burkina Faso","description":"Une position de l\u2019arm\u00e9e b\u00e9ninoise situ\u00e9e dans le d\u00e9partement de l\u2019Alibori, \u00e0 la fronti\u00e8re avec le Burkina Faso a \u00e9t\u00e9 pri ...","robots":{"index":"index","follow":"follow","max-snippet":"max-snippet:-1","max-image-preview":"max-image-preview:large","max-video-preview":"max-video-preview:-1"},"canonical":"https:\/\/www.africa-press.net\/burkina-faso\/dossiers\/le-benin-entre-braconniers-bandits-et-djihadistes","og_locale":"fr_FR","og_type":"article","og_title":"Le B\u00e9nin entre \u00ab\u00a0braconniers\u00a0\u00bb, \u00ab\u00a0bandits\u00a0\u00bb et \u00ab\u00a0djihadistes\u00a0\u00bb","og_description":"Une position de l\u2019arm\u00e9e b\u00e9ninoise situ\u00e9e dans le d\u00e9partement de l\u2019Alibori, \u00e0 la fronti\u00e8re avec le Burkina Faso a \u00e9t\u00e9 pri ...","og_url":"https:\/\/www.africa-press.net\/burkina-faso\/dossiers\/le-benin-entre-braconniers-bandits-et-djihadistes","og_site_name":"Burkina Faso","article_published_time":"2021-12-03T13:36:59+00:00","og_image":[{"width":1250,"height":625,"url":"https:\/\/static.africa-press.net\/burkina\/sites\/42\/2021\/12\/img-61aa18f777445.jpg","type":"image\/jpeg"}],"author":"cfeditorfr","twitter_card":"summary_large_image","twitter_misc":{"\u00c9crit par":"cfeditorfr","Dur\u00e9e de lecture estim\u00e9e":"4 minutes"},"schema":{"@context":"https:\/\/schema.org","@graph":[{"@type":"Article","@id":"https:\/\/www.africa-press.net\/burkina-faso\/dossiers\/le-benin-entre-braconniers-bandits-et-djihadistes#article","isPartOf":{"@id":"https:\/\/www.africa-press.net\/burkina-faso\/dossiers\/le-benin-entre-braconniers-bandits-et-djihadistes"},"author":{"name":"cfeditorfr","@id":"https:\/\/www.africa-press.net\/burkina-faso\/#\/schema\/person\/2b1cf3cd81a31e3cd26889ca66d677f1"},"headline":"Le B\u00e9nin entre \u00ab\u00a0braconniers\u00a0\u00bb, \u00ab\u00a0bandits\u00a0\u00bb et \u00ab\u00a0djihadistes\u00a0\u00bb","datePublished":"2021-12-03T13:36:59+00:00","mainEntityOfPage":{"@id":"https:\/\/www.africa-press.net\/burkina-faso\/dossiers\/le-benin-entre-braconniers-bandits-et-djihadistes"},"wordCount":765,"commentCount":0,"image":{"@id":"https:\/\/www.africa-press.net\/burkina-faso\/dossiers\/le-benin-entre-braconniers-bandits-et-djihadistes#primaryimage"},"thumbnailUrl":"https:\/\/static.africa-press.net\/burkina\/sites\/42\/2021\/12\/img-61aa18f777445.jpg","keywords":["Africa Press","Africa Press-Burkina Faso","Afrique","Burkina Faso","Internationales","Politique"],"articleSection":["Dossiers","homepage-french","Toutes les actualit\u00e9s"],"inLanguage":"fr-FR","potentialAction":[{"@type":"CommentAction","name":"Comment","target":["https:\/\/www.africa-press.net\/burkina-faso\/dossiers\/le-benin-entre-braconniers-bandits-et-djihadistes#respond"]}]},{"@type":"WebPage","@id":"https:\/\/www.africa-press.net\/burkina-faso\/dossiers\/le-benin-entre-braconniers-bandits-et-djihadistes","url":"https:\/\/www.africa-press.net\/burkina-faso\/dossiers\/le-benin-entre-braconniers-bandits-et-djihadistes","name":"Le B\u00e9nin entre \u00ab\u00a0braconniers\u00a0\u00bb, \u00ab\u00a0bandits\u00a0\u00bb et \u00ab\u00a0djihadistes\u00a0\u00bb - Burkina Faso","isPartOf":{"@id":"https:\/\/www.africa-press.net\/burkina-faso\/#website"},"primaryImageOfPage":{"@id":"https:\/\/www.africa-press.net\/burkina-faso\/dossiers\/le-benin-entre-braconniers-bandits-et-djihadistes#primaryimage"},"image":{"@id":"https:\/\/www.africa-press.net\/burkina-faso\/dossiers\/le-benin-entre-braconniers-bandits-et-djihadistes#primaryimage"},"thumbnailUrl":"https:\/\/static.africa-press.net\/burkina\/sites\/42\/2021\/12\/img-61aa18f777445.jpg","datePublished":"2021-12-03T13:36:59+00:00","author":{"@id":"https:\/\/www.africa-press.net\/burkina-faso\/#\/schema\/person\/2b1cf3cd81a31e3cd26889ca66d677f1"},"description":"Une position de l\u2019arm\u00e9e b\u00e9ninoise situ\u00e9e dans le d\u00e9partement de l\u2019Alibori, \u00e0 la fronti\u00e8re avec le Burkina Faso a \u00e9t\u00e9 pri ...","breadcrumb":{"@id":"https:\/\/www.africa-press.net\/burkina-faso\/dossiers\/le-benin-entre-braconniers-bandits-et-djihadistes#breadcrumb"},"inLanguage":"fr-FR","potentialAction":[{"@type":"ReadAction","target":["https:\/\/www.africa-press.net\/burkina-faso\/dossiers\/le-benin-entre-braconniers-bandits-et-djihadistes"]}]},{"@type":"ImageObject","inLanguage":"fr-FR","@id":"https:\/\/www.africa-press.net\/burkina-faso\/dossiers\/le-benin-entre-braconniers-bandits-et-djihadistes#primaryimage","url":"https:\/\/static.africa-press.net\/burkina\/sites\/42\/2021\/12\/img-61aa18f777445.jpg","contentUrl":"https:\/\/static.africa-press.net\/burkina\/sites\/42\/2021\/12\/img-61aa18f777445.jpg","width":1250,"height":625,"caption":"Le B\u00e9nin entre \u00ab\u00a0braconniers\u00a0\u00bb, \u00ab\u00a0bandits\u00a0\u00bb et \u00ab\u00a0djihadistes\u00a0\u00bb"},{"@type":"BreadcrumbList","@id":"https:\/\/www.africa-press.net\/burkina-faso\/dossiers\/le-benin-entre-braconniers-bandits-et-djihadistes#breadcrumb","itemListElement":[{"@type":"ListItem","position":1,"name":"Accueil","item":"https:\/\/www.africa-press.net\/burkina-faso\/"},{"@type":"ListItem","position":2,"name":"Le B\u00e9nin entre \u00ab\u00a0braconniers\u00a0\u00bb, \u00ab\u00a0bandits\u00a0\u00bb et \u00ab\u00a0djihadistes\u00a0\u00bb"}]},{"@type":"WebSite","@id":"https:\/\/www.africa-press.net\/burkina-faso\/#website","url":"https:\/\/www.africa-press.net\/burkina-faso\/","name":"Burkina Faso","description":"Just another Africa News Agency Sites site","potentialAction":[{"@type":"SearchAction","target":{"@type":"EntryPoint","urlTemplate":"https:\/\/www.africa-press.net\/burkina-faso\/?s={search_term_string}"},"query-input":{"@type":"PropertyValueSpecification","valueRequired":true,"valueName":"search_term_string"}}],"inLanguage":"fr-FR"},{"@type":"Person","@id":"https:\/\/www.africa-press.net\/burkina-faso\/#\/schema\/person\/2b1cf3cd81a31e3cd26889ca66d677f1","name":"cfeditorfr"}]}},"_links":{"self":[{"href":"https:\/\/www.africa-press.net\/burkina-faso\/wp-json\/wp\/v2\/posts\/26470","targetHints":{"allow":["GET"]}}],"collection":[{"href":"https:\/\/www.africa-press.net\/burkina-faso\/wp-json\/wp\/v2\/posts"}],"about":[{"href":"https:\/\/www.africa-press.net\/burkina-faso\/wp-json\/wp\/v2\/types\/post"}],"author":[{"embeddable":true,"href":"https:\/\/www.africa-press.net\/burkina-faso\/wp-json\/wp\/v2\/users\/82"}],"replies":[{"embeddable":true,"href":"https:\/\/www.africa-press.net\/burkina-faso\/wp-json\/wp\/v2\/comments?post=26470"}],"version-history":[{"count":0,"href":"https:\/\/www.africa-press.net\/burkina-faso\/wp-json\/wp\/v2\/posts\/26470\/revisions"}],"wp:featuredmedia":[{"embeddable":true,"href":"https:\/\/www.africa-press.net\/burkina-faso\/wp-json\/wp\/v2\/media\/26469"}],"wp:attachment":[{"href":"https:\/\/www.africa-press.net\/burkina-faso\/wp-json\/wp\/v2\/media?parent=26470"}],"wp:term":[{"taxonomy":"category","embeddable":true,"href":"https:\/\/www.africa-press.net\/burkina-faso\/wp-json\/wp\/v2\/categories?post=26470"},{"taxonomy":"post_tag","embeddable":true,"href":"https:\/\/www.africa-press.net\/burkina-faso\/wp-json\/wp\/v2\/tags?post=26470"}],"curies":[{"name":"wp","href":"https:\/\/api.w.org\/{rel}","templated":true}]}}