{"id":26875,"date":"2021-12-07T20:13:00","date_gmt":"2021-12-07T20:13:00","guid":{"rendered":"https:\/\/www.africa-press.net\/burkina-faso\/?p=26875"},"modified":"2021-12-08T01:35:25","modified_gmt":"2021-12-08T01:35:25","slug":"cine-droit-libre-2021-les-enfants-sont-a-lhonneur","status":"publish","type":"post","link":"https:\/\/www.africa-press.net\/burkina-faso\/culture-et-art\/cine-droit-libre-2021-les-enfants-sont-a-lhonneur","title":{"rendered":"Cin\u00e9 droit libre 2021 : Les enfants sont \u00e0 l\u2019honneur"},"content":{"rendered":"<p><span style=\"color: #ff6600\"><strong>Africa-Press &#8211; Burkina Faso. <\/strong><\/span><b>La c\u00e9r\u00e9monie d\u2019ouverture de la seizi\u00e8me \u00e9dition du festival Cin\u00e9 droit libre a eu lieu le samedi 4 d\u00e9cembre 2021 \u00e0 l\u2019Institut fran\u00e7ais Georges M\u00e9li\u00e8s de Ouagadougou.<\/b><\/p>\n<p>Plac\u00e9 sous le th\u00e8me : \u00ab Quels avenirs pour nos enfants ? \u00bb, la seizi\u00e8me \u00e9dition du festival est tr\u00e8s riche en couleurs. Au menu, de la com\u00e9die musicale, des soir\u00e9es sp\u00e9ciales avec les cin\u00e9astes Boubacar Diallo et Thierry Michel, des projections de films, un don de vivres en soutien aux d\u00e9plac\u00e9s internes, des plateaux t\u00e9l\u00e9s, des d\u00e9bats, des dialogues d\u00e9mocratiques, des forums etc.<\/p>\n<p>Selon le coordinateur du festival, Abdoulaye Diallo, le choix port\u00e9 sur le th\u00e8me : \u00ab Quels avenirs pour nos enfants ? \u00bb, correspond tr\u00e8s bien aux r\u00e9alit\u00e9s que vivent les Burkinab\u00e8 en ce moment.<\/p>\n<p>\u00ab Il faut comprendre que nous vivons un pr\u00e9sent difficile. Comme l\u2019a dit Dr Cheikh Tidiane Gadio \u00bb, a-t-il confi\u00e9.<\/p>\n<p>M. Diallo a affirm\u00e9 qu\u2019il y a une sauce qui est en train d\u2019\u00eatre pr\u00e9par\u00e9e et l\u2019odeur de celle-ci augure d\u2019une sauce indigeste. \u00ab Il est de notre devoir d\u2019agir sur la sauce d\u00e8s \u00e0 pr\u00e9sent pour changer son odeur afin qu\u2019elle soit d\u2019une bonne odeur pour garantir un futur radieux. Nous avons fait expr\u00e8s de mettre le futur au pluriel car c\u2019est une interrogation. Si c\u2019\u00e9tait une affirmation nous l\u2019aurions mis au singulier \u00bb, a-t-il martel\u00e9.<\/p>\n<p>Pour lui, il est temps pour tous les Burkinab\u00e8 de r\u00e9fl\u00e9chir sur le futur de leurs enfants car, selon lui, l\u2019heure est grave et nous nous devons de nous poser les bonnes questions.<\/p>\n<p>L\u2019une des innovations majeures de cette pr\u00e9sente \u00e9dition, concerne le prix d\u2019entr\u00e9e pour le concert du village du festival. En effet, en lieu et place d\u2019un prix d\u2019entr\u00e9e, les festivaliers devront juste apporter des vivres (riz, ma\u00efs, mil, haricot, etc.) \u00ab Cette ann\u00e9e, nous avons d\u00e9cid\u00e9 pour le concert de Youssoupha de faire un prix d\u2019entr\u00e9e sous forme de vivres. Au lieu de payer une somme pour rentrer, vous apportez un sac de riz, une tonne de riz, des p\u00e2tes, de l\u2019huile\u2026 pour qu\u2019on puisse rassembler et aller donner aux d\u00e9plac\u00e9s internes \u00bb, a expliqu\u00e9, Abdoulaye Diallo.<\/p>\n<p>Et puisque cette \u00e9dition entend mettre les enfants \u00e0 l\u2019honneur, il est pr\u00e9vu \u00e0 cet effet, un forum des enfants pour leur permettre de discuter avec certains d\u00e9cideurs. A l\u2019entendre, des ministres seront invit\u00e9s pour leur expliquer ce qu\u2019ils pr\u00e9voient en termes d\u2019\u00e9ducation, de s\u00e9curit\u00e9, d\u2019habitat et d\u2019\u00e9cole pour eux.<\/p>\n<p>Selon le pr\u00e9sident de la c\u00e9r\u00e9monie, Cheich Tidiane Gadio, le festival a toute sa raison d\u2019\u00eatre. Il a rendu un vibrant hommage au festival Cin\u00e9 droit libre qui, selon lui, est une exp\u00e9rience extraordinaire.<\/p>\n<p>\u00ab Les Africains qui croient en l\u2019Afrique ont lanc\u00e9 un espace de discussion, de collaboration pour que le g\u00e9nie africain puisse se manifester. Nous en avons besoin. Il y a mille et une raisons de rendre les Africains pessimistes sur leur futur. Et de voir des Africains venir offrir de tels plateaux, je pense qu\u2019il faut que Cin\u00e9 droit libre arr\u00eate d\u2019\u00eatre un des secrets les mieux gard\u00e9s d\u2019Afrique \u00bb, a-t-il confi\u00e9.<\/p>\n<p>Il a f\u00e9licit\u00e9 et encourag\u00e9 toutes les personnes qui contribuent \u00e0 la r\u00e9ussite du festival depuis toujours et a souhait\u00e9 un tr\u00e8s bon festival \u00e0 tous les participants. Patricia Coulibaly (Stagiaire)<\/p>\n<p><strong>Pour plus d&rsquo;informations et d&rsquo;analyses sur la <a href=\"https:\/\/www.africa-press.net\/burkina-faso\">Burkina Faso<\/a>, suivez <a href=\"https:\/\/www.africa-press.net\/\">Africa-Press<\/a><\/strong><\/p>\n","protected":false},"excerpt":{"rendered":"<p>Africa-Press &#8211; Burkina Faso. La c\u00e9r\u00e9monie d\u2019ouverture de la seizi\u00e8me \u00e9dition du festival Cin\u00e9 droit libre a eu lieu le samedi 4 d\u00e9cembre 2021 \u00e0 l\u2019Institut fran\u00e7ais Georges M\u00e9li\u00e8s de Ouagadougou. Plac\u00e9 sous le th\u00e8me : \u00ab Quels avenirs pour nos enfants ? \u00bb, la seizi\u00e8me \u00e9dition du festival est tr\u00e8s riche en couleurs. Au [&hellip;]<\/p>\n","protected":false},"author":82,"featured_media":26874,"comment_status":"open","ping_status":"closed","sticky":false,"template":"","format":"standard","meta":{"footnotes":""},"categories":[5,11,10],"tags":[111,725,29],"class_list":["post-26875","post","type-post","status-publish","format-standard","has-post-thumbnail","hentry","category-culture-et-art","category-homepage-french","category-toutes-les-actualites","tag-africa-press","tag-africa-press-burkina-faso","tag-burkina-faso"],"yoast_head":"<!-- This site is optimized with the Yoast SEO Premium plugin v26.1 (Yoast SEO v27.0) - https:\/\/yoast.com\/product\/yoast-seo-premium-wordpress\/ -->\n<title>Cin\u00e9 droit libre 2021 : Les enfants sont \u00e0 l\u2019honneur - Burkina Faso<\/title>\n<meta name=\"description\" content=\"La c\u00e9r\u00e9monie d\u2019ouverture de la seizi\u00e8me \u00e9dition du festival Cin\u00e9 droit libre a eu lieu le samedi 4 d\u00e9cembre 2021 \u00e0 l\u2019 ...\" \/>\n<meta name=\"robots\" content=\"index, follow, max-snippet:-1, max-image-preview:large, max-video-preview:-1\" \/>\n<link rel=\"canonical\" href=\"https:\/\/www.africa-press.net\/burkina-faso\/culture-et-art\/cine-droit-libre-2021-les-enfants-sont-a-lhonneur\" \/>\n<meta property=\"og:locale\" content=\"fr_FR\" \/>\n<meta property=\"og:type\" content=\"article\" \/>\n<meta property=\"og:title\" content=\"Cin\u00e9 droit libre 2021 : Les enfants sont \u00e0 l\u2019honneur\" \/>\n<meta property=\"og:description\" content=\"La c\u00e9r\u00e9monie d\u2019ouverture de la seizi\u00e8me \u00e9dition du festival Cin\u00e9 droit libre a eu lieu le samedi 4 d\u00e9cembre 2021 \u00e0 l\u2019 ...\" \/>\n<meta property=\"og:url\" content=\"https:\/\/www.africa-press.net\/burkina-faso\/culture-et-art\/cine-droit-libre-2021-les-enfants-sont-a-lhonneur\" \/>\n<meta property=\"og:site_name\" content=\"Burkina Faso\" \/>\n<meta property=\"article:published_time\" content=\"2021-12-07T20:13:00+00:00\" \/>\n<meta property=\"article:modified_time\" content=\"2021-12-08T01:35:25+00:00\" \/>\n<meta property=\"og:image\" content=\"https:\/\/static.africa-press.net\/burkina\/sites\/42\/2021\/12\/img-61af9b348125e.jpg\" \/>\n\t<meta property=\"og:image:width\" content=\"720\" \/>\n\t<meta property=\"og:image:height\" content=\"405\" \/>\n\t<meta property=\"og:image:type\" content=\"image\/jpeg\" \/>\n<meta name=\"author\" content=\"cfeditorfr\" \/>\n<meta name=\"twitter:card\" content=\"summary_large_image\" \/>\n<meta name=\"twitter:label1\" content=\"\u00c9crit par\" \/>\n\t<meta name=\"twitter:data1\" content=\"cfeditorfr\" \/>\n\t<meta name=\"twitter:label2\" content=\"Dur\u00e9e de lecture estim\u00e9e\" \/>\n\t<meta name=\"twitter:data2\" content=\"3 minutes\" \/>\n<script type=\"application\/ld+json\" class=\"yoast-schema-graph\">{\"@context\":\"https:\/\/schema.org\",\"@graph\":[{\"@type\":\"Article\",\"@id\":\"https:\/\/www.africa-press.net\/burkina-faso\/culture-et-art\/cine-droit-libre-2021-les-enfants-sont-a-lhonneur#article\",\"isPartOf\":{\"@id\":\"https:\/\/www.africa-press.net\/burkina-faso\/culture-et-art\/cine-droit-libre-2021-les-enfants-sont-a-lhonneur\"},\"author\":{\"name\":\"cfeditorfr\",\"@id\":\"https:\/\/www.africa-press.net\/burkina-faso\/#\/schema\/person\/2b1cf3cd81a31e3cd26889ca66d677f1\"},\"headline\":\"Cin\u00e9 droit libre 2021 : Les enfants sont \u00e0 l\u2019honneur\",\"datePublished\":\"2021-12-07T20:13:00+00:00\",\"dateModified\":\"2021-12-08T01:35:25+00:00\",\"mainEntityOfPage\":{\"@id\":\"https:\/\/www.africa-press.net\/burkina-faso\/culture-et-art\/cine-droit-libre-2021-les-enfants-sont-a-lhonneur\"},\"wordCount\":629,\"commentCount\":0,\"image\":{\"@id\":\"https:\/\/www.africa-press.net\/burkina-faso\/culture-et-art\/cine-droit-libre-2021-les-enfants-sont-a-lhonneur#primaryimage\"},\"thumbnailUrl\":\"https:\/\/static.africa-press.net\/burkina\/sites\/42\/2021\/12\/img-61af9b348125e.jpg\",\"keywords\":[\"Africa Press\",\"Africa Press-Burkina Faso\",\"Burkina Faso\"],\"articleSection\":[\"Culture et Art\",\"homepage-french\",\"Toutes les actualit\u00e9s\"],\"inLanguage\":\"fr-FR\",\"potentialAction\":[{\"@type\":\"CommentAction\",\"name\":\"Comment\",\"target\":[\"https:\/\/www.africa-press.net\/burkina-faso\/culture-et-art\/cine-droit-libre-2021-les-enfants-sont-a-lhonneur#respond\"]}]},{\"@type\":\"WebPage\",\"@id\":\"https:\/\/www.africa-press.net\/burkina-faso\/culture-et-art\/cine-droit-libre-2021-les-enfants-sont-a-lhonneur\",\"url\":\"https:\/\/www.africa-press.net\/burkina-faso\/culture-et-art\/cine-droit-libre-2021-les-enfants-sont-a-lhonneur\",\"name\":\"Cin\u00e9 droit libre 2021 : Les enfants sont \u00e0 l\u2019honneur - Burkina Faso\",\"isPartOf\":{\"@id\":\"https:\/\/www.africa-press.net\/burkina-faso\/#website\"},\"primaryImageOfPage\":{\"@id\":\"https:\/\/www.africa-press.net\/burkina-faso\/culture-et-art\/cine-droit-libre-2021-les-enfants-sont-a-lhonneur#primaryimage\"},\"image\":{\"@id\":\"https:\/\/www.africa-press.net\/burkina-faso\/culture-et-art\/cine-droit-libre-2021-les-enfants-sont-a-lhonneur#primaryimage\"},\"thumbnailUrl\":\"https:\/\/static.africa-press.net\/burkina\/sites\/42\/2021\/12\/img-61af9b348125e.jpg\",\"datePublished\":\"2021-12-07T20:13:00+00:00\",\"dateModified\":\"2021-12-08T01:35:25+00:00\",\"author\":{\"@id\":\"https:\/\/www.africa-press.net\/burkina-faso\/#\/schema\/person\/2b1cf3cd81a31e3cd26889ca66d677f1\"},\"description\":\"La c\u00e9r\u00e9monie d\u2019ouverture de la seizi\u00e8me \u00e9dition du festival Cin\u00e9 droit libre a eu lieu le samedi 4 d\u00e9cembre 2021 \u00e0 l\u2019 ...\",\"breadcrumb\":{\"@id\":\"https:\/\/www.africa-press.net\/burkina-faso\/culture-et-art\/cine-droit-libre-2021-les-enfants-sont-a-lhonneur#breadcrumb\"},\"inLanguage\":\"fr-FR\",\"potentialAction\":[{\"@type\":\"ReadAction\",\"target\":[\"https:\/\/www.africa-press.net\/burkina-faso\/culture-et-art\/cine-droit-libre-2021-les-enfants-sont-a-lhonneur\"]}]},{\"@type\":\"ImageObject\",\"inLanguage\":\"fr-FR\",\"@id\":\"https:\/\/www.africa-press.net\/burkina-faso\/culture-et-art\/cine-droit-libre-2021-les-enfants-sont-a-lhonneur#primaryimage\",\"url\":\"https:\/\/static.africa-press.net\/burkina\/sites\/42\/2021\/12\/img-61af9b348125e.jpg\",\"contentUrl\":\"https:\/\/static.africa-press.net\/burkina\/sites\/42\/2021\/12\/img-61af9b348125e.jpg\",\"width\":720,\"height\":405,\"caption\":\"Cin\u00e9 droit libre 2021 : Les enfants sont \u00e0 l\u2019honneur\"},{\"@type\":\"BreadcrumbList\",\"@id\":\"https:\/\/www.africa-press.net\/burkina-faso\/culture-et-art\/cine-droit-libre-2021-les-enfants-sont-a-lhonneur#breadcrumb\",\"itemListElement\":[{\"@type\":\"ListItem\",\"position\":1,\"name\":\"Accueil\",\"item\":\"https:\/\/www.africa-press.net\/burkina-faso\/\"},{\"@type\":\"ListItem\",\"position\":2,\"name\":\"Cin\u00e9 droit libre 2021 : Les enfants sont \u00e0 l\u2019honneur\"}]},{\"@type\":\"WebSite\",\"@id\":\"https:\/\/www.africa-press.net\/burkina-faso\/#website\",\"url\":\"https:\/\/www.africa-press.net\/burkina-faso\/\",\"name\":\"Burkina Faso\",\"description\":\"Just another Africa News Agency Sites site\",\"potentialAction\":[{\"@type\":\"SearchAction\",\"target\":{\"@type\":\"EntryPoint\",\"urlTemplate\":\"https:\/\/www.africa-press.net\/burkina-faso\/?s={search_term_string}\"},\"query-input\":{\"@type\":\"PropertyValueSpecification\",\"valueRequired\":true,\"valueName\":\"search_term_string\"}}],\"inLanguage\":\"fr-FR\"},{\"@type\":\"Person\",\"@id\":\"https:\/\/www.africa-press.net\/burkina-faso\/#\/schema\/person\/2b1cf3cd81a31e3cd26889ca66d677f1\",\"name\":\"cfeditorfr\"}]}<\/script>\n<!-- \/ Yoast SEO Premium plugin. -->","yoast_head_json":{"title":"Cin\u00e9 droit libre 2021 : Les enfants sont \u00e0 l\u2019honneur - Burkina Faso","description":"La c\u00e9r\u00e9monie d\u2019ouverture de la seizi\u00e8me \u00e9dition du festival Cin\u00e9 droit libre a eu lieu le samedi 4 d\u00e9cembre 2021 \u00e0 l\u2019 ...","robots":{"index":"index","follow":"follow","max-snippet":"max-snippet:-1","max-image-preview":"max-image-preview:large","max-video-preview":"max-video-preview:-1"},"canonical":"https:\/\/www.africa-press.net\/burkina-faso\/culture-et-art\/cine-droit-libre-2021-les-enfants-sont-a-lhonneur","og_locale":"fr_FR","og_type":"article","og_title":"Cin\u00e9 droit libre 2021 : Les enfants sont \u00e0 l\u2019honneur","og_description":"La c\u00e9r\u00e9monie d\u2019ouverture de la seizi\u00e8me \u00e9dition du festival Cin\u00e9 droit libre a eu lieu le samedi 4 d\u00e9cembre 2021 \u00e0 l\u2019 ...","og_url":"https:\/\/www.africa-press.net\/burkina-faso\/culture-et-art\/cine-droit-libre-2021-les-enfants-sont-a-lhonneur","og_site_name":"Burkina Faso","article_published_time":"2021-12-07T20:13:00+00:00","article_modified_time":"2021-12-08T01:35:25+00:00","og_image":[{"width":720,"height":405,"url":"https:\/\/static.africa-press.net\/burkina\/sites\/42\/2021\/12\/img-61af9b348125e.jpg","type":"image\/jpeg"}],"author":"cfeditorfr","twitter_card":"summary_large_image","twitter_misc":{"\u00c9crit par":"cfeditorfr","Dur\u00e9e de lecture estim\u00e9e":"3 minutes"},"schema":{"@context":"https:\/\/schema.org","@graph":[{"@type":"Article","@id":"https:\/\/www.africa-press.net\/burkina-faso\/culture-et-art\/cine-droit-libre-2021-les-enfants-sont-a-lhonneur#article","isPartOf":{"@id":"https:\/\/www.africa-press.net\/burkina-faso\/culture-et-art\/cine-droit-libre-2021-les-enfants-sont-a-lhonneur"},"author":{"name":"cfeditorfr","@id":"https:\/\/www.africa-press.net\/burkina-faso\/#\/schema\/person\/2b1cf3cd81a31e3cd26889ca66d677f1"},"headline":"Cin\u00e9 droit libre 2021 : Les enfants sont \u00e0 l\u2019honneur","datePublished":"2021-12-07T20:13:00+00:00","dateModified":"2021-12-08T01:35:25+00:00","mainEntityOfPage":{"@id":"https:\/\/www.africa-press.net\/burkina-faso\/culture-et-art\/cine-droit-libre-2021-les-enfants-sont-a-lhonneur"},"wordCount":629,"commentCount":0,"image":{"@id":"https:\/\/www.africa-press.net\/burkina-faso\/culture-et-art\/cine-droit-libre-2021-les-enfants-sont-a-lhonneur#primaryimage"},"thumbnailUrl":"https:\/\/static.africa-press.net\/burkina\/sites\/42\/2021\/12\/img-61af9b348125e.jpg","keywords":["Africa Press","Africa Press-Burkina Faso","Burkina Faso"],"articleSection":["Culture et Art","homepage-french","Toutes les actualit\u00e9s"],"inLanguage":"fr-FR","potentialAction":[{"@type":"CommentAction","name":"Comment","target":["https:\/\/www.africa-press.net\/burkina-faso\/culture-et-art\/cine-droit-libre-2021-les-enfants-sont-a-lhonneur#respond"]}]},{"@type":"WebPage","@id":"https:\/\/www.africa-press.net\/burkina-faso\/culture-et-art\/cine-droit-libre-2021-les-enfants-sont-a-lhonneur","url":"https:\/\/www.africa-press.net\/burkina-faso\/culture-et-art\/cine-droit-libre-2021-les-enfants-sont-a-lhonneur","name":"Cin\u00e9 droit libre 2021 : Les enfants sont \u00e0 l\u2019honneur - Burkina Faso","isPartOf":{"@id":"https:\/\/www.africa-press.net\/burkina-faso\/#website"},"primaryImageOfPage":{"@id":"https:\/\/www.africa-press.net\/burkina-faso\/culture-et-art\/cine-droit-libre-2021-les-enfants-sont-a-lhonneur#primaryimage"},"image":{"@id":"https:\/\/www.africa-press.net\/burkina-faso\/culture-et-art\/cine-droit-libre-2021-les-enfants-sont-a-lhonneur#primaryimage"},"thumbnailUrl":"https:\/\/static.africa-press.net\/burkina\/sites\/42\/2021\/12\/img-61af9b348125e.jpg","datePublished":"2021-12-07T20:13:00+00:00","dateModified":"2021-12-08T01:35:25+00:00","author":{"@id":"https:\/\/www.africa-press.net\/burkina-faso\/#\/schema\/person\/2b1cf3cd81a31e3cd26889ca66d677f1"},"description":"La c\u00e9r\u00e9monie d\u2019ouverture de la seizi\u00e8me \u00e9dition du festival Cin\u00e9 droit libre a eu lieu le samedi 4 d\u00e9cembre 2021 \u00e0 l\u2019 ...","breadcrumb":{"@id":"https:\/\/www.africa-press.net\/burkina-faso\/culture-et-art\/cine-droit-libre-2021-les-enfants-sont-a-lhonneur#breadcrumb"},"inLanguage":"fr-FR","potentialAction":[{"@type":"ReadAction","target":["https:\/\/www.africa-press.net\/burkina-faso\/culture-et-art\/cine-droit-libre-2021-les-enfants-sont-a-lhonneur"]}]},{"@type":"ImageObject","inLanguage":"fr-FR","@id":"https:\/\/www.africa-press.net\/burkina-faso\/culture-et-art\/cine-droit-libre-2021-les-enfants-sont-a-lhonneur#primaryimage","url":"https:\/\/static.africa-press.net\/burkina\/sites\/42\/2021\/12\/img-61af9b348125e.jpg","contentUrl":"https:\/\/static.africa-press.net\/burkina\/sites\/42\/2021\/12\/img-61af9b348125e.jpg","width":720,"height":405,"caption":"Cin\u00e9 droit libre 2021 : Les enfants sont \u00e0 l\u2019honneur"},{"@type":"BreadcrumbList","@id":"https:\/\/www.africa-press.net\/burkina-faso\/culture-et-art\/cine-droit-libre-2021-les-enfants-sont-a-lhonneur#breadcrumb","itemListElement":[{"@type":"ListItem","position":1,"name":"Accueil","item":"https:\/\/www.africa-press.net\/burkina-faso\/"},{"@type":"ListItem","position":2,"name":"Cin\u00e9 droit libre 2021 : Les enfants sont \u00e0 l\u2019honneur"}]},{"@type":"WebSite","@id":"https:\/\/www.africa-press.net\/burkina-faso\/#website","url":"https:\/\/www.africa-press.net\/burkina-faso\/","name":"Burkina Faso","description":"Just another Africa News Agency Sites site","potentialAction":[{"@type":"SearchAction","target":{"@type":"EntryPoint","urlTemplate":"https:\/\/www.africa-press.net\/burkina-faso\/?s={search_term_string}"},"query-input":{"@type":"PropertyValueSpecification","valueRequired":true,"valueName":"search_term_string"}}],"inLanguage":"fr-FR"},{"@type":"Person","@id":"https:\/\/www.africa-press.net\/burkina-faso\/#\/schema\/person\/2b1cf3cd81a31e3cd26889ca66d677f1","name":"cfeditorfr"}]}},"_links":{"self":[{"href":"https:\/\/www.africa-press.net\/burkina-faso\/wp-json\/wp\/v2\/posts\/26875","targetHints":{"allow":["GET"]}}],"collection":[{"href":"https:\/\/www.africa-press.net\/burkina-faso\/wp-json\/wp\/v2\/posts"}],"about":[{"href":"https:\/\/www.africa-press.net\/burkina-faso\/wp-json\/wp\/v2\/types\/post"}],"author":[{"embeddable":true,"href":"https:\/\/www.africa-press.net\/burkina-faso\/wp-json\/wp\/v2\/users\/82"}],"replies":[{"embeddable":true,"href":"https:\/\/www.africa-press.net\/burkina-faso\/wp-json\/wp\/v2\/comments?post=26875"}],"version-history":[{"count":0,"href":"https:\/\/www.africa-press.net\/burkina-faso\/wp-json\/wp\/v2\/posts\/26875\/revisions"}],"wp:featuredmedia":[{"embeddable":true,"href":"https:\/\/www.africa-press.net\/burkina-faso\/wp-json\/wp\/v2\/media\/26874"}],"wp:attachment":[{"href":"https:\/\/www.africa-press.net\/burkina-faso\/wp-json\/wp\/v2\/media?parent=26875"}],"wp:term":[{"taxonomy":"category","embeddable":true,"href":"https:\/\/www.africa-press.net\/burkina-faso\/wp-json\/wp\/v2\/categories?post=26875"},{"taxonomy":"post_tag","embeddable":true,"href":"https:\/\/www.africa-press.net\/burkina-faso\/wp-json\/wp\/v2\/tags?post=26875"}],"curies":[{"name":"wp","href":"https:\/\/api.w.org\/{rel}","templated":true}]}}