{"id":26919,"date":"2021-12-07T21:33:20","date_gmt":"2021-12-07T21:33:20","guid":{"rendered":"https:\/\/www.africa-press.net\/burkina-faso\/?p=26919"},"modified":"2021-12-08T01:36:41","modified_gmt":"2021-12-08T01:36:41","slug":"terrorisme-au-sahel-le-president-bazoum-pointe-les-erreurs-de-strategies","status":"publish","type":"post","link":"https:\/\/www.africa-press.net\/burkina-faso\/politique\/terrorisme-au-sahel-le-president-bazoum-pointe-les-erreurs-de-strategies","title":{"rendered":"Terrorisme au Sahel\u00a0: le pr\u00e9sident Bazoum pointe les erreurs de strat\u00e9gies"},"content":{"rendered":"<p><span style=\"color: #ff6600\"><strong>Africa-Press &#8211; Burkina Faso. <\/strong><\/span>Pr\u00e8s d\u2019un an apr\u00e8s son accession au pouvoir, le nouveau pr\u00e9sident du Niger ne conna\u00eet pas d\u2019\u00e9tat de gr\u00e2ce. Le pays doit faire face aux attaques r\u00e9guli\u00e8res et meurtri\u00e8res de groupes djihadistes li\u00e9s \u00e0 Al-Qa\u00efda et l\u2019\u00c9tat islamique au Sahel dans l\u2019Ouest, et \u00e0 celles de Boko Haram et de l\u2019\u00c9tat islamique en Afrique de l\u2019Ouest (Iswap) dans le Sud-Est. Et depuis le d\u00e9but de l\u2019ann\u00e9e, ces djihadistes multiplient les assauts sanglants, contre des civils notamment dans la zone de Banibangou et dans la r\u00e9gion voisine de Tillab\u00e9ri, pr\u00e8s du Burkina Faso et du Mali.<\/p>\n<p><b>Un trop-plein d\u2019armes<\/b><\/p>\n<p>Pour le pr\u00e9sident Mohamed Bazoum, cette situation est le r\u00e9sultat d\u2019erreurs de strat\u00e9gie, il pointe en particulier la faiblesse des moyens engag\u00e9s pour lutter contre le trafic d\u2019armes en provenance de Libye, principale source d\u2019approvisionnement des groupes djihadistes qui s\u00e9vissent au Sahel. Face \u00e0 l\u2019ins\u00e9curit\u00e9 g\u00e9n\u00e9ralis\u00e9e dans la r\u00e9gion confront\u00e9e \u00e0 la violence djihadiste, il a estim\u00e9 que les pays du Sahel ont \u00ab besoin d\u2019un soutien plus adapt\u00e9 de leurs partenaires ax\u00e9 sur le renseignement, l\u2019appui a\u00e9rien et le renforcement des capacit\u00e9s de leurs arm\u00e9es \u00bb. \u00ab \u00c0 propos du renseignement, la grande erreur des partenaires est leur faible implication dans le combat contre le trafic des armes en provenance de Libye, qui est pourtant le param\u00e8tre le plus important dans la pr\u00e9valence de ce terrorisme \u00bb, a-t-il affirm\u00e9. Son pr\u00e9d\u00e9cesseur, l\u2019ex-pr\u00e9sident Mohammadou Issoufou, dont il a \u00e9t\u00e9 l\u2019un des ministres et bras droit, avait d\u00e9j\u00e0 alert\u00e9 sur cette prolif\u00e9ration des armes au d\u00e9clenchement de l\u2019op\u00e9ration internationale visant \u00e0 chasser le colonel Kadhafi du pouvoir.<\/p>\n<p>Depuis 2011 et la mort du dictateur Mouammar Kadhafi, la Libye a plong\u00e9 dans le chaos et les guerres tribales, parfois aliment\u00e9es par des pays ext\u00e9rieurs pour soutenir telle ou telle faction. \u00ab Ce trop-plein d\u2019armes a \u00e9t\u00e9 canalis\u00e9 vers le Sahel et sert depuis lors \u00e0 alimenter les diff\u00e9rents foyers terroristes ainsi que les nombreux groupes de bandits criminels op\u00e9rant dans la zone, surtout au Nigeria \u00bb, a affirm\u00e9 M. Bazoum.<\/p>\n<p><b>Une guerre asym\u00e9trique<\/b><\/p>\n<p>Les arm\u00e9es des pays du Sahel et plusieurs pays europ\u00e9ens impliqu\u00e9s dans la lutte antidjihadiste dans la r\u00e9gion, dont la France, sont confront\u00e9s aux attaques r\u00e9currentes de multiples groupes arm\u00e9s. \u00ab Les groupes terroristes op\u00e9rant actuellement au Sahel se distinguent par le caract\u00e8re sophistiqu\u00e9 et la quantit\u00e9 remarquable de leurs armes ainsi que de leurs munitions, acquises \u00e0 des co\u00fbts tr\u00e8s faibles \u00e0 travers les r\u00e9seaux de contrebande libyens \u00bb, a-t-il dit dans son disours lors de l\u2019ouverture du Forum international de Dakar sur la paix et la s\u00e9curit\u00e9 en Afrique.<\/p>\n<p>\u00ab J\u2019ai m\u00eame la faiblesse de penser que pour certaines armes, la proportion chez les terroristes est sup\u00e9rieure \u00e0 celles d\u00e9tenues par les forces r\u00e9guli\u00e8res. C\u2019est le cas notamment des lance-roquettes RPG et des fusils mitrailleurs M80, qui sont les armes vedettes de ces guerres \u00bb, a-t-il affirm\u00e9, ajoutant que \u00ab nulle part au monde des groupes rebelles n\u2019ont pu avoir acc\u00e8s aux m\u00eames armes que les forces l\u00e9gales qu\u2019elles combattent, comme c\u2019est le cas aujourd\u2019hui au Sahel \u00bb.<\/p>\n<p>Newsletter international<\/p>\n<p>Chaque mardi, recevez le meilleur de l\u2019actualit\u00e9 internationale, et recevez en avant-premi\u00e8re les exclusivit\u00e9s du Point.<\/p>\n<p><strong>Pour plus d&rsquo;informations et d&rsquo;analyses sur la <a href=\"https:\/\/www.africa-press.net\/burkina-faso\">Burkina Faso<\/a>, suivez <a href=\"https:\/\/www.africa-press.net\/\">Africa-Press<\/a><\/strong><\/p>\n","protected":false},"excerpt":{"rendered":"<p>Africa-Press &#8211; Burkina Faso. Pr\u00e8s d\u2019un an apr\u00e8s son accession au pouvoir, le nouveau pr\u00e9sident du Niger ne conna\u00eet pas d\u2019\u00e9tat de gr\u00e2ce. Le pays doit faire face aux attaques r\u00e9guli\u00e8res et meurtri\u00e8res de groupes djihadistes li\u00e9s \u00e0 Al-Qa\u00efda et l\u2019\u00c9tat islamique au Sahel dans l\u2019Ouest, et \u00e0 celles de Boko Haram et de l\u2019\u00c9tat [&hellip;]<\/p>\n","protected":false},"author":82,"featured_media":26918,"comment_status":"open","ping_status":"closed","sticky":false,"template":"","format":"standard","meta":{"footnotes":""},"categories":[11,2,10],"tags":[111,725,149,29,738],"class_list":["post-26919","post","type-post","status-publish","format-standard","has-post-thumbnail","hentry","category-homepage-french","category-politique","category-toutes-les-actualites","tag-africa-press","tag-africa-press-burkina-faso","tag-afrique","tag-burkina-faso","tag-internationales"],"yoast_head":"<!-- This site is optimized with the Yoast SEO Premium plugin v26.1 (Yoast SEO v27.0) - https:\/\/yoast.com\/product\/yoast-seo-premium-wordpress\/ -->\n<title>Terrorisme au Sahel\u00a0: le pr\u00e9sident Bazoum pointe les erreurs de strat\u00e9gies - Burkina Faso<\/title>\n<meta name=\"description\" content=\"Pr\u00e8s d\u2019un an apr\u00e8s son accession au pouvoir, le nouveau pr\u00e9sident du Niger ne conna\u00eet pas d\u2019\u00e9tat de gr\u00e2ce. Le pays doit ...\" \/>\n<meta name=\"robots\" content=\"index, follow, max-snippet:-1, max-image-preview:large, max-video-preview:-1\" \/>\n<link rel=\"canonical\" href=\"https:\/\/www.africa-press.net\/burkina-faso\/politique\/terrorisme-au-sahel-le-president-bazoum-pointe-les-erreurs-de-strategies\" \/>\n<meta property=\"og:locale\" content=\"fr_FR\" \/>\n<meta property=\"og:type\" content=\"article\" \/>\n<meta property=\"og:title\" content=\"Terrorisme au Sahel\u00a0: le pr\u00e9sident Bazoum pointe les erreurs de strat\u00e9gies\" \/>\n<meta property=\"og:description\" content=\"Pr\u00e8s d\u2019un an apr\u00e8s son accession au pouvoir, le nouveau pr\u00e9sident du Niger ne conna\u00eet pas d\u2019\u00e9tat de gr\u00e2ce. Le pays doit ...\" \/>\n<meta property=\"og:url\" content=\"https:\/\/www.africa-press.net\/burkina-faso\/politique\/terrorisme-au-sahel-le-president-bazoum-pointe-les-erreurs-de-strategies\" \/>\n<meta property=\"og:site_name\" content=\"Burkina Faso\" \/>\n<meta property=\"article:published_time\" content=\"2021-12-07T21:33:20+00:00\" \/>\n<meta property=\"article:modified_time\" content=\"2021-12-08T01:36:41+00:00\" \/>\n<meta property=\"og:image\" content=\"https:\/\/static.africa-press.net\/burkina\/sites\/42\/2021\/12\/img-61af9e004501c.jpg\" \/>\n\t<meta property=\"og:image:width\" content=\"1250\" \/>\n\t<meta property=\"og:image:height\" content=\"625\" \/>\n\t<meta property=\"og:image:type\" content=\"image\/jpeg\" \/>\n<meta name=\"author\" content=\"cfeditorfr\" \/>\n<meta name=\"twitter:card\" content=\"summary_large_image\" \/>\n<meta name=\"twitter:label1\" content=\"\u00c9crit par\" \/>\n\t<meta name=\"twitter:data1\" content=\"cfeditorfr\" \/>\n\t<meta name=\"twitter:label2\" content=\"Dur\u00e9e de lecture estim\u00e9e\" \/>\n\t<meta name=\"twitter:data2\" content=\"3 minutes\" \/>\n<script type=\"application\/ld+json\" class=\"yoast-schema-graph\">{\"@context\":\"https:\/\/schema.org\",\"@graph\":[{\"@type\":\"Article\",\"@id\":\"https:\/\/www.africa-press.net\/burkina-faso\/politique\/terrorisme-au-sahel-le-president-bazoum-pointe-les-erreurs-de-strategies#article\",\"isPartOf\":{\"@id\":\"https:\/\/www.africa-press.net\/burkina-faso\/politique\/terrorisme-au-sahel-le-president-bazoum-pointe-les-erreurs-de-strategies\"},\"author\":{\"name\":\"cfeditorfr\",\"@id\":\"https:\/\/www.africa-press.net\/burkina-faso\/#\/schema\/person\/2b1cf3cd81a31e3cd26889ca66d677f1\"},\"headline\":\"Terrorisme au Sahel\u00a0: le pr\u00e9sident Bazoum pointe les erreurs de strat\u00e9gies\",\"datePublished\":\"2021-12-07T21:33:20+00:00\",\"dateModified\":\"2021-12-08T01:36:41+00:00\",\"mainEntityOfPage\":{\"@id\":\"https:\/\/www.africa-press.net\/burkina-faso\/politique\/terrorisme-au-sahel-le-president-bazoum-pointe-les-erreurs-de-strategies\"},\"wordCount\":626,\"commentCount\":0,\"image\":{\"@id\":\"https:\/\/www.africa-press.net\/burkina-faso\/politique\/terrorisme-au-sahel-le-president-bazoum-pointe-les-erreurs-de-strategies#primaryimage\"},\"thumbnailUrl\":\"https:\/\/static.africa-press.net\/burkina\/sites\/42\/2021\/12\/img-61af9e004501c.jpg\",\"keywords\":[\"Africa Press\",\"Africa Press-Burkina Faso\",\"Afrique\",\"Burkina Faso\",\"Internationales\"],\"articleSection\":[\"homepage-french\",\"Politique\",\"Toutes les actualit\u00e9s\"],\"inLanguage\":\"fr-FR\",\"potentialAction\":[{\"@type\":\"CommentAction\",\"name\":\"Comment\",\"target\":[\"https:\/\/www.africa-press.net\/burkina-faso\/politique\/terrorisme-au-sahel-le-president-bazoum-pointe-les-erreurs-de-strategies#respond\"]}]},{\"@type\":\"WebPage\",\"@id\":\"https:\/\/www.africa-press.net\/burkina-faso\/politique\/terrorisme-au-sahel-le-president-bazoum-pointe-les-erreurs-de-strategies\",\"url\":\"https:\/\/www.africa-press.net\/burkina-faso\/politique\/terrorisme-au-sahel-le-president-bazoum-pointe-les-erreurs-de-strategies\",\"name\":\"Terrorisme au Sahel\u00a0: le pr\u00e9sident Bazoum pointe les erreurs de strat\u00e9gies - Burkina Faso\",\"isPartOf\":{\"@id\":\"https:\/\/www.africa-press.net\/burkina-faso\/#website\"},\"primaryImageOfPage\":{\"@id\":\"https:\/\/www.africa-press.net\/burkina-faso\/politique\/terrorisme-au-sahel-le-president-bazoum-pointe-les-erreurs-de-strategies#primaryimage\"},\"image\":{\"@id\":\"https:\/\/www.africa-press.net\/burkina-faso\/politique\/terrorisme-au-sahel-le-president-bazoum-pointe-les-erreurs-de-strategies#primaryimage\"},\"thumbnailUrl\":\"https:\/\/static.africa-press.net\/burkina\/sites\/42\/2021\/12\/img-61af9e004501c.jpg\",\"datePublished\":\"2021-12-07T21:33:20+00:00\",\"dateModified\":\"2021-12-08T01:36:41+00:00\",\"author\":{\"@id\":\"https:\/\/www.africa-press.net\/burkina-faso\/#\/schema\/person\/2b1cf3cd81a31e3cd26889ca66d677f1\"},\"description\":\"Pr\u00e8s d\u2019un an apr\u00e8s son accession au pouvoir, le nouveau pr\u00e9sident du Niger ne conna\u00eet pas d\u2019\u00e9tat de gr\u00e2ce. Le pays doit ...\",\"breadcrumb\":{\"@id\":\"https:\/\/www.africa-press.net\/burkina-faso\/politique\/terrorisme-au-sahel-le-president-bazoum-pointe-les-erreurs-de-strategies#breadcrumb\"},\"inLanguage\":\"fr-FR\",\"potentialAction\":[{\"@type\":\"ReadAction\",\"target\":[\"https:\/\/www.africa-press.net\/burkina-faso\/politique\/terrorisme-au-sahel-le-president-bazoum-pointe-les-erreurs-de-strategies\"]}]},{\"@type\":\"ImageObject\",\"inLanguage\":\"fr-FR\",\"@id\":\"https:\/\/www.africa-press.net\/burkina-faso\/politique\/terrorisme-au-sahel-le-president-bazoum-pointe-les-erreurs-de-strategies#primaryimage\",\"url\":\"https:\/\/static.africa-press.net\/burkina\/sites\/42\/2021\/12\/img-61af9e004501c.jpg\",\"contentUrl\":\"https:\/\/static.africa-press.net\/burkina\/sites\/42\/2021\/12\/img-61af9e004501c.jpg\",\"width\":1250,\"height\":625,\"caption\":\"Terrorisme au Sahel\u00a0: le pr\u00e9sident Bazoum pointe les erreurs de strat\u00e9gies\"},{\"@type\":\"BreadcrumbList\",\"@id\":\"https:\/\/www.africa-press.net\/burkina-faso\/politique\/terrorisme-au-sahel-le-president-bazoum-pointe-les-erreurs-de-strategies#breadcrumb\",\"itemListElement\":[{\"@type\":\"ListItem\",\"position\":1,\"name\":\"Accueil\",\"item\":\"https:\/\/www.africa-press.net\/burkina-faso\/\"},{\"@type\":\"ListItem\",\"position\":2,\"name\":\"Terrorisme au Sahel\u00a0: le pr\u00e9sident Bazoum pointe les erreurs de strat\u00e9gies\"}]},{\"@type\":\"WebSite\",\"@id\":\"https:\/\/www.africa-press.net\/burkina-faso\/#website\",\"url\":\"https:\/\/www.africa-press.net\/burkina-faso\/\",\"name\":\"Burkina Faso\",\"description\":\"Just another Africa News Agency Sites site\",\"potentialAction\":[{\"@type\":\"SearchAction\",\"target\":{\"@type\":\"EntryPoint\",\"urlTemplate\":\"https:\/\/www.africa-press.net\/burkina-faso\/?s={search_term_string}\"},\"query-input\":{\"@type\":\"PropertyValueSpecification\",\"valueRequired\":true,\"valueName\":\"search_term_string\"}}],\"inLanguage\":\"fr-FR\"},{\"@type\":\"Person\",\"@id\":\"https:\/\/www.africa-press.net\/burkina-faso\/#\/schema\/person\/2b1cf3cd81a31e3cd26889ca66d677f1\",\"name\":\"cfeditorfr\"}]}<\/script>\n<!-- \/ Yoast SEO Premium plugin. -->","yoast_head_json":{"title":"Terrorisme au Sahel\u00a0: le pr\u00e9sident Bazoum pointe les erreurs de strat\u00e9gies - Burkina Faso","description":"Pr\u00e8s d\u2019un an apr\u00e8s son accession au pouvoir, le nouveau pr\u00e9sident du Niger ne conna\u00eet pas d\u2019\u00e9tat de gr\u00e2ce. Le pays doit ...","robots":{"index":"index","follow":"follow","max-snippet":"max-snippet:-1","max-image-preview":"max-image-preview:large","max-video-preview":"max-video-preview:-1"},"canonical":"https:\/\/www.africa-press.net\/burkina-faso\/politique\/terrorisme-au-sahel-le-president-bazoum-pointe-les-erreurs-de-strategies","og_locale":"fr_FR","og_type":"article","og_title":"Terrorisme au Sahel\u00a0: le pr\u00e9sident Bazoum pointe les erreurs de strat\u00e9gies","og_description":"Pr\u00e8s d\u2019un an apr\u00e8s son accession au pouvoir, le nouveau pr\u00e9sident du Niger ne conna\u00eet pas d\u2019\u00e9tat de gr\u00e2ce. Le pays doit ...","og_url":"https:\/\/www.africa-press.net\/burkina-faso\/politique\/terrorisme-au-sahel-le-president-bazoum-pointe-les-erreurs-de-strategies","og_site_name":"Burkina Faso","article_published_time":"2021-12-07T21:33:20+00:00","article_modified_time":"2021-12-08T01:36:41+00:00","og_image":[{"width":1250,"height":625,"url":"https:\/\/static.africa-press.net\/burkina\/sites\/42\/2021\/12\/img-61af9e004501c.jpg","type":"image\/jpeg"}],"author":"cfeditorfr","twitter_card":"summary_large_image","twitter_misc":{"\u00c9crit par":"cfeditorfr","Dur\u00e9e de lecture estim\u00e9e":"3 minutes"},"schema":{"@context":"https:\/\/schema.org","@graph":[{"@type":"Article","@id":"https:\/\/www.africa-press.net\/burkina-faso\/politique\/terrorisme-au-sahel-le-president-bazoum-pointe-les-erreurs-de-strategies#article","isPartOf":{"@id":"https:\/\/www.africa-press.net\/burkina-faso\/politique\/terrorisme-au-sahel-le-president-bazoum-pointe-les-erreurs-de-strategies"},"author":{"name":"cfeditorfr","@id":"https:\/\/www.africa-press.net\/burkina-faso\/#\/schema\/person\/2b1cf3cd81a31e3cd26889ca66d677f1"},"headline":"Terrorisme au Sahel\u00a0: le pr\u00e9sident Bazoum pointe les erreurs de strat\u00e9gies","datePublished":"2021-12-07T21:33:20+00:00","dateModified":"2021-12-08T01:36:41+00:00","mainEntityOfPage":{"@id":"https:\/\/www.africa-press.net\/burkina-faso\/politique\/terrorisme-au-sahel-le-president-bazoum-pointe-les-erreurs-de-strategies"},"wordCount":626,"commentCount":0,"image":{"@id":"https:\/\/www.africa-press.net\/burkina-faso\/politique\/terrorisme-au-sahel-le-president-bazoum-pointe-les-erreurs-de-strategies#primaryimage"},"thumbnailUrl":"https:\/\/static.africa-press.net\/burkina\/sites\/42\/2021\/12\/img-61af9e004501c.jpg","keywords":["Africa Press","Africa Press-Burkina Faso","Afrique","Burkina Faso","Internationales"],"articleSection":["homepage-french","Politique","Toutes les actualit\u00e9s"],"inLanguage":"fr-FR","potentialAction":[{"@type":"CommentAction","name":"Comment","target":["https:\/\/www.africa-press.net\/burkina-faso\/politique\/terrorisme-au-sahel-le-president-bazoum-pointe-les-erreurs-de-strategies#respond"]}]},{"@type":"WebPage","@id":"https:\/\/www.africa-press.net\/burkina-faso\/politique\/terrorisme-au-sahel-le-president-bazoum-pointe-les-erreurs-de-strategies","url":"https:\/\/www.africa-press.net\/burkina-faso\/politique\/terrorisme-au-sahel-le-president-bazoum-pointe-les-erreurs-de-strategies","name":"Terrorisme au Sahel\u00a0: le pr\u00e9sident Bazoum pointe les erreurs de strat\u00e9gies - Burkina Faso","isPartOf":{"@id":"https:\/\/www.africa-press.net\/burkina-faso\/#website"},"primaryImageOfPage":{"@id":"https:\/\/www.africa-press.net\/burkina-faso\/politique\/terrorisme-au-sahel-le-president-bazoum-pointe-les-erreurs-de-strategies#primaryimage"},"image":{"@id":"https:\/\/www.africa-press.net\/burkina-faso\/politique\/terrorisme-au-sahel-le-president-bazoum-pointe-les-erreurs-de-strategies#primaryimage"},"thumbnailUrl":"https:\/\/static.africa-press.net\/burkina\/sites\/42\/2021\/12\/img-61af9e004501c.jpg","datePublished":"2021-12-07T21:33:20+00:00","dateModified":"2021-12-08T01:36:41+00:00","author":{"@id":"https:\/\/www.africa-press.net\/burkina-faso\/#\/schema\/person\/2b1cf3cd81a31e3cd26889ca66d677f1"},"description":"Pr\u00e8s d\u2019un an apr\u00e8s son accession au pouvoir, le nouveau pr\u00e9sident du Niger ne conna\u00eet pas d\u2019\u00e9tat de gr\u00e2ce. Le pays doit ...","breadcrumb":{"@id":"https:\/\/www.africa-press.net\/burkina-faso\/politique\/terrorisme-au-sahel-le-president-bazoum-pointe-les-erreurs-de-strategies#breadcrumb"},"inLanguage":"fr-FR","potentialAction":[{"@type":"ReadAction","target":["https:\/\/www.africa-press.net\/burkina-faso\/politique\/terrorisme-au-sahel-le-president-bazoum-pointe-les-erreurs-de-strategies"]}]},{"@type":"ImageObject","inLanguage":"fr-FR","@id":"https:\/\/www.africa-press.net\/burkina-faso\/politique\/terrorisme-au-sahel-le-president-bazoum-pointe-les-erreurs-de-strategies#primaryimage","url":"https:\/\/static.africa-press.net\/burkina\/sites\/42\/2021\/12\/img-61af9e004501c.jpg","contentUrl":"https:\/\/static.africa-press.net\/burkina\/sites\/42\/2021\/12\/img-61af9e004501c.jpg","width":1250,"height":625,"caption":"Terrorisme au Sahel\u00a0: le pr\u00e9sident Bazoum pointe les erreurs de strat\u00e9gies"},{"@type":"BreadcrumbList","@id":"https:\/\/www.africa-press.net\/burkina-faso\/politique\/terrorisme-au-sahel-le-president-bazoum-pointe-les-erreurs-de-strategies#breadcrumb","itemListElement":[{"@type":"ListItem","position":1,"name":"Accueil","item":"https:\/\/www.africa-press.net\/burkina-faso\/"},{"@type":"ListItem","position":2,"name":"Terrorisme au Sahel\u00a0: le pr\u00e9sident Bazoum pointe les erreurs de strat\u00e9gies"}]},{"@type":"WebSite","@id":"https:\/\/www.africa-press.net\/burkina-faso\/#website","url":"https:\/\/www.africa-press.net\/burkina-faso\/","name":"Burkina Faso","description":"Just another Africa News Agency Sites site","potentialAction":[{"@type":"SearchAction","target":{"@type":"EntryPoint","urlTemplate":"https:\/\/www.africa-press.net\/burkina-faso\/?s={search_term_string}"},"query-input":{"@type":"PropertyValueSpecification","valueRequired":true,"valueName":"search_term_string"}}],"inLanguage":"fr-FR"},{"@type":"Person","@id":"https:\/\/www.africa-press.net\/burkina-faso\/#\/schema\/person\/2b1cf3cd81a31e3cd26889ca66d677f1","name":"cfeditorfr"}]}},"_links":{"self":[{"href":"https:\/\/www.africa-press.net\/burkina-faso\/wp-json\/wp\/v2\/posts\/26919","targetHints":{"allow":["GET"]}}],"collection":[{"href":"https:\/\/www.africa-press.net\/burkina-faso\/wp-json\/wp\/v2\/posts"}],"about":[{"href":"https:\/\/www.africa-press.net\/burkina-faso\/wp-json\/wp\/v2\/types\/post"}],"author":[{"embeddable":true,"href":"https:\/\/www.africa-press.net\/burkina-faso\/wp-json\/wp\/v2\/users\/82"}],"replies":[{"embeddable":true,"href":"https:\/\/www.africa-press.net\/burkina-faso\/wp-json\/wp\/v2\/comments?post=26919"}],"version-history":[{"count":0,"href":"https:\/\/www.africa-press.net\/burkina-faso\/wp-json\/wp\/v2\/posts\/26919\/revisions"}],"wp:featuredmedia":[{"embeddable":true,"href":"https:\/\/www.africa-press.net\/burkina-faso\/wp-json\/wp\/v2\/media\/26918"}],"wp:attachment":[{"href":"https:\/\/www.africa-press.net\/burkina-faso\/wp-json\/wp\/v2\/media?parent=26919"}],"wp:term":[{"taxonomy":"category","embeddable":true,"href":"https:\/\/www.africa-press.net\/burkina-faso\/wp-json\/wp\/v2\/categories?post=26919"},{"taxonomy":"post_tag","embeddable":true,"href":"https:\/\/www.africa-press.net\/burkina-faso\/wp-json\/wp\/v2\/tags?post=26919"}],"curies":[{"name":"wp","href":"https:\/\/api.w.org\/{rel}","templated":true}]}}