{"id":28266,"date":"2021-12-21T18:41:57","date_gmt":"2021-12-21T18:41:57","guid":{"rendered":"https:\/\/www.africa-press.net\/burkina-faso\/?p=28266"},"modified":"2021-12-21T15:44:12","modified_gmt":"2021-12-21T15:44:12","slug":"humanitaires-assassines-au-niger-un-des-auteurs-tue-par-larmee-francaise","status":"publish","type":"post","link":"https:\/\/www.africa-press.net\/burkina-faso\/dossiers\/humanitaires-assassines-au-niger-un-des-auteurs-tue-par-larmee-francaise","title":{"rendered":"Humanitaires assassin\u00e9s au Niger\u00a0: un des auteurs\u00a0tu\u00e9 par l\u2019arm\u00e9e fran\u00e7aise"},"content":{"rendered":"<p><span style=\"color: #ff6600\"><strong>Africa-Press &#8211; Burkina Faso. <\/strong><\/span>L\u2019\u00e9tat-major fran\u00e7ais a annonc\u00e9, mardi 21 d\u00e9cembre, que l\u2019arm\u00e9e avait tu\u00e9 au Niger un des auteurs de l\u2019assassinat de six humanitaires fran\u00e7ais, de leur guide et de leur chauffeur nig\u00e9riens en ao\u00fbt 2020 dans le parc de Kour\u00e9. L\u2019attaque avait \u00e9t\u00e9 revendiqu\u00e9e par le groupe \u00c9tat islamique au Sahel (EIGS).<\/p>\n<p>\u00ab Hier (lundi), dans la r\u00e9gion de Tillab\u00e9ri (Ouest), nous avons neutralis\u00e9 par frappe a\u00e9rienne un chef de groupe de l\u2019EIGS, Soumana Boura, un des auteurs de l\u2019assassinat de six ressortissants dans le parc de Kour\u00e9 le 9 ao\u00fbt 2020 \u00bb, qui \u00ab avait film\u00e9 l\u2019ex\u00e9cution et en avait assur\u00e9 la m\u00e9diatisation \u00bb, a d\u00e9clar\u00e9 \u00e0 l\u2019Agence France-Presse le porte-parole de l\u2019\u00e9tat-major, le colonel Pascal Ianni.<\/p>\n<p>Soumana Boura dirigeait un groupe de plusieurs dizaines de combattants dans l\u2019ouest du Niger, selon l\u2019arm\u00e9e fran\u00e7aise. Il a \u00e9t\u00e9 \u00e9limin\u00e9 par un tir de drone alors qu\u2019il \u00e9tait seul sur une moto. Une unit\u00e9 fran\u00e7aise a \u00e9t\u00e9 envoy\u00e9e au sol pour fouiller la zone et identifier formellement le djihadiste, a d\u00e9taill\u00e9 l\u2019\u00e9tat-major dans un communiqu\u00e9, en pr\u00e9cisant que cette op\u00e9ration avait \u00e9t\u00e9 men\u00e9e \u00ab en \u00e9troite coordination avec les autorit\u00e9s nig\u00e9riennes \u00bb.<\/p>\n<p><b>Onze personnes soup\u00e7onn\u00e9es d\u2019avoir particip\u00e9 \u00e0 cet assassinat ont \u00e9t\u00e9 arr\u00eat\u00e9es<\/b><\/p>\n<p>Le chef de l\u2019EIGS, Adnan Abou Walid al-Sahraoui, qui avait ordonn\u00e9 cette attaque contre les humanitaires fran\u00e7ais, a \u00e9t\u00e9 tu\u00e9 mi-ao\u00fbt par les soldats fran\u00e7ais dans la r\u00e9gion \u00ab des trois fronti\u00e8res \u00bb (Mali, Niger et Burkina Faso). Logisticiens, guetteur, donneur d\u2019ordre interm\u00e9diaire : onze personnes soup\u00e7onn\u00e9es d\u2019avoir particip\u00e9 \u00e0 cet assassinat ont par ailleurs \u00e9t\u00e9 arr\u00eat\u00e9es au Niger ces derniers mois.<\/p>\n<p>Dans la matin\u00e9e du 9 ao\u00fbt 2020, le 4X4 de six travailleurs humanitaires des ONG Acted et Impact, accompagn\u00e9s d\u2019un chauffeur et d\u2019un guide nig\u00e9riens, avait \u00e9t\u00e9 attaqu\u00e9 par trois hommes arm\u00e9s sur deux motos, alors qu\u2019ils visitaient la r\u00e9serve de girafes de Kour\u00e9. Install\u00e9s \u00e0 Niamey depuis quelques semaines ou quelques mois, les travailleurs humanitaires \u2013 quatre femmes et deux hommes \u00e2g\u00e9s de 25 \u00e0 31 ans \u2013 avaient planifi\u00e9 quelques jours plus t\u00f4t cette excursion dans la r\u00e9serve, situ\u00e9e \u00e0 60 km au sud-est de Niamey. Une jeune femme avait \u00e9t\u00e9 \u00e9gorg\u00e9e. Les cinq autres humanitaires, leur guide et leur chauffeur, \u00e2g\u00e9s de 50 ans tous les deux, avaient \u00e9t\u00e9 ex\u00e9cut\u00e9s par balles. Les trois assaillants avaient ensuite incendi\u00e9 le 4X4 avant de prendre la fuite. L\u2019attaque avait \u00e9t\u00e9 revendiqu\u00e9e par l\u2019EI un mois plus tard.<\/p>\n<p>Cette nouvelle \u00e9limination lundi d\u2019un cadre djihadiste \u00ab permet en particulier de lutter contre l\u2019expansion de l\u2019EIGS et de l\u2019emp\u00eacher de prendre le contr\u00f4le de certaines parties de la r\u00e9gion des trois fronti\u00e8res \u00bb, souligne l\u2019\u00e9tat-major, en rappelant que \u00ab les arm\u00e9es fran\u00e7aises restent d\u00e9termin\u00e9es \u00e0 combattre les groupes arm\u00e9s terroristes avec leurs partenaires sah\u00e9liens et leurs alli\u00e9s \u00bb.<\/p>\n<p>Newsletter international<\/p>\n<p>Chaque mardi, recevez le meilleur de l\u2019actualit\u00e9 internationale, et recevez en avant-premi\u00e8re les exclusivit\u00e9s du Point.<\/p>\n<p><strong>Pour plus d&rsquo;informations et d&rsquo;analyses sur la <a href=\"https:\/\/www.africa-press.net\/burkina-faso\">Burkina Faso<\/a>, suivez <a href=\"https:\/\/www.africa-press.net\/\">Africa-Press<\/a><\/strong><\/p>\n","protected":false},"excerpt":{"rendered":"<p>Africa-Press &#8211; Burkina Faso. L\u2019\u00e9tat-major fran\u00e7ais a annonc\u00e9, mardi 21 d\u00e9cembre, que l\u2019arm\u00e9e avait tu\u00e9 au Niger un des auteurs de l\u2019assassinat de six humanitaires fran\u00e7ais, de leur guide et de leur chauffeur nig\u00e9riens en ao\u00fbt 2020 dans le parc de Kour\u00e9. L\u2019attaque avait \u00e9t\u00e9 revendiqu\u00e9e par le groupe \u00c9tat islamique au Sahel (EIGS). \u00ab [&hellip;]<\/p>\n","protected":false},"author":82,"featured_media":28265,"comment_status":"open","ping_status":"closed","sticky":false,"template":"","format":"standard","meta":{"footnotes":""},"categories":[7,11,10],"tags":[111,725,149,29,738],"class_list":["post-28266","post","type-post","status-publish","format-standard","has-post-thumbnail","hentry","category-dossiers","category-homepage-french","category-toutes-les-actualites","tag-africa-press","tag-africa-press-burkina-faso","tag-afrique","tag-burkina-faso","tag-internationales"],"yoast_head":"<!-- This site is optimized with the Yoast SEO Premium plugin v26.1 (Yoast SEO v27.0) - https:\/\/yoast.com\/product\/yoast-seo-premium-wordpress\/ -->\n<title>Humanitaires assassin\u00e9s au Niger\u00a0: un des auteurs\u00a0tu\u00e9 par l\u2019arm\u00e9e fran\u00e7aise - Burkina Faso<\/title>\n<meta name=\"description\" content=\"L\u2019\u00e9tat-major fran\u00e7ais a annonc\u00e9, mardi 21 d\u00e9cembre, que l\u2019arm\u00e9e avait tu\u00e9 au Niger un des auteurs de l\u2019assassinat de six ...\" \/>\n<meta name=\"robots\" content=\"index, follow, max-snippet:-1, max-image-preview:large, max-video-preview:-1\" \/>\n<link rel=\"canonical\" href=\"https:\/\/www.africa-press.net\/burkina-faso\/dossiers\/humanitaires-assassines-au-niger-un-des-auteurs-tue-par-larmee-francaise\" \/>\n<meta property=\"og:locale\" content=\"fr_FR\" \/>\n<meta property=\"og:type\" content=\"article\" \/>\n<meta property=\"og:title\" content=\"Humanitaires assassin\u00e9s au Niger\u00a0: un des auteurs\u00a0tu\u00e9 par l\u2019arm\u00e9e fran\u00e7aise\" \/>\n<meta property=\"og:description\" content=\"L\u2019\u00e9tat-major fran\u00e7ais a annonc\u00e9, mardi 21 d\u00e9cembre, que l\u2019arm\u00e9e avait tu\u00e9 au Niger un des auteurs de l\u2019assassinat de six ...\" \/>\n<meta property=\"og:url\" content=\"https:\/\/www.africa-press.net\/burkina-faso\/dossiers\/humanitaires-assassines-au-niger-un-des-auteurs-tue-par-larmee-francaise\" \/>\n<meta property=\"og:site_name\" content=\"Burkina Faso\" \/>\n<meta property=\"article:published_time\" content=\"2021-12-21T18:41:57+00:00\" \/>\n<meta property=\"og:image\" content=\"https:\/\/static.africa-press.net\/burkina\/sites\/42\/2021\/12\/img-61c1f623dd8fe.jpg\" \/>\n\t<meta property=\"og:image:width\" content=\"1250\" \/>\n\t<meta property=\"og:image:height\" content=\"625\" \/>\n\t<meta property=\"og:image:type\" content=\"image\/jpeg\" \/>\n<meta name=\"author\" content=\"cfeditorfr\" \/>\n<meta name=\"twitter:card\" content=\"summary_large_image\" \/>\n<meta name=\"twitter:label1\" content=\"\u00c9crit par\" \/>\n\t<meta name=\"twitter:data1\" content=\"cfeditorfr\" \/>\n\t<meta name=\"twitter:label2\" content=\"Dur\u00e9e de lecture estim\u00e9e\" \/>\n\t<meta name=\"twitter:data2\" content=\"3 minutes\" \/>\n<script type=\"application\/ld+json\" class=\"yoast-schema-graph\">{\"@context\":\"https:\/\/schema.org\",\"@graph\":[{\"@type\":\"Article\",\"@id\":\"https:\/\/www.africa-press.net\/burkina-faso\/dossiers\/humanitaires-assassines-au-niger-un-des-auteurs-tue-par-larmee-francaise#article\",\"isPartOf\":{\"@id\":\"https:\/\/www.africa-press.net\/burkina-faso\/dossiers\/humanitaires-assassines-au-niger-un-des-auteurs-tue-par-larmee-francaise\"},\"author\":{\"name\":\"cfeditorfr\",\"@id\":\"https:\/\/www.africa-press.net\/burkina-faso\/#\/schema\/person\/2b1cf3cd81a31e3cd26889ca66d677f1\"},\"headline\":\"Humanitaires assassin\u00e9s au Niger\u00a0: un des auteurs\u00a0tu\u00e9 par l\u2019arm\u00e9e fran\u00e7aise\",\"datePublished\":\"2021-12-21T18:41:57+00:00\",\"mainEntityOfPage\":{\"@id\":\"https:\/\/www.africa-press.net\/burkina-faso\/dossiers\/humanitaires-assassines-au-niger-un-des-auteurs-tue-par-larmee-francaise\"},\"wordCount\":572,\"commentCount\":0,\"image\":{\"@id\":\"https:\/\/www.africa-press.net\/burkina-faso\/dossiers\/humanitaires-assassines-au-niger-un-des-auteurs-tue-par-larmee-francaise#primaryimage\"},\"thumbnailUrl\":\"https:\/\/static.africa-press.net\/burkina\/sites\/42\/2021\/12\/img-61c1f623dd8fe.jpg\",\"keywords\":[\"Africa Press\",\"Africa Press-Burkina Faso\",\"Afrique\",\"Burkina Faso\",\"Internationales\"],\"articleSection\":[\"Dossiers\",\"homepage-french\",\"Toutes les actualit\u00e9s\"],\"inLanguage\":\"fr-FR\",\"potentialAction\":[{\"@type\":\"CommentAction\",\"name\":\"Comment\",\"target\":[\"https:\/\/www.africa-press.net\/burkina-faso\/dossiers\/humanitaires-assassines-au-niger-un-des-auteurs-tue-par-larmee-francaise#respond\"]}]},{\"@type\":\"WebPage\",\"@id\":\"https:\/\/www.africa-press.net\/burkina-faso\/dossiers\/humanitaires-assassines-au-niger-un-des-auteurs-tue-par-larmee-francaise\",\"url\":\"https:\/\/www.africa-press.net\/burkina-faso\/dossiers\/humanitaires-assassines-au-niger-un-des-auteurs-tue-par-larmee-francaise\",\"name\":\"Humanitaires assassin\u00e9s au Niger\u00a0: un des auteurs\u00a0tu\u00e9 par l\u2019arm\u00e9e fran\u00e7aise - Burkina Faso\",\"isPartOf\":{\"@id\":\"https:\/\/www.africa-press.net\/burkina-faso\/#website\"},\"primaryImageOfPage\":{\"@id\":\"https:\/\/www.africa-press.net\/burkina-faso\/dossiers\/humanitaires-assassines-au-niger-un-des-auteurs-tue-par-larmee-francaise#primaryimage\"},\"image\":{\"@id\":\"https:\/\/www.africa-press.net\/burkina-faso\/dossiers\/humanitaires-assassines-au-niger-un-des-auteurs-tue-par-larmee-francaise#primaryimage\"},\"thumbnailUrl\":\"https:\/\/static.africa-press.net\/burkina\/sites\/42\/2021\/12\/img-61c1f623dd8fe.jpg\",\"datePublished\":\"2021-12-21T18:41:57+00:00\",\"author\":{\"@id\":\"https:\/\/www.africa-press.net\/burkina-faso\/#\/schema\/person\/2b1cf3cd81a31e3cd26889ca66d677f1\"},\"description\":\"L\u2019\u00e9tat-major fran\u00e7ais a annonc\u00e9, mardi 21 d\u00e9cembre, que l\u2019arm\u00e9e avait tu\u00e9 au Niger un des auteurs de l\u2019assassinat de six ...\",\"breadcrumb\":{\"@id\":\"https:\/\/www.africa-press.net\/burkina-faso\/dossiers\/humanitaires-assassines-au-niger-un-des-auteurs-tue-par-larmee-francaise#breadcrumb\"},\"inLanguage\":\"fr-FR\",\"potentialAction\":[{\"@type\":\"ReadAction\",\"target\":[\"https:\/\/www.africa-press.net\/burkina-faso\/dossiers\/humanitaires-assassines-au-niger-un-des-auteurs-tue-par-larmee-francaise\"]}]},{\"@type\":\"ImageObject\",\"inLanguage\":\"fr-FR\",\"@id\":\"https:\/\/www.africa-press.net\/burkina-faso\/dossiers\/humanitaires-assassines-au-niger-un-des-auteurs-tue-par-larmee-francaise#primaryimage\",\"url\":\"https:\/\/static.africa-press.net\/burkina\/sites\/42\/2021\/12\/img-61c1f623dd8fe.jpg\",\"contentUrl\":\"https:\/\/static.africa-press.net\/burkina\/sites\/42\/2021\/12\/img-61c1f623dd8fe.jpg\",\"width\":1250,\"height\":625,\"caption\":\"Humanitaires assassin\u00e9s au Niger\u00a0: un des auteurs\u00a0tu\u00e9 par l\u2019arm\u00e9e fran\u00e7aise\"},{\"@type\":\"BreadcrumbList\",\"@id\":\"https:\/\/www.africa-press.net\/burkina-faso\/dossiers\/humanitaires-assassines-au-niger-un-des-auteurs-tue-par-larmee-francaise#breadcrumb\",\"itemListElement\":[{\"@type\":\"ListItem\",\"position\":1,\"name\":\"Accueil\",\"item\":\"https:\/\/www.africa-press.net\/burkina-faso\/\"},{\"@type\":\"ListItem\",\"position\":2,\"name\":\"Humanitaires assassin\u00e9s au Niger\u00a0: un des auteurs\u00a0tu\u00e9 par l\u2019arm\u00e9e fran\u00e7aise\"}]},{\"@type\":\"WebSite\",\"@id\":\"https:\/\/www.africa-press.net\/burkina-faso\/#website\",\"url\":\"https:\/\/www.africa-press.net\/burkina-faso\/\",\"name\":\"Burkina Faso\",\"description\":\"Just another Africa News Agency Sites site\",\"potentialAction\":[{\"@type\":\"SearchAction\",\"target\":{\"@type\":\"EntryPoint\",\"urlTemplate\":\"https:\/\/www.africa-press.net\/burkina-faso\/?s={search_term_string}\"},\"query-input\":{\"@type\":\"PropertyValueSpecification\",\"valueRequired\":true,\"valueName\":\"search_term_string\"}}],\"inLanguage\":\"fr-FR\"},{\"@type\":\"Person\",\"@id\":\"https:\/\/www.africa-press.net\/burkina-faso\/#\/schema\/person\/2b1cf3cd81a31e3cd26889ca66d677f1\",\"name\":\"cfeditorfr\"}]}<\/script>\n<!-- \/ Yoast SEO Premium plugin. -->","yoast_head_json":{"title":"Humanitaires assassin\u00e9s au Niger\u00a0: un des auteurs\u00a0tu\u00e9 par l\u2019arm\u00e9e fran\u00e7aise - Burkina Faso","description":"L\u2019\u00e9tat-major fran\u00e7ais a annonc\u00e9, mardi 21 d\u00e9cembre, que l\u2019arm\u00e9e avait tu\u00e9 au Niger un des auteurs de l\u2019assassinat de six ...","robots":{"index":"index","follow":"follow","max-snippet":"max-snippet:-1","max-image-preview":"max-image-preview:large","max-video-preview":"max-video-preview:-1"},"canonical":"https:\/\/www.africa-press.net\/burkina-faso\/dossiers\/humanitaires-assassines-au-niger-un-des-auteurs-tue-par-larmee-francaise","og_locale":"fr_FR","og_type":"article","og_title":"Humanitaires assassin\u00e9s au Niger\u00a0: un des auteurs\u00a0tu\u00e9 par l\u2019arm\u00e9e fran\u00e7aise","og_description":"L\u2019\u00e9tat-major fran\u00e7ais a annonc\u00e9, mardi 21 d\u00e9cembre, que l\u2019arm\u00e9e avait tu\u00e9 au Niger un des auteurs de l\u2019assassinat de six ...","og_url":"https:\/\/www.africa-press.net\/burkina-faso\/dossiers\/humanitaires-assassines-au-niger-un-des-auteurs-tue-par-larmee-francaise","og_site_name":"Burkina Faso","article_published_time":"2021-12-21T18:41:57+00:00","og_image":[{"width":1250,"height":625,"url":"https:\/\/static.africa-press.net\/burkina\/sites\/42\/2021\/12\/img-61c1f623dd8fe.jpg","type":"image\/jpeg"}],"author":"cfeditorfr","twitter_card":"summary_large_image","twitter_misc":{"\u00c9crit par":"cfeditorfr","Dur\u00e9e de lecture estim\u00e9e":"3 minutes"},"schema":{"@context":"https:\/\/schema.org","@graph":[{"@type":"Article","@id":"https:\/\/www.africa-press.net\/burkina-faso\/dossiers\/humanitaires-assassines-au-niger-un-des-auteurs-tue-par-larmee-francaise#article","isPartOf":{"@id":"https:\/\/www.africa-press.net\/burkina-faso\/dossiers\/humanitaires-assassines-au-niger-un-des-auteurs-tue-par-larmee-francaise"},"author":{"name":"cfeditorfr","@id":"https:\/\/www.africa-press.net\/burkina-faso\/#\/schema\/person\/2b1cf3cd81a31e3cd26889ca66d677f1"},"headline":"Humanitaires assassin\u00e9s au Niger\u00a0: un des auteurs\u00a0tu\u00e9 par l\u2019arm\u00e9e fran\u00e7aise","datePublished":"2021-12-21T18:41:57+00:00","mainEntityOfPage":{"@id":"https:\/\/www.africa-press.net\/burkina-faso\/dossiers\/humanitaires-assassines-au-niger-un-des-auteurs-tue-par-larmee-francaise"},"wordCount":572,"commentCount":0,"image":{"@id":"https:\/\/www.africa-press.net\/burkina-faso\/dossiers\/humanitaires-assassines-au-niger-un-des-auteurs-tue-par-larmee-francaise#primaryimage"},"thumbnailUrl":"https:\/\/static.africa-press.net\/burkina\/sites\/42\/2021\/12\/img-61c1f623dd8fe.jpg","keywords":["Africa Press","Africa Press-Burkina Faso","Afrique","Burkina Faso","Internationales"],"articleSection":["Dossiers","homepage-french","Toutes les actualit\u00e9s"],"inLanguage":"fr-FR","potentialAction":[{"@type":"CommentAction","name":"Comment","target":["https:\/\/www.africa-press.net\/burkina-faso\/dossiers\/humanitaires-assassines-au-niger-un-des-auteurs-tue-par-larmee-francaise#respond"]}]},{"@type":"WebPage","@id":"https:\/\/www.africa-press.net\/burkina-faso\/dossiers\/humanitaires-assassines-au-niger-un-des-auteurs-tue-par-larmee-francaise","url":"https:\/\/www.africa-press.net\/burkina-faso\/dossiers\/humanitaires-assassines-au-niger-un-des-auteurs-tue-par-larmee-francaise","name":"Humanitaires assassin\u00e9s au Niger\u00a0: un des auteurs\u00a0tu\u00e9 par l\u2019arm\u00e9e fran\u00e7aise - Burkina Faso","isPartOf":{"@id":"https:\/\/www.africa-press.net\/burkina-faso\/#website"},"primaryImageOfPage":{"@id":"https:\/\/www.africa-press.net\/burkina-faso\/dossiers\/humanitaires-assassines-au-niger-un-des-auteurs-tue-par-larmee-francaise#primaryimage"},"image":{"@id":"https:\/\/www.africa-press.net\/burkina-faso\/dossiers\/humanitaires-assassines-au-niger-un-des-auteurs-tue-par-larmee-francaise#primaryimage"},"thumbnailUrl":"https:\/\/static.africa-press.net\/burkina\/sites\/42\/2021\/12\/img-61c1f623dd8fe.jpg","datePublished":"2021-12-21T18:41:57+00:00","author":{"@id":"https:\/\/www.africa-press.net\/burkina-faso\/#\/schema\/person\/2b1cf3cd81a31e3cd26889ca66d677f1"},"description":"L\u2019\u00e9tat-major fran\u00e7ais a annonc\u00e9, mardi 21 d\u00e9cembre, que l\u2019arm\u00e9e avait tu\u00e9 au Niger un des auteurs de l\u2019assassinat de six ...","breadcrumb":{"@id":"https:\/\/www.africa-press.net\/burkina-faso\/dossiers\/humanitaires-assassines-au-niger-un-des-auteurs-tue-par-larmee-francaise#breadcrumb"},"inLanguage":"fr-FR","potentialAction":[{"@type":"ReadAction","target":["https:\/\/www.africa-press.net\/burkina-faso\/dossiers\/humanitaires-assassines-au-niger-un-des-auteurs-tue-par-larmee-francaise"]}]},{"@type":"ImageObject","inLanguage":"fr-FR","@id":"https:\/\/www.africa-press.net\/burkina-faso\/dossiers\/humanitaires-assassines-au-niger-un-des-auteurs-tue-par-larmee-francaise#primaryimage","url":"https:\/\/static.africa-press.net\/burkina\/sites\/42\/2021\/12\/img-61c1f623dd8fe.jpg","contentUrl":"https:\/\/static.africa-press.net\/burkina\/sites\/42\/2021\/12\/img-61c1f623dd8fe.jpg","width":1250,"height":625,"caption":"Humanitaires assassin\u00e9s au Niger\u00a0: un des auteurs\u00a0tu\u00e9 par l\u2019arm\u00e9e fran\u00e7aise"},{"@type":"BreadcrumbList","@id":"https:\/\/www.africa-press.net\/burkina-faso\/dossiers\/humanitaires-assassines-au-niger-un-des-auteurs-tue-par-larmee-francaise#breadcrumb","itemListElement":[{"@type":"ListItem","position":1,"name":"Accueil","item":"https:\/\/www.africa-press.net\/burkina-faso\/"},{"@type":"ListItem","position":2,"name":"Humanitaires assassin\u00e9s au Niger\u00a0: un des auteurs\u00a0tu\u00e9 par l\u2019arm\u00e9e fran\u00e7aise"}]},{"@type":"WebSite","@id":"https:\/\/www.africa-press.net\/burkina-faso\/#website","url":"https:\/\/www.africa-press.net\/burkina-faso\/","name":"Burkina Faso","description":"Just another Africa News Agency Sites site","potentialAction":[{"@type":"SearchAction","target":{"@type":"EntryPoint","urlTemplate":"https:\/\/www.africa-press.net\/burkina-faso\/?s={search_term_string}"},"query-input":{"@type":"PropertyValueSpecification","valueRequired":true,"valueName":"search_term_string"}}],"inLanguage":"fr-FR"},{"@type":"Person","@id":"https:\/\/www.africa-press.net\/burkina-faso\/#\/schema\/person\/2b1cf3cd81a31e3cd26889ca66d677f1","name":"cfeditorfr"}]}},"_links":{"self":[{"href":"https:\/\/www.africa-press.net\/burkina-faso\/wp-json\/wp\/v2\/posts\/28266","targetHints":{"allow":["GET"]}}],"collection":[{"href":"https:\/\/www.africa-press.net\/burkina-faso\/wp-json\/wp\/v2\/posts"}],"about":[{"href":"https:\/\/www.africa-press.net\/burkina-faso\/wp-json\/wp\/v2\/types\/post"}],"author":[{"embeddable":true,"href":"https:\/\/www.africa-press.net\/burkina-faso\/wp-json\/wp\/v2\/users\/82"}],"replies":[{"embeddable":true,"href":"https:\/\/www.africa-press.net\/burkina-faso\/wp-json\/wp\/v2\/comments?post=28266"}],"version-history":[{"count":0,"href":"https:\/\/www.africa-press.net\/burkina-faso\/wp-json\/wp\/v2\/posts\/28266\/revisions"}],"wp:featuredmedia":[{"embeddable":true,"href":"https:\/\/www.africa-press.net\/burkina-faso\/wp-json\/wp\/v2\/media\/28265"}],"wp:attachment":[{"href":"https:\/\/www.africa-press.net\/burkina-faso\/wp-json\/wp\/v2\/media?parent=28266"}],"wp:term":[{"taxonomy":"category","embeddable":true,"href":"https:\/\/www.africa-press.net\/burkina-faso\/wp-json\/wp\/v2\/categories?post=28266"},{"taxonomy":"post_tag","embeddable":true,"href":"https:\/\/www.africa-press.net\/burkina-faso\/wp-json\/wp\/v2\/tags?post=28266"}],"curies":[{"name":"wp","href":"https:\/\/api.w.org\/{rel}","templated":true}]}}