{"id":2871,"date":"2020-12-29T16:41:03","date_gmt":"2020-12-29T16:41:03","guid":{"rendered":"https:\/\/www.africa-press.com\/burkina-faso\/?p=2871"},"modified":"2020-12-29T15:34:33","modified_gmt":"2020-12-29T15:34:33","slug":"investiture-de-roch-kabore-jattends-un-peu-plus-de-fermete-dans-la-lutte-contre-lincivisme-emile-pare-du-mpp-parti-au-pouvoir","status":"publish","type":"post","link":"https:\/\/www.africa-press.net\/burkina-faso\/parties\/investiture-de-roch-kabore-jattends-un-peu-plus-de-fermete-dans-la-lutte-contre-lincivisme-emile-pare-du-mpp-parti-au-pouvoir","title":{"rendered":"Investiture de Roch Kabor\u00e9 : \u00ab J&rsquo;attends un peu plus de fermet\u00e9 dans la lutte contre l&rsquo;incivisme \u00bb (Emile Par\u00e9 du MPP, parti au pouvoir)"},"content":{"rendered":"<p><span style=\"color: #ff6600\"><strong><a href=\"https:\/\/www.africa-press.com\">Africa-Press<\/a> &#8211; <a href=\"https:\/\/www.africa-press.com\/burkina-faso\">Burkina Faso<\/a>. <\/strong><\/span><b>Conform\u00e9ment \u00e0 l\u2019article 44 de la Constitution, le pr\u00e9sident du Faso, avant d\u2019entrer en fonction, pr\u00eate devant le Conseil constitutionnel. C\u2019est ce qu\u2019a fait Roch Marc Christian Kabor\u00e9, ce lundi 28 d\u00e9cembre 2020 au Palais des Sports de Ouaga 2000. Il a jur\u00e9 devant le peuple burkinab\u00e8 et sur son honneur \u00ab de pr\u00e9server, de respecter, de faire respecter et de d\u00e9fendre la Constitution et les lois, de tout mettre en \u0153uvre pour garantir la justice \u00e0 tous les habitants du Burkina Faso \u00bb. Le locataire de Kosyam a \u00e9galement pris des engagements \u00e0 plusieurs niveaux : lutte contre l\u2019ins\u00e9curit\u00e9 et la corruption, r\u00e9conciliation nationale, foncier, etc. Au sortir de la c\u00e9r\u00e9monie d\u2019investiture, nous avons arrach\u00e9 quelques mots \u00e0 des invit\u00e9s.<\/b><\/p>\n<p><b>Mme Sarr Yasmine, Coalition nationale des femmes du Burkina<\/b><\/p>\n<p>\u00ab C\u00f4t\u00e9 organisation, l\u2019investiture a \u00e9t\u00e9 tr\u00e8s bien organis\u00e9e cette ann\u00e9e. Cela n\u2019a rien \u00e0 voir avec l\u2019investiture de 2015. Les mesures barri\u00e8res ont \u00e9t\u00e9 bien respect\u00e9es et nous avons assist\u00e9 \u00e0 la pr\u00e9sence d\u2019une tr\u00e8s forte d\u00e9l\u00e9gation \u00e9trang\u00e8re avec plus d\u2019une dizaine de chefs d\u2019Etat. C\u2019est \u00e0 l\u2019honneur du Burkina Faso. Le message du pr\u00e9sident du Faso a \u00e9t\u00e9 tr\u00e8s rassembleur et il promet de mener une politique inclusive. Mais ce que je d\u00e9plore, c\u2019est l\u2019absence d\u2019un focus sur la question de la femme. Je souhaite qu\u2019il n\u2019oublie pas, durant son mandat, les femmes qui repr\u00e9sentent un peu plus de 50% de la population \u00bb<\/p>\n<p><b>Emile Par\u00e9, secr\u00e9taire \u00e0 la formation politique du Mouvement du peuple pour le progr\u00e8s (MPP, parti au pouvoir)<\/b><\/p>\n<p>Le discours du pr\u00e9sident a \u00e9t\u00e9 tr\u00e8s clair. Il s\u2019engage sur dix axes majeurs parmi lesquels la question de la s\u00e9curit\u00e9 et de la stabilit\u00e9 du pays, de la coh\u00e9sion sociale et l\u2019investissement dans le bien-\u00eatre social. Il a \u00e9t\u00e9 tr\u00e8s remarquable dans l\u2019engagement pour la r\u00e9conciliation nationale. Il a indiqu\u00e9 l\u2019objectif qu\u2019il attend : Nous ne pouvons pas faire de r\u00e9conciliation nationale en pi\u00e9tinant les crimes de sang et les crimes \u00e9conomiques que notre pays a connus de 1960 \u00e0 nos jours. Cette r\u00e9conciliation va se faire pour engager un Burkina Faso nouveau. Le pr\u00e9sident du Faso a d\u00e9crit le Burkinab\u00e8 nouveau qu\u2019il attend : un Burkinab\u00e8 digne, travailleur, honn\u00eate. Il y aura un changement profond.<\/p>\n<p>Parmi les insuffisances du mandat pass\u00e9, j\u2019attends du pr\u00e9sident du Faso, qu\u2019il ait un peu plus de fermet\u00e9 par rapport \u00e0 la lutte contre l\u2019incivisme. J\u2019attends \u00e9galement qu\u2019il y ait un engagement fort dans le processus de r\u00e9conciliation nationale.<\/p>\n<p><b>Djedjouma Sanou du Bureau ex\u00e9cutif national du Mouvement du peuple pour le progr\u00e8s (MPP)<\/b><\/p>\n<p>J\u2019ai fait toute la campagne avec lui et je sais qu\u2019il a la volont\u00e9 et la conviction de d\u00e9rouler son programme pour le peuple burkinab\u00e8. Mais les cinq derni\u00e8res ann\u00e9es, nous avons eu des difficult\u00e9s li\u00e9es au terrorisme et \u00e0 la pand\u00e9mie du Covid-19. Je souhaite que le Burkina puisse traverser ces \u00e9l\u00e9ments exog\u00e8nes. Si ces \u00e9l\u00e9ments sont contenus, j\u2019ai la certitude que le pr\u00e9sident tiendra ses promesses et d\u00e9roulera son programme. Je le sais travailleur, courageux, conscient et je sais qu\u2019il aime son peuple.<\/p>\n<p><b>Massourou Guiro, charg\u00e9 de communication du Mouvement Plus Rien ne Sera Comme Avant (MPRSCA)<\/b><\/p>\n<p>\u00ab Le pr\u00e9sident du Faso a pris l\u2019engagement de lutter contre le terrorisme. C\u2019est le plus important. Nous appr\u00e9cions \u00e9galement ses engagements pris pour la question fonci\u00e8re et la r\u00e9conciliation nationale. Nous attendons de voir. Mais comme c\u2019est son dernier mandat, nous pensons qu\u2019il va laisser des traces avant de partir. Et notre souhait est que le peuple l\u2019accompagne dans cette t\u00e2che \u00bb.<\/p>\n<p><b>Augustin Passamd\u00e9 Sawadogo alias \u00ab Oc\u00e9an \u00bb, artiste musicien<\/b><\/p>\n<p>\u00ab Je retiens de son message, la r\u00e9forme de l\u2019administration publique et la lutte contre la corruption. En tant qu\u2019artiste de fa\u00e7on sp\u00e9cifique, l\u2019appel que j\u2019ai \u00e0 lancer, c\u2019est d\u2019associer les hommes de Culture aux sph\u00e8res de d\u00e9cision pour le d\u00e9veloppement des infrastructures culturelles. Nous appr\u00e9cions la c\u00e9l\u00e9bration tournante de la f\u00eate nationale et la construction des salles polyvalentes. Mais la pratique culturelle est difficile dans ces salles avec un probl\u00e8me r\u00e9current, celui de la sonorisation. Voyez vous-m\u00eames ! Pour la prestation de serment du pr\u00e9sident du Faso, nous sommes dans un cadre sportif (Palais des Sports de Ouaga 2000, ndlr) alors que nous aurions pu \u00eatre mieux dans une salle culturelle \u00bb.<\/p>\n<p><b>Zongo Seydou, dit Z\u00eadess, directeur g\u00e9n\u00e9ral du Centre national des arts du spectacle et de l\u2019audiovisuel (CENASA)<\/b><\/p>\n<p>\u00ab Au niveau de la Culture, nous attendons que le pr\u00e9sident du Faso, qui a d\u00e9j\u00e0 beaucoup fait pour les acteurs, mette encore le paquet. J\u2019ai bon espoir que ce sera encore un cran au-dessus durant ce quinquennat \u00bb.<\/p>\n<p><b>Propos recueillis par Herman Fr\u00e9d\u00e9ric Bassol\u00e9<br \/>\n<\/b><\/p>\n","protected":false},"excerpt":{"rendered":"<p>Africa-Press &#8211; Burkina Faso. Conform\u00e9ment \u00e0 l\u2019article 44 de la Constitution, le pr\u00e9sident du Faso, avant d\u2019entrer en fonction, pr\u00eate devant le Conseil constitutionnel. C\u2019est ce qu\u2019a fait Roch Marc Christian Kabor\u00e9, ce lundi 28 d\u00e9cembre 2020 au Palais des Sports de Ouaga 2000. Il a jur\u00e9 devant le peuple burkinab\u00e8 et sur son honneur [&hellip;]<\/p>\n","protected":false},"author":82,"featured_media":2870,"comment_status":"open","ping_status":"closed","sticky":false,"template":"","format":"standard","meta":{"footnotes":""},"categories":[11,4,10],"tags":[111,725,29],"class_list":["post-2871","post","type-post","status-publish","format-standard","has-post-thumbnail","hentry","category-homepage-french","category-parties","category-toutes-les-actualites","tag-africa-press","tag-africa-press-burkina-faso","tag-burkina-faso"],"yoast_head":"<!-- This site is optimized with the Yoast SEO Premium plugin v26.1 (Yoast SEO v27.0) - https:\/\/yoast.com\/product\/yoast-seo-premium-wordpress\/ -->\n<title>Investiture de Roch Kabor\u00e9 : \u00ab J&#039;attends un peu plus de fermet\u00e9 dans la lutte contre l&#039;incivisme \u00bb (Emile Par\u00e9 du MPP, parti au pouvoir) - Burkina Faso<\/title>\n<meta name=\"description\" content=\"Conform\u00e9ment \u00e0 l\u2019article 44 de la Constitution, le pr\u00e9sident du Faso, avant d\u2019entrer en fonction, pr\u00eate devant le Con ...\" \/>\n<meta name=\"robots\" content=\"index, follow, max-snippet:-1, max-image-preview:large, max-video-preview:-1\" \/>\n<link rel=\"canonical\" href=\"https:\/\/www.africa-press.net\/burkina-faso\/parties\/investiture-de-roch-kabore-jattends-un-peu-plus-de-fermete-dans-la-lutte-contre-lincivisme-emile-pare-du-mpp-parti-au-pouvoir\" \/>\n<meta property=\"og:locale\" content=\"fr_FR\" \/>\n<meta property=\"og:type\" content=\"article\" \/>\n<meta property=\"og:title\" content=\"Investiture de Roch Kabor\u00e9 : \u00ab J&#039;attends un peu plus de fermet\u00e9 dans la lutte contre l&#039;incivisme \u00bb (Emile Par\u00e9 du MPP, parti au pouvoir)\" \/>\n<meta property=\"og:description\" content=\"Conform\u00e9ment \u00e0 l\u2019article 44 de la Constitution, le pr\u00e9sident du Faso, avant d\u2019entrer en fonction, pr\u00eate devant le Con ...\" \/>\n<meta property=\"og:url\" content=\"https:\/\/www.africa-press.net\/burkina-faso\/parties\/investiture-de-roch-kabore-jattends-un-peu-plus-de-fermete-dans-la-lutte-contre-lincivisme-emile-pare-du-mpp-parti-au-pouvoir\" \/>\n<meta property=\"og:site_name\" content=\"Burkina Faso\" \/>\n<meta property=\"article:published_time\" content=\"2020-12-29T16:41:03+00:00\" \/>\n<meta property=\"og:image\" content=\"https:\/\/static.africa-press.net\/burkina\/sites\/42\/2020\/12\/img-5feb4c4d36230.jpg\" \/>\n\t<meta property=\"og:image:width\" content=\"640\" \/>\n\t<meta property=\"og:image:height\" content=\"326\" \/>\n\t<meta property=\"og:image:type\" content=\"image\/jpeg\" \/>\n<meta name=\"author\" content=\"cfeditorfr\" \/>\n<meta name=\"twitter:card\" content=\"summary_large_image\" \/>\n<meta name=\"twitter:label1\" content=\"\u00c9crit par\" \/>\n\t<meta name=\"twitter:data1\" content=\"cfeditorfr\" \/>\n\t<meta name=\"twitter:label2\" content=\"Dur\u00e9e de lecture estim\u00e9e\" \/>\n\t<meta name=\"twitter:data2\" content=\"4 minutes\" \/>\n<script type=\"application\/ld+json\" class=\"yoast-schema-graph\">{\"@context\":\"https:\/\/schema.org\",\"@graph\":[{\"@type\":\"Article\",\"@id\":\"https:\/\/www.africa-press.net\/burkina-faso\/parties\/investiture-de-roch-kabore-jattends-un-peu-plus-de-fermete-dans-la-lutte-contre-lincivisme-emile-pare-du-mpp-parti-au-pouvoir#article\",\"isPartOf\":{\"@id\":\"https:\/\/www.africa-press.net\/burkina-faso\/parties\/investiture-de-roch-kabore-jattends-un-peu-plus-de-fermete-dans-la-lutte-contre-lincivisme-emile-pare-du-mpp-parti-au-pouvoir\"},\"author\":{\"name\":\"cfeditorfr\",\"@id\":\"https:\/\/www.africa-press.net\/burkina-faso\/#\/schema\/person\/2b1cf3cd81a31e3cd26889ca66d677f1\"},\"headline\":\"Investiture de Roch Kabor\u00e9 : \u00ab J&rsquo;attends un peu plus de fermet\u00e9 dans la lutte contre l&rsquo;incivisme \u00bb (Emile Par\u00e9 du MPP, parti au pouvoir)\",\"datePublished\":\"2020-12-29T16:41:03+00:00\",\"mainEntityOfPage\":{\"@id\":\"https:\/\/www.africa-press.net\/burkina-faso\/parties\/investiture-de-roch-kabore-jattends-un-peu-plus-de-fermete-dans-la-lutte-contre-lincivisme-emile-pare-du-mpp-parti-au-pouvoir\"},\"wordCount\":892,\"commentCount\":0,\"image\":{\"@id\":\"https:\/\/www.africa-press.net\/burkina-faso\/parties\/investiture-de-roch-kabore-jattends-un-peu-plus-de-fermete-dans-la-lutte-contre-lincivisme-emile-pare-du-mpp-parti-au-pouvoir#primaryimage\"},\"thumbnailUrl\":\"https:\/\/static.africa-press.net\/burkina\/sites\/42\/2020\/12\/img-5feb4c4d36230.jpg\",\"keywords\":[\"Africa Press\",\"Africa Press-Burkina Faso\",\"Burkina Faso\"],\"articleSection\":[\"homepage-french\",\"Parties\",\"Toutes les actualit\u00e9s\"],\"inLanguage\":\"fr-FR\",\"potentialAction\":[{\"@type\":\"CommentAction\",\"name\":\"Comment\",\"target\":[\"https:\/\/www.africa-press.net\/burkina-faso\/parties\/investiture-de-roch-kabore-jattends-un-peu-plus-de-fermete-dans-la-lutte-contre-lincivisme-emile-pare-du-mpp-parti-au-pouvoir#respond\"]}]},{\"@type\":\"WebPage\",\"@id\":\"https:\/\/www.africa-press.net\/burkina-faso\/parties\/investiture-de-roch-kabore-jattends-un-peu-plus-de-fermete-dans-la-lutte-contre-lincivisme-emile-pare-du-mpp-parti-au-pouvoir\",\"url\":\"https:\/\/www.africa-press.net\/burkina-faso\/parties\/investiture-de-roch-kabore-jattends-un-peu-plus-de-fermete-dans-la-lutte-contre-lincivisme-emile-pare-du-mpp-parti-au-pouvoir\",\"name\":\"Investiture de Roch Kabor\u00e9 : \u00ab J'attends un peu plus de fermet\u00e9 dans la lutte contre l'incivisme \u00bb (Emile Par\u00e9 du MPP, parti au pouvoir) - Burkina Faso\",\"isPartOf\":{\"@id\":\"https:\/\/www.africa-press.net\/burkina-faso\/#website\"},\"primaryImageOfPage\":{\"@id\":\"https:\/\/www.africa-press.net\/burkina-faso\/parties\/investiture-de-roch-kabore-jattends-un-peu-plus-de-fermete-dans-la-lutte-contre-lincivisme-emile-pare-du-mpp-parti-au-pouvoir#primaryimage\"},\"image\":{\"@id\":\"https:\/\/www.africa-press.net\/burkina-faso\/parties\/investiture-de-roch-kabore-jattends-un-peu-plus-de-fermete-dans-la-lutte-contre-lincivisme-emile-pare-du-mpp-parti-au-pouvoir#primaryimage\"},\"thumbnailUrl\":\"https:\/\/static.africa-press.net\/burkina\/sites\/42\/2020\/12\/img-5feb4c4d36230.jpg\",\"datePublished\":\"2020-12-29T16:41:03+00:00\",\"author\":{\"@id\":\"https:\/\/www.africa-press.net\/burkina-faso\/#\/schema\/person\/2b1cf3cd81a31e3cd26889ca66d677f1\"},\"description\":\"Conform\u00e9ment \u00e0 l\u2019article 44 de la Constitution, le pr\u00e9sident du Faso, avant d\u2019entrer en fonction, pr\u00eate devant le Con ...\",\"breadcrumb\":{\"@id\":\"https:\/\/www.africa-press.net\/burkina-faso\/parties\/investiture-de-roch-kabore-jattends-un-peu-plus-de-fermete-dans-la-lutte-contre-lincivisme-emile-pare-du-mpp-parti-au-pouvoir#breadcrumb\"},\"inLanguage\":\"fr-FR\",\"potentialAction\":[{\"@type\":\"ReadAction\",\"target\":[\"https:\/\/www.africa-press.net\/burkina-faso\/parties\/investiture-de-roch-kabore-jattends-un-peu-plus-de-fermete-dans-la-lutte-contre-lincivisme-emile-pare-du-mpp-parti-au-pouvoir\"]}]},{\"@type\":\"ImageObject\",\"inLanguage\":\"fr-FR\",\"@id\":\"https:\/\/www.africa-press.net\/burkina-faso\/parties\/investiture-de-roch-kabore-jattends-un-peu-plus-de-fermete-dans-la-lutte-contre-lincivisme-emile-pare-du-mpp-parti-au-pouvoir#primaryimage\",\"url\":\"https:\/\/static.africa-press.net\/burkina\/sites\/42\/2020\/12\/img-5feb4c4d36230.jpg\",\"contentUrl\":\"https:\/\/static.africa-press.net\/burkina\/sites\/42\/2020\/12\/img-5feb4c4d36230.jpg\",\"width\":640,\"height\":326,\"caption\":\"Investiture de Roch Kabor\u00e9 : \u00ab J'attends un peu plus de fermet\u00e9 dans la lutte contre l'incivisme \u00bb (Emile Par\u00e9 du MPP, parti au pouvoir)\"},{\"@type\":\"BreadcrumbList\",\"@id\":\"https:\/\/www.africa-press.net\/burkina-faso\/parties\/investiture-de-roch-kabore-jattends-un-peu-plus-de-fermete-dans-la-lutte-contre-lincivisme-emile-pare-du-mpp-parti-au-pouvoir#breadcrumb\",\"itemListElement\":[{\"@type\":\"ListItem\",\"position\":1,\"name\":\"Accueil\",\"item\":\"https:\/\/www.africa-press.net\/burkina-faso\/\"},{\"@type\":\"ListItem\",\"position\":2,\"name\":\"Investiture de Roch Kabor\u00e9 : \u00ab J&#8217;attends un peu plus de fermet\u00e9 dans la lutte contre l&#8217;incivisme \u00bb (Emile Par\u00e9 du MPP, parti au pouvoir)\"}]},{\"@type\":\"WebSite\",\"@id\":\"https:\/\/www.africa-press.net\/burkina-faso\/#website\",\"url\":\"https:\/\/www.africa-press.net\/burkina-faso\/\",\"name\":\"Burkina Faso\",\"description\":\"Just another Africa News Agency Sites site\",\"potentialAction\":[{\"@type\":\"SearchAction\",\"target\":{\"@type\":\"EntryPoint\",\"urlTemplate\":\"https:\/\/www.africa-press.net\/burkina-faso\/?s={search_term_string}\"},\"query-input\":{\"@type\":\"PropertyValueSpecification\",\"valueRequired\":true,\"valueName\":\"search_term_string\"}}],\"inLanguage\":\"fr-FR\"},{\"@type\":\"Person\",\"@id\":\"https:\/\/www.africa-press.net\/burkina-faso\/#\/schema\/person\/2b1cf3cd81a31e3cd26889ca66d677f1\",\"name\":\"cfeditorfr\"}]}<\/script>\n<!-- \/ Yoast SEO Premium plugin. -->","yoast_head_json":{"title":"Investiture de Roch Kabor\u00e9 : \u00ab J'attends un peu plus de fermet\u00e9 dans la lutte contre l'incivisme \u00bb (Emile Par\u00e9 du MPP, parti au pouvoir) - Burkina Faso","description":"Conform\u00e9ment \u00e0 l\u2019article 44 de la Constitution, le pr\u00e9sident du Faso, avant d\u2019entrer en fonction, pr\u00eate devant le Con ...","robots":{"index":"index","follow":"follow","max-snippet":"max-snippet:-1","max-image-preview":"max-image-preview:large","max-video-preview":"max-video-preview:-1"},"canonical":"https:\/\/www.africa-press.net\/burkina-faso\/parties\/investiture-de-roch-kabore-jattends-un-peu-plus-de-fermete-dans-la-lutte-contre-lincivisme-emile-pare-du-mpp-parti-au-pouvoir","og_locale":"fr_FR","og_type":"article","og_title":"Investiture de Roch Kabor\u00e9 : \u00ab J'attends un peu plus de fermet\u00e9 dans la lutte contre l'incivisme \u00bb (Emile Par\u00e9 du MPP, parti au pouvoir)","og_description":"Conform\u00e9ment \u00e0 l\u2019article 44 de la Constitution, le pr\u00e9sident du Faso, avant d\u2019entrer en fonction, pr\u00eate devant le Con ...","og_url":"https:\/\/www.africa-press.net\/burkina-faso\/parties\/investiture-de-roch-kabore-jattends-un-peu-plus-de-fermete-dans-la-lutte-contre-lincivisme-emile-pare-du-mpp-parti-au-pouvoir","og_site_name":"Burkina Faso","article_published_time":"2020-12-29T16:41:03+00:00","og_image":[{"width":640,"height":326,"url":"https:\/\/static.africa-press.net\/burkina\/sites\/42\/2020\/12\/img-5feb4c4d36230.jpg","type":"image\/jpeg"}],"author":"cfeditorfr","twitter_card":"summary_large_image","twitter_misc":{"\u00c9crit par":"cfeditorfr","Dur\u00e9e de lecture estim\u00e9e":"4 minutes"},"schema":{"@context":"https:\/\/schema.org","@graph":[{"@type":"Article","@id":"https:\/\/www.africa-press.net\/burkina-faso\/parties\/investiture-de-roch-kabore-jattends-un-peu-plus-de-fermete-dans-la-lutte-contre-lincivisme-emile-pare-du-mpp-parti-au-pouvoir#article","isPartOf":{"@id":"https:\/\/www.africa-press.net\/burkina-faso\/parties\/investiture-de-roch-kabore-jattends-un-peu-plus-de-fermete-dans-la-lutte-contre-lincivisme-emile-pare-du-mpp-parti-au-pouvoir"},"author":{"name":"cfeditorfr","@id":"https:\/\/www.africa-press.net\/burkina-faso\/#\/schema\/person\/2b1cf3cd81a31e3cd26889ca66d677f1"},"headline":"Investiture de Roch Kabor\u00e9 : \u00ab J&rsquo;attends un peu plus de fermet\u00e9 dans la lutte contre l&rsquo;incivisme \u00bb (Emile Par\u00e9 du MPP, parti au pouvoir)","datePublished":"2020-12-29T16:41:03+00:00","mainEntityOfPage":{"@id":"https:\/\/www.africa-press.net\/burkina-faso\/parties\/investiture-de-roch-kabore-jattends-un-peu-plus-de-fermete-dans-la-lutte-contre-lincivisme-emile-pare-du-mpp-parti-au-pouvoir"},"wordCount":892,"commentCount":0,"image":{"@id":"https:\/\/www.africa-press.net\/burkina-faso\/parties\/investiture-de-roch-kabore-jattends-un-peu-plus-de-fermete-dans-la-lutte-contre-lincivisme-emile-pare-du-mpp-parti-au-pouvoir#primaryimage"},"thumbnailUrl":"https:\/\/static.africa-press.net\/burkina\/sites\/42\/2020\/12\/img-5feb4c4d36230.jpg","keywords":["Africa Press","Africa Press-Burkina Faso","Burkina Faso"],"articleSection":["homepage-french","Parties","Toutes les actualit\u00e9s"],"inLanguage":"fr-FR","potentialAction":[{"@type":"CommentAction","name":"Comment","target":["https:\/\/www.africa-press.net\/burkina-faso\/parties\/investiture-de-roch-kabore-jattends-un-peu-plus-de-fermete-dans-la-lutte-contre-lincivisme-emile-pare-du-mpp-parti-au-pouvoir#respond"]}]},{"@type":"WebPage","@id":"https:\/\/www.africa-press.net\/burkina-faso\/parties\/investiture-de-roch-kabore-jattends-un-peu-plus-de-fermete-dans-la-lutte-contre-lincivisme-emile-pare-du-mpp-parti-au-pouvoir","url":"https:\/\/www.africa-press.net\/burkina-faso\/parties\/investiture-de-roch-kabore-jattends-un-peu-plus-de-fermete-dans-la-lutte-contre-lincivisme-emile-pare-du-mpp-parti-au-pouvoir","name":"Investiture de Roch Kabor\u00e9 : \u00ab J'attends un peu plus de fermet\u00e9 dans la lutte contre l'incivisme \u00bb (Emile Par\u00e9 du MPP, parti au pouvoir) - Burkina Faso","isPartOf":{"@id":"https:\/\/www.africa-press.net\/burkina-faso\/#website"},"primaryImageOfPage":{"@id":"https:\/\/www.africa-press.net\/burkina-faso\/parties\/investiture-de-roch-kabore-jattends-un-peu-plus-de-fermete-dans-la-lutte-contre-lincivisme-emile-pare-du-mpp-parti-au-pouvoir#primaryimage"},"image":{"@id":"https:\/\/www.africa-press.net\/burkina-faso\/parties\/investiture-de-roch-kabore-jattends-un-peu-plus-de-fermete-dans-la-lutte-contre-lincivisme-emile-pare-du-mpp-parti-au-pouvoir#primaryimage"},"thumbnailUrl":"https:\/\/static.africa-press.net\/burkina\/sites\/42\/2020\/12\/img-5feb4c4d36230.jpg","datePublished":"2020-12-29T16:41:03+00:00","author":{"@id":"https:\/\/www.africa-press.net\/burkina-faso\/#\/schema\/person\/2b1cf3cd81a31e3cd26889ca66d677f1"},"description":"Conform\u00e9ment \u00e0 l\u2019article 44 de la Constitution, le pr\u00e9sident du Faso, avant d\u2019entrer en fonction, pr\u00eate devant le Con ...","breadcrumb":{"@id":"https:\/\/www.africa-press.net\/burkina-faso\/parties\/investiture-de-roch-kabore-jattends-un-peu-plus-de-fermete-dans-la-lutte-contre-lincivisme-emile-pare-du-mpp-parti-au-pouvoir#breadcrumb"},"inLanguage":"fr-FR","potentialAction":[{"@type":"ReadAction","target":["https:\/\/www.africa-press.net\/burkina-faso\/parties\/investiture-de-roch-kabore-jattends-un-peu-plus-de-fermete-dans-la-lutte-contre-lincivisme-emile-pare-du-mpp-parti-au-pouvoir"]}]},{"@type":"ImageObject","inLanguage":"fr-FR","@id":"https:\/\/www.africa-press.net\/burkina-faso\/parties\/investiture-de-roch-kabore-jattends-un-peu-plus-de-fermete-dans-la-lutte-contre-lincivisme-emile-pare-du-mpp-parti-au-pouvoir#primaryimage","url":"https:\/\/static.africa-press.net\/burkina\/sites\/42\/2020\/12\/img-5feb4c4d36230.jpg","contentUrl":"https:\/\/static.africa-press.net\/burkina\/sites\/42\/2020\/12\/img-5feb4c4d36230.jpg","width":640,"height":326,"caption":"Investiture de Roch Kabor\u00e9 : \u00ab J'attends un peu plus de fermet\u00e9 dans la lutte contre l'incivisme \u00bb (Emile Par\u00e9 du MPP, parti au pouvoir)"},{"@type":"BreadcrumbList","@id":"https:\/\/www.africa-press.net\/burkina-faso\/parties\/investiture-de-roch-kabore-jattends-un-peu-plus-de-fermete-dans-la-lutte-contre-lincivisme-emile-pare-du-mpp-parti-au-pouvoir#breadcrumb","itemListElement":[{"@type":"ListItem","position":1,"name":"Accueil","item":"https:\/\/www.africa-press.net\/burkina-faso\/"},{"@type":"ListItem","position":2,"name":"Investiture de Roch Kabor\u00e9 : \u00ab J&#8217;attends un peu plus de fermet\u00e9 dans la lutte contre l&#8217;incivisme \u00bb (Emile Par\u00e9 du MPP, parti au pouvoir)"}]},{"@type":"WebSite","@id":"https:\/\/www.africa-press.net\/burkina-faso\/#website","url":"https:\/\/www.africa-press.net\/burkina-faso\/","name":"Burkina Faso","description":"Just another Africa News Agency Sites site","potentialAction":[{"@type":"SearchAction","target":{"@type":"EntryPoint","urlTemplate":"https:\/\/www.africa-press.net\/burkina-faso\/?s={search_term_string}"},"query-input":{"@type":"PropertyValueSpecification","valueRequired":true,"valueName":"search_term_string"}}],"inLanguage":"fr-FR"},{"@type":"Person","@id":"https:\/\/www.africa-press.net\/burkina-faso\/#\/schema\/person\/2b1cf3cd81a31e3cd26889ca66d677f1","name":"cfeditorfr"}]}},"_links":{"self":[{"href":"https:\/\/www.africa-press.net\/burkina-faso\/wp-json\/wp\/v2\/posts\/2871","targetHints":{"allow":["GET"]}}],"collection":[{"href":"https:\/\/www.africa-press.net\/burkina-faso\/wp-json\/wp\/v2\/posts"}],"about":[{"href":"https:\/\/www.africa-press.net\/burkina-faso\/wp-json\/wp\/v2\/types\/post"}],"author":[{"embeddable":true,"href":"https:\/\/www.africa-press.net\/burkina-faso\/wp-json\/wp\/v2\/users\/82"}],"replies":[{"embeddable":true,"href":"https:\/\/www.africa-press.net\/burkina-faso\/wp-json\/wp\/v2\/comments?post=2871"}],"version-history":[{"count":0,"href":"https:\/\/www.africa-press.net\/burkina-faso\/wp-json\/wp\/v2\/posts\/2871\/revisions"}],"wp:featuredmedia":[{"embeddable":true,"href":"https:\/\/www.africa-press.net\/burkina-faso\/wp-json\/wp\/v2\/media\/2870"}],"wp:attachment":[{"href":"https:\/\/www.africa-press.net\/burkina-faso\/wp-json\/wp\/v2\/media?parent=2871"}],"wp:term":[{"taxonomy":"category","embeddable":true,"href":"https:\/\/www.africa-press.net\/burkina-faso\/wp-json\/wp\/v2\/categories?post=2871"},{"taxonomy":"post_tag","embeddable":true,"href":"https:\/\/www.africa-press.net\/burkina-faso\/wp-json\/wp\/v2\/tags?post=2871"}],"curies":[{"name":"wp","href":"https:\/\/api.w.org\/{rel}","templated":true}]}}