{"id":29766,"date":"2022-01-08T16:35:26","date_gmt":"2022-01-08T16:35:26","guid":{"rendered":"https:\/\/www.africa-press.net\/burkina-faso\/politique\/dossier-yirgou-il-faut-aussi-la-volonte-politique-dr-daouda-diallo-sg-du-cisc"},"modified":"2022-01-08T17:03:53","modified_gmt":"2022-01-08T17:03:53","slug":"dossier-yirgou-il-faut-aussi-la-volonte-politique-dr-daouda-diallo-sg-du-cisc","status":"publish","type":"post","link":"https:\/\/www.africa-press.net\/burkina-faso\/politique\/dossier-yirgou-il-faut-aussi-la-volonte-politique-dr-daouda-diallo-sg-du-cisc","title":{"rendered":"Dossier Yirgou : \u00ab Il faut aussi la volont\u00e9 politique \u00bb (Dr Daouda Diallo, SG du CISC)"},"content":{"rendered":"<p><span style=\"color: #ff6600\"><strong>Africa-Press &#8211; Burkina Faso. <\/strong><\/span><b>Le Collectif contre l\u2019impunit\u00e9 et la stigmatisation des communaut\u00e9s (CISC) a organis\u00e9 un panel ce samedi 8 janvier 2022, \u00e0 Ouagadougou. Plac\u00e9 sous le th\u00e8me \u00ab violation des droits humains et d\u00e9gradation de la situation s\u00e9curitaire actuelle au Burkina \u00bb, ce panel est \u00e9t\u00e9 anim\u00e9 par des sp\u00e9cialistes des questions de droits humains, de justice et de s\u00e9curit\u00e9.<\/b><\/p>\n<p>Trois ans apr\u00e8s le massacre de Yirgou, le CISC est convaincu que le strict respect des droits humains est un imp\u00e9ratif pour venir \u00e0 bout de l\u2019extr\u00e9misme violent. C\u2019est pourquoi, il a plac\u00e9 au sein de son agenda d\u2019\u00e9changes autour des th\u00e9matiques li\u00e9es \u00e0 la stigmatisation des communaut\u00e9s, \u00e0 la recherche de solutions pour un vivre ensemble harmonieux \u00e0 une administration \u00e9quitable de la justice, ainsi que de d\u00e9fense, la protection et la promotion de droits.<\/p>\n<p>Le panel a r\u00e9uni des \u00e9tudiants et des sp\u00e9cialistes des questions de droits humains, de justice et de s\u00e9curit\u00e9. Ce panel a pour objectif d\u2019\u00e9tablir les liens qui pourraient exister entre les violations de droits humains et la d\u00e9gradation de la situation s\u00e9curitaire actuelle au Burkina Faso.<\/p>\n<p>Selon Dr Daouda Diallo, SG du CISC, c\u2019est dans le cadre de la comm\u00e9moration de l\u2019an trois de Yirgou qu\u2019a lieu le panel. \u00ab Aujourd\u2019hui le th\u00e8me est tellement important et je pense que \u00e7a va nous permettre de nous armer davantage en terme d\u2019id\u00e9e, en terme de strat\u00e9gie pour mieux faire avancer la cause des droits humains \u00bb, a-t-il expliqu\u00e9.<\/p>\n<p>Selon lui, trois ans apr\u00e8s, les lignes bougent difficilement parce que la volont\u00e9 d\u2019un acteur de la justice seulement ne suffit pas. \u00ab La justice burkinab\u00e8, c\u2019est une chaine qui travaille de concert. Il faut aussi la volont\u00e9 politique. Pour nous, le blocage se trouve \u00e0 ce niveau.<\/p>\n<p><b>C\u2019est des questions de blocage au niveau politique parce que si le politique met les moyens financiers, mat\u00e9riels humains et cr\u00e9e un comit\u00e9 sp\u00e9cial pour traiter le dossier Yirgou de fa\u00e7on sp\u00e9cifique \u00e0 la mani\u00e8re du dossier de l\u2019insurrection ou pour le dossier Thomas Sankara, \u00e7a peut aboutir, s\u00e9duire le peuple burkinab\u00e8 qui a soif de bonne gouvernance \u00bb,<\/b><\/p>\n<p>a laiss\u00e9 entendre Dr Daouda Diallo, SG du CISC. Le panel est subdivis\u00e9 en quatre sous-th\u00e8mes. Il s\u2019agit entre autres de \u00ab l\u2019\u00e9volution de la situation s\u00e9curitaire depuis 2015 \u00e0 nos jours, surtout avec la survenue de Yirgou, l\u2019implication de civils arm\u00e9s \u00bb et le dossier Yirgou et \u00e9volution. Ce dernier sous-th\u00e8me est anim\u00e9 par Me Ambroise Farama, avocat dans le dossier de Yirgou aux c\u00f4t\u00e9s des victimes. Il a inform\u00e9 qu\u2019\u00e0 la date d\u2019aujourd\u2019hui, une dizaine de personnes ont \u00e9t\u00e9 mises en cause.<\/p>\n<p>Elles sont, selon lui, poursuivies pour les faits de pr\u00e9somption graves de crise de g\u00e9nocide, des faits d\u2019assassinat et destructions de biens communautaires, de coups et blessures volontaires, de recel de cadavre et bien d\u2019autres infractions.<\/p>\n<p><b>\u00ab A la date d\u2019aujourd\u2019hui, 9 personnes sont d\u00e9tenues et environ 180 mandats qui ont \u00e9t\u00e9 \u00e9mis mais jusqu\u2019\u00e0 ce jour n\u2019ont pas \u00e9t\u00e9 ex\u00e9cut\u00e9s. C\u2019est la preuve que le Tribunal de Grande Instance de Kaya semble avoir des difficult\u00e9s pour instruire ce dossier \u00bb,<\/b><\/p>\n<p>a-t-il d\u00e9clar\u00e9. Me Farama a pr\u00e9cis\u00e9 que ces difficult\u00e9s sont li\u00e9es \u00e0 une v\u00e9ritable volont\u00e9 politique dans le traitement de ce dossier, \u00e0 la situation s\u00e9curitaire des zones et aux personnels judiciaires et administratives.<\/p>\n<p><b>\u00ab Pour les mandats d\u2019arr\u00eats qui ont \u00e9t\u00e9 \u00e9mis, on a des difficult\u00e9s \u00e0 ex\u00e9cuter ces mandats avec des conflits li\u00e9s dans la hi\u00e9rarchie des officiers de police judiciaire. L\u2019un des cas qui a \u00e9t\u00e9 relev\u00e9 c\u2019est qu\u2019\u00e0 un moment donn\u00e9 la gendarmerie avait la possibilit\u00e9 d\u2019arr\u00eater environ 70 \u00e0 80 personnes qui ont fait l\u2019objet de mandat d\u2019arr\u00eat et il y a eu des instructions dans la chaine administrative qui ont fait en sorte que ces personnes n\u2019ont pas \u00e9t\u00e9 arr\u00eat\u00e9s \u00bb<\/b><\/p>\n<p>, a-t-il expliqu\u00e9.<\/p>\n<p>Il est \u00e0 noter que ce panel entre dans le cadre des activit\u00e9s de la comm\u00e9moration de l\u2019an trois de Yirgou. Il a r\u00e9uni \u00e9tudiants et sp\u00e9cialistes en droits humains, justice et s\u00e9curit\u00e9.<\/p>\n<p><b>Alice Suglimani THIOMBIANO<\/b><\/p>\n<p><strong>Pour plus d&rsquo;informations et d&rsquo;analyses sur la <a href=\"https:\/\/www.africa-press.net\/burkina-faso\">Burkina Faso<\/a>, suivez <a href=\"https:\/\/www.africa-press.net\/\">Africa-Press<\/a><\/strong><\/p>\n","protected":false},"excerpt":{"rendered":"<p>Africa-Press &#8211; Burkina Faso. Le Collectif contre l\u2019impunit\u00e9 et la stigmatisation des communaut\u00e9s (CISC) a organis\u00e9 un panel ce samedi 8 janvier 2022, \u00e0 Ouagadougou. Plac\u00e9 sous le th\u00e8me \u00ab violation des droits humains et d\u00e9gradation de la situation s\u00e9curitaire actuelle au Burkina \u00bb, ce panel est \u00e9t\u00e9 anim\u00e9 par des sp\u00e9cialistes des questions de [&hellip;]<\/p>\n","protected":false},"author":82,"featured_media":29765,"comment_status":"open","ping_status":"closed","sticky":false,"template":"","format":"standard","meta":{"footnotes":""},"categories":[63,11,2],"tags":[111,725,29],"class_list":["post-29766","post","type-post","status-publish","format-standard","has-post-thumbnail","hentry","category-election-presidentielle-novembre-2020","category-homepage-french","category-politique","tag-africa-press","tag-africa-press-burkina-faso","tag-burkina-faso"],"yoast_head":"<!-- This site is optimized with the Yoast SEO Premium plugin v26.1 (Yoast SEO v27.0) - https:\/\/yoast.com\/product\/yoast-seo-premium-wordpress\/ -->\n<title>Dossier Yirgou : \u00ab Il faut aussi la volont\u00e9 politique \u00bb (Dr Daouda Diallo, SG du CISC) - Burkina Faso<\/title>\n<meta name=\"description\" content=\"Le Collectif contre l\u2019impunit\u00e9 et la stigmatisation des communaut\u00e9s (CISC) a organis\u00e9 un panel ce samedi 8 janvier 20 ...\" \/>\n<meta name=\"robots\" content=\"index, follow, max-snippet:-1, max-image-preview:large, max-video-preview:-1\" \/>\n<link rel=\"canonical\" href=\"https:\/\/www.africa-press.net\/burkina-faso\/politique\/dossier-yirgou-il-faut-aussi-la-volonte-politique-dr-daouda-diallo-sg-du-cisc\" \/>\n<meta property=\"og:locale\" content=\"fr_FR\" \/>\n<meta property=\"og:type\" content=\"article\" \/>\n<meta property=\"og:title\" content=\"Dossier Yirgou : \u00ab Il faut aussi la volont\u00e9 politique \u00bb (Dr Daouda Diallo, SG du CISC)\" \/>\n<meta property=\"og:description\" content=\"Le Collectif contre l\u2019impunit\u00e9 et la stigmatisation des communaut\u00e9s (CISC) a organis\u00e9 un panel ce samedi 8 janvier 20 ...\" \/>\n<meta property=\"og:url\" content=\"https:\/\/www.africa-press.net\/burkina-faso\/politique\/dossier-yirgou-il-faut-aussi-la-volonte-politique-dr-daouda-diallo-sg-du-cisc\" \/>\n<meta property=\"og:site_name\" content=\"Burkina Faso\" \/>\n<meta property=\"article:published_time\" content=\"2022-01-08T16:35:26+00:00\" \/>\n<meta property=\"article:modified_time\" content=\"2022-01-08T17:03:53+00:00\" \/>\n<meta property=\"og:image\" content=\"https:\/\/static.africa-press.net\/burkina\/sites\/42\/2022\/01\/img-61d9c3dba4394.jpg\" \/>\n\t<meta property=\"og:image:width\" content=\"750\" \/>\n\t<meta property=\"og:image:height\" content=\"440\" \/>\n\t<meta property=\"og:image:type\" content=\"image\/jpeg\" \/>\n<meta name=\"author\" content=\"cfeditorfr\" \/>\n<meta name=\"twitter:card\" content=\"summary_large_image\" \/>\n<meta name=\"twitter:label1\" content=\"\u00c9crit par\" \/>\n\t<meta name=\"twitter:data1\" content=\"cfeditorfr\" \/>\n\t<meta name=\"twitter:label2\" content=\"Dur\u00e9e de lecture estim\u00e9e\" \/>\n\t<meta name=\"twitter:data2\" content=\"4 minutes\" \/>\n<script type=\"application\/ld+json\" class=\"yoast-schema-graph\">{\"@context\":\"https:\/\/schema.org\",\"@graph\":[{\"@type\":\"Article\",\"@id\":\"https:\/\/www.africa-press.net\/burkina-faso\/politique\/dossier-yirgou-il-faut-aussi-la-volonte-politique-dr-daouda-diallo-sg-du-cisc#article\",\"isPartOf\":{\"@id\":\"https:\/\/www.africa-press.net\/burkina-faso\/politique\/dossier-yirgou-il-faut-aussi-la-volonte-politique-dr-daouda-diallo-sg-du-cisc\"},\"author\":{\"name\":\"cfeditorfr\",\"@id\":\"https:\/\/www.africa-press.net\/burkina-faso\/#\/schema\/person\/2b1cf3cd81a31e3cd26889ca66d677f1\"},\"headline\":\"Dossier Yirgou : \u00ab Il faut aussi la volont\u00e9 politique \u00bb (Dr Daouda Diallo, SG du CISC)\",\"datePublished\":\"2022-01-08T16:35:26+00:00\",\"dateModified\":\"2022-01-08T17:03:53+00:00\",\"mainEntityOfPage\":{\"@id\":\"https:\/\/www.africa-press.net\/burkina-faso\/politique\/dossier-yirgou-il-faut-aussi-la-volonte-politique-dr-daouda-diallo-sg-du-cisc\"},\"wordCount\":763,\"commentCount\":0,\"image\":{\"@id\":\"https:\/\/www.africa-press.net\/burkina-faso\/politique\/dossier-yirgou-il-faut-aussi-la-volonte-politique-dr-daouda-diallo-sg-du-cisc#primaryimage\"},\"thumbnailUrl\":\"https:\/\/static.africa-press.net\/burkina\/sites\/42\/2022\/01\/img-61d9c3dba4394.jpg\",\"keywords\":[\"Africa Press\",\"Africa Press-Burkina Faso\",\"Burkina Faso\"],\"articleSection\":[\"\u00e9lection pr\u00e9sidentielle novembre 2020\",\"homepage-french\",\"Politique\"],\"inLanguage\":\"fr-FR\",\"potentialAction\":[{\"@type\":\"CommentAction\",\"name\":\"Comment\",\"target\":[\"https:\/\/www.africa-press.net\/burkina-faso\/politique\/dossier-yirgou-il-faut-aussi-la-volonte-politique-dr-daouda-diallo-sg-du-cisc#respond\"]}]},{\"@type\":\"WebPage\",\"@id\":\"https:\/\/www.africa-press.net\/burkina-faso\/politique\/dossier-yirgou-il-faut-aussi-la-volonte-politique-dr-daouda-diallo-sg-du-cisc\",\"url\":\"https:\/\/www.africa-press.net\/burkina-faso\/politique\/dossier-yirgou-il-faut-aussi-la-volonte-politique-dr-daouda-diallo-sg-du-cisc\",\"name\":\"Dossier Yirgou : \u00ab Il faut aussi la volont\u00e9 politique \u00bb (Dr Daouda Diallo, SG du CISC) - Burkina Faso\",\"isPartOf\":{\"@id\":\"https:\/\/www.africa-press.net\/burkina-faso\/#website\"},\"primaryImageOfPage\":{\"@id\":\"https:\/\/www.africa-press.net\/burkina-faso\/politique\/dossier-yirgou-il-faut-aussi-la-volonte-politique-dr-daouda-diallo-sg-du-cisc#primaryimage\"},\"image\":{\"@id\":\"https:\/\/www.africa-press.net\/burkina-faso\/politique\/dossier-yirgou-il-faut-aussi-la-volonte-politique-dr-daouda-diallo-sg-du-cisc#primaryimage\"},\"thumbnailUrl\":\"https:\/\/static.africa-press.net\/burkina\/sites\/42\/2022\/01\/img-61d9c3dba4394.jpg\",\"datePublished\":\"2022-01-08T16:35:26+00:00\",\"dateModified\":\"2022-01-08T17:03:53+00:00\",\"author\":{\"@id\":\"https:\/\/www.africa-press.net\/burkina-faso\/#\/schema\/person\/2b1cf3cd81a31e3cd26889ca66d677f1\"},\"description\":\"Le Collectif contre l\u2019impunit\u00e9 et la stigmatisation des communaut\u00e9s (CISC) a organis\u00e9 un panel ce samedi 8 janvier 20 ...\",\"breadcrumb\":{\"@id\":\"https:\/\/www.africa-press.net\/burkina-faso\/politique\/dossier-yirgou-il-faut-aussi-la-volonte-politique-dr-daouda-diallo-sg-du-cisc#breadcrumb\"},\"inLanguage\":\"fr-FR\",\"potentialAction\":[{\"@type\":\"ReadAction\",\"target\":[\"https:\/\/www.africa-press.net\/burkina-faso\/politique\/dossier-yirgou-il-faut-aussi-la-volonte-politique-dr-daouda-diallo-sg-du-cisc\"]}]},{\"@type\":\"ImageObject\",\"inLanguage\":\"fr-FR\",\"@id\":\"https:\/\/www.africa-press.net\/burkina-faso\/politique\/dossier-yirgou-il-faut-aussi-la-volonte-politique-dr-daouda-diallo-sg-du-cisc#primaryimage\",\"url\":\"https:\/\/static.africa-press.net\/burkina\/sites\/42\/2022\/01\/img-61d9c3dba4394.jpg\",\"contentUrl\":\"https:\/\/static.africa-press.net\/burkina\/sites\/42\/2022\/01\/img-61d9c3dba4394.jpg\",\"width\":750,\"height\":440,\"caption\":\"Dossier Yirgou : \u00ab Il faut aussi la volont\u00e9 politique \u00bb (Dr Daouda Diallo, SG du CISC)\"},{\"@type\":\"BreadcrumbList\",\"@id\":\"https:\/\/www.africa-press.net\/burkina-faso\/politique\/dossier-yirgou-il-faut-aussi-la-volonte-politique-dr-daouda-diallo-sg-du-cisc#breadcrumb\",\"itemListElement\":[{\"@type\":\"ListItem\",\"position\":1,\"name\":\"Accueil\",\"item\":\"https:\/\/www.africa-press.net\/burkina-faso\/\"},{\"@type\":\"ListItem\",\"position\":2,\"name\":\"Dossier Yirgou : \u00ab Il faut aussi la volont\u00e9 politique \u00bb (Dr Daouda Diallo, SG du CISC)\"}]},{\"@type\":\"WebSite\",\"@id\":\"https:\/\/www.africa-press.net\/burkina-faso\/#website\",\"url\":\"https:\/\/www.africa-press.net\/burkina-faso\/\",\"name\":\"Burkina Faso\",\"description\":\"Just another Africa News Agency Sites site\",\"potentialAction\":[{\"@type\":\"SearchAction\",\"target\":{\"@type\":\"EntryPoint\",\"urlTemplate\":\"https:\/\/www.africa-press.net\/burkina-faso\/?s={search_term_string}\"},\"query-input\":{\"@type\":\"PropertyValueSpecification\",\"valueRequired\":true,\"valueName\":\"search_term_string\"}}],\"inLanguage\":\"fr-FR\"},{\"@type\":\"Person\",\"@id\":\"https:\/\/www.africa-press.net\/burkina-faso\/#\/schema\/person\/2b1cf3cd81a31e3cd26889ca66d677f1\",\"name\":\"cfeditorfr\"}]}<\/script>\n<!-- \/ Yoast SEO Premium plugin. -->","yoast_head_json":{"title":"Dossier Yirgou : \u00ab Il faut aussi la volont\u00e9 politique \u00bb (Dr Daouda Diallo, SG du CISC) - Burkina Faso","description":"Le Collectif contre l\u2019impunit\u00e9 et la stigmatisation des communaut\u00e9s (CISC) a organis\u00e9 un panel ce samedi 8 janvier 20 ...","robots":{"index":"index","follow":"follow","max-snippet":"max-snippet:-1","max-image-preview":"max-image-preview:large","max-video-preview":"max-video-preview:-1"},"canonical":"https:\/\/www.africa-press.net\/burkina-faso\/politique\/dossier-yirgou-il-faut-aussi-la-volonte-politique-dr-daouda-diallo-sg-du-cisc","og_locale":"fr_FR","og_type":"article","og_title":"Dossier Yirgou : \u00ab Il faut aussi la volont\u00e9 politique \u00bb (Dr Daouda Diallo, SG du CISC)","og_description":"Le Collectif contre l\u2019impunit\u00e9 et la stigmatisation des communaut\u00e9s (CISC) a organis\u00e9 un panel ce samedi 8 janvier 20 ...","og_url":"https:\/\/www.africa-press.net\/burkina-faso\/politique\/dossier-yirgou-il-faut-aussi-la-volonte-politique-dr-daouda-diallo-sg-du-cisc","og_site_name":"Burkina Faso","article_published_time":"2022-01-08T16:35:26+00:00","article_modified_time":"2022-01-08T17:03:53+00:00","og_image":[{"width":750,"height":440,"url":"https:\/\/static.africa-press.net\/burkina\/sites\/42\/2022\/01\/img-61d9c3dba4394.jpg","type":"image\/jpeg"}],"author":"cfeditorfr","twitter_card":"summary_large_image","twitter_misc":{"\u00c9crit par":"cfeditorfr","Dur\u00e9e de lecture estim\u00e9e":"4 minutes"},"schema":{"@context":"https:\/\/schema.org","@graph":[{"@type":"Article","@id":"https:\/\/www.africa-press.net\/burkina-faso\/politique\/dossier-yirgou-il-faut-aussi-la-volonte-politique-dr-daouda-diallo-sg-du-cisc#article","isPartOf":{"@id":"https:\/\/www.africa-press.net\/burkina-faso\/politique\/dossier-yirgou-il-faut-aussi-la-volonte-politique-dr-daouda-diallo-sg-du-cisc"},"author":{"name":"cfeditorfr","@id":"https:\/\/www.africa-press.net\/burkina-faso\/#\/schema\/person\/2b1cf3cd81a31e3cd26889ca66d677f1"},"headline":"Dossier Yirgou : \u00ab Il faut aussi la volont\u00e9 politique \u00bb (Dr Daouda Diallo, SG du CISC)","datePublished":"2022-01-08T16:35:26+00:00","dateModified":"2022-01-08T17:03:53+00:00","mainEntityOfPage":{"@id":"https:\/\/www.africa-press.net\/burkina-faso\/politique\/dossier-yirgou-il-faut-aussi-la-volonte-politique-dr-daouda-diallo-sg-du-cisc"},"wordCount":763,"commentCount":0,"image":{"@id":"https:\/\/www.africa-press.net\/burkina-faso\/politique\/dossier-yirgou-il-faut-aussi-la-volonte-politique-dr-daouda-diallo-sg-du-cisc#primaryimage"},"thumbnailUrl":"https:\/\/static.africa-press.net\/burkina\/sites\/42\/2022\/01\/img-61d9c3dba4394.jpg","keywords":["Africa Press","Africa Press-Burkina Faso","Burkina Faso"],"articleSection":["\u00e9lection pr\u00e9sidentielle novembre 2020","homepage-french","Politique"],"inLanguage":"fr-FR","potentialAction":[{"@type":"CommentAction","name":"Comment","target":["https:\/\/www.africa-press.net\/burkina-faso\/politique\/dossier-yirgou-il-faut-aussi-la-volonte-politique-dr-daouda-diallo-sg-du-cisc#respond"]}]},{"@type":"WebPage","@id":"https:\/\/www.africa-press.net\/burkina-faso\/politique\/dossier-yirgou-il-faut-aussi-la-volonte-politique-dr-daouda-diallo-sg-du-cisc","url":"https:\/\/www.africa-press.net\/burkina-faso\/politique\/dossier-yirgou-il-faut-aussi-la-volonte-politique-dr-daouda-diallo-sg-du-cisc","name":"Dossier Yirgou : \u00ab Il faut aussi la volont\u00e9 politique \u00bb (Dr Daouda Diallo, SG du CISC) - Burkina Faso","isPartOf":{"@id":"https:\/\/www.africa-press.net\/burkina-faso\/#website"},"primaryImageOfPage":{"@id":"https:\/\/www.africa-press.net\/burkina-faso\/politique\/dossier-yirgou-il-faut-aussi-la-volonte-politique-dr-daouda-diallo-sg-du-cisc#primaryimage"},"image":{"@id":"https:\/\/www.africa-press.net\/burkina-faso\/politique\/dossier-yirgou-il-faut-aussi-la-volonte-politique-dr-daouda-diallo-sg-du-cisc#primaryimage"},"thumbnailUrl":"https:\/\/static.africa-press.net\/burkina\/sites\/42\/2022\/01\/img-61d9c3dba4394.jpg","datePublished":"2022-01-08T16:35:26+00:00","dateModified":"2022-01-08T17:03:53+00:00","author":{"@id":"https:\/\/www.africa-press.net\/burkina-faso\/#\/schema\/person\/2b1cf3cd81a31e3cd26889ca66d677f1"},"description":"Le Collectif contre l\u2019impunit\u00e9 et la stigmatisation des communaut\u00e9s (CISC) a organis\u00e9 un panel ce samedi 8 janvier 20 ...","breadcrumb":{"@id":"https:\/\/www.africa-press.net\/burkina-faso\/politique\/dossier-yirgou-il-faut-aussi-la-volonte-politique-dr-daouda-diallo-sg-du-cisc#breadcrumb"},"inLanguage":"fr-FR","potentialAction":[{"@type":"ReadAction","target":["https:\/\/www.africa-press.net\/burkina-faso\/politique\/dossier-yirgou-il-faut-aussi-la-volonte-politique-dr-daouda-diallo-sg-du-cisc"]}]},{"@type":"ImageObject","inLanguage":"fr-FR","@id":"https:\/\/www.africa-press.net\/burkina-faso\/politique\/dossier-yirgou-il-faut-aussi-la-volonte-politique-dr-daouda-diallo-sg-du-cisc#primaryimage","url":"https:\/\/static.africa-press.net\/burkina\/sites\/42\/2022\/01\/img-61d9c3dba4394.jpg","contentUrl":"https:\/\/static.africa-press.net\/burkina\/sites\/42\/2022\/01\/img-61d9c3dba4394.jpg","width":750,"height":440,"caption":"Dossier Yirgou : \u00ab Il faut aussi la volont\u00e9 politique \u00bb (Dr Daouda Diallo, SG du CISC)"},{"@type":"BreadcrumbList","@id":"https:\/\/www.africa-press.net\/burkina-faso\/politique\/dossier-yirgou-il-faut-aussi-la-volonte-politique-dr-daouda-diallo-sg-du-cisc#breadcrumb","itemListElement":[{"@type":"ListItem","position":1,"name":"Accueil","item":"https:\/\/www.africa-press.net\/burkina-faso\/"},{"@type":"ListItem","position":2,"name":"Dossier Yirgou : \u00ab Il faut aussi la volont\u00e9 politique \u00bb (Dr Daouda Diallo, SG du CISC)"}]},{"@type":"WebSite","@id":"https:\/\/www.africa-press.net\/burkina-faso\/#website","url":"https:\/\/www.africa-press.net\/burkina-faso\/","name":"Burkina Faso","description":"Just another Africa News Agency Sites site","potentialAction":[{"@type":"SearchAction","target":{"@type":"EntryPoint","urlTemplate":"https:\/\/www.africa-press.net\/burkina-faso\/?s={search_term_string}"},"query-input":{"@type":"PropertyValueSpecification","valueRequired":true,"valueName":"search_term_string"}}],"inLanguage":"fr-FR"},{"@type":"Person","@id":"https:\/\/www.africa-press.net\/burkina-faso\/#\/schema\/person\/2b1cf3cd81a31e3cd26889ca66d677f1","name":"cfeditorfr"}]}},"_links":{"self":[{"href":"https:\/\/www.africa-press.net\/burkina-faso\/wp-json\/wp\/v2\/posts\/29766","targetHints":{"allow":["GET"]}}],"collection":[{"href":"https:\/\/www.africa-press.net\/burkina-faso\/wp-json\/wp\/v2\/posts"}],"about":[{"href":"https:\/\/www.africa-press.net\/burkina-faso\/wp-json\/wp\/v2\/types\/post"}],"author":[{"embeddable":true,"href":"https:\/\/www.africa-press.net\/burkina-faso\/wp-json\/wp\/v2\/users\/82"}],"replies":[{"embeddable":true,"href":"https:\/\/www.africa-press.net\/burkina-faso\/wp-json\/wp\/v2\/comments?post=29766"}],"version-history":[{"count":0,"href":"https:\/\/www.africa-press.net\/burkina-faso\/wp-json\/wp\/v2\/posts\/29766\/revisions"}],"wp:featuredmedia":[{"embeddable":true,"href":"https:\/\/www.africa-press.net\/burkina-faso\/wp-json\/wp\/v2\/media\/29765"}],"wp:attachment":[{"href":"https:\/\/www.africa-press.net\/burkina-faso\/wp-json\/wp\/v2\/media?parent=29766"}],"wp:term":[{"taxonomy":"category","embeddable":true,"href":"https:\/\/www.africa-press.net\/burkina-faso\/wp-json\/wp\/v2\/categories?post=29766"},{"taxonomy":"post_tag","embeddable":true,"href":"https:\/\/www.africa-press.net\/burkina-faso\/wp-json\/wp\/v2\/tags?post=29766"}],"curies":[{"name":"wp","href":"https:\/\/api.w.org\/{rel}","templated":true}]}}