{"id":31324,"date":"2022-01-25T21:11:09","date_gmt":"2022-01-25T21:11:09","guid":{"rendered":"https:\/\/www.africa-press.net\/burkina-faso\/?p=31324"},"modified":"2022-01-25T17:30:22","modified_gmt":"2022-01-25T17:30:22","slug":"burkina-faso-chronique-a-hauteur-de-citoyen-dune-turbulence-politique","status":"publish","type":"post","link":"https:\/\/www.africa-press.net\/burkina-faso\/dossiers\/burkina-faso-chronique-a-hauteur-de-citoyen-dune-turbulence-politique","title":{"rendered":"Burkina Faso\u00a0: chronique \u00e0 hauteur de citoyen d\u2019une turbulence politique"},"content":{"rendered":"<p><span style=\"color: #ff6600\"><strong>Africa-Press &#8211; Burkina Faso. <\/strong><\/span>Il y a eu ce tweet post\u00e9 depuis le compte officiel de Roch Christian Marc Kabor\u00e9, lundi 24 janvier, \u00e0 14 h 05 en temps universel, qui est aussi l&rsquo;heure du pays\u2026 \u00ab Notre Nation vit des moments difficiles. Nous devons en ce moment pr\u00e9cis sauvegarder nos acquis d\u00e9mocratiques. J&rsquo;invite ceux qui ont pris les armes \u00e0 les d\u00e9poser dans l&rsquo;int\u00e9r\u00eat Sup\u00e9rieur de la Nation. C&rsquo;est par le dialogue et l&rsquo;\u00e9coute que nous devons r\u00e9gler nos contradictions. RK \u00bb. La plupart des followers qui ont pu le lire \u2013 pas nombreux, l&rsquo;acc\u00e8s \u00e0 l&rsquo;Internet mobile ayant \u00e9t\u00e9 coup\u00e9 depuis samedi matin \u2013, ont largement moqu\u00e9 dans leurs commentaires le Chef d&rsquo;\u00c9tat encore en exercice, y voyant l\u00e0 plut\u00f4t la patte d&rsquo;un community manager z\u00e9l\u00e9 que d&rsquo;un pr\u00e9sident aux abois. Et puis trois heures plus tard est venue la confirmation d&#8230;<\/p>\n<p>Cet article<\/p>\n<p>est r\u00e9serv\u00e9 aux abonn\u00e9s<\/p>\n<p>Newsletter international<\/p>\n<p>Chaque mardi, recevez le meilleur de l\u2019actualit\u00e9 internationale, et recevez en avant-premi\u00e8re les exclusivit\u00e9s du Point.<\/p>\n<p><strong>Pour plus d&rsquo;informations et d&rsquo;analyses sur la <a href=\"https:\/\/www.africa-press.net\/burkina-faso\">Burkina Faso<\/a>, suivez <a href=\"https:\/\/www.africa-press.net\/\">Africa-Press<\/a><\/strong><\/p>\n","protected":false},"excerpt":{"rendered":"<p>Africa-Press &#8211; Burkina Faso. Il y a eu ce tweet post\u00e9 depuis le compte officiel de Roch Christian Marc Kabor\u00e9, lundi 24 janvier, \u00e0 14 h 05 en temps universel, qui est aussi l&rsquo;heure du pays\u2026 \u00ab Notre Nation vit des moments difficiles. Nous devons en ce moment pr\u00e9cis sauvegarder nos acquis d\u00e9mocratiques. J&rsquo;invite ceux [&hellip;]<\/p>\n","protected":false},"author":82,"featured_media":31323,"comment_status":"open","ping_status":"closed","sticky":false,"template":"","format":"standard","meta":{"footnotes":""},"categories":[7,11,20,10],"tags":[111,725,149,29,738,150],"class_list":["post-31324","post","type-post","status-publish","format-standard","has-post-thumbnail","hentry","category-dossiers","category-homepage-french","category-top-nouvelles","category-toutes-les-actualites","tag-africa-press","tag-africa-press-burkina-faso","tag-afrique","tag-burkina-faso","tag-internationales","tag-politique"],"yoast_head":"<!-- This site is optimized with the Yoast SEO Premium plugin v26.1 (Yoast SEO v27.0) - https:\/\/yoast.com\/product\/yoast-seo-premium-wordpress\/ -->\n<title>Burkina Faso\u00a0: chronique \u00e0 hauteur de citoyen d\u2019une turbulence politique - Burkina Faso<\/title>\n<meta name=\"description\" content=\"Il y a eu ce tweet post\u00e9 depuis le compte officiel de Roch Christian Marc Kabor\u00e9, lundi 24 janvier, \u00e0 14 h 05 en temps u ...\" \/>\n<meta name=\"robots\" content=\"index, follow, max-snippet:-1, max-image-preview:large, max-video-preview:-1\" \/>\n<link rel=\"canonical\" href=\"https:\/\/www.africa-press.net\/burkina-faso\/dossiers\/burkina-faso-chronique-a-hauteur-de-citoyen-dune-turbulence-politique\" \/>\n<meta property=\"og:locale\" content=\"fr_FR\" \/>\n<meta property=\"og:type\" content=\"article\" \/>\n<meta property=\"og:title\" content=\"Burkina Faso\u00a0: chronique \u00e0 hauteur de citoyen d\u2019une turbulence politique\" \/>\n<meta property=\"og:description\" content=\"Il y a eu ce tweet post\u00e9 depuis le compte officiel de Roch Christian Marc Kabor\u00e9, lundi 24 janvier, \u00e0 14 h 05 en temps u ...\" \/>\n<meta property=\"og:url\" content=\"https:\/\/www.africa-press.net\/burkina-faso\/dossiers\/burkina-faso-chronique-a-hauteur-de-citoyen-dune-turbulence-politique\" \/>\n<meta property=\"og:site_name\" content=\"Burkina Faso\" \/>\n<meta property=\"article:published_time\" content=\"2022-01-25T21:11:09+00:00\" \/>\n<meta property=\"og:image\" content=\"https:\/\/static.africa-press.net\/burkina\/sites\/42\/2022\/01\/img-61f0339017e72.jpg\" \/>\n\t<meta property=\"og:image:width\" content=\"1250\" \/>\n\t<meta property=\"og:image:height\" content=\"625\" \/>\n\t<meta property=\"og:image:type\" content=\"image\/jpeg\" \/>\n<meta name=\"author\" content=\"cfeditorfr\" \/>\n<meta name=\"twitter:card\" content=\"summary_large_image\" \/>\n<meta name=\"twitter:label1\" content=\"\u00c9crit par\" \/>\n\t<meta name=\"twitter:data1\" content=\"cfeditorfr\" \/>\n\t<meta name=\"twitter:label2\" content=\"Dur\u00e9e de lecture estim\u00e9e\" \/>\n\t<meta name=\"twitter:data2\" content=\"1 minute\" \/>\n<script type=\"application\/ld+json\" class=\"yoast-schema-graph\">{\"@context\":\"https:\/\/schema.org\",\"@graph\":[{\"@type\":\"Article\",\"@id\":\"https:\/\/www.africa-press.net\/burkina-faso\/dossiers\/burkina-faso-chronique-a-hauteur-de-citoyen-dune-turbulence-politique#article\",\"isPartOf\":{\"@id\":\"https:\/\/www.africa-press.net\/burkina-faso\/dossiers\/burkina-faso-chronique-a-hauteur-de-citoyen-dune-turbulence-politique\"},\"author\":{\"name\":\"cfeditorfr\",\"@id\":\"https:\/\/www.africa-press.net\/burkina-faso\/#\/schema\/person\/2b1cf3cd81a31e3cd26889ca66d677f1\"},\"headline\":\"Burkina Faso\u00a0: chronique \u00e0 hauteur de citoyen d\u2019une turbulence politique\",\"datePublished\":\"2022-01-25T21:11:09+00:00\",\"mainEntityOfPage\":{\"@id\":\"https:\/\/www.africa-press.net\/burkina-faso\/dossiers\/burkina-faso-chronique-a-hauteur-de-citoyen-dune-turbulence-politique\"},\"wordCount\":207,\"commentCount\":0,\"image\":{\"@id\":\"https:\/\/www.africa-press.net\/burkina-faso\/dossiers\/burkina-faso-chronique-a-hauteur-de-citoyen-dune-turbulence-politique#primaryimage\"},\"thumbnailUrl\":\"https:\/\/static.africa-press.net\/burkina\/sites\/42\/2022\/01\/img-61f0339017e72.jpg\",\"keywords\":[\"Africa Press\",\"Africa Press-Burkina Faso\",\"Afrique\",\"Burkina Faso\",\"Internationales\",\"Politique\"],\"articleSection\":[\"Dossiers\",\"homepage-french\",\"Top Nouvelles\",\"Toutes les actualit\u00e9s\"],\"inLanguage\":\"fr-FR\",\"potentialAction\":[{\"@type\":\"CommentAction\",\"name\":\"Comment\",\"target\":[\"https:\/\/www.africa-press.net\/burkina-faso\/dossiers\/burkina-faso-chronique-a-hauteur-de-citoyen-dune-turbulence-politique#respond\"]}]},{\"@type\":\"WebPage\",\"@id\":\"https:\/\/www.africa-press.net\/burkina-faso\/dossiers\/burkina-faso-chronique-a-hauteur-de-citoyen-dune-turbulence-politique\",\"url\":\"https:\/\/www.africa-press.net\/burkina-faso\/dossiers\/burkina-faso-chronique-a-hauteur-de-citoyen-dune-turbulence-politique\",\"name\":\"Burkina Faso\u00a0: chronique \u00e0 hauteur de citoyen d\u2019une turbulence politique - Burkina Faso\",\"isPartOf\":{\"@id\":\"https:\/\/www.africa-press.net\/burkina-faso\/#website\"},\"primaryImageOfPage\":{\"@id\":\"https:\/\/www.africa-press.net\/burkina-faso\/dossiers\/burkina-faso-chronique-a-hauteur-de-citoyen-dune-turbulence-politique#primaryimage\"},\"image\":{\"@id\":\"https:\/\/www.africa-press.net\/burkina-faso\/dossiers\/burkina-faso-chronique-a-hauteur-de-citoyen-dune-turbulence-politique#primaryimage\"},\"thumbnailUrl\":\"https:\/\/static.africa-press.net\/burkina\/sites\/42\/2022\/01\/img-61f0339017e72.jpg\",\"datePublished\":\"2022-01-25T21:11:09+00:00\",\"author\":{\"@id\":\"https:\/\/www.africa-press.net\/burkina-faso\/#\/schema\/person\/2b1cf3cd81a31e3cd26889ca66d677f1\"},\"description\":\"Il y a eu ce tweet post\u00e9 depuis le compte officiel de Roch Christian Marc Kabor\u00e9, lundi 24 janvier, \u00e0 14 h 05 en temps u ...\",\"breadcrumb\":{\"@id\":\"https:\/\/www.africa-press.net\/burkina-faso\/dossiers\/burkina-faso-chronique-a-hauteur-de-citoyen-dune-turbulence-politique#breadcrumb\"},\"inLanguage\":\"fr-FR\",\"potentialAction\":[{\"@type\":\"ReadAction\",\"target\":[\"https:\/\/www.africa-press.net\/burkina-faso\/dossiers\/burkina-faso-chronique-a-hauteur-de-citoyen-dune-turbulence-politique\"]}]},{\"@type\":\"ImageObject\",\"inLanguage\":\"fr-FR\",\"@id\":\"https:\/\/www.africa-press.net\/burkina-faso\/dossiers\/burkina-faso-chronique-a-hauteur-de-citoyen-dune-turbulence-politique#primaryimage\",\"url\":\"https:\/\/static.africa-press.net\/burkina\/sites\/42\/2022\/01\/img-61f0339017e72.jpg\",\"contentUrl\":\"https:\/\/static.africa-press.net\/burkina\/sites\/42\/2022\/01\/img-61f0339017e72.jpg\",\"width\":1250,\"height\":625,\"caption\":\"Burkina Faso\u00a0: chronique \u00e0 hauteur de citoyen d\u2019une turbulence politique\"},{\"@type\":\"BreadcrumbList\",\"@id\":\"https:\/\/www.africa-press.net\/burkina-faso\/dossiers\/burkina-faso-chronique-a-hauteur-de-citoyen-dune-turbulence-politique#breadcrumb\",\"itemListElement\":[{\"@type\":\"ListItem\",\"position\":1,\"name\":\"Accueil\",\"item\":\"https:\/\/www.africa-press.net\/burkina-faso\/\"},{\"@type\":\"ListItem\",\"position\":2,\"name\":\"Burkina Faso\u00a0: chronique \u00e0 hauteur de citoyen d\u2019une turbulence politique\"}]},{\"@type\":\"WebSite\",\"@id\":\"https:\/\/www.africa-press.net\/burkina-faso\/#website\",\"url\":\"https:\/\/www.africa-press.net\/burkina-faso\/\",\"name\":\"Burkina Faso\",\"description\":\"Just another Africa News Agency Sites site\",\"potentialAction\":[{\"@type\":\"SearchAction\",\"target\":{\"@type\":\"EntryPoint\",\"urlTemplate\":\"https:\/\/www.africa-press.net\/burkina-faso\/?s={search_term_string}\"},\"query-input\":{\"@type\":\"PropertyValueSpecification\",\"valueRequired\":true,\"valueName\":\"search_term_string\"}}],\"inLanguage\":\"fr-FR\"},{\"@type\":\"Person\",\"@id\":\"https:\/\/www.africa-press.net\/burkina-faso\/#\/schema\/person\/2b1cf3cd81a31e3cd26889ca66d677f1\",\"name\":\"cfeditorfr\"}]}<\/script>\n<!-- \/ Yoast SEO Premium plugin. -->","yoast_head_json":{"title":"Burkina Faso\u00a0: chronique \u00e0 hauteur de citoyen d\u2019une turbulence politique - Burkina Faso","description":"Il y a eu ce tweet post\u00e9 depuis le compte officiel de Roch Christian Marc Kabor\u00e9, lundi 24 janvier, \u00e0 14 h 05 en temps u ...","robots":{"index":"index","follow":"follow","max-snippet":"max-snippet:-1","max-image-preview":"max-image-preview:large","max-video-preview":"max-video-preview:-1"},"canonical":"https:\/\/www.africa-press.net\/burkina-faso\/dossiers\/burkina-faso-chronique-a-hauteur-de-citoyen-dune-turbulence-politique","og_locale":"fr_FR","og_type":"article","og_title":"Burkina Faso\u00a0: chronique \u00e0 hauteur de citoyen d\u2019une turbulence politique","og_description":"Il y a eu ce tweet post\u00e9 depuis le compte officiel de Roch Christian Marc Kabor\u00e9, lundi 24 janvier, \u00e0 14 h 05 en temps u ...","og_url":"https:\/\/www.africa-press.net\/burkina-faso\/dossiers\/burkina-faso-chronique-a-hauteur-de-citoyen-dune-turbulence-politique","og_site_name":"Burkina Faso","article_published_time":"2022-01-25T21:11:09+00:00","og_image":[{"width":1250,"height":625,"url":"https:\/\/static.africa-press.net\/burkina\/sites\/42\/2022\/01\/img-61f0339017e72.jpg","type":"image\/jpeg"}],"author":"cfeditorfr","twitter_card":"summary_large_image","twitter_misc":{"\u00c9crit par":"cfeditorfr","Dur\u00e9e de lecture estim\u00e9e":"1 minute"},"schema":{"@context":"https:\/\/schema.org","@graph":[{"@type":"Article","@id":"https:\/\/www.africa-press.net\/burkina-faso\/dossiers\/burkina-faso-chronique-a-hauteur-de-citoyen-dune-turbulence-politique#article","isPartOf":{"@id":"https:\/\/www.africa-press.net\/burkina-faso\/dossiers\/burkina-faso-chronique-a-hauteur-de-citoyen-dune-turbulence-politique"},"author":{"name":"cfeditorfr","@id":"https:\/\/www.africa-press.net\/burkina-faso\/#\/schema\/person\/2b1cf3cd81a31e3cd26889ca66d677f1"},"headline":"Burkina Faso\u00a0: chronique \u00e0 hauteur de citoyen d\u2019une turbulence politique","datePublished":"2022-01-25T21:11:09+00:00","mainEntityOfPage":{"@id":"https:\/\/www.africa-press.net\/burkina-faso\/dossiers\/burkina-faso-chronique-a-hauteur-de-citoyen-dune-turbulence-politique"},"wordCount":207,"commentCount":0,"image":{"@id":"https:\/\/www.africa-press.net\/burkina-faso\/dossiers\/burkina-faso-chronique-a-hauteur-de-citoyen-dune-turbulence-politique#primaryimage"},"thumbnailUrl":"https:\/\/static.africa-press.net\/burkina\/sites\/42\/2022\/01\/img-61f0339017e72.jpg","keywords":["Africa Press","Africa Press-Burkina Faso","Afrique","Burkina Faso","Internationales","Politique"],"articleSection":["Dossiers","homepage-french","Top Nouvelles","Toutes les actualit\u00e9s"],"inLanguage":"fr-FR","potentialAction":[{"@type":"CommentAction","name":"Comment","target":["https:\/\/www.africa-press.net\/burkina-faso\/dossiers\/burkina-faso-chronique-a-hauteur-de-citoyen-dune-turbulence-politique#respond"]}]},{"@type":"WebPage","@id":"https:\/\/www.africa-press.net\/burkina-faso\/dossiers\/burkina-faso-chronique-a-hauteur-de-citoyen-dune-turbulence-politique","url":"https:\/\/www.africa-press.net\/burkina-faso\/dossiers\/burkina-faso-chronique-a-hauteur-de-citoyen-dune-turbulence-politique","name":"Burkina Faso\u00a0: chronique \u00e0 hauteur de citoyen d\u2019une turbulence politique - Burkina Faso","isPartOf":{"@id":"https:\/\/www.africa-press.net\/burkina-faso\/#website"},"primaryImageOfPage":{"@id":"https:\/\/www.africa-press.net\/burkina-faso\/dossiers\/burkina-faso-chronique-a-hauteur-de-citoyen-dune-turbulence-politique#primaryimage"},"image":{"@id":"https:\/\/www.africa-press.net\/burkina-faso\/dossiers\/burkina-faso-chronique-a-hauteur-de-citoyen-dune-turbulence-politique#primaryimage"},"thumbnailUrl":"https:\/\/static.africa-press.net\/burkina\/sites\/42\/2022\/01\/img-61f0339017e72.jpg","datePublished":"2022-01-25T21:11:09+00:00","author":{"@id":"https:\/\/www.africa-press.net\/burkina-faso\/#\/schema\/person\/2b1cf3cd81a31e3cd26889ca66d677f1"},"description":"Il y a eu ce tweet post\u00e9 depuis le compte officiel de Roch Christian Marc Kabor\u00e9, lundi 24 janvier, \u00e0 14 h 05 en temps u ...","breadcrumb":{"@id":"https:\/\/www.africa-press.net\/burkina-faso\/dossiers\/burkina-faso-chronique-a-hauteur-de-citoyen-dune-turbulence-politique#breadcrumb"},"inLanguage":"fr-FR","potentialAction":[{"@type":"ReadAction","target":["https:\/\/www.africa-press.net\/burkina-faso\/dossiers\/burkina-faso-chronique-a-hauteur-de-citoyen-dune-turbulence-politique"]}]},{"@type":"ImageObject","inLanguage":"fr-FR","@id":"https:\/\/www.africa-press.net\/burkina-faso\/dossiers\/burkina-faso-chronique-a-hauteur-de-citoyen-dune-turbulence-politique#primaryimage","url":"https:\/\/static.africa-press.net\/burkina\/sites\/42\/2022\/01\/img-61f0339017e72.jpg","contentUrl":"https:\/\/static.africa-press.net\/burkina\/sites\/42\/2022\/01\/img-61f0339017e72.jpg","width":1250,"height":625,"caption":"Burkina Faso\u00a0: chronique \u00e0 hauteur de citoyen d\u2019une turbulence politique"},{"@type":"BreadcrumbList","@id":"https:\/\/www.africa-press.net\/burkina-faso\/dossiers\/burkina-faso-chronique-a-hauteur-de-citoyen-dune-turbulence-politique#breadcrumb","itemListElement":[{"@type":"ListItem","position":1,"name":"Accueil","item":"https:\/\/www.africa-press.net\/burkina-faso\/"},{"@type":"ListItem","position":2,"name":"Burkina Faso\u00a0: chronique \u00e0 hauteur de citoyen d\u2019une turbulence politique"}]},{"@type":"WebSite","@id":"https:\/\/www.africa-press.net\/burkina-faso\/#website","url":"https:\/\/www.africa-press.net\/burkina-faso\/","name":"Burkina Faso","description":"Just another Africa News Agency Sites site","potentialAction":[{"@type":"SearchAction","target":{"@type":"EntryPoint","urlTemplate":"https:\/\/www.africa-press.net\/burkina-faso\/?s={search_term_string}"},"query-input":{"@type":"PropertyValueSpecification","valueRequired":true,"valueName":"search_term_string"}}],"inLanguage":"fr-FR"},{"@type":"Person","@id":"https:\/\/www.africa-press.net\/burkina-faso\/#\/schema\/person\/2b1cf3cd81a31e3cd26889ca66d677f1","name":"cfeditorfr"}]}},"_links":{"self":[{"href":"https:\/\/www.africa-press.net\/burkina-faso\/wp-json\/wp\/v2\/posts\/31324","targetHints":{"allow":["GET"]}}],"collection":[{"href":"https:\/\/www.africa-press.net\/burkina-faso\/wp-json\/wp\/v2\/posts"}],"about":[{"href":"https:\/\/www.africa-press.net\/burkina-faso\/wp-json\/wp\/v2\/types\/post"}],"author":[{"embeddable":true,"href":"https:\/\/www.africa-press.net\/burkina-faso\/wp-json\/wp\/v2\/users\/82"}],"replies":[{"embeddable":true,"href":"https:\/\/www.africa-press.net\/burkina-faso\/wp-json\/wp\/v2\/comments?post=31324"}],"version-history":[{"count":0,"href":"https:\/\/www.africa-press.net\/burkina-faso\/wp-json\/wp\/v2\/posts\/31324\/revisions"}],"wp:featuredmedia":[{"embeddable":true,"href":"https:\/\/www.africa-press.net\/burkina-faso\/wp-json\/wp\/v2\/media\/31323"}],"wp:attachment":[{"href":"https:\/\/www.africa-press.net\/burkina-faso\/wp-json\/wp\/v2\/media?parent=31324"}],"wp:term":[{"taxonomy":"category","embeddable":true,"href":"https:\/\/www.africa-press.net\/burkina-faso\/wp-json\/wp\/v2\/categories?post=31324"},{"taxonomy":"post_tag","embeddable":true,"href":"https:\/\/www.africa-press.net\/burkina-faso\/wp-json\/wp\/v2\/tags?post=31324"}],"curies":[{"name":"wp","href":"https:\/\/api.w.org\/{rel}","templated":true}]}}