{"id":3202,"date":"2021-01-06T13:27:42","date_gmt":"2021-01-06T13:27:42","guid":{"rendered":"https:\/\/www.africa-press.com\/burkina-faso\/?p=3202"},"modified":"2021-01-06T14:13:34","modified_gmt":"2021-01-06T14:13:34","slug":"lotissement-a-saaba-des-habitants-non-attributaires-reclament-leurs-parcelles","status":"publish","type":"post","link":"https:\/\/www.africa-press.net\/burkina-faso\/toutes-les-actualites\/lotissement-a-saaba-des-habitants-non-attributaires-reclament-leurs-parcelles","title":{"rendered":"Lotissement \u00e0 Saaba: des habitants non attributaires r\u00e9clament \u00ab leurs \u00bb parcelles"},"content":{"rendered":"<p><span style=\"color: #ff6600\"><strong><a href=\"https:\/\/www.africa-press.com\">Africa-Press<\/a> &#8211; <a href=\"https:\/\/www.africa-press.com\/burkina-faso\">Burkina Faso<\/a>. <\/strong><\/span><b>Des habitants de la zone non lotie de Saaba ont organis\u00e9 une assembl\u00e9e g\u00e9n\u00e9rale, le jeudi 31 d\u00e9cembre 2020, pour manifester leur m\u00e9contentement \u00e0 la suite de la publication de la liste d\u2019attribution des parcelles \u00e0 l\u2019issue d\u2019un r\u00e9cent lotissement de leur zone.<\/b><\/p>\n<p>R\u00e9unis au sein des associations Sougouri-Nooma de Kalsin, Taaba-yiinga b\u00e2tisseur et celle des habitants de Nioko 1, des habitants de la zone non lotie de Saaba \u00e0 la sortie Est de Ouagadougou, d\u00e9sapprouvent les attributions des parcelles \u00e0 a suite du lotissement de leur zone. En effet, trois semaines apr\u00e8s la publication de la liste d\u2019attribution des parcelles, ils ont organis\u00e9 une assembl\u00e9e g\u00e9n\u00e9rale, le jeudi 31 d\u00e9cembre 2020, pour traduire leur \u00ab totale d\u00e9sapprobation \u00bb. Selon les explications du pr\u00e9sident de l\u2019Association Sougouri-Nooma de Kalsin, Maurice Ou\u00e9draogo, le recensement des habitants de la zone non lotie a donn\u00e9 pr\u00e8s de 4 000 r\u00e9sidents, alors qu\u2019\u00e0 la publication de la liste d\u2019attribution, seulement 1 959 personnes ont \u00e9t\u00e9 attributaires. \u00ab On nous dit que la zone qu\u2019on habite appartient \u00e0 la SONATUR et qu\u2019on doit lib\u00e9rer les lieux. Pourtant, sur le terrain de 150 ha parcell\u00e9 pour nous, de nombreuses personnes qui ne sont pas r\u00e9sidentes dans notre non loti ont des parcelles et des zones commerciales \u00bb, a-t-il pr\u00e9cis\u00e9. Il a indiqu\u00e9 que la mairie de Saaba a demand\u00e9 \u00e0 ceux qui n\u2019ont pas \u00e9t\u00e9 attributaires, de faire des demandes de parcelles alors qu\u2019elle ne dispose plus de terrain pour eux. \u00ab Nous sommes cat\u00e9goriques. Nous n\u2019en voulons \u00e0 personne. Nous voulons nos parcelles et rien d\u2019autre \u00bb, a-t-il ajout\u00e9.<br \/>\nLors de l\u2019AG, les protestataires ont re\u00e7u le soutien du Mouvement de solidarit\u00e9 pour le droit au logement, membre du r\u00e9seau NoVox international. Son pr\u00e9sident, Seydou Traor\u00e9 les a appel\u00e9s \u00e0 s\u2019unir, \u00e0 parler le m\u00eame langage pour avoir gain de cause. \u00ab Nous allons porter l\u2019affaire devant l\u2019ASCE-LC, la Commission nationale des droits humains, le Mouvement burkinab\u00e8 des droits de l\u2019homme et des peuples et m\u00eame la justice, si n\u00e9cessaire \u00bb, leur a-t-il promis. Pour M. Traor\u00e9, l\u2019acc\u00e8s \u00e0 un logement d\u00e9cent est un droit fondamental pour tout \u00eatre humain. \u00ab A d\u00e9faut de leur trouver des parcelles, il faut restructurer la zone et la viabiliser pour apporter aux populations r\u00e9sidentes, des voies, l\u2019eau, l\u2019\u00e9lectricit\u00e9 et les services sociaux de base notamment les \u00e9coles et les centres de sant\u00e9. Personne ne bougera tant que les gens ne seront pas r\u00e9tablis dans leur droit \u00bb, a-t-il martel\u00e9.<br \/>\nPour avoir la version des autorit\u00e9s communales, nos tentatives de rentrer en contact avec le maire de la commune de Saaba sont rest\u00e9es vaines. Jean-Marie TOE<\/p>\n","protected":false},"excerpt":{"rendered":"<p>Africa-Press &#8211; Burkina Faso. Des habitants de la zone non lotie de Saaba ont organis\u00e9 une assembl\u00e9e g\u00e9n\u00e9rale, le jeudi 31 d\u00e9cembre 2020, pour manifester leur m\u00e9contentement \u00e0 la suite de la publication de la liste d\u2019attribution des parcelles \u00e0 l\u2019issue d\u2019un r\u00e9cent lotissement de leur zone. R\u00e9unis au sein des associations Sougouri-Nooma de Kalsin, [&hellip;]<\/p>\n","protected":false},"author":82,"featured_media":3201,"comment_status":"open","ping_status":"closed","sticky":false,"template":"","format":"standard","meta":{"footnotes":""},"categories":[21,11,10],"tags":[111,725,29,799,581],"class_list":["post-3202","post","type-post","status-publish","format-standard","has-post-thumbnail","hentry","category-communaute","category-homepage-french","category-toutes-les-actualites","tag-africa-press","tag-africa-press-burkina-faso","tag-burkina-faso","tag-lotissement","tag-saaba"],"yoast_head":"<!-- This site is optimized with the Yoast SEO Premium plugin v26.1 (Yoast SEO v27.0) - https:\/\/yoast.com\/product\/yoast-seo-premium-wordpress\/ -->\n<title>Lotissement \u00e0 Saaba: des habitants non attributaires r\u00e9clament \u00ab leurs \u00bb parcelles - Burkina Faso<\/title>\n<meta name=\"description\" content=\"Des habitants de la zone non lotie de Saaba ont organis\u00e9 une assembl\u00e9e g\u00e9n\u00e9rale, le jeudi 31 d\u00e9cembre 2020, pour mani ...\" \/>\n<meta name=\"robots\" content=\"index, follow, max-snippet:-1, max-image-preview:large, max-video-preview:-1\" \/>\n<link rel=\"canonical\" href=\"https:\/\/www.africa-press.net\/burkina-faso\/toutes-les-actualites\/lotissement-a-saaba-des-habitants-non-attributaires-reclament-leurs-parcelles\" \/>\n<meta property=\"og:locale\" content=\"fr_FR\" \/>\n<meta property=\"og:type\" content=\"article\" \/>\n<meta property=\"og:title\" content=\"Lotissement \u00e0 Saaba: des habitants non attributaires r\u00e9clament \u00ab leurs \u00bb parcelles\" \/>\n<meta property=\"og:description\" content=\"Des habitants de la zone non lotie de Saaba ont organis\u00e9 une assembl\u00e9e g\u00e9n\u00e9rale, le jeudi 31 d\u00e9cembre 2020, pour mani ...\" \/>\n<meta property=\"og:url\" content=\"https:\/\/www.africa-press.net\/burkina-faso\/toutes-les-actualites\/lotissement-a-saaba-des-habitants-non-attributaires-reclament-leurs-parcelles\" \/>\n<meta property=\"og:site_name\" content=\"Burkina Faso\" \/>\n<meta property=\"article:published_time\" content=\"2021-01-06T13:27:42+00:00\" \/>\n<meta property=\"article:modified_time\" content=\"2021-01-06T14:13:34+00:00\" \/>\n<meta property=\"og:image\" content=\"https:\/\/static.africa-press.net\/burkina\/sites\/42\/2021\/01\/img-5ff5b8da0cccf.jpg\" \/>\n\t<meta property=\"og:image:width\" content=\"787\" \/>\n\t<meta property=\"og:image:height\" content=\"525\" \/>\n\t<meta property=\"og:image:type\" content=\"image\/jpeg\" \/>\n<meta name=\"author\" content=\"cfeditorfr\" \/>\n<meta name=\"twitter:card\" content=\"summary_large_image\" \/>\n<meta name=\"twitter:label1\" content=\"\u00c9crit par\" \/>\n\t<meta name=\"twitter:data1\" content=\"cfeditorfr\" \/>\n\t<meta name=\"twitter:label2\" content=\"Dur\u00e9e de lecture estim\u00e9e\" \/>\n\t<meta name=\"twitter:data2\" content=\"2 minutes\" \/>\n<script type=\"application\/ld+json\" class=\"yoast-schema-graph\">{\"@context\":\"https:\/\/schema.org\",\"@graph\":[{\"@type\":\"Article\",\"@id\":\"https:\/\/www.africa-press.net\/burkina-faso\/toutes-les-actualites\/lotissement-a-saaba-des-habitants-non-attributaires-reclament-leurs-parcelles#article\",\"isPartOf\":{\"@id\":\"https:\/\/www.africa-press.net\/burkina-faso\/toutes-les-actualites\/lotissement-a-saaba-des-habitants-non-attributaires-reclament-leurs-parcelles\"},\"author\":{\"name\":\"cfeditorfr\",\"@id\":\"https:\/\/www.africa-press.net\/burkina-faso\/#\/schema\/person\/2b1cf3cd81a31e3cd26889ca66d677f1\"},\"headline\":\"Lotissement \u00e0 Saaba: des habitants non attributaires r\u00e9clament \u00ab leurs \u00bb parcelles\",\"datePublished\":\"2021-01-06T13:27:42+00:00\",\"dateModified\":\"2021-01-06T14:13:34+00:00\",\"mainEntityOfPage\":{\"@id\":\"https:\/\/www.africa-press.net\/burkina-faso\/toutes-les-actualites\/lotissement-a-saaba-des-habitants-non-attributaires-reclament-leurs-parcelles\"},\"wordCount\":478,\"commentCount\":0,\"image\":{\"@id\":\"https:\/\/www.africa-press.net\/burkina-faso\/toutes-les-actualites\/lotissement-a-saaba-des-habitants-non-attributaires-reclament-leurs-parcelles#primaryimage\"},\"thumbnailUrl\":\"https:\/\/static.africa-press.net\/burkina\/sites\/42\/2021\/01\/img-5ff5b8da0cccf.jpg\",\"keywords\":[\"Africa Press\",\"Africa Press-Burkina Faso\",\"Burkina Faso\",\"lotissement\",\"Saaba\"],\"articleSection\":[\"Communaut\u00e9\",\"homepage-french\",\"Toutes les actualit\u00e9s\"],\"inLanguage\":\"fr-FR\",\"potentialAction\":[{\"@type\":\"CommentAction\",\"name\":\"Comment\",\"target\":[\"https:\/\/www.africa-press.net\/burkina-faso\/toutes-les-actualites\/lotissement-a-saaba-des-habitants-non-attributaires-reclament-leurs-parcelles#respond\"]}]},{\"@type\":\"WebPage\",\"@id\":\"https:\/\/www.africa-press.net\/burkina-faso\/toutes-les-actualites\/lotissement-a-saaba-des-habitants-non-attributaires-reclament-leurs-parcelles\",\"url\":\"https:\/\/www.africa-press.net\/burkina-faso\/toutes-les-actualites\/lotissement-a-saaba-des-habitants-non-attributaires-reclament-leurs-parcelles\",\"name\":\"Lotissement \u00e0 Saaba: des habitants non attributaires r\u00e9clament \u00ab leurs \u00bb parcelles - Burkina Faso\",\"isPartOf\":{\"@id\":\"https:\/\/www.africa-press.net\/burkina-faso\/#website\"},\"primaryImageOfPage\":{\"@id\":\"https:\/\/www.africa-press.net\/burkina-faso\/toutes-les-actualites\/lotissement-a-saaba-des-habitants-non-attributaires-reclament-leurs-parcelles#primaryimage\"},\"image\":{\"@id\":\"https:\/\/www.africa-press.net\/burkina-faso\/toutes-les-actualites\/lotissement-a-saaba-des-habitants-non-attributaires-reclament-leurs-parcelles#primaryimage\"},\"thumbnailUrl\":\"https:\/\/static.africa-press.net\/burkina\/sites\/42\/2021\/01\/img-5ff5b8da0cccf.jpg\",\"datePublished\":\"2021-01-06T13:27:42+00:00\",\"dateModified\":\"2021-01-06T14:13:34+00:00\",\"author\":{\"@id\":\"https:\/\/www.africa-press.net\/burkina-faso\/#\/schema\/person\/2b1cf3cd81a31e3cd26889ca66d677f1\"},\"description\":\"Des habitants de la zone non lotie de Saaba ont organis\u00e9 une assembl\u00e9e g\u00e9n\u00e9rale, le jeudi 31 d\u00e9cembre 2020, pour mani ...\",\"breadcrumb\":{\"@id\":\"https:\/\/www.africa-press.net\/burkina-faso\/toutes-les-actualites\/lotissement-a-saaba-des-habitants-non-attributaires-reclament-leurs-parcelles#breadcrumb\"},\"inLanguage\":\"fr-FR\",\"potentialAction\":[{\"@type\":\"ReadAction\",\"target\":[\"https:\/\/www.africa-press.net\/burkina-faso\/toutes-les-actualites\/lotissement-a-saaba-des-habitants-non-attributaires-reclament-leurs-parcelles\"]}]},{\"@type\":\"ImageObject\",\"inLanguage\":\"fr-FR\",\"@id\":\"https:\/\/www.africa-press.net\/burkina-faso\/toutes-les-actualites\/lotissement-a-saaba-des-habitants-non-attributaires-reclament-leurs-parcelles#primaryimage\",\"url\":\"https:\/\/static.africa-press.net\/burkina\/sites\/42\/2021\/01\/img-5ff5b8da0cccf.jpg\",\"contentUrl\":\"https:\/\/static.africa-press.net\/burkina\/sites\/42\/2021\/01\/img-5ff5b8da0cccf.jpg\",\"width\":787,\"height\":525,\"caption\":\"Lotissement \u00e0 Saaba: des habitants non attributaires r\u00e9clament \u00ab leurs \u00bb parcelles\"},{\"@type\":\"BreadcrumbList\",\"@id\":\"https:\/\/www.africa-press.net\/burkina-faso\/toutes-les-actualites\/lotissement-a-saaba-des-habitants-non-attributaires-reclament-leurs-parcelles#breadcrumb\",\"itemListElement\":[{\"@type\":\"ListItem\",\"position\":1,\"name\":\"Accueil\",\"item\":\"https:\/\/www.africa-press.net\/burkina-faso\/\"},{\"@type\":\"ListItem\",\"position\":2,\"name\":\"Lotissement \u00e0 Saaba: des habitants non attributaires r\u00e9clament \u00ab leurs \u00bb parcelles\"}]},{\"@type\":\"WebSite\",\"@id\":\"https:\/\/www.africa-press.net\/burkina-faso\/#website\",\"url\":\"https:\/\/www.africa-press.net\/burkina-faso\/\",\"name\":\"Burkina Faso\",\"description\":\"Just another Africa News Agency Sites site\",\"potentialAction\":[{\"@type\":\"SearchAction\",\"target\":{\"@type\":\"EntryPoint\",\"urlTemplate\":\"https:\/\/www.africa-press.net\/burkina-faso\/?s={search_term_string}\"},\"query-input\":{\"@type\":\"PropertyValueSpecification\",\"valueRequired\":true,\"valueName\":\"search_term_string\"}}],\"inLanguage\":\"fr-FR\"},{\"@type\":\"Person\",\"@id\":\"https:\/\/www.africa-press.net\/burkina-faso\/#\/schema\/person\/2b1cf3cd81a31e3cd26889ca66d677f1\",\"name\":\"cfeditorfr\"}]}<\/script>\n<!-- \/ Yoast SEO Premium plugin. -->","yoast_head_json":{"title":"Lotissement \u00e0 Saaba: des habitants non attributaires r\u00e9clament \u00ab leurs \u00bb parcelles - Burkina Faso","description":"Des habitants de la zone non lotie de Saaba ont organis\u00e9 une assembl\u00e9e g\u00e9n\u00e9rale, le jeudi 31 d\u00e9cembre 2020, pour mani ...","robots":{"index":"index","follow":"follow","max-snippet":"max-snippet:-1","max-image-preview":"max-image-preview:large","max-video-preview":"max-video-preview:-1"},"canonical":"https:\/\/www.africa-press.net\/burkina-faso\/toutes-les-actualites\/lotissement-a-saaba-des-habitants-non-attributaires-reclament-leurs-parcelles","og_locale":"fr_FR","og_type":"article","og_title":"Lotissement \u00e0 Saaba: des habitants non attributaires r\u00e9clament \u00ab leurs \u00bb parcelles","og_description":"Des habitants de la zone non lotie de Saaba ont organis\u00e9 une assembl\u00e9e g\u00e9n\u00e9rale, le jeudi 31 d\u00e9cembre 2020, pour mani ...","og_url":"https:\/\/www.africa-press.net\/burkina-faso\/toutes-les-actualites\/lotissement-a-saaba-des-habitants-non-attributaires-reclament-leurs-parcelles","og_site_name":"Burkina Faso","article_published_time":"2021-01-06T13:27:42+00:00","article_modified_time":"2021-01-06T14:13:34+00:00","og_image":[{"width":787,"height":525,"url":"https:\/\/static.africa-press.net\/burkina\/sites\/42\/2021\/01\/img-5ff5b8da0cccf.jpg","type":"image\/jpeg"}],"author":"cfeditorfr","twitter_card":"summary_large_image","twitter_misc":{"\u00c9crit par":"cfeditorfr","Dur\u00e9e de lecture estim\u00e9e":"2 minutes"},"schema":{"@context":"https:\/\/schema.org","@graph":[{"@type":"Article","@id":"https:\/\/www.africa-press.net\/burkina-faso\/toutes-les-actualites\/lotissement-a-saaba-des-habitants-non-attributaires-reclament-leurs-parcelles#article","isPartOf":{"@id":"https:\/\/www.africa-press.net\/burkina-faso\/toutes-les-actualites\/lotissement-a-saaba-des-habitants-non-attributaires-reclament-leurs-parcelles"},"author":{"name":"cfeditorfr","@id":"https:\/\/www.africa-press.net\/burkina-faso\/#\/schema\/person\/2b1cf3cd81a31e3cd26889ca66d677f1"},"headline":"Lotissement \u00e0 Saaba: des habitants non attributaires r\u00e9clament \u00ab leurs \u00bb parcelles","datePublished":"2021-01-06T13:27:42+00:00","dateModified":"2021-01-06T14:13:34+00:00","mainEntityOfPage":{"@id":"https:\/\/www.africa-press.net\/burkina-faso\/toutes-les-actualites\/lotissement-a-saaba-des-habitants-non-attributaires-reclament-leurs-parcelles"},"wordCount":478,"commentCount":0,"image":{"@id":"https:\/\/www.africa-press.net\/burkina-faso\/toutes-les-actualites\/lotissement-a-saaba-des-habitants-non-attributaires-reclament-leurs-parcelles#primaryimage"},"thumbnailUrl":"https:\/\/static.africa-press.net\/burkina\/sites\/42\/2021\/01\/img-5ff5b8da0cccf.jpg","keywords":["Africa Press","Africa Press-Burkina Faso","Burkina Faso","lotissement","Saaba"],"articleSection":["Communaut\u00e9","homepage-french","Toutes les actualit\u00e9s"],"inLanguage":"fr-FR","potentialAction":[{"@type":"CommentAction","name":"Comment","target":["https:\/\/www.africa-press.net\/burkina-faso\/toutes-les-actualites\/lotissement-a-saaba-des-habitants-non-attributaires-reclament-leurs-parcelles#respond"]}]},{"@type":"WebPage","@id":"https:\/\/www.africa-press.net\/burkina-faso\/toutes-les-actualites\/lotissement-a-saaba-des-habitants-non-attributaires-reclament-leurs-parcelles","url":"https:\/\/www.africa-press.net\/burkina-faso\/toutes-les-actualites\/lotissement-a-saaba-des-habitants-non-attributaires-reclament-leurs-parcelles","name":"Lotissement \u00e0 Saaba: des habitants non attributaires r\u00e9clament \u00ab leurs \u00bb parcelles - Burkina Faso","isPartOf":{"@id":"https:\/\/www.africa-press.net\/burkina-faso\/#website"},"primaryImageOfPage":{"@id":"https:\/\/www.africa-press.net\/burkina-faso\/toutes-les-actualites\/lotissement-a-saaba-des-habitants-non-attributaires-reclament-leurs-parcelles#primaryimage"},"image":{"@id":"https:\/\/www.africa-press.net\/burkina-faso\/toutes-les-actualites\/lotissement-a-saaba-des-habitants-non-attributaires-reclament-leurs-parcelles#primaryimage"},"thumbnailUrl":"https:\/\/static.africa-press.net\/burkina\/sites\/42\/2021\/01\/img-5ff5b8da0cccf.jpg","datePublished":"2021-01-06T13:27:42+00:00","dateModified":"2021-01-06T14:13:34+00:00","author":{"@id":"https:\/\/www.africa-press.net\/burkina-faso\/#\/schema\/person\/2b1cf3cd81a31e3cd26889ca66d677f1"},"description":"Des habitants de la zone non lotie de Saaba ont organis\u00e9 une assembl\u00e9e g\u00e9n\u00e9rale, le jeudi 31 d\u00e9cembre 2020, pour mani ...","breadcrumb":{"@id":"https:\/\/www.africa-press.net\/burkina-faso\/toutes-les-actualites\/lotissement-a-saaba-des-habitants-non-attributaires-reclament-leurs-parcelles#breadcrumb"},"inLanguage":"fr-FR","potentialAction":[{"@type":"ReadAction","target":["https:\/\/www.africa-press.net\/burkina-faso\/toutes-les-actualites\/lotissement-a-saaba-des-habitants-non-attributaires-reclament-leurs-parcelles"]}]},{"@type":"ImageObject","inLanguage":"fr-FR","@id":"https:\/\/www.africa-press.net\/burkina-faso\/toutes-les-actualites\/lotissement-a-saaba-des-habitants-non-attributaires-reclament-leurs-parcelles#primaryimage","url":"https:\/\/static.africa-press.net\/burkina\/sites\/42\/2021\/01\/img-5ff5b8da0cccf.jpg","contentUrl":"https:\/\/static.africa-press.net\/burkina\/sites\/42\/2021\/01\/img-5ff5b8da0cccf.jpg","width":787,"height":525,"caption":"Lotissement \u00e0 Saaba: des habitants non attributaires r\u00e9clament \u00ab leurs \u00bb parcelles"},{"@type":"BreadcrumbList","@id":"https:\/\/www.africa-press.net\/burkina-faso\/toutes-les-actualites\/lotissement-a-saaba-des-habitants-non-attributaires-reclament-leurs-parcelles#breadcrumb","itemListElement":[{"@type":"ListItem","position":1,"name":"Accueil","item":"https:\/\/www.africa-press.net\/burkina-faso\/"},{"@type":"ListItem","position":2,"name":"Lotissement \u00e0 Saaba: des habitants non attributaires r\u00e9clament \u00ab leurs \u00bb parcelles"}]},{"@type":"WebSite","@id":"https:\/\/www.africa-press.net\/burkina-faso\/#website","url":"https:\/\/www.africa-press.net\/burkina-faso\/","name":"Burkina Faso","description":"Just another Africa News Agency Sites site","potentialAction":[{"@type":"SearchAction","target":{"@type":"EntryPoint","urlTemplate":"https:\/\/www.africa-press.net\/burkina-faso\/?s={search_term_string}"},"query-input":{"@type":"PropertyValueSpecification","valueRequired":true,"valueName":"search_term_string"}}],"inLanguage":"fr-FR"},{"@type":"Person","@id":"https:\/\/www.africa-press.net\/burkina-faso\/#\/schema\/person\/2b1cf3cd81a31e3cd26889ca66d677f1","name":"cfeditorfr"}]}},"_links":{"self":[{"href":"https:\/\/www.africa-press.net\/burkina-faso\/wp-json\/wp\/v2\/posts\/3202","targetHints":{"allow":["GET"]}}],"collection":[{"href":"https:\/\/www.africa-press.net\/burkina-faso\/wp-json\/wp\/v2\/posts"}],"about":[{"href":"https:\/\/www.africa-press.net\/burkina-faso\/wp-json\/wp\/v2\/types\/post"}],"author":[{"embeddable":true,"href":"https:\/\/www.africa-press.net\/burkina-faso\/wp-json\/wp\/v2\/users\/82"}],"replies":[{"embeddable":true,"href":"https:\/\/www.africa-press.net\/burkina-faso\/wp-json\/wp\/v2\/comments?post=3202"}],"version-history":[{"count":0,"href":"https:\/\/www.africa-press.net\/burkina-faso\/wp-json\/wp\/v2\/posts\/3202\/revisions"}],"wp:featuredmedia":[{"embeddable":true,"href":"https:\/\/www.africa-press.net\/burkina-faso\/wp-json\/wp\/v2\/media\/3201"}],"wp:attachment":[{"href":"https:\/\/www.africa-press.net\/burkina-faso\/wp-json\/wp\/v2\/media?parent=3202"}],"wp:term":[{"taxonomy":"category","embeddable":true,"href":"https:\/\/www.africa-press.net\/burkina-faso\/wp-json\/wp\/v2\/categories?post=3202"},{"taxonomy":"post_tag","embeddable":true,"href":"https:\/\/www.africa-press.net\/burkina-faso\/wp-json\/wp\/v2\/tags?post=3202"}],"curies":[{"name":"wp","href":"https:\/\/api.w.org\/{rel}","templated":true}]}}