{"id":3217,"date":"2021-01-06T14:31:41","date_gmt":"2021-01-06T14:31:41","guid":{"rendered":"https:\/\/www.africa-press.com\/burkina-faso\/?p=3217"},"modified":"2021-01-06T14:12:36","modified_gmt":"2021-01-06T14:12:36","slug":"paren-abdoul-karim-sango-designe-president-du-comite-de-reorganisation-le-parti-veut-reconquerir-sa-premiere-place-sur-lechiquier","status":"publish","type":"post","link":"https:\/\/www.africa-press.net\/burkina-faso\/parties\/paren-abdoul-karim-sango-designe-president-du-comite-de-reorganisation-le-parti-veut-reconquerir-sa-premiere-place-sur-lechiquier","title":{"rendered":"PAREN : Abdoul Karim Sango d\u00e9sign\u00e9 pr\u00e9sident du Comit\u00e9 de r\u00e9organisation, le parti veut reconqu\u00e9rir \u00ab\u00a0sa\u00a0\u00bb premi\u00e8re place sur l&rsquo;\u00e9chiquier"},"content":{"rendered":"<p><span style=\"color: #ff6600\"><strong><a href=\"https:\/\/www.africa-press.com\">Africa-Press<\/a> &#8211; <a href=\"https:\/\/www.africa-press.com\/burkina-faso\">Burkina Faso<\/a>. <\/strong><\/span>Dans une note en date du 3 janvier 2021, le fondateur du Parti pour la renaissance nationale (PAREN), Laurent Bado, a d\u00e9sign\u00e9 les membres du Comit\u00e9 de r\u00e9organisation du parti. A sa t\u00eate, il place Abdoul Karim Sango, ancien ministre de la Culture.<\/p>\n<p>Ce Comit\u00e9 compos\u00e9 de six membres est charg\u00e9 d\u2019exp\u00e9dier les affaires courantes du PAREN. Mais sa t\u00e2che principale c\u2019est de travailler \u00e0 soumettre des suggestions et propositions au prochain congr\u00e8s du parti qui doit se tenir avant les \u00e9lections municipales de 2021.<\/p>\n<p>Le 27 d\u00e9cembre 2020, apr\u00e8s une rencontre sur la \u00ab\u00a0d\u00e9b\u00e2cle\u00a0\u00bb du PAREN aux \u00e9lections coupl\u00e9es du 22 novembre dernier, l\u2019ensemble du bureau ex\u00e9cutif a d\u00e9missionn\u00e9 en bloc pour \u00ab\u00a0t\u00e9moigner de son s\u00e9rieux et de son sens de responsabilit\u00e9\u00a0\u00bb, rappelle Laurent Bado dans sa note.<\/p>\n<p>Une d\u00e9b\u00e2cle que le fondateur du PAREN met \u00e0 l\u2019actif de tout un chacun. Mais l\u2019ambition du parti pour la renaissance nationale c\u2019est de revenir au devant de la sc\u00e8ne politique pour occuper notamment la 1re place. \u00ab\u00a0Pour avoir tous faut\u00e9, nous devons chacun nous ressaisir pour donner au PAREN sa place : la premi\u00e8re sur l\u2019\u00e9chiquier\u00a0\u00bb interpelle Laurent Bado.<\/p>\n","protected":false},"excerpt":{"rendered":"<p>Africa-Press &#8211; Burkina Faso. Dans une note en date du 3 janvier 2021, le fondateur du Parti pour la renaissance nationale (PAREN), Laurent Bado, a d\u00e9sign\u00e9 les membres du Comit\u00e9 de r\u00e9organisation du parti. A sa t\u00eate, il place Abdoul Karim Sango, ancien ministre de la Culture. Ce Comit\u00e9 compos\u00e9 de six membres est charg\u00e9 [&hellip;]<\/p>\n","protected":false},"author":82,"featured_media":3216,"comment_status":"open","ping_status":"closed","sticky":false,"template":"","format":"standard","meta":{"footnotes":""},"categories":[11,4,10],"tags":[111,725,29],"class_list":["post-3217","post","type-post","status-publish","format-standard","has-post-thumbnail","hentry","category-homepage-french","category-parties","category-toutes-les-actualites","tag-africa-press","tag-africa-press-burkina-faso","tag-burkina-faso"],"yoast_head":"<!-- This site is optimized with the Yoast SEO Premium plugin v26.1 (Yoast SEO v27.0) - https:\/\/yoast.com\/product\/yoast-seo-premium-wordpress\/ -->\n<title>PAREN : Abdoul Karim Sango d\u00e9sign\u00e9 pr\u00e9sident du Comit\u00e9 de r\u00e9organisation, le parti veut reconqu\u00e9rir &quot;sa&quot; premi\u00e8re place sur l&#039;\u00e9chiquier - Burkina Faso<\/title>\n<meta name=\"description\" content=\"Dans une note en date du 3 janvier 2021, le fondateur du Parti pour la renaissance nationale (PAREN), Laurent Bado, a d\u00e9 ...\" \/>\n<meta name=\"robots\" content=\"index, follow, max-snippet:-1, max-image-preview:large, max-video-preview:-1\" \/>\n<link rel=\"canonical\" href=\"https:\/\/www.africa-press.net\/burkina-faso\/parties\/paren-abdoul-karim-sango-designe-president-du-comite-de-reorganisation-le-parti-veut-reconquerir-sa-premiere-place-sur-lechiquier\" \/>\n<meta property=\"og:locale\" content=\"fr_FR\" \/>\n<meta property=\"og:type\" content=\"article\" \/>\n<meta property=\"og:title\" content=\"PAREN : Abdoul Karim Sango d\u00e9sign\u00e9 pr\u00e9sident du Comit\u00e9 de r\u00e9organisation, le parti veut reconqu\u00e9rir &quot;sa&quot; premi\u00e8re place sur l&#039;\u00e9chiquier\" \/>\n<meta property=\"og:description\" content=\"Dans une note en date du 3 janvier 2021, le fondateur du Parti pour la renaissance nationale (PAREN), Laurent Bado, a d\u00e9 ...\" \/>\n<meta property=\"og:url\" content=\"https:\/\/www.africa-press.net\/burkina-faso\/parties\/paren-abdoul-karim-sango-designe-president-du-comite-de-reorganisation-le-parti-veut-reconquerir-sa-premiere-place-sur-lechiquier\" \/>\n<meta property=\"og:site_name\" content=\"Burkina Faso\" \/>\n<meta property=\"article:published_time\" content=\"2021-01-06T14:31:41+00:00\" \/>\n<meta property=\"og:image\" content=\"https:\/\/static.africa-press.net\/burkina\/sites\/42\/2021\/01\/img-5ff5bb6796377.jpg\" \/>\n\t<meta property=\"og:image:width\" content=\"720\" \/>\n\t<meta property=\"og:image:height\" content=\"427\" \/>\n\t<meta property=\"og:image:type\" content=\"image\/jpeg\" \/>\n<meta name=\"author\" content=\"cfeditorfr\" \/>\n<meta name=\"twitter:card\" content=\"summary_large_image\" \/>\n<meta name=\"twitter:label1\" content=\"\u00c9crit par\" \/>\n\t<meta name=\"twitter:data1\" content=\"cfeditorfr\" \/>\n\t<meta name=\"twitter:label2\" content=\"Dur\u00e9e de lecture estim\u00e9e\" \/>\n\t<meta name=\"twitter:data2\" content=\"1 minute\" \/>\n<script type=\"application\/ld+json\" class=\"yoast-schema-graph\">{\"@context\":\"https:\/\/schema.org\",\"@graph\":[{\"@type\":\"Article\",\"@id\":\"https:\/\/www.africa-press.net\/burkina-faso\/parties\/paren-abdoul-karim-sango-designe-president-du-comite-de-reorganisation-le-parti-veut-reconquerir-sa-premiere-place-sur-lechiquier#article\",\"isPartOf\":{\"@id\":\"https:\/\/www.africa-press.net\/burkina-faso\/parties\/paren-abdoul-karim-sango-designe-president-du-comite-de-reorganisation-le-parti-veut-reconquerir-sa-premiere-place-sur-lechiquier\"},\"author\":{\"name\":\"cfeditorfr\",\"@id\":\"https:\/\/www.africa-press.net\/burkina-faso\/#\/schema\/person\/2b1cf3cd81a31e3cd26889ca66d677f1\"},\"headline\":\"PAREN : Abdoul Karim Sango d\u00e9sign\u00e9 pr\u00e9sident du Comit\u00e9 de r\u00e9organisation, le parti veut reconqu\u00e9rir \u00ab\u00a0sa\u00a0\u00bb premi\u00e8re place sur l&rsquo;\u00e9chiquier\",\"datePublished\":\"2021-01-06T14:31:41+00:00\",\"mainEntityOfPage\":{\"@id\":\"https:\/\/www.africa-press.net\/burkina-faso\/parties\/paren-abdoul-karim-sango-designe-president-du-comite-de-reorganisation-le-parti-veut-reconquerir-sa-premiere-place-sur-lechiquier\"},\"wordCount\":235,\"commentCount\":0,\"image\":{\"@id\":\"https:\/\/www.africa-press.net\/burkina-faso\/parties\/paren-abdoul-karim-sango-designe-president-du-comite-de-reorganisation-le-parti-veut-reconquerir-sa-premiere-place-sur-lechiquier#primaryimage\"},\"thumbnailUrl\":\"https:\/\/static.africa-press.net\/burkina\/sites\/42\/2021\/01\/img-5ff5bb6796377.jpg\",\"keywords\":[\"Africa Press\",\"Africa Press-Burkina Faso\",\"Burkina Faso\"],\"articleSection\":[\"homepage-french\",\"Parties\",\"Toutes les actualit\u00e9s\"],\"inLanguage\":\"fr-FR\",\"potentialAction\":[{\"@type\":\"CommentAction\",\"name\":\"Comment\",\"target\":[\"https:\/\/www.africa-press.net\/burkina-faso\/parties\/paren-abdoul-karim-sango-designe-president-du-comite-de-reorganisation-le-parti-veut-reconquerir-sa-premiere-place-sur-lechiquier#respond\"]}]},{\"@type\":\"WebPage\",\"@id\":\"https:\/\/www.africa-press.net\/burkina-faso\/parties\/paren-abdoul-karim-sango-designe-president-du-comite-de-reorganisation-le-parti-veut-reconquerir-sa-premiere-place-sur-lechiquier\",\"url\":\"https:\/\/www.africa-press.net\/burkina-faso\/parties\/paren-abdoul-karim-sango-designe-president-du-comite-de-reorganisation-le-parti-veut-reconquerir-sa-premiere-place-sur-lechiquier\",\"name\":\"PAREN : Abdoul Karim Sango d\u00e9sign\u00e9 pr\u00e9sident du Comit\u00e9 de r\u00e9organisation, le parti veut reconqu\u00e9rir \\\"sa\\\" premi\u00e8re place sur l'\u00e9chiquier - Burkina Faso\",\"isPartOf\":{\"@id\":\"https:\/\/www.africa-press.net\/burkina-faso\/#website\"},\"primaryImageOfPage\":{\"@id\":\"https:\/\/www.africa-press.net\/burkina-faso\/parties\/paren-abdoul-karim-sango-designe-president-du-comite-de-reorganisation-le-parti-veut-reconquerir-sa-premiere-place-sur-lechiquier#primaryimage\"},\"image\":{\"@id\":\"https:\/\/www.africa-press.net\/burkina-faso\/parties\/paren-abdoul-karim-sango-designe-president-du-comite-de-reorganisation-le-parti-veut-reconquerir-sa-premiere-place-sur-lechiquier#primaryimage\"},\"thumbnailUrl\":\"https:\/\/static.africa-press.net\/burkina\/sites\/42\/2021\/01\/img-5ff5bb6796377.jpg\",\"datePublished\":\"2021-01-06T14:31:41+00:00\",\"author\":{\"@id\":\"https:\/\/www.africa-press.net\/burkina-faso\/#\/schema\/person\/2b1cf3cd81a31e3cd26889ca66d677f1\"},\"description\":\"Dans une note en date du 3 janvier 2021, le fondateur du Parti pour la renaissance nationale (PAREN), Laurent Bado, a d\u00e9 ...\",\"breadcrumb\":{\"@id\":\"https:\/\/www.africa-press.net\/burkina-faso\/parties\/paren-abdoul-karim-sango-designe-president-du-comite-de-reorganisation-le-parti-veut-reconquerir-sa-premiere-place-sur-lechiquier#breadcrumb\"},\"inLanguage\":\"fr-FR\",\"potentialAction\":[{\"@type\":\"ReadAction\",\"target\":[\"https:\/\/www.africa-press.net\/burkina-faso\/parties\/paren-abdoul-karim-sango-designe-president-du-comite-de-reorganisation-le-parti-veut-reconquerir-sa-premiere-place-sur-lechiquier\"]}]},{\"@type\":\"ImageObject\",\"inLanguage\":\"fr-FR\",\"@id\":\"https:\/\/www.africa-press.net\/burkina-faso\/parties\/paren-abdoul-karim-sango-designe-president-du-comite-de-reorganisation-le-parti-veut-reconquerir-sa-premiere-place-sur-lechiquier#primaryimage\",\"url\":\"https:\/\/static.africa-press.net\/burkina\/sites\/42\/2021\/01\/img-5ff5bb6796377.jpg\",\"contentUrl\":\"https:\/\/static.africa-press.net\/burkina\/sites\/42\/2021\/01\/img-5ff5bb6796377.jpg\",\"width\":720,\"height\":427,\"caption\":\"PAREN : Abdoul Karim Sango d\u00e9sign\u00e9 pr\u00e9sident du Comit\u00e9 de r\u00e9organisation, le parti veut reconqu\u00e9rir \\\"sa\\\" premi\u00e8re place sur l'\u00e9chiquier\"},{\"@type\":\"BreadcrumbList\",\"@id\":\"https:\/\/www.africa-press.net\/burkina-faso\/parties\/paren-abdoul-karim-sango-designe-president-du-comite-de-reorganisation-le-parti-veut-reconquerir-sa-premiere-place-sur-lechiquier#breadcrumb\",\"itemListElement\":[{\"@type\":\"ListItem\",\"position\":1,\"name\":\"Accueil\",\"item\":\"https:\/\/www.africa-press.net\/burkina-faso\/\"},{\"@type\":\"ListItem\",\"position\":2,\"name\":\"PAREN : Abdoul Karim Sango d\u00e9sign\u00e9 pr\u00e9sident du Comit\u00e9 de r\u00e9organisation, le parti veut reconqu\u00e9rir &#8220;sa&#8221; premi\u00e8re place sur l&#8217;\u00e9chiquier\"}]},{\"@type\":\"WebSite\",\"@id\":\"https:\/\/www.africa-press.net\/burkina-faso\/#website\",\"url\":\"https:\/\/www.africa-press.net\/burkina-faso\/\",\"name\":\"Burkina Faso\",\"description\":\"Just another Africa News Agency Sites site\",\"potentialAction\":[{\"@type\":\"SearchAction\",\"target\":{\"@type\":\"EntryPoint\",\"urlTemplate\":\"https:\/\/www.africa-press.net\/burkina-faso\/?s={search_term_string}\"},\"query-input\":{\"@type\":\"PropertyValueSpecification\",\"valueRequired\":true,\"valueName\":\"search_term_string\"}}],\"inLanguage\":\"fr-FR\"},{\"@type\":\"Person\",\"@id\":\"https:\/\/www.africa-press.net\/burkina-faso\/#\/schema\/person\/2b1cf3cd81a31e3cd26889ca66d677f1\",\"name\":\"cfeditorfr\"}]}<\/script>\n<!-- \/ Yoast SEO Premium plugin. -->","yoast_head_json":{"title":"PAREN : Abdoul Karim Sango d\u00e9sign\u00e9 pr\u00e9sident du Comit\u00e9 de r\u00e9organisation, le parti veut reconqu\u00e9rir \"sa\" premi\u00e8re place sur l'\u00e9chiquier - Burkina Faso","description":"Dans une note en date du 3 janvier 2021, le fondateur du Parti pour la renaissance nationale (PAREN), Laurent Bado, a d\u00e9 ...","robots":{"index":"index","follow":"follow","max-snippet":"max-snippet:-1","max-image-preview":"max-image-preview:large","max-video-preview":"max-video-preview:-1"},"canonical":"https:\/\/www.africa-press.net\/burkina-faso\/parties\/paren-abdoul-karim-sango-designe-president-du-comite-de-reorganisation-le-parti-veut-reconquerir-sa-premiere-place-sur-lechiquier","og_locale":"fr_FR","og_type":"article","og_title":"PAREN : Abdoul Karim Sango d\u00e9sign\u00e9 pr\u00e9sident du Comit\u00e9 de r\u00e9organisation, le parti veut reconqu\u00e9rir \"sa\" premi\u00e8re place sur l'\u00e9chiquier","og_description":"Dans une note en date du 3 janvier 2021, le fondateur du Parti pour la renaissance nationale (PAREN), Laurent Bado, a d\u00e9 ...","og_url":"https:\/\/www.africa-press.net\/burkina-faso\/parties\/paren-abdoul-karim-sango-designe-president-du-comite-de-reorganisation-le-parti-veut-reconquerir-sa-premiere-place-sur-lechiquier","og_site_name":"Burkina Faso","article_published_time":"2021-01-06T14:31:41+00:00","og_image":[{"width":720,"height":427,"url":"https:\/\/static.africa-press.net\/burkina\/sites\/42\/2021\/01\/img-5ff5bb6796377.jpg","type":"image\/jpeg"}],"author":"cfeditorfr","twitter_card":"summary_large_image","twitter_misc":{"\u00c9crit par":"cfeditorfr","Dur\u00e9e de lecture estim\u00e9e":"1 minute"},"schema":{"@context":"https:\/\/schema.org","@graph":[{"@type":"Article","@id":"https:\/\/www.africa-press.net\/burkina-faso\/parties\/paren-abdoul-karim-sango-designe-president-du-comite-de-reorganisation-le-parti-veut-reconquerir-sa-premiere-place-sur-lechiquier#article","isPartOf":{"@id":"https:\/\/www.africa-press.net\/burkina-faso\/parties\/paren-abdoul-karim-sango-designe-president-du-comite-de-reorganisation-le-parti-veut-reconquerir-sa-premiere-place-sur-lechiquier"},"author":{"name":"cfeditorfr","@id":"https:\/\/www.africa-press.net\/burkina-faso\/#\/schema\/person\/2b1cf3cd81a31e3cd26889ca66d677f1"},"headline":"PAREN : Abdoul Karim Sango d\u00e9sign\u00e9 pr\u00e9sident du Comit\u00e9 de r\u00e9organisation, le parti veut reconqu\u00e9rir \u00ab\u00a0sa\u00a0\u00bb premi\u00e8re place sur l&rsquo;\u00e9chiquier","datePublished":"2021-01-06T14:31:41+00:00","mainEntityOfPage":{"@id":"https:\/\/www.africa-press.net\/burkina-faso\/parties\/paren-abdoul-karim-sango-designe-president-du-comite-de-reorganisation-le-parti-veut-reconquerir-sa-premiere-place-sur-lechiquier"},"wordCount":235,"commentCount":0,"image":{"@id":"https:\/\/www.africa-press.net\/burkina-faso\/parties\/paren-abdoul-karim-sango-designe-president-du-comite-de-reorganisation-le-parti-veut-reconquerir-sa-premiere-place-sur-lechiquier#primaryimage"},"thumbnailUrl":"https:\/\/static.africa-press.net\/burkina\/sites\/42\/2021\/01\/img-5ff5bb6796377.jpg","keywords":["Africa Press","Africa Press-Burkina Faso","Burkina Faso"],"articleSection":["homepage-french","Parties","Toutes les actualit\u00e9s"],"inLanguage":"fr-FR","potentialAction":[{"@type":"CommentAction","name":"Comment","target":["https:\/\/www.africa-press.net\/burkina-faso\/parties\/paren-abdoul-karim-sango-designe-president-du-comite-de-reorganisation-le-parti-veut-reconquerir-sa-premiere-place-sur-lechiquier#respond"]}]},{"@type":"WebPage","@id":"https:\/\/www.africa-press.net\/burkina-faso\/parties\/paren-abdoul-karim-sango-designe-president-du-comite-de-reorganisation-le-parti-veut-reconquerir-sa-premiere-place-sur-lechiquier","url":"https:\/\/www.africa-press.net\/burkina-faso\/parties\/paren-abdoul-karim-sango-designe-president-du-comite-de-reorganisation-le-parti-veut-reconquerir-sa-premiere-place-sur-lechiquier","name":"PAREN : Abdoul Karim Sango d\u00e9sign\u00e9 pr\u00e9sident du Comit\u00e9 de r\u00e9organisation, le parti veut reconqu\u00e9rir \"sa\" premi\u00e8re place sur l'\u00e9chiquier - Burkina Faso","isPartOf":{"@id":"https:\/\/www.africa-press.net\/burkina-faso\/#website"},"primaryImageOfPage":{"@id":"https:\/\/www.africa-press.net\/burkina-faso\/parties\/paren-abdoul-karim-sango-designe-president-du-comite-de-reorganisation-le-parti-veut-reconquerir-sa-premiere-place-sur-lechiquier#primaryimage"},"image":{"@id":"https:\/\/www.africa-press.net\/burkina-faso\/parties\/paren-abdoul-karim-sango-designe-president-du-comite-de-reorganisation-le-parti-veut-reconquerir-sa-premiere-place-sur-lechiquier#primaryimage"},"thumbnailUrl":"https:\/\/static.africa-press.net\/burkina\/sites\/42\/2021\/01\/img-5ff5bb6796377.jpg","datePublished":"2021-01-06T14:31:41+00:00","author":{"@id":"https:\/\/www.africa-press.net\/burkina-faso\/#\/schema\/person\/2b1cf3cd81a31e3cd26889ca66d677f1"},"description":"Dans une note en date du 3 janvier 2021, le fondateur du Parti pour la renaissance nationale (PAREN), Laurent Bado, a d\u00e9 ...","breadcrumb":{"@id":"https:\/\/www.africa-press.net\/burkina-faso\/parties\/paren-abdoul-karim-sango-designe-president-du-comite-de-reorganisation-le-parti-veut-reconquerir-sa-premiere-place-sur-lechiquier#breadcrumb"},"inLanguage":"fr-FR","potentialAction":[{"@type":"ReadAction","target":["https:\/\/www.africa-press.net\/burkina-faso\/parties\/paren-abdoul-karim-sango-designe-president-du-comite-de-reorganisation-le-parti-veut-reconquerir-sa-premiere-place-sur-lechiquier"]}]},{"@type":"ImageObject","inLanguage":"fr-FR","@id":"https:\/\/www.africa-press.net\/burkina-faso\/parties\/paren-abdoul-karim-sango-designe-president-du-comite-de-reorganisation-le-parti-veut-reconquerir-sa-premiere-place-sur-lechiquier#primaryimage","url":"https:\/\/static.africa-press.net\/burkina\/sites\/42\/2021\/01\/img-5ff5bb6796377.jpg","contentUrl":"https:\/\/static.africa-press.net\/burkina\/sites\/42\/2021\/01\/img-5ff5bb6796377.jpg","width":720,"height":427,"caption":"PAREN : Abdoul Karim Sango d\u00e9sign\u00e9 pr\u00e9sident du Comit\u00e9 de r\u00e9organisation, le parti veut reconqu\u00e9rir \"sa\" premi\u00e8re place sur l'\u00e9chiquier"},{"@type":"BreadcrumbList","@id":"https:\/\/www.africa-press.net\/burkina-faso\/parties\/paren-abdoul-karim-sango-designe-president-du-comite-de-reorganisation-le-parti-veut-reconquerir-sa-premiere-place-sur-lechiquier#breadcrumb","itemListElement":[{"@type":"ListItem","position":1,"name":"Accueil","item":"https:\/\/www.africa-press.net\/burkina-faso\/"},{"@type":"ListItem","position":2,"name":"PAREN : Abdoul Karim Sango d\u00e9sign\u00e9 pr\u00e9sident du Comit\u00e9 de r\u00e9organisation, le parti veut reconqu\u00e9rir &#8220;sa&#8221; premi\u00e8re place sur l&#8217;\u00e9chiquier"}]},{"@type":"WebSite","@id":"https:\/\/www.africa-press.net\/burkina-faso\/#website","url":"https:\/\/www.africa-press.net\/burkina-faso\/","name":"Burkina Faso","description":"Just another Africa News Agency Sites site","potentialAction":[{"@type":"SearchAction","target":{"@type":"EntryPoint","urlTemplate":"https:\/\/www.africa-press.net\/burkina-faso\/?s={search_term_string}"},"query-input":{"@type":"PropertyValueSpecification","valueRequired":true,"valueName":"search_term_string"}}],"inLanguage":"fr-FR"},{"@type":"Person","@id":"https:\/\/www.africa-press.net\/burkina-faso\/#\/schema\/person\/2b1cf3cd81a31e3cd26889ca66d677f1","name":"cfeditorfr"}]}},"_links":{"self":[{"href":"https:\/\/www.africa-press.net\/burkina-faso\/wp-json\/wp\/v2\/posts\/3217","targetHints":{"allow":["GET"]}}],"collection":[{"href":"https:\/\/www.africa-press.net\/burkina-faso\/wp-json\/wp\/v2\/posts"}],"about":[{"href":"https:\/\/www.africa-press.net\/burkina-faso\/wp-json\/wp\/v2\/types\/post"}],"author":[{"embeddable":true,"href":"https:\/\/www.africa-press.net\/burkina-faso\/wp-json\/wp\/v2\/users\/82"}],"replies":[{"embeddable":true,"href":"https:\/\/www.africa-press.net\/burkina-faso\/wp-json\/wp\/v2\/comments?post=3217"}],"version-history":[{"count":0,"href":"https:\/\/www.africa-press.net\/burkina-faso\/wp-json\/wp\/v2\/posts\/3217\/revisions"}],"wp:featuredmedia":[{"embeddable":true,"href":"https:\/\/www.africa-press.net\/burkina-faso\/wp-json\/wp\/v2\/media\/3216"}],"wp:attachment":[{"href":"https:\/\/www.africa-press.net\/burkina-faso\/wp-json\/wp\/v2\/media?parent=3217"}],"wp:term":[{"taxonomy":"category","embeddable":true,"href":"https:\/\/www.africa-press.net\/burkina-faso\/wp-json\/wp\/v2\/categories?post=3217"},{"taxonomy":"post_tag","embeddable":true,"href":"https:\/\/www.africa-press.net\/burkina-faso\/wp-json\/wp\/v2\/tags?post=3217"}],"curies":[{"name":"wp","href":"https:\/\/api.w.org\/{rel}","templated":true}]}}