{"id":33368,"date":"2022-02-19T18:47:31","date_gmt":"2022-02-19T18:47:31","guid":{"rendered":"https:\/\/www.africa-press.net\/burkina-faso\/politique\/transition-du-burkina-faso-et-les-politiques-dans-tout-ca"},"modified":"2022-02-19T19:07:42","modified_gmt":"2022-02-19T19:07:42","slug":"transition-du-burkina-faso-et-les-politiques-dans-tout-ca","status":"publish","type":"post","link":"https:\/\/www.africa-press.net\/burkina-faso\/dossiers\/transition-du-burkina-faso-et-les-politiques-dans-tout-ca","title":{"rendered":"Transition du Burkina Faso\u00a0: et les politiques dans tout \u00e7a\u00a0?"},"content":{"rendered":"<p><span style=\"color: #ff6600\"><strong>Africa-Press &#8211; Burkina Faso. <\/strong><\/span>Quand le coup d&rsquo;\u00c9tat du 24 janvier a \u00e9t\u00e9 confirm\u00e9 par le Mouvement patriotique pour la sauvegarde et la restauration (MPSR), plus d&rsquo;un observateur s&rsquo;est interrog\u00e9 sur le devenir de la classe politique. Condamnations, regrets, appels \u00e0 la sauvegarde des acquis de d\u00e9veloppement, demandes de lib\u00e9ration de l&rsquo;ancien chef de l&rsquo;\u00c9tat, Roch Kabor\u00e9 \u2013 qui jusque-l\u00e0 est assign\u00e9 en r\u00e9sidence surveill\u00e9e \u2013, professions de foi \u00e0 l&rsquo;endroit des nouveaux dirigeants : beaucoup a \u00e9t\u00e9 dit par les diff\u00e9rents acteurs politiques. Dans la foul\u00e9e, le nouveau locataire de la pr\u00e9sidence, Paul-Henri Sandaogo Damiba, a pris contact avec des repr\u00e9sentants de partis politiques qu&rsquo;il a appel\u00e9s \u00e0 la retenue \u00ab afin de ne pas compromettre les r\u00e9formes qui seront engag\u00e9es \u00bb, selon les mots de certains participants. Quel effet a eu cette exhortation dans la nouvelle dynamique de la classe politique ? Comment se comporte-t-elle d\u00e9sormais ? Quel regard les citoyens posent-ils sur cette classe politique ? \u00c9l\u00e9ments de r\u00e9ponses.<\/p>\n<p><b>La course aux d\u00e9clarations<\/b><\/p>\n<p>\u00ab Le 24 janvier 2022, un groupe de militaires a d\u00e9cid\u00e9 de la mise en \u0153uvre de ce qui n&rsquo;\u00e9tait plus qu&rsquo;un secret de polichinelle. Ils ont ainsi port\u00e9 un coup d&rsquo;arr\u00eat \u00e0 notre d\u00e9mocratie et install\u00e9 le Mouvement patriotique pour la sauvegarde et la restauration [MPSR] \u00bb : ce bout de phrase est tir\u00e9 d&rsquo;une d\u00e9claration de l&rsquo;ex-parti au pouvoir, le Mouvement du peuple pour le progr\u00e8s, deux jours apr\u00e8s le renversement de Roch Kabor\u00e9. Dans cette d\u00e9claration, le MPP d\u00e9non\u00e7ait un \u00ab mode anticonstitutionnel d&rsquo;accession au pouvoir \u00bb qui \u00ab comporte de nombreux risques \u00bb pour le pays, dont \u00ab l&rsquo;\u00e9corchement de son image \u00bb, tout en affirmant sa \u00ab disponibilit\u00e9 \u00e0 jouer sa partition, aux c\u00f4t\u00e9s du peuple pour son \u00e9panouissement \u00bb.<\/p>\n<p>\u00c0 l&rsquo;instar de l&rsquo;ex-parti au pouvoir, le reste de la classe politique n&rsquo;est pas rest\u00e9 indiff\u00e9rent au changement op\u00e9r\u00e9 \u00e0 la t\u00eate de l&rsquo;\u00c9tat, r\u00e9agissant \u00e0 coups de communiqu\u00e9s de presse. Quand ce n&rsquo;est pas l&rsquo;Unir-MPS, membre de l&rsquo;Alliance des partis de l&rsquo;ex-majorit\u00e9 pr\u00e9sidentielle, qui \u00ab f\u00e9licite \u00bb le pr\u00e9sident du MPSR, Paul-Henri Sandaogo Damiba, pour \u00ab sa fermet\u00e9 dans un esprit de conciliation \u00bb, par exemple, ce sont des partis de l&rsquo;opposition, avec \u00e0 la t\u00eate leur chef de file, Eddie Kombo\u00efgo, qui disent marquer leur \u00ab disponibilit\u00e9 \u00e0 appr\u00e9cier la vision qui leur sera soumise \u00bb par les nouvelles autorit\u00e9s. Mais tout cela, c&rsquo;\u00e9tait tout juste au lendemain du putsch. Car apr\u00e8s une rencontre avec le chef de l&rsquo;\u00c9tat, le 1er f\u00e9vrier, les prises de parole au sein de la classe politique sont devenues aussi rares qu&rsquo;un merle blanc.<\/p>\n<p><b>\u00ab Un militantisme responsable \u00bb<\/b><\/p>\n<p>En substance, le patron du MPSR avait pr\u00f4n\u00e9 un accompagnement d\u00e9sint\u00e9ress\u00e9 de la part des acteurs politiques. \u00ab Le chef de l&rsquo;\u00c9tat a demand\u00e9 aux partis politiques d&rsquo;avoir plus de responsabilit\u00e9s dans le militantisme au cours de cette phase de la vie nationale en cours pour ne pas compromettre les r\u00e9formes qui seront engag\u00e9es \u00bb, avait d\u00e9clar\u00e9 le Pr Abdoulaye Soma, pr\u00e9sident du parti Soleil d&rsquo;avenir et porte-parole de l&rsquo;ex-opposition non affili\u00e9e, regroupement de partis non-membres du cadre de concertation de l&rsquo;ex-chef de file de l&rsquo;opposition. \u00c0 l&rsquo;oreille de certains, cette exhortation du lieutenant-colonel Sandaogo Damiba a sonn\u00e9 comme une mise en garde. Tant et si bien que, depuis lors, c&rsquo;est \u00e0 peine si les figures politiques n&rsquo;ont pas disparu des radars, alors m\u00eame que le d\u00e9bat public autour du processus de transition s&rsquo;intensifie. Plus de d\u00e9clarations, peu de sorties m\u00e9diatiques.<\/p>\n<p>Lutre antiterroriste et r\u00e9conciliation sont les astuces cl\u00e9s pour r\u00e9ussir la transition, selon Hermann Yameogo.<\/p>\n<p>Mais qu&rsquo;est-ce qui est d&rsquo;actualit\u00e9 au sein des partis ? Que dit-on de la \u00ab mise en touche \u00bb par les nouvelles autorit\u00e9s ? Que reste-t-il \u00e0 faire pour les formations politiques anciennement membres de l&rsquo;opposition ou de la majorit\u00e9 pr\u00e9sidentielle ? Quelles suggestions pour r\u00e9ussir la transition ? Celle-ci est-elle envisageable sans la participation active de la classe politique ? En adressant ces interrogations \u00e0 des responsables politiques, les r\u00e9ponses sont diverses et d\u00e9pendent du bord politique.<\/p>\n<p><b>Qu&rsquo;est-ce qu&rsquo;une bonne transition ?<\/b><\/p>\n<p>Pour Me Hermann Yameogo, pr\u00e9sident de l&rsquo;UNDD, l&rsquo;un des plus vieux partis d&rsquo;opposition, la r\u00e9ussite de la transition passe n\u00e9cessairement par \u00ab le patriotisme \u00bb, lequel doit pr\u00e9valoir pour \u00ab la sauvegarde et la restauration de la nation aussi bien dans ses valeurs d\u00e9chues que dans ses territoires perdus \u00bb. En clair, la priorit\u00e9 doit \u00eatre accord\u00e9e \u00e0 la lutte contre le terrorisme et, \u00e0 c\u00f4t\u00e9, \u00ab l&rsquo;union sacr\u00e9e par la r\u00e9conciliation \u00bb, estime Hermann Yameogo, fils du tout premier pr\u00e9sident burkinab\u00e9 Maurice Yameogo. Et de citer l&rsquo;exemple de l&rsquo;ancien chef de l&rsquo;\u00c9tat fran\u00e7ais, Raymond Poincar\u00e9 qui, \u00ab en apportant des r\u00e9ponses \u00e0 des attentes insatisfaites de l&rsquo;\u00c9glise et des syndicats, a su susciter l&rsquo;union sacr\u00e9e des Fran\u00e7ais pour faire face \u00e0 la guerre \u00bb, le contexte burkinab\u00e8 \u00e9tant marqu\u00e9 par la persistance des attaques terroristes.<\/p>\n<p>Miser sur la lutte antiterroriste, c&rsquo;est aussi l&rsquo;avis de L\u00e9once Kon\u00e9, anciennement membre du CDP de l&rsquo;ex-pr\u00e9sident Blaise Compaor\u00e9 et aujourd&rsquo;hui \u00e0 la t\u00eate d&rsquo;une formation politique, Rupture positive. \u00ab Les nouvelles autorit\u00e9s ont indiqu\u00e9 que leur priorit\u00e9 absolue sera d&rsquo;intensifier la guerre contre le terrorisme, en se fixant comme objectif concret de reconqu\u00e9rir les zones perdues par l&rsquo;\u00c9tat et d&rsquo;y r\u00e9installer les populations dans de bonnes conditions de vie et de s\u00e9curit\u00e9. C&rsquo;est \u00e0 cette aune que se mesurera le succ\u00e8s de leur action \u00bb, estime L\u00e9once Kon\u00e9. \u00ab Renforcer \u00bb par ailleurs \u00ab la coh\u00e9sion nationale et les programmes de d\u00e9veloppement locaux \u00bb, d&rsquo;autant plus qu&rsquo;\u00ab il ne faut pas perdre de vue le fait que les terroristes sont parvenus \u00e0 recruter dans leurs rangs de nombreux jeunes Burkinab\u00e8 qui leur servent de suppl\u00e9tifs. Si bien que ce conflit prend parfois les allures d&rsquo;une guerre civile entre Burkinab\u00e8, dont on ne mesure pas les d\u00e9veloppements futurs \u00bb, poursuit-il. Un autre aspect \u00e0 ne pas occulter, c&rsquo;est \u00ab l&rsquo;organisation d&rsquo;un retour du pays \u00e0 un ordre constitutionnel normal \u00bb, conclut le cadre de banque qui pr\u00e9conise \u00ab un d\u00e9lai de deux ans pour la tenue d&rsquo;\u00e9lections \u00bb.<\/p>\n<p>Boureima Thiombiano SG de l&rsquo;Unir Mps pense que les politiques pourront jouer leur partition sans leur manteau politique, dans l\u2019int\u00e9r\u00eat sup\u00e9rieur de la nation.<\/p>\n<p>S\u00e9curiser et r\u00e9concilier, oui, mais il faudra \u00ab marquer la rupture dans la gouvernance par la lutte contre la corruption, l&rsquo;impunit\u00e9 et tous ces maux d&rsquo;injustice qui minent notre nation \u00bb, soutient pour sa part le secr\u00e9taire g\u00e9n\u00e9ral de l&rsquo;Unir\/MPSR, Boureima Thiombiano.<\/p>\n<p><b>Une place inconfortable<\/b><\/p>\n<p>Invit\u00e9e \u00e0 plus observer qu&rsquo;\u00e0 mettre la main \u00e0 la p\u00e2te, la classe politique \u2013 une bonne partie d&rsquo;elle \u2013 ne se montre pas confortablement assise dans la place qui lui a \u00e9t\u00e9 attribu\u00e9e par les nouvelles autorit\u00e9s. Pour Hermann Yameogo, \u00ab il n&rsquo;est pas juste de disposer tous les partis sans distinction sur le banc des accus\u00e9s \u00bb, convaincu que \u00ab certains d&rsquo;entre eux, comme l&rsquo;UNDD, ont toujours jou\u00e9 leur r\u00f4le d&rsquo;opposant en d\u00e9non\u00e7ant l&rsquo;incomp\u00e9tence et l&rsquo;irresponsabilit\u00e9\u0301 du tenant en chef du r\u00e9gime d\u00e9funt \u00bb.<\/p>\n<p>Pour L\u00e9once Kon\u00e9, il faut \u00ab marquer la rupture dans la gouvernance par la lutte contre la corruption et l\u2019impunit\u00e9.<\/p>\n<p>Pour sa part, L\u00e9once Kon\u00e9 se montre compr\u00e9hensif : \u00ab Je garde un mauvais souvenir du r\u00f4le n\u00e9faste qu&rsquo;ont jou\u00e9 les partis politiques et certaines organisations de la soci\u00e9t\u00e9 civile dans la transition pr\u00e9c\u00e9dente de 2015, apr\u00e8s l&rsquo;insurrection de 2014 \u00bb qui avait entra\u00een\u00e9 la chute de Blaise Compaor\u00e9. \u00ab Cette transition a \u00e9t\u00e9 domin\u00e9e par la volont\u00e9 de revanche \u00e0 l&rsquo;\u00e9gard des dirigeants, des militants et m\u00eame des sympathisants, av\u00e9r\u00e9s ou suppos\u00e9s du r\u00e9gime de Blaise Compaor\u00e9. Ce qui a m\u00eame conduit \u00e0 l&rsquo;adoption d&rsquo;une loi excluant certains cadres des partis proches de ce r\u00e9gime des \u00e9lections pr\u00e9sidentielle et l\u00e9gislatives de 2015. Ces mesures d&rsquo;exclusion ont \u00e9t\u00e9 maintenues et appliqu\u00e9es, en violation flagrante d&rsquo;un jugement de la Cour de justice de la Cedeao. Sans compter tous les autres travers que l&rsquo;immixtion des politiques dans la gestion de la transition a provoqu\u00e9s, y compris parmi les militaires de divers bords. Donc je comprends parfaitement la volont\u00e9 des dirigeants actuels de ne pas tomber dans les m\u00eames \u00e9cueils \u00bb, explique le leader de Rupture positive, \u00ab loin de consid\u00e9rer la classe politique comme la cause des malheurs du Burkina \u00bb.<\/p>\n<p><b>L&rsquo;int\u00e9r\u00eat sup\u00e9rieur de la nation<\/b><\/p>\n<p>Pour bien d&rsquo;anciens acteurs de la sc\u00e8ne politique, il sera tout de m\u00eame \u00ab difficile \u00bb de conduire le processus sans associer la classe politique. \u00ab Franchement, je ne vois pas comment cette transition peut \u00eatre conduite jusqu&rsquo;\u00e0 son terme sans que les partis politiques soient consult\u00e9s et associ\u00e9s \u00e0 la dynamique des r\u00e9formes, \u00e0 un moment ou \u00e0 un autre, sous une forme ou sous une autre. Ne serait-ce que lorsque viendra le moment d&rsquo;aborder les questions constitutionnelles et \u00e9lectorales \u00bb, soutient L\u00e9once Kon\u00e9. Dans la m\u00eame veine, Boureima Thiombiano estime que \u00ab les politiques sont avant tout des Burkinab\u00e8 et pourront agir sans leur manteau politique dans l&rsquo;int\u00e9r\u00eat sup\u00e9rieur de la nation si tel devait \u00eatre le cas, comme le chef de l&rsquo;\u00c9tat semble l&rsquo;entendre \u00bb.<\/p>\n<p><b>Des citoyens peu confiants<\/b><\/p>\n<p>Mais \u00e0 l&rsquo;ext\u00e9rieur du cercle des partis, la classe politique est jug\u00e9e, condamn\u00e9e par une frange de la population. Anatole Antagnaba, vendeur de v\u00eatements au march\u00e9 central de Ouagadougou, dit tout haut ce que nombre de personnes pensent tout bas. Il estime que les acteurs politiques ont \u00e9chou\u00e9 et que cet \u00e9chec est \u00e0 l&rsquo;origine de l&rsquo;av\u00e8nement du MPSR. \u00c9tudiant en communication d&rsquo;entreprise, Maximien Som\u00e9 d\u00e9finit l&rsquo;homme politique comme celui qui ne vise que ses int\u00e9r\u00eats. Il croit peu \u00e0 la sinc\u00e9rit\u00e9 de la classe politique quant \u00e0 un accompagnement d\u00e9sint\u00e9ress\u00e9 du processus de transition. Mais \u00ab l&rsquo;int\u00e9gration des hommes politiques sera la base de la r\u00e9ussite du processus \u00bb, se convainc-t-il. Romaric Lompo, \u00e9tudiant en g\u00e9ographie, ne dit pas le contraire. \u00ab Cette p\u00e9riode de transition doit \u00eatre l&rsquo;occasion d&rsquo;assainir la sc\u00e8ne politique, au risque de voir r\u00e9appara\u00eetre les m\u00eames figures d&rsquo;hier et retomber \u00e0 l&rsquo;avenir dans les m\u00eames erreurs, toute chose qui compromet le d\u00e9veloppement. \u00bb Pour le g\u00e9ographe en devenir, la classe politique, tout comme la soci\u00e9t\u00e9 civile, de par leurs discours, contribue \u00e0 la fracture sociale \u00bb et cela doit susciter la m\u00e9fiance des nouvelles autorit\u00e9s \u00ab si tant est que l&rsquo;objectif est de r\u00e9ussir la transition \u00bb.<\/p>\n<p>Romaric Lompo, \u00e9tudiant en Master 2 \u00e0 l&rsquo;universit\u00e9 Joseph Ki-Zerbo de Ouagadougou.<\/p>\n<p>Ce discr\u00e9dit des populations envers les politiques, on en est conscients au sein de certains partis. Comme celui de Me Hermann Yameogo qui estime que la mise en touche de l&rsquo;entit\u00e9 politique, telle que d\u00e9cid\u00e9e par le MPSR, offre \u00ab l&rsquo;occasion d&rsquo;une grande r\u00e9flexion des partis sur les repentances et r\u00e9g\u00e9n\u00e9rescences qui s&rsquo;imposent \u00e0 eux \u00bb.<\/p>\n<p><strong>Pour plus d&rsquo;informations et d&rsquo;analyses sur la <a href=\"https:\/\/www.africa-press.net\/burkina-faso\">Burkina Faso<\/a>, suivez <a href=\"https:\/\/www.africa-press.net\/\">Africa-Press<\/a><\/strong><\/p>\n","protected":false},"excerpt":{"rendered":"<p>Africa-Press &#8211; Burkina Faso. Quand le coup d&rsquo;\u00c9tat du 24 janvier a \u00e9t\u00e9 confirm\u00e9 par le Mouvement patriotique pour la sauvegarde et la restauration (MPSR), plus d&rsquo;un observateur s&rsquo;est interrog\u00e9 sur le devenir de la classe politique. Condamnations, regrets, appels \u00e0 la sauvegarde des acquis de d\u00e9veloppement, demandes de lib\u00e9ration de l&rsquo;ancien chef de l&rsquo;\u00c9tat, [&hellip;]<\/p>\n","protected":false},"author":82,"featured_media":33367,"comment_status":"open","ping_status":"closed","sticky":false,"template":"","format":"standard","meta":{"footnotes":""},"categories":[7,11,20,10],"tags":[111,725,149,29,738,150],"class_list":["post-33368","post","type-post","status-publish","format-standard","has-post-thumbnail","hentry","category-dossiers","category-homepage-french","category-top-nouvelles","category-toutes-les-actualites","tag-africa-press","tag-africa-press-burkina-faso","tag-afrique","tag-burkina-faso","tag-internationales","tag-politique"],"yoast_head":"<!-- This site is optimized with the Yoast SEO Premium plugin v26.1 (Yoast SEO v27.0) - https:\/\/yoast.com\/product\/yoast-seo-premium-wordpress\/ -->\n<title>Transition du Burkina Faso\u00a0: et les politiques dans tout \u00e7a\u00a0? - Burkina Faso<\/title>\n<meta name=\"description\" content=\"Quand le coup d&#039;\u00c9tat du 24 janvier a \u00e9t\u00e9 confirm\u00e9 par le Mouvement patriotique pour la sauvegarde et la restauration (MP ...\" \/>\n<meta name=\"robots\" content=\"index, follow, max-snippet:-1, max-image-preview:large, max-video-preview:-1\" \/>\n<link rel=\"canonical\" href=\"https:\/\/www.africa-press.net\/burkina-faso\/dossiers\/transition-du-burkina-faso-et-les-politiques-dans-tout-ca\" \/>\n<meta property=\"og:locale\" content=\"fr_FR\" \/>\n<meta property=\"og:type\" content=\"article\" \/>\n<meta property=\"og:title\" content=\"Transition du Burkina Faso\u00a0: et les politiques dans tout \u00e7a\u00a0?\" \/>\n<meta property=\"og:description\" content=\"Quand le coup d&#039;\u00c9tat du 24 janvier a \u00e9t\u00e9 confirm\u00e9 par le Mouvement patriotique pour la sauvegarde et la restauration (MP ...\" \/>\n<meta property=\"og:url\" content=\"https:\/\/www.africa-press.net\/burkina-faso\/dossiers\/transition-du-burkina-faso-et-les-politiques-dans-tout-ca\" \/>\n<meta property=\"og:site_name\" content=\"Burkina Faso\" \/>\n<meta property=\"article:published_time\" content=\"2022-02-19T18:47:31+00:00\" \/>\n<meta property=\"article:modified_time\" content=\"2022-02-19T19:07:42+00:00\" \/>\n<meta property=\"og:image\" content=\"https:\/\/static.africa-press.net\/burkina\/sites\/42\/2022\/02\/img-62113faf01b57.jpg\" \/>\n\t<meta property=\"og:image:width\" content=\"1250\" \/>\n\t<meta property=\"og:image:height\" content=\"625\" \/>\n\t<meta property=\"og:image:type\" content=\"image\/jpeg\" \/>\n<meta name=\"author\" content=\"cfeditorfr\" \/>\n<meta name=\"twitter:card\" content=\"summary_large_image\" \/>\n<meta name=\"twitter:label1\" content=\"\u00c9crit par\" \/>\n\t<meta name=\"twitter:data1\" content=\"cfeditorfr\" \/>\n\t<meta name=\"twitter:label2\" content=\"Dur\u00e9e de lecture estim\u00e9e\" \/>\n\t<meta name=\"twitter:data2\" content=\"9 minutes\" \/>\n<script type=\"application\/ld+json\" class=\"yoast-schema-graph\">{\"@context\":\"https:\/\/schema.org\",\"@graph\":[{\"@type\":\"Article\",\"@id\":\"https:\/\/www.africa-press.net\/burkina-faso\/dossiers\/transition-du-burkina-faso-et-les-politiques-dans-tout-ca#article\",\"isPartOf\":{\"@id\":\"https:\/\/www.africa-press.net\/burkina-faso\/dossiers\/transition-du-burkina-faso-et-les-politiques-dans-tout-ca\"},\"author\":{\"name\":\"cfeditorfr\",\"@id\":\"https:\/\/www.africa-press.net\/burkina-faso\/#\/schema\/person\/2b1cf3cd81a31e3cd26889ca66d677f1\"},\"headline\":\"Transition du Burkina Faso\u00a0: et les politiques dans tout \u00e7a\u00a0?\",\"datePublished\":\"2022-02-19T18:47:31+00:00\",\"dateModified\":\"2022-02-19T19:07:42+00:00\",\"mainEntityOfPage\":{\"@id\":\"https:\/\/www.africa-press.net\/burkina-faso\/dossiers\/transition-du-burkina-faso-et-les-politiques-dans-tout-ca\"},\"wordCount\":1960,\"commentCount\":0,\"image\":{\"@id\":\"https:\/\/www.africa-press.net\/burkina-faso\/dossiers\/transition-du-burkina-faso-et-les-politiques-dans-tout-ca#primaryimage\"},\"thumbnailUrl\":\"https:\/\/static.africa-press.net\/burkina\/sites\/42\/2022\/02\/img-62113faf01b57.jpg\",\"keywords\":[\"Africa Press\",\"Africa Press-Burkina Faso\",\"Afrique\",\"Burkina Faso\",\"Internationales\",\"Politique\"],\"articleSection\":[\"Dossiers\",\"homepage-french\",\"Top Nouvelles\",\"Toutes les actualit\u00e9s\"],\"inLanguage\":\"fr-FR\",\"potentialAction\":[{\"@type\":\"CommentAction\",\"name\":\"Comment\",\"target\":[\"https:\/\/www.africa-press.net\/burkina-faso\/dossiers\/transition-du-burkina-faso-et-les-politiques-dans-tout-ca#respond\"]}]},{\"@type\":\"WebPage\",\"@id\":\"https:\/\/www.africa-press.net\/burkina-faso\/dossiers\/transition-du-burkina-faso-et-les-politiques-dans-tout-ca\",\"url\":\"https:\/\/www.africa-press.net\/burkina-faso\/dossiers\/transition-du-burkina-faso-et-les-politiques-dans-tout-ca\",\"name\":\"Transition du Burkina Faso\u00a0: et les politiques dans tout \u00e7a\u00a0? - Burkina Faso\",\"isPartOf\":{\"@id\":\"https:\/\/www.africa-press.net\/burkina-faso\/#website\"},\"primaryImageOfPage\":{\"@id\":\"https:\/\/www.africa-press.net\/burkina-faso\/dossiers\/transition-du-burkina-faso-et-les-politiques-dans-tout-ca#primaryimage\"},\"image\":{\"@id\":\"https:\/\/www.africa-press.net\/burkina-faso\/dossiers\/transition-du-burkina-faso-et-les-politiques-dans-tout-ca#primaryimage\"},\"thumbnailUrl\":\"https:\/\/static.africa-press.net\/burkina\/sites\/42\/2022\/02\/img-62113faf01b57.jpg\",\"datePublished\":\"2022-02-19T18:47:31+00:00\",\"dateModified\":\"2022-02-19T19:07:42+00:00\",\"author\":{\"@id\":\"https:\/\/www.africa-press.net\/burkina-faso\/#\/schema\/person\/2b1cf3cd81a31e3cd26889ca66d677f1\"},\"description\":\"Quand le coup d'\u00c9tat du 24 janvier a \u00e9t\u00e9 confirm\u00e9 par le Mouvement patriotique pour la sauvegarde et la restauration (MP ...\",\"breadcrumb\":{\"@id\":\"https:\/\/www.africa-press.net\/burkina-faso\/dossiers\/transition-du-burkina-faso-et-les-politiques-dans-tout-ca#breadcrumb\"},\"inLanguage\":\"fr-FR\",\"potentialAction\":[{\"@type\":\"ReadAction\",\"target\":[\"https:\/\/www.africa-press.net\/burkina-faso\/dossiers\/transition-du-burkina-faso-et-les-politiques-dans-tout-ca\"]}]},{\"@type\":\"ImageObject\",\"inLanguage\":\"fr-FR\",\"@id\":\"https:\/\/www.africa-press.net\/burkina-faso\/dossiers\/transition-du-burkina-faso-et-les-politiques-dans-tout-ca#primaryimage\",\"url\":\"https:\/\/static.africa-press.net\/burkina\/sites\/42\/2022\/02\/img-62113faf01b57.jpg\",\"contentUrl\":\"https:\/\/static.africa-press.net\/burkina\/sites\/42\/2022\/02\/img-62113faf01b57.jpg\",\"width\":1250,\"height\":625,\"caption\":\"Transition du Burkina Faso\u00a0: et les politiques dans tout \u00e7a\u00a0?\"},{\"@type\":\"BreadcrumbList\",\"@id\":\"https:\/\/www.africa-press.net\/burkina-faso\/dossiers\/transition-du-burkina-faso-et-les-politiques-dans-tout-ca#breadcrumb\",\"itemListElement\":[{\"@type\":\"ListItem\",\"position\":1,\"name\":\"Accueil\",\"item\":\"https:\/\/www.africa-press.net\/burkina-faso\/\"},{\"@type\":\"ListItem\",\"position\":2,\"name\":\"Transition du Burkina Faso\u00a0: et les politiques dans tout \u00e7a\u00a0?\"}]},{\"@type\":\"WebSite\",\"@id\":\"https:\/\/www.africa-press.net\/burkina-faso\/#website\",\"url\":\"https:\/\/www.africa-press.net\/burkina-faso\/\",\"name\":\"Burkina Faso\",\"description\":\"Just another Africa News Agency Sites site\",\"potentialAction\":[{\"@type\":\"SearchAction\",\"target\":{\"@type\":\"EntryPoint\",\"urlTemplate\":\"https:\/\/www.africa-press.net\/burkina-faso\/?s={search_term_string}\"},\"query-input\":{\"@type\":\"PropertyValueSpecification\",\"valueRequired\":true,\"valueName\":\"search_term_string\"}}],\"inLanguage\":\"fr-FR\"},{\"@type\":\"Person\",\"@id\":\"https:\/\/www.africa-press.net\/burkina-faso\/#\/schema\/person\/2b1cf3cd81a31e3cd26889ca66d677f1\",\"name\":\"cfeditorfr\"}]}<\/script>\n<!-- \/ Yoast SEO Premium plugin. -->","yoast_head_json":{"title":"Transition du Burkina Faso\u00a0: et les politiques dans tout \u00e7a\u00a0? - Burkina Faso","description":"Quand le coup d'\u00c9tat du 24 janvier a \u00e9t\u00e9 confirm\u00e9 par le Mouvement patriotique pour la sauvegarde et la restauration (MP ...","robots":{"index":"index","follow":"follow","max-snippet":"max-snippet:-1","max-image-preview":"max-image-preview:large","max-video-preview":"max-video-preview:-1"},"canonical":"https:\/\/www.africa-press.net\/burkina-faso\/dossiers\/transition-du-burkina-faso-et-les-politiques-dans-tout-ca","og_locale":"fr_FR","og_type":"article","og_title":"Transition du Burkina Faso\u00a0: et les politiques dans tout \u00e7a\u00a0?","og_description":"Quand le coup d'\u00c9tat du 24 janvier a \u00e9t\u00e9 confirm\u00e9 par le Mouvement patriotique pour la sauvegarde et la restauration (MP ...","og_url":"https:\/\/www.africa-press.net\/burkina-faso\/dossiers\/transition-du-burkina-faso-et-les-politiques-dans-tout-ca","og_site_name":"Burkina Faso","article_published_time":"2022-02-19T18:47:31+00:00","article_modified_time":"2022-02-19T19:07:42+00:00","og_image":[{"width":1250,"height":625,"url":"https:\/\/static.africa-press.net\/burkina\/sites\/42\/2022\/02\/img-62113faf01b57.jpg","type":"image\/jpeg"}],"author":"cfeditorfr","twitter_card":"summary_large_image","twitter_misc":{"\u00c9crit par":"cfeditorfr","Dur\u00e9e de lecture estim\u00e9e":"9 minutes"},"schema":{"@context":"https:\/\/schema.org","@graph":[{"@type":"Article","@id":"https:\/\/www.africa-press.net\/burkina-faso\/dossiers\/transition-du-burkina-faso-et-les-politiques-dans-tout-ca#article","isPartOf":{"@id":"https:\/\/www.africa-press.net\/burkina-faso\/dossiers\/transition-du-burkina-faso-et-les-politiques-dans-tout-ca"},"author":{"name":"cfeditorfr","@id":"https:\/\/www.africa-press.net\/burkina-faso\/#\/schema\/person\/2b1cf3cd81a31e3cd26889ca66d677f1"},"headline":"Transition du Burkina Faso\u00a0: et les politiques dans tout \u00e7a\u00a0?","datePublished":"2022-02-19T18:47:31+00:00","dateModified":"2022-02-19T19:07:42+00:00","mainEntityOfPage":{"@id":"https:\/\/www.africa-press.net\/burkina-faso\/dossiers\/transition-du-burkina-faso-et-les-politiques-dans-tout-ca"},"wordCount":1960,"commentCount":0,"image":{"@id":"https:\/\/www.africa-press.net\/burkina-faso\/dossiers\/transition-du-burkina-faso-et-les-politiques-dans-tout-ca#primaryimage"},"thumbnailUrl":"https:\/\/static.africa-press.net\/burkina\/sites\/42\/2022\/02\/img-62113faf01b57.jpg","keywords":["Africa Press","Africa Press-Burkina Faso","Afrique","Burkina Faso","Internationales","Politique"],"articleSection":["Dossiers","homepage-french","Top Nouvelles","Toutes les actualit\u00e9s"],"inLanguage":"fr-FR","potentialAction":[{"@type":"CommentAction","name":"Comment","target":["https:\/\/www.africa-press.net\/burkina-faso\/dossiers\/transition-du-burkina-faso-et-les-politiques-dans-tout-ca#respond"]}]},{"@type":"WebPage","@id":"https:\/\/www.africa-press.net\/burkina-faso\/dossiers\/transition-du-burkina-faso-et-les-politiques-dans-tout-ca","url":"https:\/\/www.africa-press.net\/burkina-faso\/dossiers\/transition-du-burkina-faso-et-les-politiques-dans-tout-ca","name":"Transition du Burkina Faso\u00a0: et les politiques dans tout \u00e7a\u00a0? - Burkina Faso","isPartOf":{"@id":"https:\/\/www.africa-press.net\/burkina-faso\/#website"},"primaryImageOfPage":{"@id":"https:\/\/www.africa-press.net\/burkina-faso\/dossiers\/transition-du-burkina-faso-et-les-politiques-dans-tout-ca#primaryimage"},"image":{"@id":"https:\/\/www.africa-press.net\/burkina-faso\/dossiers\/transition-du-burkina-faso-et-les-politiques-dans-tout-ca#primaryimage"},"thumbnailUrl":"https:\/\/static.africa-press.net\/burkina\/sites\/42\/2022\/02\/img-62113faf01b57.jpg","datePublished":"2022-02-19T18:47:31+00:00","dateModified":"2022-02-19T19:07:42+00:00","author":{"@id":"https:\/\/www.africa-press.net\/burkina-faso\/#\/schema\/person\/2b1cf3cd81a31e3cd26889ca66d677f1"},"description":"Quand le coup d'\u00c9tat du 24 janvier a \u00e9t\u00e9 confirm\u00e9 par le Mouvement patriotique pour la sauvegarde et la restauration (MP ...","breadcrumb":{"@id":"https:\/\/www.africa-press.net\/burkina-faso\/dossiers\/transition-du-burkina-faso-et-les-politiques-dans-tout-ca#breadcrumb"},"inLanguage":"fr-FR","potentialAction":[{"@type":"ReadAction","target":["https:\/\/www.africa-press.net\/burkina-faso\/dossiers\/transition-du-burkina-faso-et-les-politiques-dans-tout-ca"]}]},{"@type":"ImageObject","inLanguage":"fr-FR","@id":"https:\/\/www.africa-press.net\/burkina-faso\/dossiers\/transition-du-burkina-faso-et-les-politiques-dans-tout-ca#primaryimage","url":"https:\/\/static.africa-press.net\/burkina\/sites\/42\/2022\/02\/img-62113faf01b57.jpg","contentUrl":"https:\/\/static.africa-press.net\/burkina\/sites\/42\/2022\/02\/img-62113faf01b57.jpg","width":1250,"height":625,"caption":"Transition du Burkina Faso\u00a0: et les politiques dans tout \u00e7a\u00a0?"},{"@type":"BreadcrumbList","@id":"https:\/\/www.africa-press.net\/burkina-faso\/dossiers\/transition-du-burkina-faso-et-les-politiques-dans-tout-ca#breadcrumb","itemListElement":[{"@type":"ListItem","position":1,"name":"Accueil","item":"https:\/\/www.africa-press.net\/burkina-faso\/"},{"@type":"ListItem","position":2,"name":"Transition du Burkina Faso\u00a0: et les politiques dans tout \u00e7a\u00a0?"}]},{"@type":"WebSite","@id":"https:\/\/www.africa-press.net\/burkina-faso\/#website","url":"https:\/\/www.africa-press.net\/burkina-faso\/","name":"Burkina Faso","description":"Just another Africa News Agency Sites site","potentialAction":[{"@type":"SearchAction","target":{"@type":"EntryPoint","urlTemplate":"https:\/\/www.africa-press.net\/burkina-faso\/?s={search_term_string}"},"query-input":{"@type":"PropertyValueSpecification","valueRequired":true,"valueName":"search_term_string"}}],"inLanguage":"fr-FR"},{"@type":"Person","@id":"https:\/\/www.africa-press.net\/burkina-faso\/#\/schema\/person\/2b1cf3cd81a31e3cd26889ca66d677f1","name":"cfeditorfr"}]}},"_links":{"self":[{"href":"https:\/\/www.africa-press.net\/burkina-faso\/wp-json\/wp\/v2\/posts\/33368","targetHints":{"allow":["GET"]}}],"collection":[{"href":"https:\/\/www.africa-press.net\/burkina-faso\/wp-json\/wp\/v2\/posts"}],"about":[{"href":"https:\/\/www.africa-press.net\/burkina-faso\/wp-json\/wp\/v2\/types\/post"}],"author":[{"embeddable":true,"href":"https:\/\/www.africa-press.net\/burkina-faso\/wp-json\/wp\/v2\/users\/82"}],"replies":[{"embeddable":true,"href":"https:\/\/www.africa-press.net\/burkina-faso\/wp-json\/wp\/v2\/comments?post=33368"}],"version-history":[{"count":0,"href":"https:\/\/www.africa-press.net\/burkina-faso\/wp-json\/wp\/v2\/posts\/33368\/revisions"}],"wp:featuredmedia":[{"embeddable":true,"href":"https:\/\/www.africa-press.net\/burkina-faso\/wp-json\/wp\/v2\/media\/33367"}],"wp:attachment":[{"href":"https:\/\/www.africa-press.net\/burkina-faso\/wp-json\/wp\/v2\/media?parent=33368"}],"wp:term":[{"taxonomy":"category","embeddable":true,"href":"https:\/\/www.africa-press.net\/burkina-faso\/wp-json\/wp\/v2\/categories?post=33368"},{"taxonomy":"post_tag","embeddable":true,"href":"https:\/\/www.africa-press.net\/burkina-faso\/wp-json\/wp\/v2\/tags?post=33368"}],"curies":[{"name":"wp","href":"https:\/\/api.w.org\/{rel}","templated":true}]}}