{"id":3374,"date":"2021-01-08T19:20:58","date_gmt":"2021-01-08T19:20:58","guid":{"rendered":"https:\/\/www.africa-press.com\/burkina-faso\/?p=3374"},"modified":"2021-01-08T17:19:24","modified_gmt":"2021-01-08T17:19:24","slug":"reconciliation-nationale-plus-quun-souhait-une-imperieuse-necessite","status":"publish","type":"post","link":"https:\/\/www.africa-press.net\/burkina-faso\/dossiers\/reconciliation-nationale-plus-quun-souhait-une-imperieuse-necessite","title":{"rendered":"R\u00e9conciliation nationale : Plus qu\u2019un souhait, une imp\u00e9rieuse n\u00e9cessit\u00e9"},"content":{"rendered":"<p><span style=\"color: #ff6600\"><strong><a href=\"https:\/\/www.africa-press.com\">Africa-Press<\/a> &#8211; <a href=\"https:\/\/www.africa-press.com\/burkina-faso\">Burkina Faso<\/a>. <\/strong><\/span><b>Le Burkina Faso, ce n\u2019est pas seulement la patrie o\u00f9 la mort nous vaincrons. Ce n\u2019est pas seulement, le pays des Hommes int\u00e8gres, des femmes et des enfants hospitaliers. C\u2019est aussi un pays des plaies b\u00e9antes, des c\u0153urs d\u00e9chir\u00e9s. Des Volta\u00efque ont vol\u00e9, pill\u00e9, d\u00e9truit des familles volta\u00efques. Des Burkinab\u00e8 ont pris le relais et ont fait pire. Aujourd\u2019hui, nous sommes dans le m\u00eame panier. Pour triompher ensemble, il faut qu\u2019on solde nos comptes. La r\u00e9conciliation est plus que n\u00e9cessaire.<\/b><\/p>\n<p>Roch Marc Christian Kabor\u00e9 a du pain sur la planche. Pour son second mandat qui commence, une nouvelle priorit\u00e9 s\u2019ajoute \u00e0 ses missions. En plus de la lutte contre le terrorisme, le Covid-19, il doit \u0153uvrer \u00e0 r\u00e9concilier les Burkinab\u00e8. La r\u00e9conciliation, c\u2019est une imp\u00e9rieuse n\u00e9cessit\u00e9. Les Burkinab\u00e8 doivent se parler, s\u2019\u00e9couter. Dans le contexte actuel, il est imp\u00e9ratif qu\u2019on ait les m\u00eames visions pour le Burkina. Au moins, on doit pouvoir s\u2019accorder sur l\u2019essentiel. On voit bien qu\u2019actuellement, on se comporte \u00e0 l\u2019image des singes des montagnes. Certains b\u00e2tissent la maison, d\u2019autres la d\u00e9truisent. C\u2019est un \u00e9ternel recommencement.<\/p>\n<p>Cette r\u00e9conciliation, si le pr\u00e9sident arrive \u00e0 la faire, sera \u00e0 son honneur. D\u2019autres avant lui ont \u00e9chou\u00e9. Mais en fait, il n\u2019a pas d\u2019autre choix que d\u2019aller dans ce sens. Cela vaut \u00e9galement pour tous les Burkinab\u00e8. Sinon, on restera \u00e0 tourner en rond comme des \u00e9ph\u00e9m\u00e8res en saison pluvieuse. Le pouvoir du MPP et de ses alli\u00e9s a caus\u00e9 certainement des torts \u00e0 certains. Si le pouvoir ne s\u2019en rend pas compte, ceux d\u2019en face y pensent.<\/p>\n<p><b>La r\u00e9conciliation est une urgence<\/b><\/p>\n<p>Il est urgent pour le pr\u00e9sident d\u2019y aller car on ne sait jamais. Le pouvoir peut lui \u00e9chapper un jour. Lui et ses camarades vont subir les sbires de leurs tombeurs. Ce sera leur tour de crier sur tous les toits, la n\u00e9cessit\u00e9 de se r\u00e9concilier. On se demandera certainement comment cela pourrait arriver. Blaise Compaor\u00e9 et ses partisans \u00e9taient convaincus qu\u2019ils \u00e9taient des ind\u00e9boulonnables. La suite, on la conna\u00eet. Le beau Blaise a trouv\u00e9 refuge dans sa belle-famille. C\u2019est presque un sacril\u00e8ge en pays moaga. C\u2019est tout simplement une humiliation. Aujourd\u2019hui, l\u2019ancien parti au pouvoir et ses alli\u00e9s sont devenus des chantres de la r\u00e9conciliation.<\/p>\n<p><b>Le pardon, un rem\u00e8de<\/b><\/p>\n<p>Pourtant, Blaise Compaor\u00e9 et les siens avaient tout pour aller vers cette r\u00e9conciliation. Mais, ils n\u2019ont rien fait. Ils ont plut\u00f4t insult\u00e9 l\u2019intelligence des Burkinab\u00e8. Au cours d\u2019une visite au mausol\u00e9e de Tiefo Amoro \u00e0 Noumoundara, nous avons abord\u00e9 cette question avec un vieux. Il nous a rappel\u00e9 qu\u2019au temps de la crise Norbert Zongo, le pouvoir d\u2019alors \u00e9tait venu les consulter. Comme rem\u00e8de, les sages avaient prescrit une demande de pardon \u00e0 la famille du journaliste. Ils seront d\u00e9\u00e7us. En lieu et place, une journ\u00e9e nationale du pardon est organis\u00e9e. L\u2019initiative \u00e9tait noble. Mais le contenu \u00e9tait vide. On pardonne qui ? Pourquoi ?<\/p>\n<p><b>Pour qu\u2019il y ait de la r\u00e9conciliation, il faut de la v\u00e9rit\u00e9, de la sinc\u00e9rit\u00e9<\/b><\/p>\n<p>Comme le disait Nacer Behous, une r\u00e9conciliation faite sur une base de m\u00e9fiance, est in\u00e9luctablement vou\u00e9e \u00e0 l\u2019\u00e9chec. Qu\u2019on ne se trompe pas, la r\u00e9conciliation est \u00e9videmment diff\u00e9rente de l\u2019impunit\u00e9. Pour qu\u2019il y ait la r\u00e9conciliation, il faut la v\u00e9rit\u00e9, la sinc\u00e9rit\u00e9. Or, on a l\u2019impression que des gens se trouvent trop beaux, trop gros, pour demander \u00ab pardon \u00bb, pour dire la \u00ab v\u00e9rit\u00e9 \u00bb. Pour ceux qui sont morts, ils ne revivront plus. C\u2019est s\u00fbr. Pour les victimes des crimes \u00e9conomiques et autres, on peut faire des r\u00e9parations.<\/p>\n<p><b>Peu importe la gravit\u00e9, on doit accepter m\u00e2cher et avaler son amertume.<\/b><\/p>\n<p>On doit arr\u00eater les jeux de cache-cache. Nous ne sommes ni des chats, encore moins des souris. L\u2019on doit regarder vers l\u2019avenir. Les bourreaux doivent se confesser. Les victimes doivent accepter. Dans la tradition, le pardon ne se refuse pas. Peu importe la gravit\u00e9, on doit accepter m\u00e2cher et avaler son amertume. Il arrive que lors d\u2019une r\u00e9conciliation, on pleure en croquant le cola de la paix. La gorge nou\u00e9e de douleur, on verse l\u2019eau de l\u2019entente par terre.<\/p>\n<p>S\u2019ils le faisaient, ce n\u2019est pas parce que les coutumiers ne sont pas \u00e9clair\u00e9s. C\u2019est parce qu\u2019ils savent que sans la coh\u00e9sion, tout est vou\u00e9 \u00e0 l\u2019\u00e9chec. Ainsi, aux uns et aux autres, on vous demande de juste tourner la page, pas de la d\u00e9chirer. Le pardon, est la plus belle fleur de l\u2019histoire\u2026<\/p>\n<p><b>Dimitri OUEDRAOGO<br \/>\n<\/b><\/p>\n","protected":false},"excerpt":{"rendered":"<p>Africa-Press &#8211; Burkina Faso. Le Burkina Faso, ce n\u2019est pas seulement la patrie o\u00f9 la mort nous vaincrons. Ce n\u2019est pas seulement, le pays des Hommes int\u00e8gres, des femmes et des enfants hospitaliers. C\u2019est aussi un pays des plaies b\u00e9antes, des c\u0153urs d\u00e9chir\u00e9s. Des Volta\u00efque ont vol\u00e9, pill\u00e9, d\u00e9truit des familles volta\u00efques. Des Burkinab\u00e8 ont [&hellip;]<\/p>\n","protected":false},"author":82,"featured_media":3373,"comment_status":"open","ping_status":"closed","sticky":false,"template":"","format":"standard","meta":{"footnotes":""},"categories":[7,11,20,10],"tags":[111,725,29],"class_list":["post-3374","post","type-post","status-publish","format-standard","has-post-thumbnail","hentry","category-dossiers","category-homepage-french","category-top-nouvelles","category-toutes-les-actualites","tag-africa-press","tag-africa-press-burkina-faso","tag-burkina-faso"],"yoast_head":"<!-- This site is optimized with the Yoast SEO Premium plugin v26.1 (Yoast SEO v27.0) - https:\/\/yoast.com\/product\/yoast-seo-premium-wordpress\/ -->\n<title>R\u00e9conciliation nationale : Plus qu\u2019un souhait, une imp\u00e9rieuse n\u00e9cessit\u00e9 - Burkina Faso<\/title>\n<meta name=\"description\" content=\"Le Burkina Faso, ce n\u2019est pas seulement la patrie o\u00f9 la mort nous vaincrons. Ce n\u2019est pas seulement, le pays des Homm ...\" \/>\n<meta name=\"robots\" content=\"index, follow, max-snippet:-1, max-image-preview:large, max-video-preview:-1\" \/>\n<link rel=\"canonical\" href=\"https:\/\/www.africa-press.net\/burkina-faso\/dossiers\/reconciliation-nationale-plus-quun-souhait-une-imperieuse-necessite\" \/>\n<meta property=\"og:locale\" content=\"fr_FR\" \/>\n<meta property=\"og:type\" content=\"article\" \/>\n<meta property=\"og:title\" content=\"R\u00e9conciliation nationale : Plus qu\u2019un souhait, une imp\u00e9rieuse n\u00e9cessit\u00e9\" \/>\n<meta property=\"og:description\" content=\"Le Burkina Faso, ce n\u2019est pas seulement la patrie o\u00f9 la mort nous vaincrons. Ce n\u2019est pas seulement, le pays des Homm ...\" \/>\n<meta property=\"og:url\" content=\"https:\/\/www.africa-press.net\/burkina-faso\/dossiers\/reconciliation-nationale-plus-quun-souhait-une-imperieuse-necessite\" \/>\n<meta property=\"og:site_name\" content=\"Burkina Faso\" \/>\n<meta property=\"article:published_time\" content=\"2021-01-08T19:20:58+00:00\" \/>\n<meta property=\"og:image\" content=\"https:\/\/static.africa-press.net\/burkina\/sites\/42\/2021\/01\/img-5ff88d257d8e8.jpg\" \/>\n\t<meta property=\"og:image:width\" content=\"720\" \/>\n\t<meta property=\"og:image:height\" content=\"434\" \/>\n\t<meta property=\"og:image:type\" content=\"image\/jpeg\" \/>\n<meta name=\"author\" content=\"cfeditorfr\" \/>\n<meta name=\"twitter:card\" content=\"summary_large_image\" \/>\n<meta name=\"twitter:label1\" content=\"\u00c9crit par\" \/>\n\t<meta name=\"twitter:data1\" content=\"cfeditorfr\" \/>\n\t<meta name=\"twitter:label2\" content=\"Dur\u00e9e de lecture estim\u00e9e\" \/>\n\t<meta name=\"twitter:data2\" content=\"4 minutes\" \/>\n<script type=\"application\/ld+json\" class=\"yoast-schema-graph\">{\"@context\":\"https:\/\/schema.org\",\"@graph\":[{\"@type\":\"Article\",\"@id\":\"https:\/\/www.africa-press.net\/burkina-faso\/dossiers\/reconciliation-nationale-plus-quun-souhait-une-imperieuse-necessite#article\",\"isPartOf\":{\"@id\":\"https:\/\/www.africa-press.net\/burkina-faso\/dossiers\/reconciliation-nationale-plus-quun-souhait-une-imperieuse-necessite\"},\"author\":{\"name\":\"cfeditorfr\",\"@id\":\"https:\/\/www.africa-press.net\/burkina-faso\/#\/schema\/person\/2b1cf3cd81a31e3cd26889ca66d677f1\"},\"headline\":\"R\u00e9conciliation nationale : Plus qu\u2019un souhait, une imp\u00e9rieuse n\u00e9cessit\u00e9\",\"datePublished\":\"2021-01-08T19:20:58+00:00\",\"mainEntityOfPage\":{\"@id\":\"https:\/\/www.africa-press.net\/burkina-faso\/dossiers\/reconciliation-nationale-plus-quun-souhait-une-imperieuse-necessite\"},\"wordCount\":844,\"commentCount\":0,\"image\":{\"@id\":\"https:\/\/www.africa-press.net\/burkina-faso\/dossiers\/reconciliation-nationale-plus-quun-souhait-une-imperieuse-necessite#primaryimage\"},\"thumbnailUrl\":\"https:\/\/static.africa-press.net\/burkina\/sites\/42\/2021\/01\/img-5ff88d257d8e8.jpg\",\"keywords\":[\"Africa Press\",\"Africa Press-Burkina Faso\",\"Burkina Faso\"],\"articleSection\":[\"Dossiers\",\"homepage-french\",\"Top Nouvelles\",\"Toutes les actualit\u00e9s\"],\"inLanguage\":\"fr-FR\",\"potentialAction\":[{\"@type\":\"CommentAction\",\"name\":\"Comment\",\"target\":[\"https:\/\/www.africa-press.net\/burkina-faso\/dossiers\/reconciliation-nationale-plus-quun-souhait-une-imperieuse-necessite#respond\"]}]},{\"@type\":\"WebPage\",\"@id\":\"https:\/\/www.africa-press.net\/burkina-faso\/dossiers\/reconciliation-nationale-plus-quun-souhait-une-imperieuse-necessite\",\"url\":\"https:\/\/www.africa-press.net\/burkina-faso\/dossiers\/reconciliation-nationale-plus-quun-souhait-une-imperieuse-necessite\",\"name\":\"R\u00e9conciliation nationale : Plus qu\u2019un souhait, une imp\u00e9rieuse n\u00e9cessit\u00e9 - Burkina Faso\",\"isPartOf\":{\"@id\":\"https:\/\/www.africa-press.net\/burkina-faso\/#website\"},\"primaryImageOfPage\":{\"@id\":\"https:\/\/www.africa-press.net\/burkina-faso\/dossiers\/reconciliation-nationale-plus-quun-souhait-une-imperieuse-necessite#primaryimage\"},\"image\":{\"@id\":\"https:\/\/www.africa-press.net\/burkina-faso\/dossiers\/reconciliation-nationale-plus-quun-souhait-une-imperieuse-necessite#primaryimage\"},\"thumbnailUrl\":\"https:\/\/static.africa-press.net\/burkina\/sites\/42\/2021\/01\/img-5ff88d257d8e8.jpg\",\"datePublished\":\"2021-01-08T19:20:58+00:00\",\"author\":{\"@id\":\"https:\/\/www.africa-press.net\/burkina-faso\/#\/schema\/person\/2b1cf3cd81a31e3cd26889ca66d677f1\"},\"description\":\"Le Burkina Faso, ce n\u2019est pas seulement la patrie o\u00f9 la mort nous vaincrons. Ce n\u2019est pas seulement, le pays des Homm ...\",\"breadcrumb\":{\"@id\":\"https:\/\/www.africa-press.net\/burkina-faso\/dossiers\/reconciliation-nationale-plus-quun-souhait-une-imperieuse-necessite#breadcrumb\"},\"inLanguage\":\"fr-FR\",\"potentialAction\":[{\"@type\":\"ReadAction\",\"target\":[\"https:\/\/www.africa-press.net\/burkina-faso\/dossiers\/reconciliation-nationale-plus-quun-souhait-une-imperieuse-necessite\"]}]},{\"@type\":\"ImageObject\",\"inLanguage\":\"fr-FR\",\"@id\":\"https:\/\/www.africa-press.net\/burkina-faso\/dossiers\/reconciliation-nationale-plus-quun-souhait-une-imperieuse-necessite#primaryimage\",\"url\":\"https:\/\/static.africa-press.net\/burkina\/sites\/42\/2021\/01\/img-5ff88d257d8e8.jpg\",\"contentUrl\":\"https:\/\/static.africa-press.net\/burkina\/sites\/42\/2021\/01\/img-5ff88d257d8e8.jpg\",\"width\":720,\"height\":434,\"caption\":\"R\u00e9conciliation nationale : Plus qu\u2019un souhait, une imp\u00e9rieuse n\u00e9cessit\u00e9\"},{\"@type\":\"BreadcrumbList\",\"@id\":\"https:\/\/www.africa-press.net\/burkina-faso\/dossiers\/reconciliation-nationale-plus-quun-souhait-une-imperieuse-necessite#breadcrumb\",\"itemListElement\":[{\"@type\":\"ListItem\",\"position\":1,\"name\":\"Accueil\",\"item\":\"https:\/\/www.africa-press.net\/burkina-faso\/\"},{\"@type\":\"ListItem\",\"position\":2,\"name\":\"R\u00e9conciliation nationale : Plus qu\u2019un souhait, une imp\u00e9rieuse n\u00e9cessit\u00e9\"}]},{\"@type\":\"WebSite\",\"@id\":\"https:\/\/www.africa-press.net\/burkina-faso\/#website\",\"url\":\"https:\/\/www.africa-press.net\/burkina-faso\/\",\"name\":\"Burkina Faso\",\"description\":\"Just another Africa News Agency Sites site\",\"potentialAction\":[{\"@type\":\"SearchAction\",\"target\":{\"@type\":\"EntryPoint\",\"urlTemplate\":\"https:\/\/www.africa-press.net\/burkina-faso\/?s={search_term_string}\"},\"query-input\":{\"@type\":\"PropertyValueSpecification\",\"valueRequired\":true,\"valueName\":\"search_term_string\"}}],\"inLanguage\":\"fr-FR\"},{\"@type\":\"Person\",\"@id\":\"https:\/\/www.africa-press.net\/burkina-faso\/#\/schema\/person\/2b1cf3cd81a31e3cd26889ca66d677f1\",\"name\":\"cfeditorfr\"}]}<\/script>\n<!-- \/ Yoast SEO Premium plugin. -->","yoast_head_json":{"title":"R\u00e9conciliation nationale : Plus qu\u2019un souhait, une imp\u00e9rieuse n\u00e9cessit\u00e9 - Burkina Faso","description":"Le Burkina Faso, ce n\u2019est pas seulement la patrie o\u00f9 la mort nous vaincrons. Ce n\u2019est pas seulement, le pays des Homm ...","robots":{"index":"index","follow":"follow","max-snippet":"max-snippet:-1","max-image-preview":"max-image-preview:large","max-video-preview":"max-video-preview:-1"},"canonical":"https:\/\/www.africa-press.net\/burkina-faso\/dossiers\/reconciliation-nationale-plus-quun-souhait-une-imperieuse-necessite","og_locale":"fr_FR","og_type":"article","og_title":"R\u00e9conciliation nationale : Plus qu\u2019un souhait, une imp\u00e9rieuse n\u00e9cessit\u00e9","og_description":"Le Burkina Faso, ce n\u2019est pas seulement la patrie o\u00f9 la mort nous vaincrons. Ce n\u2019est pas seulement, le pays des Homm ...","og_url":"https:\/\/www.africa-press.net\/burkina-faso\/dossiers\/reconciliation-nationale-plus-quun-souhait-une-imperieuse-necessite","og_site_name":"Burkina Faso","article_published_time":"2021-01-08T19:20:58+00:00","og_image":[{"width":720,"height":434,"url":"https:\/\/static.africa-press.net\/burkina\/sites\/42\/2021\/01\/img-5ff88d257d8e8.jpg","type":"image\/jpeg"}],"author":"cfeditorfr","twitter_card":"summary_large_image","twitter_misc":{"\u00c9crit par":"cfeditorfr","Dur\u00e9e de lecture estim\u00e9e":"4 minutes"},"schema":{"@context":"https:\/\/schema.org","@graph":[{"@type":"Article","@id":"https:\/\/www.africa-press.net\/burkina-faso\/dossiers\/reconciliation-nationale-plus-quun-souhait-une-imperieuse-necessite#article","isPartOf":{"@id":"https:\/\/www.africa-press.net\/burkina-faso\/dossiers\/reconciliation-nationale-plus-quun-souhait-une-imperieuse-necessite"},"author":{"name":"cfeditorfr","@id":"https:\/\/www.africa-press.net\/burkina-faso\/#\/schema\/person\/2b1cf3cd81a31e3cd26889ca66d677f1"},"headline":"R\u00e9conciliation nationale : Plus qu\u2019un souhait, une imp\u00e9rieuse n\u00e9cessit\u00e9","datePublished":"2021-01-08T19:20:58+00:00","mainEntityOfPage":{"@id":"https:\/\/www.africa-press.net\/burkina-faso\/dossiers\/reconciliation-nationale-plus-quun-souhait-une-imperieuse-necessite"},"wordCount":844,"commentCount":0,"image":{"@id":"https:\/\/www.africa-press.net\/burkina-faso\/dossiers\/reconciliation-nationale-plus-quun-souhait-une-imperieuse-necessite#primaryimage"},"thumbnailUrl":"https:\/\/static.africa-press.net\/burkina\/sites\/42\/2021\/01\/img-5ff88d257d8e8.jpg","keywords":["Africa Press","Africa Press-Burkina Faso","Burkina Faso"],"articleSection":["Dossiers","homepage-french","Top Nouvelles","Toutes les actualit\u00e9s"],"inLanguage":"fr-FR","potentialAction":[{"@type":"CommentAction","name":"Comment","target":["https:\/\/www.africa-press.net\/burkina-faso\/dossiers\/reconciliation-nationale-plus-quun-souhait-une-imperieuse-necessite#respond"]}]},{"@type":"WebPage","@id":"https:\/\/www.africa-press.net\/burkina-faso\/dossiers\/reconciliation-nationale-plus-quun-souhait-une-imperieuse-necessite","url":"https:\/\/www.africa-press.net\/burkina-faso\/dossiers\/reconciliation-nationale-plus-quun-souhait-une-imperieuse-necessite","name":"R\u00e9conciliation nationale : Plus qu\u2019un souhait, une imp\u00e9rieuse n\u00e9cessit\u00e9 - Burkina Faso","isPartOf":{"@id":"https:\/\/www.africa-press.net\/burkina-faso\/#website"},"primaryImageOfPage":{"@id":"https:\/\/www.africa-press.net\/burkina-faso\/dossiers\/reconciliation-nationale-plus-quun-souhait-une-imperieuse-necessite#primaryimage"},"image":{"@id":"https:\/\/www.africa-press.net\/burkina-faso\/dossiers\/reconciliation-nationale-plus-quun-souhait-une-imperieuse-necessite#primaryimage"},"thumbnailUrl":"https:\/\/static.africa-press.net\/burkina\/sites\/42\/2021\/01\/img-5ff88d257d8e8.jpg","datePublished":"2021-01-08T19:20:58+00:00","author":{"@id":"https:\/\/www.africa-press.net\/burkina-faso\/#\/schema\/person\/2b1cf3cd81a31e3cd26889ca66d677f1"},"description":"Le Burkina Faso, ce n\u2019est pas seulement la patrie o\u00f9 la mort nous vaincrons. Ce n\u2019est pas seulement, le pays des Homm ...","breadcrumb":{"@id":"https:\/\/www.africa-press.net\/burkina-faso\/dossiers\/reconciliation-nationale-plus-quun-souhait-une-imperieuse-necessite#breadcrumb"},"inLanguage":"fr-FR","potentialAction":[{"@type":"ReadAction","target":["https:\/\/www.africa-press.net\/burkina-faso\/dossiers\/reconciliation-nationale-plus-quun-souhait-une-imperieuse-necessite"]}]},{"@type":"ImageObject","inLanguage":"fr-FR","@id":"https:\/\/www.africa-press.net\/burkina-faso\/dossiers\/reconciliation-nationale-plus-quun-souhait-une-imperieuse-necessite#primaryimage","url":"https:\/\/static.africa-press.net\/burkina\/sites\/42\/2021\/01\/img-5ff88d257d8e8.jpg","contentUrl":"https:\/\/static.africa-press.net\/burkina\/sites\/42\/2021\/01\/img-5ff88d257d8e8.jpg","width":720,"height":434,"caption":"R\u00e9conciliation nationale : Plus qu\u2019un souhait, une imp\u00e9rieuse n\u00e9cessit\u00e9"},{"@type":"BreadcrumbList","@id":"https:\/\/www.africa-press.net\/burkina-faso\/dossiers\/reconciliation-nationale-plus-quun-souhait-une-imperieuse-necessite#breadcrumb","itemListElement":[{"@type":"ListItem","position":1,"name":"Accueil","item":"https:\/\/www.africa-press.net\/burkina-faso\/"},{"@type":"ListItem","position":2,"name":"R\u00e9conciliation nationale : Plus qu\u2019un souhait, une imp\u00e9rieuse n\u00e9cessit\u00e9"}]},{"@type":"WebSite","@id":"https:\/\/www.africa-press.net\/burkina-faso\/#website","url":"https:\/\/www.africa-press.net\/burkina-faso\/","name":"Burkina Faso","description":"Just another Africa News Agency Sites site","potentialAction":[{"@type":"SearchAction","target":{"@type":"EntryPoint","urlTemplate":"https:\/\/www.africa-press.net\/burkina-faso\/?s={search_term_string}"},"query-input":{"@type":"PropertyValueSpecification","valueRequired":true,"valueName":"search_term_string"}}],"inLanguage":"fr-FR"},{"@type":"Person","@id":"https:\/\/www.africa-press.net\/burkina-faso\/#\/schema\/person\/2b1cf3cd81a31e3cd26889ca66d677f1","name":"cfeditorfr"}]}},"_links":{"self":[{"href":"https:\/\/www.africa-press.net\/burkina-faso\/wp-json\/wp\/v2\/posts\/3374","targetHints":{"allow":["GET"]}}],"collection":[{"href":"https:\/\/www.africa-press.net\/burkina-faso\/wp-json\/wp\/v2\/posts"}],"about":[{"href":"https:\/\/www.africa-press.net\/burkina-faso\/wp-json\/wp\/v2\/types\/post"}],"author":[{"embeddable":true,"href":"https:\/\/www.africa-press.net\/burkina-faso\/wp-json\/wp\/v2\/users\/82"}],"replies":[{"embeddable":true,"href":"https:\/\/www.africa-press.net\/burkina-faso\/wp-json\/wp\/v2\/comments?post=3374"}],"version-history":[{"count":0,"href":"https:\/\/www.africa-press.net\/burkina-faso\/wp-json\/wp\/v2\/posts\/3374\/revisions"}],"wp:featuredmedia":[{"embeddable":true,"href":"https:\/\/www.africa-press.net\/burkina-faso\/wp-json\/wp\/v2\/media\/3373"}],"wp:attachment":[{"href":"https:\/\/www.africa-press.net\/burkina-faso\/wp-json\/wp\/v2\/media?parent=3374"}],"wp:term":[{"taxonomy":"category","embeddable":true,"href":"https:\/\/www.africa-press.net\/burkina-faso\/wp-json\/wp\/v2\/categories?post=3374"},{"taxonomy":"post_tag","embeddable":true,"href":"https:\/\/www.africa-press.net\/burkina-faso\/wp-json\/wp\/v2\/tags?post=3374"}],"curies":[{"name":"wp","href":"https:\/\/api.w.org\/{rel}","templated":true}]}}