{"id":3380,"date":"2021-01-08T19:44:05","date_gmt":"2021-01-08T19:44:05","guid":{"rendered":"https:\/\/www.africa-press.com\/burkina-faso\/?p=3380"},"modified":"2021-01-08T17:18:53","modified_gmt":"2021-01-08T17:18:53","slug":"conseil-constitutionnel-du-burkina-trois-sages-pretent-serment-pour-un-mandat-de-neuf-ans","status":"publish","type":"post","link":"https:\/\/www.africa-press.net\/burkina-faso\/politique\/conseil-constitutionnel-du-burkina-trois-sages-pretent-serment-pour-un-mandat-de-neuf-ans","title":{"rendered":"Conseil constitutionnel du Burkina : Trois \u00ab\u00a0sages\u00a0\u00bb pr\u00eatent serment pour un mandat de neuf ans"},"content":{"rendered":"<p><span style=\"color: #ff6600\"><strong><a href=\"https:\/\/www.africa-press.com\">Africa-Press<\/a> &#8211; <a href=\"https:\/\/www.africa-press.com\/burkina-faso\">Burkina Faso<\/a>. <\/strong><\/span><b>Sophie Sow, Moctar Tall et V\u00e9ronique Bayili sont les trois membres qui ont pr\u00eat\u00e9 serment ce vendredi 8 janvier 2021, au cours d\u2019une c\u00e9r\u00e9monie solennelle \u00e0 Ouagadougou.<\/b><\/p>\n<p>\u00a0\u00bb Je jure de bien et fid\u00e8lement remplir mes fonctions, de les exercer en toute impartialit\u00e9 dans le respect de la Constitution, de garder le secret des d\u00e9lib\u00e9rations et des votes, de ne prendre aucune position publique et de ne faire aucune consultation sur des questions relevant des comp\u00e9tences du Conseil constitutionnel \u00bb. C\u2019est \u00e0 cette formule que les nouveaux membres du Conseil constitutionnel se sont soumis, devant le pr\u00e9sident du Faso, garant de l\u2019ind\u00e9pendance de la justice, et le Pr\u00e9sident de l\u2019Assembl\u00e9e nationale.<\/p>\n<p>Selon les textes, la pr\u00e9sence de ces deux personnalit\u00e9s est requise pour la c\u00e9r\u00e9monie de prestation. Propos\u00e9e \u00e0 cette nomination par le ministre de la justice,<br \/>\nV\u00e9ronique Bayili est une magistrate de grade exceptionnel, qui si\u00e9geait d\u00e9j\u00e0 au Conseil constitutionnel, en ach\u00e8vement du mandat de Bamiti\u00e9 Michel Karama, d\u00e9c\u00e9d\u00e9 le 12 mai 2019.<\/p>\n<p>Moctar Tall a \u00e9t\u00e9 nomm\u00e9 par le pr\u00e9sident du Faso, dont il \u00e9tait jusque-l\u00e0 le conseiller sp\u00e9cial charg\u00e9 des affaires juridiques. Enseignant \u00e0 la retraite, M. Tall fut entre autres, directeur g\u00e9n\u00e9ral de l\u2019\u00e9cole nationale d\u2019administration et de la magistrature (ENAM) de 2001 \u00e0 2012.<\/p>\n<p>Quant \u00e0 Sophie Sow, elle a \u00e9t\u00e9 nomm\u00e9e par le Pr\u00e9sident de l\u2019Assembl\u00e9e nationale. Elle a occup\u00e9 plusieurs hautes fonctions, dont celle d\u2019ambassadrice du Burkina aupr\u00e8s de plusieurs pays. Tous aur\u00e9ol\u00e9s de distinctions nationales, ces trois entrants ont un mandat unique de neuf ans.<\/p>\n<p>En rappel, le Conseil constitutionnel a pour entre autres missions, le contr\u00f4le de constitutionnalit\u00e9, la r\u00e9gulation du fonctionnement des institutions et de l\u2019activit\u00e9 des pouvoirs publics, le contr\u00f4le des partis politiques, le contr\u00f4le de la r\u00e9gularit\u00e9 des op\u00e9rations r\u00e9f\u00e9rendaires et de r\u00e9vision de la Constitution, les \u00e9lections pr\u00e9sidentielle, l\u00e9gislatives et la prestation de serment du pr\u00e9sident du Faso.<\/p>\n","protected":false},"excerpt":{"rendered":"<p>Africa-Press &#8211; Burkina Faso. Sophie Sow, Moctar Tall et V\u00e9ronique Bayili sont les trois membres qui ont pr\u00eat\u00e9 serment ce vendredi 8 janvier 2021, au cours d\u2019une c\u00e9r\u00e9monie solennelle \u00e0 Ouagadougou. \u00a0\u00bb Je jure de bien et fid\u00e8lement remplir mes fonctions, de les exercer en toute impartialit\u00e9 dans le respect de la Constitution, de garder [&hellip;]<\/p>\n","protected":false},"author":82,"featured_media":3379,"comment_status":"open","ping_status":"closed","sticky":false,"template":"","format":"standard","meta":{"footnotes":""},"categories":[11,2,20,10],"tags":[111,725,29],"class_list":["post-3380","post","type-post","status-publish","format-standard","has-post-thumbnail","hentry","category-homepage-french","category-politique","category-top-nouvelles","category-toutes-les-actualites","tag-africa-press","tag-africa-press-burkina-faso","tag-burkina-faso"],"yoast_head":"<!-- This site is optimized with the Yoast SEO Premium plugin v26.1 (Yoast SEO v27.0) - https:\/\/yoast.com\/product\/yoast-seo-premium-wordpress\/ -->\n<title>Conseil constitutionnel du Burkina : Trois &quot;sages&quot; pr\u00eatent serment pour un mandat de neuf ans - Burkina Faso<\/title>\n<meta name=\"description\" content=\"Sophie Sow, Moctar Tall et V\u00e9ronique Bayili sont les trois membres qui ont pr\u00eat\u00e9 serment ce vendredi 8 janvier 2021, ...\" \/>\n<meta name=\"robots\" content=\"index, follow, max-snippet:-1, max-image-preview:large, max-video-preview:-1\" \/>\n<link rel=\"canonical\" href=\"https:\/\/www.africa-press.net\/burkina-faso\/politique\/conseil-constitutionnel-du-burkina-trois-sages-pretent-serment-pour-un-mandat-de-neuf-ans\" \/>\n<meta property=\"og:locale\" content=\"fr_FR\" \/>\n<meta property=\"og:type\" content=\"article\" \/>\n<meta property=\"og:title\" content=\"Conseil constitutionnel du Burkina : Trois &quot;sages&quot; pr\u00eatent serment pour un mandat de neuf ans\" \/>\n<meta property=\"og:description\" content=\"Sophie Sow, Moctar Tall et V\u00e9ronique Bayili sont les trois membres qui ont pr\u00eat\u00e9 serment ce vendredi 8 janvier 2021, ...\" \/>\n<meta property=\"og:url\" content=\"https:\/\/www.africa-press.net\/burkina-faso\/politique\/conseil-constitutionnel-du-burkina-trois-sages-pretent-serment-pour-un-mandat-de-neuf-ans\" \/>\n<meta property=\"og:site_name\" content=\"Burkina Faso\" \/>\n<meta property=\"article:published_time\" content=\"2021-01-08T19:44:05+00:00\" \/>\n<meta property=\"og:image\" content=\"https:\/\/static.africa-press.net\/burkina\/sites\/42\/2021\/01\/img-5ff88d9c0433e.jpg\" \/>\n\t<meta property=\"og:image:width\" content=\"720\" \/>\n\t<meta property=\"og:image:height\" content=\"478\" \/>\n\t<meta property=\"og:image:type\" content=\"image\/jpeg\" \/>\n<meta name=\"author\" content=\"cfeditorfr\" \/>\n<meta name=\"twitter:card\" content=\"summary_large_image\" \/>\n<meta name=\"twitter:label1\" content=\"\u00c9crit par\" \/>\n\t<meta name=\"twitter:data1\" content=\"cfeditorfr\" \/>\n\t<meta name=\"twitter:label2\" content=\"Dur\u00e9e de lecture estim\u00e9e\" \/>\n\t<meta name=\"twitter:data2\" content=\"2 minutes\" \/>\n<script type=\"application\/ld+json\" class=\"yoast-schema-graph\">{\"@context\":\"https:\/\/schema.org\",\"@graph\":[{\"@type\":\"Article\",\"@id\":\"https:\/\/www.africa-press.net\/burkina-faso\/politique\/conseil-constitutionnel-du-burkina-trois-sages-pretent-serment-pour-un-mandat-de-neuf-ans#article\",\"isPartOf\":{\"@id\":\"https:\/\/www.africa-press.net\/burkina-faso\/politique\/conseil-constitutionnel-du-burkina-trois-sages-pretent-serment-pour-un-mandat-de-neuf-ans\"},\"author\":{\"name\":\"cfeditorfr\",\"@id\":\"https:\/\/www.africa-press.net\/burkina-faso\/#\/schema\/person\/2b1cf3cd81a31e3cd26889ca66d677f1\"},\"headline\":\"Conseil constitutionnel du Burkina : Trois \u00ab\u00a0sages\u00a0\u00bb pr\u00eatent serment pour un mandat de neuf ans\",\"datePublished\":\"2021-01-08T19:44:05+00:00\",\"mainEntityOfPage\":{\"@id\":\"https:\/\/www.africa-press.net\/burkina-faso\/politique\/conseil-constitutionnel-du-burkina-trois-sages-pretent-serment-pour-un-mandat-de-neuf-ans\"},\"wordCount\":370,\"commentCount\":0,\"image\":{\"@id\":\"https:\/\/www.africa-press.net\/burkina-faso\/politique\/conseil-constitutionnel-du-burkina-trois-sages-pretent-serment-pour-un-mandat-de-neuf-ans#primaryimage\"},\"thumbnailUrl\":\"https:\/\/static.africa-press.net\/burkina\/sites\/42\/2021\/01\/img-5ff88d9c0433e.jpg\",\"keywords\":[\"Africa Press\",\"Africa Press-Burkina Faso\",\"Burkina Faso\"],\"articleSection\":[\"homepage-french\",\"Politique\",\"Top Nouvelles\",\"Toutes les actualit\u00e9s\"],\"inLanguage\":\"fr-FR\",\"potentialAction\":[{\"@type\":\"CommentAction\",\"name\":\"Comment\",\"target\":[\"https:\/\/www.africa-press.net\/burkina-faso\/politique\/conseil-constitutionnel-du-burkina-trois-sages-pretent-serment-pour-un-mandat-de-neuf-ans#respond\"]}]},{\"@type\":\"WebPage\",\"@id\":\"https:\/\/www.africa-press.net\/burkina-faso\/politique\/conseil-constitutionnel-du-burkina-trois-sages-pretent-serment-pour-un-mandat-de-neuf-ans\",\"url\":\"https:\/\/www.africa-press.net\/burkina-faso\/politique\/conseil-constitutionnel-du-burkina-trois-sages-pretent-serment-pour-un-mandat-de-neuf-ans\",\"name\":\"Conseil constitutionnel du Burkina : Trois \\\"sages\\\" pr\u00eatent serment pour un mandat de neuf ans - Burkina Faso\",\"isPartOf\":{\"@id\":\"https:\/\/www.africa-press.net\/burkina-faso\/#website\"},\"primaryImageOfPage\":{\"@id\":\"https:\/\/www.africa-press.net\/burkina-faso\/politique\/conseil-constitutionnel-du-burkina-trois-sages-pretent-serment-pour-un-mandat-de-neuf-ans#primaryimage\"},\"image\":{\"@id\":\"https:\/\/www.africa-press.net\/burkina-faso\/politique\/conseil-constitutionnel-du-burkina-trois-sages-pretent-serment-pour-un-mandat-de-neuf-ans#primaryimage\"},\"thumbnailUrl\":\"https:\/\/static.africa-press.net\/burkina\/sites\/42\/2021\/01\/img-5ff88d9c0433e.jpg\",\"datePublished\":\"2021-01-08T19:44:05+00:00\",\"author\":{\"@id\":\"https:\/\/www.africa-press.net\/burkina-faso\/#\/schema\/person\/2b1cf3cd81a31e3cd26889ca66d677f1\"},\"description\":\"Sophie Sow, Moctar Tall et V\u00e9ronique Bayili sont les trois membres qui ont pr\u00eat\u00e9 serment ce vendredi 8 janvier 2021, ...\",\"breadcrumb\":{\"@id\":\"https:\/\/www.africa-press.net\/burkina-faso\/politique\/conseil-constitutionnel-du-burkina-trois-sages-pretent-serment-pour-un-mandat-de-neuf-ans#breadcrumb\"},\"inLanguage\":\"fr-FR\",\"potentialAction\":[{\"@type\":\"ReadAction\",\"target\":[\"https:\/\/www.africa-press.net\/burkina-faso\/politique\/conseil-constitutionnel-du-burkina-trois-sages-pretent-serment-pour-un-mandat-de-neuf-ans\"]}]},{\"@type\":\"ImageObject\",\"inLanguage\":\"fr-FR\",\"@id\":\"https:\/\/www.africa-press.net\/burkina-faso\/politique\/conseil-constitutionnel-du-burkina-trois-sages-pretent-serment-pour-un-mandat-de-neuf-ans#primaryimage\",\"url\":\"https:\/\/static.africa-press.net\/burkina\/sites\/42\/2021\/01\/img-5ff88d9c0433e.jpg\",\"contentUrl\":\"https:\/\/static.africa-press.net\/burkina\/sites\/42\/2021\/01\/img-5ff88d9c0433e.jpg\",\"width\":720,\"height\":478,\"caption\":\"Conseil constitutionnel du Burkina : Trois \\\"sages\\\" pr\u00eatent serment pour un mandat de neuf ans\"},{\"@type\":\"BreadcrumbList\",\"@id\":\"https:\/\/www.africa-press.net\/burkina-faso\/politique\/conseil-constitutionnel-du-burkina-trois-sages-pretent-serment-pour-un-mandat-de-neuf-ans#breadcrumb\",\"itemListElement\":[{\"@type\":\"ListItem\",\"position\":1,\"name\":\"Accueil\",\"item\":\"https:\/\/www.africa-press.net\/burkina-faso\/\"},{\"@type\":\"ListItem\",\"position\":2,\"name\":\"Conseil constitutionnel du Burkina : Trois &#8220;sages&#8221; pr\u00eatent serment pour un mandat de neuf ans\"}]},{\"@type\":\"WebSite\",\"@id\":\"https:\/\/www.africa-press.net\/burkina-faso\/#website\",\"url\":\"https:\/\/www.africa-press.net\/burkina-faso\/\",\"name\":\"Burkina Faso\",\"description\":\"Just another Africa News Agency Sites site\",\"potentialAction\":[{\"@type\":\"SearchAction\",\"target\":{\"@type\":\"EntryPoint\",\"urlTemplate\":\"https:\/\/www.africa-press.net\/burkina-faso\/?s={search_term_string}\"},\"query-input\":{\"@type\":\"PropertyValueSpecification\",\"valueRequired\":true,\"valueName\":\"search_term_string\"}}],\"inLanguage\":\"fr-FR\"},{\"@type\":\"Person\",\"@id\":\"https:\/\/www.africa-press.net\/burkina-faso\/#\/schema\/person\/2b1cf3cd81a31e3cd26889ca66d677f1\",\"name\":\"cfeditorfr\"}]}<\/script>\n<!-- \/ Yoast SEO Premium plugin. -->","yoast_head_json":{"title":"Conseil constitutionnel du Burkina : Trois \"sages\" pr\u00eatent serment pour un mandat de neuf ans - Burkina Faso","description":"Sophie Sow, Moctar Tall et V\u00e9ronique Bayili sont les trois membres qui ont pr\u00eat\u00e9 serment ce vendredi 8 janvier 2021, ...","robots":{"index":"index","follow":"follow","max-snippet":"max-snippet:-1","max-image-preview":"max-image-preview:large","max-video-preview":"max-video-preview:-1"},"canonical":"https:\/\/www.africa-press.net\/burkina-faso\/politique\/conseil-constitutionnel-du-burkina-trois-sages-pretent-serment-pour-un-mandat-de-neuf-ans","og_locale":"fr_FR","og_type":"article","og_title":"Conseil constitutionnel du Burkina : Trois \"sages\" pr\u00eatent serment pour un mandat de neuf ans","og_description":"Sophie Sow, Moctar Tall et V\u00e9ronique Bayili sont les trois membres qui ont pr\u00eat\u00e9 serment ce vendredi 8 janvier 2021, ...","og_url":"https:\/\/www.africa-press.net\/burkina-faso\/politique\/conseil-constitutionnel-du-burkina-trois-sages-pretent-serment-pour-un-mandat-de-neuf-ans","og_site_name":"Burkina Faso","article_published_time":"2021-01-08T19:44:05+00:00","og_image":[{"width":720,"height":478,"url":"https:\/\/static.africa-press.net\/burkina\/sites\/42\/2021\/01\/img-5ff88d9c0433e.jpg","type":"image\/jpeg"}],"author":"cfeditorfr","twitter_card":"summary_large_image","twitter_misc":{"\u00c9crit par":"cfeditorfr","Dur\u00e9e de lecture estim\u00e9e":"2 minutes"},"schema":{"@context":"https:\/\/schema.org","@graph":[{"@type":"Article","@id":"https:\/\/www.africa-press.net\/burkina-faso\/politique\/conseil-constitutionnel-du-burkina-trois-sages-pretent-serment-pour-un-mandat-de-neuf-ans#article","isPartOf":{"@id":"https:\/\/www.africa-press.net\/burkina-faso\/politique\/conseil-constitutionnel-du-burkina-trois-sages-pretent-serment-pour-un-mandat-de-neuf-ans"},"author":{"name":"cfeditorfr","@id":"https:\/\/www.africa-press.net\/burkina-faso\/#\/schema\/person\/2b1cf3cd81a31e3cd26889ca66d677f1"},"headline":"Conseil constitutionnel du Burkina : Trois \u00ab\u00a0sages\u00a0\u00bb pr\u00eatent serment pour un mandat de neuf ans","datePublished":"2021-01-08T19:44:05+00:00","mainEntityOfPage":{"@id":"https:\/\/www.africa-press.net\/burkina-faso\/politique\/conseil-constitutionnel-du-burkina-trois-sages-pretent-serment-pour-un-mandat-de-neuf-ans"},"wordCount":370,"commentCount":0,"image":{"@id":"https:\/\/www.africa-press.net\/burkina-faso\/politique\/conseil-constitutionnel-du-burkina-trois-sages-pretent-serment-pour-un-mandat-de-neuf-ans#primaryimage"},"thumbnailUrl":"https:\/\/static.africa-press.net\/burkina\/sites\/42\/2021\/01\/img-5ff88d9c0433e.jpg","keywords":["Africa Press","Africa Press-Burkina Faso","Burkina Faso"],"articleSection":["homepage-french","Politique","Top Nouvelles","Toutes les actualit\u00e9s"],"inLanguage":"fr-FR","potentialAction":[{"@type":"CommentAction","name":"Comment","target":["https:\/\/www.africa-press.net\/burkina-faso\/politique\/conseil-constitutionnel-du-burkina-trois-sages-pretent-serment-pour-un-mandat-de-neuf-ans#respond"]}]},{"@type":"WebPage","@id":"https:\/\/www.africa-press.net\/burkina-faso\/politique\/conseil-constitutionnel-du-burkina-trois-sages-pretent-serment-pour-un-mandat-de-neuf-ans","url":"https:\/\/www.africa-press.net\/burkina-faso\/politique\/conseil-constitutionnel-du-burkina-trois-sages-pretent-serment-pour-un-mandat-de-neuf-ans","name":"Conseil constitutionnel du Burkina : Trois \"sages\" pr\u00eatent serment pour un mandat de neuf ans - Burkina Faso","isPartOf":{"@id":"https:\/\/www.africa-press.net\/burkina-faso\/#website"},"primaryImageOfPage":{"@id":"https:\/\/www.africa-press.net\/burkina-faso\/politique\/conseil-constitutionnel-du-burkina-trois-sages-pretent-serment-pour-un-mandat-de-neuf-ans#primaryimage"},"image":{"@id":"https:\/\/www.africa-press.net\/burkina-faso\/politique\/conseil-constitutionnel-du-burkina-trois-sages-pretent-serment-pour-un-mandat-de-neuf-ans#primaryimage"},"thumbnailUrl":"https:\/\/static.africa-press.net\/burkina\/sites\/42\/2021\/01\/img-5ff88d9c0433e.jpg","datePublished":"2021-01-08T19:44:05+00:00","author":{"@id":"https:\/\/www.africa-press.net\/burkina-faso\/#\/schema\/person\/2b1cf3cd81a31e3cd26889ca66d677f1"},"description":"Sophie Sow, Moctar Tall et V\u00e9ronique Bayili sont les trois membres qui ont pr\u00eat\u00e9 serment ce vendredi 8 janvier 2021, ...","breadcrumb":{"@id":"https:\/\/www.africa-press.net\/burkina-faso\/politique\/conseil-constitutionnel-du-burkina-trois-sages-pretent-serment-pour-un-mandat-de-neuf-ans#breadcrumb"},"inLanguage":"fr-FR","potentialAction":[{"@type":"ReadAction","target":["https:\/\/www.africa-press.net\/burkina-faso\/politique\/conseil-constitutionnel-du-burkina-trois-sages-pretent-serment-pour-un-mandat-de-neuf-ans"]}]},{"@type":"ImageObject","inLanguage":"fr-FR","@id":"https:\/\/www.africa-press.net\/burkina-faso\/politique\/conseil-constitutionnel-du-burkina-trois-sages-pretent-serment-pour-un-mandat-de-neuf-ans#primaryimage","url":"https:\/\/static.africa-press.net\/burkina\/sites\/42\/2021\/01\/img-5ff88d9c0433e.jpg","contentUrl":"https:\/\/static.africa-press.net\/burkina\/sites\/42\/2021\/01\/img-5ff88d9c0433e.jpg","width":720,"height":478,"caption":"Conseil constitutionnel du Burkina : Trois \"sages\" pr\u00eatent serment pour un mandat de neuf ans"},{"@type":"BreadcrumbList","@id":"https:\/\/www.africa-press.net\/burkina-faso\/politique\/conseil-constitutionnel-du-burkina-trois-sages-pretent-serment-pour-un-mandat-de-neuf-ans#breadcrumb","itemListElement":[{"@type":"ListItem","position":1,"name":"Accueil","item":"https:\/\/www.africa-press.net\/burkina-faso\/"},{"@type":"ListItem","position":2,"name":"Conseil constitutionnel du Burkina : Trois &#8220;sages&#8221; pr\u00eatent serment pour un mandat de neuf ans"}]},{"@type":"WebSite","@id":"https:\/\/www.africa-press.net\/burkina-faso\/#website","url":"https:\/\/www.africa-press.net\/burkina-faso\/","name":"Burkina Faso","description":"Just another Africa News Agency Sites site","potentialAction":[{"@type":"SearchAction","target":{"@type":"EntryPoint","urlTemplate":"https:\/\/www.africa-press.net\/burkina-faso\/?s={search_term_string}"},"query-input":{"@type":"PropertyValueSpecification","valueRequired":true,"valueName":"search_term_string"}}],"inLanguage":"fr-FR"},{"@type":"Person","@id":"https:\/\/www.africa-press.net\/burkina-faso\/#\/schema\/person\/2b1cf3cd81a31e3cd26889ca66d677f1","name":"cfeditorfr"}]}},"_links":{"self":[{"href":"https:\/\/www.africa-press.net\/burkina-faso\/wp-json\/wp\/v2\/posts\/3380","targetHints":{"allow":["GET"]}}],"collection":[{"href":"https:\/\/www.africa-press.net\/burkina-faso\/wp-json\/wp\/v2\/posts"}],"about":[{"href":"https:\/\/www.africa-press.net\/burkina-faso\/wp-json\/wp\/v2\/types\/post"}],"author":[{"embeddable":true,"href":"https:\/\/www.africa-press.net\/burkina-faso\/wp-json\/wp\/v2\/users\/82"}],"replies":[{"embeddable":true,"href":"https:\/\/www.africa-press.net\/burkina-faso\/wp-json\/wp\/v2\/comments?post=3380"}],"version-history":[{"count":0,"href":"https:\/\/www.africa-press.net\/burkina-faso\/wp-json\/wp\/v2\/posts\/3380\/revisions"}],"wp:featuredmedia":[{"embeddable":true,"href":"https:\/\/www.africa-press.net\/burkina-faso\/wp-json\/wp\/v2\/media\/3379"}],"wp:attachment":[{"href":"https:\/\/www.africa-press.net\/burkina-faso\/wp-json\/wp\/v2\/media?parent=3380"}],"wp:term":[{"taxonomy":"category","embeddable":true,"href":"https:\/\/www.africa-press.net\/burkina-faso\/wp-json\/wp\/v2\/categories?post=3380"},{"taxonomy":"post_tag","embeddable":true,"href":"https:\/\/www.africa-press.net\/burkina-faso\/wp-json\/wp\/v2\/tags?post=3380"}],"curies":[{"name":"wp","href":"https:\/\/api.w.org\/{rel}","templated":true}]}}