{"id":3424,"date":"2021-01-09T14:20:11","date_gmt":"2021-01-09T14:20:11","guid":{"rendered":"https:\/\/www.africa-press.com\/burkina-faso\/?p=3424"},"modified":"2021-01-09T13:53:04","modified_gmt":"2021-01-09T13:53:04","slug":"sport-2020-une-annee-qui-a-souffert-le-martyr","status":"publish","type":"post","link":"https:\/\/www.africa-press.net\/burkina-faso\/sports\/sport-2020-une-annee-qui-a-souffert-le-martyr","title":{"rendered":"2020, une ann\u00e9e qui a souffert le martyr"},"content":{"rendered":"<p><span style=\"color: #ff6600\"><strong><a href=\"https:\/\/www.africa-press.com\">Africa-Press<\/a> &#8211; <a href=\"https:\/\/www.africa-press.com\/burkina-faso\">Burkina Faso<\/a>. <\/strong><\/span><b>A l\u2019instar des autres secteurs de la vie nationale, le sport a \u00e9t\u00e9 perturb\u00e9 durant l\u2019ann\u00e9e 2020. Suspensions, reports et annulations, retour sur une ann\u00e9e qui a souffert le martyr.<\/b><\/p>\n<p>Les diff\u00e9rentes f\u00e9d\u00e9rations sportives d\u00e9roulaient normalement leurs calendriers lorsque le 9 mars 2020, la pand\u00e9mie \u00e0 Coronavirus, d\u00e9couverte en Chine en d\u00e9cembre 2019, et qui venait de faire son entr\u00e9e en Afrique, touche le Burkina Faso. Un couple, qui revenait d\u2019un s\u00e9jour en France, est test\u00e9 positif \u00e0 la maladie.<\/p>\n<p>C\u2019est d\u00e9sormais la course dans la prise de mesures en vue d\u2019\u00e9viter la propagation de la maladie. Le 15 mars, le gouvernement d\u00e9cide de la fermeture des \u00e9tablissements scolaires et universitaires. Les march\u00e9s et yaars seront, par la suite, ferm\u00e9s. Les villes qui comptent des cas positifs confirm\u00e9s sont mises en quarantaine. C\u2019est la sensibilisation au respect des mesures barri\u00e8res.<\/p>\n<p>Dans cette dynamique de pr\u00e9vention contre la maladie \u00e0 coronavirus, le minist\u00e8re des Sports et des Loisirs d\u00e9cide, le 16 mars 2020, que \u00ab toutes les activit\u00e9s sportives et de loisirs engendrant des regroupements sont suspendues jusqu\u2019\u00e0 nouvel ordre \u00bb.<\/p>\n<p><b>Suspension des comp\u00e9titions en cours<\/b><\/p>\n<p>Dans la foul\u00e9e, la F\u00e9d\u00e9ration burkinab\u00e8 de football suspend toutes ses comp\u00e9titions en cours (championnats D1, D2, D3 masculins et f\u00e9minins, la Coupe du Faso masculine et f\u00e9minine, Coupe de la FBF, etc.). Le championnat de premi\u00e8re division \u00e9tait \u00e0 six journ\u00e9es de la fin. Les clubs suspendent \u00e9galement les entrainements et les joueurs se retrouvent au ch\u00f4mage et sans salaires.<\/p>\n<p>Le 25 avril, alors que les \u00e9quipes qualifi\u00e9es pour le Championnat d\u2019Afrique des nations (CHAN) \u00e9taient dans l\u2019expectative, la CAF annonce le report de la comp\u00e9tition pour des raisons sanitaires. Seydou Zerbo dit Krol d\u00e9mobilise sa troupe en attendant une nouvelle date.<\/p>\n<p>Le 4 mai 2020, le Comit\u00e9 d\u2019urgence de la FBF est convoqu\u00e9 pour statuer sur le sort des comp\u00e9titions en souffrance. Parce que la CAF devait faire le point de la situation des diff\u00e9rents championnats. Le Comit\u00e9 d\u2019urgence d\u00e9cide de \u00ab l\u2019annulation r\u00e9troactive \u00bb des comp\u00e9titions non d\u00e9but\u00e9es et non achev\u00e9es de la saison 2019-2020 et de faire d\u00e9sormais r\u00e9f\u00e9rence aux r\u00e9sultats de la saison pr\u00e9c\u00e9dente. Le championnat de premi\u00e8re division est donc annul\u00e9. Aucune \u00e9quipe n\u2019est rel\u00e9gu\u00e9e en division inf\u00e9rieure et les vainqueurs de la D2 sont autoris\u00e9s \u00e0 rejoindre l\u2019\u00e9lite burkinab\u00e8 qui va compter d\u00e9sormais 18 clubs.<\/p>\n<p>Le Comit\u00e9 d\u2019urgence d\u00e9cide \u00e9galement que RAHIMO FC et Salitas repr\u00e9sentent le Burkina Faso respectivement en Ligue africaine des champions et en Coupe CAF. Ce verdict cr\u00e9\u00e9 un toll\u00e9 au sein de la famille footballistique nationale. Certains y voient la main du pr\u00e9sident de la FBF d\u2019alors, Sita Sangar\u00e9, pour emp\u00eacher Majestic, le club de son challenger \u00e0 la pr\u00e9sidence de la f\u00e9d\u00e9ration en 2016, de prendre part aux joutes africaines. Mais la d\u00e9cision est maintenue.<\/p>\n<p>Le monde sportif demeure dans le silence jusqu\u2019en mai 2020 avant d\u2019apprendre que le processus de renouvellement des structures sportives, suspendu par la d\u00e9cision du minist\u00e8re des Sports et des Loisirs, pourra reprendre en ao\u00fbt.<\/p>\n<p><b>Le sport reprend progressivement<\/b><\/p>\n<p>Du 15 au 22 ao\u00fbt 2020, on assiste au renouvellement des bureaux de 34 f\u00e9d\u00e9rations. Si pour l\u2019ensemble, les candidats \u00e9taient pl\u00e9biscit\u00e9s, au football, au basketball et au cyclisme, c\u2019\u00e9tait de v\u00e9ritables joutes \u00e9lectorales avec des suspens et des crises.<\/p>\n<p>A la f\u00e9d\u00e9ration de football, Lazare Banss\u00e9, qui s\u2019est proclam\u00e9 candidat apr\u00e8s que le pr\u00e9sident Sita Sangar\u00e9 ait \u00e9t\u00e9 interdit par sa hi\u00e9rarchie de briguer un troisi\u00e8me mandat, parvient \u00e0 se faire \u00e9lire par 95 voix contre 59 pour son challenger, Amado Traor\u00e9, PCA de Majestic.<\/p>\n<p>Au cyclisme, c\u2019\u00e9tait la surprise g\u00e9n\u00e9rale. Le commandant Yasn\u00e9man\u00e9gr\u00e9 Sawadogo, pr\u00e9sident sortant et candidat \u00e0 sa propre succession, est battu aux urnes par Am\u00e9d\u00e9e B\u00e9r\u00e9woudougou, pr\u00e9sident de l\u2019AJCK, par 44 voix contre 40. En Fair-play, le candidat vaincu accepte, mais difficilement, sa d\u00e9faite et s\u2019engage \u00e0 soutenir le vainqueur pendant son mandat.<\/p>\n<p>Au Basket, Souleymane Yam\u00e9ogo \u00e9tait oppos\u00e9 \u00e0 Charles Bado. L\u2019issue des votes, selon les officiels, \u00e9tait en faveur du premier cit\u00e9. Mais Charles Bado pose plainte aupr\u00e8s du minist\u00e8re des Sports et des Loisirs parce qu\u2019un votant aurait \u00e9t\u00e9 intimid\u00e9 par le camp adverse. Le Minist\u00e8re tranche finalement en faveur de Souleymane Yam\u00e9ogo.<\/p>\n<p><b>Des lauriers malgr\u00e9 tout<\/b><\/p>\n<p>Au football toujours, les Etalons juniors, qui ont termin\u00e9 deuxi\u00e8mes \u00e0 la coupe UFOA-B derri\u00e8re le Ghana, obtiennent leur qualification \u00e0 la CAN de leur cat\u00e9gorie qui aura lieu en f\u00e9vrier 2021 en Mauritanie. Les Etalons s\u00e9niors terminent l\u2019ann\u00e9e, premiers du Groupe B devant l\u2019Ouganda, le Malawi et le Soudan du sud.<\/p>\n<p>Au cyclisme, les activit\u00e9s ont \u00e9galement repris, le 8 novembre 2020, avec le Grand Prix du pr\u00e9sident du Comit\u00e9 olympique et des sports burkinab\u00e8 (CNOSB). Paul Daumont s\u2019impose dans cette \u00e9preuve en bouclant les 146 kilom\u00e8tres en 3h 25 minutes 5 secondes.<\/p>\n<p>Le Grand Prix du 11-D\u00e9cembre, remport\u00e9 par Souleymane Kon\u00e9, l\u2019hommage \u00e0 Lassina Traor\u00e9, d\u00e9funt pr\u00e9sident de SIFA, club formateur de la p\u00e9pite burkinab\u00e8 Paul Daumont, tous remport\u00e9 par ce dernier ont \u00e9t\u00e9 les temps forts du cyclisme burkinab\u00e8 en 2020.<\/p>\n<p>Le Tour du Faso, quant \u00e0 lui, est annul\u00e9 pour des raisons sanitaires. Les cyclistes burkinab\u00e8 \u00e9taient \u00e9galement pr\u00e9sents au Grand Prix Chantal Biya au Cameroun. Paul Daumont, encore lui, remporte deux \u00e9tapes sur les cinq que comptait le tour. Le Burkinab\u00e8 termine l\u2019ann\u00e9e sixi\u00e8me meilleur cycliste africain de l\u2019ann\u00e9e.<\/p>\n<p>Les autres lauriers glan\u00e9s par le pays des Hommes int\u00e8gres ont \u00e9t\u00e9 obtenus en athl\u00e9tisme. Hugues Fabrice Zango a inscrit de nouveaux records \u00e0 son palmar\u00e8s faisant de lui l\u2019un des meilleurs de sa discipline au plan mondial. Le 19 ao\u00fbt, au meeting de Szekesfehervar en Hongrie, il bat pour la premi\u00e8re fois de sa carri\u00e8re, le double champion olympique, l\u2019Am\u00e9ricain Christian Taylor, avec un triple saut \u00e0 17,43 m et r\u00e9alise la meilleure performance mondiale de la saison. Hugues Fabrice Zango termine \u00e0 la deuxi\u00e8me place au meeting d\u2019Ostrava avec un saut de 17,42m et bat son propre record d\u2019Afrique du triple saut.<\/p>\n<p><b>Page noire du sport burkinab\u00e8<\/b><\/p>\n<p>Tout n\u2019a pas \u00e9t\u00e9 rose pour le monde sportif burkinab\u00e8. Certains acteurs ont malheureusement rencontr\u00e9 le chemin de la grande faucheuse. Parmi ces derniers, Moustapha Semd\u00e9, alors directeur de campagne du candidat \u00e0 la pr\u00e9sidence de la F\u00e9d\u00e9ration burkinab\u00e8 de football, Lazare Banss\u00e9.<\/p>\n<p>Il est d\u00e9c\u00e9d\u00e9 le 29 juillet 2020 suite \u00e0 un malaise. Boureima Zampaligr\u00e9 dit Zampa, supporter embl\u00e9matique du Rail club de Kadiogo, a d\u00e9finitivement quitt\u00e9 les stades suite \u00e0 un accident qu\u2019il a eu en revenant de Manga o\u00f9 il \u00e9tait all\u00e9 pousser son club de c\u0153ur \u00e0 la victoire contre Majestic.<\/p>\n<p><b>Paulin Zongo<\/b><\/p>\n<p>, charg\u00e9 de communication du RCK, a aussi quitt\u00e9 le monde des vivants des suites de maladie. La famille des cheminots a \u00e9t\u00e9 durement \u00e9prouv\u00e9e en cette ann\u00e9e 2020 car tous les trois cit\u00e9s appartenaient au RCK. Dans la nuit du 21 au 22 octobre, la mort emportait le pr\u00e9sident de la Ligue r\u00e9gionale de football du Centre-Nord, El hadj Tass\u00e9r\u00e9 Bargo, apr\u00e8s une courte maladie.<\/p>\n<p>L\u2019ann\u00e9e 2021 s\u2019ouvre avec de nouvelles et bonnes perspectives sur le plan sportif. Les Etalons s\u00e9niors tenteront de d\u00e9crocher une place qualificative \u00e0 la CAN 2021, les locaux vont aussi essayer d\u2019inscrire leur nom dans le palmar\u00e8s du CHAN et les Etalons U17 recherchent la qualification \u00e0 la CAN de leur cat\u00e9gorie. Les autres f\u00e9d\u00e9rations pourront, en respectant les mesures barri\u00e8res, d\u00e9rouler leurs programmes.<\/p>\n<p><b>Jacques Th\u00e9odore Balima<br \/>\n<\/b><\/p>\n","protected":false},"excerpt":{"rendered":"<p>Africa-Press &#8211; Burkina Faso. A l\u2019instar des autres secteurs de la vie nationale, le sport a \u00e9t\u00e9 perturb\u00e9 durant l\u2019ann\u00e9e 2020. Suspensions, reports et annulations, retour sur une ann\u00e9e qui a souffert le martyr. Les diff\u00e9rentes f\u00e9d\u00e9rations sportives d\u00e9roulaient normalement leurs calendriers lorsque le 9 mars 2020, la pand\u00e9mie \u00e0 Coronavirus, d\u00e9couverte en Chine en [&hellip;]<\/p>\n","protected":false},"author":82,"featured_media":3423,"comment_status":"open","ping_status":"closed","sticky":false,"template":"","format":"standard","meta":{"footnotes":""},"categories":[11,6,10],"tags":[111,725,29],"class_list":["post-3424","post","type-post","status-publish","format-standard","has-post-thumbnail","hentry","category-homepage-french","category-sports","category-toutes-les-actualites","tag-africa-press","tag-africa-press-burkina-faso","tag-burkina-faso"],"yoast_head":"<!-- This site is optimized with the Yoast SEO Premium plugin v26.1 (Yoast SEO v27.0) - https:\/\/yoast.com\/product\/yoast-seo-premium-wordpress\/ -->\n<title>2020, une ann\u00e9e qui a souffert le martyr - Burkina Faso<\/title>\n<meta name=\"description\" content=\"A l\u2019instar des autres secteurs de la vie nationale, le sport a \u00e9t\u00e9 perturb\u00e9 durant l\u2019ann\u00e9e 2020. Suspensions, reports ...\" \/>\n<meta name=\"robots\" content=\"index, follow, max-snippet:-1, max-image-preview:large, max-video-preview:-1\" \/>\n<link rel=\"canonical\" href=\"https:\/\/www.africa-press.net\/burkina-faso\/sports\/sport-2020-une-annee-qui-a-souffert-le-martyr\" \/>\n<meta property=\"og:locale\" content=\"fr_FR\" \/>\n<meta property=\"og:type\" content=\"article\" \/>\n<meta property=\"og:title\" content=\"2020, une ann\u00e9e qui a souffert le martyr\" \/>\n<meta property=\"og:description\" content=\"A l\u2019instar des autres secteurs de la vie nationale, le sport a \u00e9t\u00e9 perturb\u00e9 durant l\u2019ann\u00e9e 2020. Suspensions, reports ...\" \/>\n<meta property=\"og:url\" content=\"https:\/\/www.africa-press.net\/burkina-faso\/sports\/sport-2020-une-annee-qui-a-souffert-le-martyr\" \/>\n<meta property=\"og:site_name\" content=\"Burkina Faso\" \/>\n<meta property=\"article:published_time\" content=\"2021-01-09T14:20:11+00:00\" \/>\n<meta property=\"og:image\" content=\"https:\/\/static.africa-press.net\/burkina\/sites\/42\/2021\/01\/img-5ff9af60d3a1a.jpg\" \/>\n\t<meta property=\"og:image:width\" content=\"720\" \/>\n\t<meta property=\"og:image:height\" content=\"451\" \/>\n\t<meta property=\"og:image:type\" content=\"image\/jpeg\" \/>\n<meta name=\"author\" content=\"cfeditorfr\" \/>\n<meta name=\"twitter:card\" content=\"summary_large_image\" \/>\n<meta name=\"twitter:label1\" content=\"\u00c9crit par\" \/>\n\t<meta name=\"twitter:data1\" content=\"cfeditorfr\" \/>\n\t<meta name=\"twitter:label2\" content=\"Dur\u00e9e de lecture estim\u00e9e\" \/>\n\t<meta name=\"twitter:data2\" content=\"7 minutes\" \/>\n<script type=\"application\/ld+json\" class=\"yoast-schema-graph\">{\"@context\":\"https:\/\/schema.org\",\"@graph\":[{\"@type\":\"Article\",\"@id\":\"https:\/\/www.africa-press.net\/burkina-faso\/sports\/sport-2020-une-annee-qui-a-souffert-le-martyr#article\",\"isPartOf\":{\"@id\":\"https:\/\/www.africa-press.net\/burkina-faso\/sports\/sport-2020-une-annee-qui-a-souffert-le-martyr\"},\"author\":{\"name\":\"cfeditorfr\",\"@id\":\"https:\/\/www.africa-press.net\/burkina-faso\/#\/schema\/person\/2b1cf3cd81a31e3cd26889ca66d677f1\"},\"headline\":\"2020, une ann\u00e9e qui a souffert le martyr\",\"datePublished\":\"2021-01-09T14:20:11+00:00\",\"mainEntityOfPage\":{\"@id\":\"https:\/\/www.africa-press.net\/burkina-faso\/sports\/sport-2020-une-annee-qui-a-souffert-le-martyr\"},\"wordCount\":1352,\"commentCount\":0,\"image\":{\"@id\":\"https:\/\/www.africa-press.net\/burkina-faso\/sports\/sport-2020-une-annee-qui-a-souffert-le-martyr#primaryimage\"},\"thumbnailUrl\":\"https:\/\/static.africa-press.net\/burkina\/sites\/42\/2021\/01\/img-5ff9af60d3a1a.jpg\",\"keywords\":[\"Africa Press\",\"Africa Press-Burkina Faso\",\"Burkina Faso\"],\"articleSection\":[\"homepage-french\",\"Sports\",\"Toutes les actualit\u00e9s\"],\"inLanguage\":\"fr-FR\",\"potentialAction\":[{\"@type\":\"CommentAction\",\"name\":\"Comment\",\"target\":[\"https:\/\/www.africa-press.net\/burkina-faso\/sports\/sport-2020-une-annee-qui-a-souffert-le-martyr#respond\"]}]},{\"@type\":\"WebPage\",\"@id\":\"https:\/\/www.africa-press.net\/burkina-faso\/sports\/sport-2020-une-annee-qui-a-souffert-le-martyr\",\"url\":\"https:\/\/www.africa-press.net\/burkina-faso\/sports\/sport-2020-une-annee-qui-a-souffert-le-martyr\",\"name\":\"2020, une ann\u00e9e qui a souffert le martyr - Burkina Faso\",\"isPartOf\":{\"@id\":\"https:\/\/www.africa-press.net\/burkina-faso\/#website\"},\"primaryImageOfPage\":{\"@id\":\"https:\/\/www.africa-press.net\/burkina-faso\/sports\/sport-2020-une-annee-qui-a-souffert-le-martyr#primaryimage\"},\"image\":{\"@id\":\"https:\/\/www.africa-press.net\/burkina-faso\/sports\/sport-2020-une-annee-qui-a-souffert-le-martyr#primaryimage\"},\"thumbnailUrl\":\"https:\/\/static.africa-press.net\/burkina\/sites\/42\/2021\/01\/img-5ff9af60d3a1a.jpg\",\"datePublished\":\"2021-01-09T14:20:11+00:00\",\"author\":{\"@id\":\"https:\/\/www.africa-press.net\/burkina-faso\/#\/schema\/person\/2b1cf3cd81a31e3cd26889ca66d677f1\"},\"description\":\"A l\u2019instar des autres secteurs de la vie nationale, le sport a \u00e9t\u00e9 perturb\u00e9 durant l\u2019ann\u00e9e 2020. Suspensions, reports ...\",\"breadcrumb\":{\"@id\":\"https:\/\/www.africa-press.net\/burkina-faso\/sports\/sport-2020-une-annee-qui-a-souffert-le-martyr#breadcrumb\"},\"inLanguage\":\"fr-FR\",\"potentialAction\":[{\"@type\":\"ReadAction\",\"target\":[\"https:\/\/www.africa-press.net\/burkina-faso\/sports\/sport-2020-une-annee-qui-a-souffert-le-martyr\"]}]},{\"@type\":\"ImageObject\",\"inLanguage\":\"fr-FR\",\"@id\":\"https:\/\/www.africa-press.net\/burkina-faso\/sports\/sport-2020-une-annee-qui-a-souffert-le-martyr#primaryimage\",\"url\":\"https:\/\/static.africa-press.net\/burkina\/sites\/42\/2021\/01\/img-5ff9af60d3a1a.jpg\",\"contentUrl\":\"https:\/\/static.africa-press.net\/burkina\/sites\/42\/2021\/01\/img-5ff9af60d3a1a.jpg\",\"width\":720,\"height\":451,\"caption\":\"Sport : 2020, une ann\u00e9e qui a souffert le martyr\"},{\"@type\":\"BreadcrumbList\",\"@id\":\"https:\/\/www.africa-press.net\/burkina-faso\/sports\/sport-2020-une-annee-qui-a-souffert-le-martyr#breadcrumb\",\"itemListElement\":[{\"@type\":\"ListItem\",\"position\":1,\"name\":\"Accueil\",\"item\":\"https:\/\/www.africa-press.net\/burkina-faso\/\"},{\"@type\":\"ListItem\",\"position\":2,\"name\":\"2020, une ann\u00e9e qui a souffert le martyr\"}]},{\"@type\":\"WebSite\",\"@id\":\"https:\/\/www.africa-press.net\/burkina-faso\/#website\",\"url\":\"https:\/\/www.africa-press.net\/burkina-faso\/\",\"name\":\"Burkina Faso\",\"description\":\"Just another Africa News Agency Sites site\",\"potentialAction\":[{\"@type\":\"SearchAction\",\"target\":{\"@type\":\"EntryPoint\",\"urlTemplate\":\"https:\/\/www.africa-press.net\/burkina-faso\/?s={search_term_string}\"},\"query-input\":{\"@type\":\"PropertyValueSpecification\",\"valueRequired\":true,\"valueName\":\"search_term_string\"}}],\"inLanguage\":\"fr-FR\"},{\"@type\":\"Person\",\"@id\":\"https:\/\/www.africa-press.net\/burkina-faso\/#\/schema\/person\/2b1cf3cd81a31e3cd26889ca66d677f1\",\"name\":\"cfeditorfr\"}]}<\/script>\n<!-- \/ Yoast SEO Premium plugin. -->","yoast_head_json":{"title":"2020, une ann\u00e9e qui a souffert le martyr - Burkina Faso","description":"A l\u2019instar des autres secteurs de la vie nationale, le sport a \u00e9t\u00e9 perturb\u00e9 durant l\u2019ann\u00e9e 2020. Suspensions, reports ...","robots":{"index":"index","follow":"follow","max-snippet":"max-snippet:-1","max-image-preview":"max-image-preview:large","max-video-preview":"max-video-preview:-1"},"canonical":"https:\/\/www.africa-press.net\/burkina-faso\/sports\/sport-2020-une-annee-qui-a-souffert-le-martyr","og_locale":"fr_FR","og_type":"article","og_title":"2020, une ann\u00e9e qui a souffert le martyr","og_description":"A l\u2019instar des autres secteurs de la vie nationale, le sport a \u00e9t\u00e9 perturb\u00e9 durant l\u2019ann\u00e9e 2020. Suspensions, reports ...","og_url":"https:\/\/www.africa-press.net\/burkina-faso\/sports\/sport-2020-une-annee-qui-a-souffert-le-martyr","og_site_name":"Burkina Faso","article_published_time":"2021-01-09T14:20:11+00:00","og_image":[{"width":720,"height":451,"url":"https:\/\/static.africa-press.net\/burkina\/sites\/42\/2021\/01\/img-5ff9af60d3a1a.jpg","type":"image\/jpeg"}],"author":"cfeditorfr","twitter_card":"summary_large_image","twitter_misc":{"\u00c9crit par":"cfeditorfr","Dur\u00e9e de lecture estim\u00e9e":"7 minutes"},"schema":{"@context":"https:\/\/schema.org","@graph":[{"@type":"Article","@id":"https:\/\/www.africa-press.net\/burkina-faso\/sports\/sport-2020-une-annee-qui-a-souffert-le-martyr#article","isPartOf":{"@id":"https:\/\/www.africa-press.net\/burkina-faso\/sports\/sport-2020-une-annee-qui-a-souffert-le-martyr"},"author":{"name":"cfeditorfr","@id":"https:\/\/www.africa-press.net\/burkina-faso\/#\/schema\/person\/2b1cf3cd81a31e3cd26889ca66d677f1"},"headline":"2020, une ann\u00e9e qui a souffert le martyr","datePublished":"2021-01-09T14:20:11+00:00","mainEntityOfPage":{"@id":"https:\/\/www.africa-press.net\/burkina-faso\/sports\/sport-2020-une-annee-qui-a-souffert-le-martyr"},"wordCount":1352,"commentCount":0,"image":{"@id":"https:\/\/www.africa-press.net\/burkina-faso\/sports\/sport-2020-une-annee-qui-a-souffert-le-martyr#primaryimage"},"thumbnailUrl":"https:\/\/static.africa-press.net\/burkina\/sites\/42\/2021\/01\/img-5ff9af60d3a1a.jpg","keywords":["Africa Press","Africa Press-Burkina Faso","Burkina Faso"],"articleSection":["homepage-french","Sports","Toutes les actualit\u00e9s"],"inLanguage":"fr-FR","potentialAction":[{"@type":"CommentAction","name":"Comment","target":["https:\/\/www.africa-press.net\/burkina-faso\/sports\/sport-2020-une-annee-qui-a-souffert-le-martyr#respond"]}]},{"@type":"WebPage","@id":"https:\/\/www.africa-press.net\/burkina-faso\/sports\/sport-2020-une-annee-qui-a-souffert-le-martyr","url":"https:\/\/www.africa-press.net\/burkina-faso\/sports\/sport-2020-une-annee-qui-a-souffert-le-martyr","name":"2020, une ann\u00e9e qui a souffert le martyr - Burkina Faso","isPartOf":{"@id":"https:\/\/www.africa-press.net\/burkina-faso\/#website"},"primaryImageOfPage":{"@id":"https:\/\/www.africa-press.net\/burkina-faso\/sports\/sport-2020-une-annee-qui-a-souffert-le-martyr#primaryimage"},"image":{"@id":"https:\/\/www.africa-press.net\/burkina-faso\/sports\/sport-2020-une-annee-qui-a-souffert-le-martyr#primaryimage"},"thumbnailUrl":"https:\/\/static.africa-press.net\/burkina\/sites\/42\/2021\/01\/img-5ff9af60d3a1a.jpg","datePublished":"2021-01-09T14:20:11+00:00","author":{"@id":"https:\/\/www.africa-press.net\/burkina-faso\/#\/schema\/person\/2b1cf3cd81a31e3cd26889ca66d677f1"},"description":"A l\u2019instar des autres secteurs de la vie nationale, le sport a \u00e9t\u00e9 perturb\u00e9 durant l\u2019ann\u00e9e 2020. Suspensions, reports ...","breadcrumb":{"@id":"https:\/\/www.africa-press.net\/burkina-faso\/sports\/sport-2020-une-annee-qui-a-souffert-le-martyr#breadcrumb"},"inLanguage":"fr-FR","potentialAction":[{"@type":"ReadAction","target":["https:\/\/www.africa-press.net\/burkina-faso\/sports\/sport-2020-une-annee-qui-a-souffert-le-martyr"]}]},{"@type":"ImageObject","inLanguage":"fr-FR","@id":"https:\/\/www.africa-press.net\/burkina-faso\/sports\/sport-2020-une-annee-qui-a-souffert-le-martyr#primaryimage","url":"https:\/\/static.africa-press.net\/burkina\/sites\/42\/2021\/01\/img-5ff9af60d3a1a.jpg","contentUrl":"https:\/\/static.africa-press.net\/burkina\/sites\/42\/2021\/01\/img-5ff9af60d3a1a.jpg","width":720,"height":451,"caption":"Sport : 2020, une ann\u00e9e qui a souffert le martyr"},{"@type":"BreadcrumbList","@id":"https:\/\/www.africa-press.net\/burkina-faso\/sports\/sport-2020-une-annee-qui-a-souffert-le-martyr#breadcrumb","itemListElement":[{"@type":"ListItem","position":1,"name":"Accueil","item":"https:\/\/www.africa-press.net\/burkina-faso\/"},{"@type":"ListItem","position":2,"name":"2020, une ann\u00e9e qui a souffert le martyr"}]},{"@type":"WebSite","@id":"https:\/\/www.africa-press.net\/burkina-faso\/#website","url":"https:\/\/www.africa-press.net\/burkina-faso\/","name":"Burkina Faso","description":"Just another Africa News Agency Sites site","potentialAction":[{"@type":"SearchAction","target":{"@type":"EntryPoint","urlTemplate":"https:\/\/www.africa-press.net\/burkina-faso\/?s={search_term_string}"},"query-input":{"@type":"PropertyValueSpecification","valueRequired":true,"valueName":"search_term_string"}}],"inLanguage":"fr-FR"},{"@type":"Person","@id":"https:\/\/www.africa-press.net\/burkina-faso\/#\/schema\/person\/2b1cf3cd81a31e3cd26889ca66d677f1","name":"cfeditorfr"}]}},"_links":{"self":[{"href":"https:\/\/www.africa-press.net\/burkina-faso\/wp-json\/wp\/v2\/posts\/3424","targetHints":{"allow":["GET"]}}],"collection":[{"href":"https:\/\/www.africa-press.net\/burkina-faso\/wp-json\/wp\/v2\/posts"}],"about":[{"href":"https:\/\/www.africa-press.net\/burkina-faso\/wp-json\/wp\/v2\/types\/post"}],"author":[{"embeddable":true,"href":"https:\/\/www.africa-press.net\/burkina-faso\/wp-json\/wp\/v2\/users\/82"}],"replies":[{"embeddable":true,"href":"https:\/\/www.africa-press.net\/burkina-faso\/wp-json\/wp\/v2\/comments?post=3424"}],"version-history":[{"count":0,"href":"https:\/\/www.africa-press.net\/burkina-faso\/wp-json\/wp\/v2\/posts\/3424\/revisions"}],"wp:featuredmedia":[{"embeddable":true,"href":"https:\/\/www.africa-press.net\/burkina-faso\/wp-json\/wp\/v2\/media\/3423"}],"wp:attachment":[{"href":"https:\/\/www.africa-press.net\/burkina-faso\/wp-json\/wp\/v2\/media?parent=3424"}],"wp:term":[{"taxonomy":"category","embeddable":true,"href":"https:\/\/www.africa-press.net\/burkina-faso\/wp-json\/wp\/v2\/categories?post=3424"},{"taxonomy":"post_tag","embeddable":true,"href":"https:\/\/www.africa-press.net\/burkina-faso\/wp-json\/wp\/v2\/tags?post=3424"}],"curies":[{"name":"wp","href":"https:\/\/api.w.org\/{rel}","templated":true}]}}