{"id":3460,"date":"2021-01-10T15:34:08","date_gmt":"2021-01-10T15:34:08","guid":{"rendered":"https:\/\/www.africa-press.com\/burkina-faso\/?p=3460"},"modified":"2021-01-10T16:07:10","modified_gmt":"2021-01-10T16:07:10","slug":"monde-syndical-lalliance-nouvelle-administration-generale-anag-est-nee-pour-defendre-les-droits-des-administrateurs-civils","status":"publish","type":"post","link":"https:\/\/www.africa-press.net\/burkina-faso\/toutes-les-actualites\/monde-syndical-lalliance-nouvelle-administration-generale-anag-est-nee-pour-defendre-les-droits-des-administrateurs-civils","title":{"rendered":"Monde syndical : L&rsquo;Alliance nouvelle administration g\u00e9n\u00e9rale (ANAG) est n\u00e9e pour d\u00e9fendre les droits des administrateurs civils"},"content":{"rendered":"<p><span style=\"color: #ff6600\"><strong><a href=\"https:\/\/www.africa-press.com\">Africa-Press<\/a> &#8211; <a href=\"https:\/\/www.africa-press.com\/burkina-faso\">Burkina Faso<\/a>. <\/strong><\/span><b>Ils sont environs 975 membres issus de toutes les r\u00e9gions du Burkina \u00e0 l\u2019origine de la cr\u00e9ation de l\u2019Alliance nouvelle administration g\u00e9n\u00e9rale (ANAG). Leurs objectifs, d\u00e9fendre les int\u00e9r\u00eats moraux et mat\u00e9riels des travailleurs de toute l\u2019administration civile. Le lancement officiel a eu lieu \u00e0 Ouagadougou, le 9 janvier 2021.<\/b><\/p>\n<p>Il s\u2019est agi d\u2019un 1er congr\u00e8s constitutif de l\u2019Alliance nouvelle administration g\u00e9n\u00e9rale (ANAG). Un nouveau-n\u00e9 du monde syndical burkinab\u00e8 pour d\u00e9fendre les droits des administrateurs civils.<\/p>\n<p>Au c\u0153ur de ce congr\u00e8s constitutif, l\u2019\u00e9lection, l\u2019installation du nouveau bureau et le lancement des activit\u00e9s. Selon les responsables de l\u2019ANAG, d\u00e9j\u00e0 975 travailleurs issus de toutes les r\u00e9gions en sont membres. Un nombre qui ira grandissant dans le futur, assurent les conf\u00e9renciers.<\/p>\n<p>Contrairement aux autres syndicats de l\u2019administration civile qui fonctionnaient \u00ab\u00a0comme des copains, qui ne d\u00e9fendaient pas les droits moraux et mat\u00e9riels des travailleurs, mais un canal de favoritisme dans lequel, seule la voie des responsables compte\u00a0\u00bb, l\u2019ANAG croit que l\u2019union fait la force. Une mani\u00e8re de titiller le Syndicat national des administrateurs civils, secr\u00e9taires et adjoints administratifs du Burkina (SYNACSAB).<\/p>\n<p>Comme on peut le constater dans les propos de Jean Pascal Ima, secr\u00e9taire g\u00e9n\u00e9ral de l\u2019ANAG : \u00ab Le SYNACSAB a travaill\u00e9 \u00e0 diviser le corps des administrateurs par des pratiques malsaines telles que le mensonge, les calomnies, les fausses promesses, l\u2019utilisation du syndicat \u00e0 des fins d\u2019int\u00e9r\u00eat personnel, le favoritisme, l\u2019opportunisme et les connivences incestueuses, mettant la coh\u00e9sion au sein des agents du minist\u00e8re et du corps des administrateurs \u00e0 rude \u00e9preuve et cr\u00e9ant une rupture de confiance avec la base \u00bb.<\/p>\n<p>Ce nouveau-n\u00e9 du monde syndical veut donc rompre avec l\u2019inertie et \u00ab\u00a0le copinage\u00a0\u00bb qui pr\u00e9valent dans le corps de l\u2019administration civile. Pour s\u2019inscrire dans la r\u00e9conciliation de tous les membres de l\u2019administration civile, supprimer les d\u00e9saccords, relire les textes du MATDC, d\u00e9fendre l\u2019int\u00e9r\u00eat des travailleurs en tout temps et tout lieu.<\/p>\n<p><b>\u00a0<\/b><\/p>\n","protected":false},"excerpt":{"rendered":"<p>Africa-Press &#8211; Burkina Faso. Ils sont environs 975 membres issus de toutes les r\u00e9gions du Burkina \u00e0 l\u2019origine de la cr\u00e9ation de l\u2019Alliance nouvelle administration g\u00e9n\u00e9rale (ANAG). Leurs objectifs, d\u00e9fendre les int\u00e9r\u00eats moraux et mat\u00e9riels des travailleurs de toute l\u2019administration civile. Le lancement officiel a eu lieu \u00e0 Ouagadougou, le 9 janvier 2021. Il s\u2019est [&hellip;]<\/p>\n","protected":false},"author":82,"featured_media":3459,"comment_status":"open","ping_status":"closed","sticky":false,"template":"","format":"standard","meta":{"footnotes":""},"categories":[21,11,10],"tags":[111,725,29],"class_list":["post-3460","post","type-post","status-publish","format-standard","has-post-thumbnail","hentry","category-communaute","category-homepage-french","category-toutes-les-actualites","tag-africa-press","tag-africa-press-burkina-faso","tag-burkina-faso"],"yoast_head":"<!-- This site is optimized with the Yoast SEO Premium plugin v26.1 (Yoast SEO v27.0) - https:\/\/yoast.com\/product\/yoast-seo-premium-wordpress\/ -->\n<title>Monde syndical : L&#039;Alliance nouvelle administration g\u00e9n\u00e9rale (ANAG) est n\u00e9e pour d\u00e9fendre les droits des administrateurs civils - Burkina Faso<\/title>\n<meta name=\"description\" content=\"Ils sont environs 975 membres issus de toutes les r\u00e9gions du Burkina \u00e0 l\u2019origine de la cr\u00e9ation de l\u2019Alliance nouvell ...\" \/>\n<meta name=\"robots\" content=\"index, follow, max-snippet:-1, max-image-preview:large, max-video-preview:-1\" \/>\n<link rel=\"canonical\" href=\"https:\/\/www.africa-press.net\/burkina-faso\/toutes-les-actualites\/monde-syndical-lalliance-nouvelle-administration-generale-anag-est-nee-pour-defendre-les-droits-des-administrateurs-civils\" \/>\n<meta property=\"og:locale\" content=\"fr_FR\" \/>\n<meta property=\"og:type\" content=\"article\" \/>\n<meta property=\"og:title\" content=\"Monde syndical : L&#039;Alliance nouvelle administration g\u00e9n\u00e9rale (ANAG) est n\u00e9e pour d\u00e9fendre les droits des administrateurs civils\" \/>\n<meta property=\"og:description\" content=\"Ils sont environs 975 membres issus de toutes les r\u00e9gions du Burkina \u00e0 l\u2019origine de la cr\u00e9ation de l\u2019Alliance nouvell ...\" \/>\n<meta property=\"og:url\" content=\"https:\/\/www.africa-press.net\/burkina-faso\/toutes-les-actualites\/monde-syndical-lalliance-nouvelle-administration-generale-anag-est-nee-pour-defendre-les-droits-des-administrateurs-civils\" \/>\n<meta property=\"og:site_name\" content=\"Burkina Faso\" \/>\n<meta property=\"article:published_time\" content=\"2021-01-10T15:34:08+00:00\" \/>\n<meta property=\"article:modified_time\" content=\"2021-01-10T16:07:10+00:00\" \/>\n<meta property=\"og:image\" content=\"https:\/\/static.africa-press.net\/burkina\/sites\/42\/2021\/01\/img-5ffb1d322a088.jpg\" \/>\n\t<meta property=\"og:image:width\" content=\"720\" \/>\n\t<meta property=\"og:image:height\" content=\"540\" \/>\n\t<meta property=\"og:image:type\" content=\"image\/jpeg\" \/>\n<meta name=\"author\" content=\"cfeditorfr\" \/>\n<meta name=\"twitter:card\" content=\"summary_large_image\" \/>\n<meta name=\"twitter:label1\" content=\"\u00c9crit par\" \/>\n\t<meta name=\"twitter:data1\" content=\"cfeditorfr\" \/>\n\t<meta name=\"twitter:label2\" content=\"Dur\u00e9e de lecture estim\u00e9e\" \/>\n\t<meta name=\"twitter:data2\" content=\"2 minutes\" \/>\n<script type=\"application\/ld+json\" class=\"yoast-schema-graph\">{\"@context\":\"https:\/\/schema.org\",\"@graph\":[{\"@type\":\"Article\",\"@id\":\"https:\/\/www.africa-press.net\/burkina-faso\/toutes-les-actualites\/monde-syndical-lalliance-nouvelle-administration-generale-anag-est-nee-pour-defendre-les-droits-des-administrateurs-civils#article\",\"isPartOf\":{\"@id\":\"https:\/\/www.africa-press.net\/burkina-faso\/toutes-les-actualites\/monde-syndical-lalliance-nouvelle-administration-generale-anag-est-nee-pour-defendre-les-droits-des-administrateurs-civils\"},\"author\":{\"name\":\"cfeditorfr\",\"@id\":\"https:\/\/www.africa-press.net\/burkina-faso\/#\/schema\/person\/2b1cf3cd81a31e3cd26889ca66d677f1\"},\"headline\":\"Monde syndical : L&rsquo;Alliance nouvelle administration g\u00e9n\u00e9rale (ANAG) est n\u00e9e pour d\u00e9fendre les droits des administrateurs civils\",\"datePublished\":\"2021-01-10T15:34:08+00:00\",\"dateModified\":\"2021-01-10T16:07:10+00:00\",\"mainEntityOfPage\":{\"@id\":\"https:\/\/www.africa-press.net\/burkina-faso\/toutes-les-actualites\/monde-syndical-lalliance-nouvelle-administration-generale-anag-est-nee-pour-defendre-les-droits-des-administrateurs-civils\"},\"wordCount\":382,\"commentCount\":0,\"image\":{\"@id\":\"https:\/\/www.africa-press.net\/burkina-faso\/toutes-les-actualites\/monde-syndical-lalliance-nouvelle-administration-generale-anag-est-nee-pour-defendre-les-droits-des-administrateurs-civils#primaryimage\"},\"thumbnailUrl\":\"https:\/\/static.africa-press.net\/burkina\/sites\/42\/2021\/01\/img-5ffb1d322a088.jpg\",\"keywords\":[\"Africa Press\",\"Africa Press-Burkina Faso\",\"Burkina Faso\"],\"articleSection\":[\"Communaut\u00e9\",\"homepage-french\",\"Toutes les actualit\u00e9s\"],\"inLanguage\":\"fr-FR\",\"potentialAction\":[{\"@type\":\"CommentAction\",\"name\":\"Comment\",\"target\":[\"https:\/\/www.africa-press.net\/burkina-faso\/toutes-les-actualites\/monde-syndical-lalliance-nouvelle-administration-generale-anag-est-nee-pour-defendre-les-droits-des-administrateurs-civils#respond\"]}]},{\"@type\":\"WebPage\",\"@id\":\"https:\/\/www.africa-press.net\/burkina-faso\/toutes-les-actualites\/monde-syndical-lalliance-nouvelle-administration-generale-anag-est-nee-pour-defendre-les-droits-des-administrateurs-civils\",\"url\":\"https:\/\/www.africa-press.net\/burkina-faso\/toutes-les-actualites\/monde-syndical-lalliance-nouvelle-administration-generale-anag-est-nee-pour-defendre-les-droits-des-administrateurs-civils\",\"name\":\"Monde syndical : L'Alliance nouvelle administration g\u00e9n\u00e9rale (ANAG) est n\u00e9e pour d\u00e9fendre les droits des administrateurs civils - Burkina Faso\",\"isPartOf\":{\"@id\":\"https:\/\/www.africa-press.net\/burkina-faso\/#website\"},\"primaryImageOfPage\":{\"@id\":\"https:\/\/www.africa-press.net\/burkina-faso\/toutes-les-actualites\/monde-syndical-lalliance-nouvelle-administration-generale-anag-est-nee-pour-defendre-les-droits-des-administrateurs-civils#primaryimage\"},\"image\":{\"@id\":\"https:\/\/www.africa-press.net\/burkina-faso\/toutes-les-actualites\/monde-syndical-lalliance-nouvelle-administration-generale-anag-est-nee-pour-defendre-les-droits-des-administrateurs-civils#primaryimage\"},\"thumbnailUrl\":\"https:\/\/static.africa-press.net\/burkina\/sites\/42\/2021\/01\/img-5ffb1d322a088.jpg\",\"datePublished\":\"2021-01-10T15:34:08+00:00\",\"dateModified\":\"2021-01-10T16:07:10+00:00\",\"author\":{\"@id\":\"https:\/\/www.africa-press.net\/burkina-faso\/#\/schema\/person\/2b1cf3cd81a31e3cd26889ca66d677f1\"},\"description\":\"Ils sont environs 975 membres issus de toutes les r\u00e9gions du Burkina \u00e0 l\u2019origine de la cr\u00e9ation de l\u2019Alliance nouvell ...\",\"breadcrumb\":{\"@id\":\"https:\/\/www.africa-press.net\/burkina-faso\/toutes-les-actualites\/monde-syndical-lalliance-nouvelle-administration-generale-anag-est-nee-pour-defendre-les-droits-des-administrateurs-civils#breadcrumb\"},\"inLanguage\":\"fr-FR\",\"potentialAction\":[{\"@type\":\"ReadAction\",\"target\":[\"https:\/\/www.africa-press.net\/burkina-faso\/toutes-les-actualites\/monde-syndical-lalliance-nouvelle-administration-generale-anag-est-nee-pour-defendre-les-droits-des-administrateurs-civils\"]}]},{\"@type\":\"ImageObject\",\"inLanguage\":\"fr-FR\",\"@id\":\"https:\/\/www.africa-press.net\/burkina-faso\/toutes-les-actualites\/monde-syndical-lalliance-nouvelle-administration-generale-anag-est-nee-pour-defendre-les-droits-des-administrateurs-civils#primaryimage\",\"url\":\"https:\/\/static.africa-press.net\/burkina\/sites\/42\/2021\/01\/img-5ffb1d322a088.jpg\",\"contentUrl\":\"https:\/\/static.africa-press.net\/burkina\/sites\/42\/2021\/01\/img-5ffb1d322a088.jpg\",\"width\":720,\"height\":540,\"caption\":\"Monde syndical : L'Alliance nouvelle administration g\u00e9n\u00e9rale (ANAG) est n\u00e9e pour d\u00e9fendre les droits des administrateurs civils\"},{\"@type\":\"BreadcrumbList\",\"@id\":\"https:\/\/www.africa-press.net\/burkina-faso\/toutes-les-actualites\/monde-syndical-lalliance-nouvelle-administration-generale-anag-est-nee-pour-defendre-les-droits-des-administrateurs-civils#breadcrumb\",\"itemListElement\":[{\"@type\":\"ListItem\",\"position\":1,\"name\":\"Accueil\",\"item\":\"https:\/\/www.africa-press.net\/burkina-faso\/\"},{\"@type\":\"ListItem\",\"position\":2,\"name\":\"Monde syndical : L&#8217;Alliance nouvelle administration g\u00e9n\u00e9rale (ANAG) est n\u00e9e pour d\u00e9fendre les droits des administrateurs civils\"}]},{\"@type\":\"WebSite\",\"@id\":\"https:\/\/www.africa-press.net\/burkina-faso\/#website\",\"url\":\"https:\/\/www.africa-press.net\/burkina-faso\/\",\"name\":\"Burkina Faso\",\"description\":\"Just another Africa News Agency Sites site\",\"potentialAction\":[{\"@type\":\"SearchAction\",\"target\":{\"@type\":\"EntryPoint\",\"urlTemplate\":\"https:\/\/www.africa-press.net\/burkina-faso\/?s={search_term_string}\"},\"query-input\":{\"@type\":\"PropertyValueSpecification\",\"valueRequired\":true,\"valueName\":\"search_term_string\"}}],\"inLanguage\":\"fr-FR\"},{\"@type\":\"Person\",\"@id\":\"https:\/\/www.africa-press.net\/burkina-faso\/#\/schema\/person\/2b1cf3cd81a31e3cd26889ca66d677f1\",\"name\":\"cfeditorfr\"}]}<\/script>\n<!-- \/ Yoast SEO Premium plugin. -->","yoast_head_json":{"title":"Monde syndical : L'Alliance nouvelle administration g\u00e9n\u00e9rale (ANAG) est n\u00e9e pour d\u00e9fendre les droits des administrateurs civils - Burkina Faso","description":"Ils sont environs 975 membres issus de toutes les r\u00e9gions du Burkina \u00e0 l\u2019origine de la cr\u00e9ation de l\u2019Alliance nouvell ...","robots":{"index":"index","follow":"follow","max-snippet":"max-snippet:-1","max-image-preview":"max-image-preview:large","max-video-preview":"max-video-preview:-1"},"canonical":"https:\/\/www.africa-press.net\/burkina-faso\/toutes-les-actualites\/monde-syndical-lalliance-nouvelle-administration-generale-anag-est-nee-pour-defendre-les-droits-des-administrateurs-civils","og_locale":"fr_FR","og_type":"article","og_title":"Monde syndical : L'Alliance nouvelle administration g\u00e9n\u00e9rale (ANAG) est n\u00e9e pour d\u00e9fendre les droits des administrateurs civils","og_description":"Ils sont environs 975 membres issus de toutes les r\u00e9gions du Burkina \u00e0 l\u2019origine de la cr\u00e9ation de l\u2019Alliance nouvell ...","og_url":"https:\/\/www.africa-press.net\/burkina-faso\/toutes-les-actualites\/monde-syndical-lalliance-nouvelle-administration-generale-anag-est-nee-pour-defendre-les-droits-des-administrateurs-civils","og_site_name":"Burkina Faso","article_published_time":"2021-01-10T15:34:08+00:00","article_modified_time":"2021-01-10T16:07:10+00:00","og_image":[{"width":720,"height":540,"url":"https:\/\/static.africa-press.net\/burkina\/sites\/42\/2021\/01\/img-5ffb1d322a088.jpg","type":"image\/jpeg"}],"author":"cfeditorfr","twitter_card":"summary_large_image","twitter_misc":{"\u00c9crit par":"cfeditorfr","Dur\u00e9e de lecture estim\u00e9e":"2 minutes"},"schema":{"@context":"https:\/\/schema.org","@graph":[{"@type":"Article","@id":"https:\/\/www.africa-press.net\/burkina-faso\/toutes-les-actualites\/monde-syndical-lalliance-nouvelle-administration-generale-anag-est-nee-pour-defendre-les-droits-des-administrateurs-civils#article","isPartOf":{"@id":"https:\/\/www.africa-press.net\/burkina-faso\/toutes-les-actualites\/monde-syndical-lalliance-nouvelle-administration-generale-anag-est-nee-pour-defendre-les-droits-des-administrateurs-civils"},"author":{"name":"cfeditorfr","@id":"https:\/\/www.africa-press.net\/burkina-faso\/#\/schema\/person\/2b1cf3cd81a31e3cd26889ca66d677f1"},"headline":"Monde syndical : L&rsquo;Alliance nouvelle administration g\u00e9n\u00e9rale (ANAG) est n\u00e9e pour d\u00e9fendre les droits des administrateurs civils","datePublished":"2021-01-10T15:34:08+00:00","dateModified":"2021-01-10T16:07:10+00:00","mainEntityOfPage":{"@id":"https:\/\/www.africa-press.net\/burkina-faso\/toutes-les-actualites\/monde-syndical-lalliance-nouvelle-administration-generale-anag-est-nee-pour-defendre-les-droits-des-administrateurs-civils"},"wordCount":382,"commentCount":0,"image":{"@id":"https:\/\/www.africa-press.net\/burkina-faso\/toutes-les-actualites\/monde-syndical-lalliance-nouvelle-administration-generale-anag-est-nee-pour-defendre-les-droits-des-administrateurs-civils#primaryimage"},"thumbnailUrl":"https:\/\/static.africa-press.net\/burkina\/sites\/42\/2021\/01\/img-5ffb1d322a088.jpg","keywords":["Africa Press","Africa Press-Burkina Faso","Burkina Faso"],"articleSection":["Communaut\u00e9","homepage-french","Toutes les actualit\u00e9s"],"inLanguage":"fr-FR","potentialAction":[{"@type":"CommentAction","name":"Comment","target":["https:\/\/www.africa-press.net\/burkina-faso\/toutes-les-actualites\/monde-syndical-lalliance-nouvelle-administration-generale-anag-est-nee-pour-defendre-les-droits-des-administrateurs-civils#respond"]}]},{"@type":"WebPage","@id":"https:\/\/www.africa-press.net\/burkina-faso\/toutes-les-actualites\/monde-syndical-lalliance-nouvelle-administration-generale-anag-est-nee-pour-defendre-les-droits-des-administrateurs-civils","url":"https:\/\/www.africa-press.net\/burkina-faso\/toutes-les-actualites\/monde-syndical-lalliance-nouvelle-administration-generale-anag-est-nee-pour-defendre-les-droits-des-administrateurs-civils","name":"Monde syndical : L'Alliance nouvelle administration g\u00e9n\u00e9rale (ANAG) est n\u00e9e pour d\u00e9fendre les droits des administrateurs civils - Burkina Faso","isPartOf":{"@id":"https:\/\/www.africa-press.net\/burkina-faso\/#website"},"primaryImageOfPage":{"@id":"https:\/\/www.africa-press.net\/burkina-faso\/toutes-les-actualites\/monde-syndical-lalliance-nouvelle-administration-generale-anag-est-nee-pour-defendre-les-droits-des-administrateurs-civils#primaryimage"},"image":{"@id":"https:\/\/www.africa-press.net\/burkina-faso\/toutes-les-actualites\/monde-syndical-lalliance-nouvelle-administration-generale-anag-est-nee-pour-defendre-les-droits-des-administrateurs-civils#primaryimage"},"thumbnailUrl":"https:\/\/static.africa-press.net\/burkina\/sites\/42\/2021\/01\/img-5ffb1d322a088.jpg","datePublished":"2021-01-10T15:34:08+00:00","dateModified":"2021-01-10T16:07:10+00:00","author":{"@id":"https:\/\/www.africa-press.net\/burkina-faso\/#\/schema\/person\/2b1cf3cd81a31e3cd26889ca66d677f1"},"description":"Ils sont environs 975 membres issus de toutes les r\u00e9gions du Burkina \u00e0 l\u2019origine de la cr\u00e9ation de l\u2019Alliance nouvell ...","breadcrumb":{"@id":"https:\/\/www.africa-press.net\/burkina-faso\/toutes-les-actualites\/monde-syndical-lalliance-nouvelle-administration-generale-anag-est-nee-pour-defendre-les-droits-des-administrateurs-civils#breadcrumb"},"inLanguage":"fr-FR","potentialAction":[{"@type":"ReadAction","target":["https:\/\/www.africa-press.net\/burkina-faso\/toutes-les-actualites\/monde-syndical-lalliance-nouvelle-administration-generale-anag-est-nee-pour-defendre-les-droits-des-administrateurs-civils"]}]},{"@type":"ImageObject","inLanguage":"fr-FR","@id":"https:\/\/www.africa-press.net\/burkina-faso\/toutes-les-actualites\/monde-syndical-lalliance-nouvelle-administration-generale-anag-est-nee-pour-defendre-les-droits-des-administrateurs-civils#primaryimage","url":"https:\/\/static.africa-press.net\/burkina\/sites\/42\/2021\/01\/img-5ffb1d322a088.jpg","contentUrl":"https:\/\/static.africa-press.net\/burkina\/sites\/42\/2021\/01\/img-5ffb1d322a088.jpg","width":720,"height":540,"caption":"Monde syndical : L'Alliance nouvelle administration g\u00e9n\u00e9rale (ANAG) est n\u00e9e pour d\u00e9fendre les droits des administrateurs civils"},{"@type":"BreadcrumbList","@id":"https:\/\/www.africa-press.net\/burkina-faso\/toutes-les-actualites\/monde-syndical-lalliance-nouvelle-administration-generale-anag-est-nee-pour-defendre-les-droits-des-administrateurs-civils#breadcrumb","itemListElement":[{"@type":"ListItem","position":1,"name":"Accueil","item":"https:\/\/www.africa-press.net\/burkina-faso\/"},{"@type":"ListItem","position":2,"name":"Monde syndical : L&#8217;Alliance nouvelle administration g\u00e9n\u00e9rale (ANAG) est n\u00e9e pour d\u00e9fendre les droits des administrateurs civils"}]},{"@type":"WebSite","@id":"https:\/\/www.africa-press.net\/burkina-faso\/#website","url":"https:\/\/www.africa-press.net\/burkina-faso\/","name":"Burkina Faso","description":"Just another Africa News Agency Sites site","potentialAction":[{"@type":"SearchAction","target":{"@type":"EntryPoint","urlTemplate":"https:\/\/www.africa-press.net\/burkina-faso\/?s={search_term_string}"},"query-input":{"@type":"PropertyValueSpecification","valueRequired":true,"valueName":"search_term_string"}}],"inLanguage":"fr-FR"},{"@type":"Person","@id":"https:\/\/www.africa-press.net\/burkina-faso\/#\/schema\/person\/2b1cf3cd81a31e3cd26889ca66d677f1","name":"cfeditorfr"}]}},"_links":{"self":[{"href":"https:\/\/www.africa-press.net\/burkina-faso\/wp-json\/wp\/v2\/posts\/3460","targetHints":{"allow":["GET"]}}],"collection":[{"href":"https:\/\/www.africa-press.net\/burkina-faso\/wp-json\/wp\/v2\/posts"}],"about":[{"href":"https:\/\/www.africa-press.net\/burkina-faso\/wp-json\/wp\/v2\/types\/post"}],"author":[{"embeddable":true,"href":"https:\/\/www.africa-press.net\/burkina-faso\/wp-json\/wp\/v2\/users\/82"}],"replies":[{"embeddable":true,"href":"https:\/\/www.africa-press.net\/burkina-faso\/wp-json\/wp\/v2\/comments?post=3460"}],"version-history":[{"count":0,"href":"https:\/\/www.africa-press.net\/burkina-faso\/wp-json\/wp\/v2\/posts\/3460\/revisions"}],"wp:featuredmedia":[{"embeddable":true,"href":"https:\/\/www.africa-press.net\/burkina-faso\/wp-json\/wp\/v2\/media\/3459"}],"wp:attachment":[{"href":"https:\/\/www.africa-press.net\/burkina-faso\/wp-json\/wp\/v2\/media?parent=3460"}],"wp:term":[{"taxonomy":"category","embeddable":true,"href":"https:\/\/www.africa-press.net\/burkina-faso\/wp-json\/wp\/v2\/categories?post=3460"},{"taxonomy":"post_tag","embeddable":true,"href":"https:\/\/www.africa-press.net\/burkina-faso\/wp-json\/wp\/v2\/tags?post=3460"}],"curies":[{"name":"wp","href":"https:\/\/api.w.org\/{rel}","templated":true}]}}