{"id":3495,"date":"2021-01-11T16:51:01","date_gmt":"2021-01-11T16:51:01","guid":{"rendered":"https:\/\/www.africa-press.com\/burkina-faso\/?p=3495"},"modified":"2021-01-11T16:49:30","modified_gmt":"2021-01-11T16:49:30","slug":"gouvernement-christophe-dabire-ii-qui-sont-les-nouveaux-entrants","status":"publish","type":"post","link":"https:\/\/www.africa-press.net\/burkina-faso\/politique\/gouvernement-christophe-dabire-ii-qui-sont-les-nouveaux-entrants","title":{"rendered":"Gouvernement Christophe Dabir\u00e9 II : Qui sont les nouveaux entrants ?"},"content":{"rendered":"<p><span style=\"color: #ff6600\"><strong><a href=\"https:\/\/www.africa-press.com\">Africa-Press<\/a> &#8211; <a href=\"https:\/\/www.africa-press.com\/burkina-faso\">Burkina Faso<\/a>. <\/strong><\/span><b>Quatorze personnes font leur entr\u00e9e dans le nouveau gouvernement form\u00e9 par le Premier ministre, Christophe Dabir\u00e9, ce dimanche 10 janvier 2021. Trois d\u2019entre eux ne sont pas \u00e0 leur premi\u00e8re exp\u00e9rience en tant que ministre.<\/b><\/p>\n<p>Il s\u2019agit de Pegdwend\u00e9 Cl\u00e9ment Sawadogo, Z\u00e9phirin Diabr\u00e9 et Ousseni Tamboura. Le premier a \u00e9t\u00e9 ministre de l\u2019Administration Territoriale et de la D\u00e9centralisation (2006-2011). De 2016 \u00e0 2018, il occupe le portefeuille de la Fonction publique, du Travail et de la Protection Sociale avant d\u2019h\u00e9riter de celui de la S\u00e9curit\u00e9.<\/p>\n<p>Quant \u00e0 Z\u00e9phirin Diabr\u00e9, ex-chef de file de l\u2019opposition politique burkinab\u00e8, il fut nomm\u00e9 pour la premi\u00e8re fois en 1992, ministre de l\u2019Industrie, du Commerce et des Mines dans le gouvernement du Premier ministre Youssouf Ou\u00e9draogo. Il est reconduit deux ans plus tard au poste de ministre de l\u2019\u00c9conomie, des Finances et du Plan dans le gouvernement du Premier ministre Roch Marc Christian Kabor\u00e9.<\/p>\n<p>De Ousseni Tamboura, l\u2019on retiendra qu\u2019ancien cadre de l\u2019ADF-RDA, il fut ministre d\u00e9l\u00e9gu\u00e9, charg\u00e9 de l\u2019Alphab\u00e9tisation et de l\u2019Education non formelle.<\/p>\n<p>Voici la liste des 14 nouveaux ministres dont 4 ministres d\u00e9l\u00e9gu\u00e9s : Pengdwend\u00e9 Cl\u00e9ment Sawadogo, Ministre d\u2019Etat : Ministre de l\u2019Administration Territoriale et de la D\u00e9centralisation<\/p>\n<p>Victoria Ou\u00e9draogo \/ Kibora : Ministre de la Justice, des Droits Humains et de la Promotion Civique, Garde des Sceaux : Charlemagne Marie Ragnag-Newend\u00e9 Ou\u00e9draogo : Ministre de la Sant\u00e9<\/p>\n<p>Ouss\u00e9ni Tamboura : Ministre de la Communication et des Relations avec le Parlement, Porte-parole du Gouvernement Ousmane Nacro : Ministre de l\u2019Eau et de l\u2019Assainissement<\/p>\n<p>Tegwend\u00e9 Modeste Yerbanga : Ministre des Ressources animales et halicutiques Benewend\u00e9 Stanislas Sankara : Ministre de l\u2019Urbanisme, de l\u2019Habitat et de la Ville Foniyama Elise Ilboudo\/Thiombiano : Ministre de la Culture, des Arts et du Tourisme Dominique Marie Andr\u00e9 Nana : Ministre des Sports et des Loisirs<\/p>\n<p>Maxime Kon\u00e9 : Ministre d\u00e9l\u00e9gu\u00e9 aupr\u00e8s du Ministre des Affaires Etrang\u00e8res, de la Coop\u00e9ration, de l\u2019Int\u00e9gration Africaine et des Burkinab\u00e8 de l\u2019Ext\u00e9rieur, charg\u00e9 de l\u2019Int\u00e9gration Africaine et des Burkinab\u0117 de l\u2019Ext\u00e9rieur :<\/p>\n<p>Maminata Traor\u00e9\/Coulibaly : Ministre d\u00e9l\u00e9gu\u00e9 aupr\u00e8s du Ministre de l\u2019Enseignement Sup\u00e9rieur, de la Recherche Scientifique et de l\u2019Innovation, charg\u00e9 de la Recherche Scientifique et de l\u2019Innovation<\/p>\n<p>Aim\u00e9 Zongo : Ministre d\u00e9l\u00e9gu\u00e9 aupr\u00e8s du Ministre de l\u2019Energie, des Mines et des Carri\u00e8res, charg\u00e9 des Mines et des Carri\u00e8res Louise Anne Go : Ministre d\u00e9l\u00e9gu\u00e9 aupr\u00e8s du Ministre de l\u2019Industrie, du Commerce et de l\u2019Artisanat, charg\u00e9 de l\u2019Artisanat Z\u00e9phirin Diabr\u00e9 : Ministre d\u2019Etat, Ministre aupr\u00e8s du Pr\u00e9sident du Faso, charg\u00e9 de la R\u00e9conciliation Nationale et de la Coh\u00e9sion Sociale<\/p>\n<p><b>Herman Fr\u00e9d\u00e9ric Bassol\u00e9<br \/>\n<\/b><\/p>\n","protected":false},"excerpt":{"rendered":"<p>Africa-Press &#8211; Burkina Faso. Quatorze personnes font leur entr\u00e9e dans le nouveau gouvernement form\u00e9 par le Premier ministre, Christophe Dabir\u00e9, ce dimanche 10 janvier 2021. Trois d\u2019entre eux ne sont pas \u00e0 leur premi\u00e8re exp\u00e9rience en tant que ministre. Il s\u2019agit de Pegdwend\u00e9 Cl\u00e9ment Sawadogo, Z\u00e9phirin Diabr\u00e9 et Ousseni Tamboura. Le premier a \u00e9t\u00e9 ministre [&hellip;]<\/p>\n","protected":false},"author":82,"featured_media":3494,"comment_status":"open","ping_status":"closed","sticky":false,"template":"","format":"standard","meta":{"footnotes":""},"categories":[11,2,10],"tags":[111,725,29],"class_list":["post-3495","post","type-post","status-publish","format-standard","has-post-thumbnail","hentry","category-homepage-french","category-politique","category-toutes-les-actualites","tag-africa-press","tag-africa-press-burkina-faso","tag-burkina-faso"],"yoast_head":"<!-- This site is optimized with the Yoast SEO Premium plugin v26.1 (Yoast SEO v27.0) - https:\/\/yoast.com\/product\/yoast-seo-premium-wordpress\/ -->\n<title>Gouvernement Christophe Dabir\u00e9 II : Qui sont les nouveaux entrants ? - Burkina Faso<\/title>\n<meta name=\"description\" content=\"Quatorze personnes font leur entr\u00e9e dans le nouveau gouvernement form\u00e9 par le Premier ministre, Christophe Dabir\u00e9, ce ...\" \/>\n<meta name=\"robots\" content=\"index, follow, max-snippet:-1, max-image-preview:large, max-video-preview:-1\" \/>\n<link rel=\"canonical\" href=\"https:\/\/www.africa-press.net\/burkina-faso\/politique\/gouvernement-christophe-dabire-ii-qui-sont-les-nouveaux-entrants\" \/>\n<meta property=\"og:locale\" content=\"fr_FR\" \/>\n<meta property=\"og:type\" content=\"article\" \/>\n<meta property=\"og:title\" content=\"Gouvernement Christophe Dabir\u00e9 II : Qui sont les nouveaux entrants ?\" \/>\n<meta property=\"og:description\" content=\"Quatorze personnes font leur entr\u00e9e dans le nouveau gouvernement form\u00e9 par le Premier ministre, Christophe Dabir\u00e9, ce ...\" \/>\n<meta property=\"og:url\" content=\"https:\/\/www.africa-press.net\/burkina-faso\/politique\/gouvernement-christophe-dabire-ii-qui-sont-les-nouveaux-entrants\" \/>\n<meta property=\"og:site_name\" content=\"Burkina Faso\" \/>\n<meta property=\"article:published_time\" content=\"2021-01-11T16:51:01+00:00\" \/>\n<meta property=\"og:image\" content=\"https:\/\/static.africa-press.net\/burkina\/sites\/42\/2021\/01\/img-5ffc753d58bc4.jpg\" \/>\n\t<meta property=\"og:image:width\" content=\"720\" \/>\n\t<meta property=\"og:image:height\" content=\"479\" \/>\n\t<meta property=\"og:image:type\" content=\"image\/jpeg\" \/>\n<meta name=\"author\" content=\"cfeditorfr\" \/>\n<meta name=\"twitter:card\" content=\"summary_large_image\" \/>\n<meta name=\"twitter:label1\" content=\"\u00c9crit par\" \/>\n\t<meta name=\"twitter:data1\" content=\"cfeditorfr\" \/>\n\t<meta name=\"twitter:label2\" content=\"Dur\u00e9e de lecture estim\u00e9e\" \/>\n\t<meta name=\"twitter:data2\" content=\"2 minutes\" \/>\n<script type=\"application\/ld+json\" class=\"yoast-schema-graph\">{\"@context\":\"https:\/\/schema.org\",\"@graph\":[{\"@type\":\"Article\",\"@id\":\"https:\/\/www.africa-press.net\/burkina-faso\/politique\/gouvernement-christophe-dabire-ii-qui-sont-les-nouveaux-entrants#article\",\"isPartOf\":{\"@id\":\"https:\/\/www.africa-press.net\/burkina-faso\/politique\/gouvernement-christophe-dabire-ii-qui-sont-les-nouveaux-entrants\"},\"author\":{\"name\":\"cfeditorfr\",\"@id\":\"https:\/\/www.africa-press.net\/burkina-faso\/#\/schema\/person\/2b1cf3cd81a31e3cd26889ca66d677f1\"},\"headline\":\"Gouvernement Christophe Dabir\u00e9 II : Qui sont les nouveaux entrants ?\",\"datePublished\":\"2021-01-11T16:51:01+00:00\",\"mainEntityOfPage\":{\"@id\":\"https:\/\/www.africa-press.net\/burkina-faso\/politique\/gouvernement-christophe-dabire-ii-qui-sont-les-nouveaux-entrants\"},\"wordCount\":487,\"commentCount\":0,\"image\":{\"@id\":\"https:\/\/www.africa-press.net\/burkina-faso\/politique\/gouvernement-christophe-dabire-ii-qui-sont-les-nouveaux-entrants#primaryimage\"},\"thumbnailUrl\":\"https:\/\/static.africa-press.net\/burkina\/sites\/42\/2021\/01\/img-5ffc753d58bc4.jpg\",\"keywords\":[\"Africa Press\",\"Africa Press-Burkina Faso\",\"Burkina Faso\"],\"articleSection\":[\"homepage-french\",\"Politique\",\"Toutes les actualit\u00e9s\"],\"inLanguage\":\"fr-FR\",\"potentialAction\":[{\"@type\":\"CommentAction\",\"name\":\"Comment\",\"target\":[\"https:\/\/www.africa-press.net\/burkina-faso\/politique\/gouvernement-christophe-dabire-ii-qui-sont-les-nouveaux-entrants#respond\"]}]},{\"@type\":\"WebPage\",\"@id\":\"https:\/\/www.africa-press.net\/burkina-faso\/politique\/gouvernement-christophe-dabire-ii-qui-sont-les-nouveaux-entrants\",\"url\":\"https:\/\/www.africa-press.net\/burkina-faso\/politique\/gouvernement-christophe-dabire-ii-qui-sont-les-nouveaux-entrants\",\"name\":\"Gouvernement Christophe Dabir\u00e9 II : Qui sont les nouveaux entrants ? - Burkina Faso\",\"isPartOf\":{\"@id\":\"https:\/\/www.africa-press.net\/burkina-faso\/#website\"},\"primaryImageOfPage\":{\"@id\":\"https:\/\/www.africa-press.net\/burkina-faso\/politique\/gouvernement-christophe-dabire-ii-qui-sont-les-nouveaux-entrants#primaryimage\"},\"image\":{\"@id\":\"https:\/\/www.africa-press.net\/burkina-faso\/politique\/gouvernement-christophe-dabire-ii-qui-sont-les-nouveaux-entrants#primaryimage\"},\"thumbnailUrl\":\"https:\/\/static.africa-press.net\/burkina\/sites\/42\/2021\/01\/img-5ffc753d58bc4.jpg\",\"datePublished\":\"2021-01-11T16:51:01+00:00\",\"author\":{\"@id\":\"https:\/\/www.africa-press.net\/burkina-faso\/#\/schema\/person\/2b1cf3cd81a31e3cd26889ca66d677f1\"},\"description\":\"Quatorze personnes font leur entr\u00e9e dans le nouveau gouvernement form\u00e9 par le Premier ministre, Christophe Dabir\u00e9, ce ...\",\"breadcrumb\":{\"@id\":\"https:\/\/www.africa-press.net\/burkina-faso\/politique\/gouvernement-christophe-dabire-ii-qui-sont-les-nouveaux-entrants#breadcrumb\"},\"inLanguage\":\"fr-FR\",\"potentialAction\":[{\"@type\":\"ReadAction\",\"target\":[\"https:\/\/www.africa-press.net\/burkina-faso\/politique\/gouvernement-christophe-dabire-ii-qui-sont-les-nouveaux-entrants\"]}]},{\"@type\":\"ImageObject\",\"inLanguage\":\"fr-FR\",\"@id\":\"https:\/\/www.africa-press.net\/burkina-faso\/politique\/gouvernement-christophe-dabire-ii-qui-sont-les-nouveaux-entrants#primaryimage\",\"url\":\"https:\/\/static.africa-press.net\/burkina\/sites\/42\/2021\/01\/img-5ffc753d58bc4.jpg\",\"contentUrl\":\"https:\/\/static.africa-press.net\/burkina\/sites\/42\/2021\/01\/img-5ffc753d58bc4.jpg\",\"width\":720,\"height\":479,\"caption\":\"Gouvernement Christophe Dabir\u00e9 II : Qui sont les nouveaux entrants ?\"},{\"@type\":\"BreadcrumbList\",\"@id\":\"https:\/\/www.africa-press.net\/burkina-faso\/politique\/gouvernement-christophe-dabire-ii-qui-sont-les-nouveaux-entrants#breadcrumb\",\"itemListElement\":[{\"@type\":\"ListItem\",\"position\":1,\"name\":\"Accueil\",\"item\":\"https:\/\/www.africa-press.net\/burkina-faso\/\"},{\"@type\":\"ListItem\",\"position\":2,\"name\":\"Gouvernement Christophe Dabir\u00e9 II : Qui sont les nouveaux entrants ?\"}]},{\"@type\":\"WebSite\",\"@id\":\"https:\/\/www.africa-press.net\/burkina-faso\/#website\",\"url\":\"https:\/\/www.africa-press.net\/burkina-faso\/\",\"name\":\"Burkina Faso\",\"description\":\"Just another Africa News Agency Sites site\",\"potentialAction\":[{\"@type\":\"SearchAction\",\"target\":{\"@type\":\"EntryPoint\",\"urlTemplate\":\"https:\/\/www.africa-press.net\/burkina-faso\/?s={search_term_string}\"},\"query-input\":{\"@type\":\"PropertyValueSpecification\",\"valueRequired\":true,\"valueName\":\"search_term_string\"}}],\"inLanguage\":\"fr-FR\"},{\"@type\":\"Person\",\"@id\":\"https:\/\/www.africa-press.net\/burkina-faso\/#\/schema\/person\/2b1cf3cd81a31e3cd26889ca66d677f1\",\"name\":\"cfeditorfr\"}]}<\/script>\n<!-- \/ Yoast SEO Premium plugin. -->","yoast_head_json":{"title":"Gouvernement Christophe Dabir\u00e9 II : Qui sont les nouveaux entrants ? - Burkina Faso","description":"Quatorze personnes font leur entr\u00e9e dans le nouveau gouvernement form\u00e9 par le Premier ministre, Christophe Dabir\u00e9, ce ...","robots":{"index":"index","follow":"follow","max-snippet":"max-snippet:-1","max-image-preview":"max-image-preview:large","max-video-preview":"max-video-preview:-1"},"canonical":"https:\/\/www.africa-press.net\/burkina-faso\/politique\/gouvernement-christophe-dabire-ii-qui-sont-les-nouveaux-entrants","og_locale":"fr_FR","og_type":"article","og_title":"Gouvernement Christophe Dabir\u00e9 II : Qui sont les nouveaux entrants ?","og_description":"Quatorze personnes font leur entr\u00e9e dans le nouveau gouvernement form\u00e9 par le Premier ministre, Christophe Dabir\u00e9, ce ...","og_url":"https:\/\/www.africa-press.net\/burkina-faso\/politique\/gouvernement-christophe-dabire-ii-qui-sont-les-nouveaux-entrants","og_site_name":"Burkina Faso","article_published_time":"2021-01-11T16:51:01+00:00","og_image":[{"width":720,"height":479,"url":"https:\/\/static.africa-press.net\/burkina\/sites\/42\/2021\/01\/img-5ffc753d58bc4.jpg","type":"image\/jpeg"}],"author":"cfeditorfr","twitter_card":"summary_large_image","twitter_misc":{"\u00c9crit par":"cfeditorfr","Dur\u00e9e de lecture estim\u00e9e":"2 minutes"},"schema":{"@context":"https:\/\/schema.org","@graph":[{"@type":"Article","@id":"https:\/\/www.africa-press.net\/burkina-faso\/politique\/gouvernement-christophe-dabire-ii-qui-sont-les-nouveaux-entrants#article","isPartOf":{"@id":"https:\/\/www.africa-press.net\/burkina-faso\/politique\/gouvernement-christophe-dabire-ii-qui-sont-les-nouveaux-entrants"},"author":{"name":"cfeditorfr","@id":"https:\/\/www.africa-press.net\/burkina-faso\/#\/schema\/person\/2b1cf3cd81a31e3cd26889ca66d677f1"},"headline":"Gouvernement Christophe Dabir\u00e9 II : Qui sont les nouveaux entrants ?","datePublished":"2021-01-11T16:51:01+00:00","mainEntityOfPage":{"@id":"https:\/\/www.africa-press.net\/burkina-faso\/politique\/gouvernement-christophe-dabire-ii-qui-sont-les-nouveaux-entrants"},"wordCount":487,"commentCount":0,"image":{"@id":"https:\/\/www.africa-press.net\/burkina-faso\/politique\/gouvernement-christophe-dabire-ii-qui-sont-les-nouveaux-entrants#primaryimage"},"thumbnailUrl":"https:\/\/static.africa-press.net\/burkina\/sites\/42\/2021\/01\/img-5ffc753d58bc4.jpg","keywords":["Africa Press","Africa Press-Burkina Faso","Burkina Faso"],"articleSection":["homepage-french","Politique","Toutes les actualit\u00e9s"],"inLanguage":"fr-FR","potentialAction":[{"@type":"CommentAction","name":"Comment","target":["https:\/\/www.africa-press.net\/burkina-faso\/politique\/gouvernement-christophe-dabire-ii-qui-sont-les-nouveaux-entrants#respond"]}]},{"@type":"WebPage","@id":"https:\/\/www.africa-press.net\/burkina-faso\/politique\/gouvernement-christophe-dabire-ii-qui-sont-les-nouveaux-entrants","url":"https:\/\/www.africa-press.net\/burkina-faso\/politique\/gouvernement-christophe-dabire-ii-qui-sont-les-nouveaux-entrants","name":"Gouvernement Christophe Dabir\u00e9 II : Qui sont les nouveaux entrants ? - Burkina Faso","isPartOf":{"@id":"https:\/\/www.africa-press.net\/burkina-faso\/#website"},"primaryImageOfPage":{"@id":"https:\/\/www.africa-press.net\/burkina-faso\/politique\/gouvernement-christophe-dabire-ii-qui-sont-les-nouveaux-entrants#primaryimage"},"image":{"@id":"https:\/\/www.africa-press.net\/burkina-faso\/politique\/gouvernement-christophe-dabire-ii-qui-sont-les-nouveaux-entrants#primaryimage"},"thumbnailUrl":"https:\/\/static.africa-press.net\/burkina\/sites\/42\/2021\/01\/img-5ffc753d58bc4.jpg","datePublished":"2021-01-11T16:51:01+00:00","author":{"@id":"https:\/\/www.africa-press.net\/burkina-faso\/#\/schema\/person\/2b1cf3cd81a31e3cd26889ca66d677f1"},"description":"Quatorze personnes font leur entr\u00e9e dans le nouveau gouvernement form\u00e9 par le Premier ministre, Christophe Dabir\u00e9, ce ...","breadcrumb":{"@id":"https:\/\/www.africa-press.net\/burkina-faso\/politique\/gouvernement-christophe-dabire-ii-qui-sont-les-nouveaux-entrants#breadcrumb"},"inLanguage":"fr-FR","potentialAction":[{"@type":"ReadAction","target":["https:\/\/www.africa-press.net\/burkina-faso\/politique\/gouvernement-christophe-dabire-ii-qui-sont-les-nouveaux-entrants"]}]},{"@type":"ImageObject","inLanguage":"fr-FR","@id":"https:\/\/www.africa-press.net\/burkina-faso\/politique\/gouvernement-christophe-dabire-ii-qui-sont-les-nouveaux-entrants#primaryimage","url":"https:\/\/static.africa-press.net\/burkina\/sites\/42\/2021\/01\/img-5ffc753d58bc4.jpg","contentUrl":"https:\/\/static.africa-press.net\/burkina\/sites\/42\/2021\/01\/img-5ffc753d58bc4.jpg","width":720,"height":479,"caption":"Gouvernement Christophe Dabir\u00e9 II : Qui sont les nouveaux entrants ?"},{"@type":"BreadcrumbList","@id":"https:\/\/www.africa-press.net\/burkina-faso\/politique\/gouvernement-christophe-dabire-ii-qui-sont-les-nouveaux-entrants#breadcrumb","itemListElement":[{"@type":"ListItem","position":1,"name":"Accueil","item":"https:\/\/www.africa-press.net\/burkina-faso\/"},{"@type":"ListItem","position":2,"name":"Gouvernement Christophe Dabir\u00e9 II : Qui sont les nouveaux entrants ?"}]},{"@type":"WebSite","@id":"https:\/\/www.africa-press.net\/burkina-faso\/#website","url":"https:\/\/www.africa-press.net\/burkina-faso\/","name":"Burkina Faso","description":"Just another Africa News Agency Sites site","potentialAction":[{"@type":"SearchAction","target":{"@type":"EntryPoint","urlTemplate":"https:\/\/www.africa-press.net\/burkina-faso\/?s={search_term_string}"},"query-input":{"@type":"PropertyValueSpecification","valueRequired":true,"valueName":"search_term_string"}}],"inLanguage":"fr-FR"},{"@type":"Person","@id":"https:\/\/www.africa-press.net\/burkina-faso\/#\/schema\/person\/2b1cf3cd81a31e3cd26889ca66d677f1","name":"cfeditorfr"}]}},"_links":{"self":[{"href":"https:\/\/www.africa-press.net\/burkina-faso\/wp-json\/wp\/v2\/posts\/3495","targetHints":{"allow":["GET"]}}],"collection":[{"href":"https:\/\/www.africa-press.net\/burkina-faso\/wp-json\/wp\/v2\/posts"}],"about":[{"href":"https:\/\/www.africa-press.net\/burkina-faso\/wp-json\/wp\/v2\/types\/post"}],"author":[{"embeddable":true,"href":"https:\/\/www.africa-press.net\/burkina-faso\/wp-json\/wp\/v2\/users\/82"}],"replies":[{"embeddable":true,"href":"https:\/\/www.africa-press.net\/burkina-faso\/wp-json\/wp\/v2\/comments?post=3495"}],"version-history":[{"count":0,"href":"https:\/\/www.africa-press.net\/burkina-faso\/wp-json\/wp\/v2\/posts\/3495\/revisions"}],"wp:featuredmedia":[{"embeddable":true,"href":"https:\/\/www.africa-press.net\/burkina-faso\/wp-json\/wp\/v2\/media\/3494"}],"wp:attachment":[{"href":"https:\/\/www.africa-press.net\/burkina-faso\/wp-json\/wp\/v2\/media?parent=3495"}],"wp:term":[{"taxonomy":"category","embeddable":true,"href":"https:\/\/www.africa-press.net\/burkina-faso\/wp-json\/wp\/v2\/categories?post=3495"},{"taxonomy":"post_tag","embeddable":true,"href":"https:\/\/www.africa-press.net\/burkina-faso\/wp-json\/wp\/v2\/tags?post=3495"}],"curies":[{"name":"wp","href":"https:\/\/api.w.org\/{rel}","templated":true}]}}