{"id":3528,"date":"2021-01-11T19:08:35","date_gmt":"2021-01-11T19:08:35","guid":{"rendered":"https:\/\/www.africa-press.com\/burkina-faso\/?p=3528"},"modified":"2021-01-11T16:47:26","modified_gmt":"2021-01-11T16:47:26","slug":"resilience-des-jeunes-face-a-lextremisme-violent-la-radio-b24-pose-le-debat","status":"publish","type":"post","link":"https:\/\/www.africa-press.net\/burkina-faso\/toutes-les-actualites\/resilience-des-jeunes-face-a-lextremisme-violent-la-radio-b24-pose-le-debat","title":{"rendered":"R\u00e9silience des jeunes face \u00e0 l\u2019extr\u00e9misme violent : La Radio B24 pose le d\u00e9bat"},"content":{"rendered":"<p><span style=\"color: #ff6600\"><strong><a href=\"https:\/\/www.africa-press.com\">Africa-Press<\/a> &#8211; <a href=\"https:\/\/www.africa-press.com\/burkina-faso\">Burkina Faso<\/a>. <\/strong><\/span>La Radio B24 a enregistr\u00e9, le samedi 9 janvier 2021, le premier num\u00e9ro de son \u00e9mission Talk-Show \u00e0 Zorgho sous le th\u00e8me : \u00ab Accroitre la r\u00e9silience des jeunes face \u00e0 l\u2019extr\u00e9misme violent \u00e0 travers une \u00e9ducation aux m\u00e9dias \u00bb. Cette \u00e9mission a regroup\u00e9 le lyc\u00e9e provincial de Zorgho, le lyc\u00e9e communal, le lyc\u00e9e municipal, le lyc\u00e9e Wend-Barka, le lyc\u00e9e Naba Koulga et le lyc\u00e9e Saint-Pierre.<\/p>\n<p>Le top d\u00e9part de l\u2019enregistrement de l\u2019\u00e9mission Talk-Show de la Radio B24 a \u00e9t\u00e9 donn\u00e9 le samedi 9 janvier 2021 \u00e0 Zorgho dans la R\u00e9gion du Plateau-Central. C\u2019est dans le strict respect des gestes barri\u00e8res contre la maladie \u00e0 coronavirus que cette \u00e9mission a \u00e9t\u00e9 enregistr\u00e9e.<\/p>\n<p>\u00ab Accroitre la r\u00e9silience des jeunes face \u00e0 l\u2019extr\u00e9misme violent \u00e0 travers une \u00e9ducation aux m\u00e9dias \u00bb, c\u2019est ce th\u00e8me qui a \u00e9t\u00e9 d\u00e9battu par le journaliste communicant, sp\u00e9cialiste de l\u2019\u00e9ducation aux m\u00e9dias, Boureima Lankouand\u00e9 et le commissaire central adjoint de la ville de Zorgho, William Norbert Bassinga et les \u00e9l\u00e8ves du lyc\u00e9e provincial de Zorgho, le lyc\u00e9e communal, le lyc\u00e9e municipal, le lyc\u00e9e Wend-barka, le lyc\u00e9e Naba Koulga et le lyc\u00e9e Saint-Pierre.<\/p>\n<p>L\u2019\u00e9ducation aux m\u00e9dias Pour Boureima Lankouand\u00e9, il faut savoir utiliser et exploiter les m\u00e9dias et utiliser les informations de sorte \u00e0 contribuer \u00e0 la coh\u00e9sion, \u00e0 la paix et au d\u00e9veloppement du pays.<\/p>\n<p>\u00ab L\u2019\u00e9ducation aux m\u00e9dias a pour objectif de permettre aux \u00e9l\u00e8ves d\u2019exercer leur citoyennet\u00e9 au sein des soci\u00e9t\u00e9s d\u2019informations, de communication et de former des cyber-citoyens. L\u2019\u00e9ducation aux m\u00e9dias permet d\u2019utiliser les r\u00e9seaux sociaux de fa\u00e7on \u00e0 ce que l\u2019information puisse vous servir et ne pas desservir la soci\u00e9t\u00e9 \u00bb, a-t-il expliqu\u00e9.<\/p>\n<p>Il a ajout\u00e9 qu\u2019\u00e0 travers l\u2019\u00e9ducation aux m\u00e9dias et \u00e0 l\u2019information, il faut savoir si l\u2019information est \u00e9thique et si elle v\u00e9hicule des valeurs. Les r\u00e9seaux sociaux peuvent \u00eatre un moyen de recrutement des jeunes, a-t-il affirm\u00e9, cr\u00e9ant ainsi la transition vers le mode de recrutement des terroristes.<\/p>\n<p>Mode de recrutement des groupes terroristes Les terroristes ne font que s\u2019accroitre malgr\u00e9 leur neutralisation par les forces de s\u00e9curit\u00e9. Pour le commissaire central adjoint de police de la ville de Zorgho, William Norbert Bassinga, les terroristes naissent \u00e0 travers de nouveaux recrutements.<\/p>\n<p>\u00ab Les populations cibles faciles \u00e0 recruter sont des jeunes. Ils passent par les religions pour endoctriner, pour radicaliser afin de les utiliser \u00e0 commettre des actes d\u2019extr\u00eame violence. Il y en a aussi qui sont recrut\u00e9s de force. Il y a des terroristes qui sont recrut\u00e9s au sein des maisons d\u2019arr\u00eat et de correction. Les crises communautaires qui s\u00e9vissent dans certaines r\u00e9gions sont favorables aux recrutements et la pauvret\u00e9 \u00bb, a-t-il dit.<\/p>\n<p>Apr\u00e8s avoir \u00e9num\u00e9r\u00e9 le mode de recrutement des terroristes, le commissaire a sensibilis\u00e9 les jeunes sur comment reconnaitre quelqu\u2019un qui est en train d\u2019\u00eatre radicalis\u00e9 et comment \u00e9viter de tomber dans la radicalisation, en signalant des personnes suspectes et en sensibilisant les autres jeunes. Il faut noter qu\u2019apr\u00e8s le Talk-Show de Zorgho, l\u2019\u00e9mission va se poursuivre dans 11 autres r\u00e9gions du Burkina.<\/p>\n","protected":false},"excerpt":{"rendered":"<p>Africa-Press &#8211; Burkina Faso. La Radio B24 a enregistr\u00e9, le samedi 9 janvier 2021, le premier num\u00e9ro de son \u00e9mission Talk-Show \u00e0 Zorgho sous le th\u00e8me : \u00ab Accroitre la r\u00e9silience des jeunes face \u00e0 l\u2019extr\u00e9misme violent \u00e0 travers une \u00e9ducation aux m\u00e9dias \u00bb. Cette \u00e9mission a regroup\u00e9 le lyc\u00e9e provincial de Zorgho, le lyc\u00e9e [&hellip;]<\/p>\n","protected":false},"author":82,"featured_media":3527,"comment_status":"open","ping_status":"closed","sticky":false,"template":"","format":"standard","meta":{"footnotes":""},"categories":[21,11,10],"tags":[111,725,29],"class_list":["post-3528","post","type-post","status-publish","format-standard","has-post-thumbnail","hentry","category-communaute","category-homepage-french","category-toutes-les-actualites","tag-africa-press","tag-africa-press-burkina-faso","tag-burkina-faso"],"yoast_head":"<!-- This site is optimized with the Yoast SEO Premium plugin v26.1 (Yoast SEO v27.0) - https:\/\/yoast.com\/product\/yoast-seo-premium-wordpress\/ -->\n<title>R\u00e9silience des jeunes face \u00e0 l\u2019extr\u00e9misme violent : La Radio B24 pose le d\u00e9bat - Burkina Faso<\/title>\n<meta name=\"description\" content=\"La Radio B24 a enregistr\u00e9, le samedi 9 janvier 2021, le premier num\u00e9ro de son \u00e9mission Talk-Show \u00e0 Zorgho sous le th\u00e8me ...\" \/>\n<meta name=\"robots\" content=\"index, follow, max-snippet:-1, max-image-preview:large, max-video-preview:-1\" \/>\n<link rel=\"canonical\" href=\"https:\/\/www.africa-press.net\/burkina-faso\/toutes-les-actualites\/resilience-des-jeunes-face-a-lextremisme-violent-la-radio-b24-pose-le-debat\" \/>\n<meta property=\"og:locale\" content=\"fr_FR\" \/>\n<meta property=\"og:type\" content=\"article\" \/>\n<meta property=\"og:title\" content=\"R\u00e9silience des jeunes face \u00e0 l\u2019extr\u00e9misme violent : La Radio B24 pose le d\u00e9bat\" \/>\n<meta property=\"og:description\" content=\"La Radio B24 a enregistr\u00e9, le samedi 9 janvier 2021, le premier num\u00e9ro de son \u00e9mission Talk-Show \u00e0 Zorgho sous le th\u00e8me ...\" \/>\n<meta property=\"og:url\" content=\"https:\/\/www.africa-press.net\/burkina-faso\/toutes-les-actualites\/resilience-des-jeunes-face-a-lextremisme-violent-la-radio-b24-pose-le-debat\" \/>\n<meta property=\"og:site_name\" content=\"Burkina Faso\" \/>\n<meta property=\"article:published_time\" content=\"2021-01-11T19:08:35+00:00\" \/>\n<meta property=\"og:image\" content=\"https:\/\/static.africa-press.net\/burkina\/sites\/42\/2021\/01\/img-5ffc773e22ccb.jpg\" \/>\n\t<meta property=\"og:image:width\" content=\"750\" \/>\n\t<meta property=\"og:image:height\" content=\"394\" \/>\n\t<meta property=\"og:image:type\" content=\"image\/jpeg\" \/>\n<meta name=\"author\" content=\"cfeditorfr\" \/>\n<meta name=\"twitter:card\" content=\"summary_large_image\" \/>\n<meta name=\"twitter:label1\" content=\"\u00c9crit par\" \/>\n\t<meta name=\"twitter:data1\" content=\"cfeditorfr\" \/>\n\t<meta name=\"twitter:label2\" content=\"Dur\u00e9e de lecture estim\u00e9e\" \/>\n\t<meta name=\"twitter:data2\" content=\"3 minutes\" \/>\n<script type=\"application\/ld+json\" class=\"yoast-schema-graph\">{\"@context\":\"https:\/\/schema.org\",\"@graph\":[{\"@type\":\"Article\",\"@id\":\"https:\/\/www.africa-press.net\/burkina-faso\/toutes-les-actualites\/resilience-des-jeunes-face-a-lextremisme-violent-la-radio-b24-pose-le-debat#article\",\"isPartOf\":{\"@id\":\"https:\/\/www.africa-press.net\/burkina-faso\/toutes-les-actualites\/resilience-des-jeunes-face-a-lextremisme-violent-la-radio-b24-pose-le-debat\"},\"author\":{\"name\":\"cfeditorfr\",\"@id\":\"https:\/\/www.africa-press.net\/burkina-faso\/#\/schema\/person\/2b1cf3cd81a31e3cd26889ca66d677f1\"},\"headline\":\"R\u00e9silience des jeunes face \u00e0 l\u2019extr\u00e9misme violent : La Radio B24 pose le d\u00e9bat\",\"datePublished\":\"2021-01-11T19:08:35+00:00\",\"mainEntityOfPage\":{\"@id\":\"https:\/\/www.africa-press.net\/burkina-faso\/toutes-les-actualites\/resilience-des-jeunes-face-a-lextremisme-violent-la-radio-b24-pose-le-debat\"},\"wordCount\":567,\"commentCount\":0,\"image\":{\"@id\":\"https:\/\/www.africa-press.net\/burkina-faso\/toutes-les-actualites\/resilience-des-jeunes-face-a-lextremisme-violent-la-radio-b24-pose-le-debat#primaryimage\"},\"thumbnailUrl\":\"https:\/\/static.africa-press.net\/burkina\/sites\/42\/2021\/01\/img-5ffc773e22ccb.jpg\",\"keywords\":[\"Africa Press\",\"Africa Press-Burkina Faso\",\"Burkina Faso\"],\"articleSection\":[\"Communaut\u00e9\",\"homepage-french\",\"Toutes les actualit\u00e9s\"],\"inLanguage\":\"fr-FR\",\"potentialAction\":[{\"@type\":\"CommentAction\",\"name\":\"Comment\",\"target\":[\"https:\/\/www.africa-press.net\/burkina-faso\/toutes-les-actualites\/resilience-des-jeunes-face-a-lextremisme-violent-la-radio-b24-pose-le-debat#respond\"]}]},{\"@type\":\"WebPage\",\"@id\":\"https:\/\/www.africa-press.net\/burkina-faso\/toutes-les-actualites\/resilience-des-jeunes-face-a-lextremisme-violent-la-radio-b24-pose-le-debat\",\"url\":\"https:\/\/www.africa-press.net\/burkina-faso\/toutes-les-actualites\/resilience-des-jeunes-face-a-lextremisme-violent-la-radio-b24-pose-le-debat\",\"name\":\"R\u00e9silience des jeunes face \u00e0 l\u2019extr\u00e9misme violent : La Radio B24 pose le d\u00e9bat - Burkina Faso\",\"isPartOf\":{\"@id\":\"https:\/\/www.africa-press.net\/burkina-faso\/#website\"},\"primaryImageOfPage\":{\"@id\":\"https:\/\/www.africa-press.net\/burkina-faso\/toutes-les-actualites\/resilience-des-jeunes-face-a-lextremisme-violent-la-radio-b24-pose-le-debat#primaryimage\"},\"image\":{\"@id\":\"https:\/\/www.africa-press.net\/burkina-faso\/toutes-les-actualites\/resilience-des-jeunes-face-a-lextremisme-violent-la-radio-b24-pose-le-debat#primaryimage\"},\"thumbnailUrl\":\"https:\/\/static.africa-press.net\/burkina\/sites\/42\/2021\/01\/img-5ffc773e22ccb.jpg\",\"datePublished\":\"2021-01-11T19:08:35+00:00\",\"author\":{\"@id\":\"https:\/\/www.africa-press.net\/burkina-faso\/#\/schema\/person\/2b1cf3cd81a31e3cd26889ca66d677f1\"},\"description\":\"La Radio B24 a enregistr\u00e9, le samedi 9 janvier 2021, le premier num\u00e9ro de son \u00e9mission Talk-Show \u00e0 Zorgho sous le th\u00e8me ...\",\"breadcrumb\":{\"@id\":\"https:\/\/www.africa-press.net\/burkina-faso\/toutes-les-actualites\/resilience-des-jeunes-face-a-lextremisme-violent-la-radio-b24-pose-le-debat#breadcrumb\"},\"inLanguage\":\"fr-FR\",\"potentialAction\":[{\"@type\":\"ReadAction\",\"target\":[\"https:\/\/www.africa-press.net\/burkina-faso\/toutes-les-actualites\/resilience-des-jeunes-face-a-lextremisme-violent-la-radio-b24-pose-le-debat\"]}]},{\"@type\":\"ImageObject\",\"inLanguage\":\"fr-FR\",\"@id\":\"https:\/\/www.africa-press.net\/burkina-faso\/toutes-les-actualites\/resilience-des-jeunes-face-a-lextremisme-violent-la-radio-b24-pose-le-debat#primaryimage\",\"url\":\"https:\/\/static.africa-press.net\/burkina\/sites\/42\/2021\/01\/img-5ffc773e22ccb.jpg\",\"contentUrl\":\"https:\/\/static.africa-press.net\/burkina\/sites\/42\/2021\/01\/img-5ffc773e22ccb.jpg\",\"width\":750,\"height\":394,\"caption\":\"R\u00e9silience des jeunes face \u00e0 l\u2019extr\u00e9misme violent : La Radio B24 pose le d\u00e9bat\"},{\"@type\":\"BreadcrumbList\",\"@id\":\"https:\/\/www.africa-press.net\/burkina-faso\/toutes-les-actualites\/resilience-des-jeunes-face-a-lextremisme-violent-la-radio-b24-pose-le-debat#breadcrumb\",\"itemListElement\":[{\"@type\":\"ListItem\",\"position\":1,\"name\":\"Accueil\",\"item\":\"https:\/\/www.africa-press.net\/burkina-faso\/\"},{\"@type\":\"ListItem\",\"position\":2,\"name\":\"R\u00e9silience des jeunes face \u00e0 l\u2019extr\u00e9misme violent : La Radio B24 pose le d\u00e9bat\"}]},{\"@type\":\"WebSite\",\"@id\":\"https:\/\/www.africa-press.net\/burkina-faso\/#website\",\"url\":\"https:\/\/www.africa-press.net\/burkina-faso\/\",\"name\":\"Burkina Faso\",\"description\":\"Just another Africa News Agency Sites site\",\"potentialAction\":[{\"@type\":\"SearchAction\",\"target\":{\"@type\":\"EntryPoint\",\"urlTemplate\":\"https:\/\/www.africa-press.net\/burkina-faso\/?s={search_term_string}\"},\"query-input\":{\"@type\":\"PropertyValueSpecification\",\"valueRequired\":true,\"valueName\":\"search_term_string\"}}],\"inLanguage\":\"fr-FR\"},{\"@type\":\"Person\",\"@id\":\"https:\/\/www.africa-press.net\/burkina-faso\/#\/schema\/person\/2b1cf3cd81a31e3cd26889ca66d677f1\",\"name\":\"cfeditorfr\"}]}<\/script>\n<!-- \/ Yoast SEO Premium plugin. -->","yoast_head_json":{"title":"R\u00e9silience des jeunes face \u00e0 l\u2019extr\u00e9misme violent : La Radio B24 pose le d\u00e9bat - Burkina Faso","description":"La Radio B24 a enregistr\u00e9, le samedi 9 janvier 2021, le premier num\u00e9ro de son \u00e9mission Talk-Show \u00e0 Zorgho sous le th\u00e8me ...","robots":{"index":"index","follow":"follow","max-snippet":"max-snippet:-1","max-image-preview":"max-image-preview:large","max-video-preview":"max-video-preview:-1"},"canonical":"https:\/\/www.africa-press.net\/burkina-faso\/toutes-les-actualites\/resilience-des-jeunes-face-a-lextremisme-violent-la-radio-b24-pose-le-debat","og_locale":"fr_FR","og_type":"article","og_title":"R\u00e9silience des jeunes face \u00e0 l\u2019extr\u00e9misme violent : La Radio B24 pose le d\u00e9bat","og_description":"La Radio B24 a enregistr\u00e9, le samedi 9 janvier 2021, le premier num\u00e9ro de son \u00e9mission Talk-Show \u00e0 Zorgho sous le th\u00e8me ...","og_url":"https:\/\/www.africa-press.net\/burkina-faso\/toutes-les-actualites\/resilience-des-jeunes-face-a-lextremisme-violent-la-radio-b24-pose-le-debat","og_site_name":"Burkina Faso","article_published_time":"2021-01-11T19:08:35+00:00","og_image":[{"width":750,"height":394,"url":"https:\/\/static.africa-press.net\/burkina\/sites\/42\/2021\/01\/img-5ffc773e22ccb.jpg","type":"image\/jpeg"}],"author":"cfeditorfr","twitter_card":"summary_large_image","twitter_misc":{"\u00c9crit par":"cfeditorfr","Dur\u00e9e de lecture estim\u00e9e":"3 minutes"},"schema":{"@context":"https:\/\/schema.org","@graph":[{"@type":"Article","@id":"https:\/\/www.africa-press.net\/burkina-faso\/toutes-les-actualites\/resilience-des-jeunes-face-a-lextremisme-violent-la-radio-b24-pose-le-debat#article","isPartOf":{"@id":"https:\/\/www.africa-press.net\/burkina-faso\/toutes-les-actualites\/resilience-des-jeunes-face-a-lextremisme-violent-la-radio-b24-pose-le-debat"},"author":{"name":"cfeditorfr","@id":"https:\/\/www.africa-press.net\/burkina-faso\/#\/schema\/person\/2b1cf3cd81a31e3cd26889ca66d677f1"},"headline":"R\u00e9silience des jeunes face \u00e0 l\u2019extr\u00e9misme violent : La Radio B24 pose le d\u00e9bat","datePublished":"2021-01-11T19:08:35+00:00","mainEntityOfPage":{"@id":"https:\/\/www.africa-press.net\/burkina-faso\/toutes-les-actualites\/resilience-des-jeunes-face-a-lextremisme-violent-la-radio-b24-pose-le-debat"},"wordCount":567,"commentCount":0,"image":{"@id":"https:\/\/www.africa-press.net\/burkina-faso\/toutes-les-actualites\/resilience-des-jeunes-face-a-lextremisme-violent-la-radio-b24-pose-le-debat#primaryimage"},"thumbnailUrl":"https:\/\/static.africa-press.net\/burkina\/sites\/42\/2021\/01\/img-5ffc773e22ccb.jpg","keywords":["Africa Press","Africa Press-Burkina Faso","Burkina Faso"],"articleSection":["Communaut\u00e9","homepage-french","Toutes les actualit\u00e9s"],"inLanguage":"fr-FR","potentialAction":[{"@type":"CommentAction","name":"Comment","target":["https:\/\/www.africa-press.net\/burkina-faso\/toutes-les-actualites\/resilience-des-jeunes-face-a-lextremisme-violent-la-radio-b24-pose-le-debat#respond"]}]},{"@type":"WebPage","@id":"https:\/\/www.africa-press.net\/burkina-faso\/toutes-les-actualites\/resilience-des-jeunes-face-a-lextremisme-violent-la-radio-b24-pose-le-debat","url":"https:\/\/www.africa-press.net\/burkina-faso\/toutes-les-actualites\/resilience-des-jeunes-face-a-lextremisme-violent-la-radio-b24-pose-le-debat","name":"R\u00e9silience des jeunes face \u00e0 l\u2019extr\u00e9misme violent : La Radio B24 pose le d\u00e9bat - Burkina Faso","isPartOf":{"@id":"https:\/\/www.africa-press.net\/burkina-faso\/#website"},"primaryImageOfPage":{"@id":"https:\/\/www.africa-press.net\/burkina-faso\/toutes-les-actualites\/resilience-des-jeunes-face-a-lextremisme-violent-la-radio-b24-pose-le-debat#primaryimage"},"image":{"@id":"https:\/\/www.africa-press.net\/burkina-faso\/toutes-les-actualites\/resilience-des-jeunes-face-a-lextremisme-violent-la-radio-b24-pose-le-debat#primaryimage"},"thumbnailUrl":"https:\/\/static.africa-press.net\/burkina\/sites\/42\/2021\/01\/img-5ffc773e22ccb.jpg","datePublished":"2021-01-11T19:08:35+00:00","author":{"@id":"https:\/\/www.africa-press.net\/burkina-faso\/#\/schema\/person\/2b1cf3cd81a31e3cd26889ca66d677f1"},"description":"La Radio B24 a enregistr\u00e9, le samedi 9 janvier 2021, le premier num\u00e9ro de son \u00e9mission Talk-Show \u00e0 Zorgho sous le th\u00e8me ...","breadcrumb":{"@id":"https:\/\/www.africa-press.net\/burkina-faso\/toutes-les-actualites\/resilience-des-jeunes-face-a-lextremisme-violent-la-radio-b24-pose-le-debat#breadcrumb"},"inLanguage":"fr-FR","potentialAction":[{"@type":"ReadAction","target":["https:\/\/www.africa-press.net\/burkina-faso\/toutes-les-actualites\/resilience-des-jeunes-face-a-lextremisme-violent-la-radio-b24-pose-le-debat"]}]},{"@type":"ImageObject","inLanguage":"fr-FR","@id":"https:\/\/www.africa-press.net\/burkina-faso\/toutes-les-actualites\/resilience-des-jeunes-face-a-lextremisme-violent-la-radio-b24-pose-le-debat#primaryimage","url":"https:\/\/static.africa-press.net\/burkina\/sites\/42\/2021\/01\/img-5ffc773e22ccb.jpg","contentUrl":"https:\/\/static.africa-press.net\/burkina\/sites\/42\/2021\/01\/img-5ffc773e22ccb.jpg","width":750,"height":394,"caption":"R\u00e9silience des jeunes face \u00e0 l\u2019extr\u00e9misme violent : La Radio B24 pose le d\u00e9bat"},{"@type":"BreadcrumbList","@id":"https:\/\/www.africa-press.net\/burkina-faso\/toutes-les-actualites\/resilience-des-jeunes-face-a-lextremisme-violent-la-radio-b24-pose-le-debat#breadcrumb","itemListElement":[{"@type":"ListItem","position":1,"name":"Accueil","item":"https:\/\/www.africa-press.net\/burkina-faso\/"},{"@type":"ListItem","position":2,"name":"R\u00e9silience des jeunes face \u00e0 l\u2019extr\u00e9misme violent : La Radio B24 pose le d\u00e9bat"}]},{"@type":"WebSite","@id":"https:\/\/www.africa-press.net\/burkina-faso\/#website","url":"https:\/\/www.africa-press.net\/burkina-faso\/","name":"Burkina Faso","description":"Just another Africa News Agency Sites site","potentialAction":[{"@type":"SearchAction","target":{"@type":"EntryPoint","urlTemplate":"https:\/\/www.africa-press.net\/burkina-faso\/?s={search_term_string}"},"query-input":{"@type":"PropertyValueSpecification","valueRequired":true,"valueName":"search_term_string"}}],"inLanguage":"fr-FR"},{"@type":"Person","@id":"https:\/\/www.africa-press.net\/burkina-faso\/#\/schema\/person\/2b1cf3cd81a31e3cd26889ca66d677f1","name":"cfeditorfr"}]}},"_links":{"self":[{"href":"https:\/\/www.africa-press.net\/burkina-faso\/wp-json\/wp\/v2\/posts\/3528","targetHints":{"allow":["GET"]}}],"collection":[{"href":"https:\/\/www.africa-press.net\/burkina-faso\/wp-json\/wp\/v2\/posts"}],"about":[{"href":"https:\/\/www.africa-press.net\/burkina-faso\/wp-json\/wp\/v2\/types\/post"}],"author":[{"embeddable":true,"href":"https:\/\/www.africa-press.net\/burkina-faso\/wp-json\/wp\/v2\/users\/82"}],"replies":[{"embeddable":true,"href":"https:\/\/www.africa-press.net\/burkina-faso\/wp-json\/wp\/v2\/comments?post=3528"}],"version-history":[{"count":0,"href":"https:\/\/www.africa-press.net\/burkina-faso\/wp-json\/wp\/v2\/posts\/3528\/revisions"}],"wp:featuredmedia":[{"embeddable":true,"href":"https:\/\/www.africa-press.net\/burkina-faso\/wp-json\/wp\/v2\/media\/3527"}],"wp:attachment":[{"href":"https:\/\/www.africa-press.net\/burkina-faso\/wp-json\/wp\/v2\/media?parent=3528"}],"wp:term":[{"taxonomy":"category","embeddable":true,"href":"https:\/\/www.africa-press.net\/burkina-faso\/wp-json\/wp\/v2\/categories?post=3528"},{"taxonomy":"post_tag","embeddable":true,"href":"https:\/\/www.africa-press.net\/burkina-faso\/wp-json\/wp\/v2\/tags?post=3528"}],"curies":[{"name":"wp","href":"https:\/\/api.w.org\/{rel}","templated":true}]}}