{"id":3640,"date":"2021-01-13T15:42:17","date_gmt":"2021-01-13T15:42:17","guid":{"rendered":"https:\/\/www.africa-press.com\/burkina-faso\/?p=3640"},"modified":"2021-01-13T13:57:58","modified_gmt":"2021-01-13T13:57:58","slug":"boucle-du-mouhoun-la-mine-de-mana-se-dresse-contre-le-vih-sida","status":"publish","type":"post","link":"https:\/\/www.africa-press.net\/burkina-faso\/toutes-les-actualites\/boucle-du-mouhoun-la-mine-de-mana-se-dresse-contre-le-vih-sida","title":{"rendered":"Boucle du Mouhoun : La mine de Mana se dresse contre le VIH\/Sida"},"content":{"rendered":"<p><span style=\"color: #ff6600\"><strong><a href=\"https:\/\/www.africa-press.com\/\">Africa-Press<\/a> &#8211; <a href=\"https:\/\/www.africa-press.com\/burkina-faso\">Burkina Faso<\/a>. <\/strong><\/span><b>Depuis 2008, l\u2019administration de Endeavour mining Burkina Faso n\u2019a pas d\u00e9rog\u00e9 \u00e0 la r\u00e8gle de la Responsabilit\u00e9 sociale d\u2019entreprise (RSE). Cette responsabilit\u00e9, qui commande de porter assistance aux employ\u00e9s et aux communaut\u00e9s riveraines du site, s\u2019est manifest\u00e9e encore en 2021. En effet, la mine a organis\u00e9 des journ\u00e9es de sensibilisation du 4 au 13 janvier dans plusieurs villages situ\u00e9s dans les environs de son site.<\/b><\/p>\n<p>Du 4 au 13 janvier 2021, Endeavour Mining (Ex-SEMAFO) a organis\u00e9 des journ\u00e9es de sensibilisation et de d\u00e9pistage contre le Sida dans huit villages riverains de son site d\u2019exploitation \u00e0 Mana. Ce sont Kona, Wona, Yona, Mana, Bana, Fobiri, Sio, Dangouna et Somona. Plac\u00e9e sous le th\u00e8me \u00ab Solidarit\u00e9 mondiale et responsabilit\u00e9 \u00bb, cette initiative avait pour objectif principal, selon Moussa Traor\u00e9, charg\u00e9 des relations communautaires, de faire passer au plus grand nombre d\u2019employ\u00e9s et aux communaut\u00e9s, le test de d\u00e9pistage volontaire du VIH. Cette s\u00e9rie d\u2019activit\u00e9s a ainsi permis \u00e0 plus de 500 employ\u00e9s de la mine et \u00e0 plus de 3 000 personnes issues des communaut\u00e9s riveraines, de conna\u00eetre leur statut s\u00e9rologique.<\/p>\n<p>A Fobiri, situ\u00e9 \u00e0 11 kilom\u00e8tres de Bana, c\u2019est le chef du village, Boureima S\u00e9r\u00e9, qui a donn\u00e9 le top de d\u00e9part du d\u00e9pistage. Le septuag\u00e9naire, apr\u00e8s ce premier test de d\u00e9pistage de sa vie, a d\u00e9clar\u00e9 : \u00ab Je suis venu pour enlever mon sang et voir si je ne suis pas malade. C\u2019est la premi\u00e8re fois qu\u2019une seringue entre sous ma peau. \u00bb En venant se faire d\u00e9pister, le vieux S\u00e9r\u00e9 dit vouloir inciter les habitants du village \u00e0 lui embo\u00eeter le pas. Apr\u00e8s la sensibilisation, il dit d\u00e9sormais \u00eatre inform\u00e9 de l\u2019existence des antir\u00e9troviraux.<\/p>\n<p>M\u00eame son de cloche chez Zoumana Coulibaly, un jeune de Bana, venu volontairement se faire d\u00e9pister. \u00ab Je suis un jeune et pour mon avenir et celui de ma famille, je suis venu \u00e0 l\u2019appel de la mine pour \u00e9couter et chercher \u00e0 conna\u00eetre mon statut s\u00e9rologique \u00bb, a-t-il d\u00e9clar\u00e9. Les villageois ont \u00e9t\u00e9 impr\u00e9gn\u00e9s des modes de contamination et ont \u00e9t\u00e9 convaincus des bienfaits du d\u00e9pistage qui permet de mieux prot\u00e9ger sa famille et son entourage. La majorit\u00e9 des b\u00e9n\u00e9ficiaires ont reconnu qu\u2019il n\u2019y a aucun tabou \u00e0 se faire d\u00e9pister.<\/p>\n<p>Dans tous les villages concern\u00e9s par l\u2019activit\u00e9, il a \u00e9t\u00e9 not\u00e9 une forte mobilisation des populations et leur adh\u00e9sion aux messages v\u00e9hicul\u00e9s. Les s\u00e9ances de projection-vid\u00e9o suivies de questions-r\u00e9ponses ont connu la pr\u00e9sence du premier responsable du Centre de sant\u00e9 et de promotion sociale (CSPS) de chaque village.<\/p>\n<p><b>Attention au Covid-19<\/b><\/p>\n<p>Selon les organisateurs, le bilan fait \u00e9tat de plus de 14 400 pr\u00e9servatifs masculins et plus de 1 000 pr\u00e9servatifs f\u00e9minins distribu\u00e9s. Actualit\u00e9 oblige, les \u00e9quipes de terrain n\u2019ont pas manqu\u00e9 de faire cas de la r\u00e9elle menace que repr\u00e9sente la Covid-19. Ainsi, les mesures barri\u00e8res \u00e0 observer pour \u00e9viter cette pand\u00e9mie ont \u00e9t\u00e9 expliqu\u00e9es. Large satisfecit des communaut\u00e9s locales qui voient que Endeavour Mining est une entreprise responsable et citoyenne qui accompagne la politique de sant\u00e9 publique des autorit\u00e9s locales. [ Cliquez ici pour lire l\u2019int\u00e9gralit\u00e9 ]<\/p>\n<p><b>DEMBELE LAWALI<\/b><\/p>\n","protected":false},"excerpt":{"rendered":"<p>Africa-Press &#8211; Burkina Faso. Depuis 2008, l\u2019administration de Endeavour mining Burkina Faso n\u2019a pas d\u00e9rog\u00e9 \u00e0 la r\u00e8gle de la Responsabilit\u00e9 sociale d\u2019entreprise (RSE). Cette responsabilit\u00e9, qui commande de porter assistance aux employ\u00e9s et aux communaut\u00e9s riveraines du site, s\u2019est manifest\u00e9e encore en 2021. En effet, la mine a organis\u00e9 des journ\u00e9es de sensibilisation du [&hellip;]<\/p>\n","protected":false},"author":82,"featured_media":3639,"comment_status":"open","ping_status":"closed","sticky":false,"template":"","format":"standard","meta":{"footnotes":""},"categories":[21,11,10],"tags":[111,725,29],"class_list":["post-3640","post","type-post","status-publish","format-standard","has-post-thumbnail","hentry","category-communaute","category-homepage-french","category-toutes-les-actualites","tag-africa-press","tag-africa-press-burkina-faso","tag-burkina-faso"],"yoast_head":"<!-- This site is optimized with the Yoast SEO Premium plugin v26.1 (Yoast SEO v27.0) - https:\/\/yoast.com\/product\/yoast-seo-premium-wordpress\/ -->\n<title>Boucle du Mouhoun : La mine de Mana se dresse contre le VIH\/Sida - Burkina Faso<\/title>\n<meta name=\"description\" content=\"Depuis 2008, l\u2019administration de Endeavour mining Burkina Faso n\u2019a pas d\u00e9rog\u00e9 \u00e0 la r\u00e8gle de la Responsabilit\u00e9 sociale ...\" \/>\n<meta name=\"robots\" content=\"index, follow, max-snippet:-1, max-image-preview:large, max-video-preview:-1\" \/>\n<link rel=\"canonical\" href=\"https:\/\/www.africa-press.net\/burkina-faso\/toutes-les-actualites\/boucle-du-mouhoun-la-mine-de-mana-se-dresse-contre-le-vih-sida\" \/>\n<meta property=\"og:locale\" content=\"fr_FR\" \/>\n<meta property=\"og:type\" content=\"article\" \/>\n<meta property=\"og:title\" content=\"Boucle du Mouhoun : La mine de Mana se dresse contre le VIH\/Sida\" \/>\n<meta property=\"og:description\" content=\"Depuis 2008, l\u2019administration de Endeavour mining Burkina Faso n\u2019a pas d\u00e9rog\u00e9 \u00e0 la r\u00e8gle de la Responsabilit\u00e9 sociale ...\" \/>\n<meta property=\"og:url\" content=\"https:\/\/www.africa-press.net\/burkina-faso\/toutes-les-actualites\/boucle-du-mouhoun-la-mine-de-mana-se-dresse-contre-le-vih-sida\" \/>\n<meta property=\"og:site_name\" content=\"Burkina Faso\" \/>\n<meta property=\"article:published_time\" content=\"2021-01-13T15:42:17+00:00\" \/>\n<meta property=\"og:image\" content=\"https:\/\/static.africa-press.net\/burkina\/sites\/42\/2021\/01\/img-5ffef5285fb55.jpg\" \/>\n\t<meta property=\"og:image:width\" content=\"720\" \/>\n\t<meta property=\"og:image:height\" content=\"363\" \/>\n\t<meta property=\"og:image:type\" content=\"image\/jpeg\" \/>\n<meta name=\"author\" content=\"cfeditorfr\" \/>\n<meta name=\"twitter:card\" content=\"summary_large_image\" \/>\n<meta name=\"twitter:label1\" content=\"\u00c9crit par\" \/>\n\t<meta name=\"twitter:data1\" content=\"cfeditorfr\" \/>\n\t<meta name=\"twitter:label2\" content=\"Dur\u00e9e de lecture estim\u00e9e\" \/>\n\t<meta name=\"twitter:data2\" content=\"3 minutes\" \/>\n<script type=\"application\/ld+json\" class=\"yoast-schema-graph\">{\"@context\":\"https:\/\/schema.org\",\"@graph\":[{\"@type\":\"Article\",\"@id\":\"https:\/\/www.africa-press.net\/burkina-faso\/toutes-les-actualites\/boucle-du-mouhoun-la-mine-de-mana-se-dresse-contre-le-vih-sida#article\",\"isPartOf\":{\"@id\":\"https:\/\/www.africa-press.net\/burkina-faso\/toutes-les-actualites\/boucle-du-mouhoun-la-mine-de-mana-se-dresse-contre-le-vih-sida\"},\"author\":{\"name\":\"cfeditorfr\",\"@id\":\"https:\/\/www.africa-press.net\/burkina-faso\/#\/schema\/person\/2b1cf3cd81a31e3cd26889ca66d677f1\"},\"headline\":\"Boucle du Mouhoun : La mine de Mana se dresse contre le VIH\/Sida\",\"datePublished\":\"2021-01-13T15:42:17+00:00\",\"mainEntityOfPage\":{\"@id\":\"https:\/\/www.africa-press.net\/burkina-faso\/toutes-les-actualites\/boucle-du-mouhoun-la-mine-de-mana-se-dresse-contre-le-vih-sida\"},\"wordCount\":576,\"commentCount\":0,\"image\":{\"@id\":\"https:\/\/www.africa-press.net\/burkina-faso\/toutes-les-actualites\/boucle-du-mouhoun-la-mine-de-mana-se-dresse-contre-le-vih-sida#primaryimage\"},\"thumbnailUrl\":\"https:\/\/static.africa-press.net\/burkina\/sites\/42\/2021\/01\/img-5ffef5285fb55.jpg\",\"keywords\":[\"Africa Press\",\"Africa Press-Burkina Faso\",\"Burkina Faso\"],\"articleSection\":[\"Communaut\u00e9\",\"homepage-french\",\"Toutes les actualit\u00e9s\"],\"inLanguage\":\"fr-FR\",\"potentialAction\":[{\"@type\":\"CommentAction\",\"name\":\"Comment\",\"target\":[\"https:\/\/www.africa-press.net\/burkina-faso\/toutes-les-actualites\/boucle-du-mouhoun-la-mine-de-mana-se-dresse-contre-le-vih-sida#respond\"]}]},{\"@type\":\"WebPage\",\"@id\":\"https:\/\/www.africa-press.net\/burkina-faso\/toutes-les-actualites\/boucle-du-mouhoun-la-mine-de-mana-se-dresse-contre-le-vih-sida\",\"url\":\"https:\/\/www.africa-press.net\/burkina-faso\/toutes-les-actualites\/boucle-du-mouhoun-la-mine-de-mana-se-dresse-contre-le-vih-sida\",\"name\":\"Boucle du Mouhoun : La mine de Mana se dresse contre le VIH\/Sida - Burkina Faso\",\"isPartOf\":{\"@id\":\"https:\/\/www.africa-press.net\/burkina-faso\/#website\"},\"primaryImageOfPage\":{\"@id\":\"https:\/\/www.africa-press.net\/burkina-faso\/toutes-les-actualites\/boucle-du-mouhoun-la-mine-de-mana-se-dresse-contre-le-vih-sida#primaryimage\"},\"image\":{\"@id\":\"https:\/\/www.africa-press.net\/burkina-faso\/toutes-les-actualites\/boucle-du-mouhoun-la-mine-de-mana-se-dresse-contre-le-vih-sida#primaryimage\"},\"thumbnailUrl\":\"https:\/\/static.africa-press.net\/burkina\/sites\/42\/2021\/01\/img-5ffef5285fb55.jpg\",\"datePublished\":\"2021-01-13T15:42:17+00:00\",\"author\":{\"@id\":\"https:\/\/www.africa-press.net\/burkina-faso\/#\/schema\/person\/2b1cf3cd81a31e3cd26889ca66d677f1\"},\"description\":\"Depuis 2008, l\u2019administration de Endeavour mining Burkina Faso n\u2019a pas d\u00e9rog\u00e9 \u00e0 la r\u00e8gle de la Responsabilit\u00e9 sociale ...\",\"breadcrumb\":{\"@id\":\"https:\/\/www.africa-press.net\/burkina-faso\/toutes-les-actualites\/boucle-du-mouhoun-la-mine-de-mana-se-dresse-contre-le-vih-sida#breadcrumb\"},\"inLanguage\":\"fr-FR\",\"potentialAction\":[{\"@type\":\"ReadAction\",\"target\":[\"https:\/\/www.africa-press.net\/burkina-faso\/toutes-les-actualites\/boucle-du-mouhoun-la-mine-de-mana-se-dresse-contre-le-vih-sida\"]}]},{\"@type\":\"ImageObject\",\"inLanguage\":\"fr-FR\",\"@id\":\"https:\/\/www.africa-press.net\/burkina-faso\/toutes-les-actualites\/boucle-du-mouhoun-la-mine-de-mana-se-dresse-contre-le-vih-sida#primaryimage\",\"url\":\"https:\/\/static.africa-press.net\/burkina\/sites\/42\/2021\/01\/img-5ffef5285fb55.jpg\",\"contentUrl\":\"https:\/\/static.africa-press.net\/burkina\/sites\/42\/2021\/01\/img-5ffef5285fb55.jpg\",\"width\":720,\"height\":363,\"caption\":\"Boucle du Mouhoun : La mine de Mana se dresse contre le VIH\/Sida\"},{\"@type\":\"BreadcrumbList\",\"@id\":\"https:\/\/www.africa-press.net\/burkina-faso\/toutes-les-actualites\/boucle-du-mouhoun-la-mine-de-mana-se-dresse-contre-le-vih-sida#breadcrumb\",\"itemListElement\":[{\"@type\":\"ListItem\",\"position\":1,\"name\":\"Accueil\",\"item\":\"https:\/\/www.africa-press.net\/burkina-faso\/\"},{\"@type\":\"ListItem\",\"position\":2,\"name\":\"Boucle du Mouhoun : La mine de Mana se dresse contre le VIH\/Sida\"}]},{\"@type\":\"WebSite\",\"@id\":\"https:\/\/www.africa-press.net\/burkina-faso\/#website\",\"url\":\"https:\/\/www.africa-press.net\/burkina-faso\/\",\"name\":\"Burkina Faso\",\"description\":\"Just another Africa News Agency Sites site\",\"potentialAction\":[{\"@type\":\"SearchAction\",\"target\":{\"@type\":\"EntryPoint\",\"urlTemplate\":\"https:\/\/www.africa-press.net\/burkina-faso\/?s={search_term_string}\"},\"query-input\":{\"@type\":\"PropertyValueSpecification\",\"valueRequired\":true,\"valueName\":\"search_term_string\"}}],\"inLanguage\":\"fr-FR\"},{\"@type\":\"Person\",\"@id\":\"https:\/\/www.africa-press.net\/burkina-faso\/#\/schema\/person\/2b1cf3cd81a31e3cd26889ca66d677f1\",\"name\":\"cfeditorfr\"}]}<\/script>\n<!-- \/ Yoast SEO Premium plugin. -->","yoast_head_json":{"title":"Boucle du Mouhoun : La mine de Mana se dresse contre le VIH\/Sida - Burkina Faso","description":"Depuis 2008, l\u2019administration de Endeavour mining Burkina Faso n\u2019a pas d\u00e9rog\u00e9 \u00e0 la r\u00e8gle de la Responsabilit\u00e9 sociale ...","robots":{"index":"index","follow":"follow","max-snippet":"max-snippet:-1","max-image-preview":"max-image-preview:large","max-video-preview":"max-video-preview:-1"},"canonical":"https:\/\/www.africa-press.net\/burkina-faso\/toutes-les-actualites\/boucle-du-mouhoun-la-mine-de-mana-se-dresse-contre-le-vih-sida","og_locale":"fr_FR","og_type":"article","og_title":"Boucle du Mouhoun : La mine de Mana se dresse contre le VIH\/Sida","og_description":"Depuis 2008, l\u2019administration de Endeavour mining Burkina Faso n\u2019a pas d\u00e9rog\u00e9 \u00e0 la r\u00e8gle de la Responsabilit\u00e9 sociale ...","og_url":"https:\/\/www.africa-press.net\/burkina-faso\/toutes-les-actualites\/boucle-du-mouhoun-la-mine-de-mana-se-dresse-contre-le-vih-sida","og_site_name":"Burkina Faso","article_published_time":"2021-01-13T15:42:17+00:00","og_image":[{"width":720,"height":363,"url":"https:\/\/static.africa-press.net\/burkina\/sites\/42\/2021\/01\/img-5ffef5285fb55.jpg","type":"image\/jpeg"}],"author":"cfeditorfr","twitter_card":"summary_large_image","twitter_misc":{"\u00c9crit par":"cfeditorfr","Dur\u00e9e de lecture estim\u00e9e":"3 minutes"},"schema":{"@context":"https:\/\/schema.org","@graph":[{"@type":"Article","@id":"https:\/\/www.africa-press.net\/burkina-faso\/toutes-les-actualites\/boucle-du-mouhoun-la-mine-de-mana-se-dresse-contre-le-vih-sida#article","isPartOf":{"@id":"https:\/\/www.africa-press.net\/burkina-faso\/toutes-les-actualites\/boucle-du-mouhoun-la-mine-de-mana-se-dresse-contre-le-vih-sida"},"author":{"name":"cfeditorfr","@id":"https:\/\/www.africa-press.net\/burkina-faso\/#\/schema\/person\/2b1cf3cd81a31e3cd26889ca66d677f1"},"headline":"Boucle du Mouhoun : La mine de Mana se dresse contre le VIH\/Sida","datePublished":"2021-01-13T15:42:17+00:00","mainEntityOfPage":{"@id":"https:\/\/www.africa-press.net\/burkina-faso\/toutes-les-actualites\/boucle-du-mouhoun-la-mine-de-mana-se-dresse-contre-le-vih-sida"},"wordCount":576,"commentCount":0,"image":{"@id":"https:\/\/www.africa-press.net\/burkina-faso\/toutes-les-actualites\/boucle-du-mouhoun-la-mine-de-mana-se-dresse-contre-le-vih-sida#primaryimage"},"thumbnailUrl":"https:\/\/static.africa-press.net\/burkina\/sites\/42\/2021\/01\/img-5ffef5285fb55.jpg","keywords":["Africa Press","Africa Press-Burkina Faso","Burkina Faso"],"articleSection":["Communaut\u00e9","homepage-french","Toutes les actualit\u00e9s"],"inLanguage":"fr-FR","potentialAction":[{"@type":"CommentAction","name":"Comment","target":["https:\/\/www.africa-press.net\/burkina-faso\/toutes-les-actualites\/boucle-du-mouhoun-la-mine-de-mana-se-dresse-contre-le-vih-sida#respond"]}]},{"@type":"WebPage","@id":"https:\/\/www.africa-press.net\/burkina-faso\/toutes-les-actualites\/boucle-du-mouhoun-la-mine-de-mana-se-dresse-contre-le-vih-sida","url":"https:\/\/www.africa-press.net\/burkina-faso\/toutes-les-actualites\/boucle-du-mouhoun-la-mine-de-mana-se-dresse-contre-le-vih-sida","name":"Boucle du Mouhoun : La mine de Mana se dresse contre le VIH\/Sida - Burkina Faso","isPartOf":{"@id":"https:\/\/www.africa-press.net\/burkina-faso\/#website"},"primaryImageOfPage":{"@id":"https:\/\/www.africa-press.net\/burkina-faso\/toutes-les-actualites\/boucle-du-mouhoun-la-mine-de-mana-se-dresse-contre-le-vih-sida#primaryimage"},"image":{"@id":"https:\/\/www.africa-press.net\/burkina-faso\/toutes-les-actualites\/boucle-du-mouhoun-la-mine-de-mana-se-dresse-contre-le-vih-sida#primaryimage"},"thumbnailUrl":"https:\/\/static.africa-press.net\/burkina\/sites\/42\/2021\/01\/img-5ffef5285fb55.jpg","datePublished":"2021-01-13T15:42:17+00:00","author":{"@id":"https:\/\/www.africa-press.net\/burkina-faso\/#\/schema\/person\/2b1cf3cd81a31e3cd26889ca66d677f1"},"description":"Depuis 2008, l\u2019administration de Endeavour mining Burkina Faso n\u2019a pas d\u00e9rog\u00e9 \u00e0 la r\u00e8gle de la Responsabilit\u00e9 sociale ...","breadcrumb":{"@id":"https:\/\/www.africa-press.net\/burkina-faso\/toutes-les-actualites\/boucle-du-mouhoun-la-mine-de-mana-se-dresse-contre-le-vih-sida#breadcrumb"},"inLanguage":"fr-FR","potentialAction":[{"@type":"ReadAction","target":["https:\/\/www.africa-press.net\/burkina-faso\/toutes-les-actualites\/boucle-du-mouhoun-la-mine-de-mana-se-dresse-contre-le-vih-sida"]}]},{"@type":"ImageObject","inLanguage":"fr-FR","@id":"https:\/\/www.africa-press.net\/burkina-faso\/toutes-les-actualites\/boucle-du-mouhoun-la-mine-de-mana-se-dresse-contre-le-vih-sida#primaryimage","url":"https:\/\/static.africa-press.net\/burkina\/sites\/42\/2021\/01\/img-5ffef5285fb55.jpg","contentUrl":"https:\/\/static.africa-press.net\/burkina\/sites\/42\/2021\/01\/img-5ffef5285fb55.jpg","width":720,"height":363,"caption":"Boucle du Mouhoun : La mine de Mana se dresse contre le VIH\/Sida"},{"@type":"BreadcrumbList","@id":"https:\/\/www.africa-press.net\/burkina-faso\/toutes-les-actualites\/boucle-du-mouhoun-la-mine-de-mana-se-dresse-contre-le-vih-sida#breadcrumb","itemListElement":[{"@type":"ListItem","position":1,"name":"Accueil","item":"https:\/\/www.africa-press.net\/burkina-faso\/"},{"@type":"ListItem","position":2,"name":"Boucle du Mouhoun : La mine de Mana se dresse contre le VIH\/Sida"}]},{"@type":"WebSite","@id":"https:\/\/www.africa-press.net\/burkina-faso\/#website","url":"https:\/\/www.africa-press.net\/burkina-faso\/","name":"Burkina Faso","description":"Just another Africa News Agency Sites site","potentialAction":[{"@type":"SearchAction","target":{"@type":"EntryPoint","urlTemplate":"https:\/\/www.africa-press.net\/burkina-faso\/?s={search_term_string}"},"query-input":{"@type":"PropertyValueSpecification","valueRequired":true,"valueName":"search_term_string"}}],"inLanguage":"fr-FR"},{"@type":"Person","@id":"https:\/\/www.africa-press.net\/burkina-faso\/#\/schema\/person\/2b1cf3cd81a31e3cd26889ca66d677f1","name":"cfeditorfr"}]}},"_links":{"self":[{"href":"https:\/\/www.africa-press.net\/burkina-faso\/wp-json\/wp\/v2\/posts\/3640","targetHints":{"allow":["GET"]}}],"collection":[{"href":"https:\/\/www.africa-press.net\/burkina-faso\/wp-json\/wp\/v2\/posts"}],"about":[{"href":"https:\/\/www.africa-press.net\/burkina-faso\/wp-json\/wp\/v2\/types\/post"}],"author":[{"embeddable":true,"href":"https:\/\/www.africa-press.net\/burkina-faso\/wp-json\/wp\/v2\/users\/82"}],"replies":[{"embeddable":true,"href":"https:\/\/www.africa-press.net\/burkina-faso\/wp-json\/wp\/v2\/comments?post=3640"}],"version-history":[{"count":0,"href":"https:\/\/www.africa-press.net\/burkina-faso\/wp-json\/wp\/v2\/posts\/3640\/revisions"}],"wp:featuredmedia":[{"embeddable":true,"href":"https:\/\/www.africa-press.net\/burkina-faso\/wp-json\/wp\/v2\/media\/3639"}],"wp:attachment":[{"href":"https:\/\/www.africa-press.net\/burkina-faso\/wp-json\/wp\/v2\/media?parent=3640"}],"wp:term":[{"taxonomy":"category","embeddable":true,"href":"https:\/\/www.africa-press.net\/burkina-faso\/wp-json\/wp\/v2\/categories?post=3640"},{"taxonomy":"post_tag","embeddable":true,"href":"https:\/\/www.africa-press.net\/burkina-faso\/wp-json\/wp\/v2\/tags?post=3640"}],"curies":[{"name":"wp","href":"https:\/\/api.w.org\/{rel}","templated":true}]}}