{"id":36841,"date":"2022-04-06T11:41:01","date_gmt":"2022-04-06T11:41:01","guid":{"rendered":"https:\/\/www.africa-press.net\/burkina-faso\/politique\/thomas-sankara-une-icone-panafricaine-toujours-populaire-au-burkina-faso"},"modified":"2022-04-06T11:56:26","modified_gmt":"2022-04-06T11:56:26","slug":"thomas-sankara-une-icone-panafricaine-toujours-populaire-au-burkina-faso","status":"publish","type":"post","link":"https:\/\/www.africa-press.net\/burkina-faso\/politique\/thomas-sankara-une-icone-panafricaine-toujours-populaire-au-burkina-faso","title":{"rendered":"Thomas Sankara, une ic\u00f4ne panafricaine toujours populaire au Burkina Faso"},"content":{"rendered":"<p><span style=\"color: #ff6600\"><strong>Africa-Press &#8211; Burkina Faso. <\/strong><\/span>Il voulait \u00ab d\u00e9coloniser les mentalit\u00e9s \u00bb dans son pays et en Afrique, o\u00f9 il est devenu une ic\u00f4ne. Mais Thomas Sankara, jeune pr\u00e9sident du Burkina Faso, n\u2019a pu r\u00e9aliser son r\u00eave : il a \u00e9t\u00e9 assassin\u00e9 en 1987, quatre ans apr\u00e8s le coup d\u2019Etat qui l\u2019avait port\u00e9 au pouvoir. Le verdict des auteurs pr\u00e9sum\u00e9s de son assassinat, dont son ancien ami Blaise Compaor\u00e9, qui lui a succ\u00e9d\u00e9 et est rest\u00e9 au pouvoir pendant vingt-sept ans, est attendu mercredi 6 avril \u00e0 Ouagadougou, o\u00f9 Thomas Sankara reste une figure populaire et embl\u00e9matique.<\/p>\n<p><b>\u00ab Sankara, c\u2019est toute une philosophie, c\u2019est une mani\u00e8re de penser et d\u2019\u00eatre, un mode de vie. Sankara, c\u2019est une fiert\u00e9 africaine \u00bb<\/b><\/p>\n<p>, d\u00e9clare Serge Ou\u00e9draogo, professeur de lyc\u00e9e. Lors des manifestations de 2014 qui ont abouti \u00e0 la chute de Blaise Compaor\u00e9, les jeunes, qui n\u2019ont pas connu son bref passage au pouvoir, brandissaient pourtant son portrait avec fiert\u00e9. \u00ab Aujourd\u2019hui, on peut dire que Sankara repr\u00e9sente une boussole pour le peuple burkinab\u00e9. C\u2019est un guide, c\u2019est lui qui a trac\u00e9 le chemin de l\u2019espoir pour le peuple \u00bb, estime M. Ou\u00e9draogo. Une dizaine de partis politiques se r\u00e9clament de l\u2019id\u00e9al de Sankara, dont le principal est l\u2019Union pour la renaissance-Parti sankariste (Unir-PS).<\/p>\n<p><b>Une guitare et une Renault 5<\/b><\/p>\n<p>N\u00e9 le 21 d\u00e9cembre 1949 \u00e0 Yako (nord), Thomas Sankara, \u00e9lev\u00e9 dans une famille chr\u00e9tienne et dont le p\u00e8re \u00e9tait un ancien combattant, a 12 ans au moment de la d\u00e9colonisation. Apr\u00e8s l\u2019obtention de son baccalaur\u00e9at \u00e0 Ouagadougou, il suit une formation militaire \u00e0 l\u2019\u00e9tranger, notamment \u00e0 Madagascar, o\u00f9 il assiste en 1972 \u00e0 l\u2019insurrection qui renverse le pr\u00e9sident Philibert Tsiranana, consid\u00e9r\u00e9 comme inf\u00e9od\u00e9 \u00e0 la France, ex-puissance coloniale.<\/p>\n<p>En 1973, \u00e0 son retour dans son pays, qui s\u2019appelle alors la Haute-Volta, il est affect\u00e9 \u00e0 la formation des jeunes recrues et se fait remarquer lors d\u2019un conflit avec le Mali en 1974-1975. Apr\u00e8s un coup d\u2019Etat en novembre 1980, le nouveau chef de l\u2019Etat, le colonel Saye Zerbo, lui confie le poste de secr\u00e9taire d\u2019Etat \u00e0 l\u2019information. Mais ses id\u00e9es progressistes lui font claquer la porte du gouvernement un an et demi plus tard.<\/p>\n<p>Il revient \u00e0 la faveur d\u2019un autre putsch et est nomm\u00e9 premier ministre en janvier 1983. Une sourde lutte pour le pouvoir s\u2019engage alors entre militaires. D\u2019abord arr\u00eat\u00e9 en mai 1983, il ressurgit en ao\u00fbt, cette fois pour de bon, \u00e0 la suite d\u2019un nouveau coup d\u2019Etat men\u00e9 par son ami intime, le capitaine Blaise Compaor\u00e9. Ag\u00e9 de 33 ans, Sankara symbolise l\u2019Afrique de la jeunesse et de l\u2019int\u00e9grit\u00e9. Il rebaptise d\u2019ailleurs son pays Burkina Faso, le \u00ab pays des hommes int\u00e8gres \u00bb.<\/p>\n<p>D\u2019allure sportive et \u00e9lanc\u00e9e, souriant et charmeur, le jeune dirigeant est toujours v\u00eatu d\u2019un treillis, portant \u00e0 la ceinture un pistolet \u00e0 crosse de nacre offert par le dirigeant nord-cor\u00e9en Kim Il-Sung. Vivant modestement avec sa femme et ses deux fils dans un palais pr\u00e9sidentiel d\u00e9labr\u00e9, il n\u2019a pour tout bien que sa guitare et une Renault 5 d\u2019occasion, petit v\u00e9hicule qu\u2019il impose comme voiture de fonction \u00e0 tous les membres de son gouvernement, habitu\u00e9s aux luxueuses berlines.<\/p>\n<p><b>\u00ab Il va plus loin qu\u2019il ne faut \u00bb<\/b><\/p>\n<p>Ses priorit\u00e9s : d\u00e9graissage d\u2019une fonction publique \u00ab pl\u00e9thorique \u00bb, am\u00e9lioration de la situation sanitaire, d\u00e9senclavement des campagnes, \u00e9ducation, promotion de la femme, politique en faveur des paysans. Cette politique volontariste est men\u00e9e d\u2019une main de fer. \u00ab Il faut d\u00e9coloniser les mentalit\u00e9s \u00bb, clame-t-il. La population est surveill\u00e9e par les comit\u00e9s de d\u00e9fense de la r\u00e9volution et sanctionn\u00e9e par les tribunaux populaires de la r\u00e9volution. Il brise une gr\u00e8ve des instituteurs en les licenciant et l\u2019opposition syndicale et politique est r\u00e9prim\u00e9e.<\/p>\n<p>Ses relations avec l\u2019ex-puissance coloniale fran\u00e7aise et plusieurs pays voisins, dont la C\u00f4te d\u2019Ivoire de F\u00e9lix Houphou\u00ebt Boigny et le Togo de Gnassingb\u00e9 Eyad\u00e9ma, sont tendues. Ses prises de position, ses liens avec la Libye de Mouammar Kadhafi et le Ghana de Jerry Rawlings, inqui\u00e8tent. Au pr\u00e9sident fran\u00e7ais Fran\u00e7ois Mitterrand, qui avait accueilli officiellement \u00e0 Paris le rebelle angolais Jonas Savimbi et le pr\u00e9sident du r\u00e9gime d\u2019apartheid sud-africain Pieter Botha, il donne une le\u00e7on de droits de l\u2019homme lors d\u2019une visite \u00e0 Ouagadougou en 1986. \u00ab Il va plus loin qu\u2019il ne faut \u00e0 mon avis \u00bb, r\u00e9torque Mitterrand.<\/p>\n<p>Sankara appelle l\u2019Afrique \u00e0 ne pas payer sa dette aux pays occidentaux, d\u00e9nonce devant l\u2019ONU les guerres \u00ab imp\u00e9rialistes \u00bb, l\u2019apartheid, la pauvret\u00e9, d\u00e9fend le droit des Palestiniens \u00e0 l\u2019autod\u00e9termination. Mais la parenth\u00e8se sankariste sera de courte dur\u00e9e : le 15 octobre 1987, alors qu\u2019il se rend \u00e0 un conseil des ministres extraordinaire, il est assassin\u00e9 lors d\u2019un putsch qui laisse Blaise Compaor\u00e9 seul au pouvoir. Il n\u2019avait que 37 ans.<\/p>\n<p><strong>Pour plus d&rsquo;informations et d&rsquo;analyses sur la <a href=\"https:\/\/www.africa-press.net\/burkina-faso\">Burkina Faso<\/a>, suivez <a href=\"https:\/\/www.africa-press.net\/\">Africa-Press<\/a><\/strong><\/p>\n","protected":false},"excerpt":{"rendered":"<p>Africa-Press &#8211; Burkina Faso. Il voulait \u00ab d\u00e9coloniser les mentalit\u00e9s \u00bb dans son pays et en Afrique, o\u00f9 il est devenu une ic\u00f4ne. Mais Thomas Sankara, jeune pr\u00e9sident du Burkina Faso, n\u2019a pu r\u00e9aliser son r\u00eave : il a \u00e9t\u00e9 assassin\u00e9 en 1987, quatre ans apr\u00e8s le coup d\u2019Etat qui l\u2019avait port\u00e9 au pouvoir. Le [&hellip;]<\/p>\n","protected":false},"author":82,"featured_media":36840,"comment_status":"open","ping_status":"closed","sticky":false,"template":"","format":"standard","meta":{"footnotes":""},"categories":[11,2,20,10],"tags":[111,725,29],"class_list":["post-36841","post","type-post","status-publish","format-standard","has-post-thumbnail","hentry","category-homepage-french","category-politique","category-top-nouvelles","category-toutes-les-actualites","tag-africa-press","tag-africa-press-burkina-faso","tag-burkina-faso"],"yoast_head":"<!-- This site is optimized with the Yoast SEO Premium plugin v26.1 (Yoast SEO v27.0) - https:\/\/yoast.com\/product\/yoast-seo-premium-wordpress\/ -->\n<title>Thomas Sankara, une ic\u00f4ne panafricaine toujours populaire au Burkina Faso - Burkina Faso<\/title>\n<meta name=\"description\" content=\"Il voulait \u00ab d\u00e9coloniser les mentalit\u00e9s \u00bb dans son pays et en Afrique, o\u00f9 il est devenu une ic\u00f4ne. Mais Thomas Sankara, ...\" \/>\n<meta name=\"robots\" content=\"index, follow, max-snippet:-1, max-image-preview:large, max-video-preview:-1\" \/>\n<link rel=\"canonical\" href=\"https:\/\/www.africa-press.net\/burkina-faso\/politique\/thomas-sankara-une-icone-panafricaine-toujours-populaire-au-burkina-faso\" \/>\n<meta property=\"og:locale\" content=\"fr_FR\" \/>\n<meta property=\"og:type\" content=\"article\" \/>\n<meta property=\"og:title\" content=\"Thomas Sankara, une ic\u00f4ne panafricaine toujours populaire au Burkina Faso\" \/>\n<meta property=\"og:description\" content=\"Il voulait \u00ab d\u00e9coloniser les mentalit\u00e9s \u00bb dans son pays et en Afrique, o\u00f9 il est devenu une ic\u00f4ne. Mais Thomas Sankara, ...\" \/>\n<meta property=\"og:url\" content=\"https:\/\/www.africa-press.net\/burkina-faso\/politique\/thomas-sankara-une-icone-panafricaine-toujours-populaire-au-burkina-faso\" \/>\n<meta property=\"og:site_name\" content=\"Burkina Faso\" \/>\n<meta property=\"article:published_time\" content=\"2022-04-06T11:41:01+00:00\" \/>\n<meta property=\"article:modified_time\" content=\"2022-04-06T11:56:26+00:00\" \/>\n<meta property=\"og:image\" content=\"https:\/\/static.africa-press.net\/burkina\/sites\/42\/2022\/04\/img-624d7fc34acfa.jpg\" \/>\n\t<meta property=\"og:image:width\" content=\"1440\" \/>\n\t<meta property=\"og:image:height\" content=\"720\" \/>\n\t<meta property=\"og:image:type\" content=\"image\/jpeg\" \/>\n<meta name=\"author\" content=\"cfeditorfr\" \/>\n<meta name=\"twitter:card\" content=\"summary_large_image\" \/>\n<meta name=\"twitter:label1\" content=\"\u00c9crit par\" \/>\n\t<meta name=\"twitter:data1\" content=\"cfeditorfr\" \/>\n\t<meta name=\"twitter:label2\" content=\"Dur\u00e9e de lecture estim\u00e9e\" \/>\n\t<meta name=\"twitter:data2\" content=\"4 minutes\" \/>\n<script type=\"application\/ld+json\" class=\"yoast-schema-graph\">{\"@context\":\"https:\/\/schema.org\",\"@graph\":[{\"@type\":\"Article\",\"@id\":\"https:\/\/www.africa-press.net\/burkina-faso\/politique\/thomas-sankara-une-icone-panafricaine-toujours-populaire-au-burkina-faso#article\",\"isPartOf\":{\"@id\":\"https:\/\/www.africa-press.net\/burkina-faso\/politique\/thomas-sankara-une-icone-panafricaine-toujours-populaire-au-burkina-faso\"},\"author\":{\"name\":\"cfeditorfr\",\"@id\":\"https:\/\/www.africa-press.net\/burkina-faso\/#\/schema\/person\/2b1cf3cd81a31e3cd26889ca66d677f1\"},\"headline\":\"Thomas Sankara, une ic\u00f4ne panafricaine toujours populaire au Burkina Faso\",\"datePublished\":\"2022-04-06T11:41:01+00:00\",\"dateModified\":\"2022-04-06T11:56:26+00:00\",\"mainEntityOfPage\":{\"@id\":\"https:\/\/www.africa-press.net\/burkina-faso\/politique\/thomas-sankara-une-icone-panafricaine-toujours-populaire-au-burkina-faso\"},\"wordCount\":877,\"commentCount\":0,\"image\":{\"@id\":\"https:\/\/www.africa-press.net\/burkina-faso\/politique\/thomas-sankara-une-icone-panafricaine-toujours-populaire-au-burkina-faso#primaryimage\"},\"thumbnailUrl\":\"https:\/\/static.africa-press.net\/burkina\/sites\/42\/2022\/04\/img-624d7fc34acfa.jpg\",\"keywords\":[\"Africa Press\",\"Africa Press-Burkina Faso\",\"Burkina Faso\"],\"articleSection\":[\"homepage-french\",\"Politique\",\"Top Nouvelles\",\"Toutes les actualit\u00e9s\"],\"inLanguage\":\"fr-FR\",\"potentialAction\":[{\"@type\":\"CommentAction\",\"name\":\"Comment\",\"target\":[\"https:\/\/www.africa-press.net\/burkina-faso\/politique\/thomas-sankara-une-icone-panafricaine-toujours-populaire-au-burkina-faso#respond\"]}]},{\"@type\":\"WebPage\",\"@id\":\"https:\/\/www.africa-press.net\/burkina-faso\/politique\/thomas-sankara-une-icone-panafricaine-toujours-populaire-au-burkina-faso\",\"url\":\"https:\/\/www.africa-press.net\/burkina-faso\/politique\/thomas-sankara-une-icone-panafricaine-toujours-populaire-au-burkina-faso\",\"name\":\"Thomas Sankara, une ic\u00f4ne panafricaine toujours populaire au Burkina Faso - Burkina Faso\",\"isPartOf\":{\"@id\":\"https:\/\/www.africa-press.net\/burkina-faso\/#website\"},\"primaryImageOfPage\":{\"@id\":\"https:\/\/www.africa-press.net\/burkina-faso\/politique\/thomas-sankara-une-icone-panafricaine-toujours-populaire-au-burkina-faso#primaryimage\"},\"image\":{\"@id\":\"https:\/\/www.africa-press.net\/burkina-faso\/politique\/thomas-sankara-une-icone-panafricaine-toujours-populaire-au-burkina-faso#primaryimage\"},\"thumbnailUrl\":\"https:\/\/static.africa-press.net\/burkina\/sites\/42\/2022\/04\/img-624d7fc34acfa.jpg\",\"datePublished\":\"2022-04-06T11:41:01+00:00\",\"dateModified\":\"2022-04-06T11:56:26+00:00\",\"author\":{\"@id\":\"https:\/\/www.africa-press.net\/burkina-faso\/#\/schema\/person\/2b1cf3cd81a31e3cd26889ca66d677f1\"},\"description\":\"Il voulait \u00ab d\u00e9coloniser les mentalit\u00e9s \u00bb dans son pays et en Afrique, o\u00f9 il est devenu une ic\u00f4ne. Mais Thomas Sankara, ...\",\"breadcrumb\":{\"@id\":\"https:\/\/www.africa-press.net\/burkina-faso\/politique\/thomas-sankara-une-icone-panafricaine-toujours-populaire-au-burkina-faso#breadcrumb\"},\"inLanguage\":\"fr-FR\",\"potentialAction\":[{\"@type\":\"ReadAction\",\"target\":[\"https:\/\/www.africa-press.net\/burkina-faso\/politique\/thomas-sankara-une-icone-panafricaine-toujours-populaire-au-burkina-faso\"]}]},{\"@type\":\"ImageObject\",\"inLanguage\":\"fr-FR\",\"@id\":\"https:\/\/www.africa-press.net\/burkina-faso\/politique\/thomas-sankara-une-icone-panafricaine-toujours-populaire-au-burkina-faso#primaryimage\",\"url\":\"https:\/\/static.africa-press.net\/burkina\/sites\/42\/2022\/04\/img-624d7fc34acfa.jpg\",\"contentUrl\":\"https:\/\/static.africa-press.net\/burkina\/sites\/42\/2022\/04\/img-624d7fc34acfa.jpg\",\"width\":1440,\"height\":720,\"caption\":\"Thomas Sankara, une ic\u00f4ne panafricaine toujours populaire au Burkina Faso\"},{\"@type\":\"BreadcrumbList\",\"@id\":\"https:\/\/www.africa-press.net\/burkina-faso\/politique\/thomas-sankara-une-icone-panafricaine-toujours-populaire-au-burkina-faso#breadcrumb\",\"itemListElement\":[{\"@type\":\"ListItem\",\"position\":1,\"name\":\"Accueil\",\"item\":\"https:\/\/www.africa-press.net\/burkina-faso\/\"},{\"@type\":\"ListItem\",\"position\":2,\"name\":\"Thomas Sankara, une ic\u00f4ne panafricaine toujours populaire au Burkina Faso\"}]},{\"@type\":\"WebSite\",\"@id\":\"https:\/\/www.africa-press.net\/burkina-faso\/#website\",\"url\":\"https:\/\/www.africa-press.net\/burkina-faso\/\",\"name\":\"Burkina Faso\",\"description\":\"Just another Africa News Agency Sites site\",\"potentialAction\":[{\"@type\":\"SearchAction\",\"target\":{\"@type\":\"EntryPoint\",\"urlTemplate\":\"https:\/\/www.africa-press.net\/burkina-faso\/?s={search_term_string}\"},\"query-input\":{\"@type\":\"PropertyValueSpecification\",\"valueRequired\":true,\"valueName\":\"search_term_string\"}}],\"inLanguage\":\"fr-FR\"},{\"@type\":\"Person\",\"@id\":\"https:\/\/www.africa-press.net\/burkina-faso\/#\/schema\/person\/2b1cf3cd81a31e3cd26889ca66d677f1\",\"name\":\"cfeditorfr\"}]}<\/script>\n<!-- \/ Yoast SEO Premium plugin. -->","yoast_head_json":{"title":"Thomas Sankara, une ic\u00f4ne panafricaine toujours populaire au Burkina Faso - Burkina Faso","description":"Il voulait \u00ab d\u00e9coloniser les mentalit\u00e9s \u00bb dans son pays et en Afrique, o\u00f9 il est devenu une ic\u00f4ne. Mais Thomas Sankara, ...","robots":{"index":"index","follow":"follow","max-snippet":"max-snippet:-1","max-image-preview":"max-image-preview:large","max-video-preview":"max-video-preview:-1"},"canonical":"https:\/\/www.africa-press.net\/burkina-faso\/politique\/thomas-sankara-une-icone-panafricaine-toujours-populaire-au-burkina-faso","og_locale":"fr_FR","og_type":"article","og_title":"Thomas Sankara, une ic\u00f4ne panafricaine toujours populaire au Burkina Faso","og_description":"Il voulait \u00ab d\u00e9coloniser les mentalit\u00e9s \u00bb dans son pays et en Afrique, o\u00f9 il est devenu une ic\u00f4ne. Mais Thomas Sankara, ...","og_url":"https:\/\/www.africa-press.net\/burkina-faso\/politique\/thomas-sankara-une-icone-panafricaine-toujours-populaire-au-burkina-faso","og_site_name":"Burkina Faso","article_published_time":"2022-04-06T11:41:01+00:00","article_modified_time":"2022-04-06T11:56:26+00:00","og_image":[{"width":1440,"height":720,"url":"https:\/\/static.africa-press.net\/burkina\/sites\/42\/2022\/04\/img-624d7fc34acfa.jpg","type":"image\/jpeg"}],"author":"cfeditorfr","twitter_card":"summary_large_image","twitter_misc":{"\u00c9crit par":"cfeditorfr","Dur\u00e9e de lecture estim\u00e9e":"4 minutes"},"schema":{"@context":"https:\/\/schema.org","@graph":[{"@type":"Article","@id":"https:\/\/www.africa-press.net\/burkina-faso\/politique\/thomas-sankara-une-icone-panafricaine-toujours-populaire-au-burkina-faso#article","isPartOf":{"@id":"https:\/\/www.africa-press.net\/burkina-faso\/politique\/thomas-sankara-une-icone-panafricaine-toujours-populaire-au-burkina-faso"},"author":{"name":"cfeditorfr","@id":"https:\/\/www.africa-press.net\/burkina-faso\/#\/schema\/person\/2b1cf3cd81a31e3cd26889ca66d677f1"},"headline":"Thomas Sankara, une ic\u00f4ne panafricaine toujours populaire au Burkina Faso","datePublished":"2022-04-06T11:41:01+00:00","dateModified":"2022-04-06T11:56:26+00:00","mainEntityOfPage":{"@id":"https:\/\/www.africa-press.net\/burkina-faso\/politique\/thomas-sankara-une-icone-panafricaine-toujours-populaire-au-burkina-faso"},"wordCount":877,"commentCount":0,"image":{"@id":"https:\/\/www.africa-press.net\/burkina-faso\/politique\/thomas-sankara-une-icone-panafricaine-toujours-populaire-au-burkina-faso#primaryimage"},"thumbnailUrl":"https:\/\/static.africa-press.net\/burkina\/sites\/42\/2022\/04\/img-624d7fc34acfa.jpg","keywords":["Africa Press","Africa Press-Burkina Faso","Burkina Faso"],"articleSection":["homepage-french","Politique","Top Nouvelles","Toutes les actualit\u00e9s"],"inLanguage":"fr-FR","potentialAction":[{"@type":"CommentAction","name":"Comment","target":["https:\/\/www.africa-press.net\/burkina-faso\/politique\/thomas-sankara-une-icone-panafricaine-toujours-populaire-au-burkina-faso#respond"]}]},{"@type":"WebPage","@id":"https:\/\/www.africa-press.net\/burkina-faso\/politique\/thomas-sankara-une-icone-panafricaine-toujours-populaire-au-burkina-faso","url":"https:\/\/www.africa-press.net\/burkina-faso\/politique\/thomas-sankara-une-icone-panafricaine-toujours-populaire-au-burkina-faso","name":"Thomas Sankara, une ic\u00f4ne panafricaine toujours populaire au Burkina Faso - Burkina Faso","isPartOf":{"@id":"https:\/\/www.africa-press.net\/burkina-faso\/#website"},"primaryImageOfPage":{"@id":"https:\/\/www.africa-press.net\/burkina-faso\/politique\/thomas-sankara-une-icone-panafricaine-toujours-populaire-au-burkina-faso#primaryimage"},"image":{"@id":"https:\/\/www.africa-press.net\/burkina-faso\/politique\/thomas-sankara-une-icone-panafricaine-toujours-populaire-au-burkina-faso#primaryimage"},"thumbnailUrl":"https:\/\/static.africa-press.net\/burkina\/sites\/42\/2022\/04\/img-624d7fc34acfa.jpg","datePublished":"2022-04-06T11:41:01+00:00","dateModified":"2022-04-06T11:56:26+00:00","author":{"@id":"https:\/\/www.africa-press.net\/burkina-faso\/#\/schema\/person\/2b1cf3cd81a31e3cd26889ca66d677f1"},"description":"Il voulait \u00ab d\u00e9coloniser les mentalit\u00e9s \u00bb dans son pays et en Afrique, o\u00f9 il est devenu une ic\u00f4ne. Mais Thomas Sankara, ...","breadcrumb":{"@id":"https:\/\/www.africa-press.net\/burkina-faso\/politique\/thomas-sankara-une-icone-panafricaine-toujours-populaire-au-burkina-faso#breadcrumb"},"inLanguage":"fr-FR","potentialAction":[{"@type":"ReadAction","target":["https:\/\/www.africa-press.net\/burkina-faso\/politique\/thomas-sankara-une-icone-panafricaine-toujours-populaire-au-burkina-faso"]}]},{"@type":"ImageObject","inLanguage":"fr-FR","@id":"https:\/\/www.africa-press.net\/burkina-faso\/politique\/thomas-sankara-une-icone-panafricaine-toujours-populaire-au-burkina-faso#primaryimage","url":"https:\/\/static.africa-press.net\/burkina\/sites\/42\/2022\/04\/img-624d7fc34acfa.jpg","contentUrl":"https:\/\/static.africa-press.net\/burkina\/sites\/42\/2022\/04\/img-624d7fc34acfa.jpg","width":1440,"height":720,"caption":"Thomas Sankara, une ic\u00f4ne panafricaine toujours populaire au Burkina Faso"},{"@type":"BreadcrumbList","@id":"https:\/\/www.africa-press.net\/burkina-faso\/politique\/thomas-sankara-une-icone-panafricaine-toujours-populaire-au-burkina-faso#breadcrumb","itemListElement":[{"@type":"ListItem","position":1,"name":"Accueil","item":"https:\/\/www.africa-press.net\/burkina-faso\/"},{"@type":"ListItem","position":2,"name":"Thomas Sankara, une ic\u00f4ne panafricaine toujours populaire au Burkina Faso"}]},{"@type":"WebSite","@id":"https:\/\/www.africa-press.net\/burkina-faso\/#website","url":"https:\/\/www.africa-press.net\/burkina-faso\/","name":"Burkina Faso","description":"Just another Africa News Agency Sites site","potentialAction":[{"@type":"SearchAction","target":{"@type":"EntryPoint","urlTemplate":"https:\/\/www.africa-press.net\/burkina-faso\/?s={search_term_string}"},"query-input":{"@type":"PropertyValueSpecification","valueRequired":true,"valueName":"search_term_string"}}],"inLanguage":"fr-FR"},{"@type":"Person","@id":"https:\/\/www.africa-press.net\/burkina-faso\/#\/schema\/person\/2b1cf3cd81a31e3cd26889ca66d677f1","name":"cfeditorfr"}]}},"_links":{"self":[{"href":"https:\/\/www.africa-press.net\/burkina-faso\/wp-json\/wp\/v2\/posts\/36841","targetHints":{"allow":["GET"]}}],"collection":[{"href":"https:\/\/www.africa-press.net\/burkina-faso\/wp-json\/wp\/v2\/posts"}],"about":[{"href":"https:\/\/www.africa-press.net\/burkina-faso\/wp-json\/wp\/v2\/types\/post"}],"author":[{"embeddable":true,"href":"https:\/\/www.africa-press.net\/burkina-faso\/wp-json\/wp\/v2\/users\/82"}],"replies":[{"embeddable":true,"href":"https:\/\/www.africa-press.net\/burkina-faso\/wp-json\/wp\/v2\/comments?post=36841"}],"version-history":[{"count":0,"href":"https:\/\/www.africa-press.net\/burkina-faso\/wp-json\/wp\/v2\/posts\/36841\/revisions"}],"wp:featuredmedia":[{"embeddable":true,"href":"https:\/\/www.africa-press.net\/burkina-faso\/wp-json\/wp\/v2\/media\/36840"}],"wp:attachment":[{"href":"https:\/\/www.africa-press.net\/burkina-faso\/wp-json\/wp\/v2\/media?parent=36841"}],"wp:term":[{"taxonomy":"category","embeddable":true,"href":"https:\/\/www.africa-press.net\/burkina-faso\/wp-json\/wp\/v2\/categories?post=36841"},{"taxonomy":"post_tag","embeddable":true,"href":"https:\/\/www.africa-press.net\/burkina-faso\/wp-json\/wp\/v2\/tags?post=36841"}],"curies":[{"name":"wp","href":"https:\/\/api.w.org\/{rel}","templated":true}]}}