{"id":41231,"date":"2022-05-30T16:37:17","date_gmt":"2022-05-30T16:37:17","guid":{"rendered":"https:\/\/www.africa-press.net\/burkina-faso\/politique\/gendarmerie-nationale-du-burkina-1250-eleves-sous-officiers-presentes-au-drapeau"},"modified":"2022-05-30T17:27:42","modified_gmt":"2022-05-30T17:27:42","slug":"gendarmerie-nationale-du-burkina-1250-eleves-sous-officiers-presentes-au-drapeau","status":"publish","type":"post","link":"https:\/\/www.africa-press.net\/burkina-faso\/politique\/gendarmerie-nationale-du-burkina-1250-eleves-sous-officiers-presentes-au-drapeau","title":{"rendered":"Gendarmerie nationale du Burkina : 1250 \u00e9l\u00e8ves sous-officiers pr\u00e9sent\u00e9s au drapeau"},"content":{"rendered":"<p><span style=\"color: #ff6600\"><strong>Africa-Press &#8211; Burkina Faso. <\/strong><\/span>La 49e promotion des \u00e9l\u00e8ves sous-officiers de la gendarmerie nationale a \u00e9t\u00e9 pr\u00e9sent\u00e9e, le vendredi 27 mai 2022, au drapeau. Au nombre de 1250, ces \u00e9l\u00e8ves sous-officiers ont, par la m\u00eame occasion, re\u00e7u leurs passants de premi\u00e8re ann\u00e9e. Cette c\u00e9r\u00e9monie marque ainsi la fin de leur formation militaire initiale.<\/p>\n<p>Apr\u00e8s plusieurs mois de formation, la 49e promotion de la gendarmerie nationale a \u00e9t\u00e9 jug\u00e9e digne par leurs a\u00een\u00e9s d\u2019\u00eatre des leurs. C\u2019est ainsi qu\u2019au cours d\u2019une c\u00e9r\u00e9monie solennelle, ces \u00e9l\u00e8ves sous-officiers ont \u00e9t\u00e9 pr\u00e9sent\u00e9s au drapeau. Ce, en pr\u00e9sence de leur hi\u00e9rarchie, familles, amis et connaissances. D\u00e9sormais, ils sont appel\u00e9s \u00e0 se pr\u00e9senter \u00ab \u00e9l\u00e8ves sous-officiers \u00bb.<\/p>\n<p>Ils doivent incarner et d\u00e9fendre les valeurs qu\u2019inspire le drapeau national. \u00ab Le rouge pour les sacrifices \u00e0 consentir et m\u00eame le sang que vous \u00eates pr\u00eats \u00e0 verser pour l\u2019int\u00e9r\u00eat sup\u00e9rieur de la nation. Le vert, couleur de l\u2019espoir et de l\u2019abondance ; vous devez contribuer \u00e0 la protection des agriculteurs qui produisent pour l\u2019autosuffisance. L\u2019\u00e9toile jaune doit \u00eatre votre rep\u00e8re. L\u2019int\u00e9r\u00eat g\u00e9n\u00e9ral et la d\u00e9fense de la patrie comme leitmotiv de votre engagement \u00bb, a rappel\u00e9 le chef d\u2019escadron St\u00e9phane S\u00e9ssouma, commandant l\u2019\u00e9cole nationale des sous-officiers de la gendarmerie (ENSOG).<\/p>\n<p>En effet, cette promotion a foul\u00e9 le sol de l\u2019\u00e9cole le 28 d\u00e9cembre 2021. Les \u00e9l\u00e8ves sous-officiers ont ainsi d\u00e9but\u00e9, le 3 janvier 2022, le bivouac d\u2019entr\u00e9e pour une dur\u00e9e de trois mois dans un contexte particulier marqu\u00e9 par la recrudescence des attaques terroristes. Plusieurs mois durant, leur formation s\u2019est d\u00e9roul\u00e9e dans une atmosph\u00e8re d\u2019incertitudes et de surprises. A en croire le commandant de l\u2019ENSOG, le chef d\u2019escadron St\u00e9phane S\u00e9ssouma, \u00ab c\u2019est entre appr\u00e9hensions, doutes et parfois regrets que ces jeunes gens ont v\u00e9cu les dures r\u00e9alit\u00e9s de la vie militaire et se sont familiaris\u00e9s aux intemp\u00e9ries et privations de tous ordres \u00bb. Au cours de leur formation, les \u00e9l\u00e8ves sous-officiers ont pu cultiver en eux, l\u2019esprit de coh\u00e9sion et de solidarit\u00e9, signe qu\u2019ils forment d\u00e9sormais une promotion au destin commun. Egalement, ils ont appris beaucoup de valeurs dont la discipline, la rigueur, l\u2019ardeur au travail et surtout l\u2019exemplarit\u00e9.<\/p>\n<p>Les \u00e9l\u00e8ves sous-officiers s\u2019engagent \u00e0 honorer et \u00e0 d\u00e9fendre le drapeau national Cependant, il convient de distinguer la c\u00e9r\u00e9monie de sortie de promotion qui marque la fin de la formation professionnelle, de la c\u00e9r\u00e9monie de pr\u00e9sentation au drapeau. Institu\u00e9e en 2014, la c\u00e9r\u00e9monie de pr\u00e9sentation au drapeau vise \u00e0 souligner l\u2019importance de la phase de la formation militaire initiale dans le cycle de formation des \u00e9l\u00e8ves sous-officiers de la gendarmerie. Il vise surtout \u00e0 rappeler le sens profond de leur engagement au service de la nation.<\/p>\n<p>Au cours de la c\u00e9r\u00e9monie, ces \u00e9l\u00e8ves sous-officiers ont pr\u00eat\u00e9 serment, dont le sens profond est de se conformer au r\u00e8glement int\u00e9rieur de l\u2019\u00e9cole ainsi que les valeurs qu\u2019elle pr\u00f4ne. En outre, ils s\u2019engagent \u00e0 honorer et \u00e0 d\u00e9fendre le drapeau de l\u2019\u00e9cole. Les passants qu\u2019ils ont re\u00e7us, loin de symboliser la fin \u00ab d\u2019un calvaire \u00bb, n\u2019est que le d\u00e9but d\u2019une nouvelle vie. Selon le commandant de l\u2019ENSOG, la pr\u00e9sentation des \u00e9l\u00e8ves sous-officiers au drapeau est une \u00e9tape tr\u00e8s importante dans la vie du militaire. En s\u2019adressant aux \u00e9l\u00e8ves, il leur a rappel\u00e9 le sens de leur engagement au service de la nation.<\/p>\n<p>\u00ab Cette c\u00e9r\u00e9monie, au-del\u00e0 de son caract\u00e8re traditionnel, marque la fin de la formation militaire initiale de la 49e promotion. C\u2019est aussi le lieu pour les a\u00een\u00e9s de l\u00e9guer \u00e0 leurs cadets, des valeurs militaires fondamentales de l\u2019\u00e9cole qui caract\u00e9risent l\u2019\u00e9l\u00e8ve sous-officier. Elle est une \u00e9tape importante dans la formation initiale des sous-officiers de la gendarmerie et donne tout un sens \u00e0 leur engagement \u00bb, a-t-il expliqu\u00e9.<\/p>\n<p>Cette c\u00e9r\u00e9monie marque \u00e9galement leur passage des non-initi\u00e9s \u00e0 des \u00e9l\u00e8ves sous-officiers. Ils sont d\u00e9sormais aptes \u00e0 participer aux c\u00e9r\u00e9monies de mont\u00e9e de couleur quotidienne. Certes, la formation militaire est termin\u00e9e, mais celles professionnelles et juridiques continuent. A la fin ils seront des \u00ab gendarmes accomplis \u00bb, dignes de d\u00e9fendre l\u2019image de l\u2019arm\u00e9e et d\u2019assurer les missions de s\u00e9curit\u00e9 du territoire national. Toutefois, ils sont invit\u00e9s \u00e0 la discipline qui reste \u00ab l\u2019arme de l\u2019arm\u00e9e \u00bb.<\/p>\n<p>Au terme de la formation, les apprenants disent \u00eatre anim\u00e9s de sentiments de joie et de fiert\u00e9. Car, disent-ils, appartenir d\u00e9sormais \u00e0 la grande famille de la gendarmerie. \u00ab Nous venons de boucler un processus important de notre formation. Toute chose qui nous rend encore plus confiants pour la suite de notre formation. Ayant \u00e9t\u00e9 pr\u00e9sent\u00e9s au drapeau national et avec les passants \u00e0 l\u2019\u00e9paule, nous sommes convaincus qu\u2019avec l\u2019accompagnement de nos encadreurs, nous pourront sortir de l\u2019\u00e9cole et faire la fiert\u00e9 de notre pays \u00bb, a laiss\u00e9 entendre l\u2019\u00e9l\u00e8ve sous-officier de premi\u00e8re ann\u00e9e, Th\u00e9ophile Bayala.<\/p>\n<p>L\u2019\u00e9l\u00e8ve sous-officier de premi\u00e8re ann\u00e9e, M\u00e9lanie Carole Par\u00e9, quant \u00e0 elle, se r\u00e9jouit de faire partir de la grande famille de la gendarmerie et de fa\u00e7on g\u00e9n\u00e9rale, de l\u2019arm\u00e9e burkinab\u00e8. \u00ab Par notre pr\u00e9sentation au drapeau national, nous venons de franchir un cap important et ce port de passant nous rend vraiment heureux. Nous sommes conscients et nous allons davantage nous armer de courage pour franchir les \u00e9tapes futures qui nous attendent \u00bb, a-t-elle dit.<\/p>\n<p>Aussi elle a rendu hommage \u00e0 leurs cadres qui les soutiennent depuis le d\u00e9but de la formation. Selon elle, le statut f\u00e9minin n\u2019a pas \u00e9t\u00e9 un handicap \u00e0 leur formation. \u00ab Nous avons abord\u00e9 la formation avec beaucoup de d\u00e9termination et de courage. Notre statut f\u00e9minin n\u2019a pas \u00e9t\u00e9 du tout un handicap. Il n\u2019y a pas eu de traitement de faveur en fonction des filles. Nous avons \u00e9t\u00e9 soumises aux m\u00eames exigences physiques et morales que les gar\u00e7ons. Nous sommes fiers de ce que nous avons accompli jusque-l\u00e0 \u00bb, s\u2019est-elle r\u00e9jouie.<\/p>\n<p>Cette c\u00e9r\u00e9monie de pr\u00e9sentation au drapeau s\u2019est tenue au camp Ou\u00e9zzin Coulibaly de Bobo-Dioulasso. Elle a \u00e9t\u00e9 marqu\u00e9e par le c\u00e9r\u00e9monial de pr\u00e9sentation des \u00e9l\u00e8ves sous-officiers au drapeau national, le port de passants, les allocutions, des s\u00e9ances de d\u00e9monstration et de d\u00e9fil\u00e9 des troupes. Au cours du bivouac, ces \u00e9l\u00e8ves sous-officiers ont malheureusement perdu un des leurs, de courte maladie. Une minute de silence a \u00e9t\u00e9 observ\u00e9e en sa m\u00e9moire et \u00e0 la m\u00e9moire de toutes les victimes du terrorisme. Romuald Dofini<\/p>\n\r\n                <style type=\"text\/css\">\r\n                    \r\n                    #td_uid_1_69ee87a1eaaf1  .td-doubleSlider-2 .td-item1 {\r\n                        background: url(https:\/\/static.africa-press.net\/burkina\/sites\/42\/2022\/05\/postMeadiaimg_10_1-6294fe3e57c6e-80x60.jpg) 0 0 no-repeat;\r\n                    }\r\n                    #td_uid_1_69ee87a1eaaf1  .td-doubleSlider-2 .td-item2 {\r\n                        background: url(https:\/\/static.africa-press.net\/burkina\/sites\/42\/2022\/05\/postMeadiaimg_10_2-6294fe48020b9-80x60.jpg) 0 0 no-repeat;\r\n                    }\r\n                    #td_uid_1_69ee87a1eaaf1  .td-doubleSlider-2 .td-item3 {\r\n                        background: url(https:\/\/static.africa-press.net\/burkina\/sites\/42\/2022\/05\/postMeadiaimg_10_3-6294fe50695cf-80x60.jpg) 0 0 no-repeat;\r\n                    }\r\n                    #td_uid_1_69ee87a1eaaf1  .td-doubleSlider-2 .td-item4 {\r\n                        background: url(https:\/\/static.africa-press.net\/burkina\/sites\/42\/2022\/05\/postMeadiaimg_10_4-6294fe5a50f19-80x60.jpg) 0 0 no-repeat;\r\n                    }\r\n                    #td_uid_1_69ee87a1eaaf1  .td-doubleSlider-2 .td-item5 {\r\n                        background: url(https:\/\/static.africa-press.net\/burkina\/sites\/42\/2022\/05\/postMeadiaimg_10_5-6294fe62dd19d-80x60.jpg) 0 0 no-repeat;\r\n                    }\r\n                    #td_uid_1_69ee87a1eaaf1  .td-doubleSlider-2 .td-item6 {\r\n                        background: url(https:\/\/static.africa-press.net\/burkina\/sites\/42\/2022\/05\/postMeadiaimg_10_6-6294fe6c97323-80x60.jpg) 0 0 no-repeat;\r\n                    }\r\n                <\/style>\r\n\r\n                <div id=\"td_uid_1_69ee87a1eaaf1\" class=\"td-gallery td-slide-on-2-columns\">\r\n                    <div class=\"post_td_gallery\">\r\n                        <div class=\"td-gallery-slide-top\">\r\n                           <div class=\"td-gallery-title\"><\/div>\r\n\r\n                            <div class=\"td-gallery-controls-wrapper\">\r\n                                <div class=\"td-gallery-slide-count\"><span class=\"td-gallery-slide-item-focus\">1<\/span> de 6<\/div>\r\n                                <div class=\"td-gallery-slide-prev-next-but\">\r\n                                    <i class = \"td-icon-left doubleSliderPrevButton\"><\/i>\r\n                                    <i class = \"td-icon-right doubleSliderNextButton\"><\/i>\r\n                                <\/div>\r\n                            <\/div>\r\n                        <\/div>\r\n\r\n                        <div class = \"td-doubleSlider-1 \">\r\n                            <div class = \"td-slider\">\r\n                                \r\n                    <div class = \"td-slide-item td-item1\">\r\n                        <figure class=\"td-slide-galery-figure td-slide-popup-gallery\">\r\n                            <a class=\"slide-gallery-image-link\" href=\"https:\/\/static.africa-press.net\/burkina\/sites\/42\/2022\/05\/postMeadiaimg_10_1-6294fe3e57c6e.jpg\" title=\"postMeadiaimg_10_1-6294fe3e57c6e\"  data-caption=\"\"  data-description=\"\">\r\n                                <img decoding=\"async\" src=\"https:\/\/static.africa-press.net\/burkina\/sites\/42\/2022\/05\/postMeadiaimg_10_1-6294fe3e57c6e.jpg\" srcset=\"https:\/\/static.africa-press.net\/burkina\/sites\/42\/2022\/05\/postMeadiaimg_10_1-6294fe3e57c6e.jpg 600w, https:\/\/static.africa-press.net\/burkina\/sites\/42\/2022\/05\/postMeadiaimg_10_1-6294fe3e57c6e-300x225.jpg 300w, https:\/\/static.africa-press.net\/burkina\/sites\/42\/2022\/05\/postMeadiaimg_10_1-6294fe3e57c6e-80x60.jpg 80w\" sizes=\"(max-width: 600px) 100vw, 600px\" alt=\"\">\r\n                            <\/a>\r\n                            \r\n                        <\/figure>\r\n                    <\/div>\r\n                    <div class = \"td-slide-item td-item2\">\r\n                        <figure class=\"td-slide-galery-figure td-slide-popup-gallery\">\r\n                            <a class=\"slide-gallery-image-link\" href=\"https:\/\/static.africa-press.net\/burkina\/sites\/42\/2022\/05\/postMeadiaimg_10_2-6294fe48020b9.jpg\" title=\"postMeadiaimg_10_2-6294fe48020b9\"  data-caption=\"\"  data-description=\"\">\r\n                                <img decoding=\"async\" src=\"https:\/\/static.africa-press.net\/burkina\/sites\/42\/2022\/05\/postMeadiaimg_10_2-6294fe48020b9.jpg\" srcset=\"https:\/\/static.africa-press.net\/burkina\/sites\/42\/2022\/05\/postMeadiaimg_10_2-6294fe48020b9.jpg 600w, https:\/\/static.africa-press.net\/burkina\/sites\/42\/2022\/05\/postMeadiaimg_10_2-6294fe48020b9-300x169.jpg 300w\" sizes=\"(max-width: 600px) 100vw, 600px\" alt=\"\">\r\n                            <\/a>\r\n                            \r\n                        <\/figure>\r\n                    <\/div>\r\n                    <div class = \"td-slide-item td-item3\">\r\n                        <figure class=\"td-slide-galery-figure td-slide-popup-gallery\">\r\n                            <a class=\"slide-gallery-image-link\" href=\"https:\/\/static.africa-press.net\/burkina\/sites\/42\/2022\/05\/postMeadiaimg_10_3-6294fe50695cf.jpg\" title=\"postMeadiaimg_10_3-6294fe50695cf\"  data-caption=\"\"  data-description=\"\">\r\n                                <img decoding=\"async\" src=\"https:\/\/static.africa-press.net\/burkina\/sites\/42\/2022\/05\/postMeadiaimg_10_3-6294fe50695cf.jpg\" srcset=\"https:\/\/static.africa-press.net\/burkina\/sites\/42\/2022\/05\/postMeadiaimg_10_3-6294fe50695cf.jpg 600w, https:\/\/static.africa-press.net\/burkina\/sites\/42\/2022\/05\/postMeadiaimg_10_3-6294fe50695cf-300x225.jpg 300w, https:\/\/static.africa-press.net\/burkina\/sites\/42\/2022\/05\/postMeadiaimg_10_3-6294fe50695cf-80x60.jpg 80w\" sizes=\"(max-width: 600px) 100vw, 600px\" alt=\"\">\r\n                            <\/a>\r\n                            \r\n                        <\/figure>\r\n                    <\/div>\r\n                    <div class = \"td-slide-item td-item4\">\r\n                        <figure class=\"td-slide-galery-figure td-slide-popup-gallery\">\r\n                            <a class=\"slide-gallery-image-link\" href=\"https:\/\/static.africa-press.net\/burkina\/sites\/42\/2022\/05\/postMeadiaimg_10_4-6294fe5a50f19.jpg\" title=\"postMeadiaimg_10_4-6294fe5a50f19\"  data-caption=\"\"  data-description=\"\">\r\n                                <img decoding=\"async\" src=\"https:\/\/static.africa-press.net\/burkina\/sites\/42\/2022\/05\/postMeadiaimg_10_4-6294fe5a50f19.jpg\" srcset=\"https:\/\/static.africa-press.net\/burkina\/sites\/42\/2022\/05\/postMeadiaimg_10_4-6294fe5a50f19.jpg 600w, https:\/\/static.africa-press.net\/burkina\/sites\/42\/2022\/05\/postMeadiaimg_10_4-6294fe5a50f19-300x169.jpg 300w\" sizes=\"(max-width: 600px) 100vw, 600px\" alt=\"\">\r\n                            <\/a>\r\n                            \r\n                        <\/figure>\r\n                    <\/div>\r\n                    <div class = \"td-slide-item td-item5\">\r\n                        <figure class=\"td-slide-galery-figure td-slide-popup-gallery\">\r\n                            <a class=\"slide-gallery-image-link\" href=\"https:\/\/static.africa-press.net\/burkina\/sites\/42\/2022\/05\/postMeadiaimg_10_5-6294fe62dd19d.jpg\" title=\"postMeadiaimg_10_5-6294fe62dd19d\"  data-caption=\"\"  data-description=\"\">\r\n                                <img decoding=\"async\" src=\"https:\/\/static.africa-press.net\/burkina\/sites\/42\/2022\/05\/postMeadiaimg_10_5-6294fe62dd19d.jpg\" srcset=\"https:\/\/static.africa-press.net\/burkina\/sites\/42\/2022\/05\/postMeadiaimg_10_5-6294fe62dd19d.jpg 600w, https:\/\/static.africa-press.net\/burkina\/sites\/42\/2022\/05\/postMeadiaimg_10_5-6294fe62dd19d-300x169.jpg 300w\" sizes=\"(max-width: 600px) 100vw, 600px\" alt=\"\">\r\n                            <\/a>\r\n                            \r\n                        <\/figure>\r\n                    <\/div>\r\n                    <div class = \"td-slide-item td-item6\">\r\n                        <figure class=\"td-slide-galery-figure td-slide-popup-gallery\">\r\n                            <a class=\"slide-gallery-image-link\" href=\"https:\/\/static.africa-press.net\/burkina\/sites\/42\/2022\/05\/postMeadiaimg_10_6-6294fe6c97323.jpg\" title=\"postMeadiaimg_10_6-6294fe6c97323\"  data-caption=\"\"  data-description=\"\">\r\n                                <img decoding=\"async\" src=\"https:\/\/static.africa-press.net\/burkina\/sites\/42\/2022\/05\/postMeadiaimg_10_6-6294fe6c97323.jpg\" srcset=\"https:\/\/static.africa-press.net\/burkina\/sites\/42\/2022\/05\/postMeadiaimg_10_6-6294fe6c97323.jpg 700w, https:\/\/static.africa-press.net\/burkina\/sites\/42\/2022\/05\/postMeadiaimg_10_6-6294fe6c97323-300x224.jpg 300w, https:\/\/static.africa-press.net\/burkina\/sites\/42\/2022\/05\/postMeadiaimg_10_6-6294fe6c97323-80x60.jpg 80w\" sizes=\"(max-width: 700px) 100vw, 700px\" alt=\"\">\r\n                            <\/a>\r\n                            \r\n                        <\/figure>\r\n                    <\/div>\r\n                            <\/div>\r\n                        <\/div>\r\n\r\n                        <div class = \"td-doubleSlider-2\">\r\n                            <div class = \"td-slider\">\r\n                                \r\n                    <div class = \"td-button td-item1\">\r\n                        <div class = \"td-border\"><\/div>\r\n                    <\/div>\r\n                    <div class = \"td-button td-item2\">\r\n                        <div class = \"td-border\"><\/div>\r\n                    <\/div>\r\n                    <div class = \"td-button td-item3\">\r\n                        <div class = \"td-border\"><\/div>\r\n                    <\/div>\r\n                    <div class = \"td-button td-item4\">\r\n                        <div class = \"td-border\"><\/div>\r\n                    <\/div>\r\n                    <div class = \"td-button td-item5\">\r\n                        <div class = \"td-border\"><\/div>\r\n                    <\/div>\r\n                    <div class = \"td-button td-item6\">\r\n                        <div class = \"td-border\"><\/div>\r\n                    <\/div>\r\n                            <\/div>\r\n                        <\/div>\r\n\r\n                    <\/div>\r\n\r\n                <\/div>\r\n                \n<p><strong>Pour plus d&rsquo;informations et d&rsquo;analyses sur la <a href=\"https:\/\/www.africa-press.net\/burkina-faso\">Burkina Faso<\/a>, suivez <a href=\"https:\/\/www.africa-press.net\/\">Africa-Press<\/a><\/strong><\/p>\n","protected":false},"excerpt":{"rendered":"<p>Africa-Press &#8211; Burkina Faso. La 49e promotion des \u00e9l\u00e8ves sous-officiers de la gendarmerie nationale a \u00e9t\u00e9 pr\u00e9sent\u00e9e, le vendredi 27 mai 2022, au drapeau. Au nombre de 1250, ces \u00e9l\u00e8ves sous-officiers ont, par la m\u00eame occasion, re\u00e7u leurs passants de premi\u00e8re ann\u00e9e. Cette c\u00e9r\u00e9monie marque ainsi la fin de leur formation militaire initiale. Apr\u00e8s plusieurs [&hellip;]<\/p>\n","protected":false},"author":82,"featured_media":41230,"comment_status":"open","ping_status":"closed","sticky":false,"template":"","format":"standard","meta":{"footnotes":""},"categories":[11,8,2,10],"tags":[111,725,29],"class_list":["post-41231","post","type-post","status-publish","format-standard","has-post-thumbnail","hentry","category-homepage-french","category-photo","category-politique","category-toutes-les-actualites","tag-africa-press","tag-africa-press-burkina-faso","tag-burkina-faso"],"yoast_head":"<!-- This site is optimized with the Yoast SEO Premium plugin v26.1 (Yoast SEO v27.0) - https:\/\/yoast.com\/product\/yoast-seo-premium-wordpress\/ -->\n<title>Gendarmerie nationale du Burkina : 1250 \u00e9l\u00e8ves sous-officiers pr\u00e9sent\u00e9s au drapeau - Burkina Faso<\/title>\n<meta name=\"description\" content=\"La 49e promotion des \u00e9l\u00e8ves sous-officiers de la gendarmerie nationale a \u00e9t\u00e9 pr\u00e9sent\u00e9e, le vendredi 27 mai 2022, au drap ...\" \/>\n<meta name=\"robots\" content=\"index, follow, max-snippet:-1, max-image-preview:large, max-video-preview:-1\" \/>\n<link rel=\"canonical\" href=\"https:\/\/www.africa-press.net\/burkina-faso\/politique\/gendarmerie-nationale-du-burkina-1250-eleves-sous-officiers-presentes-au-drapeau\" \/>\n<meta property=\"og:locale\" content=\"fr_FR\" \/>\n<meta property=\"og:type\" content=\"article\" \/>\n<meta property=\"og:title\" content=\"Gendarmerie nationale du Burkina : 1250 \u00e9l\u00e8ves sous-officiers pr\u00e9sent\u00e9s au drapeau\" \/>\n<meta property=\"og:description\" content=\"La 49e promotion des \u00e9l\u00e8ves sous-officiers de la gendarmerie nationale a \u00e9t\u00e9 pr\u00e9sent\u00e9e, le vendredi 27 mai 2022, au drap ...\" \/>\n<meta property=\"og:url\" content=\"https:\/\/www.africa-press.net\/burkina-faso\/politique\/gendarmerie-nationale-du-burkina-1250-eleves-sous-officiers-presentes-au-drapeau\" \/>\n<meta property=\"og:site_name\" content=\"Burkina Faso\" \/>\n<meta property=\"article:published_time\" content=\"2022-05-30T16:37:17+00:00\" \/>\n<meta property=\"article:modified_time\" content=\"2022-05-30T17:27:42+00:00\" \/>\n<meta property=\"og:image\" content=\"https:\/\/static.africa-press.net\/burkina\/sites\/42\/2022\/05\/postQueueImg_10-6294fe75b204a.jpg\" \/>\n\t<meta property=\"og:image:width\" content=\"720\" \/>\n\t<meta property=\"og:image:height\" content=\"537\" \/>\n\t<meta property=\"og:image:type\" content=\"image\/jpeg\" \/>\n<meta name=\"author\" content=\"cfeditorfr\" \/>\n<meta name=\"twitter:card\" content=\"summary_large_image\" \/>\n<meta name=\"twitter:label1\" content=\"\u00c9crit par\" \/>\n\t<meta name=\"twitter:data1\" content=\"cfeditorfr\" \/>\n\t<meta name=\"twitter:label2\" content=\"Dur\u00e9e de lecture estim\u00e9e\" \/>\n\t<meta name=\"twitter:data2\" content=\"6 minutes\" \/>\n<script type=\"application\/ld+json\" class=\"yoast-schema-graph\">{\"@context\":\"https:\/\/schema.org\",\"@graph\":[{\"@type\":\"Article\",\"@id\":\"https:\/\/www.africa-press.net\/burkina-faso\/politique\/gendarmerie-nationale-du-burkina-1250-eleves-sous-officiers-presentes-au-drapeau#article\",\"isPartOf\":{\"@id\":\"https:\/\/www.africa-press.net\/burkina-faso\/politique\/gendarmerie-nationale-du-burkina-1250-eleves-sous-officiers-presentes-au-drapeau\"},\"author\":{\"name\":\"cfeditorfr\",\"@id\":\"https:\/\/www.africa-press.net\/burkina-faso\/#\/schema\/person\/2b1cf3cd81a31e3cd26889ca66d677f1\"},\"headline\":\"Gendarmerie nationale du Burkina : 1250 \u00e9l\u00e8ves sous-officiers pr\u00e9sent\u00e9s au drapeau\",\"datePublished\":\"2022-05-30T16:37:17+00:00\",\"dateModified\":\"2022-05-30T17:27:42+00:00\",\"mainEntityOfPage\":{\"@id\":\"https:\/\/www.africa-press.net\/burkina-faso\/politique\/gendarmerie-nationale-du-burkina-1250-eleves-sous-officiers-presentes-au-drapeau\"},\"wordCount\":1218,\"commentCount\":0,\"image\":{\"@id\":\"https:\/\/www.africa-press.net\/burkina-faso\/politique\/gendarmerie-nationale-du-burkina-1250-eleves-sous-officiers-presentes-au-drapeau#primaryimage\"},\"thumbnailUrl\":\"https:\/\/static.africa-press.net\/burkina\/sites\/42\/2022\/05\/postQueueImg_10-6294fe75b204a.jpg\",\"keywords\":[\"Africa Press\",\"Africa Press-Burkina Faso\",\"Burkina Faso\"],\"articleSection\":[\"homepage-french\",\"Photo\",\"Politique\",\"Toutes les actualit\u00e9s\"],\"inLanguage\":\"fr-FR\",\"potentialAction\":[{\"@type\":\"CommentAction\",\"name\":\"Comment\",\"target\":[\"https:\/\/www.africa-press.net\/burkina-faso\/politique\/gendarmerie-nationale-du-burkina-1250-eleves-sous-officiers-presentes-au-drapeau#respond\"]}]},{\"@type\":\"WebPage\",\"@id\":\"https:\/\/www.africa-press.net\/burkina-faso\/politique\/gendarmerie-nationale-du-burkina-1250-eleves-sous-officiers-presentes-au-drapeau\",\"url\":\"https:\/\/www.africa-press.net\/burkina-faso\/politique\/gendarmerie-nationale-du-burkina-1250-eleves-sous-officiers-presentes-au-drapeau\",\"name\":\"Gendarmerie nationale du Burkina : 1250 \u00e9l\u00e8ves sous-officiers pr\u00e9sent\u00e9s au drapeau - Burkina Faso\",\"isPartOf\":{\"@id\":\"https:\/\/www.africa-press.net\/burkina-faso\/#website\"},\"primaryImageOfPage\":{\"@id\":\"https:\/\/www.africa-press.net\/burkina-faso\/politique\/gendarmerie-nationale-du-burkina-1250-eleves-sous-officiers-presentes-au-drapeau#primaryimage\"},\"image\":{\"@id\":\"https:\/\/www.africa-press.net\/burkina-faso\/politique\/gendarmerie-nationale-du-burkina-1250-eleves-sous-officiers-presentes-au-drapeau#primaryimage\"},\"thumbnailUrl\":\"https:\/\/static.africa-press.net\/burkina\/sites\/42\/2022\/05\/postQueueImg_10-6294fe75b204a.jpg\",\"datePublished\":\"2022-05-30T16:37:17+00:00\",\"dateModified\":\"2022-05-30T17:27:42+00:00\",\"author\":{\"@id\":\"https:\/\/www.africa-press.net\/burkina-faso\/#\/schema\/person\/2b1cf3cd81a31e3cd26889ca66d677f1\"},\"description\":\"La 49e promotion des \u00e9l\u00e8ves sous-officiers de la gendarmerie nationale a \u00e9t\u00e9 pr\u00e9sent\u00e9e, le vendredi 27 mai 2022, au drap ...\",\"breadcrumb\":{\"@id\":\"https:\/\/www.africa-press.net\/burkina-faso\/politique\/gendarmerie-nationale-du-burkina-1250-eleves-sous-officiers-presentes-au-drapeau#breadcrumb\"},\"inLanguage\":\"fr-FR\",\"potentialAction\":[{\"@type\":\"ReadAction\",\"target\":[\"https:\/\/www.africa-press.net\/burkina-faso\/politique\/gendarmerie-nationale-du-burkina-1250-eleves-sous-officiers-presentes-au-drapeau\"]}]},{\"@type\":\"ImageObject\",\"inLanguage\":\"fr-FR\",\"@id\":\"https:\/\/www.africa-press.net\/burkina-faso\/politique\/gendarmerie-nationale-du-burkina-1250-eleves-sous-officiers-presentes-au-drapeau#primaryimage\",\"url\":\"https:\/\/static.africa-press.net\/burkina\/sites\/42\/2022\/05\/postQueueImg_10-6294fe75b204a.jpg\",\"contentUrl\":\"https:\/\/static.africa-press.net\/burkina\/sites\/42\/2022\/05\/postQueueImg_10-6294fe75b204a.jpg\",\"width\":720,\"height\":537,\"caption\":\"Gendarmerie nationale du Burkina : 1250 \u00e9l\u00e8ves sous-officiers pr\u00e9sent\u00e9s au drapeau\"},{\"@type\":\"BreadcrumbList\",\"@id\":\"https:\/\/www.africa-press.net\/burkina-faso\/politique\/gendarmerie-nationale-du-burkina-1250-eleves-sous-officiers-presentes-au-drapeau#breadcrumb\",\"itemListElement\":[{\"@type\":\"ListItem\",\"position\":1,\"name\":\"Accueil\",\"item\":\"https:\/\/www.africa-press.net\/burkina-faso\/\"},{\"@type\":\"ListItem\",\"position\":2,\"name\":\"Gendarmerie nationale du Burkina : 1250 \u00e9l\u00e8ves sous-officiers pr\u00e9sent\u00e9s au drapeau\"}]},{\"@type\":\"WebSite\",\"@id\":\"https:\/\/www.africa-press.net\/burkina-faso\/#website\",\"url\":\"https:\/\/www.africa-press.net\/burkina-faso\/\",\"name\":\"Burkina Faso\",\"description\":\"Just another Africa News Agency Sites site\",\"potentialAction\":[{\"@type\":\"SearchAction\",\"target\":{\"@type\":\"EntryPoint\",\"urlTemplate\":\"https:\/\/www.africa-press.net\/burkina-faso\/?s={search_term_string}\"},\"query-input\":{\"@type\":\"PropertyValueSpecification\",\"valueRequired\":true,\"valueName\":\"search_term_string\"}}],\"inLanguage\":\"fr-FR\"},{\"@type\":\"Person\",\"@id\":\"https:\/\/www.africa-press.net\/burkina-faso\/#\/schema\/person\/2b1cf3cd81a31e3cd26889ca66d677f1\",\"name\":\"cfeditorfr\"}]}<\/script>\n<!-- \/ Yoast SEO Premium plugin. -->","yoast_head_json":{"title":"Gendarmerie nationale du Burkina : 1250 \u00e9l\u00e8ves sous-officiers pr\u00e9sent\u00e9s au drapeau - Burkina Faso","description":"La 49e promotion des \u00e9l\u00e8ves sous-officiers de la gendarmerie nationale a \u00e9t\u00e9 pr\u00e9sent\u00e9e, le vendredi 27 mai 2022, au drap ...","robots":{"index":"index","follow":"follow","max-snippet":"max-snippet:-1","max-image-preview":"max-image-preview:large","max-video-preview":"max-video-preview:-1"},"canonical":"https:\/\/www.africa-press.net\/burkina-faso\/politique\/gendarmerie-nationale-du-burkina-1250-eleves-sous-officiers-presentes-au-drapeau","og_locale":"fr_FR","og_type":"article","og_title":"Gendarmerie nationale du Burkina : 1250 \u00e9l\u00e8ves sous-officiers pr\u00e9sent\u00e9s au drapeau","og_description":"La 49e promotion des \u00e9l\u00e8ves sous-officiers de la gendarmerie nationale a \u00e9t\u00e9 pr\u00e9sent\u00e9e, le vendredi 27 mai 2022, au drap ...","og_url":"https:\/\/www.africa-press.net\/burkina-faso\/politique\/gendarmerie-nationale-du-burkina-1250-eleves-sous-officiers-presentes-au-drapeau","og_site_name":"Burkina Faso","article_published_time":"2022-05-30T16:37:17+00:00","article_modified_time":"2022-05-30T17:27:42+00:00","og_image":[{"width":720,"height":537,"url":"https:\/\/static.africa-press.net\/burkina\/sites\/42\/2022\/05\/postQueueImg_10-6294fe75b204a.jpg","type":"image\/jpeg"}],"author":"cfeditorfr","twitter_card":"summary_large_image","twitter_misc":{"\u00c9crit par":"cfeditorfr","Dur\u00e9e de lecture estim\u00e9e":"6 minutes"},"schema":{"@context":"https:\/\/schema.org","@graph":[{"@type":"Article","@id":"https:\/\/www.africa-press.net\/burkina-faso\/politique\/gendarmerie-nationale-du-burkina-1250-eleves-sous-officiers-presentes-au-drapeau#article","isPartOf":{"@id":"https:\/\/www.africa-press.net\/burkina-faso\/politique\/gendarmerie-nationale-du-burkina-1250-eleves-sous-officiers-presentes-au-drapeau"},"author":{"name":"cfeditorfr","@id":"https:\/\/www.africa-press.net\/burkina-faso\/#\/schema\/person\/2b1cf3cd81a31e3cd26889ca66d677f1"},"headline":"Gendarmerie nationale du Burkina : 1250 \u00e9l\u00e8ves sous-officiers pr\u00e9sent\u00e9s au drapeau","datePublished":"2022-05-30T16:37:17+00:00","dateModified":"2022-05-30T17:27:42+00:00","mainEntityOfPage":{"@id":"https:\/\/www.africa-press.net\/burkina-faso\/politique\/gendarmerie-nationale-du-burkina-1250-eleves-sous-officiers-presentes-au-drapeau"},"wordCount":1218,"commentCount":0,"image":{"@id":"https:\/\/www.africa-press.net\/burkina-faso\/politique\/gendarmerie-nationale-du-burkina-1250-eleves-sous-officiers-presentes-au-drapeau#primaryimage"},"thumbnailUrl":"https:\/\/static.africa-press.net\/burkina\/sites\/42\/2022\/05\/postQueueImg_10-6294fe75b204a.jpg","keywords":["Africa Press","Africa Press-Burkina Faso","Burkina Faso"],"articleSection":["homepage-french","Photo","Politique","Toutes les actualit\u00e9s"],"inLanguage":"fr-FR","potentialAction":[{"@type":"CommentAction","name":"Comment","target":["https:\/\/www.africa-press.net\/burkina-faso\/politique\/gendarmerie-nationale-du-burkina-1250-eleves-sous-officiers-presentes-au-drapeau#respond"]}]},{"@type":"WebPage","@id":"https:\/\/www.africa-press.net\/burkina-faso\/politique\/gendarmerie-nationale-du-burkina-1250-eleves-sous-officiers-presentes-au-drapeau","url":"https:\/\/www.africa-press.net\/burkina-faso\/politique\/gendarmerie-nationale-du-burkina-1250-eleves-sous-officiers-presentes-au-drapeau","name":"Gendarmerie nationale du Burkina : 1250 \u00e9l\u00e8ves sous-officiers pr\u00e9sent\u00e9s au drapeau - Burkina Faso","isPartOf":{"@id":"https:\/\/www.africa-press.net\/burkina-faso\/#website"},"primaryImageOfPage":{"@id":"https:\/\/www.africa-press.net\/burkina-faso\/politique\/gendarmerie-nationale-du-burkina-1250-eleves-sous-officiers-presentes-au-drapeau#primaryimage"},"image":{"@id":"https:\/\/www.africa-press.net\/burkina-faso\/politique\/gendarmerie-nationale-du-burkina-1250-eleves-sous-officiers-presentes-au-drapeau#primaryimage"},"thumbnailUrl":"https:\/\/static.africa-press.net\/burkina\/sites\/42\/2022\/05\/postQueueImg_10-6294fe75b204a.jpg","datePublished":"2022-05-30T16:37:17+00:00","dateModified":"2022-05-30T17:27:42+00:00","author":{"@id":"https:\/\/www.africa-press.net\/burkina-faso\/#\/schema\/person\/2b1cf3cd81a31e3cd26889ca66d677f1"},"description":"La 49e promotion des \u00e9l\u00e8ves sous-officiers de la gendarmerie nationale a \u00e9t\u00e9 pr\u00e9sent\u00e9e, le vendredi 27 mai 2022, au drap ...","breadcrumb":{"@id":"https:\/\/www.africa-press.net\/burkina-faso\/politique\/gendarmerie-nationale-du-burkina-1250-eleves-sous-officiers-presentes-au-drapeau#breadcrumb"},"inLanguage":"fr-FR","potentialAction":[{"@type":"ReadAction","target":["https:\/\/www.africa-press.net\/burkina-faso\/politique\/gendarmerie-nationale-du-burkina-1250-eleves-sous-officiers-presentes-au-drapeau"]}]},{"@type":"ImageObject","inLanguage":"fr-FR","@id":"https:\/\/www.africa-press.net\/burkina-faso\/politique\/gendarmerie-nationale-du-burkina-1250-eleves-sous-officiers-presentes-au-drapeau#primaryimage","url":"https:\/\/static.africa-press.net\/burkina\/sites\/42\/2022\/05\/postQueueImg_10-6294fe75b204a.jpg","contentUrl":"https:\/\/static.africa-press.net\/burkina\/sites\/42\/2022\/05\/postQueueImg_10-6294fe75b204a.jpg","width":720,"height":537,"caption":"Gendarmerie nationale du Burkina : 1250 \u00e9l\u00e8ves sous-officiers pr\u00e9sent\u00e9s au drapeau"},{"@type":"BreadcrumbList","@id":"https:\/\/www.africa-press.net\/burkina-faso\/politique\/gendarmerie-nationale-du-burkina-1250-eleves-sous-officiers-presentes-au-drapeau#breadcrumb","itemListElement":[{"@type":"ListItem","position":1,"name":"Accueil","item":"https:\/\/www.africa-press.net\/burkina-faso\/"},{"@type":"ListItem","position":2,"name":"Gendarmerie nationale du Burkina : 1250 \u00e9l\u00e8ves sous-officiers pr\u00e9sent\u00e9s au drapeau"}]},{"@type":"WebSite","@id":"https:\/\/www.africa-press.net\/burkina-faso\/#website","url":"https:\/\/www.africa-press.net\/burkina-faso\/","name":"Burkina Faso","description":"Just another Africa News Agency Sites site","potentialAction":[{"@type":"SearchAction","target":{"@type":"EntryPoint","urlTemplate":"https:\/\/www.africa-press.net\/burkina-faso\/?s={search_term_string}"},"query-input":{"@type":"PropertyValueSpecification","valueRequired":true,"valueName":"search_term_string"}}],"inLanguage":"fr-FR"},{"@type":"Person","@id":"https:\/\/www.africa-press.net\/burkina-faso\/#\/schema\/person\/2b1cf3cd81a31e3cd26889ca66d677f1","name":"cfeditorfr"}]}},"_links":{"self":[{"href":"https:\/\/www.africa-press.net\/burkina-faso\/wp-json\/wp\/v2\/posts\/41231","targetHints":{"allow":["GET"]}}],"collection":[{"href":"https:\/\/www.africa-press.net\/burkina-faso\/wp-json\/wp\/v2\/posts"}],"about":[{"href":"https:\/\/www.africa-press.net\/burkina-faso\/wp-json\/wp\/v2\/types\/post"}],"author":[{"embeddable":true,"href":"https:\/\/www.africa-press.net\/burkina-faso\/wp-json\/wp\/v2\/users\/82"}],"replies":[{"embeddable":true,"href":"https:\/\/www.africa-press.net\/burkina-faso\/wp-json\/wp\/v2\/comments?post=41231"}],"version-history":[{"count":0,"href":"https:\/\/www.africa-press.net\/burkina-faso\/wp-json\/wp\/v2\/posts\/41231\/revisions"}],"wp:featuredmedia":[{"embeddable":true,"href":"https:\/\/www.africa-press.net\/burkina-faso\/wp-json\/wp\/v2\/media\/41230"}],"wp:attachment":[{"href":"https:\/\/www.africa-press.net\/burkina-faso\/wp-json\/wp\/v2\/media?parent=41231"}],"wp:term":[{"taxonomy":"category","embeddable":true,"href":"https:\/\/www.africa-press.net\/burkina-faso\/wp-json\/wp\/v2\/categories?post=41231"},{"taxonomy":"post_tag","embeddable":true,"href":"https:\/\/www.africa-press.net\/burkina-faso\/wp-json\/wp\/v2\/tags?post=41231"}],"curies":[{"name":"wp","href":"https:\/\/api.w.org\/{rel}","templated":true}]}}