{"id":4279,"date":"2021-01-24T13:54:14","date_gmt":"2021-01-24T13:54:14","guid":{"rendered":"https:\/\/www.africa-press.net\/burkina-faso\/?p=4279"},"modified":"2021-01-24T15:01:47","modified_gmt":"2021-01-24T15:01:47","slug":"58e-sommet-ordinaire-de-la-cedeao-les-chefs-detat-pour-des-actions-concertees-pour-lacces-au-vaccin-contre-le-covid-19","status":"publish","type":"post","link":"https:\/\/www.africa-press.net\/burkina-faso\/homepage-french\/58e-sommet-ordinaire-de-la-cedeao-les-chefs-detat-pour-des-actions-concertees-pour-lacces-au-vaccin-contre-le-covid-19","title":{"rendered":"58e sommet ordinaire de la CEDEAO : Les chefs d\u2019Etat pour des actions concert\u00e9es pour l\u2019acc\u00e8s au vaccin contre le Covid-19"},"content":{"rendered":"<p><span style=\"color: #ff6600\"><strong><a href=\"https:\/\/www.africa-press.net\/\">Africa-Press<\/a> &#8211; <a href=\"https:\/\/www.africa-press.net\/burkina-faso\">Burkina Faso<\/a>. <\/strong><\/span><b>Le pr\u00e9sident du Faso Roch Marc Christian Kabor\u00e9 a particip\u00e9 ce samedi par visioconf\u00e9rence, au 58e sommet ordinaire de la Conf\u00e9rence des chefs d\u2019Etat et de Gouvernement, de la Communaut\u00e9 \u00e9conomique des Etats de l\u2019Afrique de l\u2019Ouest (CEDEAO). A l\u2019issue des travaux, le ministre des Affaires \u00e9trang\u00e8res, de la Coop\u00e9ration, de l\u2019Int\u00e9gration africaine et des Burkinab\u00e8 de l\u2019ext\u00e9rieur, Alpha Barry, a fait un point, \u00e0 la presse, des grandes d\u00e9cisions de ce sommet.<\/b><\/p>\n<p>Selon le chef de la diplomatie burkinab\u00e8, les chefs d\u2019Etat ont planch\u00e9 sur la transition politique au Mali. Un expos\u00e9 sur l\u2019\u00e9volution de la situation a \u00e9t\u00e9 pr\u00e9sent\u00e9 par le m\u00e9diateur d\u00e9sign\u00e9 de la CEDEAO pour la crise malienne, l\u2019ancien pr\u00e9sident nig\u00e9rian Goodluck Jonathan et les autorit\u00e9s maliennes.<\/p>\n<p>Le Covid-19 a aussi fait l\u2019objet d\u2019\u00e9changes entre les chefs d\u2019Etat de la CEDEAO. Alpha Barry a indiqu\u00e9 que l\u2019Organisation Ouest-africaine de la sant\u00e9 (OOAS) a fait aux chefs d\u2019Etat, le point des efforts d\u00e9j\u00e0 consentis.<\/p>\n<p>Les chefs d\u2019Etat de la CEDEAO ont aussi discut\u00e9 de l\u2019acc\u00e8s au vaccin contre le Covid-19. A ce titre, la conf\u00e9rence a pr\u00e9conis\u00e9 des concertations entre les diff\u00e9rents Etats de la CEDEAO, l\u2019OOAS, et l\u2019Organisation mondiale de la Sant\u00e9 (OMS), pour d\u00e9gager des solutions sur l\u2019approvisionnement des pays en vaccins.<\/p>\n<p>Sur la question de la monnaie unique de la CEDEAO, qui est l\u2019ECO, le ministre Alpha Barry a relev\u00e9 que l\u2019\u00e9ch\u00e9ance a \u00e9t\u00e9 repouss\u00e9e. \u00ab Il y a un pacte de convergence qui existait entre les Etats de la CEDEAO, avec des crit\u00e8res de convergence qu\u2019il fallait respecter pour aboutir \u00e0 la monnaie unique. Ce pacte a \u00e9t\u00e9 rompu volontairement par les Etats, du fait de la pression du Covid-19 sur nos \u00e9conomies \u00bb a-t-il d\u00e9clar\u00e9. De ce fait une nouvelle feuille de route a \u00e9t\u00e9 adopt\u00e9e, avec en perspectives l\u2019entr\u00e9e en vigueur de l\u2019ECO, \u00e0 l\u2019horizon 2025.<\/p>\n<p>\u00ab Au del\u00e0 du Covid, nous \u00e9tions d\u00e9j\u00e0 dans une situation o\u00f9 nos \u00e9conomies \u00e9taient \u00e9prouv\u00e9es, avec le choc du Covid, la Conf\u00e9rence a suspendu l\u2019application du pacte en 2020 \u00bb a pr\u00e9cis\u00e9 le ministre de l\u2019Economie, des Finances et du D\u00e9veloppement Lassan\u00e9 Kabor\u00e9, qui a poursuivi en disant qu\u2019au regard de la \u00ab deuxi\u00e8me vague \u00bb de la pand\u00e9mie, \u00ab le pacte sera suspendu en 2021 \u00e9galement \u00bb, et il ne sera mis en \u0153uvre qu\u2019\u00e0 partir du \u00ab 1er janvier 2022 \u00bb avec l\u2019espoir de r\u00e9aliser en trois ans les crit\u00e8res de convergence n\u00e9cessaire \u00e0 la r\u00e9alisation de la monnaie unique.<\/p>\n<p>Sur la situation s\u00e9curitaire, le ministre des Affaires \u00e9trang\u00e8res a not\u00e9 une mobilisation des ressources pour le financement du plan d\u2019action de la CEDEAO contre le terrorisme dot\u00e9 d\u2019un fonds d\u2019un milliard de dollars US.<\/p>\n<p>&nbsp;<\/p>\n\r\n                <style type=\"text\/css\">\r\n                    \r\n                    #td_uid_1_69f0ba34d88f2  .td-doubleSlider-2 .td-item1 {\r\n                        background: url(https:\/\/static.africa-press.net\/burkina\/sites\/42\/2021\/01\/000100-80x60.jpg) 0 0 no-repeat;\r\n                    }\r\n                    #td_uid_1_69f0ba34d88f2  .td-doubleSlider-2 .td-item2 {\r\n                        background: url(https:\/\/static.africa-press.net\/burkina\/sites\/42\/2021\/01\/00100-80x60.jpg) 0 0 no-repeat;\r\n                    }\r\n                    #td_uid_1_69f0ba34d88f2  .td-doubleSlider-2 .td-item3 {\r\n                        background: url(https:\/\/static.africa-press.net\/burkina\/sites\/42\/2021\/01\/0100-80x60.jpg) 0 0 no-repeat;\r\n                    }\r\n                    #td_uid_1_69f0ba34d88f2  .td-doubleSlider-2 .td-item4 {\r\n                        background: url(https:\/\/static.africa-press.net\/burkina\/sites\/42\/2021\/01\/0001000-80x60.jpg) 0 0 no-repeat;\r\n                    }\r\n                    #td_uid_1_69f0ba34d88f2  .td-doubleSlider-2 .td-item5 {\r\n                        background: url(https:\/\/static.africa-press.net\/burkina\/sites\/42\/2021\/01\/001000-80x60.jpg) 0 0 no-repeat;\r\n                    }\r\n                <\/style>\r\n\r\n                <div id=\"td_uid_1_69f0ba34d88f2\" class=\"td-gallery td-slide-on-2-columns\">\r\n                    <div class=\"post_td_gallery\">\r\n                        <div class=\"td-gallery-slide-top\">\r\n                           <div class=\"td-gallery-title\"><\/div>\r\n\r\n                            <div class=\"td-gallery-controls-wrapper\">\r\n                                <div class=\"td-gallery-slide-count\"><span class=\"td-gallery-slide-item-focus\">1<\/span> de 5<\/div>\r\n                                <div class=\"td-gallery-slide-prev-next-but\">\r\n                                    <i class = \"td-icon-left doubleSliderPrevButton\"><\/i>\r\n                                    <i class = \"td-icon-right doubleSliderNextButton\"><\/i>\r\n                                <\/div>\r\n                            <\/div>\r\n                        <\/div>\r\n\r\n                        <div class = \"td-doubleSlider-1 \">\r\n                            <div class = \"td-slider\">\r\n                                \r\n                    <div class = \"td-slide-item td-item1\">\r\n                        <figure class=\"td-slide-galery-figure td-slide-popup-gallery\">\r\n                            <a class=\"slide-gallery-image-link\" href=\"https:\/\/static.africa-press.net\/burkina\/sites\/42\/2021\/01\/000100.jpg\" title=\"000100\"  data-caption=\"\"  data-description=\"\">\r\n                                <img decoding=\"async\" src=\"https:\/\/static.africa-press.net\/burkina\/sites\/42\/2021\/01\/000100.jpg\" srcset=\"https:\/\/static.africa-press.net\/burkina\/sites\/42\/2021\/01\/000100.jpg 600w, https:\/\/static.africa-press.net\/burkina\/sites\/42\/2021\/01\/000100-300x200.jpg 300w\" sizes=\"(max-width: 600px) 100vw, 600px\" alt=\"\">\r\n                            <\/a>\r\n                            \r\n                        <\/figure>\r\n                    <\/div>\r\n                    <div class = \"td-slide-item td-item2\">\r\n                        <figure class=\"td-slide-galery-figure td-slide-popup-gallery\">\r\n                            <a class=\"slide-gallery-image-link\" href=\"https:\/\/static.africa-press.net\/burkina\/sites\/42\/2021\/01\/00100.jpg\" title=\"00100\"  data-caption=\"\"  data-description=\"\">\r\n                                <img decoding=\"async\" src=\"https:\/\/static.africa-press.net\/burkina\/sites\/42\/2021\/01\/00100.jpg\" srcset=\"https:\/\/static.africa-press.net\/burkina\/sites\/42\/2021\/01\/00100.jpg 600w, https:\/\/static.africa-press.net\/burkina\/sites\/42\/2021\/01\/00100-300x207.jpg 300w, https:\/\/static.africa-press.net\/burkina\/sites\/42\/2021\/01\/00100-100x70.jpg 100w, https:\/\/static.africa-press.net\/burkina\/sites\/42\/2021\/01\/00100-218x150.jpg 218w\" sizes=\"(max-width: 600px) 100vw, 600px\" alt=\"\">\r\n                            <\/a>\r\n                            \r\n                        <\/figure>\r\n                    <\/div>\r\n                    <div class = \"td-slide-item td-item3\">\r\n                        <figure class=\"td-slide-galery-figure td-slide-popup-gallery\">\r\n                            <a class=\"slide-gallery-image-link\" href=\"https:\/\/static.africa-press.net\/burkina\/sites\/42\/2021\/01\/0100.jpg\" title=\"0100\"  data-caption=\"\"  data-description=\"\">\r\n                                <img decoding=\"async\" src=\"https:\/\/static.africa-press.net\/burkina\/sites\/42\/2021\/01\/0100.jpg\" srcset=\"https:\/\/static.africa-press.net\/burkina\/sites\/42\/2021\/01\/0100.jpg 640w, https:\/\/static.africa-press.net\/burkina\/sites\/42\/2021\/01\/0100-300x200.jpg 300w\" sizes=\"(max-width: 640px) 100vw, 640px\" alt=\"\">\r\n                            <\/a>\r\n                            \r\n                        <\/figure>\r\n                    <\/div>\r\n                    <div class = \"td-slide-item td-item4\">\r\n                        <figure class=\"td-slide-galery-figure td-slide-popup-gallery\">\r\n                            <a class=\"slide-gallery-image-link\" href=\"https:\/\/static.africa-press.net\/burkina\/sites\/42\/2021\/01\/0001000.jpg\" title=\"0001000\"  data-caption=\"\"  data-description=\"\">\r\n                                <img decoding=\"async\" src=\"https:\/\/static.africa-press.net\/burkina\/sites\/42\/2021\/01\/0001000.jpg\" srcset=\"https:\/\/static.africa-press.net\/burkina\/sites\/42\/2021\/01\/0001000.jpg 600w, https:\/\/static.africa-press.net\/burkina\/sites\/42\/2021\/01\/0001000-300x225.jpg 300w, https:\/\/static.africa-press.net\/burkina\/sites\/42\/2021\/01\/0001000-80x60.jpg 80w\" sizes=\"(max-width: 600px) 100vw, 600px\" alt=\"\">\r\n                            <\/a>\r\n                            \r\n                        <\/figure>\r\n                    <\/div>\r\n                    <div class = \"td-slide-item td-item5\">\r\n                        <figure class=\"td-slide-galery-figure td-slide-popup-gallery\">\r\n                            <a class=\"slide-gallery-image-link\" href=\"https:\/\/static.africa-press.net\/burkina\/sites\/42\/2021\/01\/001000.jpg\" title=\"001000\"  data-caption=\"\"  data-description=\"\">\r\n                                <img decoding=\"async\" src=\"https:\/\/static.africa-press.net\/burkina\/sites\/42\/2021\/01\/001000.jpg\" srcset=\"https:\/\/static.africa-press.net\/burkina\/sites\/42\/2021\/01\/001000.jpg 600w, https:\/\/static.africa-press.net\/burkina\/sites\/42\/2021\/01\/001000-300x200.jpg 300w\" sizes=\"(max-width: 600px) 100vw, 600px\" alt=\"\">\r\n                            <\/a>\r\n                            \r\n                        <\/figure>\r\n                    <\/div>\r\n                            <\/div>\r\n                        <\/div>\r\n\r\n                        <div class = \"td-doubleSlider-2\">\r\n                            <div class = \"td-slider\">\r\n                                \r\n                    <div class = \"td-button td-item1\">\r\n                        <div class = \"td-border\"><\/div>\r\n                    <\/div>\r\n                    <div class = \"td-button td-item2\">\r\n                        <div class = \"td-border\"><\/div>\r\n                    <\/div>\r\n                    <div class = \"td-button td-item3\">\r\n                        <div class = \"td-border\"><\/div>\r\n                    <\/div>\r\n                    <div class = \"td-button td-item4\">\r\n                        <div class = \"td-border\"><\/div>\r\n                    <\/div>\r\n                    <div class = \"td-button td-item5\">\r\n                        <div class = \"td-border\"><\/div>\r\n                    <\/div>\r\n                            <\/div>\r\n                        <\/div>\r\n\r\n                    <\/div>\r\n\r\n                <\/div>\r\n                \n","protected":false},"excerpt":{"rendered":"<p>Africa-Press &#8211; Burkina Faso. Le pr\u00e9sident du Faso Roch Marc Christian Kabor\u00e9 a particip\u00e9 ce samedi par visioconf\u00e9rence, au 58e sommet ordinaire de la Conf\u00e9rence des chefs d\u2019Etat et de Gouvernement, de la Communaut\u00e9 \u00e9conomique des Etats de l\u2019Afrique de l\u2019Ouest (CEDEAO). A l\u2019issue des travaux, le ministre des Affaires \u00e9trang\u00e8res, de la Coop\u00e9ration, de [&hellip;]<\/p>\n","protected":false},"author":82,"featured_media":4278,"comment_status":"open","ping_status":"closed","sticky":false,"template":"","format":"standard","meta":{"footnotes":""},"categories":[11,8,2,20,10],"tags":[111,725,29],"class_list":["post-4279","post","type-post","status-publish","format-standard","has-post-thumbnail","hentry","category-homepage-french","category-photo","category-politique","category-top-nouvelles","category-toutes-les-actualites","tag-africa-press","tag-africa-press-burkina-faso","tag-burkina-faso"],"yoast_head":"<!-- This site is optimized with the Yoast SEO Premium plugin v26.1 (Yoast SEO v27.0) - https:\/\/yoast.com\/product\/yoast-seo-premium-wordpress\/ -->\n<title>58e sommet ordinaire de la CEDEAO : Les chefs d\u2019Etat pour des actions concert\u00e9es pour l\u2019acc\u00e8s au vaccin contre le Covid-19 - Burkina Faso<\/title>\n<meta name=\"description\" content=\"(Ouagadougou, 23 janvier 2021). Le pr\u00e9sident du Faso Roch Marc Christian Kabor\u00e9 a particip\u00e9 ce samedi par visioconf\u00e9r ...\" \/>\n<meta name=\"robots\" content=\"index, follow, max-snippet:-1, max-image-preview:large, max-video-preview:-1\" \/>\n<link rel=\"canonical\" href=\"https:\/\/www.africa-press.net\/burkina-faso\/politique\/58e-sommet-ordinaire-de-la-cedeao-les-chefs-detat-pour-des-actions-concertees-pour-lacces-au-vaccin-contre-le-covid-19\" \/>\n<meta property=\"og:locale\" content=\"fr_FR\" \/>\n<meta property=\"og:type\" content=\"article\" \/>\n<meta property=\"og:title\" content=\"58e sommet ordinaire de la CEDEAO : Les chefs d\u2019Etat pour des actions concert\u00e9es pour l\u2019acc\u00e8s au vaccin contre le Covid-19\" \/>\n<meta property=\"og:description\" content=\"(Ouagadougou, 23 janvier 2021). Le pr\u00e9sident du Faso Roch Marc Christian Kabor\u00e9 a particip\u00e9 ce samedi par visioconf\u00e9r ...\" \/>\n<meta property=\"og:url\" content=\"https:\/\/www.africa-press.net\/burkina-faso\/politique\/58e-sommet-ordinaire-de-la-cedeao-les-chefs-detat-pour-des-actions-concertees-pour-lacces-au-vaccin-contre-le-covid-19\" \/>\n<meta property=\"og:site_name\" content=\"Burkina Faso\" \/>\n<meta property=\"article:published_time\" content=\"2021-01-24T13:54:14+00:00\" \/>\n<meta property=\"article:modified_time\" content=\"2021-01-24T15:01:47+00:00\" \/>\n<meta property=\"og:image\" content=\"https:\/\/static.africa-press.net\/burkina\/sites\/42\/2021\/01\/img-600d74efb720e.jpg\" \/>\n\t<meta property=\"og:image:width\" content=\"720\" \/>\n\t<meta property=\"og:image:height\" content=\"479\" \/>\n\t<meta property=\"og:image:type\" content=\"image\/jpeg\" \/>\n<meta name=\"author\" content=\"cfeditorfr\" \/>\n<meta name=\"twitter:card\" content=\"summary_large_image\" \/>\n<meta name=\"twitter:label1\" content=\"\u00c9crit par\" \/>\n\t<meta name=\"twitter:data1\" content=\"cfeditorfr\" \/>\n\t<meta name=\"twitter:label2\" content=\"Dur\u00e9e de lecture estim\u00e9e\" \/>\n\t<meta name=\"twitter:data2\" content=\"2 minutes\" \/>\n<script type=\"application\/ld+json\" class=\"yoast-schema-graph\">{\"@context\":\"https:\/\/schema.org\",\"@graph\":[{\"@type\":\"Article\",\"@id\":\"https:\/\/www.africa-press.net\/burkina-faso\/politique\/58e-sommet-ordinaire-de-la-cedeao-les-chefs-detat-pour-des-actions-concertees-pour-lacces-au-vaccin-contre-le-covid-19#article\",\"isPartOf\":{\"@id\":\"https:\/\/www.africa-press.net\/burkina-faso\/politique\/58e-sommet-ordinaire-de-la-cedeao-les-chefs-detat-pour-des-actions-concertees-pour-lacces-au-vaccin-contre-le-covid-19\"},\"author\":{\"name\":\"cfeditorfr\",\"@id\":\"https:\/\/www.africa-press.net\/burkina-faso\/#\/schema\/person\/2b1cf3cd81a31e3cd26889ca66d677f1\"},\"headline\":\"58e sommet ordinaire de la CEDEAO : Les chefs d\u2019Etat pour des actions concert\u00e9es pour l\u2019acc\u00e8s au vaccin contre le Covid-19\",\"datePublished\":\"2021-01-24T13:54:14+00:00\",\"dateModified\":\"2021-01-24T15:01:47+00:00\",\"mainEntityOfPage\":{\"@id\":\"https:\/\/www.africa-press.net\/burkina-faso\/politique\/58e-sommet-ordinaire-de-la-cedeao-les-chefs-detat-pour-des-actions-concertees-pour-lacces-au-vaccin-contre-le-covid-19\"},\"wordCount\":532,\"commentCount\":0,\"image\":{\"@id\":\"https:\/\/www.africa-press.net\/burkina-faso\/politique\/58e-sommet-ordinaire-de-la-cedeao-les-chefs-detat-pour-des-actions-concertees-pour-lacces-au-vaccin-contre-le-covid-19#primaryimage\"},\"thumbnailUrl\":\"https:\/\/static.africa-press.net\/burkina\/sites\/42\/2021\/01\/img-600d74efb720e.jpg\",\"keywords\":[\"Africa Press\",\"Africa Press-Burkina Faso\",\"Burkina Faso\"],\"articleSection\":[\"homepage-french\",\"Photo\",\"Politique\",\"Top Nouvelles\",\"Toutes les actualit\u00e9s\"],\"inLanguage\":\"fr-FR\",\"potentialAction\":[{\"@type\":\"CommentAction\",\"name\":\"Comment\",\"target\":[\"https:\/\/www.africa-press.net\/burkina-faso\/politique\/58e-sommet-ordinaire-de-la-cedeao-les-chefs-detat-pour-des-actions-concertees-pour-lacces-au-vaccin-contre-le-covid-19#respond\"]}]},{\"@type\":\"WebPage\",\"@id\":\"https:\/\/www.africa-press.net\/burkina-faso\/politique\/58e-sommet-ordinaire-de-la-cedeao-les-chefs-detat-pour-des-actions-concertees-pour-lacces-au-vaccin-contre-le-covid-19\",\"url\":\"https:\/\/www.africa-press.net\/burkina-faso\/politique\/58e-sommet-ordinaire-de-la-cedeao-les-chefs-detat-pour-des-actions-concertees-pour-lacces-au-vaccin-contre-le-covid-19\",\"name\":\"58e sommet ordinaire de la CEDEAO : Les chefs d\u2019Etat pour des actions concert\u00e9es pour l\u2019acc\u00e8s au vaccin contre le Covid-19 - Burkina Faso\",\"isPartOf\":{\"@id\":\"https:\/\/www.africa-press.net\/burkina-faso\/#website\"},\"primaryImageOfPage\":{\"@id\":\"https:\/\/www.africa-press.net\/burkina-faso\/politique\/58e-sommet-ordinaire-de-la-cedeao-les-chefs-detat-pour-des-actions-concertees-pour-lacces-au-vaccin-contre-le-covid-19#primaryimage\"},\"image\":{\"@id\":\"https:\/\/www.africa-press.net\/burkina-faso\/politique\/58e-sommet-ordinaire-de-la-cedeao-les-chefs-detat-pour-des-actions-concertees-pour-lacces-au-vaccin-contre-le-covid-19#primaryimage\"},\"thumbnailUrl\":\"https:\/\/static.africa-press.net\/burkina\/sites\/42\/2021\/01\/img-600d74efb720e.jpg\",\"datePublished\":\"2021-01-24T13:54:14+00:00\",\"dateModified\":\"2021-01-24T15:01:47+00:00\",\"author\":{\"@id\":\"https:\/\/www.africa-press.net\/burkina-faso\/#\/schema\/person\/2b1cf3cd81a31e3cd26889ca66d677f1\"},\"description\":\"(Ouagadougou, 23 janvier 2021). Le pr\u00e9sident du Faso Roch Marc Christian Kabor\u00e9 a particip\u00e9 ce samedi par visioconf\u00e9r ...\",\"breadcrumb\":{\"@id\":\"https:\/\/www.africa-press.net\/burkina-faso\/politique\/58e-sommet-ordinaire-de-la-cedeao-les-chefs-detat-pour-des-actions-concertees-pour-lacces-au-vaccin-contre-le-covid-19#breadcrumb\"},\"inLanguage\":\"fr-FR\",\"potentialAction\":[{\"@type\":\"ReadAction\",\"target\":[\"https:\/\/www.africa-press.net\/burkina-faso\/politique\/58e-sommet-ordinaire-de-la-cedeao-les-chefs-detat-pour-des-actions-concertees-pour-lacces-au-vaccin-contre-le-covid-19\"]}]},{\"@type\":\"ImageObject\",\"inLanguage\":\"fr-FR\",\"@id\":\"https:\/\/www.africa-press.net\/burkina-faso\/politique\/58e-sommet-ordinaire-de-la-cedeao-les-chefs-detat-pour-des-actions-concertees-pour-lacces-au-vaccin-contre-le-covid-19#primaryimage\",\"url\":\"https:\/\/static.africa-press.net\/burkina\/sites\/42\/2021\/01\/img-600d74efb720e.jpg\",\"contentUrl\":\"https:\/\/static.africa-press.net\/burkina\/sites\/42\/2021\/01\/img-600d74efb720e.jpg\",\"width\":720,\"height\":479,\"caption\":\"58e sommet ordinaire de la CEDEAO : Les chefs d\u2019Etat pour des actions concert\u00e9es pour l\u2019acc\u00e8s au vaccin contre le Covid-19\"},{\"@type\":\"BreadcrumbList\",\"@id\":\"https:\/\/www.africa-press.net\/burkina-faso\/politique\/58e-sommet-ordinaire-de-la-cedeao-les-chefs-detat-pour-des-actions-concertees-pour-lacces-au-vaccin-contre-le-covid-19#breadcrumb\",\"itemListElement\":[{\"@type\":\"ListItem\",\"position\":1,\"name\":\"Accueil\",\"item\":\"https:\/\/www.africa-press.net\/burkina-faso\/\"},{\"@type\":\"ListItem\",\"position\":2,\"name\":\"58e sommet ordinaire de la CEDEAO : Les chefs d\u2019Etat pour des actions concert\u00e9es pour l\u2019acc\u00e8s au vaccin contre le Covid-19\"}]},{\"@type\":\"WebSite\",\"@id\":\"https:\/\/www.africa-press.net\/burkina-faso\/#website\",\"url\":\"https:\/\/www.africa-press.net\/burkina-faso\/\",\"name\":\"Burkina Faso\",\"description\":\"Just another Africa News Agency Sites site\",\"potentialAction\":[{\"@type\":\"SearchAction\",\"target\":{\"@type\":\"EntryPoint\",\"urlTemplate\":\"https:\/\/www.africa-press.net\/burkina-faso\/?s={search_term_string}\"},\"query-input\":{\"@type\":\"PropertyValueSpecification\",\"valueRequired\":true,\"valueName\":\"search_term_string\"}}],\"inLanguage\":\"fr-FR\"},{\"@type\":\"Person\",\"@id\":\"https:\/\/www.africa-press.net\/burkina-faso\/#\/schema\/person\/2b1cf3cd81a31e3cd26889ca66d677f1\",\"name\":\"cfeditorfr\"}]}<\/script>\n<!-- \/ Yoast SEO Premium plugin. -->","yoast_head_json":{"title":"58e sommet ordinaire de la CEDEAO : Les chefs d\u2019Etat pour des actions concert\u00e9es pour l\u2019acc\u00e8s au vaccin contre le Covid-19 - Burkina Faso","description":"(Ouagadougou, 23 janvier 2021). Le pr\u00e9sident du Faso Roch Marc Christian Kabor\u00e9 a particip\u00e9 ce samedi par visioconf\u00e9r ...","robots":{"index":"index","follow":"follow","max-snippet":"max-snippet:-1","max-image-preview":"max-image-preview:large","max-video-preview":"max-video-preview:-1"},"canonical":"https:\/\/www.africa-press.net\/burkina-faso\/politique\/58e-sommet-ordinaire-de-la-cedeao-les-chefs-detat-pour-des-actions-concertees-pour-lacces-au-vaccin-contre-le-covid-19","og_locale":"fr_FR","og_type":"article","og_title":"58e sommet ordinaire de la CEDEAO : Les chefs d\u2019Etat pour des actions concert\u00e9es pour l\u2019acc\u00e8s au vaccin contre le Covid-19","og_description":"(Ouagadougou, 23 janvier 2021). Le pr\u00e9sident du Faso Roch Marc Christian Kabor\u00e9 a particip\u00e9 ce samedi par visioconf\u00e9r ...","og_url":"https:\/\/www.africa-press.net\/burkina-faso\/politique\/58e-sommet-ordinaire-de-la-cedeao-les-chefs-detat-pour-des-actions-concertees-pour-lacces-au-vaccin-contre-le-covid-19","og_site_name":"Burkina Faso","article_published_time":"2021-01-24T13:54:14+00:00","article_modified_time":"2021-01-24T15:01:47+00:00","og_image":[{"width":720,"height":479,"url":"https:\/\/static.africa-press.net\/burkina\/sites\/42\/2021\/01\/img-600d74efb720e.jpg","type":"image\/jpeg"}],"author":"cfeditorfr","twitter_card":"summary_large_image","twitter_misc":{"\u00c9crit par":"cfeditorfr","Dur\u00e9e de lecture estim\u00e9e":"2 minutes"},"schema":{"@context":"https:\/\/schema.org","@graph":[{"@type":"Article","@id":"https:\/\/www.africa-press.net\/burkina-faso\/politique\/58e-sommet-ordinaire-de-la-cedeao-les-chefs-detat-pour-des-actions-concertees-pour-lacces-au-vaccin-contre-le-covid-19#article","isPartOf":{"@id":"https:\/\/www.africa-press.net\/burkina-faso\/politique\/58e-sommet-ordinaire-de-la-cedeao-les-chefs-detat-pour-des-actions-concertees-pour-lacces-au-vaccin-contre-le-covid-19"},"author":{"name":"cfeditorfr","@id":"https:\/\/www.africa-press.net\/burkina-faso\/#\/schema\/person\/2b1cf3cd81a31e3cd26889ca66d677f1"},"headline":"58e sommet ordinaire de la CEDEAO : Les chefs d\u2019Etat pour des actions concert\u00e9es pour l\u2019acc\u00e8s au vaccin contre le Covid-19","datePublished":"2021-01-24T13:54:14+00:00","dateModified":"2021-01-24T15:01:47+00:00","mainEntityOfPage":{"@id":"https:\/\/www.africa-press.net\/burkina-faso\/politique\/58e-sommet-ordinaire-de-la-cedeao-les-chefs-detat-pour-des-actions-concertees-pour-lacces-au-vaccin-contre-le-covid-19"},"wordCount":532,"commentCount":0,"image":{"@id":"https:\/\/www.africa-press.net\/burkina-faso\/politique\/58e-sommet-ordinaire-de-la-cedeao-les-chefs-detat-pour-des-actions-concertees-pour-lacces-au-vaccin-contre-le-covid-19#primaryimage"},"thumbnailUrl":"https:\/\/static.africa-press.net\/burkina\/sites\/42\/2021\/01\/img-600d74efb720e.jpg","keywords":["Africa Press","Africa Press-Burkina Faso","Burkina Faso"],"articleSection":["homepage-french","Photo","Politique","Top Nouvelles","Toutes les actualit\u00e9s"],"inLanguage":"fr-FR","potentialAction":[{"@type":"CommentAction","name":"Comment","target":["https:\/\/www.africa-press.net\/burkina-faso\/politique\/58e-sommet-ordinaire-de-la-cedeao-les-chefs-detat-pour-des-actions-concertees-pour-lacces-au-vaccin-contre-le-covid-19#respond"]}]},{"@type":"WebPage","@id":"https:\/\/www.africa-press.net\/burkina-faso\/politique\/58e-sommet-ordinaire-de-la-cedeao-les-chefs-detat-pour-des-actions-concertees-pour-lacces-au-vaccin-contre-le-covid-19","url":"https:\/\/www.africa-press.net\/burkina-faso\/politique\/58e-sommet-ordinaire-de-la-cedeao-les-chefs-detat-pour-des-actions-concertees-pour-lacces-au-vaccin-contre-le-covid-19","name":"58e sommet ordinaire de la CEDEAO : Les chefs d\u2019Etat pour des actions concert\u00e9es pour l\u2019acc\u00e8s au vaccin contre le Covid-19 - Burkina Faso","isPartOf":{"@id":"https:\/\/www.africa-press.net\/burkina-faso\/#website"},"primaryImageOfPage":{"@id":"https:\/\/www.africa-press.net\/burkina-faso\/politique\/58e-sommet-ordinaire-de-la-cedeao-les-chefs-detat-pour-des-actions-concertees-pour-lacces-au-vaccin-contre-le-covid-19#primaryimage"},"image":{"@id":"https:\/\/www.africa-press.net\/burkina-faso\/politique\/58e-sommet-ordinaire-de-la-cedeao-les-chefs-detat-pour-des-actions-concertees-pour-lacces-au-vaccin-contre-le-covid-19#primaryimage"},"thumbnailUrl":"https:\/\/static.africa-press.net\/burkina\/sites\/42\/2021\/01\/img-600d74efb720e.jpg","datePublished":"2021-01-24T13:54:14+00:00","dateModified":"2021-01-24T15:01:47+00:00","author":{"@id":"https:\/\/www.africa-press.net\/burkina-faso\/#\/schema\/person\/2b1cf3cd81a31e3cd26889ca66d677f1"},"description":"(Ouagadougou, 23 janvier 2021). Le pr\u00e9sident du Faso Roch Marc Christian Kabor\u00e9 a particip\u00e9 ce samedi par visioconf\u00e9r ...","breadcrumb":{"@id":"https:\/\/www.africa-press.net\/burkina-faso\/politique\/58e-sommet-ordinaire-de-la-cedeao-les-chefs-detat-pour-des-actions-concertees-pour-lacces-au-vaccin-contre-le-covid-19#breadcrumb"},"inLanguage":"fr-FR","potentialAction":[{"@type":"ReadAction","target":["https:\/\/www.africa-press.net\/burkina-faso\/politique\/58e-sommet-ordinaire-de-la-cedeao-les-chefs-detat-pour-des-actions-concertees-pour-lacces-au-vaccin-contre-le-covid-19"]}]},{"@type":"ImageObject","inLanguage":"fr-FR","@id":"https:\/\/www.africa-press.net\/burkina-faso\/politique\/58e-sommet-ordinaire-de-la-cedeao-les-chefs-detat-pour-des-actions-concertees-pour-lacces-au-vaccin-contre-le-covid-19#primaryimage","url":"https:\/\/static.africa-press.net\/burkina\/sites\/42\/2021\/01\/img-600d74efb720e.jpg","contentUrl":"https:\/\/static.africa-press.net\/burkina\/sites\/42\/2021\/01\/img-600d74efb720e.jpg","width":720,"height":479,"caption":"58e sommet ordinaire de la CEDEAO : Les chefs d\u2019Etat pour des actions concert\u00e9es pour l\u2019acc\u00e8s au vaccin contre le Covid-19"},{"@type":"BreadcrumbList","@id":"https:\/\/www.africa-press.net\/burkina-faso\/politique\/58e-sommet-ordinaire-de-la-cedeao-les-chefs-detat-pour-des-actions-concertees-pour-lacces-au-vaccin-contre-le-covid-19#breadcrumb","itemListElement":[{"@type":"ListItem","position":1,"name":"Accueil","item":"https:\/\/www.africa-press.net\/burkina-faso\/"},{"@type":"ListItem","position":2,"name":"58e sommet ordinaire de la CEDEAO : Les chefs d\u2019Etat pour des actions concert\u00e9es pour l\u2019acc\u00e8s au vaccin contre le Covid-19"}]},{"@type":"WebSite","@id":"https:\/\/www.africa-press.net\/burkina-faso\/#website","url":"https:\/\/www.africa-press.net\/burkina-faso\/","name":"Burkina Faso","description":"Just another Africa News Agency Sites site","potentialAction":[{"@type":"SearchAction","target":{"@type":"EntryPoint","urlTemplate":"https:\/\/www.africa-press.net\/burkina-faso\/?s={search_term_string}"},"query-input":{"@type":"PropertyValueSpecification","valueRequired":true,"valueName":"search_term_string"}}],"inLanguage":"fr-FR"},{"@type":"Person","@id":"https:\/\/www.africa-press.net\/burkina-faso\/#\/schema\/person\/2b1cf3cd81a31e3cd26889ca66d677f1","name":"cfeditorfr"}]}},"_links":{"self":[{"href":"https:\/\/www.africa-press.net\/burkina-faso\/wp-json\/wp\/v2\/posts\/4279","targetHints":{"allow":["GET"]}}],"collection":[{"href":"https:\/\/www.africa-press.net\/burkina-faso\/wp-json\/wp\/v2\/posts"}],"about":[{"href":"https:\/\/www.africa-press.net\/burkina-faso\/wp-json\/wp\/v2\/types\/post"}],"author":[{"embeddable":true,"href":"https:\/\/www.africa-press.net\/burkina-faso\/wp-json\/wp\/v2\/users\/82"}],"replies":[{"embeddable":true,"href":"https:\/\/www.africa-press.net\/burkina-faso\/wp-json\/wp\/v2\/comments?post=4279"}],"version-history":[{"count":0,"href":"https:\/\/www.africa-press.net\/burkina-faso\/wp-json\/wp\/v2\/posts\/4279\/revisions"}],"wp:featuredmedia":[{"embeddable":true,"href":"https:\/\/www.africa-press.net\/burkina-faso\/wp-json\/wp\/v2\/media\/4278"}],"wp:attachment":[{"href":"https:\/\/www.africa-press.net\/burkina-faso\/wp-json\/wp\/v2\/media?parent=4279"}],"wp:term":[{"taxonomy":"category","embeddable":true,"href":"https:\/\/www.africa-press.net\/burkina-faso\/wp-json\/wp\/v2\/categories?post=4279"},{"taxonomy":"post_tag","embeddable":true,"href":"https:\/\/www.africa-press.net\/burkina-faso\/wp-json\/wp\/v2\/tags?post=4279"}],"curies":[{"name":"wp","href":"https:\/\/api.w.org\/{rel}","templated":true}]}}