{"id":46601,"date":"2022-08-11T17:49:01","date_gmt":"2022-08-11T17:49:01","guid":{"rendered":"https:\/\/www.africa-press.net\/burkina-faso\/politique\/roch-kabore-attendu-ce-jeudi-aux-emirats-arabes-unis-pour-des-soins"},"modified":"2022-08-11T18:14:28","modified_gmt":"2022-08-11T18:14:28","slug":"roch-kabore-attendu-ce-jeudi-aux-emirats-arabes-unis-pour-des-soins","status":"publish","type":"post","link":"https:\/\/www.africa-press.net\/burkina-faso\/politique\/roch-kabore-attendu-ce-jeudi-aux-emirats-arabes-unis-pour-des-soins","title":{"rendered":"Roch Kabor\u00e9 attendu ce jeudi aux \u00c9mirats Arabes Unis pour des soins"},"content":{"rendered":"<p><span style=\"color: #ff6600\"><strong>Africa-Press &#8211; Burkina Faso. <\/strong><\/span>L\u2019ancien pr\u00e9sident Roch Kabor\u00e9 aurait quelques soucis de sant\u00e9 et a manifest\u00e9 le d\u00e9sir de se rendre aux Emirats Arabes Unis pour des soins, selon l\u2019Agence d\u2019information du Burkina (AIB).<\/p>\n<p>La question a \u00e9t\u00e9 \u00e9voqu\u00e9e avec les autorit\u00e9s burkinab\u00e8 qui, soucieuses de l\u2019\u00e9tat de sant\u00e9 de l\u2019ancien pr\u00e9sident, ont facilit\u00e9 l\u2019organisation dudit voyage, qui serait pour ce jeudi 11 ao\u00fbt 2022.<\/p>\n<p>L\u2019AIB affirme qu\u2019au plan diplomatique, le gouvernement a \u00e9galement saisi les autorit\u00e9s \u00e9miraties pour que des facilit\u00e9s soient accord\u00e9es \u00e0 l\u2019ex pr\u00e9sident du MPP lors de son s\u00e9jour m\u00e9dical.<\/p>\n<p>Le gouvernement aurait \u00e9t\u00e9 tr\u00e8s diligent dans le traitement des formalit\u00e9s administratives n\u00e9cessaires pour ce d\u00e9placement. Cela s\u2019inscrit dans le souci de lui permettre de b\u00e9n\u00e9ficier d\u2019une meilleure prise en charge.<\/p>\n<p><strong>Pour plus d&rsquo;informations et d&rsquo;analyses sur la <a href=\"https:\/\/www.africa-press.net\/burkina-faso\">Burkina Faso<\/a>, suivez <a href=\"https:\/\/www.africa-press.net\/\">Africa-Press<\/a><\/strong><\/p>\n","protected":false},"excerpt":{"rendered":"<p>Africa-Press &#8211; Burkina Faso. L\u2019ancien pr\u00e9sident Roch Kabor\u00e9 aurait quelques soucis de sant\u00e9 et a manifest\u00e9 le d\u00e9sir de se rendre aux Emirats Arabes Unis pour des soins, selon l\u2019Agence d\u2019information du Burkina (AIB). La question a \u00e9t\u00e9 \u00e9voqu\u00e9e avec les autorit\u00e9s burkinab\u00e8 qui, soucieuses de l\u2019\u00e9tat de sant\u00e9 de l\u2019ancien pr\u00e9sident, ont facilit\u00e9 l\u2019organisation [&hellip;]<\/p>\n","protected":false},"author":82,"featured_media":46600,"comment_status":"open","ping_status":"closed","sticky":false,"template":"","format":"standard","meta":{"footnotes":""},"categories":[11,2,10],"tags":[111,725,29],"class_list":["post-46601","post","type-post","status-publish","format-standard","has-post-thumbnail","hentry","category-homepage-french","category-politique","category-toutes-les-actualites","tag-africa-press","tag-africa-press-burkina-faso","tag-burkina-faso"],"yoast_head":"<!-- This site is optimized with the Yoast SEO Premium plugin v26.1 (Yoast SEO v27.0) - https:\/\/yoast.com\/product\/yoast-seo-premium-wordpress\/ -->\n<title>Roch Kabor\u00e9 attendu ce jeudi aux \u00c9mirats Arabes Unis pour des soins - Burkina Faso<\/title>\n<meta name=\"description\" content=\"L\u2019ancien pr\u00e9sident Roch Kabor\u00e9 aurait quelques soucis de sant\u00e9 et a manifest\u00e9 le d\u00e9sir de se rendre aux Emirats Arabes U ...\" \/>\n<meta name=\"robots\" content=\"index, follow, max-snippet:-1, max-image-preview:large, max-video-preview:-1\" \/>\n<link rel=\"canonical\" href=\"https:\/\/www.africa-press.net\/burkina-faso\/politique\/roch-kabore-attendu-ce-jeudi-aux-emirats-arabes-unis-pour-des-soins\" \/>\n<meta property=\"og:locale\" content=\"fr_FR\" \/>\n<meta property=\"og:type\" content=\"article\" \/>\n<meta property=\"og:title\" content=\"Roch Kabor\u00e9 attendu ce jeudi aux \u00c9mirats Arabes Unis pour des soins\" \/>\n<meta property=\"og:description\" content=\"L\u2019ancien pr\u00e9sident Roch Kabor\u00e9 aurait quelques soucis de sant\u00e9 et a manifest\u00e9 le d\u00e9sir de se rendre aux Emirats Arabes U ...\" \/>\n<meta property=\"og:url\" content=\"https:\/\/www.africa-press.net\/burkina-faso\/politique\/roch-kabore-attendu-ce-jeudi-aux-emirats-arabes-unis-pour-des-soins\" \/>\n<meta property=\"og:site_name\" content=\"Burkina Faso\" \/>\n<meta property=\"article:published_time\" content=\"2022-08-11T17:49:01+00:00\" \/>\n<meta property=\"article:modified_time\" content=\"2022-08-11T18:14:28+00:00\" \/>\n<meta property=\"og:image\" content=\"https:\/\/static.africa-press.net\/burkina\/sites\/42\/2022\/08\/postQueueImg_42.jpg\" \/>\n\t<meta property=\"og:image:width\" content=\"720\" \/>\n\t<meta property=\"og:image:height\" content=\"405\" \/>\n\t<meta property=\"og:image:type\" content=\"image\/jpeg\" \/>\n<meta name=\"author\" content=\"cfeditorfr\" \/>\n<meta name=\"twitter:card\" content=\"summary_large_image\" \/>\n<meta name=\"twitter:label1\" content=\"\u00c9crit par\" \/>\n\t<meta name=\"twitter:data1\" content=\"cfeditorfr\" \/>\n\t<meta name=\"twitter:label2\" content=\"Dur\u00e9e de lecture estim\u00e9e\" \/>\n\t<meta name=\"twitter:data2\" content=\"1 minute\" \/>\n<script type=\"application\/ld+json\" class=\"yoast-schema-graph\">{\"@context\":\"https:\/\/schema.org\",\"@graph\":[{\"@type\":\"Article\",\"@id\":\"https:\/\/www.africa-press.net\/burkina-faso\/politique\/roch-kabore-attendu-ce-jeudi-aux-emirats-arabes-unis-pour-des-soins#article\",\"isPartOf\":{\"@id\":\"https:\/\/www.africa-press.net\/burkina-faso\/politique\/roch-kabore-attendu-ce-jeudi-aux-emirats-arabes-unis-pour-des-soins\"},\"author\":{\"name\":\"cfeditorfr\",\"@id\":\"https:\/\/www.africa-press.net\/burkina-faso\/#\/schema\/person\/2b1cf3cd81a31e3cd26889ca66d677f1\"},\"headline\":\"Roch Kabor\u00e9 attendu ce jeudi aux \u00c9mirats Arabes Unis pour des soins\",\"datePublished\":\"2022-08-11T17:49:01+00:00\",\"dateModified\":\"2022-08-11T18:14:28+00:00\",\"mainEntityOfPage\":{\"@id\":\"https:\/\/www.africa-press.net\/burkina-faso\/politique\/roch-kabore-attendu-ce-jeudi-aux-emirats-arabes-unis-pour-des-soins\"},\"wordCount\":176,\"commentCount\":0,\"image\":{\"@id\":\"https:\/\/www.africa-press.net\/burkina-faso\/politique\/roch-kabore-attendu-ce-jeudi-aux-emirats-arabes-unis-pour-des-soins#primaryimage\"},\"thumbnailUrl\":\"https:\/\/static.africa-press.net\/burkina\/sites\/42\/2022\/08\/postQueueImg_42.jpg\",\"keywords\":[\"Africa Press\",\"Africa Press-Burkina Faso\",\"Burkina Faso\"],\"articleSection\":[\"homepage-french\",\"Politique\",\"Toutes les actualit\u00e9s\"],\"inLanguage\":\"fr-FR\",\"potentialAction\":[{\"@type\":\"CommentAction\",\"name\":\"Comment\",\"target\":[\"https:\/\/www.africa-press.net\/burkina-faso\/politique\/roch-kabore-attendu-ce-jeudi-aux-emirats-arabes-unis-pour-des-soins#respond\"]}]},{\"@type\":\"WebPage\",\"@id\":\"https:\/\/www.africa-press.net\/burkina-faso\/politique\/roch-kabore-attendu-ce-jeudi-aux-emirats-arabes-unis-pour-des-soins\",\"url\":\"https:\/\/www.africa-press.net\/burkina-faso\/politique\/roch-kabore-attendu-ce-jeudi-aux-emirats-arabes-unis-pour-des-soins\",\"name\":\"Roch Kabor\u00e9 attendu ce jeudi aux \u00c9mirats Arabes Unis pour des soins - Burkina Faso\",\"isPartOf\":{\"@id\":\"https:\/\/www.africa-press.net\/burkina-faso\/#website\"},\"primaryImageOfPage\":{\"@id\":\"https:\/\/www.africa-press.net\/burkina-faso\/politique\/roch-kabore-attendu-ce-jeudi-aux-emirats-arabes-unis-pour-des-soins#primaryimage\"},\"image\":{\"@id\":\"https:\/\/www.africa-press.net\/burkina-faso\/politique\/roch-kabore-attendu-ce-jeudi-aux-emirats-arabes-unis-pour-des-soins#primaryimage\"},\"thumbnailUrl\":\"https:\/\/static.africa-press.net\/burkina\/sites\/42\/2022\/08\/postQueueImg_42.jpg\",\"datePublished\":\"2022-08-11T17:49:01+00:00\",\"dateModified\":\"2022-08-11T18:14:28+00:00\",\"author\":{\"@id\":\"https:\/\/www.africa-press.net\/burkina-faso\/#\/schema\/person\/2b1cf3cd81a31e3cd26889ca66d677f1\"},\"description\":\"L\u2019ancien pr\u00e9sident Roch Kabor\u00e9 aurait quelques soucis de sant\u00e9 et a manifest\u00e9 le d\u00e9sir de se rendre aux Emirats Arabes U ...\",\"breadcrumb\":{\"@id\":\"https:\/\/www.africa-press.net\/burkina-faso\/politique\/roch-kabore-attendu-ce-jeudi-aux-emirats-arabes-unis-pour-des-soins#breadcrumb\"},\"inLanguage\":\"fr-FR\",\"potentialAction\":[{\"@type\":\"ReadAction\",\"target\":[\"https:\/\/www.africa-press.net\/burkina-faso\/politique\/roch-kabore-attendu-ce-jeudi-aux-emirats-arabes-unis-pour-des-soins\"]}]},{\"@type\":\"ImageObject\",\"inLanguage\":\"fr-FR\",\"@id\":\"https:\/\/www.africa-press.net\/burkina-faso\/politique\/roch-kabore-attendu-ce-jeudi-aux-emirats-arabes-unis-pour-des-soins#primaryimage\",\"url\":\"https:\/\/static.africa-press.net\/burkina\/sites\/42\/2022\/08\/postQueueImg_42.jpg\",\"contentUrl\":\"https:\/\/static.africa-press.net\/burkina\/sites\/42\/2022\/08\/postQueueImg_42.jpg\",\"width\":720,\"height\":405,\"caption\":\"Roch Kabor\u00e9 attendu ce jeudi aux \u00c9mirats Arabes Unis pour des soins\"},{\"@type\":\"BreadcrumbList\",\"@id\":\"https:\/\/www.africa-press.net\/burkina-faso\/politique\/roch-kabore-attendu-ce-jeudi-aux-emirats-arabes-unis-pour-des-soins#breadcrumb\",\"itemListElement\":[{\"@type\":\"ListItem\",\"position\":1,\"name\":\"Accueil\",\"item\":\"https:\/\/www.africa-press.net\/burkina-faso\/\"},{\"@type\":\"ListItem\",\"position\":2,\"name\":\"Roch Kabor\u00e9 attendu ce jeudi aux \u00c9mirats Arabes Unis pour des soins\"}]},{\"@type\":\"WebSite\",\"@id\":\"https:\/\/www.africa-press.net\/burkina-faso\/#website\",\"url\":\"https:\/\/www.africa-press.net\/burkina-faso\/\",\"name\":\"Burkina Faso\",\"description\":\"Just another Africa News Agency Sites site\",\"potentialAction\":[{\"@type\":\"SearchAction\",\"target\":{\"@type\":\"EntryPoint\",\"urlTemplate\":\"https:\/\/www.africa-press.net\/burkina-faso\/?s={search_term_string}\"},\"query-input\":{\"@type\":\"PropertyValueSpecification\",\"valueRequired\":true,\"valueName\":\"search_term_string\"}}],\"inLanguage\":\"fr-FR\"},{\"@type\":\"Person\",\"@id\":\"https:\/\/www.africa-press.net\/burkina-faso\/#\/schema\/person\/2b1cf3cd81a31e3cd26889ca66d677f1\",\"name\":\"cfeditorfr\"}]}<\/script>\n<!-- \/ Yoast SEO Premium plugin. -->","yoast_head_json":{"title":"Roch Kabor\u00e9 attendu ce jeudi aux \u00c9mirats Arabes Unis pour des soins - Burkina Faso","description":"L\u2019ancien pr\u00e9sident Roch Kabor\u00e9 aurait quelques soucis de sant\u00e9 et a manifest\u00e9 le d\u00e9sir de se rendre aux Emirats Arabes U ...","robots":{"index":"index","follow":"follow","max-snippet":"max-snippet:-1","max-image-preview":"max-image-preview:large","max-video-preview":"max-video-preview:-1"},"canonical":"https:\/\/www.africa-press.net\/burkina-faso\/politique\/roch-kabore-attendu-ce-jeudi-aux-emirats-arabes-unis-pour-des-soins","og_locale":"fr_FR","og_type":"article","og_title":"Roch Kabor\u00e9 attendu ce jeudi aux \u00c9mirats Arabes Unis pour des soins","og_description":"L\u2019ancien pr\u00e9sident Roch Kabor\u00e9 aurait quelques soucis de sant\u00e9 et a manifest\u00e9 le d\u00e9sir de se rendre aux Emirats Arabes U ...","og_url":"https:\/\/www.africa-press.net\/burkina-faso\/politique\/roch-kabore-attendu-ce-jeudi-aux-emirats-arabes-unis-pour-des-soins","og_site_name":"Burkina Faso","article_published_time":"2022-08-11T17:49:01+00:00","article_modified_time":"2022-08-11T18:14:28+00:00","og_image":[{"width":720,"height":405,"url":"https:\/\/static.africa-press.net\/burkina\/sites\/42\/2022\/08\/postQueueImg_42.jpg","type":"image\/jpeg"}],"author":"cfeditorfr","twitter_card":"summary_large_image","twitter_misc":{"\u00c9crit par":"cfeditorfr","Dur\u00e9e de lecture estim\u00e9e":"1 minute"},"schema":{"@context":"https:\/\/schema.org","@graph":[{"@type":"Article","@id":"https:\/\/www.africa-press.net\/burkina-faso\/politique\/roch-kabore-attendu-ce-jeudi-aux-emirats-arabes-unis-pour-des-soins#article","isPartOf":{"@id":"https:\/\/www.africa-press.net\/burkina-faso\/politique\/roch-kabore-attendu-ce-jeudi-aux-emirats-arabes-unis-pour-des-soins"},"author":{"name":"cfeditorfr","@id":"https:\/\/www.africa-press.net\/burkina-faso\/#\/schema\/person\/2b1cf3cd81a31e3cd26889ca66d677f1"},"headline":"Roch Kabor\u00e9 attendu ce jeudi aux \u00c9mirats Arabes Unis pour des soins","datePublished":"2022-08-11T17:49:01+00:00","dateModified":"2022-08-11T18:14:28+00:00","mainEntityOfPage":{"@id":"https:\/\/www.africa-press.net\/burkina-faso\/politique\/roch-kabore-attendu-ce-jeudi-aux-emirats-arabes-unis-pour-des-soins"},"wordCount":176,"commentCount":0,"image":{"@id":"https:\/\/www.africa-press.net\/burkina-faso\/politique\/roch-kabore-attendu-ce-jeudi-aux-emirats-arabes-unis-pour-des-soins#primaryimage"},"thumbnailUrl":"https:\/\/static.africa-press.net\/burkina\/sites\/42\/2022\/08\/postQueueImg_42.jpg","keywords":["Africa Press","Africa Press-Burkina Faso","Burkina Faso"],"articleSection":["homepage-french","Politique","Toutes les actualit\u00e9s"],"inLanguage":"fr-FR","potentialAction":[{"@type":"CommentAction","name":"Comment","target":["https:\/\/www.africa-press.net\/burkina-faso\/politique\/roch-kabore-attendu-ce-jeudi-aux-emirats-arabes-unis-pour-des-soins#respond"]}]},{"@type":"WebPage","@id":"https:\/\/www.africa-press.net\/burkina-faso\/politique\/roch-kabore-attendu-ce-jeudi-aux-emirats-arabes-unis-pour-des-soins","url":"https:\/\/www.africa-press.net\/burkina-faso\/politique\/roch-kabore-attendu-ce-jeudi-aux-emirats-arabes-unis-pour-des-soins","name":"Roch Kabor\u00e9 attendu ce jeudi aux \u00c9mirats Arabes Unis pour des soins - Burkina Faso","isPartOf":{"@id":"https:\/\/www.africa-press.net\/burkina-faso\/#website"},"primaryImageOfPage":{"@id":"https:\/\/www.africa-press.net\/burkina-faso\/politique\/roch-kabore-attendu-ce-jeudi-aux-emirats-arabes-unis-pour-des-soins#primaryimage"},"image":{"@id":"https:\/\/www.africa-press.net\/burkina-faso\/politique\/roch-kabore-attendu-ce-jeudi-aux-emirats-arabes-unis-pour-des-soins#primaryimage"},"thumbnailUrl":"https:\/\/static.africa-press.net\/burkina\/sites\/42\/2022\/08\/postQueueImg_42.jpg","datePublished":"2022-08-11T17:49:01+00:00","dateModified":"2022-08-11T18:14:28+00:00","author":{"@id":"https:\/\/www.africa-press.net\/burkina-faso\/#\/schema\/person\/2b1cf3cd81a31e3cd26889ca66d677f1"},"description":"L\u2019ancien pr\u00e9sident Roch Kabor\u00e9 aurait quelques soucis de sant\u00e9 et a manifest\u00e9 le d\u00e9sir de se rendre aux Emirats Arabes U ...","breadcrumb":{"@id":"https:\/\/www.africa-press.net\/burkina-faso\/politique\/roch-kabore-attendu-ce-jeudi-aux-emirats-arabes-unis-pour-des-soins#breadcrumb"},"inLanguage":"fr-FR","potentialAction":[{"@type":"ReadAction","target":["https:\/\/www.africa-press.net\/burkina-faso\/politique\/roch-kabore-attendu-ce-jeudi-aux-emirats-arabes-unis-pour-des-soins"]}]},{"@type":"ImageObject","inLanguage":"fr-FR","@id":"https:\/\/www.africa-press.net\/burkina-faso\/politique\/roch-kabore-attendu-ce-jeudi-aux-emirats-arabes-unis-pour-des-soins#primaryimage","url":"https:\/\/static.africa-press.net\/burkina\/sites\/42\/2022\/08\/postQueueImg_42.jpg","contentUrl":"https:\/\/static.africa-press.net\/burkina\/sites\/42\/2022\/08\/postQueueImg_42.jpg","width":720,"height":405,"caption":"Roch Kabor\u00e9 attendu ce jeudi aux \u00c9mirats Arabes Unis pour des soins"},{"@type":"BreadcrumbList","@id":"https:\/\/www.africa-press.net\/burkina-faso\/politique\/roch-kabore-attendu-ce-jeudi-aux-emirats-arabes-unis-pour-des-soins#breadcrumb","itemListElement":[{"@type":"ListItem","position":1,"name":"Accueil","item":"https:\/\/www.africa-press.net\/burkina-faso\/"},{"@type":"ListItem","position":2,"name":"Roch Kabor\u00e9 attendu ce jeudi aux \u00c9mirats Arabes Unis pour des soins"}]},{"@type":"WebSite","@id":"https:\/\/www.africa-press.net\/burkina-faso\/#website","url":"https:\/\/www.africa-press.net\/burkina-faso\/","name":"Burkina Faso","description":"Just another Africa News Agency Sites site","potentialAction":[{"@type":"SearchAction","target":{"@type":"EntryPoint","urlTemplate":"https:\/\/www.africa-press.net\/burkina-faso\/?s={search_term_string}"},"query-input":{"@type":"PropertyValueSpecification","valueRequired":true,"valueName":"search_term_string"}}],"inLanguage":"fr-FR"},{"@type":"Person","@id":"https:\/\/www.africa-press.net\/burkina-faso\/#\/schema\/person\/2b1cf3cd81a31e3cd26889ca66d677f1","name":"cfeditorfr"}]}},"_links":{"self":[{"href":"https:\/\/www.africa-press.net\/burkina-faso\/wp-json\/wp\/v2\/posts\/46601","targetHints":{"allow":["GET"]}}],"collection":[{"href":"https:\/\/www.africa-press.net\/burkina-faso\/wp-json\/wp\/v2\/posts"}],"about":[{"href":"https:\/\/www.africa-press.net\/burkina-faso\/wp-json\/wp\/v2\/types\/post"}],"author":[{"embeddable":true,"href":"https:\/\/www.africa-press.net\/burkina-faso\/wp-json\/wp\/v2\/users\/82"}],"replies":[{"embeddable":true,"href":"https:\/\/www.africa-press.net\/burkina-faso\/wp-json\/wp\/v2\/comments?post=46601"}],"version-history":[{"count":0,"href":"https:\/\/www.africa-press.net\/burkina-faso\/wp-json\/wp\/v2\/posts\/46601\/revisions"}],"wp:featuredmedia":[{"embeddable":true,"href":"https:\/\/www.africa-press.net\/burkina-faso\/wp-json\/wp\/v2\/media\/46600"}],"wp:attachment":[{"href":"https:\/\/www.africa-press.net\/burkina-faso\/wp-json\/wp\/v2\/media?parent=46601"}],"wp:term":[{"taxonomy":"category","embeddable":true,"href":"https:\/\/www.africa-press.net\/burkina-faso\/wp-json\/wp\/v2\/categories?post=46601"},{"taxonomy":"post_tag","embeddable":true,"href":"https:\/\/www.africa-press.net\/burkina-faso\/wp-json\/wp\/v2\/tags?post=46601"}],"curies":[{"name":"wp","href":"https:\/\/api.w.org\/{rel}","templated":true}]}}