{"id":54135,"date":"2022-12-03T14:50:32","date_gmt":"2022-12-03T14:50:32","guid":{"rendered":"https:\/\/www.africa-press.net\/burkina-faso\/politique\/neo-sankarisme-et-panafricanisme-des-defis-majeurs-au-burkina"},"modified":"2022-12-03T14:50:32","modified_gmt":"2022-12-03T14:50:32","slug":"neo-sankarisme-et-panafricanisme-des-defis-majeurs-au-burkina","status":"publish","type":"post","link":"https:\/\/www.africa-press.net\/burkina-faso\/dossiers\/neo-sankarisme-et-panafricanisme-des-defis-majeurs-au-burkina","title":{"rendered":"N\u00e9o-Sankarisme et panafricanisme : Des d\u00e9fis majeurs au Burkina"},"content":{"rendered":"<p><span style=\"color: #ff6600\"><strong>Africa-Press &#8211; Burkina Faso. <\/strong><\/span><b>De quels panafricanismes se re\u0301clament les jeunes ge\u0301ne\u0301rations d\u2019Africains ? Au Burkina Faso, le mouvement est e\u0301galement en vogue, il fait des recrues et il produit des e\u0301mules d\u2019un re\u0301veil militant aux jargons bien outille\u0301s. De ce point de vue, l\u2019he\u0301ritage du \u00ab Sankarisme \u00bb pe\u0300se lourdement dans la balance. Les e\u0301ve\u0301nements politiques de ces derniers mois laissent entrevoir des perspectives nouvelles ou\u0300 les anne\u0301es re\u0301volutionnaires se fraient leur sillon au c\u0153ur des panafricains du \u00ab Pays des Hommes inte\u0300gres \u00bb. <\/b><\/p>\n<p>1. Le panafricanisme : entre the\u0301ories de salons et militantismes de\u0301butants<\/p>\n<p>Loin des e\u0301rudits (professeurs, intellectuels, auteurs&#8230;) rode\u0301s a\u0300 l\u2019histoire sociopolitique et ide\u0301ologique des pays africains, la jeunesse africaine s\u2019emploie a\u0300 un exercice complexe au sujet de ce qu\u2019elle entend impulser dans l\u2019esprit de la gouvernance. Les re\u0301seaux sociaux constituent le tremplin de ces engagements tous azimuts. Le panafricanisme s\u2019en trouve bien rehausse\u0301, malgre\u0301 les ide\u0301es complexes qui le (re) fac\u0327onnent depuis les anne\u0301es 1800 .<\/p>\n<p>Comme dans tout regard objectif, des fac\u0327ades ne\u0301gatives et positives s\u2019imposent au jugement commun. Si la face sombre se perc\u0327oit dans les diatribes, les pamphlets et les railleries des adeptes d\u2019une tendance politique \u00ab innovante et irre\u0301versible \u00bb, l\u2019autre face, plus conciliante, ouvre des portes sur ce besoin d\u2019authenticite\u0301 tant re\u0301clame\u0301 par les Africains eux-me\u0302mes. Depuis le mouvement des Afro-ame\u0301ricains, jusqu\u2019a\u0300 Kouame\u0301 N\u2019kruma et Thomas Sankara, les ouvrages et des sites foisonnent dans leurs diverses versions revues et corrige\u0301es sur des the\u0300mes varie\u0301s (anticolonialisme, ide\u0301ologie, afrocentrisme, militantisme&#8230;) .<\/p>\n<p>S\u2019il s\u2019agit de puiser dans les ressources socioculturelles du continent, la part est belle pour les panafricanistes de tout bord. Comment soustraire la bonne graine de l\u2019ivraie et pourquoi les jeunes du Burkina ont-ils de bonnes raisons de s\u2019y employer ? \u00ab Un tigre ne proclame pas sa tigritude. Il bondit \u00bb Qui est le tigre et qui est la proie dans cette Afrique post-moderne ?<\/p>\n<p>2. Chronique d\u2019un ne\u0301o-sankarisme annonce\u0301 ?<\/p>\n<p>Il est ge\u0301ne\u0301ralement admis que le capitaine-pre\u0301sident du Faso des anne\u0301es re\u0301volutionnaires a impacte\u0301 la conscience de ses concitoyens. Des \u00ab Petits chanteurs aux poings leve\u0301s \u00bb jusqu\u2019aux te\u0301moins et militants de la dernie\u0300re heure, des pense\u0301es et des faits sont relate\u0301s sur son discours d\u2019orientation (2 octobre 1983) et les traits majeurs de sa pense\u0301e.<\/p>\n<p>S\u2019il est vrai que quatre anne\u0301es d\u2019exercice sont insuffisantes pour faire un e\u0301ventuel bilan, le temps si bref qu\u2019a dure\u0301 ce moment d\u2019euphorie a laisse\u0301 des traces significatives pour les ge\u0301ne\u0301rations pre\u0301sentes. Les circonstances qui ont pre\u0301valu a\u0300 la disparition du \u00ab he\u0301ros national \u00bb y jouent encore un ro\u0302le de\u0301terminant.<\/p>\n<p>Pour un grand nombre, l\u2019he\u0301ritage est assermente\u0301 pour longtemps et inscrit dans le panafricanisme politique. Peu de chefs d\u2019E\u0301tat ont, semble-t-il, de\u0301montre\u0301 une telle aura accompagne\u0301e de discours audacieux.<\/p>\n<p>Toutefois, d\u2019aucuns estiment que l\u2019ensemble de l\u2019\u0153uvre est reste\u0301 a\u0300 l\u2019e\u0301tat d\u2019e\u0301chafaud et qu\u2019une orientation politique peut y reme\u0301dier. Pourquoi ne pas ajuster l\u2019amorce sankariste dans le panel des discours panafricanistes actuels ? Les arrhes d\u2019une telle de\u0301marche incombent aux nouveaux pre\u0301tendants au changement. La balle politico-ide\u0301ologique est pour ainsi dire dans le camp des braves Burkinabe\u0300. L\u2019histoire du Faso politique est en cours&#8230;.<\/p>\n<p>3. Ne\u0301o-panafricanismes et ne\u0301o-sankarismes : quel mariage possible ?<\/p>\n<p>Le Sankarisme et ses racines panafricanistes : un titre d\u2019ouvrage ou une revue de presse ? Le Burkina Faso entre dans la cour des grands a\u0300 travers l\u2019e\u0301dification de son histoire politique si particulie\u0300re. Ce pays ne l\u2019a pas souhaite\u0301, il l\u2019a ve\u0301cu, semble-t-il, dans l\u2019opinion (inter) nationale. Les filles et les fils de cette nation doivent e\u0302tre fiers d\u2019une telle \u00ab e\u0301lection \u00bb ou\u0300 les outils sont fournis et prodigue\u0301s pour le meilleur (sans occulter le pire).<\/p>\n<p>La mai\u0308eutique actuelle signe-t-elle le retour des grands hommes ? Quelles portes ne\u0301o-panafricanistes seront ouvertes pour acce\u0301der aux aspirations des Burkinabe\u0300 ? Ils ont de\u0301montre\u0301 par le passe\u0301 qu\u2019ils e\u0301taient capables, pluto\u0302t conscients de prendre leur avenir en main. Entre Sankarisme ou ne\u0301o-sankarisme (qui reste a\u0300 de\u0301finir), les de\u0301fis d\u2019une Afrique nouvelle au Burkina Faso se liront par des actions. En quelques mots, pourrait-on dire : \u00ab Croire au Burkina Faso ou mourir ! \u00bb. Cela ne sera pas, espe\u0301rons-le, un e\u0301nie\u0300me slogan, mais rien que des sacrifices a\u0300 consentir&#8230;<\/p>\n<p><b> <\/b><\/p>\n<p><strong>Pour plus d&rsquo;informations et d&rsquo;analyses sur la <a href=\"https:\/\/www.africa-press.net\/burkina-faso\">Burkina Faso<\/a>, suivez <a href=\"https:\/\/www.africa-press.net\/\">Africa-Press<\/a><\/strong><\/p>\n","protected":false},"excerpt":{"rendered":"<p>Africa-Press &#8211; Burkina Faso. De quels panafricanismes se re\u0301clament les jeunes ge\u0301ne\u0301rations d\u2019Africains ? Au Burkina Faso, le mouvement est e\u0301galement en vogue, il fait des recrues et il produit des e\u0301mules d\u2019un re\u0301veil militant aux jargons bien outille\u0301s. De ce point de vue, l\u2019he\u0301ritage du \u00ab Sankarisme \u00bb pe\u0300se lourdement dans la balance. Les [&hellip;]<\/p>\n","protected":false},"author":82,"featured_media":54134,"comment_status":"open","ping_status":"closed","sticky":false,"template":"","format":"standard","meta":{"footnotes":""},"categories":[7,10],"tags":[111,725,29],"class_list":["post-54135","post","type-post","status-publish","format-standard","has-post-thumbnail","hentry","category-dossiers","category-toutes-les-actualites","tag-africa-press","tag-africa-press-burkina-faso","tag-burkina-faso"],"yoast_head":"<!-- This site is optimized with the Yoast SEO Premium plugin v26.1 (Yoast SEO v27.0) - https:\/\/yoast.com\/product\/yoast-seo-premium-wordpress\/ -->\n<title>N\u00e9o-Sankarisme et panafricanisme : Des d\u00e9fis majeurs au Burkina - Burkina Faso<\/title>\n<meta name=\"robots\" content=\"index, follow, max-snippet:-1, max-image-preview:large, max-video-preview:-1\" \/>\n<link rel=\"canonical\" href=\"https:\/\/www.africa-press.net\/burkina-faso\/politique\/neo-sankarisme-et-panafricanisme-des-defis-majeurs-au-burkina\" \/>\n<meta property=\"og:locale\" content=\"fr_FR\" \/>\n<meta property=\"og:type\" content=\"article\" \/>\n<meta property=\"og:title\" content=\"N\u00e9o-Sankarisme et panafricanisme : Des d\u00e9fis majeurs au Burkina\" \/>\n<meta property=\"og:description\" content=\"Africa-Press &#8211; Burkina Faso. De quels panafricanismes se re\u0301clament les jeunes ge\u0301ne\u0301rations d\u2019Africains ? Au Burkina Faso, le mouvement est e\u0301galement en vogue, il fait des recrues et il produit des e\u0301mules d\u2019un re\u0301veil militant aux jargons bien outille\u0301s. De ce point de vue, l\u2019he\u0301ritage du \u00ab Sankarisme \u00bb pe\u0300se lourdement dans la balance. Les [&hellip;]\" \/>\n<meta property=\"og:url\" content=\"https:\/\/www.africa-press.net\/burkina-faso\/politique\/neo-sankarisme-et-panafricanisme-des-defis-majeurs-au-burkina\" \/>\n<meta property=\"og:site_name\" content=\"Burkina Faso\" \/>\n<meta property=\"article:published_time\" content=\"2022-12-03T14:50:32+00:00\" \/>\n<meta name=\"author\" content=\"cfeditorfr\" \/>\n<meta name=\"twitter:card\" content=\"summary_large_image\" \/>\n<meta name=\"twitter:label1\" content=\"\u00c9crit par\" \/>\n\t<meta name=\"twitter:data1\" content=\"cfeditorfr\" \/>\n\t<meta name=\"twitter:label2\" content=\"Dur\u00e9e de lecture estim\u00e9e\" \/>\n\t<meta name=\"twitter:data2\" content=\"4 minutes\" \/>\n<script type=\"application\/ld+json\" class=\"yoast-schema-graph\">{\"@context\":\"https:\/\/schema.org\",\"@graph\":[{\"@type\":\"Article\",\"@id\":\"https:\/\/www.africa-press.net\/burkina-faso\/politique\/neo-sankarisme-et-panafricanisme-des-defis-majeurs-au-burkina#article\",\"isPartOf\":{\"@id\":\"https:\/\/www.africa-press.net\/burkina-faso\/politique\/neo-sankarisme-et-panafricanisme-des-defis-majeurs-au-burkina\"},\"author\":{\"name\":\"cfeditorfr\",\"@id\":\"https:\/\/www.africa-press.net\/burkina-faso\/#\/schema\/person\/2b1cf3cd81a31e3cd26889ca66d677f1\"},\"headline\":\"N\u00e9o-Sankarisme et panafricanisme : Des d\u00e9fis majeurs au Burkina\",\"datePublished\":\"2022-12-03T14:50:32+00:00\",\"mainEntityOfPage\":{\"@id\":\"https:\/\/www.africa-press.net\/burkina-faso\/politique\/neo-sankarisme-et-panafricanisme-des-defis-majeurs-au-burkina\"},\"wordCount\":813,\"commentCount\":0,\"image\":{\"@id\":\"https:\/\/www.africa-press.net\/burkina-faso\/politique\/neo-sankarisme-et-panafricanisme-des-defis-majeurs-au-burkina#primaryimage\"},\"thumbnailUrl\":\"https:\/\/static.africa-press.net\/burkina\/sites\/42\/2022\/12\/postQueueImg_1670066456.85.jpg\",\"keywords\":[\"Africa Press\",\"Africa Press-Burkina Faso\",\"Burkina Faso\"],\"articleSection\":[\"Dossiers\",\"Toutes les actualit\u00e9s\"],\"inLanguage\":\"fr-FR\",\"potentialAction\":[{\"@type\":\"CommentAction\",\"name\":\"Comment\",\"target\":[\"https:\/\/www.africa-press.net\/burkina-faso\/politique\/neo-sankarisme-et-panafricanisme-des-defis-majeurs-au-burkina#respond\"]}]},{\"@type\":\"WebPage\",\"@id\":\"https:\/\/www.africa-press.net\/burkina-faso\/politique\/neo-sankarisme-et-panafricanisme-des-defis-majeurs-au-burkina\",\"url\":\"https:\/\/www.africa-press.net\/burkina-faso\/politique\/neo-sankarisme-et-panafricanisme-des-defis-majeurs-au-burkina\",\"name\":\"N\u00e9o-Sankarisme et panafricanisme : Des d\u00e9fis majeurs au Burkina - Burkina Faso\",\"isPartOf\":{\"@id\":\"https:\/\/www.africa-press.net\/burkina-faso\/#website\"},\"primaryImageOfPage\":{\"@id\":\"https:\/\/www.africa-press.net\/burkina-faso\/politique\/neo-sankarisme-et-panafricanisme-des-defis-majeurs-au-burkina#primaryimage\"},\"image\":{\"@id\":\"https:\/\/www.africa-press.net\/burkina-faso\/politique\/neo-sankarisme-et-panafricanisme-des-defis-majeurs-au-burkina#primaryimage\"},\"thumbnailUrl\":\"https:\/\/static.africa-press.net\/burkina\/sites\/42\/2022\/12\/postQueueImg_1670066456.85.jpg\",\"datePublished\":\"2022-12-03T14:50:32+00:00\",\"author\":{\"@id\":\"https:\/\/www.africa-press.net\/burkina-faso\/#\/schema\/person\/2b1cf3cd81a31e3cd26889ca66d677f1\"},\"breadcrumb\":{\"@id\":\"https:\/\/www.africa-press.net\/burkina-faso\/politique\/neo-sankarisme-et-panafricanisme-des-defis-majeurs-au-burkina#breadcrumb\"},\"inLanguage\":\"fr-FR\",\"potentialAction\":[{\"@type\":\"ReadAction\",\"target\":[\"https:\/\/www.africa-press.net\/burkina-faso\/politique\/neo-sankarisme-et-panafricanisme-des-defis-majeurs-au-burkina\"]}]},{\"@type\":\"ImageObject\",\"inLanguage\":\"fr-FR\",\"@id\":\"https:\/\/www.africa-press.net\/burkina-faso\/politique\/neo-sankarisme-et-panafricanisme-des-defis-majeurs-au-burkina#primaryimage\",\"url\":\"https:\/\/static.africa-press.net\/burkina\/sites\/42\/2022\/12\/postQueueImg_1670066456.85.jpg\",\"contentUrl\":\"https:\/\/static.africa-press.net\/burkina\/sites\/42\/2022\/12\/postQueueImg_1670066456.85.jpg\",\"width\":720,\"height\":401,\"caption\":\"N\u00e9o-Sankarisme et panafricanisme : Des d\u00e9fis majeurs au Burkina\"},{\"@type\":\"BreadcrumbList\",\"@id\":\"https:\/\/www.africa-press.net\/burkina-faso\/politique\/neo-sankarisme-et-panafricanisme-des-defis-majeurs-au-burkina#breadcrumb\",\"itemListElement\":[{\"@type\":\"ListItem\",\"position\":1,\"name\":\"Accueil\",\"item\":\"https:\/\/www.africa-press.net\/burkina-faso\/\"},{\"@type\":\"ListItem\",\"position\":2,\"name\":\"N\u00e9o-Sankarisme et panafricanisme : Des d\u00e9fis majeurs au Burkina\"}]},{\"@type\":\"WebSite\",\"@id\":\"https:\/\/www.africa-press.net\/burkina-faso\/#website\",\"url\":\"https:\/\/www.africa-press.net\/burkina-faso\/\",\"name\":\"Burkina Faso\",\"description\":\"Just another Africa News Agency Sites site\",\"potentialAction\":[{\"@type\":\"SearchAction\",\"target\":{\"@type\":\"EntryPoint\",\"urlTemplate\":\"https:\/\/www.africa-press.net\/burkina-faso\/?s={search_term_string}\"},\"query-input\":{\"@type\":\"PropertyValueSpecification\",\"valueRequired\":true,\"valueName\":\"search_term_string\"}}],\"inLanguage\":\"fr-FR\"},{\"@type\":\"Person\",\"@id\":\"https:\/\/www.africa-press.net\/burkina-faso\/#\/schema\/person\/2b1cf3cd81a31e3cd26889ca66d677f1\",\"name\":\"cfeditorfr\"}]}<\/script>\n<!-- \/ Yoast SEO Premium plugin. -->","yoast_head_json":{"title":"N\u00e9o-Sankarisme et panafricanisme : Des d\u00e9fis majeurs au Burkina - Burkina Faso","robots":{"index":"index","follow":"follow","max-snippet":"max-snippet:-1","max-image-preview":"max-image-preview:large","max-video-preview":"max-video-preview:-1"},"canonical":"https:\/\/www.africa-press.net\/burkina-faso\/politique\/neo-sankarisme-et-panafricanisme-des-defis-majeurs-au-burkina","og_locale":"fr_FR","og_type":"article","og_title":"N\u00e9o-Sankarisme et panafricanisme : Des d\u00e9fis majeurs au Burkina","og_description":"Africa-Press &#8211; Burkina Faso. De quels panafricanismes se re\u0301clament les jeunes ge\u0301ne\u0301rations d\u2019Africains ? Au Burkina Faso, le mouvement est e\u0301galement en vogue, il fait des recrues et il produit des e\u0301mules d\u2019un re\u0301veil militant aux jargons bien outille\u0301s. De ce point de vue, l\u2019he\u0301ritage du \u00ab Sankarisme \u00bb pe\u0300se lourdement dans la balance. Les [&hellip;]","og_url":"https:\/\/www.africa-press.net\/burkina-faso\/politique\/neo-sankarisme-et-panafricanisme-des-defis-majeurs-au-burkina","og_site_name":"Burkina Faso","article_published_time":"2022-12-03T14:50:32+00:00","author":"cfeditorfr","twitter_card":"summary_large_image","twitter_misc":{"\u00c9crit par":"cfeditorfr","Dur\u00e9e de lecture estim\u00e9e":"4 minutes"},"schema":{"@context":"https:\/\/schema.org","@graph":[{"@type":"Article","@id":"https:\/\/www.africa-press.net\/burkina-faso\/politique\/neo-sankarisme-et-panafricanisme-des-defis-majeurs-au-burkina#article","isPartOf":{"@id":"https:\/\/www.africa-press.net\/burkina-faso\/politique\/neo-sankarisme-et-panafricanisme-des-defis-majeurs-au-burkina"},"author":{"name":"cfeditorfr","@id":"https:\/\/www.africa-press.net\/burkina-faso\/#\/schema\/person\/2b1cf3cd81a31e3cd26889ca66d677f1"},"headline":"N\u00e9o-Sankarisme et panafricanisme : Des d\u00e9fis majeurs au Burkina","datePublished":"2022-12-03T14:50:32+00:00","mainEntityOfPage":{"@id":"https:\/\/www.africa-press.net\/burkina-faso\/politique\/neo-sankarisme-et-panafricanisme-des-defis-majeurs-au-burkina"},"wordCount":813,"commentCount":0,"image":{"@id":"https:\/\/www.africa-press.net\/burkina-faso\/politique\/neo-sankarisme-et-panafricanisme-des-defis-majeurs-au-burkina#primaryimage"},"thumbnailUrl":"https:\/\/static.africa-press.net\/burkina\/sites\/42\/2022\/12\/postQueueImg_1670066456.85.jpg","keywords":["Africa Press","Africa Press-Burkina Faso","Burkina Faso"],"articleSection":["Dossiers","Toutes les actualit\u00e9s"],"inLanguage":"fr-FR","potentialAction":[{"@type":"CommentAction","name":"Comment","target":["https:\/\/www.africa-press.net\/burkina-faso\/politique\/neo-sankarisme-et-panafricanisme-des-defis-majeurs-au-burkina#respond"]}]},{"@type":"WebPage","@id":"https:\/\/www.africa-press.net\/burkina-faso\/politique\/neo-sankarisme-et-panafricanisme-des-defis-majeurs-au-burkina","url":"https:\/\/www.africa-press.net\/burkina-faso\/politique\/neo-sankarisme-et-panafricanisme-des-defis-majeurs-au-burkina","name":"N\u00e9o-Sankarisme et panafricanisme : Des d\u00e9fis majeurs au Burkina - Burkina Faso","isPartOf":{"@id":"https:\/\/www.africa-press.net\/burkina-faso\/#website"},"primaryImageOfPage":{"@id":"https:\/\/www.africa-press.net\/burkina-faso\/politique\/neo-sankarisme-et-panafricanisme-des-defis-majeurs-au-burkina#primaryimage"},"image":{"@id":"https:\/\/www.africa-press.net\/burkina-faso\/politique\/neo-sankarisme-et-panafricanisme-des-defis-majeurs-au-burkina#primaryimage"},"thumbnailUrl":"https:\/\/static.africa-press.net\/burkina\/sites\/42\/2022\/12\/postQueueImg_1670066456.85.jpg","datePublished":"2022-12-03T14:50:32+00:00","author":{"@id":"https:\/\/www.africa-press.net\/burkina-faso\/#\/schema\/person\/2b1cf3cd81a31e3cd26889ca66d677f1"},"breadcrumb":{"@id":"https:\/\/www.africa-press.net\/burkina-faso\/politique\/neo-sankarisme-et-panafricanisme-des-defis-majeurs-au-burkina#breadcrumb"},"inLanguage":"fr-FR","potentialAction":[{"@type":"ReadAction","target":["https:\/\/www.africa-press.net\/burkina-faso\/politique\/neo-sankarisme-et-panafricanisme-des-defis-majeurs-au-burkina"]}]},{"@type":"ImageObject","inLanguage":"fr-FR","@id":"https:\/\/www.africa-press.net\/burkina-faso\/politique\/neo-sankarisme-et-panafricanisme-des-defis-majeurs-au-burkina#primaryimage","url":"https:\/\/static.africa-press.net\/burkina\/sites\/42\/2022\/12\/postQueueImg_1670066456.85.jpg","contentUrl":"https:\/\/static.africa-press.net\/burkina\/sites\/42\/2022\/12\/postQueueImg_1670066456.85.jpg","width":720,"height":401,"caption":"N\u00e9o-Sankarisme et panafricanisme : Des d\u00e9fis majeurs au Burkina"},{"@type":"BreadcrumbList","@id":"https:\/\/www.africa-press.net\/burkina-faso\/politique\/neo-sankarisme-et-panafricanisme-des-defis-majeurs-au-burkina#breadcrumb","itemListElement":[{"@type":"ListItem","position":1,"name":"Accueil","item":"https:\/\/www.africa-press.net\/burkina-faso\/"},{"@type":"ListItem","position":2,"name":"N\u00e9o-Sankarisme et panafricanisme : Des d\u00e9fis majeurs au Burkina"}]},{"@type":"WebSite","@id":"https:\/\/www.africa-press.net\/burkina-faso\/#website","url":"https:\/\/www.africa-press.net\/burkina-faso\/","name":"Burkina Faso","description":"Just another Africa News Agency Sites site","potentialAction":[{"@type":"SearchAction","target":{"@type":"EntryPoint","urlTemplate":"https:\/\/www.africa-press.net\/burkina-faso\/?s={search_term_string}"},"query-input":{"@type":"PropertyValueSpecification","valueRequired":true,"valueName":"search_term_string"}}],"inLanguage":"fr-FR"},{"@type":"Person","@id":"https:\/\/www.africa-press.net\/burkina-faso\/#\/schema\/person\/2b1cf3cd81a31e3cd26889ca66d677f1","name":"cfeditorfr"}]}},"_links":{"self":[{"href":"https:\/\/www.africa-press.net\/burkina-faso\/wp-json\/wp\/v2\/posts\/54135","targetHints":{"allow":["GET"]}}],"collection":[{"href":"https:\/\/www.africa-press.net\/burkina-faso\/wp-json\/wp\/v2\/posts"}],"about":[{"href":"https:\/\/www.africa-press.net\/burkina-faso\/wp-json\/wp\/v2\/types\/post"}],"author":[{"embeddable":true,"href":"https:\/\/www.africa-press.net\/burkina-faso\/wp-json\/wp\/v2\/users\/82"}],"replies":[{"embeddable":true,"href":"https:\/\/www.africa-press.net\/burkina-faso\/wp-json\/wp\/v2\/comments?post=54135"}],"version-history":[{"count":0,"href":"https:\/\/www.africa-press.net\/burkina-faso\/wp-json\/wp\/v2\/posts\/54135\/revisions"}],"wp:featuredmedia":[{"embeddable":true,"href":"https:\/\/www.africa-press.net\/burkina-faso\/wp-json\/wp\/v2\/media\/54134"}],"wp:attachment":[{"href":"https:\/\/www.africa-press.net\/burkina-faso\/wp-json\/wp\/v2\/media?parent=54135"}],"wp:term":[{"taxonomy":"category","embeddable":true,"href":"https:\/\/www.africa-press.net\/burkina-faso\/wp-json\/wp\/v2\/categories?post=54135"},{"taxonomy":"post_tag","embeddable":true,"href":"https:\/\/www.africa-press.net\/burkina-faso\/wp-json\/wp\/v2\/tags?post=54135"}],"curies":[{"name":"wp","href":"https:\/\/api.w.org\/{rel}","templated":true}]}}