{"id":55953,"date":"2023-01-04T18:00:42","date_gmt":"2023-01-04T18:00:42","guid":{"rendered":"https:\/\/www.africa-press.net\/burkina-faso\/politique\/le-burkina-faso-demande-le-depart-de-lambassadeur-francais-apres-une-perte-de-confiance"},"modified":"2023-01-04T18:15:59","modified_gmt":"2023-01-04T18:15:59","slug":"le-burkina-faso-demande-le-depart-de-lambassadeur-francais-apres-une-perte-de-confiance","status":"publish","type":"post","link":"https:\/\/www.africa-press.net\/burkina-faso\/politique\/le-burkina-faso-demande-le-depart-de-lambassadeur-francais-apres-une-perte-de-confiance","title":{"rendered":"Le Burkina Faso demande le d\u00e9part de l\u2019ambassadeur fran\u00e7ais apr\u00e8s \u00abune perte de confiance\u00bb"},"content":{"rendered":"<p><span style=\"color: #ff6600\"><strong>Africa-Press &#8211; Burkina Faso. <\/strong><\/span><b>Le Burkina Faso n\u2019a plus confiance en l\u2019ambassadeur de France Luc Hallade. Il re\u0301clame, depuis une quinzaine de jours aux autorite\u0301s franc\u0327aises, son remplacement, rapporte l\u2019Agence d\u2019information du Burkina (AIB). <\/b><\/p>\n<p>\u00abC\u2019est une crise de confiance. Ce n\u2019est pas la fin de la relation diplomatique mais c\u2019est l\u2019interlocuteur que nous demandons simplement de changer\u00bb, a indique\u0301 a\u0300 l\u2019AIB, une source proche du dossier.<\/p>\n<p>Une lettre officielle a e\u0301te\u0301 envoye\u0301e dans ce sens le 20 de\u0301cembre 2022 au ministe\u0300re franc\u0327ais des Affaires e\u0301trange\u0300res. \u00abIl ne s\u2019agit pas d\u2019une rupture avec la France mais nous ne voulons plus collaborer avec cet ambassadeur\u00bb, insiste la source de l\u2019AIB.<\/p>\n<p>&nbsp;<\/p>\n<p><strong>Pour plus d&rsquo;informations et d&rsquo;analyses sur la <a href=\"https:\/\/www.africa-press.net\/burkina-faso\">Burkina Faso<\/a>, suivez <a href=\"https:\/\/www.africa-press.net\/\">Africa-Press<\/a><\/strong><\/p>\n","protected":false},"excerpt":{"rendered":"<p>Africa-Press &#8211; Burkina Faso. Le Burkina Faso n\u2019a plus confiance en l\u2019ambassadeur de France Luc Hallade. Il re\u0301clame, depuis une quinzaine de jours aux autorite\u0301s franc\u0327aises, son remplacement, rapporte l\u2019Agence d\u2019information du Burkina (AIB). \u00abC\u2019est une crise de confiance. Ce n\u2019est pas la fin de la relation diplomatique mais c\u2019est l\u2019interlocuteur que nous demandons simplement [&hellip;]<\/p>\n","protected":false},"author":82,"featured_media":55952,"comment_status":"open","ping_status":"closed","sticky":false,"template":"","format":"standard","meta":{"footnotes":""},"categories":[2,10],"tags":[111,725,29],"class_list":["post-55953","post","type-post","status-publish","format-standard","has-post-thumbnail","hentry","category-politique","category-toutes-les-actualites","tag-africa-press","tag-africa-press-burkina-faso","tag-burkina-faso"],"yoast_head":"<!-- This site is optimized with the Yoast SEO Premium plugin v26.1 (Yoast SEO v27.0) - https:\/\/yoast.com\/product\/yoast-seo-premium-wordpress\/ -->\n<title>Le Burkina Faso demande le d\u00e9part de l\u2019ambassadeur fran\u00e7ais apr\u00e8s \u00abune perte de confiance\u00bb - Burkina Faso<\/title>\n<meta name=\"description\" content=\"Le Burkina Faso n\u2019a plus confiance en l\u2019ambassadeur de France Luc Hallade. Il re\u0301clame, depuis une quinzaine de jours ...\" \/>\n<meta name=\"robots\" content=\"index, follow, max-snippet:-1, max-image-preview:large, max-video-preview:-1\" \/>\n<link rel=\"canonical\" href=\"https:\/\/www.africa-press.net\/burkina-faso\/politique\/le-burkina-faso-demande-le-depart-de-lambassadeur-francais-apres-une-perte-de-confiance\" \/>\n<meta property=\"og:locale\" content=\"fr_FR\" \/>\n<meta property=\"og:type\" content=\"article\" \/>\n<meta property=\"og:title\" content=\"Le Burkina Faso demande le d\u00e9part de l\u2019ambassadeur fran\u00e7ais apr\u00e8s \u00abune perte de confiance\u00bb\" \/>\n<meta property=\"og:description\" content=\"Le Burkina Faso n\u2019a plus confiance en l\u2019ambassadeur de France Luc Hallade. Il re\u0301clame, depuis une quinzaine de jours ...\" \/>\n<meta property=\"og:url\" content=\"https:\/\/www.africa-press.net\/burkina-faso\/politique\/le-burkina-faso-demande-le-depart-de-lambassadeur-francais-apres-une-perte-de-confiance\" \/>\n<meta property=\"og:site_name\" content=\"Burkina Faso\" \/>\n<meta property=\"article:published_time\" content=\"2023-01-04T18:00:42+00:00\" \/>\n<meta property=\"article:modified_time\" content=\"2023-01-04T18:15:59+00:00\" \/>\n<meta property=\"og:image\" content=\"https:\/\/static.africa-press.net\/burkina\/sites\/42\/2023\/01\/postQueueImg_1672842656.90.jpg\" \/>\n\t<meta property=\"og:image:width\" content=\"720\" \/>\n\t<meta property=\"og:image:height\" content=\"480\" \/>\n\t<meta property=\"og:image:type\" content=\"image\/jpeg\" \/>\n<meta name=\"author\" content=\"cfeditorfr\" \/>\n<meta name=\"twitter:card\" content=\"summary_large_image\" \/>\n<meta name=\"twitter:label1\" content=\"\u00c9crit par\" \/>\n\t<meta name=\"twitter:data1\" content=\"cfeditorfr\" \/>\n\t<meta name=\"twitter:label2\" content=\"Dur\u00e9e de lecture estim\u00e9e\" \/>\n\t<meta name=\"twitter:data2\" content=\"1 minute\" \/>\n<script type=\"application\/ld+json\" class=\"yoast-schema-graph\">{\"@context\":\"https:\/\/schema.org\",\"@graph\":[{\"@type\":\"Article\",\"@id\":\"https:\/\/www.africa-press.net\/burkina-faso\/politique\/le-burkina-faso-demande-le-depart-de-lambassadeur-francais-apres-une-perte-de-confiance#article\",\"isPartOf\":{\"@id\":\"https:\/\/www.africa-press.net\/burkina-faso\/politique\/le-burkina-faso-demande-le-depart-de-lambassadeur-francais-apres-une-perte-de-confiance\"},\"author\":{\"name\":\"cfeditorfr\",\"@id\":\"https:\/\/www.africa-press.net\/burkina-faso\/#\/schema\/person\/2b1cf3cd81a31e3cd26889ca66d677f1\"},\"headline\":\"Le Burkina Faso demande le d\u00e9part de l\u2019ambassadeur fran\u00e7ais apr\u00e8s \u00abune perte de confiance\u00bb\",\"datePublished\":\"2023-01-04T18:00:42+00:00\",\"dateModified\":\"2023-01-04T18:15:59+00:00\",\"mainEntityOfPage\":{\"@id\":\"https:\/\/www.africa-press.net\/burkina-faso\/politique\/le-burkina-faso-demande-le-depart-de-lambassadeur-francais-apres-une-perte-de-confiance\"},\"wordCount\":160,\"commentCount\":0,\"image\":{\"@id\":\"https:\/\/www.africa-press.net\/burkina-faso\/politique\/le-burkina-faso-demande-le-depart-de-lambassadeur-francais-apres-une-perte-de-confiance#primaryimage\"},\"thumbnailUrl\":\"https:\/\/static.africa-press.net\/burkina\/sites\/42\/2023\/01\/postQueueImg_1672842656.90.jpg\",\"keywords\":[\"Africa Press\",\"Africa Press-Burkina Faso\",\"Burkina Faso\"],\"articleSection\":[\"Politique\",\"Toutes les actualit\u00e9s\"],\"inLanguage\":\"fr-FR\",\"potentialAction\":[{\"@type\":\"CommentAction\",\"name\":\"Comment\",\"target\":[\"https:\/\/www.africa-press.net\/burkina-faso\/politique\/le-burkina-faso-demande-le-depart-de-lambassadeur-francais-apres-une-perte-de-confiance#respond\"]}]},{\"@type\":\"WebPage\",\"@id\":\"https:\/\/www.africa-press.net\/burkina-faso\/politique\/le-burkina-faso-demande-le-depart-de-lambassadeur-francais-apres-une-perte-de-confiance\",\"url\":\"https:\/\/www.africa-press.net\/burkina-faso\/politique\/le-burkina-faso-demande-le-depart-de-lambassadeur-francais-apres-une-perte-de-confiance\",\"name\":\"Le Burkina Faso demande le d\u00e9part de l\u2019ambassadeur fran\u00e7ais apr\u00e8s \u00abune perte de confiance\u00bb - Burkina Faso\",\"isPartOf\":{\"@id\":\"https:\/\/www.africa-press.net\/burkina-faso\/#website\"},\"primaryImageOfPage\":{\"@id\":\"https:\/\/www.africa-press.net\/burkina-faso\/politique\/le-burkina-faso-demande-le-depart-de-lambassadeur-francais-apres-une-perte-de-confiance#primaryimage\"},\"image\":{\"@id\":\"https:\/\/www.africa-press.net\/burkina-faso\/politique\/le-burkina-faso-demande-le-depart-de-lambassadeur-francais-apres-une-perte-de-confiance#primaryimage\"},\"thumbnailUrl\":\"https:\/\/static.africa-press.net\/burkina\/sites\/42\/2023\/01\/postQueueImg_1672842656.90.jpg\",\"datePublished\":\"2023-01-04T18:00:42+00:00\",\"dateModified\":\"2023-01-04T18:15:59+00:00\",\"author\":{\"@id\":\"https:\/\/www.africa-press.net\/burkina-faso\/#\/schema\/person\/2b1cf3cd81a31e3cd26889ca66d677f1\"},\"description\":\"Le Burkina Faso n\u2019a plus confiance en l\u2019ambassadeur de France Luc Hallade. Il re\u0301clame, depuis une quinzaine de jours ...\",\"breadcrumb\":{\"@id\":\"https:\/\/www.africa-press.net\/burkina-faso\/politique\/le-burkina-faso-demande-le-depart-de-lambassadeur-francais-apres-une-perte-de-confiance#breadcrumb\"},\"inLanguage\":\"fr-FR\",\"potentialAction\":[{\"@type\":\"ReadAction\",\"target\":[\"https:\/\/www.africa-press.net\/burkina-faso\/politique\/le-burkina-faso-demande-le-depart-de-lambassadeur-francais-apres-une-perte-de-confiance\"]}]},{\"@type\":\"ImageObject\",\"inLanguage\":\"fr-FR\",\"@id\":\"https:\/\/www.africa-press.net\/burkina-faso\/politique\/le-burkina-faso-demande-le-depart-de-lambassadeur-francais-apres-une-perte-de-confiance#primaryimage\",\"url\":\"https:\/\/static.africa-press.net\/burkina\/sites\/42\/2023\/01\/postQueueImg_1672842656.90.jpg\",\"contentUrl\":\"https:\/\/static.africa-press.net\/burkina\/sites\/42\/2023\/01\/postQueueImg_1672842656.90.jpg\",\"width\":720,\"height\":480,\"caption\":\"Le Burkina Faso demande le d\u00e9part de l\u2019ambassadeur fran\u00e7ais apr\u00e8s \u00abune perte de confiance\u00bb\"},{\"@type\":\"BreadcrumbList\",\"@id\":\"https:\/\/www.africa-press.net\/burkina-faso\/politique\/le-burkina-faso-demande-le-depart-de-lambassadeur-francais-apres-une-perte-de-confiance#breadcrumb\",\"itemListElement\":[{\"@type\":\"ListItem\",\"position\":1,\"name\":\"Accueil\",\"item\":\"https:\/\/www.africa-press.net\/burkina-faso\/\"},{\"@type\":\"ListItem\",\"position\":2,\"name\":\"Le Burkina Faso demande le d\u00e9part de l\u2019ambassadeur fran\u00e7ais apr\u00e8s \u00abune perte de confiance\u00bb\"}]},{\"@type\":\"WebSite\",\"@id\":\"https:\/\/www.africa-press.net\/burkina-faso\/#website\",\"url\":\"https:\/\/www.africa-press.net\/burkina-faso\/\",\"name\":\"Burkina Faso\",\"description\":\"Just another Africa News Agency Sites site\",\"potentialAction\":[{\"@type\":\"SearchAction\",\"target\":{\"@type\":\"EntryPoint\",\"urlTemplate\":\"https:\/\/www.africa-press.net\/burkina-faso\/?s={search_term_string}\"},\"query-input\":{\"@type\":\"PropertyValueSpecification\",\"valueRequired\":true,\"valueName\":\"search_term_string\"}}],\"inLanguage\":\"fr-FR\"},{\"@type\":\"Person\",\"@id\":\"https:\/\/www.africa-press.net\/burkina-faso\/#\/schema\/person\/2b1cf3cd81a31e3cd26889ca66d677f1\",\"name\":\"cfeditorfr\"}]}<\/script>\n<!-- \/ Yoast SEO Premium plugin. -->","yoast_head_json":{"title":"Le Burkina Faso demande le d\u00e9part de l\u2019ambassadeur fran\u00e7ais apr\u00e8s \u00abune perte de confiance\u00bb - Burkina Faso","description":"Le Burkina Faso n\u2019a plus confiance en l\u2019ambassadeur de France Luc Hallade. Il re\u0301clame, depuis une quinzaine de jours ...","robots":{"index":"index","follow":"follow","max-snippet":"max-snippet:-1","max-image-preview":"max-image-preview:large","max-video-preview":"max-video-preview:-1"},"canonical":"https:\/\/www.africa-press.net\/burkina-faso\/politique\/le-burkina-faso-demande-le-depart-de-lambassadeur-francais-apres-une-perte-de-confiance","og_locale":"fr_FR","og_type":"article","og_title":"Le Burkina Faso demande le d\u00e9part de l\u2019ambassadeur fran\u00e7ais apr\u00e8s \u00abune perte de confiance\u00bb","og_description":"Le Burkina Faso n\u2019a plus confiance en l\u2019ambassadeur de France Luc Hallade. Il re\u0301clame, depuis une quinzaine de jours ...","og_url":"https:\/\/www.africa-press.net\/burkina-faso\/politique\/le-burkina-faso-demande-le-depart-de-lambassadeur-francais-apres-une-perte-de-confiance","og_site_name":"Burkina Faso","article_published_time":"2023-01-04T18:00:42+00:00","article_modified_time":"2023-01-04T18:15:59+00:00","og_image":[{"width":720,"height":480,"url":"https:\/\/static.africa-press.net\/burkina\/sites\/42\/2023\/01\/postQueueImg_1672842656.90.jpg","type":"image\/jpeg"}],"author":"cfeditorfr","twitter_card":"summary_large_image","twitter_misc":{"\u00c9crit par":"cfeditorfr","Dur\u00e9e de lecture estim\u00e9e":"1 minute"},"schema":{"@context":"https:\/\/schema.org","@graph":[{"@type":"Article","@id":"https:\/\/www.africa-press.net\/burkina-faso\/politique\/le-burkina-faso-demande-le-depart-de-lambassadeur-francais-apres-une-perte-de-confiance#article","isPartOf":{"@id":"https:\/\/www.africa-press.net\/burkina-faso\/politique\/le-burkina-faso-demande-le-depart-de-lambassadeur-francais-apres-une-perte-de-confiance"},"author":{"name":"cfeditorfr","@id":"https:\/\/www.africa-press.net\/burkina-faso\/#\/schema\/person\/2b1cf3cd81a31e3cd26889ca66d677f1"},"headline":"Le Burkina Faso demande le d\u00e9part de l\u2019ambassadeur fran\u00e7ais apr\u00e8s \u00abune perte de confiance\u00bb","datePublished":"2023-01-04T18:00:42+00:00","dateModified":"2023-01-04T18:15:59+00:00","mainEntityOfPage":{"@id":"https:\/\/www.africa-press.net\/burkina-faso\/politique\/le-burkina-faso-demande-le-depart-de-lambassadeur-francais-apres-une-perte-de-confiance"},"wordCount":160,"commentCount":0,"image":{"@id":"https:\/\/www.africa-press.net\/burkina-faso\/politique\/le-burkina-faso-demande-le-depart-de-lambassadeur-francais-apres-une-perte-de-confiance#primaryimage"},"thumbnailUrl":"https:\/\/static.africa-press.net\/burkina\/sites\/42\/2023\/01\/postQueueImg_1672842656.90.jpg","keywords":["Africa Press","Africa Press-Burkina Faso","Burkina Faso"],"articleSection":["Politique","Toutes les actualit\u00e9s"],"inLanguage":"fr-FR","potentialAction":[{"@type":"CommentAction","name":"Comment","target":["https:\/\/www.africa-press.net\/burkina-faso\/politique\/le-burkina-faso-demande-le-depart-de-lambassadeur-francais-apres-une-perte-de-confiance#respond"]}]},{"@type":"WebPage","@id":"https:\/\/www.africa-press.net\/burkina-faso\/politique\/le-burkina-faso-demande-le-depart-de-lambassadeur-francais-apres-une-perte-de-confiance","url":"https:\/\/www.africa-press.net\/burkina-faso\/politique\/le-burkina-faso-demande-le-depart-de-lambassadeur-francais-apres-une-perte-de-confiance","name":"Le Burkina Faso demande le d\u00e9part de l\u2019ambassadeur fran\u00e7ais apr\u00e8s \u00abune perte de confiance\u00bb - Burkina Faso","isPartOf":{"@id":"https:\/\/www.africa-press.net\/burkina-faso\/#website"},"primaryImageOfPage":{"@id":"https:\/\/www.africa-press.net\/burkina-faso\/politique\/le-burkina-faso-demande-le-depart-de-lambassadeur-francais-apres-une-perte-de-confiance#primaryimage"},"image":{"@id":"https:\/\/www.africa-press.net\/burkina-faso\/politique\/le-burkina-faso-demande-le-depart-de-lambassadeur-francais-apres-une-perte-de-confiance#primaryimage"},"thumbnailUrl":"https:\/\/static.africa-press.net\/burkina\/sites\/42\/2023\/01\/postQueueImg_1672842656.90.jpg","datePublished":"2023-01-04T18:00:42+00:00","dateModified":"2023-01-04T18:15:59+00:00","author":{"@id":"https:\/\/www.africa-press.net\/burkina-faso\/#\/schema\/person\/2b1cf3cd81a31e3cd26889ca66d677f1"},"description":"Le Burkina Faso n\u2019a plus confiance en l\u2019ambassadeur de France Luc Hallade. Il re\u0301clame, depuis une quinzaine de jours ...","breadcrumb":{"@id":"https:\/\/www.africa-press.net\/burkina-faso\/politique\/le-burkina-faso-demande-le-depart-de-lambassadeur-francais-apres-une-perte-de-confiance#breadcrumb"},"inLanguage":"fr-FR","potentialAction":[{"@type":"ReadAction","target":["https:\/\/www.africa-press.net\/burkina-faso\/politique\/le-burkina-faso-demande-le-depart-de-lambassadeur-francais-apres-une-perte-de-confiance"]}]},{"@type":"ImageObject","inLanguage":"fr-FR","@id":"https:\/\/www.africa-press.net\/burkina-faso\/politique\/le-burkina-faso-demande-le-depart-de-lambassadeur-francais-apres-une-perte-de-confiance#primaryimage","url":"https:\/\/static.africa-press.net\/burkina\/sites\/42\/2023\/01\/postQueueImg_1672842656.90.jpg","contentUrl":"https:\/\/static.africa-press.net\/burkina\/sites\/42\/2023\/01\/postQueueImg_1672842656.90.jpg","width":720,"height":480,"caption":"Le Burkina Faso demande le d\u00e9part de l\u2019ambassadeur fran\u00e7ais apr\u00e8s \u00abune perte de confiance\u00bb"},{"@type":"BreadcrumbList","@id":"https:\/\/www.africa-press.net\/burkina-faso\/politique\/le-burkina-faso-demande-le-depart-de-lambassadeur-francais-apres-une-perte-de-confiance#breadcrumb","itemListElement":[{"@type":"ListItem","position":1,"name":"Accueil","item":"https:\/\/www.africa-press.net\/burkina-faso\/"},{"@type":"ListItem","position":2,"name":"Le Burkina Faso demande le d\u00e9part de l\u2019ambassadeur fran\u00e7ais apr\u00e8s \u00abune perte de confiance\u00bb"}]},{"@type":"WebSite","@id":"https:\/\/www.africa-press.net\/burkina-faso\/#website","url":"https:\/\/www.africa-press.net\/burkina-faso\/","name":"Burkina Faso","description":"Just another Africa News Agency Sites site","potentialAction":[{"@type":"SearchAction","target":{"@type":"EntryPoint","urlTemplate":"https:\/\/www.africa-press.net\/burkina-faso\/?s={search_term_string}"},"query-input":{"@type":"PropertyValueSpecification","valueRequired":true,"valueName":"search_term_string"}}],"inLanguage":"fr-FR"},{"@type":"Person","@id":"https:\/\/www.africa-press.net\/burkina-faso\/#\/schema\/person\/2b1cf3cd81a31e3cd26889ca66d677f1","name":"cfeditorfr"}]}},"_links":{"self":[{"href":"https:\/\/www.africa-press.net\/burkina-faso\/wp-json\/wp\/v2\/posts\/55953","targetHints":{"allow":["GET"]}}],"collection":[{"href":"https:\/\/www.africa-press.net\/burkina-faso\/wp-json\/wp\/v2\/posts"}],"about":[{"href":"https:\/\/www.africa-press.net\/burkina-faso\/wp-json\/wp\/v2\/types\/post"}],"author":[{"embeddable":true,"href":"https:\/\/www.africa-press.net\/burkina-faso\/wp-json\/wp\/v2\/users\/82"}],"replies":[{"embeddable":true,"href":"https:\/\/www.africa-press.net\/burkina-faso\/wp-json\/wp\/v2\/comments?post=55953"}],"version-history":[{"count":0,"href":"https:\/\/www.africa-press.net\/burkina-faso\/wp-json\/wp\/v2\/posts\/55953\/revisions"}],"wp:featuredmedia":[{"embeddable":true,"href":"https:\/\/www.africa-press.net\/burkina-faso\/wp-json\/wp\/v2\/media\/55952"}],"wp:attachment":[{"href":"https:\/\/www.africa-press.net\/burkina-faso\/wp-json\/wp\/v2\/media?parent=55953"}],"wp:term":[{"taxonomy":"category","embeddable":true,"href":"https:\/\/www.africa-press.net\/burkina-faso\/wp-json\/wp\/v2\/categories?post=55953"},{"taxonomy":"post_tag","embeddable":true,"href":"https:\/\/www.africa-press.net\/burkina-faso\/wp-json\/wp\/v2\/tags?post=55953"}],"curies":[{"name":"wp","href":"https:\/\/api.w.org\/{rel}","templated":true}]}}