{"id":57445,"date":"2023-01-29T18:34:17","date_gmt":"2023-01-29T18:34:17","guid":{"rendered":"https:\/\/www.africa-press.net\/burkina-faso\/politique\/cooperation-lagence-italienne-de-cooperation-evalue-limpact-de-ses-interventions-au-burkina"},"modified":"2023-01-29T18:34:17","modified_gmt":"2023-01-29T18:34:17","slug":"cooperation-lagence-italienne-de-cooperation-evalue-limpact-de-ses-interventions-au-burkina","status":"publish","type":"post","link":"https:\/\/www.africa-press.net\/burkina-faso\/politique\/cooperation-lagence-italienne-de-cooperation-evalue-limpact-de-ses-interventions-au-burkina","title":{"rendered":"Coop\u00e9ration : L&rsquo;Agence italienne de coop\u00e9ration \u00e9value l&rsquo;impact de ses interventions au Burkina"},"content":{"rendered":"<p><span style=\"color: #ff6600\"><strong>Africa-Press &#8211; Burkina Faso. <\/strong><\/span><b>Ouagadougou a abrite\u0301, le 27 janvier 2023, un atelier de restitution de l\u2019e\u0301tude d\u2019e\u0301valuation de l\u2019impact des initiatives de lutte contre la malnutrition chronique, finance\u0301es par l\u2019Agence italienne pour la coope\u0301ration au de\u0301veloppement (AICS) sur la pe\u0301riode 2015-2022. La ce\u0301re\u0301monie d\u2019ouverture a e\u0301te\u0301 pre\u0301side\u0301e par la repre\u0301sentante du ministre de la Sante\u0301 et de l\u2019Hygie\u0300ne publique, Dr Ella Compaore\u0301.<\/b><\/p>\n<p>Selon les re\u0301sultats de l\u2019enque\u0302te nationale nutritionnelle, entre 2009 et 2018, la pre\u0301valence de la malnutrition chronique au Burkina Faso a diminue\u0301 de 35% a\u0300 25%, et le nombre d\u2019enfants pre\u0301sentant un retard de croissance est passe\u0301 de 1 000 000 a\u0300 800 000, conforme\u0301ment a\u0300 l\u2019objectif de 2025. Malheureusement, l\u2019on constate que de 2018 a\u0300 2020, au niveau national, la pre\u0301valence du retard de croissance n\u2019a plus diminue\u0301 et s\u2019est stabilise\u0301e a\u0300 25%.<\/p>\n<p>Dans le cadre du renforcement de la lutte contre la malnutrition sous toutes ses formes, le Burkina Faso s\u2019est dote\u0301 d\u2019une politique nationale multisectorielle de nutrition (2020-2029) dont l\u2019objectif est d\u2019ame\u0301liorer l\u2019e\u0301tat nutritionnel des populations, en particulier les femmes, les enfants et les groupes vulne\u0301rables, a\u0300 travers la mise en \u0153uvre d\u2019interventions multisectorielles de nutrition.<\/p>\n<p>En soutien aux efforts du gouvernement, l\u2019Agence italienne pour la coope\u0301ration au de\u0301veloppement (AICS) a finance\u0301, a\u0300 hauteur de 13 millions d\u2019euros, sept projets de lutte contre la malnutrition chronique au cours de la pe\u0301riode 2015-2022. Il s\u2019agit, entre autres, des projets \u00ab Ame\u0301lioration des conditions nutritionnelles des femmes et des enfants dans les districts sanitaires de Garango et Tenkodogo \u00bb, \u00ab Lutte contre la malnutrition infantile chronique dans les re\u0301gions du Centre-Nord et du Sahel du Burkina Faso \u00bb, \u00ab Sante\u0301 et nutrition de la me\u0300re et de l\u2019enfant dans la re\u0301gion du Centre-Ouest \u00bb.<\/p>\n<p>Ces projets ont e\u0301te\u0301 re\u0301alise\u0301s gra\u0302ce a\u0300 l\u2019expertise et aux compe\u0301tences des diffe\u0301rents acteurs charge\u0301s de la mise en \u0153uvre. Dans l\u2019optique de connai\u0302tre l\u2019impact de ses interventions sur les populations, l\u2019AICS a commandite\u0301, en septembre 2022, une e\u0301tude d\u2019e\u0301valuation, re\u0301alise\u0301e par l\u2019expert de sante\u0301 Dr Ousmane Oue\u0301draogo. La re\u0301alisation de l\u2019e\u0301valuation des projets a consiste\u0301 en une analyse des documents des projets. Cet atelier est organise\u0301 dans le cadre de la disse\u0301mination des re\u0301sultats de cette e\u0301tude.<\/p>\n<p>De l\u2019appre\u0301ciation ge\u0301ne\u0301rale du directeur adjoint de l\u2019AICS, Miche\u0300le Civita, les re\u0301sultats engrange\u0301s sont encourageants. Pour preuve, les initiatives, qui ont permis de toucher plus de 830 000 be\u0301ne\u0301ficiaires dans six re\u0301gions du Burkina Faso, ont contribue\u0301 a\u0300 ame\u0301liorer l\u2019e\u0301tat nutritionnel des communaute\u0301s dans ces re\u0301gions et a\u0300 re\u0301duire le taux de malnutrition chronique, notamment des enfants de moins de deux ans, des me\u0300res allaitantes et des femmes enceintes.<\/p>\n<p>Un autre point fort qu\u2019il a releve\u0301, c\u2019est le fait que certaines interventions ont contribue\u0301 a\u0300 adresser les besoins alimentaires croissants des personnes vulne\u0301rables touche\u0301es par la crise humanitaire. Toutefois, une bonne nutrition n\u2019est possible que lorsqu\u2019un e\u0301ventail de facteurs sont re\u0301unis et offrent un cadre de de\u0301veloppement optimal aux individus : l\u2019agriculture, l\u2019e\u0301ducation, la sante\u0301, l\u2019acce\u0300s a\u0300 l\u2019eau, etc. C\u2019est pourquoi, la politique multisectorielle de nutrition mise en place par le gouvernement burkinabe\u0300 est partie inte\u0301grante du PNDES du Burkina Faso.<\/p>\n<p><b>Une diversite\u0301 d\u2019actions <\/b><\/p>\n<p>Le consultant Ousmane Oue\u0301draogo, en charge de la re\u0301alisation de l\u2019e\u0301tude, a, dans sa pre\u0301sentation, rappele\u0301 les champs d\u2019intervention de la coope\u0301ration italienne dans le cadre de la lutte contre la malnutrition. Il y en a plusieurs : les interventions spe\u0301cifiques a\u0300 la nutrition comme la prise en charge a\u0300 travers le de\u0301pistage de la malnutrition pre\u0301coce ; la promotion des pratiques optimales d\u2019Alimentation du nourrisson et du jeune enfant (ANJE) ; les de\u0301monstrations culinaires mais e\u0301galement la lutte contre les carences en micronutriments a\u0300 travers la supple\u0301mentation en micronutriments. A cela s\u2019ajoutent les interventions sensibles a\u0300 la nutrition a\u0300 travers la dotation des me\u0301nages et familles vulne\u0301rables en e\u0301le\u0301ments tels que des plants de produits forestiers non-ligneux qui permettent de produire et qui sont sources d\u2019activite\u0301s ge\u0301ne\u0301ratrices de revenus pour ces familles.<\/p>\n<p>Apre\u0300s avoir fait la gene\u0300se de la coope\u0301ration entre le Burkina Faso et l\u2019Italie, vieille de plus de trente ans, l\u2019ambassadeur d\u2019Italie Andrea Romussi a explique\u0301 que cette coope\u0301ration repose sur cinq piliers, a\u0300 savoir la personne, la plane\u0300te, la prospe\u0301rite\u0301, le partenariat et la vie. Il a, pour terminer, re\u0301affirme\u0301 l\u2019engagement de l\u2019Italie a\u0300 soutenir le secteur de la sante\u0301 et de la nutrition, pour le mieux-e\u0302tre de la population rurale et urbaine du Burkina Faso.<\/p>\n<p>Au cours de l\u2019atelier, divers personnes actives dans le secteur de la nutrition ont eu l\u2019opportunite\u0301 de partager leurs expe\u0301riences en termes de bonnes pratiques et de lec\u0327ons apprises. Ce qui a donne\u0301 vie a\u0300 un de\u0301bat vif, franc et productif, dans le but de renforcer les acquis des initiatives des partenaires de de\u0301veloppement et l\u2019alignement avec les priorite\u0301s nationales du Burkina Faso.<\/p>\n<p>Cette activite\u0301 marque e\u0301galement la clo\u0302ture du projet Lutte contre la malnutrition infantile chronique dans les re\u0301gions du Centre-Ouest et Sud-Ouest. Pour renforcer et maintenir les acquis de ce projet, un nouveau projet de trois millions d\u2019euros est en cours d\u2019approbation a\u0300 Rome.\r\n                <style type=\"text\/css\">\r\n                    \r\n                    #td_uid_1_69f5448647c53  .td-doubleSlider-2 .td-item1 {\r\n                        background: url(https:\/\/static.africa-press.net\/burkina\/sites\/42\/2023\/01\/postMediaimg_2_1-63d6bf9f0b819-80x60.jpg) 0 0 no-repeat;\r\n                    }\r\n                    #td_uid_1_69f5448647c53  .td-doubleSlider-2 .td-item2 {\r\n                        background: url(https:\/\/static.africa-press.net\/burkina\/sites\/42\/2023\/01\/postMediaimg_2_2-63d6bfad9c0ab-80x60.jpg) 0 0 no-repeat;\r\n                    }\r\n                    #td_uid_1_69f5448647c53  .td-doubleSlider-2 .td-item3 {\r\n                        background: url(https:\/\/static.africa-press.net\/burkina\/sites\/42\/2023\/01\/postMediaimg_2_3-63d6bfc3e7f6d-80x60.jpg) 0 0 no-repeat;\r\n                    }\r\n                    #td_uid_1_69f5448647c53  .td-doubleSlider-2 .td-item4 {\r\n                        background: url(https:\/\/static.africa-press.net\/burkina\/sites\/42\/2023\/01\/postMediaimg_2_4-80x60.jpg) 0 0 no-repeat;\r\n                    }\r\n                <\/style>\r\n\r\n                <div id=\"td_uid_1_69f5448647c53\" class=\"td-gallery td-slide-on-2-columns\">\r\n                    <div class=\"post_td_gallery\">\r\n                        <div class=\"td-gallery-slide-top\">\r\n                           <div class=\"td-gallery-title\"><\/div>\r\n\r\n                            <div class=\"td-gallery-controls-wrapper\">\r\n                                <div class=\"td-gallery-slide-count\"><span class=\"td-gallery-slide-item-focus\">1<\/span> de 4<\/div>\r\n                                <div class=\"td-gallery-slide-prev-next-but\">\r\n                                    <i class = \"td-icon-left doubleSliderPrevButton\"><\/i>\r\n                                    <i class = \"td-icon-right doubleSliderNextButton\"><\/i>\r\n                                <\/div>\r\n                            <\/div>\r\n                        <\/div>\r\n\r\n                        <div class = \"td-doubleSlider-1 \">\r\n                            <div class = \"td-slider\">\r\n                                \r\n                    <div class = \"td-slide-item td-item1\">\r\n                        <figure class=\"td-slide-galery-figure td-slide-popup-gallery\">\r\n                            <a class=\"slide-gallery-image-link\" href=\"https:\/\/static.africa-press.net\/burkina\/sites\/42\/2023\/01\/postMediaimg_2_1-63d6bf9f0b819.jpg\" title=\"postMediaimg_2_1-63d6bf9f0b819\"  data-caption=\"\"  data-description=\"\">\r\n                                <img decoding=\"async\" src=\"https:\/\/static.africa-press.net\/burkina\/sites\/42\/2023\/01\/postMediaimg_2_1-63d6bf9f0b819.jpg\" srcset=\"https:\/\/static.africa-press.net\/burkina\/sites\/42\/2023\/01\/postMediaimg_2_1-63d6bf9f0b819.jpg 600w, https:\/\/static.africa-press.net\/burkina\/sites\/42\/2023\/01\/postMediaimg_2_1-63d6bf9f0b819-300x225.jpg 300w, https:\/\/static.africa-press.net\/burkina\/sites\/42\/2023\/01\/postMediaimg_2_1-63d6bf9f0b819-80x60.jpg 80w\" sizes=\"(max-width: 600px) 100vw, 600px\" alt=\"\">\r\n                            <\/a>\r\n                            \r\n                        <\/figure>\r\n                    <\/div>\r\n                    <div class = \"td-slide-item td-item2\">\r\n                        <figure class=\"td-slide-galery-figure td-slide-popup-gallery\">\r\n                            <a class=\"slide-gallery-image-link\" href=\"https:\/\/static.africa-press.net\/burkina\/sites\/42\/2023\/01\/postMediaimg_2_2-63d6bfad9c0ab.jpg\" title=\"postMediaimg_2_2-63d6bfad9c0ab\"  data-caption=\"\"  data-description=\"\">\r\n                                <img decoding=\"async\" src=\"https:\/\/static.africa-press.net\/burkina\/sites\/42\/2023\/01\/postMediaimg_2_2-63d6bfad9c0ab.jpg\" srcset=\"https:\/\/static.africa-press.net\/burkina\/sites\/42\/2023\/01\/postMediaimg_2_2-63d6bfad9c0ab.jpg 600w, https:\/\/static.africa-press.net\/burkina\/sites\/42\/2023\/01\/postMediaimg_2_2-63d6bfad9c0ab-300x225.jpg 300w, https:\/\/static.africa-press.net\/burkina\/sites\/42\/2023\/01\/postMediaimg_2_2-63d6bfad9c0ab-80x60.jpg 80w\" sizes=\"(max-width: 600px) 100vw, 600px\" alt=\"\">\r\n                            <\/a>\r\n                            \r\n                        <\/figure>\r\n                    <\/div>\r\n                    <div class = \"td-slide-item td-item3\">\r\n                        <figure class=\"td-slide-galery-figure td-slide-popup-gallery\">\r\n                            <a class=\"slide-gallery-image-link\" href=\"https:\/\/static.africa-press.net\/burkina\/sites\/42\/2023\/01\/postMediaimg_2_3-63d6bfc3e7f6d.jpg\" title=\"postMediaimg_2_3-63d6bfc3e7f6d\"  data-caption=\"\"  data-description=\"\">\r\n                                <img decoding=\"async\" src=\"https:\/\/static.africa-press.net\/burkina\/sites\/42\/2023\/01\/postMediaimg_2_3-63d6bfc3e7f6d.jpg\" srcset=\"https:\/\/static.africa-press.net\/burkina\/sites\/42\/2023\/01\/postMediaimg_2_3-63d6bfc3e7f6d.jpg 600w, https:\/\/static.africa-press.net\/burkina\/sites\/42\/2023\/01\/postMediaimg_2_3-63d6bfc3e7f6d-300x225.jpg 300w, https:\/\/static.africa-press.net\/burkina\/sites\/42\/2023\/01\/postMediaimg_2_3-63d6bfc3e7f6d-80x60.jpg 80w\" sizes=\"(max-width: 600px) 100vw, 600px\" alt=\"\">\r\n                            <\/a>\r\n                            \r\n                        <\/figure>\r\n                    <\/div>\r\n                    <div class = \"td-slide-item td-item4\">\r\n                        <figure class=\"td-slide-galery-figure td-slide-popup-gallery\">\r\n                            <a class=\"slide-gallery-image-link\" href=\"https:\/\/static.africa-press.net\/burkina\/sites\/42\/2023\/01\/postMediaimg_2_4.jpg\" title=\"postMediaimg_2_4\"  data-caption=\"\"  data-description=\"\">\r\n                                <img decoding=\"async\" src=\"https:\/\/static.africa-press.net\/burkina\/sites\/42\/2023\/01\/postMediaimg_2_4.jpg\" srcset=\"https:\/\/static.africa-press.net\/burkina\/sites\/42\/2023\/01\/postMediaimg_2_4.jpg 600w, https:\/\/static.africa-press.net\/burkina\/sites\/42\/2023\/01\/postMediaimg_2_4-300x169.jpg 300w\" sizes=\"(max-width: 600px) 100vw, 600px\" alt=\"\">\r\n                            <\/a>\r\n                            \r\n                        <\/figure>\r\n                    <\/div>\r\n                            <\/div>\r\n                        <\/div>\r\n\r\n                        <div class = \"td-doubleSlider-2\">\r\n                            <div class = \"td-slider\">\r\n                                \r\n                    <div class = \"td-button td-item1\">\r\n                        <div class = \"td-border\"><\/div>\r\n                    <\/div>\r\n                    <div class = \"td-button td-item2\">\r\n                        <div class = \"td-border\"><\/div>\r\n                    <\/div>\r\n                    <div class = \"td-button td-item3\">\r\n                        <div class = \"td-border\"><\/div>\r\n                    <\/div>\r\n                    <div class = \"td-button td-item4\">\r\n                        <div class = \"td-border\"><\/div>\r\n                    <\/div>\r\n                            <\/div>\r\n                        <\/div>\r\n\r\n                    <\/div>\r\n\r\n                <\/div>\r\n                <\/p>\n<p><strong>Pour plus d&rsquo;informations et d&rsquo;analyses sur la <a href=\"https:\/\/www.africa-press.net\/burkina-faso\">Burkina Faso<\/a>, suivez <a href=\"https:\/\/www.africa-press.net\/\">Africa-Press<\/a><\/strong><\/p>\n","protected":false},"excerpt":{"rendered":"<p>Africa-Press &#8211; Burkina Faso. Ouagadougou a abrite\u0301, le 27 janvier 2023, un atelier de restitution de l\u2019e\u0301tude d\u2019e\u0301valuation de l\u2019impact des initiatives de lutte contre la malnutrition chronique, finance\u0301es par l\u2019Agence italienne pour la coope\u0301ration au de\u0301veloppement (AICS) sur la pe\u0301riode 2015-2022. La ce\u0301re\u0301monie d\u2019ouverture a e\u0301te\u0301 pre\u0301side\u0301e par la repre\u0301sentante du ministre de la [&hellip;]<\/p>\n","protected":false},"author":82,"featured_media":57444,"comment_status":"open","ping_status":"closed","sticky":false,"template":"","format":"standard","meta":{"footnotes":""},"categories":[8,2,10],"tags":[111,725,29],"class_list":["post-57445","post","type-post","status-publish","format-standard","has-post-thumbnail","hentry","category-photo","category-politique","category-toutes-les-actualites","tag-africa-press","tag-africa-press-burkina-faso","tag-burkina-faso"],"yoast_head":"<!-- This site is optimized with the Yoast SEO Premium plugin v26.1 (Yoast SEO v27.0) - https:\/\/yoast.com\/product\/yoast-seo-premium-wordpress\/ -->\n<title>Coop\u00e9ration : L&#039;Agence italienne de coop\u00e9ration \u00e9value l&#039;impact de ses interventions au Burkina - Burkina Faso<\/title>\n<meta name=\"robots\" content=\"index, follow, max-snippet:-1, max-image-preview:large, max-video-preview:-1\" \/>\n<link rel=\"canonical\" href=\"https:\/\/www.africa-press.net\/burkina-faso\/politique\/cooperation-lagence-italienne-de-cooperation-evalue-limpact-de-ses-interventions-au-burkina\" \/>\n<meta property=\"og:locale\" content=\"fr_FR\" \/>\n<meta property=\"og:type\" content=\"article\" \/>\n<meta property=\"og:title\" content=\"Coop\u00e9ration : L&#039;Agence italienne de coop\u00e9ration \u00e9value l&#039;impact de ses interventions au Burkina\" \/>\n<meta property=\"og:description\" content=\"Africa-Press &#8211; Burkina Faso. Ouagadougou a abrite\u0301, le 27 janvier 2023, un atelier de restitution de l\u2019e\u0301tude d\u2019e\u0301valuation de l\u2019impact des initiatives de lutte contre la malnutrition chronique, finance\u0301es par l\u2019Agence italienne pour la coope\u0301ration au de\u0301veloppement (AICS) sur la pe\u0301riode 2015-2022. La ce\u0301re\u0301monie d\u2019ouverture a e\u0301te\u0301 pre\u0301side\u0301e par la repre\u0301sentante du ministre de la [&hellip;]\" \/>\n<meta property=\"og:url\" content=\"https:\/\/www.africa-press.net\/burkina-faso\/politique\/cooperation-lagence-italienne-de-cooperation-evalue-limpact-de-ses-interventions-au-burkina\" \/>\n<meta property=\"og:site_name\" content=\"Burkina Faso\" \/>\n<meta property=\"article:published_time\" content=\"2023-01-29T18:34:17+00:00\" \/>\n<meta property=\"og:image\" content=\"https:\/\/static.africa-press.net\/burkina\/sites\/42\/2023\/01\/postMediaimg_2_1-63d6bf9f0b819.jpg\" \/>\n<meta name=\"author\" content=\"cfeditorfr\" \/>\n<meta name=\"twitter:card\" content=\"summary_large_image\" \/>\n<meta name=\"twitter:label1\" content=\"\u00c9crit par\" \/>\n\t<meta name=\"twitter:data1\" content=\"cfeditorfr\" \/>\n\t<meta name=\"twitter:label2\" content=\"Dur\u00e9e de lecture estim\u00e9e\" \/>\n\t<meta name=\"twitter:data2\" content=\"5 minutes\" \/>\n<script type=\"application\/ld+json\" class=\"yoast-schema-graph\">{\"@context\":\"https:\/\/schema.org\",\"@graph\":[{\"@type\":\"Article\",\"@id\":\"https:\/\/www.africa-press.net\/burkina-faso\/politique\/cooperation-lagence-italienne-de-cooperation-evalue-limpact-de-ses-interventions-au-burkina#article\",\"isPartOf\":{\"@id\":\"https:\/\/www.africa-press.net\/burkina-faso\/politique\/cooperation-lagence-italienne-de-cooperation-evalue-limpact-de-ses-interventions-au-burkina\"},\"author\":{\"name\":\"cfeditorfr\",\"@id\":\"https:\/\/www.africa-press.net\/burkina-faso\/#\/schema\/person\/2b1cf3cd81a31e3cd26889ca66d677f1\"},\"headline\":\"Coop\u00e9ration : L&rsquo;Agence italienne de coop\u00e9ration \u00e9value l&rsquo;impact de ses interventions au Burkina\",\"datePublished\":\"2023-01-29T18:34:17+00:00\",\"mainEntityOfPage\":{\"@id\":\"https:\/\/www.africa-press.net\/burkina-faso\/politique\/cooperation-lagence-italienne-de-cooperation-evalue-limpact-de-ses-interventions-au-burkina\"},\"wordCount\":1008,\"commentCount\":0,\"image\":{\"@id\":\"https:\/\/www.africa-press.net\/burkina-faso\/politique\/cooperation-lagence-italienne-de-cooperation-evalue-limpact-de-ses-interventions-au-burkina#primaryimage\"},\"thumbnailUrl\":\"https:\/\/static.africa-press.net\/burkina\/sites\/42\/2023\/01\/postQueueImg_1675004674.77.jpg\",\"keywords\":[\"Africa Press\",\"Africa Press-Burkina Faso\",\"Burkina Faso\"],\"articleSection\":[\"Photo\",\"Politique\",\"Toutes les actualit\u00e9s\"],\"inLanguage\":\"fr-FR\",\"potentialAction\":[{\"@type\":\"CommentAction\",\"name\":\"Comment\",\"target\":[\"https:\/\/www.africa-press.net\/burkina-faso\/politique\/cooperation-lagence-italienne-de-cooperation-evalue-limpact-de-ses-interventions-au-burkina#respond\"]}]},{\"@type\":\"WebPage\",\"@id\":\"https:\/\/www.africa-press.net\/burkina-faso\/politique\/cooperation-lagence-italienne-de-cooperation-evalue-limpact-de-ses-interventions-au-burkina\",\"url\":\"https:\/\/www.africa-press.net\/burkina-faso\/politique\/cooperation-lagence-italienne-de-cooperation-evalue-limpact-de-ses-interventions-au-burkina\",\"name\":\"Coop\u00e9ration : L'Agence italienne de coop\u00e9ration \u00e9value l'impact de ses interventions au Burkina - Burkina Faso\",\"isPartOf\":{\"@id\":\"https:\/\/www.africa-press.net\/burkina-faso\/#website\"},\"primaryImageOfPage\":{\"@id\":\"https:\/\/www.africa-press.net\/burkina-faso\/politique\/cooperation-lagence-italienne-de-cooperation-evalue-limpact-de-ses-interventions-au-burkina#primaryimage\"},\"image\":{\"@id\":\"https:\/\/www.africa-press.net\/burkina-faso\/politique\/cooperation-lagence-italienne-de-cooperation-evalue-limpact-de-ses-interventions-au-burkina#primaryimage\"},\"thumbnailUrl\":\"https:\/\/static.africa-press.net\/burkina\/sites\/42\/2023\/01\/postQueueImg_1675004674.77.jpg\",\"datePublished\":\"2023-01-29T18:34:17+00:00\",\"author\":{\"@id\":\"https:\/\/www.africa-press.net\/burkina-faso\/#\/schema\/person\/2b1cf3cd81a31e3cd26889ca66d677f1\"},\"breadcrumb\":{\"@id\":\"https:\/\/www.africa-press.net\/burkina-faso\/politique\/cooperation-lagence-italienne-de-cooperation-evalue-limpact-de-ses-interventions-au-burkina#breadcrumb\"},\"inLanguage\":\"fr-FR\",\"potentialAction\":[{\"@type\":\"ReadAction\",\"target\":[\"https:\/\/www.africa-press.net\/burkina-faso\/politique\/cooperation-lagence-italienne-de-cooperation-evalue-limpact-de-ses-interventions-au-burkina\"]}]},{\"@type\":\"ImageObject\",\"inLanguage\":\"fr-FR\",\"@id\":\"https:\/\/www.africa-press.net\/burkina-faso\/politique\/cooperation-lagence-italienne-de-cooperation-evalue-limpact-de-ses-interventions-au-burkina#primaryimage\",\"url\":\"https:\/\/static.africa-press.net\/burkina\/sites\/42\/2023\/01\/postQueueImg_1675004674.77.jpg\",\"contentUrl\":\"https:\/\/static.africa-press.net\/burkina\/sites\/42\/2023\/01\/postQueueImg_1675004674.77.jpg\",\"width\":720,\"height\":537,\"caption\":\"Coop\u00e9ration : L'Agence italienne de coop\u00e9ration \u00e9value l'impact de ses interventions au Burkina\"},{\"@type\":\"BreadcrumbList\",\"@id\":\"https:\/\/www.africa-press.net\/burkina-faso\/politique\/cooperation-lagence-italienne-de-cooperation-evalue-limpact-de-ses-interventions-au-burkina#breadcrumb\",\"itemListElement\":[{\"@type\":\"ListItem\",\"position\":1,\"name\":\"Accueil\",\"item\":\"https:\/\/www.africa-press.net\/burkina-faso\/\"},{\"@type\":\"ListItem\",\"position\":2,\"name\":\"Coop\u00e9ration : L&rsquo;Agence italienne de coop\u00e9ration \u00e9value l&rsquo;impact de ses interventions au Burkina\"}]},{\"@type\":\"WebSite\",\"@id\":\"https:\/\/www.africa-press.net\/burkina-faso\/#website\",\"url\":\"https:\/\/www.africa-press.net\/burkina-faso\/\",\"name\":\"Burkina Faso\",\"description\":\"Just another Africa News Agency Sites site\",\"potentialAction\":[{\"@type\":\"SearchAction\",\"target\":{\"@type\":\"EntryPoint\",\"urlTemplate\":\"https:\/\/www.africa-press.net\/burkina-faso\/?s={search_term_string}\"},\"query-input\":{\"@type\":\"PropertyValueSpecification\",\"valueRequired\":true,\"valueName\":\"search_term_string\"}}],\"inLanguage\":\"fr-FR\"},{\"@type\":\"Person\",\"@id\":\"https:\/\/www.africa-press.net\/burkina-faso\/#\/schema\/person\/2b1cf3cd81a31e3cd26889ca66d677f1\",\"name\":\"cfeditorfr\"}]}<\/script>\n<!-- \/ Yoast SEO Premium plugin. -->","yoast_head_json":{"title":"Coop\u00e9ration : L'Agence italienne de coop\u00e9ration \u00e9value l'impact de ses interventions au Burkina - Burkina Faso","robots":{"index":"index","follow":"follow","max-snippet":"max-snippet:-1","max-image-preview":"max-image-preview:large","max-video-preview":"max-video-preview:-1"},"canonical":"https:\/\/www.africa-press.net\/burkina-faso\/politique\/cooperation-lagence-italienne-de-cooperation-evalue-limpact-de-ses-interventions-au-burkina","og_locale":"fr_FR","og_type":"article","og_title":"Coop\u00e9ration : L'Agence italienne de coop\u00e9ration \u00e9value l'impact de ses interventions au Burkina","og_description":"Africa-Press &#8211; Burkina Faso. Ouagadougou a abrite\u0301, le 27 janvier 2023, un atelier de restitution de l\u2019e\u0301tude d\u2019e\u0301valuation de l\u2019impact des initiatives de lutte contre la malnutrition chronique, finance\u0301es par l\u2019Agence italienne pour la coope\u0301ration au de\u0301veloppement (AICS) sur la pe\u0301riode 2015-2022. La ce\u0301re\u0301monie d\u2019ouverture a e\u0301te\u0301 pre\u0301side\u0301e par la repre\u0301sentante du ministre de la [&hellip;]","og_url":"https:\/\/www.africa-press.net\/burkina-faso\/politique\/cooperation-lagence-italienne-de-cooperation-evalue-limpact-de-ses-interventions-au-burkina","og_site_name":"Burkina Faso","article_published_time":"2023-01-29T18:34:17+00:00","og_image":[{"url":"https:\/\/static.africa-press.net\/burkina\/sites\/42\/2023\/01\/postMediaimg_2_1-63d6bf9f0b819.jpg","type":"","width":"","height":""}],"author":"cfeditorfr","twitter_card":"summary_large_image","twitter_misc":{"\u00c9crit par":"cfeditorfr","Dur\u00e9e de lecture estim\u00e9e":"5 minutes"},"schema":{"@context":"https:\/\/schema.org","@graph":[{"@type":"Article","@id":"https:\/\/www.africa-press.net\/burkina-faso\/politique\/cooperation-lagence-italienne-de-cooperation-evalue-limpact-de-ses-interventions-au-burkina#article","isPartOf":{"@id":"https:\/\/www.africa-press.net\/burkina-faso\/politique\/cooperation-lagence-italienne-de-cooperation-evalue-limpact-de-ses-interventions-au-burkina"},"author":{"name":"cfeditorfr","@id":"https:\/\/www.africa-press.net\/burkina-faso\/#\/schema\/person\/2b1cf3cd81a31e3cd26889ca66d677f1"},"headline":"Coop\u00e9ration : L&rsquo;Agence italienne de coop\u00e9ration \u00e9value l&rsquo;impact de ses interventions au Burkina","datePublished":"2023-01-29T18:34:17+00:00","mainEntityOfPage":{"@id":"https:\/\/www.africa-press.net\/burkina-faso\/politique\/cooperation-lagence-italienne-de-cooperation-evalue-limpact-de-ses-interventions-au-burkina"},"wordCount":1008,"commentCount":0,"image":{"@id":"https:\/\/www.africa-press.net\/burkina-faso\/politique\/cooperation-lagence-italienne-de-cooperation-evalue-limpact-de-ses-interventions-au-burkina#primaryimage"},"thumbnailUrl":"https:\/\/static.africa-press.net\/burkina\/sites\/42\/2023\/01\/postQueueImg_1675004674.77.jpg","keywords":["Africa Press","Africa Press-Burkina Faso","Burkina Faso"],"articleSection":["Photo","Politique","Toutes les actualit\u00e9s"],"inLanguage":"fr-FR","potentialAction":[{"@type":"CommentAction","name":"Comment","target":["https:\/\/www.africa-press.net\/burkina-faso\/politique\/cooperation-lagence-italienne-de-cooperation-evalue-limpact-de-ses-interventions-au-burkina#respond"]}]},{"@type":"WebPage","@id":"https:\/\/www.africa-press.net\/burkina-faso\/politique\/cooperation-lagence-italienne-de-cooperation-evalue-limpact-de-ses-interventions-au-burkina","url":"https:\/\/www.africa-press.net\/burkina-faso\/politique\/cooperation-lagence-italienne-de-cooperation-evalue-limpact-de-ses-interventions-au-burkina","name":"Coop\u00e9ration : L'Agence italienne de coop\u00e9ration \u00e9value l'impact de ses interventions au Burkina - Burkina Faso","isPartOf":{"@id":"https:\/\/www.africa-press.net\/burkina-faso\/#website"},"primaryImageOfPage":{"@id":"https:\/\/www.africa-press.net\/burkina-faso\/politique\/cooperation-lagence-italienne-de-cooperation-evalue-limpact-de-ses-interventions-au-burkina#primaryimage"},"image":{"@id":"https:\/\/www.africa-press.net\/burkina-faso\/politique\/cooperation-lagence-italienne-de-cooperation-evalue-limpact-de-ses-interventions-au-burkina#primaryimage"},"thumbnailUrl":"https:\/\/static.africa-press.net\/burkina\/sites\/42\/2023\/01\/postQueueImg_1675004674.77.jpg","datePublished":"2023-01-29T18:34:17+00:00","author":{"@id":"https:\/\/www.africa-press.net\/burkina-faso\/#\/schema\/person\/2b1cf3cd81a31e3cd26889ca66d677f1"},"breadcrumb":{"@id":"https:\/\/www.africa-press.net\/burkina-faso\/politique\/cooperation-lagence-italienne-de-cooperation-evalue-limpact-de-ses-interventions-au-burkina#breadcrumb"},"inLanguage":"fr-FR","potentialAction":[{"@type":"ReadAction","target":["https:\/\/www.africa-press.net\/burkina-faso\/politique\/cooperation-lagence-italienne-de-cooperation-evalue-limpact-de-ses-interventions-au-burkina"]}]},{"@type":"ImageObject","inLanguage":"fr-FR","@id":"https:\/\/www.africa-press.net\/burkina-faso\/politique\/cooperation-lagence-italienne-de-cooperation-evalue-limpact-de-ses-interventions-au-burkina#primaryimage","url":"https:\/\/static.africa-press.net\/burkina\/sites\/42\/2023\/01\/postQueueImg_1675004674.77.jpg","contentUrl":"https:\/\/static.africa-press.net\/burkina\/sites\/42\/2023\/01\/postQueueImg_1675004674.77.jpg","width":720,"height":537,"caption":"Coop\u00e9ration : L'Agence italienne de coop\u00e9ration \u00e9value l'impact de ses interventions au Burkina"},{"@type":"BreadcrumbList","@id":"https:\/\/www.africa-press.net\/burkina-faso\/politique\/cooperation-lagence-italienne-de-cooperation-evalue-limpact-de-ses-interventions-au-burkina#breadcrumb","itemListElement":[{"@type":"ListItem","position":1,"name":"Accueil","item":"https:\/\/www.africa-press.net\/burkina-faso\/"},{"@type":"ListItem","position":2,"name":"Coop\u00e9ration : L&rsquo;Agence italienne de coop\u00e9ration \u00e9value l&rsquo;impact de ses interventions au Burkina"}]},{"@type":"WebSite","@id":"https:\/\/www.africa-press.net\/burkina-faso\/#website","url":"https:\/\/www.africa-press.net\/burkina-faso\/","name":"Burkina Faso","description":"Just another Africa News Agency Sites site","potentialAction":[{"@type":"SearchAction","target":{"@type":"EntryPoint","urlTemplate":"https:\/\/www.africa-press.net\/burkina-faso\/?s={search_term_string}"},"query-input":{"@type":"PropertyValueSpecification","valueRequired":true,"valueName":"search_term_string"}}],"inLanguage":"fr-FR"},{"@type":"Person","@id":"https:\/\/www.africa-press.net\/burkina-faso\/#\/schema\/person\/2b1cf3cd81a31e3cd26889ca66d677f1","name":"cfeditorfr"}]}},"_links":{"self":[{"href":"https:\/\/www.africa-press.net\/burkina-faso\/wp-json\/wp\/v2\/posts\/57445","targetHints":{"allow":["GET"]}}],"collection":[{"href":"https:\/\/www.africa-press.net\/burkina-faso\/wp-json\/wp\/v2\/posts"}],"about":[{"href":"https:\/\/www.africa-press.net\/burkina-faso\/wp-json\/wp\/v2\/types\/post"}],"author":[{"embeddable":true,"href":"https:\/\/www.africa-press.net\/burkina-faso\/wp-json\/wp\/v2\/users\/82"}],"replies":[{"embeddable":true,"href":"https:\/\/www.africa-press.net\/burkina-faso\/wp-json\/wp\/v2\/comments?post=57445"}],"version-history":[{"count":0,"href":"https:\/\/www.africa-press.net\/burkina-faso\/wp-json\/wp\/v2\/posts\/57445\/revisions"}],"wp:featuredmedia":[{"embeddable":true,"href":"https:\/\/www.africa-press.net\/burkina-faso\/wp-json\/wp\/v2\/media\/57444"}],"wp:attachment":[{"href":"https:\/\/www.africa-press.net\/burkina-faso\/wp-json\/wp\/v2\/media?parent=57445"}],"wp:term":[{"taxonomy":"category","embeddable":true,"href":"https:\/\/www.africa-press.net\/burkina-faso\/wp-json\/wp\/v2\/categories?post=57445"},{"taxonomy":"post_tag","embeddable":true,"href":"https:\/\/www.africa-press.net\/burkina-faso\/wp-json\/wp\/v2\/tags?post=57445"}],"curies":[{"name":"wp","href":"https:\/\/api.w.org\/{rel}","templated":true}]}}