{"id":64022,"date":"2023-05-30T16:54:55","date_gmt":"2023-05-30T16:54:55","guid":{"rendered":"https:\/\/www.africa-press.net\/burkina-faso\/politique\/lintegralite-du-discours-sur-la-situation-de-la-nation-du-premier-ministre-me-apollinaire-kyelem-de-tambela"},"modified":"2023-05-30T17:43:35","modified_gmt":"2023-05-30T17:43:35","slug":"lintegralite-du-discours-sur-la-situation-de-la-nation-du-premier-ministre-me-apollinaire-kyelem-de-tambela","status":"publish","type":"post","link":"https:\/\/www.africa-press.net\/burkina-faso\/politique\/lintegralite-du-discours-sur-la-situation-de-la-nation-du-premier-ministre-me-apollinaire-kyelem-de-tambela","title":{"rendered":"L\u2019int\u00e9gralit\u00e9 du discours sur la situation de la Nation du Premier Ministre Me Apollinaire Kyelem de Tambela"},"content":{"rendered":"<p><span style=\"color: #ff6600\"><strong>Africa-Press &#8211; Burkina Faso. <\/strong><\/span><b>Le Premier ministre, Me Apollinaire Joachimson KYELEM de TAMBELA, est devant l\u2019Assemble\u0301e Le\u0301gislative de Transition (ALT) ce 30 mai 2023 pour son discours sur la situation de la Nation. <\/b><br \/>\n<b>https:\/\/www.facebook.com\/watch\/?v=943997333320929<\/b><\/p>\n<p><strong>Pour plus d&rsquo;informations et d&rsquo;analyses sur la <a href=\"https:\/\/www.africa-press.net\/burkina-faso\">Burkina Faso<\/a>, suivez <a href=\"https:\/\/www.africa-press.net\/\">Africa-Press<\/a><\/strong><\/p>\n","protected":false},"excerpt":{"rendered":"<p>Africa-Press &#8211; Burkina Faso. Le Premier ministre, Me Apollinaire Joachimson KYELEM de TAMBELA, est devant l\u2019Assemble\u0301e Le\u0301gislative de Transition (ALT) ce 30 mai 2023 pour son discours sur la situation de la Nation. https:\/\/www.facebook.com\/watch\/?v=943997333320929 Pour plus d&rsquo;informations et d&rsquo;analyses sur la Burkina Faso, suivez Africa-Press<\/p>\n","protected":false},"author":82,"featured_media":64021,"comment_status":"open","ping_status":"closed","sticky":false,"template":"","format":"standard","meta":{"footnotes":""},"categories":[2,10,9],"tags":[111,725,29],"class_list":["post-64022","post","type-post","status-publish","format-standard","has-post-thumbnail","hentry","category-politique","category-toutes-les-actualites","category-video","tag-africa-press","tag-africa-press-burkina-faso","tag-burkina-faso"],"yoast_head":"<!-- This site is optimized with the Yoast SEO Premium plugin v26.1 (Yoast SEO v27.0) - https:\/\/yoast.com\/product\/yoast-seo-premium-wordpress\/ -->\n<title>L\u2019int\u00e9gralit\u00e9 du discours sur la situation de la Nation du Premier Ministre Me Apollinaire Kyelem de Tambela - Burkina Faso<\/title>\n<meta name=\"description\" content=\"Le Premier ministre, Me Apollinaire Joachimson KYELEM de TAMBELA, est devant l\u2019Assemble\u0301e Le\u0301gislative de Transition ...\" \/>\n<meta name=\"robots\" content=\"index, follow, max-snippet:-1, max-image-preview:large, max-video-preview:-1\" \/>\n<link rel=\"canonical\" href=\"https:\/\/www.africa-press.net\/burkina-faso\/politique\/lintegralite-du-discours-sur-la-situation-de-la-nation-du-premier-ministre-me-apollinaire-kyelem-de-tambela\" \/>\n<meta property=\"og:locale\" content=\"fr_FR\" \/>\n<meta property=\"og:type\" content=\"article\" \/>\n<meta property=\"og:title\" content=\"L\u2019int\u00e9gralit\u00e9 du discours sur la situation de la Nation du Premier Ministre Me Apollinaire Kyelem de Tambela\" \/>\n<meta property=\"og:description\" content=\"Le Premier ministre, Me Apollinaire Joachimson KYELEM de TAMBELA, est devant l\u2019Assemble\u0301e Le\u0301gislative de Transition ...\" \/>\n<meta property=\"og:url\" content=\"https:\/\/www.africa-press.net\/burkina-faso\/politique\/lintegralite-du-discours-sur-la-situation-de-la-nation-du-premier-ministre-me-apollinaire-kyelem-de-tambela\" \/>\n<meta property=\"og:site_name\" content=\"Burkina Faso\" \/>\n<meta property=\"article:published_time\" content=\"2023-05-30T16:54:55+00:00\" \/>\n<meta property=\"article:modified_time\" content=\"2023-05-30T17:43:35+00:00\" \/>\n<meta property=\"og:image\" content=\"https:\/\/static.africa-press.net\/burkina\/sites\/42\/2023\/05\/sm_1685455958.82663.jpg\" \/>\n\t<meta property=\"og:image:width\" content=\"750\" \/>\n\t<meta property=\"og:image:height\" content=\"563\" \/>\n\t<meta property=\"og:image:type\" content=\"image\/jpeg\" \/>\n<meta name=\"author\" content=\"cfeditorfr\" \/>\n<meta name=\"twitter:card\" content=\"summary_large_image\" \/>\n<meta name=\"twitter:label1\" content=\"\u00c9crit par\" \/>\n\t<meta name=\"twitter:data1\" content=\"cfeditorfr\" \/>\n\t<meta name=\"twitter:label2\" content=\"Dur\u00e9e de lecture estim\u00e9e\" \/>\n\t<meta name=\"twitter:data2\" content=\"1 minute\" \/>\n<script type=\"application\/ld+json\" class=\"yoast-schema-graph\">{\"@context\":\"https:\/\/schema.org\",\"@graph\":[{\"@type\":\"Article\",\"@id\":\"https:\/\/www.africa-press.net\/burkina-faso\/politique\/lintegralite-du-discours-sur-la-situation-de-la-nation-du-premier-ministre-me-apollinaire-kyelem-de-tambela#article\",\"isPartOf\":{\"@id\":\"https:\/\/www.africa-press.net\/burkina-faso\/politique\/lintegralite-du-discours-sur-la-situation-de-la-nation-du-premier-ministre-me-apollinaire-kyelem-de-tambela\"},\"author\":{\"name\":\"cfeditorfr\",\"@id\":\"https:\/\/www.africa-press.net\/burkina-faso\/#\/schema\/person\/2b1cf3cd81a31e3cd26889ca66d677f1\"},\"headline\":\"L\u2019int\u00e9gralit\u00e9 du discours sur la situation de la Nation du Premier Ministre Me Apollinaire Kyelem de Tambela\",\"datePublished\":\"2023-05-30T16:54:55+00:00\",\"dateModified\":\"2023-05-30T17:43:35+00:00\",\"mainEntityOfPage\":{\"@id\":\"https:\/\/www.africa-press.net\/burkina-faso\/politique\/lintegralite-du-discours-sur-la-situation-de-la-nation-du-premier-ministre-me-apollinaire-kyelem-de-tambela\"},\"wordCount\":72,\"commentCount\":0,\"image\":{\"@id\":\"https:\/\/www.africa-press.net\/burkina-faso\/politique\/lintegralite-du-discours-sur-la-situation-de-la-nation-du-premier-ministre-me-apollinaire-kyelem-de-tambela#primaryimage\"},\"thumbnailUrl\":\"https:\/\/static.africa-press.net\/burkina\/sites\/42\/2023\/05\/sm_1685455958.82663.jpg\",\"keywords\":[\"Africa Press\",\"Africa Press-Burkina Faso\",\"Burkina Faso\"],\"articleSection\":[\"Politique\",\"Toutes les actualit\u00e9s\",\"vid\u00e9o\"],\"inLanguage\":\"fr-FR\",\"potentialAction\":[{\"@type\":\"CommentAction\",\"name\":\"Comment\",\"target\":[\"https:\/\/www.africa-press.net\/burkina-faso\/politique\/lintegralite-du-discours-sur-la-situation-de-la-nation-du-premier-ministre-me-apollinaire-kyelem-de-tambela#respond\"]}]},{\"@type\":\"WebPage\",\"@id\":\"https:\/\/www.africa-press.net\/burkina-faso\/politique\/lintegralite-du-discours-sur-la-situation-de-la-nation-du-premier-ministre-me-apollinaire-kyelem-de-tambela\",\"url\":\"https:\/\/www.africa-press.net\/burkina-faso\/politique\/lintegralite-du-discours-sur-la-situation-de-la-nation-du-premier-ministre-me-apollinaire-kyelem-de-tambela\",\"name\":\"L\u2019int\u00e9gralit\u00e9 du discours sur la situation de la Nation du Premier Ministre Me Apollinaire Kyelem de Tambela - Burkina Faso\",\"isPartOf\":{\"@id\":\"https:\/\/www.africa-press.net\/burkina-faso\/#website\"},\"primaryImageOfPage\":{\"@id\":\"https:\/\/www.africa-press.net\/burkina-faso\/politique\/lintegralite-du-discours-sur-la-situation-de-la-nation-du-premier-ministre-me-apollinaire-kyelem-de-tambela#primaryimage\"},\"image\":{\"@id\":\"https:\/\/www.africa-press.net\/burkina-faso\/politique\/lintegralite-du-discours-sur-la-situation-de-la-nation-du-premier-ministre-me-apollinaire-kyelem-de-tambela#primaryimage\"},\"thumbnailUrl\":\"https:\/\/static.africa-press.net\/burkina\/sites\/42\/2023\/05\/sm_1685455958.82663.jpg\",\"datePublished\":\"2023-05-30T16:54:55+00:00\",\"dateModified\":\"2023-05-30T17:43:35+00:00\",\"author\":{\"@id\":\"https:\/\/www.africa-press.net\/burkina-faso\/#\/schema\/person\/2b1cf3cd81a31e3cd26889ca66d677f1\"},\"description\":\"Le Premier ministre, Me Apollinaire Joachimson KYELEM de TAMBELA, est devant l\u2019Assemble\u0301e Le\u0301gislative de Transition ...\",\"breadcrumb\":{\"@id\":\"https:\/\/www.africa-press.net\/burkina-faso\/politique\/lintegralite-du-discours-sur-la-situation-de-la-nation-du-premier-ministre-me-apollinaire-kyelem-de-tambela#breadcrumb\"},\"inLanguage\":\"fr-FR\",\"potentialAction\":[{\"@type\":\"ReadAction\",\"target\":[\"https:\/\/www.africa-press.net\/burkina-faso\/politique\/lintegralite-du-discours-sur-la-situation-de-la-nation-du-premier-ministre-me-apollinaire-kyelem-de-tambela\"]}]},{\"@type\":\"ImageObject\",\"inLanguage\":\"fr-FR\",\"@id\":\"https:\/\/www.africa-press.net\/burkina-faso\/politique\/lintegralite-du-discours-sur-la-situation-de-la-nation-du-premier-ministre-me-apollinaire-kyelem-de-tambela#primaryimage\",\"url\":\"https:\/\/static.africa-press.net\/burkina\/sites\/42\/2023\/05\/sm_1685455958.82663.jpg\",\"contentUrl\":\"https:\/\/static.africa-press.net\/burkina\/sites\/42\/2023\/05\/sm_1685455958.82663.jpg\",\"width\":750,\"height\":563,\"caption\":\"L\u2019int\u00e9gralit\u00e9 du discours sur la situation de la Nation du Premier Ministre Me Apollinaire Kyelem de Tambela\"},{\"@type\":\"BreadcrumbList\",\"@id\":\"https:\/\/www.africa-press.net\/burkina-faso\/politique\/lintegralite-du-discours-sur-la-situation-de-la-nation-du-premier-ministre-me-apollinaire-kyelem-de-tambela#breadcrumb\",\"itemListElement\":[{\"@type\":\"ListItem\",\"position\":1,\"name\":\"Accueil\",\"item\":\"https:\/\/www.africa-press.net\/burkina-faso\/\"},{\"@type\":\"ListItem\",\"position\":2,\"name\":\"L\u2019int\u00e9gralit\u00e9 du discours sur la situation de la Nation du Premier Ministre Me Apollinaire Kyelem de Tambela\"}]},{\"@type\":\"WebSite\",\"@id\":\"https:\/\/www.africa-press.net\/burkina-faso\/#website\",\"url\":\"https:\/\/www.africa-press.net\/burkina-faso\/\",\"name\":\"Burkina Faso\",\"description\":\"Just another Africa News Agency Sites site\",\"potentialAction\":[{\"@type\":\"SearchAction\",\"target\":{\"@type\":\"EntryPoint\",\"urlTemplate\":\"https:\/\/www.africa-press.net\/burkina-faso\/?s={search_term_string}\"},\"query-input\":{\"@type\":\"PropertyValueSpecification\",\"valueRequired\":true,\"valueName\":\"search_term_string\"}}],\"inLanguage\":\"fr-FR\"},{\"@type\":\"Person\",\"@id\":\"https:\/\/www.africa-press.net\/burkina-faso\/#\/schema\/person\/2b1cf3cd81a31e3cd26889ca66d677f1\",\"name\":\"cfeditorfr\"}]}<\/script>\n<!-- \/ Yoast SEO Premium plugin. -->","yoast_head_json":{"title":"L\u2019int\u00e9gralit\u00e9 du discours sur la situation de la Nation du Premier Ministre Me Apollinaire Kyelem de Tambela - Burkina Faso","description":"Le Premier ministre, Me Apollinaire Joachimson KYELEM de TAMBELA, est devant l\u2019Assemble\u0301e Le\u0301gislative de Transition ...","robots":{"index":"index","follow":"follow","max-snippet":"max-snippet:-1","max-image-preview":"max-image-preview:large","max-video-preview":"max-video-preview:-1"},"canonical":"https:\/\/www.africa-press.net\/burkina-faso\/politique\/lintegralite-du-discours-sur-la-situation-de-la-nation-du-premier-ministre-me-apollinaire-kyelem-de-tambela","og_locale":"fr_FR","og_type":"article","og_title":"L\u2019int\u00e9gralit\u00e9 du discours sur la situation de la Nation du Premier Ministre Me Apollinaire Kyelem de Tambela","og_description":"Le Premier ministre, Me Apollinaire Joachimson KYELEM de TAMBELA, est devant l\u2019Assemble\u0301e Le\u0301gislative de Transition ...","og_url":"https:\/\/www.africa-press.net\/burkina-faso\/politique\/lintegralite-du-discours-sur-la-situation-de-la-nation-du-premier-ministre-me-apollinaire-kyelem-de-tambela","og_site_name":"Burkina Faso","article_published_time":"2023-05-30T16:54:55+00:00","article_modified_time":"2023-05-30T17:43:35+00:00","og_image":[{"width":750,"height":563,"url":"https:\/\/static.africa-press.net\/burkina\/sites\/42\/2023\/05\/sm_1685455958.82663.jpg","type":"image\/jpeg"}],"author":"cfeditorfr","twitter_card":"summary_large_image","twitter_misc":{"\u00c9crit par":"cfeditorfr","Dur\u00e9e de lecture estim\u00e9e":"1 minute"},"schema":{"@context":"https:\/\/schema.org","@graph":[{"@type":"Article","@id":"https:\/\/www.africa-press.net\/burkina-faso\/politique\/lintegralite-du-discours-sur-la-situation-de-la-nation-du-premier-ministre-me-apollinaire-kyelem-de-tambela#article","isPartOf":{"@id":"https:\/\/www.africa-press.net\/burkina-faso\/politique\/lintegralite-du-discours-sur-la-situation-de-la-nation-du-premier-ministre-me-apollinaire-kyelem-de-tambela"},"author":{"name":"cfeditorfr","@id":"https:\/\/www.africa-press.net\/burkina-faso\/#\/schema\/person\/2b1cf3cd81a31e3cd26889ca66d677f1"},"headline":"L\u2019int\u00e9gralit\u00e9 du discours sur la situation de la Nation du Premier Ministre Me Apollinaire Kyelem de Tambela","datePublished":"2023-05-30T16:54:55+00:00","dateModified":"2023-05-30T17:43:35+00:00","mainEntityOfPage":{"@id":"https:\/\/www.africa-press.net\/burkina-faso\/politique\/lintegralite-du-discours-sur-la-situation-de-la-nation-du-premier-ministre-me-apollinaire-kyelem-de-tambela"},"wordCount":72,"commentCount":0,"image":{"@id":"https:\/\/www.africa-press.net\/burkina-faso\/politique\/lintegralite-du-discours-sur-la-situation-de-la-nation-du-premier-ministre-me-apollinaire-kyelem-de-tambela#primaryimage"},"thumbnailUrl":"https:\/\/static.africa-press.net\/burkina\/sites\/42\/2023\/05\/sm_1685455958.82663.jpg","keywords":["Africa Press","Africa Press-Burkina Faso","Burkina Faso"],"articleSection":["Politique","Toutes les actualit\u00e9s","vid\u00e9o"],"inLanguage":"fr-FR","potentialAction":[{"@type":"CommentAction","name":"Comment","target":["https:\/\/www.africa-press.net\/burkina-faso\/politique\/lintegralite-du-discours-sur-la-situation-de-la-nation-du-premier-ministre-me-apollinaire-kyelem-de-tambela#respond"]}]},{"@type":"WebPage","@id":"https:\/\/www.africa-press.net\/burkina-faso\/politique\/lintegralite-du-discours-sur-la-situation-de-la-nation-du-premier-ministre-me-apollinaire-kyelem-de-tambela","url":"https:\/\/www.africa-press.net\/burkina-faso\/politique\/lintegralite-du-discours-sur-la-situation-de-la-nation-du-premier-ministre-me-apollinaire-kyelem-de-tambela","name":"L\u2019int\u00e9gralit\u00e9 du discours sur la situation de la Nation du Premier Ministre Me Apollinaire Kyelem de Tambela - Burkina Faso","isPartOf":{"@id":"https:\/\/www.africa-press.net\/burkina-faso\/#website"},"primaryImageOfPage":{"@id":"https:\/\/www.africa-press.net\/burkina-faso\/politique\/lintegralite-du-discours-sur-la-situation-de-la-nation-du-premier-ministre-me-apollinaire-kyelem-de-tambela#primaryimage"},"image":{"@id":"https:\/\/www.africa-press.net\/burkina-faso\/politique\/lintegralite-du-discours-sur-la-situation-de-la-nation-du-premier-ministre-me-apollinaire-kyelem-de-tambela#primaryimage"},"thumbnailUrl":"https:\/\/static.africa-press.net\/burkina\/sites\/42\/2023\/05\/sm_1685455958.82663.jpg","datePublished":"2023-05-30T16:54:55+00:00","dateModified":"2023-05-30T17:43:35+00:00","author":{"@id":"https:\/\/www.africa-press.net\/burkina-faso\/#\/schema\/person\/2b1cf3cd81a31e3cd26889ca66d677f1"},"description":"Le Premier ministre, Me Apollinaire Joachimson KYELEM de TAMBELA, est devant l\u2019Assemble\u0301e Le\u0301gislative de Transition ...","breadcrumb":{"@id":"https:\/\/www.africa-press.net\/burkina-faso\/politique\/lintegralite-du-discours-sur-la-situation-de-la-nation-du-premier-ministre-me-apollinaire-kyelem-de-tambela#breadcrumb"},"inLanguage":"fr-FR","potentialAction":[{"@type":"ReadAction","target":["https:\/\/www.africa-press.net\/burkina-faso\/politique\/lintegralite-du-discours-sur-la-situation-de-la-nation-du-premier-ministre-me-apollinaire-kyelem-de-tambela"]}]},{"@type":"ImageObject","inLanguage":"fr-FR","@id":"https:\/\/www.africa-press.net\/burkina-faso\/politique\/lintegralite-du-discours-sur-la-situation-de-la-nation-du-premier-ministre-me-apollinaire-kyelem-de-tambela#primaryimage","url":"https:\/\/static.africa-press.net\/burkina\/sites\/42\/2023\/05\/sm_1685455958.82663.jpg","contentUrl":"https:\/\/static.africa-press.net\/burkina\/sites\/42\/2023\/05\/sm_1685455958.82663.jpg","width":750,"height":563,"caption":"L\u2019int\u00e9gralit\u00e9 du discours sur la situation de la Nation du Premier Ministre Me Apollinaire Kyelem de Tambela"},{"@type":"BreadcrumbList","@id":"https:\/\/www.africa-press.net\/burkina-faso\/politique\/lintegralite-du-discours-sur-la-situation-de-la-nation-du-premier-ministre-me-apollinaire-kyelem-de-tambela#breadcrumb","itemListElement":[{"@type":"ListItem","position":1,"name":"Accueil","item":"https:\/\/www.africa-press.net\/burkina-faso\/"},{"@type":"ListItem","position":2,"name":"L\u2019int\u00e9gralit\u00e9 du discours sur la situation de la Nation du Premier Ministre Me Apollinaire Kyelem de Tambela"}]},{"@type":"WebSite","@id":"https:\/\/www.africa-press.net\/burkina-faso\/#website","url":"https:\/\/www.africa-press.net\/burkina-faso\/","name":"Burkina Faso","description":"Just another Africa News Agency Sites site","potentialAction":[{"@type":"SearchAction","target":{"@type":"EntryPoint","urlTemplate":"https:\/\/www.africa-press.net\/burkina-faso\/?s={search_term_string}"},"query-input":{"@type":"PropertyValueSpecification","valueRequired":true,"valueName":"search_term_string"}}],"inLanguage":"fr-FR"},{"@type":"Person","@id":"https:\/\/www.africa-press.net\/burkina-faso\/#\/schema\/person\/2b1cf3cd81a31e3cd26889ca66d677f1","name":"cfeditorfr"}]}},"_links":{"self":[{"href":"https:\/\/www.africa-press.net\/burkina-faso\/wp-json\/wp\/v2\/posts\/64022","targetHints":{"allow":["GET"]}}],"collection":[{"href":"https:\/\/www.africa-press.net\/burkina-faso\/wp-json\/wp\/v2\/posts"}],"about":[{"href":"https:\/\/www.africa-press.net\/burkina-faso\/wp-json\/wp\/v2\/types\/post"}],"author":[{"embeddable":true,"href":"https:\/\/www.africa-press.net\/burkina-faso\/wp-json\/wp\/v2\/users\/82"}],"replies":[{"embeddable":true,"href":"https:\/\/www.africa-press.net\/burkina-faso\/wp-json\/wp\/v2\/comments?post=64022"}],"version-history":[{"count":0,"href":"https:\/\/www.africa-press.net\/burkina-faso\/wp-json\/wp\/v2\/posts\/64022\/revisions"}],"wp:featuredmedia":[{"embeddable":true,"href":"https:\/\/www.africa-press.net\/burkina-faso\/wp-json\/wp\/v2\/media\/64021"}],"wp:attachment":[{"href":"https:\/\/www.africa-press.net\/burkina-faso\/wp-json\/wp\/v2\/media?parent=64022"}],"wp:term":[{"taxonomy":"category","embeddable":true,"href":"https:\/\/www.africa-press.net\/burkina-faso\/wp-json\/wp\/v2\/categories?post=64022"},{"taxonomy":"post_tag","embeddable":true,"href":"https:\/\/www.africa-press.net\/burkina-faso\/wp-json\/wp\/v2\/tags?post=64022"}],"curies":[{"name":"wp","href":"https:\/\/api.w.org\/{rel}","templated":true}]}}