{"id":651,"date":"2020-11-19T15:56:46","date_gmt":"2020-11-19T15:56:46","guid":{"rendered":"https:\/\/www.africa-press.com\/burkina-faso\/?p=651"},"modified":"2020-11-19T14:31:40","modified_gmt":"2020-11-19T14:31:40","slug":"campagne-presidentielle-2020-deux-candidats-glissent-sur-la-planche-de-la-securite","status":"publish","type":"post","link":"https:\/\/www.africa-press.net\/burkina-faso\/toutes-les-actualites\/campagne-presidentielle-2020-deux-candidats-glissent-sur-la-planche-de-la-securite","title":{"rendered":"Deux candidats glissent sur la planche de la s\u00e9curit\u00e9"},"content":{"rendered":"<p><span style=\"color: #ff6600\"><strong><a href=\"https:\/\/www.africa-press.com\">Africa-Press<\/a> &#8211; <a href=\"https:\/\/www.africa-press.com\/burkina-faso\">Burkina Faso<\/a>. <\/strong><\/span><b>Par cinq fois au moins, durant cette campagne, la triste actualit\u00e9 d\u2019un pays en guerre est venue se rappeler \u00e0 nos politiques.<\/b><\/p>\n<p>Le meurtre du chauffeur d\u2019un d\u00e9put\u00e9 MPP en campagne \u00e0 Essakane, sur la route Dori-Gorom Gorom, et les braqueurs sont partis avec le v\u00e9hicule. Le 2 novembre 2020, huit villageois sont abattus froidement dans la commune de Madouji pr\u00e8s d\u2019Arbinda dans le Soum, les assaillants ont emport\u00e9 le b\u00e9tail et les motos.<\/p>\n<p>Le lendemain \u00e0 Konna, dans la Boucle du Mouhoun, les assaillants incendient les r\u00e9coltes et les biens de la population. L\u2019arm\u00e9e a annonc\u00e9 toujours le 2 novembre la mort d\u2019un volontaire de d\u00e9fense de la patrie dans la localit\u00e9 de Tokabangou lors d\u2019une attaque terroriste.<\/p>\n<p>La toute derni\u00e8re est l\u2019embuscade tendue \u00e0 un groupe de militaires en d\u00e9placement sur l\u2019axe Tin Akoff Beldiab\u00e9 qui a fait 14 morts et plusieurs bless\u00e9s le 11 novembre. Cette attaque a suscit\u00e9 des \u00e9mois chez les candidats (Roch Kabor\u00e9, Z\u00e9phirin Diabr\u00e9, Tahirou Barry, Eddie Kombo\u00efgo \u2026) avec deux jours de deuil d\u00e9cr\u00e9t\u00e9s (non officiel) et la suspension de toute activit\u00e9 de campagne. Cette gravit\u00e9 et le respect des morts, ainsi manifest\u00e9 a manqu\u00e9 lors des meetings en parlant de la s\u00e9curit\u00e9.<\/p>\n<p>Avant ce drame, les choses se faisaient comme d\u2019habitude et nos candidats traitaient la question s\u00e9curitaire comme ils le font pour beaucoup de questions avec peu de s\u00e9rieux et de comp\u00e9tence. La preuve, le peuple se moque de ses dirigeants qui ne comprennent pas swahili et n\u2019en savent que ce qu\u2019ils ont appris des dessins anim\u00e9s de Disney et ils trouvent amusants de se renvoyer des mots par meeting. C\u2019est pitoyable, et ce qui l\u2019est davantage c\u2019est qu\u2019ils ont trait\u00e9 la question s\u00e9curitaire sur le m\u00eame registre !<\/p>\n<p>Dans une campagne \u00e9lectorale, il n\u2019y a pas de sujets tabous ; c\u2019est m\u00eame le lieu de tout dire et de parler clairement. La campagne est le moment de la parole, de l\u2019expression, du d\u00e9voilement de la pens\u00e9e politique, \u00e9conomique du parti, de son id\u00e9ologie, de son programme et des activit\u00e9s qu\u2019il compte mener une fois \u00e9lu. Aussi, on ne peut pas reprocher \u00e0 un parti, un candidat, son opinion. Ce texte en tout cas ne le fait pas. Mais que cette opinion soit marqu\u00e9e d\u2019insuffisances et d\u2019erreurs d\u2019appr\u00e9ciation, c\u2019est normal de les signaler. Que cette opinion ne soit pas sur des questions dramatiques, marqu\u00e9es par la rigueur n\u00e9cessaire, est une faute.<\/p>\n<p><b>Une communication non ma\u00eetris\u00e9e<\/b><\/p>\n<p>Si l\u2019on observe la campagne, on ne peut pas dire que nos politiques sont accompagn\u00e9s par des professionnels de la communication. M\u00eame s\u2019il y a un usage de diff\u00e9rents m\u00e9dias comme les affiches, les publicit\u00e9s t\u00e9l\u00e9visuelles et radiophoniques, les meetings ne semblent pas \u00eatre pens\u00e9s pour donner un message pr\u00e9cis selon les lieux. Il nous semble que l\u2019improvisation y tient une place non n\u00e9gligeable. Le meeting n\u2019est pas le cadre le plus adapt\u00e9 pour exposer les questions complexes et tragiques comme la crise s\u00e9curitaire que nous vivons. En s\u2019y collant dans leurs meetings, les candidats \u00e0 la pr\u00e9sidentielle du Congr\u00e8s pour la d\u00e9mocratie et le progr\u00e8s et celui du Mouvement du peuple pour le progr\u00e8s ont fait la faute. Celle de traiter avec l\u00e9g\u00e8ret\u00e9 une question douloureuse et dramatique qui endeuille le pays depuis plus de cinq ans.<\/p>\n<p>Eddie Kombo\u00efgo en challenger a voulu prendre le contrepied de ce que Roch Kabor\u00e9 fait. Au lieu de la guerre, il propose la n\u00e9gociation avec les djihadistes. Une telle strat\u00e9gie ne peut pas se d\u00e9velopper au cours d\u2019un meeting, par manque de temps. Pour n\u00e9gocier, il faut \u00eatre deux. Il ne s\u2019agit pas d\u2019agiter son drapeau blanc et l\u2019autre partie bellig\u00e9rante va courir venir s\u2019asseoir pour discuter. Elle peut apr\u00e8s cette manifestation de votre volont\u00e9 de pactiser l\u2019interpr\u00e9ter comme un signe de faiblesse et intensifier son action. Car la guerre est diff\u00e9rente des autres activit\u00e9s, une fois engag\u00e9e, si les bellig\u00e9rants veulent maintenant discuter, c\u2019est le rapport de force qui fait loi. Celui qui s\u2019estime en position de force ne peut pas \u00e9couter, accepter des propositions qui lui enl\u00e8vent ce qu\u2019il a acquis par la force des armes.<\/p>\n<p>L\u00e2cher la proposition de n\u00e9gociation comme si c\u2019\u00e9tait une baguette magique, qui emm\u00e8nera la paix, c\u2019est vendre du r\u00eave. Toute n\u00e9gociation est une contractualisation d\u2019un rapport de volont\u00e9s, de forces. C\u2019est un vrai moment du donner et du recevoir, et on y va en ayant des choses \u00e0 donner contre ce que l\u2019on veut, ce que l\u2019on d\u00e9sire.<\/p>\n<p>Si le candidat du CDP veut n\u00e9gocier, il faudrait qu\u2019il identifie les groupes avec lesquels il veut n\u00e9gocier, car le pays se bat contre plusieurs groupes terroristes comme les multinationales du terrorisme : Al Qaeda au Maghreb islamique et l\u2019\u00c9tat islamique au grand Sahara, ou encore les groupes terroristes locaux comme le Jamaat Nosrat al-Islam wal-Mouslimin (JNIM, GSIM, ou Groupe de soutien \u00e0 l\u2019islam et aux musulmans, li\u00e9 \u00e0 Al-Qa\u00efda ou encore Ansarul islam de Malam Dicko).<\/p>\n<p>On peut estimer qu\u2019il est normal de discuter avec les groupes nationaux parce que ce sont nos fr\u00e8res et que nous devons discuter des affaires de notre pays ensemble. Mais en va-t-il de m\u00eame pour les groupes terroristes d\u2019\u00e9trangers, qui ont tu\u00e9s nos femmes et enfants ainsi que nos fr\u00e8res ? Est-ce que d\u2019ailleurs, ils seraient int\u00e9ress\u00e9s ces \u00e9trangers, si tant est que leur d\u00e9sir est de nous d\u00e9poss\u00e9der de nos terres et d\u2019en faire ce qu\u2019ils veulent ? Ces multinationales du terrorisme, s\u2019en sont pris \u00e0 nos faibles pays sah\u00e9liens pour montrer qu\u2019ils sont forts apr\u00e8s avoir \u00e9t\u00e9 chass\u00e9s d\u2019Irak et de Syrie.<\/p>\n<p>Apr\u00e8s avoir identifi\u00e9 les potentiels partenaires \u00e0 la n\u00e9gociation, qu\u2019est-ce qu\u2019il met sur la table de n\u00e9gociation ? De quoi va-t-on discuter, la recherche du dialogue doit avoir un sujet ou des questions \u00e0 r\u00e9soudre ? La complexit\u00e9 de la question s\u00e9curitaire au Sahel est que nos \u00c9tats ignorent l\u2019objet du conflit. La multiplicit\u00e9 des groupes fait penser \u00e0 de nombreuses causes possibles du conflit. Et les groupes ne communiquent pas assez clairement sur leurs d\u00e9sid\u00e9ratas.<\/p>\n<p>Si on est pr\u00eat \u00e0 n\u00e9gocier, c\u2019est qu\u2019on est pr\u00eat \u00e0 partager, \u00e0 conc\u00e9der, \u00e0 c\u00e9der tout ou partie de ce que l\u2019autre veut. Et envisager la n\u00e9gociation sans \u00e9tablir clairement les domaines du discutable et ce dont on ne peut pas parler, sur lesquels on ne transige pas, on ne n\u00e9gocie pas, expose \u00e0 aller dans une impasse ou \u00e0 aller se livrer au bon vouloir de la partie adverse. Va-t-il offrir une ou plusieurs des r\u00e9gions en proie au terrorisme aux djihadistes contre la paix ? Va-t-il accepter que le Burkina devienne un califat d\u2019Al Qaeda ou de Daech ? Concernant notre vivre ensemble, que va-t-il abandonner ? La la\u00efcit\u00e9, la R\u00e9publique, la tol\u00e9rance religieuse qui est un label national qui caract\u00e9rise toutes les religions \u2026 ?<\/p>\n<p>Qu\u2019est ce qui est n\u00e9gociable et qu\u2019est ce qui ne l\u2019est pas ? En laissant des zones d\u2019ombre sur beaucoup d\u2019aspect de sa proposition, cela instruit le proc\u00e8s en superficialit\u00e9 et en incomp\u00e9tence.<\/p>\n<p><b>Un pr\u00e9sident m\u00eame candidat \u00e0 sa r\u00e9\u00e9lection ne devrait pas dire \u00e7a<\/b><\/p>\n<p>Roch Marc Christian Kabor\u00e9 a r\u00e9pondu avec la m\u00eame l\u00e9g\u00e8ret\u00e9 \u00e0 Eddie Kombo\u00efgo concernant son offre de n\u00e9gociation, en disant que s\u2019il veut n\u00e9gocier c\u2019est parce qu\u2019il connait les groupes terroristes. Au d\u00e9but des attentats en 2016, les dirigeants du MPP ont \u00e0 peu pr\u00e8s mis l\u2019ins\u00e9curit\u00e9 sur le compte du pouvoir d\u00e9chu qui s\u2019en prenait \u00e0 eux. Cet argument pouvait prosp\u00e9rer \u00e0 cause de la proximit\u00e9 et des liaisons avec ces groupes dans le cadre des m\u00e9diations du pr\u00e9sident Blaise Compaor\u00e9.<\/p>\n<p>De fait, le Burkina a \u00e9t\u00e9 \u00e9pargn\u00e9 durant cette p\u00e9riode suite \u00e0 un accord sans aucun doute entre le m\u00e9diateur et les groupes terroristes. Il est quand m\u00eame inconcevable de s\u2019en prendre \u00e0 l\u2019arbitre dans un match. Les groupes terroristes ne pouvaient tout de m\u00eame pas s\u2019attaquer \u00e0 celui qui aidait \u00e0 rapprocher les points de vue, l\u2019interm\u00e9diaire entre eux et leurs ennemis. Apr\u00e8s avoir \u00e9t\u00e9 aux commandes, Roch Kabor\u00e9 ne peut pas fuir ses responsabilit\u00e9s et dire que c\u2019est la faute \u00e0 ceux qui ont \u00e9t\u00e9 avec les groupes terroristes. Ce qui n\u2019est pas vrai dans le cas d\u2019Eddie Kombo\u00efgo.<\/p>\n<p>Mais cinq ans apr\u00e8s, ne pas savoir que le probl\u00e8me est plus complexe et que, vu les drames qu\u2019il a occasionn\u00e9s, on ne peut pas le traiter sur le mode mineur des petites phrases au cours de meeting ! Roch Kabor\u00e9 devrait comprendre que l\u2019offre de n\u00e9gociation doit faire partie de son arsenal de guerre, car c\u2019est un moyen d\u2019approche et de connaissance de l\u2019ennemi. Cela peut aider au renseignement, pendant qu\u2019on n\u00e9gocie, la guerre ne s\u2019arr\u00eate pas, la partie qui perdra de vue la d\u00e9fense de ses positions perdra la guerre et il n\u2019y a plus de n\u00e9gociation ; il faudra signer l\u2019armistice, la capitulation.<\/p>\n<p>Dans cette question, il ne s\u2019agit pas de la guerre ou de n\u00e9gociation, la v\u00e9rit\u00e9 est plus complexe que ce choix binaire. Il est dommage que certains partis p\u00eachent par manque de strat\u00e9gies militaires et n\u2019aient pas pris des conseils sur ces questions aupr\u00e8s de personnes \u00e9clair\u00e9es. On ne veut pas dire que le candidat de l\u2019UPC a la solution mais il a choisi d\u2019en parler de mani\u00e8re s\u00e9rieuse et responsable \u00e0 travers un livre blanc.<\/p>\n<p>Le futur pr\u00e9sident, quel qu\u2019il soit, doit combler ses lacunes en mati\u00e8re militaire et recourir \u00e0 tous nos experts du domaine. Nous avons assez perdu de fils du pays.<\/p>\n<p><b>Sana Guy<br \/>\n<\/b><\/p>\n","protected":false},"excerpt":{"rendered":"<p>Africa-Press &#8211; Burkina Faso. Par cinq fois au moins, durant cette campagne, la triste actualit\u00e9 d\u2019un pays en guerre est venue se rappeler \u00e0 nos politiques. Le meurtre du chauffeur d\u2019un d\u00e9put\u00e9 MPP en campagne \u00e0 Essakane, sur la route Dori-Gorom Gorom, et les braqueurs sont partis avec le v\u00e9hicule. Le 2 novembre 2020, huit [&hellip;]<\/p>\n","protected":false},"author":82,"featured_media":650,"comment_status":"open","ping_status":"closed","sticky":false,"template":"","format":"standard","meta":{"footnotes":""},"categories":[63,11,10],"tags":[111,29],"class_list":["post-651","post","type-post","status-publish","format-standard","has-post-thumbnail","hentry","category-election-presidentielle-novembre-2020","category-homepage-french","category-toutes-les-actualites","tag-africa-press","tag-burkina-faso"],"yoast_head":"<!-- This site is optimized with the Yoast SEO Premium plugin v26.1 (Yoast SEO v27.0) - https:\/\/yoast.com\/product\/yoast-seo-premium-wordpress\/ -->\n<title>Deux candidats glissent sur la planche de la s\u00e9curit\u00e9 - Burkina Faso<\/title>\n<meta name=\"description\" content=\"Africa-Press - Burkina Faso. Par cinq fois au moins, durant cette campagne, la triste actualit\u00e9 d\u2019un pays en guerre est venue se rappeler \u00e0 nos politiques.\" \/>\n<meta name=\"robots\" content=\"index, follow, max-snippet:-1, max-image-preview:large, max-video-preview:-1\" \/>\n<link rel=\"canonical\" href=\"https:\/\/www.africa-press.net\/burkina-faso\/toutes-les-actualites\/campagne-presidentielle-2020-deux-candidats-glissent-sur-la-planche-de-la-securite\" \/>\n<meta property=\"og:locale\" content=\"fr_FR\" \/>\n<meta property=\"og:type\" content=\"article\" \/>\n<meta property=\"og:title\" content=\"Deux candidats glissent sur la planche de la s\u00e9curit\u00e9\" \/>\n<meta property=\"og:description\" content=\"Africa-Press - Burkina Faso. Par cinq fois au moins, durant cette campagne, la triste actualit\u00e9 d\u2019un pays en guerre est venue se rappeler \u00e0 nos politiques.\" \/>\n<meta property=\"og:url\" content=\"https:\/\/www.africa-press.net\/burkina-faso\/toutes-les-actualites\/campagne-presidentielle-2020-deux-candidats-glissent-sur-la-planche-de-la-securite\" \/>\n<meta property=\"og:site_name\" content=\"Burkina Faso\" \/>\n<meta property=\"article:published_time\" content=\"2020-11-19T15:56:46+00:00\" \/>\n<meta property=\"og:image\" content=\"https:\/\/static.africa-press.net\/burkina\/sites\/42\/2020\/11\/img-5fb67e7e95c06.jpg\" \/>\n\t<meta property=\"og:image:width\" content=\"700\" \/>\n\t<meta property=\"og:image:height\" content=\"409\" \/>\n\t<meta property=\"og:image:type\" content=\"image\/jpeg\" \/>\n<meta name=\"author\" content=\"cfeditorfr\" \/>\n<meta name=\"twitter:card\" content=\"summary_large_image\" \/>\n<meta name=\"twitter:label1\" content=\"\u00c9crit par\" \/>\n\t<meta name=\"twitter:data1\" content=\"cfeditorfr\" \/>\n\t<meta name=\"twitter:label2\" content=\"Dur\u00e9e de lecture estim\u00e9e\" \/>\n\t<meta name=\"twitter:data2\" content=\"9 minutes\" \/>\n<script type=\"application\/ld+json\" class=\"yoast-schema-graph\">{\"@context\":\"https:\/\/schema.org\",\"@graph\":[{\"@type\":\"Article\",\"@id\":\"https:\/\/www.africa-press.net\/burkina-faso\/toutes-les-actualites\/campagne-presidentielle-2020-deux-candidats-glissent-sur-la-planche-de-la-securite#article\",\"isPartOf\":{\"@id\":\"https:\/\/www.africa-press.net\/burkina-faso\/toutes-les-actualites\/campagne-presidentielle-2020-deux-candidats-glissent-sur-la-planche-de-la-securite\"},\"author\":{\"name\":\"cfeditorfr\",\"@id\":\"https:\/\/www.africa-press.net\/burkina-faso\/#\/schema\/person\/2b1cf3cd81a31e3cd26889ca66d677f1\"},\"headline\":\"Deux candidats glissent sur la planche de la s\u00e9curit\u00e9\",\"datePublished\":\"2020-11-19T15:56:46+00:00\",\"mainEntityOfPage\":{\"@id\":\"https:\/\/www.africa-press.net\/burkina-faso\/toutes-les-actualites\/campagne-presidentielle-2020-deux-candidats-glissent-sur-la-planche-de-la-securite\"},\"wordCount\":1770,\"commentCount\":0,\"image\":{\"@id\":\"https:\/\/www.africa-press.net\/burkina-faso\/toutes-les-actualites\/campagne-presidentielle-2020-deux-candidats-glissent-sur-la-planche-de-la-securite#primaryimage\"},\"thumbnailUrl\":\"https:\/\/static.africa-press.net\/burkina\/sites\/42\/2020\/11\/img-5fb67e7e95c06.jpg\",\"keywords\":[\"Africa Press\",\"Burkina Faso\"],\"articleSection\":[\"\u00e9lection pr\u00e9sidentielle novembre 2020\",\"homepage-french\",\"Toutes les actualit\u00e9s\"],\"inLanguage\":\"fr-FR\",\"potentialAction\":[{\"@type\":\"CommentAction\",\"name\":\"Comment\",\"target\":[\"https:\/\/www.africa-press.net\/burkina-faso\/toutes-les-actualites\/campagne-presidentielle-2020-deux-candidats-glissent-sur-la-planche-de-la-securite#respond\"]}]},{\"@type\":\"WebPage\",\"@id\":\"https:\/\/www.africa-press.net\/burkina-faso\/toutes-les-actualites\/campagne-presidentielle-2020-deux-candidats-glissent-sur-la-planche-de-la-securite\",\"url\":\"https:\/\/www.africa-press.net\/burkina-faso\/toutes-les-actualites\/campagne-presidentielle-2020-deux-candidats-glissent-sur-la-planche-de-la-securite\",\"name\":\"Deux candidats glissent sur la planche de la s\u00e9curit\u00e9 - Burkina Faso\",\"isPartOf\":{\"@id\":\"https:\/\/www.africa-press.net\/burkina-faso\/#website\"},\"primaryImageOfPage\":{\"@id\":\"https:\/\/www.africa-press.net\/burkina-faso\/toutes-les-actualites\/campagne-presidentielle-2020-deux-candidats-glissent-sur-la-planche-de-la-securite#primaryimage\"},\"image\":{\"@id\":\"https:\/\/www.africa-press.net\/burkina-faso\/toutes-les-actualites\/campagne-presidentielle-2020-deux-candidats-glissent-sur-la-planche-de-la-securite#primaryimage\"},\"thumbnailUrl\":\"https:\/\/static.africa-press.net\/burkina\/sites\/42\/2020\/11\/img-5fb67e7e95c06.jpg\",\"datePublished\":\"2020-11-19T15:56:46+00:00\",\"author\":{\"@id\":\"https:\/\/www.africa-press.net\/burkina-faso\/#\/schema\/person\/2b1cf3cd81a31e3cd26889ca66d677f1\"},\"description\":\"Africa-Press - Burkina Faso. Par cinq fois au moins, durant cette campagne, la triste actualit\u00e9 d\u2019un pays en guerre est venue se rappeler \u00e0 nos politiques.\",\"breadcrumb\":{\"@id\":\"https:\/\/www.africa-press.net\/burkina-faso\/toutes-les-actualites\/campagne-presidentielle-2020-deux-candidats-glissent-sur-la-planche-de-la-securite#breadcrumb\"},\"inLanguage\":\"fr-FR\",\"potentialAction\":[{\"@type\":\"ReadAction\",\"target\":[\"https:\/\/www.africa-press.net\/burkina-faso\/toutes-les-actualites\/campagne-presidentielle-2020-deux-candidats-glissent-sur-la-planche-de-la-securite\"]}]},{\"@type\":\"ImageObject\",\"inLanguage\":\"fr-FR\",\"@id\":\"https:\/\/www.africa-press.net\/burkina-faso\/toutes-les-actualites\/campagne-presidentielle-2020-deux-candidats-glissent-sur-la-planche-de-la-securite#primaryimage\",\"url\":\"https:\/\/static.africa-press.net\/burkina\/sites\/42\/2020\/11\/img-5fb67e7e95c06.jpg\",\"contentUrl\":\"https:\/\/static.africa-press.net\/burkina\/sites\/42\/2020\/11\/img-5fb67e7e95c06.jpg\",\"width\":700,\"height\":409,\"caption\":\"Campagne pr\u00e9sidentielle 2020 : Deux candidats glissent sur la planche de la s\u00e9curit\u00e9\"},{\"@type\":\"BreadcrumbList\",\"@id\":\"https:\/\/www.africa-press.net\/burkina-faso\/toutes-les-actualites\/campagne-presidentielle-2020-deux-candidats-glissent-sur-la-planche-de-la-securite#breadcrumb\",\"itemListElement\":[{\"@type\":\"ListItem\",\"position\":1,\"name\":\"Accueil\",\"item\":\"https:\/\/www.africa-press.net\/burkina-faso\/\"},{\"@type\":\"ListItem\",\"position\":2,\"name\":\"Deux candidats glissent sur la planche de la s\u00e9curit\u00e9\"}]},{\"@type\":\"WebSite\",\"@id\":\"https:\/\/www.africa-press.net\/burkina-faso\/#website\",\"url\":\"https:\/\/www.africa-press.net\/burkina-faso\/\",\"name\":\"Burkina Faso\",\"description\":\"Just another Africa News Agency Sites site\",\"potentialAction\":[{\"@type\":\"SearchAction\",\"target\":{\"@type\":\"EntryPoint\",\"urlTemplate\":\"https:\/\/www.africa-press.net\/burkina-faso\/?s={search_term_string}\"},\"query-input\":{\"@type\":\"PropertyValueSpecification\",\"valueRequired\":true,\"valueName\":\"search_term_string\"}}],\"inLanguage\":\"fr-FR\"},{\"@type\":\"Person\",\"@id\":\"https:\/\/www.africa-press.net\/burkina-faso\/#\/schema\/person\/2b1cf3cd81a31e3cd26889ca66d677f1\",\"name\":\"cfeditorfr\"}]}<\/script>\n<!-- \/ Yoast SEO Premium plugin. -->","yoast_head_json":{"title":"Deux candidats glissent sur la planche de la s\u00e9curit\u00e9 - Burkina Faso","description":"Africa-Press - Burkina Faso. Par cinq fois au moins, durant cette campagne, la triste actualit\u00e9 d\u2019un pays en guerre est venue se rappeler \u00e0 nos politiques.","robots":{"index":"index","follow":"follow","max-snippet":"max-snippet:-1","max-image-preview":"max-image-preview:large","max-video-preview":"max-video-preview:-1"},"canonical":"https:\/\/www.africa-press.net\/burkina-faso\/toutes-les-actualites\/campagne-presidentielle-2020-deux-candidats-glissent-sur-la-planche-de-la-securite","og_locale":"fr_FR","og_type":"article","og_title":"Deux candidats glissent sur la planche de la s\u00e9curit\u00e9","og_description":"Africa-Press - Burkina Faso. Par cinq fois au moins, durant cette campagne, la triste actualit\u00e9 d\u2019un pays en guerre est venue se rappeler \u00e0 nos politiques.","og_url":"https:\/\/www.africa-press.net\/burkina-faso\/toutes-les-actualites\/campagne-presidentielle-2020-deux-candidats-glissent-sur-la-planche-de-la-securite","og_site_name":"Burkina Faso","article_published_time":"2020-11-19T15:56:46+00:00","og_image":[{"width":700,"height":409,"url":"https:\/\/static.africa-press.net\/burkina\/sites\/42\/2020\/11\/img-5fb67e7e95c06.jpg","type":"image\/jpeg"}],"author":"cfeditorfr","twitter_card":"summary_large_image","twitter_misc":{"\u00c9crit par":"cfeditorfr","Dur\u00e9e de lecture estim\u00e9e":"9 minutes"},"schema":{"@context":"https:\/\/schema.org","@graph":[{"@type":"Article","@id":"https:\/\/www.africa-press.net\/burkina-faso\/toutes-les-actualites\/campagne-presidentielle-2020-deux-candidats-glissent-sur-la-planche-de-la-securite#article","isPartOf":{"@id":"https:\/\/www.africa-press.net\/burkina-faso\/toutes-les-actualites\/campagne-presidentielle-2020-deux-candidats-glissent-sur-la-planche-de-la-securite"},"author":{"name":"cfeditorfr","@id":"https:\/\/www.africa-press.net\/burkina-faso\/#\/schema\/person\/2b1cf3cd81a31e3cd26889ca66d677f1"},"headline":"Deux candidats glissent sur la planche de la s\u00e9curit\u00e9","datePublished":"2020-11-19T15:56:46+00:00","mainEntityOfPage":{"@id":"https:\/\/www.africa-press.net\/burkina-faso\/toutes-les-actualites\/campagne-presidentielle-2020-deux-candidats-glissent-sur-la-planche-de-la-securite"},"wordCount":1770,"commentCount":0,"image":{"@id":"https:\/\/www.africa-press.net\/burkina-faso\/toutes-les-actualites\/campagne-presidentielle-2020-deux-candidats-glissent-sur-la-planche-de-la-securite#primaryimage"},"thumbnailUrl":"https:\/\/static.africa-press.net\/burkina\/sites\/42\/2020\/11\/img-5fb67e7e95c06.jpg","keywords":["Africa Press","Burkina Faso"],"articleSection":["\u00e9lection pr\u00e9sidentielle novembre 2020","homepage-french","Toutes les actualit\u00e9s"],"inLanguage":"fr-FR","potentialAction":[{"@type":"CommentAction","name":"Comment","target":["https:\/\/www.africa-press.net\/burkina-faso\/toutes-les-actualites\/campagne-presidentielle-2020-deux-candidats-glissent-sur-la-planche-de-la-securite#respond"]}]},{"@type":"WebPage","@id":"https:\/\/www.africa-press.net\/burkina-faso\/toutes-les-actualites\/campagne-presidentielle-2020-deux-candidats-glissent-sur-la-planche-de-la-securite","url":"https:\/\/www.africa-press.net\/burkina-faso\/toutes-les-actualites\/campagne-presidentielle-2020-deux-candidats-glissent-sur-la-planche-de-la-securite","name":"Deux candidats glissent sur la planche de la s\u00e9curit\u00e9 - Burkina Faso","isPartOf":{"@id":"https:\/\/www.africa-press.net\/burkina-faso\/#website"},"primaryImageOfPage":{"@id":"https:\/\/www.africa-press.net\/burkina-faso\/toutes-les-actualites\/campagne-presidentielle-2020-deux-candidats-glissent-sur-la-planche-de-la-securite#primaryimage"},"image":{"@id":"https:\/\/www.africa-press.net\/burkina-faso\/toutes-les-actualites\/campagne-presidentielle-2020-deux-candidats-glissent-sur-la-planche-de-la-securite#primaryimage"},"thumbnailUrl":"https:\/\/static.africa-press.net\/burkina\/sites\/42\/2020\/11\/img-5fb67e7e95c06.jpg","datePublished":"2020-11-19T15:56:46+00:00","author":{"@id":"https:\/\/www.africa-press.net\/burkina-faso\/#\/schema\/person\/2b1cf3cd81a31e3cd26889ca66d677f1"},"description":"Africa-Press - Burkina Faso. Par cinq fois au moins, durant cette campagne, la triste actualit\u00e9 d\u2019un pays en guerre est venue se rappeler \u00e0 nos politiques.","breadcrumb":{"@id":"https:\/\/www.africa-press.net\/burkina-faso\/toutes-les-actualites\/campagne-presidentielle-2020-deux-candidats-glissent-sur-la-planche-de-la-securite#breadcrumb"},"inLanguage":"fr-FR","potentialAction":[{"@type":"ReadAction","target":["https:\/\/www.africa-press.net\/burkina-faso\/toutes-les-actualites\/campagne-presidentielle-2020-deux-candidats-glissent-sur-la-planche-de-la-securite"]}]},{"@type":"ImageObject","inLanguage":"fr-FR","@id":"https:\/\/www.africa-press.net\/burkina-faso\/toutes-les-actualites\/campagne-presidentielle-2020-deux-candidats-glissent-sur-la-planche-de-la-securite#primaryimage","url":"https:\/\/static.africa-press.net\/burkina\/sites\/42\/2020\/11\/img-5fb67e7e95c06.jpg","contentUrl":"https:\/\/static.africa-press.net\/burkina\/sites\/42\/2020\/11\/img-5fb67e7e95c06.jpg","width":700,"height":409,"caption":"Campagne pr\u00e9sidentielle 2020 : Deux candidats glissent sur la planche de la s\u00e9curit\u00e9"},{"@type":"BreadcrumbList","@id":"https:\/\/www.africa-press.net\/burkina-faso\/toutes-les-actualites\/campagne-presidentielle-2020-deux-candidats-glissent-sur-la-planche-de-la-securite#breadcrumb","itemListElement":[{"@type":"ListItem","position":1,"name":"Accueil","item":"https:\/\/www.africa-press.net\/burkina-faso\/"},{"@type":"ListItem","position":2,"name":"Deux candidats glissent sur la planche de la s\u00e9curit\u00e9"}]},{"@type":"WebSite","@id":"https:\/\/www.africa-press.net\/burkina-faso\/#website","url":"https:\/\/www.africa-press.net\/burkina-faso\/","name":"Burkina Faso","description":"Just another Africa News Agency Sites site","potentialAction":[{"@type":"SearchAction","target":{"@type":"EntryPoint","urlTemplate":"https:\/\/www.africa-press.net\/burkina-faso\/?s={search_term_string}"},"query-input":{"@type":"PropertyValueSpecification","valueRequired":true,"valueName":"search_term_string"}}],"inLanguage":"fr-FR"},{"@type":"Person","@id":"https:\/\/www.africa-press.net\/burkina-faso\/#\/schema\/person\/2b1cf3cd81a31e3cd26889ca66d677f1","name":"cfeditorfr"}]}},"_links":{"self":[{"href":"https:\/\/www.africa-press.net\/burkina-faso\/wp-json\/wp\/v2\/posts\/651","targetHints":{"allow":["GET"]}}],"collection":[{"href":"https:\/\/www.africa-press.net\/burkina-faso\/wp-json\/wp\/v2\/posts"}],"about":[{"href":"https:\/\/www.africa-press.net\/burkina-faso\/wp-json\/wp\/v2\/types\/post"}],"author":[{"embeddable":true,"href":"https:\/\/www.africa-press.net\/burkina-faso\/wp-json\/wp\/v2\/users\/82"}],"replies":[{"embeddable":true,"href":"https:\/\/www.africa-press.net\/burkina-faso\/wp-json\/wp\/v2\/comments?post=651"}],"version-history":[{"count":0,"href":"https:\/\/www.africa-press.net\/burkina-faso\/wp-json\/wp\/v2\/posts\/651\/revisions"}],"wp:featuredmedia":[{"embeddable":true,"href":"https:\/\/www.africa-press.net\/burkina-faso\/wp-json\/wp\/v2\/media\/650"}],"wp:attachment":[{"href":"https:\/\/www.africa-press.net\/burkina-faso\/wp-json\/wp\/v2\/media?parent=651"}],"wp:term":[{"taxonomy":"category","embeddable":true,"href":"https:\/\/www.africa-press.net\/burkina-faso\/wp-json\/wp\/v2\/categories?post=651"},{"taxonomy":"post_tag","embeddable":true,"href":"https:\/\/www.africa-press.net\/burkina-faso\/wp-json\/wp\/v2\/tags?post=651"}],"curies":[{"name":"wp","href":"https:\/\/api.w.org\/{rel}","templated":true}]}}