{"id":659,"date":"2020-11-19T16:48:03","date_gmt":"2020-11-19T16:48:03","guid":{"rendered":"https:\/\/www.africa-press.com\/burkina-faso\/?p=659"},"modified":"2020-11-19T14:33:18","modified_gmt":"2020-11-19T14:33:18","slug":"bani-province-du-seno-vincent-dabilgou-mobilise-des-electeurs-pour-roch-kabore","status":"publish","type":"post","link":"https:\/\/www.africa-press.net\/burkina-faso\/toutes-les-actualites\/bani-province-du-seno-vincent-dabilgou-mobilise-des-electeurs-pour-roch-kabore","title":{"rendered":"Bani (province du S\u00e9no) : Vincent Dabilgou mobilise des \u00e9lecteurs pour Roch Kabor\u00e9"},"content":{"rendered":"<p><span style=\"color: #ff6600\"><strong><a href=\"https:\/\/www.africa-press.com\">Africa-Press<\/a> &#8211; <a href=\"https:\/\/www.africa-press.com\/burkina-faso\">Burkina Faso<\/a>. <\/strong><\/span><b>Le pr\u00e9sident du Nouveau temps pour la d\u00e9mocratie (NTD), Vincent Dabilgou, a organis\u00e9 un meeting dans la commune de Bani, province du S\u00e9no, le 18 novembre de 2020. Dans cette partie de la r\u00e9gion du Sahel, Vincent Dabilgou a invit\u00e9 les populations \u00e0 accorder un nouveau bail \u00e0 Roch Kabor\u00e9, le 22 novembre prochain.<\/b><\/p>\n<p>Le Nouveau temps pour la d\u00e9mocratie (NTD) \u00e9tait en meeting ce 18 novembre dans la commune de Bani, province du S\u00e9no, r\u00e9gion du Sahel. Les militants sont venus de tous les villages de la commune pour \u00e9couter Vincent Dabilgou. Ce dernier a dit \u00eatre porteur d\u2019un message de Roch Marc Christian Kabor\u00e9.<\/p>\n<p>\u00ab Je suis venu vous dire qu\u2019il sait que vous \u00eates mobilis\u00e9s d\u2019une mani\u00e8re globale dans la province du S\u00e9no et d\u2019une mani\u00e8re particuli\u00e8re dans la commune de Bani pour faire en sorte que le coup K.O. soit une r\u00e9alit\u00e9 le 22 novembre \u00bb, a clam\u00e9 le pr\u00e9sident du NTD.<\/p>\n<p>R\u00e9pondant aux pr\u00e9occupations des jeunes, Vincent Dabilgou a annonc\u00e9 que le nouveau programme de soci\u00e9t\u00e9 de Roch Kabor\u00e9 pr\u00e9voit des formations et des cr\u00e9dits au profit des jeunes. A l\u2019en croire, ils feront en sorte que les jeunes deviennent des entrepreneurs qui puissent aussi embaucher d\u2019autres jeunes.<\/p>\n<p>Apr\u00e8s avoir pr\u00eat\u00e9 une oreille attentive \u00e0 leur pr\u00e9sident, les militants du NTD l\u2019ont rassur\u00e9 qu\u2019ils seront la locomotive du parti dans la province du S\u00e9no. Pour eux, le coup K.O. est assur\u00e9 pour le NTD et le MPP.<\/p>\n<p><b>Daoula Bagnon<br \/>\nCorrespondant Dori<\/b><\/p>\n","protected":false},"excerpt":{"rendered":"<p>Africa-Press &#8211; Burkina Faso. Le pr\u00e9sident du Nouveau temps pour la d\u00e9mocratie (NTD), Vincent Dabilgou, a organis\u00e9 un meeting dans la commune de Bani, province du S\u00e9no, le 18 novembre de 2020. Dans cette partie de la r\u00e9gion du Sahel, Vincent Dabilgou a invit\u00e9 les populations \u00e0 accorder un nouveau bail \u00e0 Roch Kabor\u00e9, le [&hellip;]<\/p>\n","protected":false},"author":82,"featured_media":658,"comment_status":"open","ping_status":"closed","sticky":false,"template":"","format":"standard","meta":{"footnotes":""},"categories":[63,11,10],"tags":[111,29],"class_list":["post-659","post","type-post","status-publish","format-standard","has-post-thumbnail","hentry","category-election-presidentielle-novembre-2020","category-homepage-french","category-toutes-les-actualites","tag-africa-press","tag-burkina-faso"],"yoast_head":"<!-- This site is optimized with the Yoast SEO Premium plugin v26.1 (Yoast SEO v27.0) - https:\/\/yoast.com\/product\/yoast-seo-premium-wordpress\/ -->\n<title>Bani (province du S\u00e9no) : Vincent Dabilgou mobilise des \u00e9lecteurs pour Roch Kabor\u00e9 - Burkina Faso<\/title>\n<meta name=\"description\" content=\"Africa-Press - Burkina Faso. Le pr\u00e9sident du Nouveau temps pour la d\u00e9mocratie (NTD), Vincent Dabilgou, a\" \/>\n<meta name=\"robots\" content=\"index, follow, max-snippet:-1, max-image-preview:large, max-video-preview:-1\" \/>\n<link rel=\"canonical\" href=\"https:\/\/www.africa-press.net\/burkina-faso\/toutes-les-actualites\/bani-province-du-seno-vincent-dabilgou-mobilise-des-electeurs-pour-roch-kabore\" \/>\n<meta property=\"og:locale\" content=\"fr_FR\" \/>\n<meta property=\"og:type\" content=\"article\" \/>\n<meta property=\"og:title\" content=\"Bani (province du S\u00e9no) : Vincent Dabilgou mobilise des \u00e9lecteurs pour Roch Kabor\u00e9\" \/>\n<meta property=\"og:description\" content=\"Africa-Press - Burkina Faso. Le pr\u00e9sident du Nouveau temps pour la d\u00e9mocratie (NTD), Vincent Dabilgou, a\" \/>\n<meta property=\"og:url\" content=\"https:\/\/www.africa-press.net\/burkina-faso\/toutes-les-actualites\/bani-province-du-seno-vincent-dabilgou-mobilise-des-electeurs-pour-roch-kabore\" \/>\n<meta property=\"og:site_name\" content=\"Burkina Faso\" \/>\n<meta property=\"article:published_time\" content=\"2020-11-19T16:48:03+00:00\" \/>\n<meta property=\"og:image\" content=\"https:\/\/static.africa-press.net\/burkina\/sites\/42\/2020\/11\/img-5fb67ecb4f673.jpg\" \/>\n\t<meta property=\"og:image:width\" content=\"700\" \/>\n\t<meta property=\"og:image:height\" content=\"393\" \/>\n\t<meta property=\"og:image:type\" content=\"image\/jpeg\" \/>\n<meta name=\"author\" content=\"cfeditorfr\" \/>\n<meta name=\"twitter:card\" content=\"summary_large_image\" \/>\n<meta name=\"twitter:label1\" content=\"\u00c9crit par\" \/>\n\t<meta name=\"twitter:data1\" content=\"cfeditorfr\" \/>\n\t<meta name=\"twitter:label2\" content=\"Dur\u00e9e de lecture estim\u00e9e\" \/>\n\t<meta name=\"twitter:data2\" content=\"1 minute\" \/>\n<script type=\"application\/ld+json\" class=\"yoast-schema-graph\">{\"@context\":\"https:\/\/schema.org\",\"@graph\":[{\"@type\":\"Article\",\"@id\":\"https:\/\/www.africa-press.net\/burkina-faso\/toutes-les-actualites\/bani-province-du-seno-vincent-dabilgou-mobilise-des-electeurs-pour-roch-kabore#article\",\"isPartOf\":{\"@id\":\"https:\/\/www.africa-press.net\/burkina-faso\/toutes-les-actualites\/bani-province-du-seno-vincent-dabilgou-mobilise-des-electeurs-pour-roch-kabore\"},\"author\":{\"name\":\"cfeditorfr\",\"@id\":\"https:\/\/www.africa-press.net\/burkina-faso\/#\/schema\/person\/2b1cf3cd81a31e3cd26889ca66d677f1\"},\"headline\":\"Bani (province du S\u00e9no) : Vincent Dabilgou mobilise des \u00e9lecteurs pour Roch Kabor\u00e9\",\"datePublished\":\"2020-11-19T16:48:03+00:00\",\"mainEntityOfPage\":{\"@id\":\"https:\/\/www.africa-press.net\/burkina-faso\/toutes-les-actualites\/bani-province-du-seno-vincent-dabilgou-mobilise-des-electeurs-pour-roch-kabore\"},\"wordCount\":286,\"commentCount\":0,\"image\":{\"@id\":\"https:\/\/www.africa-press.net\/burkina-faso\/toutes-les-actualites\/bani-province-du-seno-vincent-dabilgou-mobilise-des-electeurs-pour-roch-kabore#primaryimage\"},\"thumbnailUrl\":\"https:\/\/static.africa-press.net\/burkina\/sites\/42\/2020\/11\/img-5fb67ecb4f673.jpg\",\"keywords\":[\"Africa Press\",\"Burkina Faso\"],\"articleSection\":[\"\u00e9lection pr\u00e9sidentielle novembre 2020\",\"homepage-french\",\"Toutes les actualit\u00e9s\"],\"inLanguage\":\"fr-FR\",\"potentialAction\":[{\"@type\":\"CommentAction\",\"name\":\"Comment\",\"target\":[\"https:\/\/www.africa-press.net\/burkina-faso\/toutes-les-actualites\/bani-province-du-seno-vincent-dabilgou-mobilise-des-electeurs-pour-roch-kabore#respond\"]}]},{\"@type\":\"WebPage\",\"@id\":\"https:\/\/www.africa-press.net\/burkina-faso\/toutes-les-actualites\/bani-province-du-seno-vincent-dabilgou-mobilise-des-electeurs-pour-roch-kabore\",\"url\":\"https:\/\/www.africa-press.net\/burkina-faso\/toutes-les-actualites\/bani-province-du-seno-vincent-dabilgou-mobilise-des-electeurs-pour-roch-kabore\",\"name\":\"Bani (province du S\u00e9no) : Vincent Dabilgou mobilise des \u00e9lecteurs pour Roch Kabor\u00e9 - Burkina Faso\",\"isPartOf\":{\"@id\":\"https:\/\/www.africa-press.net\/burkina-faso\/#website\"},\"primaryImageOfPage\":{\"@id\":\"https:\/\/www.africa-press.net\/burkina-faso\/toutes-les-actualites\/bani-province-du-seno-vincent-dabilgou-mobilise-des-electeurs-pour-roch-kabore#primaryimage\"},\"image\":{\"@id\":\"https:\/\/www.africa-press.net\/burkina-faso\/toutes-les-actualites\/bani-province-du-seno-vincent-dabilgou-mobilise-des-electeurs-pour-roch-kabore#primaryimage\"},\"thumbnailUrl\":\"https:\/\/static.africa-press.net\/burkina\/sites\/42\/2020\/11\/img-5fb67ecb4f673.jpg\",\"datePublished\":\"2020-11-19T16:48:03+00:00\",\"author\":{\"@id\":\"https:\/\/www.africa-press.net\/burkina-faso\/#\/schema\/person\/2b1cf3cd81a31e3cd26889ca66d677f1\"},\"description\":\"Africa-Press - Burkina Faso. Le pr\u00e9sident du Nouveau temps pour la d\u00e9mocratie (NTD), Vincent Dabilgou, a\",\"breadcrumb\":{\"@id\":\"https:\/\/www.africa-press.net\/burkina-faso\/toutes-les-actualites\/bani-province-du-seno-vincent-dabilgou-mobilise-des-electeurs-pour-roch-kabore#breadcrumb\"},\"inLanguage\":\"fr-FR\",\"potentialAction\":[{\"@type\":\"ReadAction\",\"target\":[\"https:\/\/www.africa-press.net\/burkina-faso\/toutes-les-actualites\/bani-province-du-seno-vincent-dabilgou-mobilise-des-electeurs-pour-roch-kabore\"]}]},{\"@type\":\"ImageObject\",\"inLanguage\":\"fr-FR\",\"@id\":\"https:\/\/www.africa-press.net\/burkina-faso\/toutes-les-actualites\/bani-province-du-seno-vincent-dabilgou-mobilise-des-electeurs-pour-roch-kabore#primaryimage\",\"url\":\"https:\/\/static.africa-press.net\/burkina\/sites\/42\/2020\/11\/img-5fb67ecb4f673.jpg\",\"contentUrl\":\"https:\/\/static.africa-press.net\/burkina\/sites\/42\/2020\/11\/img-5fb67ecb4f673.jpg\",\"width\":700,\"height\":393,\"caption\":\"Bani (province du S\u00e9no) : Vincent Dabilgou mobilise des \u00e9lecteurs pour Roch Kabor\u00e9\"},{\"@type\":\"BreadcrumbList\",\"@id\":\"https:\/\/www.africa-press.net\/burkina-faso\/toutes-les-actualites\/bani-province-du-seno-vincent-dabilgou-mobilise-des-electeurs-pour-roch-kabore#breadcrumb\",\"itemListElement\":[{\"@type\":\"ListItem\",\"position\":1,\"name\":\"Accueil\",\"item\":\"https:\/\/www.africa-press.net\/burkina-faso\/\"},{\"@type\":\"ListItem\",\"position\":2,\"name\":\"Bani (province du S\u00e9no) : Vincent Dabilgou mobilise des \u00e9lecteurs pour Roch Kabor\u00e9\"}]},{\"@type\":\"WebSite\",\"@id\":\"https:\/\/www.africa-press.net\/burkina-faso\/#website\",\"url\":\"https:\/\/www.africa-press.net\/burkina-faso\/\",\"name\":\"Burkina Faso\",\"description\":\"Just another Africa News Agency Sites site\",\"potentialAction\":[{\"@type\":\"SearchAction\",\"target\":{\"@type\":\"EntryPoint\",\"urlTemplate\":\"https:\/\/www.africa-press.net\/burkina-faso\/?s={search_term_string}\"},\"query-input\":{\"@type\":\"PropertyValueSpecification\",\"valueRequired\":true,\"valueName\":\"search_term_string\"}}],\"inLanguage\":\"fr-FR\"},{\"@type\":\"Person\",\"@id\":\"https:\/\/www.africa-press.net\/burkina-faso\/#\/schema\/person\/2b1cf3cd81a31e3cd26889ca66d677f1\",\"name\":\"cfeditorfr\"}]}<\/script>\n<!-- \/ Yoast SEO Premium plugin. -->","yoast_head_json":{"title":"Bani (province du S\u00e9no) : Vincent Dabilgou mobilise des \u00e9lecteurs pour Roch Kabor\u00e9 - Burkina Faso","description":"Africa-Press - Burkina Faso. Le pr\u00e9sident du Nouveau temps pour la d\u00e9mocratie (NTD), Vincent Dabilgou, a","robots":{"index":"index","follow":"follow","max-snippet":"max-snippet:-1","max-image-preview":"max-image-preview:large","max-video-preview":"max-video-preview:-1"},"canonical":"https:\/\/www.africa-press.net\/burkina-faso\/toutes-les-actualites\/bani-province-du-seno-vincent-dabilgou-mobilise-des-electeurs-pour-roch-kabore","og_locale":"fr_FR","og_type":"article","og_title":"Bani (province du S\u00e9no) : Vincent Dabilgou mobilise des \u00e9lecteurs pour Roch Kabor\u00e9","og_description":"Africa-Press - Burkina Faso. Le pr\u00e9sident du Nouveau temps pour la d\u00e9mocratie (NTD), Vincent Dabilgou, a","og_url":"https:\/\/www.africa-press.net\/burkina-faso\/toutes-les-actualites\/bani-province-du-seno-vincent-dabilgou-mobilise-des-electeurs-pour-roch-kabore","og_site_name":"Burkina Faso","article_published_time":"2020-11-19T16:48:03+00:00","og_image":[{"width":700,"height":393,"url":"https:\/\/static.africa-press.net\/burkina\/sites\/42\/2020\/11\/img-5fb67ecb4f673.jpg","type":"image\/jpeg"}],"author":"cfeditorfr","twitter_card":"summary_large_image","twitter_misc":{"\u00c9crit par":"cfeditorfr","Dur\u00e9e de lecture estim\u00e9e":"1 minute"},"schema":{"@context":"https:\/\/schema.org","@graph":[{"@type":"Article","@id":"https:\/\/www.africa-press.net\/burkina-faso\/toutes-les-actualites\/bani-province-du-seno-vincent-dabilgou-mobilise-des-electeurs-pour-roch-kabore#article","isPartOf":{"@id":"https:\/\/www.africa-press.net\/burkina-faso\/toutes-les-actualites\/bani-province-du-seno-vincent-dabilgou-mobilise-des-electeurs-pour-roch-kabore"},"author":{"name":"cfeditorfr","@id":"https:\/\/www.africa-press.net\/burkina-faso\/#\/schema\/person\/2b1cf3cd81a31e3cd26889ca66d677f1"},"headline":"Bani (province du S\u00e9no) : Vincent Dabilgou mobilise des \u00e9lecteurs pour Roch Kabor\u00e9","datePublished":"2020-11-19T16:48:03+00:00","mainEntityOfPage":{"@id":"https:\/\/www.africa-press.net\/burkina-faso\/toutes-les-actualites\/bani-province-du-seno-vincent-dabilgou-mobilise-des-electeurs-pour-roch-kabore"},"wordCount":286,"commentCount":0,"image":{"@id":"https:\/\/www.africa-press.net\/burkina-faso\/toutes-les-actualites\/bani-province-du-seno-vincent-dabilgou-mobilise-des-electeurs-pour-roch-kabore#primaryimage"},"thumbnailUrl":"https:\/\/static.africa-press.net\/burkina\/sites\/42\/2020\/11\/img-5fb67ecb4f673.jpg","keywords":["Africa Press","Burkina Faso"],"articleSection":["\u00e9lection pr\u00e9sidentielle novembre 2020","homepage-french","Toutes les actualit\u00e9s"],"inLanguage":"fr-FR","potentialAction":[{"@type":"CommentAction","name":"Comment","target":["https:\/\/www.africa-press.net\/burkina-faso\/toutes-les-actualites\/bani-province-du-seno-vincent-dabilgou-mobilise-des-electeurs-pour-roch-kabore#respond"]}]},{"@type":"WebPage","@id":"https:\/\/www.africa-press.net\/burkina-faso\/toutes-les-actualites\/bani-province-du-seno-vincent-dabilgou-mobilise-des-electeurs-pour-roch-kabore","url":"https:\/\/www.africa-press.net\/burkina-faso\/toutes-les-actualites\/bani-province-du-seno-vincent-dabilgou-mobilise-des-electeurs-pour-roch-kabore","name":"Bani (province du S\u00e9no) : Vincent Dabilgou mobilise des \u00e9lecteurs pour Roch Kabor\u00e9 - Burkina Faso","isPartOf":{"@id":"https:\/\/www.africa-press.net\/burkina-faso\/#website"},"primaryImageOfPage":{"@id":"https:\/\/www.africa-press.net\/burkina-faso\/toutes-les-actualites\/bani-province-du-seno-vincent-dabilgou-mobilise-des-electeurs-pour-roch-kabore#primaryimage"},"image":{"@id":"https:\/\/www.africa-press.net\/burkina-faso\/toutes-les-actualites\/bani-province-du-seno-vincent-dabilgou-mobilise-des-electeurs-pour-roch-kabore#primaryimage"},"thumbnailUrl":"https:\/\/static.africa-press.net\/burkina\/sites\/42\/2020\/11\/img-5fb67ecb4f673.jpg","datePublished":"2020-11-19T16:48:03+00:00","author":{"@id":"https:\/\/www.africa-press.net\/burkina-faso\/#\/schema\/person\/2b1cf3cd81a31e3cd26889ca66d677f1"},"description":"Africa-Press - Burkina Faso. Le pr\u00e9sident du Nouveau temps pour la d\u00e9mocratie (NTD), Vincent Dabilgou, a","breadcrumb":{"@id":"https:\/\/www.africa-press.net\/burkina-faso\/toutes-les-actualites\/bani-province-du-seno-vincent-dabilgou-mobilise-des-electeurs-pour-roch-kabore#breadcrumb"},"inLanguage":"fr-FR","potentialAction":[{"@type":"ReadAction","target":["https:\/\/www.africa-press.net\/burkina-faso\/toutes-les-actualites\/bani-province-du-seno-vincent-dabilgou-mobilise-des-electeurs-pour-roch-kabore"]}]},{"@type":"ImageObject","inLanguage":"fr-FR","@id":"https:\/\/www.africa-press.net\/burkina-faso\/toutes-les-actualites\/bani-province-du-seno-vincent-dabilgou-mobilise-des-electeurs-pour-roch-kabore#primaryimage","url":"https:\/\/static.africa-press.net\/burkina\/sites\/42\/2020\/11\/img-5fb67ecb4f673.jpg","contentUrl":"https:\/\/static.africa-press.net\/burkina\/sites\/42\/2020\/11\/img-5fb67ecb4f673.jpg","width":700,"height":393,"caption":"Bani (province du S\u00e9no) : Vincent Dabilgou mobilise des \u00e9lecteurs pour Roch Kabor\u00e9"},{"@type":"BreadcrumbList","@id":"https:\/\/www.africa-press.net\/burkina-faso\/toutes-les-actualites\/bani-province-du-seno-vincent-dabilgou-mobilise-des-electeurs-pour-roch-kabore#breadcrumb","itemListElement":[{"@type":"ListItem","position":1,"name":"Accueil","item":"https:\/\/www.africa-press.net\/burkina-faso\/"},{"@type":"ListItem","position":2,"name":"Bani (province du S\u00e9no) : Vincent Dabilgou mobilise des \u00e9lecteurs pour Roch Kabor\u00e9"}]},{"@type":"WebSite","@id":"https:\/\/www.africa-press.net\/burkina-faso\/#website","url":"https:\/\/www.africa-press.net\/burkina-faso\/","name":"Burkina Faso","description":"Just another Africa News Agency Sites site","potentialAction":[{"@type":"SearchAction","target":{"@type":"EntryPoint","urlTemplate":"https:\/\/www.africa-press.net\/burkina-faso\/?s={search_term_string}"},"query-input":{"@type":"PropertyValueSpecification","valueRequired":true,"valueName":"search_term_string"}}],"inLanguage":"fr-FR"},{"@type":"Person","@id":"https:\/\/www.africa-press.net\/burkina-faso\/#\/schema\/person\/2b1cf3cd81a31e3cd26889ca66d677f1","name":"cfeditorfr"}]}},"_links":{"self":[{"href":"https:\/\/www.africa-press.net\/burkina-faso\/wp-json\/wp\/v2\/posts\/659","targetHints":{"allow":["GET"]}}],"collection":[{"href":"https:\/\/www.africa-press.net\/burkina-faso\/wp-json\/wp\/v2\/posts"}],"about":[{"href":"https:\/\/www.africa-press.net\/burkina-faso\/wp-json\/wp\/v2\/types\/post"}],"author":[{"embeddable":true,"href":"https:\/\/www.africa-press.net\/burkina-faso\/wp-json\/wp\/v2\/users\/82"}],"replies":[{"embeddable":true,"href":"https:\/\/www.africa-press.net\/burkina-faso\/wp-json\/wp\/v2\/comments?post=659"}],"version-history":[{"count":0,"href":"https:\/\/www.africa-press.net\/burkina-faso\/wp-json\/wp\/v2\/posts\/659\/revisions"}],"wp:featuredmedia":[{"embeddable":true,"href":"https:\/\/www.africa-press.net\/burkina-faso\/wp-json\/wp\/v2\/media\/658"}],"wp:attachment":[{"href":"https:\/\/www.africa-press.net\/burkina-faso\/wp-json\/wp\/v2\/media?parent=659"}],"wp:term":[{"taxonomy":"category","embeddable":true,"href":"https:\/\/www.africa-press.net\/burkina-faso\/wp-json\/wp\/v2\/categories?post=659"},{"taxonomy":"post_tag","embeddable":true,"href":"https:\/\/www.africa-press.net\/burkina-faso\/wp-json\/wp\/v2\/tags?post=659"}],"curies":[{"name":"wp","href":"https:\/\/api.w.org\/{rel}","templated":true}]}}