{"id":71906,"date":"2023-10-03T14:32:10","date_gmt":"2023-10-03T14:32:10","guid":{"rendered":"https:\/\/www.africa-press.net\/burkina-faso\/politique\/republique-populaire-de-chine-74-ans-de-souverainete-celebres-a-ouagadougou"},"modified":"2023-10-03T15:22:54","modified_gmt":"2023-10-03T15:22:54","slug":"republique-populaire-de-chine-74-ans-de-souverainete-celebres-a-ouagadougou","status":"publish","type":"post","link":"https:\/\/www.africa-press.net\/burkina-faso\/politique\/republique-populaire-de-chine-74-ans-de-souverainete-celebres-a-ouagadougou","title":{"rendered":"R\u00e9publique populaire de Chine: 74 ans de souverainet\u00e9 c\u00e9l\u00e9br\u00e9s \u00e0 Ouagadougou"},"content":{"rendered":"<p><span style=\"color: #ff6600\"><strong>Africa-Press &#8211; Burkina Faso. <\/strong><\/span><b>L\u2019ambassade de la Re\u0301publique populaire de Chine a ce\u0301le\u0301bre\u0301 le 74e anniversaire de la proclamation de la Re\u0301publique populaire de Chine, le mercredi 27 septembre 2023 a\u0300 Ouagadougou. <\/b><\/p>\n<p>Le 1er octobre 1949, le pre\u0301sident du Comite\u0301 central du Parti communiste chinois (PCC), Mao Zedong, proclamait l\u2019inde\u0301pendance de la Re\u0301publique populaire de Chine a\u0300 Beijing. Cette anne\u0301e marque le 74e anniversaire de cette proclamation. En vue de marquer d\u2019une pierre blanche cet anniversaire, l\u2019ambassade de Chine au Burkina a organise\u0301 une ce\u0301re\u0301monie, le mercredi 27 septembre 2023 a\u0300 Ouagadougou.<\/p>\n<p>Cet e\u0301ve\u0300nement qui a re\u0301uni plusieurs personnalite\u0301s burkinabe\u0300 dont des membres du gouvernement ainsi que des \u00ab amis \u00bb de la Chine et les Chinois vivant au Burkina a e\u0301te\u0301 l\u2019occasion de ce\u0301le\u0301brer les efforts concerte\u0301s de\u0301ploye\u0301s par le peuple chinois sous la ferme direction du PCC pour l\u2019e\u0301dification d\u2019une socie\u0301te\u0301 mode\u0301re\u0301ment prospe\u0300re et l\u2019e\u0301limination de la pauvrete\u0301 absolue.<\/p>\n<p>\u00ab Au cours de la premie\u0300re moitie\u0301 de l\u2019anne\u0301e 2023, l\u2019e\u0301conomie chinoise a atteint un taux de croissance de 5,5%, contribuant ainsi pour un tiers a\u0300 la croissance e\u0301conomique mondiale cette anne\u0301e \u00bb, s\u2019est re\u0301joui l\u2019ambassadeur de la Re\u0301publique populaire de Chine au Burkina, Lu Shan. De ce qu\u2019il a dit, la Chine a entame\u0301 un nouveau voyage pour construire un pays socialiste moderne a\u0300 tous e\u0301gards et s\u2019est engage\u0301e dans la voie de la modernisation a\u0300 la chinoise pour le grand renouveau de la nation chinoise.<\/p>\n<p>\u00ab Nous nous efforc\u0327ons de promouvoir la prospe\u0301rite\u0301 commune du peuple, rechercher l\u2019e\u0301quilibre entre les civilisations mate\u0301rielles et spirituelles, restaurer l\u2019harmonie entre les e\u0302tres humains et la nature et adhe\u0301rer a\u0300 la voie du de\u0301veloppement pacifique \u00bb, a ajoute\u0301 Lu Shan. Pour lui, la modernisation a\u0300 la chinoise permettra d\u2019injecter plus d\u2019e\u0301nergie positive dans la paix mondiale et d\u2019apporter de nouvelles opportunite\u0301s pour le de\u0301veloppement mondial.<\/p>\n<p>De l\u2019avis du diplomate chinois, l\u2019un des grands be\u0301ne\u0301ficiaires de ces opportunite\u0301s est sans doute le continent africain avec qui la Chine entretient des relations privile\u0301gie\u0301es. En te\u0301moignent, a-t-il explique\u0301, les trois initiatives lance\u0301es par le pre\u0301sident chinois Xi Jinping afin de renforcer la coope\u0301ration pratique entre la Chine et l\u2019Afrique et favoriser l\u2019inte\u0301gration et la modernisation du continent noir.<\/p>\n<p>Il s\u2019agit notamment de l\u2019Initiative pour le soutien a\u0300 l\u2019industrialisation de l\u2019Afrique, du Programme d\u2019assistance a\u0300 la modernisation de l\u2019agriculture de l\u2019Afrique et du Plan de coope\u0301ration sino-africaine pour le de\u0301veloppement des talents.<\/p>\n<p>Re\u0301cemment, lors du dialogue des dirigeants Chine-Afrique a\u0300 Johannesburg, le pre\u0301sident Xi a de\u0301cide\u0301 d\u2019insuffler un nouvel e\u0301lan a\u0300 la coope\u0301ration sino-africaine. Il a souligne\u0301 que la Chine et l\u2019Afrique devraient de\u0301ployer des efforts concerte\u0301s pour promouvoir conjointement l\u2019e\u0301tablissement d\u2019un ordre international juste et raisonnable et se soutenir fermement dans la sauvegarde de leurs inte\u0301re\u0302ts fondamentaux.<\/p>\n<p>Pour l\u2019ambassadeur, la coope\u0301ration sino-burkinabe\u0300 est a\u0300 l\u2019image de la coope\u0301ration sino-africaine qui s\u2019enracine au fil des anne\u0301es. La ce\u0301le\u0301bration de la fe\u0302te nationale de la Chine a e\u0301te\u0301 l\u2019occasion pour l\u2019ambassadeur chinois de saluer la vivacite\u0301 des relations diplomatiques entre les deux pays. Il a indique\u0301 que depuis la reprise de l\u2019axe Pe\u0301kin-Ouagadougou en 2018, la coope\u0301ration e\u0301conomique et commerciale entre la Chine et le Burkina Faso est de plus en plus florissante et les e\u0301changes de personnel ont repris de plus belle.<\/p>\n<p>\u00ab La Chine est devenue le troisie\u0300me partenaire commercial du Burkina Faso et sa premie\u0300re source d\u2019importation. De nombreuses entreprises chinoises viennent prospecter le marche\u0301 et investissent au Burkina Faso et un grand nombre d\u2019hommes d\u2019affaires burkinabe\u0300 se rend en Chine pour participer a\u0300 l\u2019exposition e\u0301conomique et commerciale Chine-Afrique, a\u0300 la foire de Canton, etc. \u00bb, a-t-il appre\u0301cie\u0301.<\/p>\n<p>Lu Shan a e\u0301galement note\u0301 que de nombreux professionnels et de jeunes e\u0301tudiants se sont rendus en Chine pour participer a\u0300 des se\u0301minaires et poursuivre leurs e\u0301tudes. De ses dires, la section consulaire de l\u2019ambassade a de\u0301livre\u0301 pre\u0300s de 1 000 visas depuis son ouverture en juin dernier. Les deux pays ont e\u0301galement mis en \u0153uvre une se\u0301rie de projets concrets de coope\u0301ration dans les domaines de la sante\u0301, de l\u2019agriculture, de l\u2019e\u0301ducation et de la se\u0301curite\u0301.<\/p>\n<p>Ce qui a aide\u0301 le Burkina Faso, foi du diplomate chinois, a\u0300 ame\u0301liorer les conditions de vie des populations, a\u0300 revitaliser le pays et a\u0300 instaurer la paix et la se\u0301curite\u0301 de fac\u0327on inde\u0301pendante et endoge\u0300ne. Il a souhaite\u0301 que la solidarite\u0301 et l\u2019amitie\u0301 entre les deux pays se renforcent davantage a\u0300 travers un soutien mutuel des deux peuples dans l\u2019exploration de la voie de la modernisation conforme\u0301ment aux conditions et caracte\u0301ristiques nationales. \u00ab Main dans la main, nous allons entamer ensemble une pe\u0301riode dore\u0301e pour les relations sino-burkinabe\u0300 afin de parvenir au de\u0301veloppement et la prospe\u0301rite\u0301 commune \u00bb, a-t-il de\u0301clare\u0301.<\/p>\n<p><b>Nade\u0300ge YAMEOGO<\/b><\/p>\n\r\n                <style type=\"text\/css\">\r\n                    \r\n                    #td_uid_1_69f522c4ee28e  .td-doubleSlider-2 .td-item1 {\r\n                        background: url(https:\/\/static.africa-press.net\/burkina\/sites\/42\/2023\/10\/sm_1696333858.898652-80x60.jpg) 0 0 no-repeat;\r\n                    }\r\n                    #td_uid_1_69f522c4ee28e  .td-doubleSlider-2 .td-item2 {\r\n                        background: url(https:\/\/static.africa-press.net\/burkina\/sites\/42\/2023\/10\/sm_1696333876.549483-80x60.jpg) 0 0 no-repeat;\r\n                    }\r\n                <\/style>\r\n\r\n                <div id=\"td_uid_1_69f522c4ee28e\" class=\"td-gallery td-slide-on-2-columns\">\r\n                    <div class=\"post_td_gallery\">\r\n                        <div class=\"td-gallery-slide-top\">\r\n                           <div class=\"td-gallery-title\"><\/div>\r\n\r\n                            <div class=\"td-gallery-controls-wrapper\">\r\n                                <div class=\"td-gallery-slide-count\"><span class=\"td-gallery-slide-item-focus\">1<\/span> de 2<\/div>\r\n                                <div class=\"td-gallery-slide-prev-next-but\">\r\n                                    <i class = \"td-icon-left doubleSliderPrevButton\"><\/i>\r\n                                    <i class = \"td-icon-right doubleSliderNextButton\"><\/i>\r\n                                <\/div>\r\n                            <\/div>\r\n                        <\/div>\r\n\r\n                        <div class = \"td-doubleSlider-1 \">\r\n                            <div class = \"td-slider\">\r\n                                \r\n                    <div class = \"td-slide-item td-item1\">\r\n                        <figure class=\"td-slide-galery-figure td-slide-popup-gallery\">\r\n                            <a class=\"slide-gallery-image-link\" href=\"https:\/\/static.africa-press.net\/burkina\/sites\/42\/2023\/10\/sm_1696333858.898652.jpg\" title=\"sm_1696333858.898652\"  data-caption=\"\"  data-description=\"\">\r\n                                <img decoding=\"async\" src=\"https:\/\/static.africa-press.net\/burkina\/sites\/42\/2023\/10\/sm_1696333858.898652.jpg\" srcset=\"https:\/\/static.africa-press.net\/burkina\/sites\/42\/2023\/10\/sm_1696333858.898652.jpg 620w, https:\/\/static.africa-press.net\/burkina\/sites\/42\/2023\/10\/sm_1696333858.898652-300x186.jpg 300w, https:\/\/static.africa-press.net\/burkina\/sites\/42\/2023\/10\/sm_1696333858.898652-356x220.jpg 356w\" sizes=\"(max-width: 620px) 100vw, 620px\" alt=\"\">\r\n                            <\/a>\r\n                            \r\n                        <\/figure>\r\n                    <\/div>\r\n                    <div class = \"td-slide-item td-item2\">\r\n                        <figure class=\"td-slide-galery-figure td-slide-popup-gallery\">\r\n                            <a class=\"slide-gallery-image-link\" href=\"https:\/\/static.africa-press.net\/burkina\/sites\/42\/2023\/10\/sm_1696333876.549483.jpg\" title=\"sm_1696333876.549483\"  data-caption=\"\"  data-description=\"\">\r\n                                <img decoding=\"async\" src=\"https:\/\/static.africa-press.net\/burkina\/sites\/42\/2023\/10\/sm_1696333876.549483.jpg\" srcset=\"https:\/\/static.africa-press.net\/burkina\/sites\/42\/2023\/10\/sm_1696333876.549483.jpg 620w, https:\/\/static.africa-press.net\/burkina\/sites\/42\/2023\/10\/sm_1696333876.549483-300x200.jpg 300w\" sizes=\"(max-width: 620px) 100vw, 620px\" alt=\"\">\r\n                            <\/a>\r\n                            \r\n                        <\/figure>\r\n                    <\/div>\r\n                            <\/div>\r\n                        <\/div>\r\n\r\n                        <div class = \"td-doubleSlider-2\">\r\n                            <div class = \"td-slider\">\r\n                                \r\n                    <div class = \"td-button td-item1\">\r\n                        <div class = \"td-border\"><\/div>\r\n                    <\/div>\r\n                    <div class = \"td-button td-item2\">\r\n                        <div class = \"td-border\"><\/div>\r\n                    <\/div>\r\n                            <\/div>\r\n                        <\/div>\r\n\r\n                    <\/div>\r\n\r\n                <\/div>\r\n                \n<p><strong>Pour plus d&rsquo;informations et d&rsquo;analyses sur la <a href=\"https:\/\/www.africa-press.net\/burkina-faso\">Burkina Faso<\/a>, suivez <a href=\"https:\/\/www.africa-press.net\/\">Africa-Press<\/a><\/strong><\/p>\n","protected":false},"excerpt":{"rendered":"<p>Africa-Press &#8211; Burkina Faso. L\u2019ambassade de la Re\u0301publique populaire de Chine a ce\u0301le\u0301bre\u0301 le 74e anniversaire de la proclamation de la Re\u0301publique populaire de Chine, le mercredi 27 septembre 2023 a\u0300 Ouagadougou. Le 1er octobre 1949, le pre\u0301sident du Comite\u0301 central du Parti communiste chinois (PCC), Mao Zedong, proclamait l\u2019inde\u0301pendance de la Re\u0301publique populaire de [&hellip;]<\/p>\n","protected":false},"author":82,"featured_media":71905,"comment_status":"open","ping_status":"closed","sticky":false,"template":"","format":"standard","meta":{"footnotes":""},"categories":[8,2,10],"tags":[5713,111,725,29,510,36,5715,5714],"class_list":["post-71906","post","type-post","status-publish","format-standard","has-post-thumbnail","hentry","category-photo","category-politique","category-toutes-les-actualites","tag-74-ans","tag-africa-press","tag-africa-press-burkina-faso","tag-burkina-faso","tag-chine","tag-ouagadougou","tag-populaire","tag-republique"],"yoast_head":"<!-- This site is optimized with the Yoast SEO Premium plugin v26.1 (Yoast SEO v27.0) - https:\/\/yoast.com\/product\/yoast-seo-premium-wordpress\/ -->\n<title>R\u00e9publique populaire de Chine: 74 ans de souverainet\u00e9 c\u00e9l\u00e9br\u00e9s \u00e0 Ouagadougou - Burkina Faso<\/title>\n<meta name=\"description\" content=\"L\u2019ambassade de la Re\u0301publique populaire de Chine a ce\u0301le\u0301bre\u0301 le 74e anniversaire de la proclamation de la Re\u0301publiqu ...\" \/>\n<meta name=\"robots\" content=\"index, follow, max-snippet:-1, max-image-preview:large, max-video-preview:-1\" \/>\n<link rel=\"canonical\" href=\"https:\/\/www.africa-press.net\/burkina-faso\/politique\/republique-populaire-de-chine-74-ans-de-souverainete-celebres-a-ouagadougou\" \/>\n<meta property=\"og:locale\" content=\"fr_FR\" \/>\n<meta property=\"og:type\" content=\"article\" \/>\n<meta property=\"og:title\" content=\"R\u00e9publique populaire de Chine: 74 ans de souverainet\u00e9 c\u00e9l\u00e9br\u00e9s \u00e0 Ouagadougou\" \/>\n<meta property=\"og:description\" content=\"L\u2019ambassade de la Re\u0301publique populaire de Chine a ce\u0301le\u0301bre\u0301 le 74e anniversaire de la proclamation de la Re\u0301publiqu ...\" \/>\n<meta property=\"og:url\" content=\"https:\/\/www.africa-press.net\/burkina-faso\/politique\/republique-populaire-de-chine-74-ans-de-souverainete-celebres-a-ouagadougou\" \/>\n<meta property=\"og:site_name\" content=\"Burkina Faso\" \/>\n<meta property=\"article:published_time\" content=\"2023-10-03T14:32:10+00:00\" \/>\n<meta property=\"article:modified_time\" content=\"2023-10-03T15:22:54+00:00\" \/>\n<meta property=\"og:image\" content=\"https:\/\/static.africa-press.net\/burkina\/sites\/42\/2023\/10\/sm_1696333892.294701.jpg\" \/>\n\t<meta property=\"og:image:width\" content=\"720\" \/>\n\t<meta property=\"og:image:height\" content=\"479\" \/>\n\t<meta property=\"og:image:type\" content=\"image\/jpeg\" \/>\n<meta name=\"author\" content=\"cfeditorfr\" \/>\n<meta name=\"twitter:card\" content=\"summary_large_image\" \/>\n<meta name=\"twitter:label1\" content=\"\u00c9crit par\" \/>\n\t<meta name=\"twitter:data1\" content=\"cfeditorfr\" \/>\n\t<meta name=\"twitter:label2\" content=\"Dur\u00e9e de lecture estim\u00e9e\" \/>\n\t<meta name=\"twitter:data2\" content=\"4 minutes\" \/>\n<script type=\"application\/ld+json\" class=\"yoast-schema-graph\">{\"@context\":\"https:\/\/schema.org\",\"@graph\":[{\"@type\":\"Article\",\"@id\":\"https:\/\/www.africa-press.net\/burkina-faso\/politique\/republique-populaire-de-chine-74-ans-de-souverainete-celebres-a-ouagadougou#article\",\"isPartOf\":{\"@id\":\"https:\/\/www.africa-press.net\/burkina-faso\/politique\/republique-populaire-de-chine-74-ans-de-souverainete-celebres-a-ouagadougou\"},\"author\":{\"name\":\"cfeditorfr\",\"@id\":\"https:\/\/www.africa-press.net\/burkina-faso\/#\/schema\/person\/2b1cf3cd81a31e3cd26889ca66d677f1\"},\"headline\":\"R\u00e9publique populaire de Chine: 74 ans de souverainet\u00e9 c\u00e9l\u00e9br\u00e9s \u00e0 Ouagadougou\",\"datePublished\":\"2023-10-03T14:32:10+00:00\",\"dateModified\":\"2023-10-03T15:22:54+00:00\",\"mainEntityOfPage\":{\"@id\":\"https:\/\/www.africa-press.net\/burkina-faso\/politique\/republique-populaire-de-chine-74-ans-de-souverainete-celebres-a-ouagadougou\"},\"wordCount\":946,\"commentCount\":0,\"image\":{\"@id\":\"https:\/\/www.africa-press.net\/burkina-faso\/politique\/republique-populaire-de-chine-74-ans-de-souverainete-celebres-a-ouagadougou#primaryimage\"},\"thumbnailUrl\":\"https:\/\/static.africa-press.net\/burkina\/sites\/42\/2023\/10\/sm_1696333892.294701.jpg\",\"keywords\":[\"74 ans\",\"Africa Press\",\"Africa Press-Burkina Faso\",\"Burkina Faso\",\"Chine\",\"ouagadougou\",\"populaire\",\"r\u00e9publique\"],\"articleSection\":[\"Photo\",\"Politique\",\"Toutes les actualit\u00e9s\"],\"inLanguage\":\"fr-FR\",\"potentialAction\":[{\"@type\":\"CommentAction\",\"name\":\"Comment\",\"target\":[\"https:\/\/www.africa-press.net\/burkina-faso\/politique\/republique-populaire-de-chine-74-ans-de-souverainete-celebres-a-ouagadougou#respond\"]}]},{\"@type\":\"WebPage\",\"@id\":\"https:\/\/www.africa-press.net\/burkina-faso\/politique\/republique-populaire-de-chine-74-ans-de-souverainete-celebres-a-ouagadougou\",\"url\":\"https:\/\/www.africa-press.net\/burkina-faso\/politique\/republique-populaire-de-chine-74-ans-de-souverainete-celebres-a-ouagadougou\",\"name\":\"R\u00e9publique populaire de Chine: 74 ans de souverainet\u00e9 c\u00e9l\u00e9br\u00e9s \u00e0 Ouagadougou - Burkina Faso\",\"isPartOf\":{\"@id\":\"https:\/\/www.africa-press.net\/burkina-faso\/#website\"},\"primaryImageOfPage\":{\"@id\":\"https:\/\/www.africa-press.net\/burkina-faso\/politique\/republique-populaire-de-chine-74-ans-de-souverainete-celebres-a-ouagadougou#primaryimage\"},\"image\":{\"@id\":\"https:\/\/www.africa-press.net\/burkina-faso\/politique\/republique-populaire-de-chine-74-ans-de-souverainete-celebres-a-ouagadougou#primaryimage\"},\"thumbnailUrl\":\"https:\/\/static.africa-press.net\/burkina\/sites\/42\/2023\/10\/sm_1696333892.294701.jpg\",\"datePublished\":\"2023-10-03T14:32:10+00:00\",\"dateModified\":\"2023-10-03T15:22:54+00:00\",\"author\":{\"@id\":\"https:\/\/www.africa-press.net\/burkina-faso\/#\/schema\/person\/2b1cf3cd81a31e3cd26889ca66d677f1\"},\"description\":\"L\u2019ambassade de la Re\u0301publique populaire de Chine a ce\u0301le\u0301bre\u0301 le 74e anniversaire de la proclamation de la Re\u0301publiqu ...\",\"breadcrumb\":{\"@id\":\"https:\/\/www.africa-press.net\/burkina-faso\/politique\/republique-populaire-de-chine-74-ans-de-souverainete-celebres-a-ouagadougou#breadcrumb\"},\"inLanguage\":\"fr-FR\",\"potentialAction\":[{\"@type\":\"ReadAction\",\"target\":[\"https:\/\/www.africa-press.net\/burkina-faso\/politique\/republique-populaire-de-chine-74-ans-de-souverainete-celebres-a-ouagadougou\"]}]},{\"@type\":\"ImageObject\",\"inLanguage\":\"fr-FR\",\"@id\":\"https:\/\/www.africa-press.net\/burkina-faso\/politique\/republique-populaire-de-chine-74-ans-de-souverainete-celebres-a-ouagadougou#primaryimage\",\"url\":\"https:\/\/static.africa-press.net\/burkina\/sites\/42\/2023\/10\/sm_1696333892.294701.jpg\",\"contentUrl\":\"https:\/\/static.africa-press.net\/burkina\/sites\/42\/2023\/10\/sm_1696333892.294701.jpg\",\"width\":720,\"height\":479,\"caption\":\"R\u00e9publique populaire de Chine: 74 ans de souverainet\u00e9 c\u00e9l\u00e9br\u00e9s \u00e0 Ouagadougou\"},{\"@type\":\"BreadcrumbList\",\"@id\":\"https:\/\/www.africa-press.net\/burkina-faso\/politique\/republique-populaire-de-chine-74-ans-de-souverainete-celebres-a-ouagadougou#breadcrumb\",\"itemListElement\":[{\"@type\":\"ListItem\",\"position\":1,\"name\":\"Accueil\",\"item\":\"https:\/\/www.africa-press.net\/burkina-faso\/\"},{\"@type\":\"ListItem\",\"position\":2,\"name\":\"R\u00e9publique populaire de Chine: 74 ans de souverainet\u00e9 c\u00e9l\u00e9br\u00e9s \u00e0 Ouagadougou\"}]},{\"@type\":\"WebSite\",\"@id\":\"https:\/\/www.africa-press.net\/burkina-faso\/#website\",\"url\":\"https:\/\/www.africa-press.net\/burkina-faso\/\",\"name\":\"Burkina Faso\",\"description\":\"Just another Africa News Agency Sites site\",\"potentialAction\":[{\"@type\":\"SearchAction\",\"target\":{\"@type\":\"EntryPoint\",\"urlTemplate\":\"https:\/\/www.africa-press.net\/burkina-faso\/?s={search_term_string}\"},\"query-input\":{\"@type\":\"PropertyValueSpecification\",\"valueRequired\":true,\"valueName\":\"search_term_string\"}}],\"inLanguage\":\"fr-FR\"},{\"@type\":\"Person\",\"@id\":\"https:\/\/www.africa-press.net\/burkina-faso\/#\/schema\/person\/2b1cf3cd81a31e3cd26889ca66d677f1\",\"name\":\"cfeditorfr\"}]}<\/script>\n<!-- \/ Yoast SEO Premium plugin. -->","yoast_head_json":{"title":"R\u00e9publique populaire de Chine: 74 ans de souverainet\u00e9 c\u00e9l\u00e9br\u00e9s \u00e0 Ouagadougou - Burkina Faso","description":"L\u2019ambassade de la Re\u0301publique populaire de Chine a ce\u0301le\u0301bre\u0301 le 74e anniversaire de la proclamation de la Re\u0301publiqu ...","robots":{"index":"index","follow":"follow","max-snippet":"max-snippet:-1","max-image-preview":"max-image-preview:large","max-video-preview":"max-video-preview:-1"},"canonical":"https:\/\/www.africa-press.net\/burkina-faso\/politique\/republique-populaire-de-chine-74-ans-de-souverainete-celebres-a-ouagadougou","og_locale":"fr_FR","og_type":"article","og_title":"R\u00e9publique populaire de Chine: 74 ans de souverainet\u00e9 c\u00e9l\u00e9br\u00e9s \u00e0 Ouagadougou","og_description":"L\u2019ambassade de la Re\u0301publique populaire de Chine a ce\u0301le\u0301bre\u0301 le 74e anniversaire de la proclamation de la Re\u0301publiqu ...","og_url":"https:\/\/www.africa-press.net\/burkina-faso\/politique\/republique-populaire-de-chine-74-ans-de-souverainete-celebres-a-ouagadougou","og_site_name":"Burkina Faso","article_published_time":"2023-10-03T14:32:10+00:00","article_modified_time":"2023-10-03T15:22:54+00:00","og_image":[{"width":720,"height":479,"url":"https:\/\/static.africa-press.net\/burkina\/sites\/42\/2023\/10\/sm_1696333892.294701.jpg","type":"image\/jpeg"}],"author":"cfeditorfr","twitter_card":"summary_large_image","twitter_misc":{"\u00c9crit par":"cfeditorfr","Dur\u00e9e de lecture estim\u00e9e":"4 minutes"},"schema":{"@context":"https:\/\/schema.org","@graph":[{"@type":"Article","@id":"https:\/\/www.africa-press.net\/burkina-faso\/politique\/republique-populaire-de-chine-74-ans-de-souverainete-celebres-a-ouagadougou#article","isPartOf":{"@id":"https:\/\/www.africa-press.net\/burkina-faso\/politique\/republique-populaire-de-chine-74-ans-de-souverainete-celebres-a-ouagadougou"},"author":{"name":"cfeditorfr","@id":"https:\/\/www.africa-press.net\/burkina-faso\/#\/schema\/person\/2b1cf3cd81a31e3cd26889ca66d677f1"},"headline":"R\u00e9publique populaire de Chine: 74 ans de souverainet\u00e9 c\u00e9l\u00e9br\u00e9s \u00e0 Ouagadougou","datePublished":"2023-10-03T14:32:10+00:00","dateModified":"2023-10-03T15:22:54+00:00","mainEntityOfPage":{"@id":"https:\/\/www.africa-press.net\/burkina-faso\/politique\/republique-populaire-de-chine-74-ans-de-souverainete-celebres-a-ouagadougou"},"wordCount":946,"commentCount":0,"image":{"@id":"https:\/\/www.africa-press.net\/burkina-faso\/politique\/republique-populaire-de-chine-74-ans-de-souverainete-celebres-a-ouagadougou#primaryimage"},"thumbnailUrl":"https:\/\/static.africa-press.net\/burkina\/sites\/42\/2023\/10\/sm_1696333892.294701.jpg","keywords":["74 ans","Africa Press","Africa Press-Burkina Faso","Burkina Faso","Chine","ouagadougou","populaire","r\u00e9publique"],"articleSection":["Photo","Politique","Toutes les actualit\u00e9s"],"inLanguage":"fr-FR","potentialAction":[{"@type":"CommentAction","name":"Comment","target":["https:\/\/www.africa-press.net\/burkina-faso\/politique\/republique-populaire-de-chine-74-ans-de-souverainete-celebres-a-ouagadougou#respond"]}]},{"@type":"WebPage","@id":"https:\/\/www.africa-press.net\/burkina-faso\/politique\/republique-populaire-de-chine-74-ans-de-souverainete-celebres-a-ouagadougou","url":"https:\/\/www.africa-press.net\/burkina-faso\/politique\/republique-populaire-de-chine-74-ans-de-souverainete-celebres-a-ouagadougou","name":"R\u00e9publique populaire de Chine: 74 ans de souverainet\u00e9 c\u00e9l\u00e9br\u00e9s \u00e0 Ouagadougou - Burkina Faso","isPartOf":{"@id":"https:\/\/www.africa-press.net\/burkina-faso\/#website"},"primaryImageOfPage":{"@id":"https:\/\/www.africa-press.net\/burkina-faso\/politique\/republique-populaire-de-chine-74-ans-de-souverainete-celebres-a-ouagadougou#primaryimage"},"image":{"@id":"https:\/\/www.africa-press.net\/burkina-faso\/politique\/republique-populaire-de-chine-74-ans-de-souverainete-celebres-a-ouagadougou#primaryimage"},"thumbnailUrl":"https:\/\/static.africa-press.net\/burkina\/sites\/42\/2023\/10\/sm_1696333892.294701.jpg","datePublished":"2023-10-03T14:32:10+00:00","dateModified":"2023-10-03T15:22:54+00:00","author":{"@id":"https:\/\/www.africa-press.net\/burkina-faso\/#\/schema\/person\/2b1cf3cd81a31e3cd26889ca66d677f1"},"description":"L\u2019ambassade de la Re\u0301publique populaire de Chine a ce\u0301le\u0301bre\u0301 le 74e anniversaire de la proclamation de la Re\u0301publiqu ...","breadcrumb":{"@id":"https:\/\/www.africa-press.net\/burkina-faso\/politique\/republique-populaire-de-chine-74-ans-de-souverainete-celebres-a-ouagadougou#breadcrumb"},"inLanguage":"fr-FR","potentialAction":[{"@type":"ReadAction","target":["https:\/\/www.africa-press.net\/burkina-faso\/politique\/republique-populaire-de-chine-74-ans-de-souverainete-celebres-a-ouagadougou"]}]},{"@type":"ImageObject","inLanguage":"fr-FR","@id":"https:\/\/www.africa-press.net\/burkina-faso\/politique\/republique-populaire-de-chine-74-ans-de-souverainete-celebres-a-ouagadougou#primaryimage","url":"https:\/\/static.africa-press.net\/burkina\/sites\/42\/2023\/10\/sm_1696333892.294701.jpg","contentUrl":"https:\/\/static.africa-press.net\/burkina\/sites\/42\/2023\/10\/sm_1696333892.294701.jpg","width":720,"height":479,"caption":"R\u00e9publique populaire de Chine: 74 ans de souverainet\u00e9 c\u00e9l\u00e9br\u00e9s \u00e0 Ouagadougou"},{"@type":"BreadcrumbList","@id":"https:\/\/www.africa-press.net\/burkina-faso\/politique\/republique-populaire-de-chine-74-ans-de-souverainete-celebres-a-ouagadougou#breadcrumb","itemListElement":[{"@type":"ListItem","position":1,"name":"Accueil","item":"https:\/\/www.africa-press.net\/burkina-faso\/"},{"@type":"ListItem","position":2,"name":"R\u00e9publique populaire de Chine: 74 ans de souverainet\u00e9 c\u00e9l\u00e9br\u00e9s \u00e0 Ouagadougou"}]},{"@type":"WebSite","@id":"https:\/\/www.africa-press.net\/burkina-faso\/#website","url":"https:\/\/www.africa-press.net\/burkina-faso\/","name":"Burkina Faso","description":"Just another Africa News Agency Sites site","potentialAction":[{"@type":"SearchAction","target":{"@type":"EntryPoint","urlTemplate":"https:\/\/www.africa-press.net\/burkina-faso\/?s={search_term_string}"},"query-input":{"@type":"PropertyValueSpecification","valueRequired":true,"valueName":"search_term_string"}}],"inLanguage":"fr-FR"},{"@type":"Person","@id":"https:\/\/www.africa-press.net\/burkina-faso\/#\/schema\/person\/2b1cf3cd81a31e3cd26889ca66d677f1","name":"cfeditorfr"}]}},"_links":{"self":[{"href":"https:\/\/www.africa-press.net\/burkina-faso\/wp-json\/wp\/v2\/posts\/71906","targetHints":{"allow":["GET"]}}],"collection":[{"href":"https:\/\/www.africa-press.net\/burkina-faso\/wp-json\/wp\/v2\/posts"}],"about":[{"href":"https:\/\/www.africa-press.net\/burkina-faso\/wp-json\/wp\/v2\/types\/post"}],"author":[{"embeddable":true,"href":"https:\/\/www.africa-press.net\/burkina-faso\/wp-json\/wp\/v2\/users\/82"}],"replies":[{"embeddable":true,"href":"https:\/\/www.africa-press.net\/burkina-faso\/wp-json\/wp\/v2\/comments?post=71906"}],"version-history":[{"count":0,"href":"https:\/\/www.africa-press.net\/burkina-faso\/wp-json\/wp\/v2\/posts\/71906\/revisions"}],"wp:featuredmedia":[{"embeddable":true,"href":"https:\/\/www.africa-press.net\/burkina-faso\/wp-json\/wp\/v2\/media\/71905"}],"wp:attachment":[{"href":"https:\/\/www.africa-press.net\/burkina-faso\/wp-json\/wp\/v2\/media?parent=71906"}],"wp:term":[{"taxonomy":"category","embeddable":true,"href":"https:\/\/www.africa-press.net\/burkina-faso\/wp-json\/wp\/v2\/categories?post=71906"},{"taxonomy":"post_tag","embeddable":true,"href":"https:\/\/www.africa-press.net\/burkina-faso\/wp-json\/wp\/v2\/tags?post=71906"}],"curies":[{"name":"wp","href":"https:\/\/api.w.org\/{rel}","templated":true}]}}