{"id":76933,"date":"2023-12-10T16:11:00","date_gmt":"2023-12-10T16:11:00","guid":{"rendered":"https:\/\/www.africa-press.net\/burkina-faso\/politique\/la-region-du-centre-domine-la-coupe-inter-regions-du-ministre-en-charge-des-sports"},"modified":"2023-12-10T16:57:55","modified_gmt":"2023-12-10T16:57:55","slug":"la-region-du-centre-domine-la-coupe-inter-regions-du-ministre-en-charge-des-sports","status":"publish","type":"post","link":"https:\/\/www.africa-press.net\/burkina-faso\/sports\/la-region-du-centre-domine-la-coupe-inter-regions-du-ministre-en-charge-des-sports","title":{"rendered":"La r\u00e9gion du Centre domine la Coupe Inter r\u00e9gions du ministre en charge des sports"},"content":{"rendered":"<p><span style=\"color: #ff6600\"><strong>Africa-Press &#8211; Burkina Faso. <\/strong><\/span><b>Les finales de la troisie\u0300me e\u0301dition de la Coupe du ministre en charge des sports Inter re\u0301gions s\u2019est dispute\u0301e le samedi 9 de\u0301cembre 2023 a\u0300 Koudougou. La finale en volleyball a tenu le public de la cite\u0301 du cavalier rouge en haleine. <\/b><\/p>\n<p>3 sets a\u0300 1. C\u2019est par ce score que l\u2019e\u0301quipe de la re\u0301gion du Centre du ministe\u0300re des sports de la jeunesse et de l\u2019emploi (MSJE) s\u2019est impose\u0301e face a\u0300 celle de la re\u0301gion de l\u2019Est.<\/p>\n<p>Le troisie\u0300me set de cette finale a e\u0301te\u0301 le plus releve\u0301. En effet, mene\u0301e 3 sets a\u0300 0 dans une finale qui se joue a\u0300 15 points gagnant, l\u2019e\u0301quipe de la re\u0301gion de l\u2019Est re\u0301ussit a\u0300 rattraper son retour pour gagner ce set par 15 a\u0300 9. Le match est relance\u0301 a\u0300 2 sets a\u0300 1.<\/p>\n<p>Au quatrie\u0300me set, l\u2019e\u0301quipe de la re\u0301gion du Centre essaie de mettre plus de puissance dans son jeu. L\u2019e\u0301quipe venue de Fada N\u2019Gourma tient bon. Le score est serre\u0301. Mais l\u2019e\u0301quipe du Centre re\u0301ussit a\u0300 mettre quatre points d\u2019e\u0301cart (08-11).<\/p>\n<p>Fatigue\u0301s apre\u0300s avoir donne\u0301 le maximum d\u2019e\u0301nergie au troisie\u0300me set, l\u2019e\u0301quipe du Centre creuse l\u2019e\u0301cart (08-13), remporte le set (15-08) et la victoire par 3 a\u0300 1.<\/p>\n<p>En demi-finale, l\u2019e\u0301quipe de l\u2019Est a battu celle des Hauts-Bassins par 3 sets a\u0300 2. Le ministre des sports de la jeunesse et de l\u2019emploi Boubakar Savadogo a remis du mate\u0301riel sportif aux 13 directions re\u0301gionales des sports pour de\u0301velopper le sport pour tous en province.<\/p>\n<p>\u00ab L\u2019e\u0301quipe de la re\u0301gion du centre joue avec beaucoup d\u2019internationaux a\u0300 la retraite. Ils ont plus d\u2019expe\u0301rience et ils sont plus re\u0301guliers que nous \u00bb, explique le capitaine de l\u2019e\u0301quipe de la re\u0301gion de l\u2019Est. Il rappelle que certains joueurs n\u2019ont pas rec\u0327u des re\u0301quisitions pour e\u0302tre pre\u0301sents a\u0300 ces finales. \u00ab Il n\u2019y a pas de compe\u0301tition au niveau des plus de 30 ans. C\u2019est une occasion de fraterniser \u00bb, estime Djibril Thiombiano.<\/p>\n<p>\u00ab Cette compe\u0301tition est la bienvenue. Elle permet aux anciens aussi d\u2019e\u0302tre dans le bain \u00bb, souligne Rose Mireille Sanon, capitaine de l\u2019e\u0301quipe du Centre. Elle reconnait la supe\u0301riorite\u0301 de son e\u0301quipe qui be\u0301ne\u0301ficie de plus de compe\u0301titions.<\/p>\n<p>L\u2019e\u0301quipe victorieuse est repartie avec la somme de 200 mille francs CFA, trois ballons, un jeu de maillot et des me\u0301dailles. Le ministre des sports, de la jeunesse et de l\u2019emploi Boubakar Savadogo s\u2019est re\u0301joui de la possibilite\u0301 de donner de la compe\u0301tition aux e\u0301quipes issues des re\u0301gions.<\/p>\n<p>\u00ab L\u2019objectif c\u2019est de permettre aux acteurs de la re\u0301gion de pouvoir communier ensemble, d\u2019avoir un esprit d\u2019e\u0301quipe et qu\u2019apre\u0300s les bureaux, qu\u2019ils ne se retrouvent pas seulement autour de tables bien garnis mais que cela se fasse aussi autour des plateaux \u00bb, a affirme\u0301 Boubakar Savadogo.<\/p>\n<p>Quatre disciplines ont agre\u0301mente\u0301 ces finales. Au jeu de dame, le trophe\u0301e est revenu a\u0300 Mahamadou Zongo de la re\u0301gion du Centre-Sud. Le\u0301on Sawadogo de la re\u0301gion du plateau Central a remporte\u0301 la compe\u0301tition du scrabble. Ils ont empoche\u0301 chacun la somme de 60 mille francs CFA, des me\u0301dailles et des bermudas. Tuina Parfait du Centre Sud vainqueur au jeu de pe\u0301tanque a empoche\u0301 la somme de 100 mille francs CFA, des me\u0301dailles et un bermuda.<\/p>\n<p><strong>Pour plus d&rsquo;informations et d&rsquo;analyses sur la <a href=\"https:\/\/www.africa-press.net\/burkina-faso\">Burkina Faso<\/a>, suivez <a href=\"https:\/\/www.africa-press.net\/\">Africa-Press<\/a><\/strong><\/p>\n","protected":false},"excerpt":{"rendered":"<p>Africa-Press &#8211; Burkina Faso. Les finales de la troisie\u0300me e\u0301dition de la Coupe du ministre en charge des sports Inter re\u0301gions s\u2019est dispute\u0301e le samedi 9 de\u0301cembre 2023 a\u0300 Koudougou. La finale en volleyball a tenu le public de la cite\u0301 du cavalier rouge en haleine. 3 sets a\u0300 1. C\u2019est par ce score que [&hellip;]<\/p>\n","protected":false},"author":82,"featured_media":76931,"comment_status":"open","ping_status":"closed","sticky":false,"template":"","format":"standard","meta":{"footnotes":""},"categories":[6,10],"tags":[111,725,29],"class_list":["post-76933","post","type-post","status-publish","format-standard","has-post-thumbnail","hentry","category-sports","category-toutes-les-actualites","tag-africa-press","tag-africa-press-burkina-faso","tag-burkina-faso"],"yoast_head":"<!-- This site is optimized with the Yoast SEO Premium plugin v26.1 (Yoast SEO v27.0) - https:\/\/yoast.com\/product\/yoast-seo-premium-wordpress\/ -->\n<title>La r\u00e9gion du Centre domine la Coupe Inter r\u00e9gions du ministre en charge des sports - Burkina Faso<\/title>\n<meta name=\"description\" content=\"Les finales de la troisie\u0300me e\u0301dition de la Coupe du ministre en charge des sports Inter re\u0301gions s\u2019est dispute\u0301e le ...\" \/>\n<meta name=\"robots\" content=\"index, follow, max-snippet:-1, max-image-preview:large, max-video-preview:-1\" \/>\n<link rel=\"canonical\" href=\"https:\/\/www.africa-press.net\/burkina-faso\/sports\/la-region-du-centre-domine-la-coupe-inter-regions-du-ministre-en-charge-des-sports\" \/>\n<meta property=\"og:locale\" content=\"fr_FR\" \/>\n<meta property=\"og:type\" content=\"article\" \/>\n<meta property=\"og:title\" content=\"La r\u00e9gion du Centre domine la Coupe Inter r\u00e9gions du ministre en charge des sports\" \/>\n<meta property=\"og:description\" content=\"Les finales de la troisie\u0300me e\u0301dition de la Coupe du ministre en charge des sports Inter re\u0301gions s\u2019est dispute\u0301e le ...\" \/>\n<meta property=\"og:url\" content=\"https:\/\/www.africa-press.net\/burkina-faso\/sports\/la-region-du-centre-domine-la-coupe-inter-regions-du-ministre-en-charge-des-sports\" \/>\n<meta property=\"og:site_name\" content=\"Burkina Faso\" \/>\n<meta property=\"article:published_time\" content=\"2023-12-10T16:11:00+00:00\" \/>\n<meta property=\"article:modified_time\" content=\"2023-12-10T16:57:55+00:00\" \/>\n<meta property=\"og:image\" content=\"https:\/\/static.africa-press.net\/burkina\/sites\/42\/2023\/12\/sm_1702214843.827927.jpg\" \/>\n\t<meta property=\"og:image:width\" content=\"720\" \/>\n\t<meta property=\"og:image:height\" content=\"480\" \/>\n\t<meta property=\"og:image:type\" content=\"image\/jpeg\" \/>\n<meta name=\"author\" content=\"cfeditorfr\" \/>\n<meta name=\"twitter:card\" content=\"summary_large_image\" \/>\n<meta name=\"twitter:label1\" content=\"\u00c9crit par\" \/>\n\t<meta name=\"twitter:data1\" content=\"cfeditorfr\" \/>\n\t<meta name=\"twitter:label2\" content=\"Dur\u00e9e de lecture estim\u00e9e\" \/>\n\t<meta name=\"twitter:data2\" content=\"3 minutes\" \/>\n<script type=\"application\/ld+json\" class=\"yoast-schema-graph\">{\"@context\":\"https:\/\/schema.org\",\"@graph\":[{\"@type\":\"Article\",\"@id\":\"https:\/\/www.africa-press.net\/burkina-faso\/sports\/la-region-du-centre-domine-la-coupe-inter-regions-du-ministre-en-charge-des-sports#article\",\"isPartOf\":{\"@id\":\"https:\/\/www.africa-press.net\/burkina-faso\/sports\/la-region-du-centre-domine-la-coupe-inter-regions-du-ministre-en-charge-des-sports\"},\"author\":{\"name\":\"cfeditorfr\",\"@id\":\"https:\/\/www.africa-press.net\/burkina-faso\/#\/schema\/person\/2b1cf3cd81a31e3cd26889ca66d677f1\"},\"headline\":\"La r\u00e9gion du Centre domine la Coupe Inter r\u00e9gions du ministre en charge des sports\",\"datePublished\":\"2023-12-10T16:11:00+00:00\",\"dateModified\":\"2023-12-10T16:57:55+00:00\",\"mainEntityOfPage\":{\"@id\":\"https:\/\/www.africa-press.net\/burkina-faso\/sports\/la-region-du-centre-domine-la-coupe-inter-regions-du-ministre-en-charge-des-sports\"},\"wordCount\":645,\"commentCount\":0,\"image\":{\"@id\":\"https:\/\/www.africa-press.net\/burkina-faso\/sports\/la-region-du-centre-domine-la-coupe-inter-regions-du-ministre-en-charge-des-sports#primaryimage\"},\"thumbnailUrl\":\"https:\/\/static.africa-press.net\/burkina\/sites\/42\/2023\/12\/sm_1702214843.827927.jpg\",\"keywords\":[\"Africa Press\",\"Africa Press-Burkina Faso\",\"Burkina Faso\"],\"articleSection\":[\"Sports\",\"Toutes les actualit\u00e9s\"],\"inLanguage\":\"fr-FR\",\"potentialAction\":[{\"@type\":\"CommentAction\",\"name\":\"Comment\",\"target\":[\"https:\/\/www.africa-press.net\/burkina-faso\/sports\/la-region-du-centre-domine-la-coupe-inter-regions-du-ministre-en-charge-des-sports#respond\"]}]},{\"@type\":\"WebPage\",\"@id\":\"https:\/\/www.africa-press.net\/burkina-faso\/sports\/la-region-du-centre-domine-la-coupe-inter-regions-du-ministre-en-charge-des-sports\",\"url\":\"https:\/\/www.africa-press.net\/burkina-faso\/sports\/la-region-du-centre-domine-la-coupe-inter-regions-du-ministre-en-charge-des-sports\",\"name\":\"La r\u00e9gion du Centre domine la Coupe Inter r\u00e9gions du ministre en charge des sports - Burkina Faso\",\"isPartOf\":{\"@id\":\"https:\/\/www.africa-press.net\/burkina-faso\/#website\"},\"primaryImageOfPage\":{\"@id\":\"https:\/\/www.africa-press.net\/burkina-faso\/sports\/la-region-du-centre-domine-la-coupe-inter-regions-du-ministre-en-charge-des-sports#primaryimage\"},\"image\":{\"@id\":\"https:\/\/www.africa-press.net\/burkina-faso\/sports\/la-region-du-centre-domine-la-coupe-inter-regions-du-ministre-en-charge-des-sports#primaryimage\"},\"thumbnailUrl\":\"https:\/\/static.africa-press.net\/burkina\/sites\/42\/2023\/12\/sm_1702214843.827927.jpg\",\"datePublished\":\"2023-12-10T16:11:00+00:00\",\"dateModified\":\"2023-12-10T16:57:55+00:00\",\"author\":{\"@id\":\"https:\/\/www.africa-press.net\/burkina-faso\/#\/schema\/person\/2b1cf3cd81a31e3cd26889ca66d677f1\"},\"description\":\"Les finales de la troisie\u0300me e\u0301dition de la Coupe du ministre en charge des sports Inter re\u0301gions s\u2019est dispute\u0301e le ...\",\"breadcrumb\":{\"@id\":\"https:\/\/www.africa-press.net\/burkina-faso\/sports\/la-region-du-centre-domine-la-coupe-inter-regions-du-ministre-en-charge-des-sports#breadcrumb\"},\"inLanguage\":\"fr-FR\",\"potentialAction\":[{\"@type\":\"ReadAction\",\"target\":[\"https:\/\/www.africa-press.net\/burkina-faso\/sports\/la-region-du-centre-domine-la-coupe-inter-regions-du-ministre-en-charge-des-sports\"]}]},{\"@type\":\"ImageObject\",\"inLanguage\":\"fr-FR\",\"@id\":\"https:\/\/www.africa-press.net\/burkina-faso\/sports\/la-region-du-centre-domine-la-coupe-inter-regions-du-ministre-en-charge-des-sports#primaryimage\",\"url\":\"https:\/\/static.africa-press.net\/burkina\/sites\/42\/2023\/12\/sm_1702214843.827927.jpg\",\"contentUrl\":\"https:\/\/static.africa-press.net\/burkina\/sites\/42\/2023\/12\/sm_1702214843.827927.jpg\",\"width\":720,\"height\":480,\"caption\":\"La r\u00e9gion du Centre domine la Coupe Inter r\u00e9gions du ministre en charge des sports\"},{\"@type\":\"BreadcrumbList\",\"@id\":\"https:\/\/www.africa-press.net\/burkina-faso\/sports\/la-region-du-centre-domine-la-coupe-inter-regions-du-ministre-en-charge-des-sports#breadcrumb\",\"itemListElement\":[{\"@type\":\"ListItem\",\"position\":1,\"name\":\"Accueil\",\"item\":\"https:\/\/www.africa-press.net\/burkina-faso\/\"},{\"@type\":\"ListItem\",\"position\":2,\"name\":\"La r\u00e9gion du Centre domine la Coupe Inter r\u00e9gions du ministre en charge des sports\"}]},{\"@type\":\"WebSite\",\"@id\":\"https:\/\/www.africa-press.net\/burkina-faso\/#website\",\"url\":\"https:\/\/www.africa-press.net\/burkina-faso\/\",\"name\":\"Burkina Faso\",\"description\":\"Just another Africa News Agency Sites site\",\"potentialAction\":[{\"@type\":\"SearchAction\",\"target\":{\"@type\":\"EntryPoint\",\"urlTemplate\":\"https:\/\/www.africa-press.net\/burkina-faso\/?s={search_term_string}\"},\"query-input\":{\"@type\":\"PropertyValueSpecification\",\"valueRequired\":true,\"valueName\":\"search_term_string\"}}],\"inLanguage\":\"fr-FR\"},{\"@type\":\"Person\",\"@id\":\"https:\/\/www.africa-press.net\/burkina-faso\/#\/schema\/person\/2b1cf3cd81a31e3cd26889ca66d677f1\",\"name\":\"cfeditorfr\"}]}<\/script>\n<!-- \/ Yoast SEO Premium plugin. -->","yoast_head_json":{"title":"La r\u00e9gion du Centre domine la Coupe Inter r\u00e9gions du ministre en charge des sports - Burkina Faso","description":"Les finales de la troisie\u0300me e\u0301dition de la Coupe du ministre en charge des sports Inter re\u0301gions s\u2019est dispute\u0301e le ...","robots":{"index":"index","follow":"follow","max-snippet":"max-snippet:-1","max-image-preview":"max-image-preview:large","max-video-preview":"max-video-preview:-1"},"canonical":"https:\/\/www.africa-press.net\/burkina-faso\/sports\/la-region-du-centre-domine-la-coupe-inter-regions-du-ministre-en-charge-des-sports","og_locale":"fr_FR","og_type":"article","og_title":"La r\u00e9gion du Centre domine la Coupe Inter r\u00e9gions du ministre en charge des sports","og_description":"Les finales de la troisie\u0300me e\u0301dition de la Coupe du ministre en charge des sports Inter re\u0301gions s\u2019est dispute\u0301e le ...","og_url":"https:\/\/www.africa-press.net\/burkina-faso\/sports\/la-region-du-centre-domine-la-coupe-inter-regions-du-ministre-en-charge-des-sports","og_site_name":"Burkina Faso","article_published_time":"2023-12-10T16:11:00+00:00","article_modified_time":"2023-12-10T16:57:55+00:00","og_image":[{"width":720,"height":480,"url":"https:\/\/static.africa-press.net\/burkina\/sites\/42\/2023\/12\/sm_1702214843.827927.jpg","type":"image\/jpeg"}],"author":"cfeditorfr","twitter_card":"summary_large_image","twitter_misc":{"\u00c9crit par":"cfeditorfr","Dur\u00e9e de lecture estim\u00e9e":"3 minutes"},"schema":{"@context":"https:\/\/schema.org","@graph":[{"@type":"Article","@id":"https:\/\/www.africa-press.net\/burkina-faso\/sports\/la-region-du-centre-domine-la-coupe-inter-regions-du-ministre-en-charge-des-sports#article","isPartOf":{"@id":"https:\/\/www.africa-press.net\/burkina-faso\/sports\/la-region-du-centre-domine-la-coupe-inter-regions-du-ministre-en-charge-des-sports"},"author":{"name":"cfeditorfr","@id":"https:\/\/www.africa-press.net\/burkina-faso\/#\/schema\/person\/2b1cf3cd81a31e3cd26889ca66d677f1"},"headline":"La r\u00e9gion du Centre domine la Coupe Inter r\u00e9gions du ministre en charge des sports","datePublished":"2023-12-10T16:11:00+00:00","dateModified":"2023-12-10T16:57:55+00:00","mainEntityOfPage":{"@id":"https:\/\/www.africa-press.net\/burkina-faso\/sports\/la-region-du-centre-domine-la-coupe-inter-regions-du-ministre-en-charge-des-sports"},"wordCount":645,"commentCount":0,"image":{"@id":"https:\/\/www.africa-press.net\/burkina-faso\/sports\/la-region-du-centre-domine-la-coupe-inter-regions-du-ministre-en-charge-des-sports#primaryimage"},"thumbnailUrl":"https:\/\/static.africa-press.net\/burkina\/sites\/42\/2023\/12\/sm_1702214843.827927.jpg","keywords":["Africa Press","Africa Press-Burkina Faso","Burkina Faso"],"articleSection":["Sports","Toutes les actualit\u00e9s"],"inLanguage":"fr-FR","potentialAction":[{"@type":"CommentAction","name":"Comment","target":["https:\/\/www.africa-press.net\/burkina-faso\/sports\/la-region-du-centre-domine-la-coupe-inter-regions-du-ministre-en-charge-des-sports#respond"]}]},{"@type":"WebPage","@id":"https:\/\/www.africa-press.net\/burkina-faso\/sports\/la-region-du-centre-domine-la-coupe-inter-regions-du-ministre-en-charge-des-sports","url":"https:\/\/www.africa-press.net\/burkina-faso\/sports\/la-region-du-centre-domine-la-coupe-inter-regions-du-ministre-en-charge-des-sports","name":"La r\u00e9gion du Centre domine la Coupe Inter r\u00e9gions du ministre en charge des sports - Burkina Faso","isPartOf":{"@id":"https:\/\/www.africa-press.net\/burkina-faso\/#website"},"primaryImageOfPage":{"@id":"https:\/\/www.africa-press.net\/burkina-faso\/sports\/la-region-du-centre-domine-la-coupe-inter-regions-du-ministre-en-charge-des-sports#primaryimage"},"image":{"@id":"https:\/\/www.africa-press.net\/burkina-faso\/sports\/la-region-du-centre-domine-la-coupe-inter-regions-du-ministre-en-charge-des-sports#primaryimage"},"thumbnailUrl":"https:\/\/static.africa-press.net\/burkina\/sites\/42\/2023\/12\/sm_1702214843.827927.jpg","datePublished":"2023-12-10T16:11:00+00:00","dateModified":"2023-12-10T16:57:55+00:00","author":{"@id":"https:\/\/www.africa-press.net\/burkina-faso\/#\/schema\/person\/2b1cf3cd81a31e3cd26889ca66d677f1"},"description":"Les finales de la troisie\u0300me e\u0301dition de la Coupe du ministre en charge des sports Inter re\u0301gions s\u2019est dispute\u0301e le ...","breadcrumb":{"@id":"https:\/\/www.africa-press.net\/burkina-faso\/sports\/la-region-du-centre-domine-la-coupe-inter-regions-du-ministre-en-charge-des-sports#breadcrumb"},"inLanguage":"fr-FR","potentialAction":[{"@type":"ReadAction","target":["https:\/\/www.africa-press.net\/burkina-faso\/sports\/la-region-du-centre-domine-la-coupe-inter-regions-du-ministre-en-charge-des-sports"]}]},{"@type":"ImageObject","inLanguage":"fr-FR","@id":"https:\/\/www.africa-press.net\/burkina-faso\/sports\/la-region-du-centre-domine-la-coupe-inter-regions-du-ministre-en-charge-des-sports#primaryimage","url":"https:\/\/static.africa-press.net\/burkina\/sites\/42\/2023\/12\/sm_1702214843.827927.jpg","contentUrl":"https:\/\/static.africa-press.net\/burkina\/sites\/42\/2023\/12\/sm_1702214843.827927.jpg","width":720,"height":480,"caption":"La r\u00e9gion du Centre domine la Coupe Inter r\u00e9gions du ministre en charge des sports"},{"@type":"BreadcrumbList","@id":"https:\/\/www.africa-press.net\/burkina-faso\/sports\/la-region-du-centre-domine-la-coupe-inter-regions-du-ministre-en-charge-des-sports#breadcrumb","itemListElement":[{"@type":"ListItem","position":1,"name":"Accueil","item":"https:\/\/www.africa-press.net\/burkina-faso\/"},{"@type":"ListItem","position":2,"name":"La r\u00e9gion du Centre domine la Coupe Inter r\u00e9gions du ministre en charge des sports"}]},{"@type":"WebSite","@id":"https:\/\/www.africa-press.net\/burkina-faso\/#website","url":"https:\/\/www.africa-press.net\/burkina-faso\/","name":"Burkina Faso","description":"Just another Africa News Agency Sites site","potentialAction":[{"@type":"SearchAction","target":{"@type":"EntryPoint","urlTemplate":"https:\/\/www.africa-press.net\/burkina-faso\/?s={search_term_string}"},"query-input":{"@type":"PropertyValueSpecification","valueRequired":true,"valueName":"search_term_string"}}],"inLanguage":"fr-FR"},{"@type":"Person","@id":"https:\/\/www.africa-press.net\/burkina-faso\/#\/schema\/person\/2b1cf3cd81a31e3cd26889ca66d677f1","name":"cfeditorfr"}]}},"_links":{"self":[{"href":"https:\/\/www.africa-press.net\/burkina-faso\/wp-json\/wp\/v2\/posts\/76933","targetHints":{"allow":["GET"]}}],"collection":[{"href":"https:\/\/www.africa-press.net\/burkina-faso\/wp-json\/wp\/v2\/posts"}],"about":[{"href":"https:\/\/www.africa-press.net\/burkina-faso\/wp-json\/wp\/v2\/types\/post"}],"author":[{"embeddable":true,"href":"https:\/\/www.africa-press.net\/burkina-faso\/wp-json\/wp\/v2\/users\/82"}],"replies":[{"embeddable":true,"href":"https:\/\/www.africa-press.net\/burkina-faso\/wp-json\/wp\/v2\/comments?post=76933"}],"version-history":[{"count":0,"href":"https:\/\/www.africa-press.net\/burkina-faso\/wp-json\/wp\/v2\/posts\/76933\/revisions"}],"wp:featuredmedia":[{"embeddable":true,"href":"https:\/\/www.africa-press.net\/burkina-faso\/wp-json\/wp\/v2\/media\/76931"}],"wp:attachment":[{"href":"https:\/\/www.africa-press.net\/burkina-faso\/wp-json\/wp\/v2\/media?parent=76933"}],"wp:term":[{"taxonomy":"category","embeddable":true,"href":"https:\/\/www.africa-press.net\/burkina-faso\/wp-json\/wp\/v2\/categories?post=76933"},{"taxonomy":"post_tag","embeddable":true,"href":"https:\/\/www.africa-press.net\/burkina-faso\/wp-json\/wp\/v2\/tags?post=76933"}],"curies":[{"name":"wp","href":"https:\/\/api.w.org\/{rel}","templated":true}]}}