{"id":78520,"date":"2024-01-01T13:31:31","date_gmt":"2024-01-01T13:31:31","guid":{"rendered":"https:\/\/www.africa-press.net\/burkina-faso\/politique\/eddie-komboigo-invite-le-gouvernement-a-creer-un-cadre-de-concertation-avec-les-partis-politiques"},"modified":"2024-01-01T14:48:21","modified_gmt":"2024-01-01T14:48:21","slug":"eddie-komboigo-invite-le-gouvernement-a-creer-un-cadre-de-concertation-avec-les-partis-politiques","status":"publish","type":"post","link":"https:\/\/www.africa-press.net\/burkina-faso\/parties\/eddie-komboigo-invite-le-gouvernement-a-creer-un-cadre-de-concertation-avec-les-partis-politiques","title":{"rendered":"Eddie Kombo\u00efgo invite le gouvernement \u00e0 cr\u00e9er un cadre de concertation avec les partis politiques"},"content":{"rendered":"<p><span style=\"color: #ff6600\"><strong>Africa-Press &#8211; Burkina Faso. <\/strong><\/span>Dans la de\u0301claration ci-apre\u0300s, le pre\u0301sident du Congre\u0300s pour la de\u0301mocratie et le progre\u0300s (CDP), Eddie Komboi\u0308go, adresse ses v\u0153ux au peuple burkinabe\u0300. Il fe\u0301licite le gouvernement pour les actions de\u0301ja\u0300 entreprises pour la reconque\u0302te du territoire et appelle a\u0300 la cre\u0301ation d\u2019un cadre de concertation entre les organes de l\u2019exe\u0301cutif et les partis politiques, afin de renforcer la collecte d\u2019ide\u0301es positives a\u0300 la conduite de la transition.<\/p>\n<p>Chers compatriotes !<\/p>\n<p>Une anne\u0301e s\u2019ache\u0300ve avec ses joies et ses peines, ses de\u0301fis plus ou moins releve\u0301s dans nos familles, nos lieux de travail, notre pays.<\/p>\n<p>Une autre commence avec toutes ses promesses de bonheur, d\u2019e\u0301panouissement, d\u2019un ciel bleu riche d\u2019avenir et de stabilite\u0301.<\/p>\n<p>Je me permets en ma qualite\u0301 de Pre\u0301sident du Congre\u0300s pour la De\u0301mocratie et le Progre\u0300s (CDP), de vous adresser mes meilleurs v\u0153ux en cette nouvelle anne\u0301e 2024.<\/p>\n<p>L\u2019anne\u0301e e\u0301coule\u0301e a e\u0301te\u0301 tre\u0300s e\u0301prouvante pour le peuple burkinabe\u0301 avec les la\u0302ches attaques terroristes de plus en plus meurtrie\u0300res.<\/p>\n<p>Cependant il y a une lueur d\u2019espoir dans l\u2019objectif de reconque\u0302te de l\u2019inte\u0301grite\u0301 du territoire national par nos Forces de De\u0301fenses et de Se\u0301curite\u0301 (FDS) appuye\u0301es par les Volontaires pour La De\u0301fense de la Patrie (VDP).<\/p>\n<p>C\u2019est le lieu pour moi de les fe\u0301liciter, pour leur engagement sans limite et au pe\u0301ril de leur vie, pour repousser et ane\u0301antir l\u2019ennemi afin de recouvrer la paix pour la nation burkinabe\u0301 et pour le bonheur de ses habitants.<\/p>\n<p>Merci pour l\u2019investissement et la de\u0301termination dont vous avez fait preuve et qui nous ont permis d\u2019atteindre partiellement les objectifs.<\/p>\n<p>J\u2019invite pour cela, chaque fille et fils du Faso, d\u2019e\u0302tre reconnaissant pour les re\u0301sultats obtenus et dans un e\u0301lan solidaire, d\u2019e\u0302tre fie\u0300re et d\u2019avoir une pense\u0301e pieuse pour les soldats et les VDP tombe\u0301s sur les the\u0301a\u0302tres des ope\u0301rations.<\/p>\n<p>Que les mannes de nos ance\u0302tres prote\u0300gent leurs familles.<\/p>\n<p>Je souhaite e\u0301galement un prompt re\u0301tablissement aux blesse\u0301s et aux malades.<\/p>\n<p>Chers compatriotes !<\/p>\n<p>La victoire finale et totale ne peut se re\u0301aliser sans l\u2019accompagnement et le sacrifice de tous. C\u2019est pourquoi, j\u2019exhorte chaque burkinabe\u0300 a\u0300 \u0153uvrer pour la prise en charge et le retour des Personnes De\u0301place\u0301s Internes (PDI) dans leurs localite\u0301s.<\/p>\n<p>Le sacrifice passe aussi par le respect des prix des denre\u0301es et produits de premie\u0300res ne\u0301cessite\u0301s par les commerc\u0327ants.<\/p>\n<p>En effet, la vie che\u0300re est de\u0301ja\u0300 dans nos murs, la grogne imminente. Il est impe\u0301rieux de consolider l\u2019organisation re\u0301gulie\u0300re du contro\u0302le des prix et le ravitaillement des denre\u0301es de premie\u0300re ne\u0301cessite\u0301 sur toute l\u2019e\u0301tendue du territoire.<\/p>\n<p>Aussi, je voudrais dire un grand merci a\u0300 la vaillante population burkinabe\u0301 pour la forte contribution volontaire a\u0300 l\u2019effort de guerre selon certains ou effort de paix selon d\u2019autres.<\/p>\n<p>J\u2019invite le gouvernement a\u0300 en faire un bon usage.<\/p>\n<p>Par ailleurs, Il y a lieu de saluer la prise de certaines de\u0301cisions courageuses par les plus hautes autorite\u0301s qui ont place\u0301es le Burkina dans l\u2019orbite d\u2019une souverainete\u0301 totale.<\/p>\n<p>Mais ceci nous interpelle tous a\u0300 redoubler d\u2019efforts dans le travail, surtout dans l\u2019innovation et la production dans tous les secteurs endoge\u0300nes.<\/p>\n<p>Chers compatriotes !<\/p>\n<p>Depuis octobre 2022, les autorite\u0301s ont de\u0301cide\u0301 de la suspension des activite\u0301s des partis et formations politiques.<\/p>\n<p>Mon parti a observe\u0301 un strict respect et dans la discipline, cette consigne au cours de l\u2019anne\u0301e qui s\u2019ache\u0300ve.<\/p>\n<p>Par contre elle ne nous a pas permis de consulter nos structures statutaires sur des questions essentielles qui touchent la vie de la nation pour un meilleur accompagnement de la transition.<\/p>\n<p>C\u2019est pourquoi, je saisis l\u2019opportunite\u0301 pour lancer de manie\u0300re solennelle,<\/p>\n<p>un appel au Pre\u0301sident de la Transition, de permettre la reprise des activite\u0301s politiques, tout au moins de permettre aux partis politiques de pouvoir re\u0301unir leurs directions statutaires pour re\u0301pondre de temps a\u0300 autres aux sollicitations du Gouvernement de la transition et de l\u2019Assemble\u0301e Le\u0301gislative de Transition sur les grandes re\u0301formes judiciaires e\u0301conomiques et politiques envisage\u0301es.<\/p>\n<p>Loin d\u2019e\u0302tre une entrave, les appels a\u0300 la mobilisation de nos militants seront un renforcement de la lutte contre le terrorisme et un soutien fort a\u0300 la libe\u0301ration de notre patrie.<\/p>\n<p>Il y aura une saine e\u0301mulation et les structures ge\u0301ographiques des diffe\u0301rents partis et formations politiques pourraient constituer des bastions forts pour la de\u0301fense du pays.<\/p>\n<p>En ce qui concerne les liberte\u0301s individuelles et collectives , je demande au Chef de l\u2019Etat, d\u2019user de son pouvoir pour la libe\u0301ration de toutes les personnes enleve\u0301es dont on a pas les nouvelles et l\u2019e\u0301largissement de toutes celles qui ont e\u0301te\u0301 re\u0301quisitionne\u0301es dans un but punitif.<\/p>\n<p>S\u2019il leur sont reproche\u0301s des faits de\u0301lictueux ou criminels, je vous invite a\u0300 activer la de\u0301marche judiciaire et a\u0300 laisser communiquer le parquet.<\/p>\n<p>Ceci renforcera davantage la cre\u0301dibilite\u0301 de notre transition.<\/p>\n<p>Je lance enfin un appel a\u0300 son excellence Monsieur le Premier ministre,et au Ministre de l\u2019administration territoriale, de la de\u0301centralisation et de la se\u0301curite\u0301 qui assure la police des liberte\u0301s publiques et donc des partis et formations politiques a\u0300 cre\u0301er un cadre de concertation entre les les organes de l\u2019exe\u0301cutif et les partis politiques afin de renforcer la collecte d\u2019ide\u0301es positives a\u0300 la conduite de la transition.<\/p>\n<p>Pour le reste, je vous reviendrai en de\u0301but d\u2019anne\u0301e 2024 par une longue et exclusive interview ou\u0300 je m\u2019exprimerai avec plus de de\u0301tails et d\u2019une manie\u0300re me\u0301thodique sur:<\/p>\n<p>la situation se\u0301curitaire ;<\/p>\n<p>\u2060la situation humanitaire ;<\/p>\n<p>\u2060la situation diplomatique ;<\/p>\n<p>\u2060la situation e\u0301conomique et financie\u0300re ;<\/p>\n<p>\u2060les re\u0301formes politiques, judiciaires et e\u0301conomiques envisage\u0301es.<\/p>\n<p>Chers compatriotes !<\/p>\n<p>Cette pe\u0301riode de fin d\u2019anne\u0301e est pour moi l\u2019occasion de vous remercier chaleureusement pour votre engagement inde\u0301fectible dans tous les secteurs d\u2019activite\u0301s du Burkina Faso.<\/p>\n<p>Je vous souhaite une nouvelle anne\u0301e prospe\u0300re et enrichissante, tous mes v\u0153ux de paix, de sante\u0301 et de bonheur vous accompagnent.<\/p>\n<p>Vive le CDP<\/p>\n<p>Vive le Burkina Faso<\/p>\n<p>De\u0301mocratie-Progre\u0300s-Justice<\/p>\n<p>Ouagadougou le 31 de\u0301cembre 2023<\/p>\n<p><strong>Pour plus d&rsquo;informations et d&rsquo;analyses sur la <a href=\"https:\/\/www.africa-press.net\/burkina-faso\">Burkina Faso<\/a>, suivez <a href=\"https:\/\/www.africa-press.net\/\">Africa-Press<\/a><\/strong><\/p>\n","protected":false},"excerpt":{"rendered":"<p>Africa-Press &#8211; Burkina Faso. Dans la de\u0301claration ci-apre\u0300s, le pre\u0301sident du Congre\u0300s pour la de\u0301mocratie et le progre\u0300s (CDP), Eddie Komboi\u0308go, adresse ses v\u0153ux au peuple burkinabe\u0300. Il fe\u0301licite le gouvernement pour les actions de\u0301ja\u0300 entreprises pour la reconque\u0302te du territoire et appelle a\u0300 la cre\u0301ation d\u2019un cadre de concertation entre les organes de l\u2019exe\u0301cutif [&hellip;]<\/p>\n","protected":false},"author":82,"featured_media":78518,"comment_status":"open","ping_status":"closed","sticky":false,"template":"","format":"standard","meta":{"footnotes":""},"categories":[4,10],"tags":[111,725,29],"class_list":["post-78520","post","type-post","status-publish","format-standard","has-post-thumbnail","hentry","category-parties","category-toutes-les-actualites","tag-africa-press","tag-africa-press-burkina-faso","tag-burkina-faso"],"yoast_head":"<!-- This site is optimized with the Yoast SEO Premium plugin v26.1 (Yoast SEO v27.0) - https:\/\/yoast.com\/product\/yoast-seo-premium-wordpress\/ -->\n<title>Eddie Kombo\u00efgo invite le gouvernement \u00e0 cr\u00e9er un cadre de concertation avec les partis politiques - Burkina Faso<\/title>\n<meta name=\"description\" content=\"Dans la de\u0301claration ci-apre\u0300s, le pre\u0301sident du Congre\u0300s pour la de\u0301mocratie et le progre\u0300s (CDP), Eddie Komboi\u0308go, adr ...\" \/>\n<meta name=\"robots\" content=\"index, follow, max-snippet:-1, max-image-preview:large, max-video-preview:-1\" \/>\n<link rel=\"canonical\" href=\"https:\/\/www.africa-press.net\/burkina-faso\/parties\/eddie-komboigo-invite-le-gouvernement-a-creer-un-cadre-de-concertation-avec-les-partis-politiques\" \/>\n<meta property=\"og:locale\" content=\"fr_FR\" \/>\n<meta property=\"og:type\" content=\"article\" \/>\n<meta property=\"og:title\" content=\"Eddie Kombo\u00efgo invite le gouvernement \u00e0 cr\u00e9er un cadre de concertation avec les partis politiques\" \/>\n<meta property=\"og:description\" content=\"Dans la de\u0301claration ci-apre\u0300s, le pre\u0301sident du Congre\u0300s pour la de\u0301mocratie et le progre\u0300s (CDP), Eddie Komboi\u0308go, adr ...\" \/>\n<meta property=\"og:url\" content=\"https:\/\/www.africa-press.net\/burkina-faso\/parties\/eddie-komboigo-invite-le-gouvernement-a-creer-un-cadre-de-concertation-avec-les-partis-politiques\" \/>\n<meta property=\"og:site_name\" content=\"Burkina Faso\" \/>\n<meta property=\"article:published_time\" content=\"2024-01-01T13:31:31+00:00\" \/>\n<meta property=\"article:modified_time\" content=\"2024-01-01T14:48:21+00:00\" \/>\n<meta property=\"og:image\" content=\"https:\/\/static.africa-press.net\/burkina\/sites\/42\/2024\/01\/sm_1704107633.005734.jpg\" \/>\n\t<meta property=\"og:image:width\" content=\"1280\" \/>\n\t<meta property=\"og:image:height\" content=\"720\" \/>\n\t<meta property=\"og:image:type\" content=\"image\/jpeg\" \/>\n<meta name=\"author\" content=\"cfeditorfr\" \/>\n<meta name=\"twitter:card\" content=\"summary_large_image\" \/>\n<meta name=\"twitter:label1\" content=\"\u00c9crit par\" \/>\n\t<meta name=\"twitter:data1\" content=\"cfeditorfr\" \/>\n\t<meta name=\"twitter:label2\" content=\"Dur\u00e9e de lecture estim\u00e9e\" \/>\n\t<meta name=\"twitter:data2\" content=\"6 minutes\" \/>\n<script type=\"application\/ld+json\" class=\"yoast-schema-graph\">{\"@context\":\"https:\/\/schema.org\",\"@graph\":[{\"@type\":\"Article\",\"@id\":\"https:\/\/www.africa-press.net\/burkina-faso\/parties\/eddie-komboigo-invite-le-gouvernement-a-creer-un-cadre-de-concertation-avec-les-partis-politiques#article\",\"isPartOf\":{\"@id\":\"https:\/\/www.africa-press.net\/burkina-faso\/parties\/eddie-komboigo-invite-le-gouvernement-a-creer-un-cadre-de-concertation-avec-les-partis-politiques\"},\"author\":{\"name\":\"cfeditorfr\",\"@id\":\"https:\/\/www.africa-press.net\/burkina-faso\/#\/schema\/person\/2b1cf3cd81a31e3cd26889ca66d677f1\"},\"headline\":\"Eddie Kombo\u00efgo invite le gouvernement \u00e0 cr\u00e9er un cadre de concertation avec les partis politiques\",\"datePublished\":\"2024-01-01T13:31:31+00:00\",\"dateModified\":\"2024-01-01T14:48:21+00:00\",\"mainEntityOfPage\":{\"@id\":\"https:\/\/www.africa-press.net\/burkina-faso\/parties\/eddie-komboigo-invite-le-gouvernement-a-creer-un-cadre-de-concertation-avec-les-partis-politiques\"},\"wordCount\":1166,\"commentCount\":0,\"image\":{\"@id\":\"https:\/\/www.africa-press.net\/burkina-faso\/parties\/eddie-komboigo-invite-le-gouvernement-a-creer-un-cadre-de-concertation-avec-les-partis-politiques#primaryimage\"},\"thumbnailUrl\":\"https:\/\/static.africa-press.net\/burkina\/sites\/42\/2024\/01\/sm_1704107633.005734.jpg\",\"keywords\":[\"Africa Press\",\"Africa Press-Burkina Faso\",\"Burkina Faso\"],\"articleSection\":[\"Parties\",\"Toutes les actualit\u00e9s\"],\"inLanguage\":\"fr-FR\",\"potentialAction\":[{\"@type\":\"CommentAction\",\"name\":\"Comment\",\"target\":[\"https:\/\/www.africa-press.net\/burkina-faso\/parties\/eddie-komboigo-invite-le-gouvernement-a-creer-un-cadre-de-concertation-avec-les-partis-politiques#respond\"]}]},{\"@type\":\"WebPage\",\"@id\":\"https:\/\/www.africa-press.net\/burkina-faso\/parties\/eddie-komboigo-invite-le-gouvernement-a-creer-un-cadre-de-concertation-avec-les-partis-politiques\",\"url\":\"https:\/\/www.africa-press.net\/burkina-faso\/parties\/eddie-komboigo-invite-le-gouvernement-a-creer-un-cadre-de-concertation-avec-les-partis-politiques\",\"name\":\"Eddie Kombo\u00efgo invite le gouvernement \u00e0 cr\u00e9er un cadre de concertation avec les partis politiques - Burkina Faso\",\"isPartOf\":{\"@id\":\"https:\/\/www.africa-press.net\/burkina-faso\/#website\"},\"primaryImageOfPage\":{\"@id\":\"https:\/\/www.africa-press.net\/burkina-faso\/parties\/eddie-komboigo-invite-le-gouvernement-a-creer-un-cadre-de-concertation-avec-les-partis-politiques#primaryimage\"},\"image\":{\"@id\":\"https:\/\/www.africa-press.net\/burkina-faso\/parties\/eddie-komboigo-invite-le-gouvernement-a-creer-un-cadre-de-concertation-avec-les-partis-politiques#primaryimage\"},\"thumbnailUrl\":\"https:\/\/static.africa-press.net\/burkina\/sites\/42\/2024\/01\/sm_1704107633.005734.jpg\",\"datePublished\":\"2024-01-01T13:31:31+00:00\",\"dateModified\":\"2024-01-01T14:48:21+00:00\",\"author\":{\"@id\":\"https:\/\/www.africa-press.net\/burkina-faso\/#\/schema\/person\/2b1cf3cd81a31e3cd26889ca66d677f1\"},\"description\":\"Dans la de\u0301claration ci-apre\u0300s, le pre\u0301sident du Congre\u0300s pour la de\u0301mocratie et le progre\u0300s (CDP), Eddie Komboi\u0308go, adr ...\",\"breadcrumb\":{\"@id\":\"https:\/\/www.africa-press.net\/burkina-faso\/parties\/eddie-komboigo-invite-le-gouvernement-a-creer-un-cadre-de-concertation-avec-les-partis-politiques#breadcrumb\"},\"inLanguage\":\"fr-FR\",\"potentialAction\":[{\"@type\":\"ReadAction\",\"target\":[\"https:\/\/www.africa-press.net\/burkina-faso\/parties\/eddie-komboigo-invite-le-gouvernement-a-creer-un-cadre-de-concertation-avec-les-partis-politiques\"]}]},{\"@type\":\"ImageObject\",\"inLanguage\":\"fr-FR\",\"@id\":\"https:\/\/www.africa-press.net\/burkina-faso\/parties\/eddie-komboigo-invite-le-gouvernement-a-creer-un-cadre-de-concertation-avec-les-partis-politiques#primaryimage\",\"url\":\"https:\/\/static.africa-press.net\/burkina\/sites\/42\/2024\/01\/sm_1704107633.005734.jpg\",\"contentUrl\":\"https:\/\/static.africa-press.net\/burkina\/sites\/42\/2024\/01\/sm_1704107633.005734.jpg\",\"width\":1280,\"height\":720,\"caption\":\"Eddie Kombo\u00efgo invite le gouvernement \u00e0 cr\u00e9er un cadre de concertation avec les partis politiques\"},{\"@type\":\"BreadcrumbList\",\"@id\":\"https:\/\/www.africa-press.net\/burkina-faso\/parties\/eddie-komboigo-invite-le-gouvernement-a-creer-un-cadre-de-concertation-avec-les-partis-politiques#breadcrumb\",\"itemListElement\":[{\"@type\":\"ListItem\",\"position\":1,\"name\":\"Accueil\",\"item\":\"https:\/\/www.africa-press.net\/burkina-faso\/\"},{\"@type\":\"ListItem\",\"position\":2,\"name\":\"Eddie Kombo\u00efgo invite le gouvernement \u00e0 cr\u00e9er un cadre de concertation avec les partis politiques\"}]},{\"@type\":\"WebSite\",\"@id\":\"https:\/\/www.africa-press.net\/burkina-faso\/#website\",\"url\":\"https:\/\/www.africa-press.net\/burkina-faso\/\",\"name\":\"Burkina Faso\",\"description\":\"Just another Africa News Agency Sites site\",\"potentialAction\":[{\"@type\":\"SearchAction\",\"target\":{\"@type\":\"EntryPoint\",\"urlTemplate\":\"https:\/\/www.africa-press.net\/burkina-faso\/?s={search_term_string}\"},\"query-input\":{\"@type\":\"PropertyValueSpecification\",\"valueRequired\":true,\"valueName\":\"search_term_string\"}}],\"inLanguage\":\"fr-FR\"},{\"@type\":\"Person\",\"@id\":\"https:\/\/www.africa-press.net\/burkina-faso\/#\/schema\/person\/2b1cf3cd81a31e3cd26889ca66d677f1\",\"name\":\"cfeditorfr\"}]}<\/script>\n<!-- \/ Yoast SEO Premium plugin. -->","yoast_head_json":{"title":"Eddie Kombo\u00efgo invite le gouvernement \u00e0 cr\u00e9er un cadre de concertation avec les partis politiques - Burkina Faso","description":"Dans la de\u0301claration ci-apre\u0300s, le pre\u0301sident du Congre\u0300s pour la de\u0301mocratie et le progre\u0300s (CDP), Eddie Komboi\u0308go, adr ...","robots":{"index":"index","follow":"follow","max-snippet":"max-snippet:-1","max-image-preview":"max-image-preview:large","max-video-preview":"max-video-preview:-1"},"canonical":"https:\/\/www.africa-press.net\/burkina-faso\/parties\/eddie-komboigo-invite-le-gouvernement-a-creer-un-cadre-de-concertation-avec-les-partis-politiques","og_locale":"fr_FR","og_type":"article","og_title":"Eddie Kombo\u00efgo invite le gouvernement \u00e0 cr\u00e9er un cadre de concertation avec les partis politiques","og_description":"Dans la de\u0301claration ci-apre\u0300s, le pre\u0301sident du Congre\u0300s pour la de\u0301mocratie et le progre\u0300s (CDP), Eddie Komboi\u0308go, adr ...","og_url":"https:\/\/www.africa-press.net\/burkina-faso\/parties\/eddie-komboigo-invite-le-gouvernement-a-creer-un-cadre-de-concertation-avec-les-partis-politiques","og_site_name":"Burkina Faso","article_published_time":"2024-01-01T13:31:31+00:00","article_modified_time":"2024-01-01T14:48:21+00:00","og_image":[{"width":1280,"height":720,"url":"https:\/\/static.africa-press.net\/burkina\/sites\/42\/2024\/01\/sm_1704107633.005734.jpg","type":"image\/jpeg"}],"author":"cfeditorfr","twitter_card":"summary_large_image","twitter_misc":{"\u00c9crit par":"cfeditorfr","Dur\u00e9e de lecture estim\u00e9e":"6 minutes"},"schema":{"@context":"https:\/\/schema.org","@graph":[{"@type":"Article","@id":"https:\/\/www.africa-press.net\/burkina-faso\/parties\/eddie-komboigo-invite-le-gouvernement-a-creer-un-cadre-de-concertation-avec-les-partis-politiques#article","isPartOf":{"@id":"https:\/\/www.africa-press.net\/burkina-faso\/parties\/eddie-komboigo-invite-le-gouvernement-a-creer-un-cadre-de-concertation-avec-les-partis-politiques"},"author":{"name":"cfeditorfr","@id":"https:\/\/www.africa-press.net\/burkina-faso\/#\/schema\/person\/2b1cf3cd81a31e3cd26889ca66d677f1"},"headline":"Eddie Kombo\u00efgo invite le gouvernement \u00e0 cr\u00e9er un cadre de concertation avec les partis politiques","datePublished":"2024-01-01T13:31:31+00:00","dateModified":"2024-01-01T14:48:21+00:00","mainEntityOfPage":{"@id":"https:\/\/www.africa-press.net\/burkina-faso\/parties\/eddie-komboigo-invite-le-gouvernement-a-creer-un-cadre-de-concertation-avec-les-partis-politiques"},"wordCount":1166,"commentCount":0,"image":{"@id":"https:\/\/www.africa-press.net\/burkina-faso\/parties\/eddie-komboigo-invite-le-gouvernement-a-creer-un-cadre-de-concertation-avec-les-partis-politiques#primaryimage"},"thumbnailUrl":"https:\/\/static.africa-press.net\/burkina\/sites\/42\/2024\/01\/sm_1704107633.005734.jpg","keywords":["Africa Press","Africa Press-Burkina Faso","Burkina Faso"],"articleSection":["Parties","Toutes les actualit\u00e9s"],"inLanguage":"fr-FR","potentialAction":[{"@type":"CommentAction","name":"Comment","target":["https:\/\/www.africa-press.net\/burkina-faso\/parties\/eddie-komboigo-invite-le-gouvernement-a-creer-un-cadre-de-concertation-avec-les-partis-politiques#respond"]}]},{"@type":"WebPage","@id":"https:\/\/www.africa-press.net\/burkina-faso\/parties\/eddie-komboigo-invite-le-gouvernement-a-creer-un-cadre-de-concertation-avec-les-partis-politiques","url":"https:\/\/www.africa-press.net\/burkina-faso\/parties\/eddie-komboigo-invite-le-gouvernement-a-creer-un-cadre-de-concertation-avec-les-partis-politiques","name":"Eddie Kombo\u00efgo invite le gouvernement \u00e0 cr\u00e9er un cadre de concertation avec les partis politiques - Burkina Faso","isPartOf":{"@id":"https:\/\/www.africa-press.net\/burkina-faso\/#website"},"primaryImageOfPage":{"@id":"https:\/\/www.africa-press.net\/burkina-faso\/parties\/eddie-komboigo-invite-le-gouvernement-a-creer-un-cadre-de-concertation-avec-les-partis-politiques#primaryimage"},"image":{"@id":"https:\/\/www.africa-press.net\/burkina-faso\/parties\/eddie-komboigo-invite-le-gouvernement-a-creer-un-cadre-de-concertation-avec-les-partis-politiques#primaryimage"},"thumbnailUrl":"https:\/\/static.africa-press.net\/burkina\/sites\/42\/2024\/01\/sm_1704107633.005734.jpg","datePublished":"2024-01-01T13:31:31+00:00","dateModified":"2024-01-01T14:48:21+00:00","author":{"@id":"https:\/\/www.africa-press.net\/burkina-faso\/#\/schema\/person\/2b1cf3cd81a31e3cd26889ca66d677f1"},"description":"Dans la de\u0301claration ci-apre\u0300s, le pre\u0301sident du Congre\u0300s pour la de\u0301mocratie et le progre\u0300s (CDP), Eddie Komboi\u0308go, adr ...","breadcrumb":{"@id":"https:\/\/www.africa-press.net\/burkina-faso\/parties\/eddie-komboigo-invite-le-gouvernement-a-creer-un-cadre-de-concertation-avec-les-partis-politiques#breadcrumb"},"inLanguage":"fr-FR","potentialAction":[{"@type":"ReadAction","target":["https:\/\/www.africa-press.net\/burkina-faso\/parties\/eddie-komboigo-invite-le-gouvernement-a-creer-un-cadre-de-concertation-avec-les-partis-politiques"]}]},{"@type":"ImageObject","inLanguage":"fr-FR","@id":"https:\/\/www.africa-press.net\/burkina-faso\/parties\/eddie-komboigo-invite-le-gouvernement-a-creer-un-cadre-de-concertation-avec-les-partis-politiques#primaryimage","url":"https:\/\/static.africa-press.net\/burkina\/sites\/42\/2024\/01\/sm_1704107633.005734.jpg","contentUrl":"https:\/\/static.africa-press.net\/burkina\/sites\/42\/2024\/01\/sm_1704107633.005734.jpg","width":1280,"height":720,"caption":"Eddie Kombo\u00efgo invite le gouvernement \u00e0 cr\u00e9er un cadre de concertation avec les partis politiques"},{"@type":"BreadcrumbList","@id":"https:\/\/www.africa-press.net\/burkina-faso\/parties\/eddie-komboigo-invite-le-gouvernement-a-creer-un-cadre-de-concertation-avec-les-partis-politiques#breadcrumb","itemListElement":[{"@type":"ListItem","position":1,"name":"Accueil","item":"https:\/\/www.africa-press.net\/burkina-faso\/"},{"@type":"ListItem","position":2,"name":"Eddie Kombo\u00efgo invite le gouvernement \u00e0 cr\u00e9er un cadre de concertation avec les partis politiques"}]},{"@type":"WebSite","@id":"https:\/\/www.africa-press.net\/burkina-faso\/#website","url":"https:\/\/www.africa-press.net\/burkina-faso\/","name":"Burkina Faso","description":"Just another Africa News Agency Sites site","potentialAction":[{"@type":"SearchAction","target":{"@type":"EntryPoint","urlTemplate":"https:\/\/www.africa-press.net\/burkina-faso\/?s={search_term_string}"},"query-input":{"@type":"PropertyValueSpecification","valueRequired":true,"valueName":"search_term_string"}}],"inLanguage":"fr-FR"},{"@type":"Person","@id":"https:\/\/www.africa-press.net\/burkina-faso\/#\/schema\/person\/2b1cf3cd81a31e3cd26889ca66d677f1","name":"cfeditorfr"}]}},"_links":{"self":[{"href":"https:\/\/www.africa-press.net\/burkina-faso\/wp-json\/wp\/v2\/posts\/78520","targetHints":{"allow":["GET"]}}],"collection":[{"href":"https:\/\/www.africa-press.net\/burkina-faso\/wp-json\/wp\/v2\/posts"}],"about":[{"href":"https:\/\/www.africa-press.net\/burkina-faso\/wp-json\/wp\/v2\/types\/post"}],"author":[{"embeddable":true,"href":"https:\/\/www.africa-press.net\/burkina-faso\/wp-json\/wp\/v2\/users\/82"}],"replies":[{"embeddable":true,"href":"https:\/\/www.africa-press.net\/burkina-faso\/wp-json\/wp\/v2\/comments?post=78520"}],"version-history":[{"count":0,"href":"https:\/\/www.africa-press.net\/burkina-faso\/wp-json\/wp\/v2\/posts\/78520\/revisions"}],"wp:featuredmedia":[{"embeddable":true,"href":"https:\/\/www.africa-press.net\/burkina-faso\/wp-json\/wp\/v2\/media\/78518"}],"wp:attachment":[{"href":"https:\/\/www.africa-press.net\/burkina-faso\/wp-json\/wp\/v2\/media?parent=78520"}],"wp:term":[{"taxonomy":"category","embeddable":true,"href":"https:\/\/www.africa-press.net\/burkina-faso\/wp-json\/wp\/v2\/categories?post=78520"},{"taxonomy":"post_tag","embeddable":true,"href":"https:\/\/www.africa-press.net\/burkina-faso\/wp-json\/wp\/v2\/tags?post=78520"}],"curies":[{"name":"wp","href":"https:\/\/api.w.org\/{rel}","templated":true}]}}