{"id":80254,"date":"2024-01-28T14:13:57","date_gmt":"2024-01-28T14:13:57","guid":{"rendered":"https:\/\/www.africa-press.net\/burkina-faso\/politique\/nouna-les-populations-soutiennent-la-transition"},"modified":"2024-01-28T14:19:36","modified_gmt":"2024-01-28T14:19:36","slug":"nouna-les-populations-soutiennent-la-transition","status":"publish","type":"post","link":"https:\/\/www.africa-press.net\/burkina-faso\/politique\/nouna-les-populations-soutiennent-la-transition","title":{"rendered":"Nouna : Les populations soutiennent la Transition"},"content":{"rendered":"<p><span style=\"color: #ff6600\"><strong>Africa-Press &#8211; Burkina Faso. <\/strong><\/span><b>Des autorite\u0301s coutumie\u0300res, religieuses et les autres forces vives de la Kossi, ont organise\u0301 ce samedi 27 janvier 2024 une marche de soutien a\u0300 la Transition, a constate\u0301 sur place un journaliste de l\u2019AIB.<\/b><\/p>\n<p>Une foule des grands jours a emprunte\u0301 le samedi 27 janvier 2024 l\u2019avenue Ouezzin Coulibaly de Nouna en passant par le rond-point, pour livrer leur message a\u0300 la place du haut-Commissariat ou\u0300 attendaient les autorite\u0301s administratives, militaires et para-militaires de la province.<\/p>\n<p>A l\u2019arrive\u0301e la foule a d\u2019abord entonne\u0301 l\u2019hymne de la victoire symbole de l\u2019appartenance a\u0300 la me\u0300re patrie, le Burkina Faso. Adama Cisse\u0301, porte-parole de la marche a d\u2019abord salue\u0301 la population pour leur re\u0301silience. Il a ensuite de\u0301crit la situation difficile que traverse la province.<\/p>\n<p>Puis ,il a salue\u0301 les e\u0301ve\u0300nements du 30 septembre 2022 avec la venue du MPSR 2 , qui a donne\u0301 de l\u2019espoir aux populations. Dans son message, il a souligne\u0301 le soutien sans faille des autorite\u0301s coutumie\u0300res, religieuses et les autres forces vives de la Kossi au gouvernement de la Transition pour la reconque\u0302te du territoire en marche.<\/p>\n<p>Par la me\u0302me occasion, il a salue\u0301 l\u2019installation du 53e\u0300me Re\u0301giment, d\u2019infanterie commando a\u0300 Nouna. \u00ab Nos remerciements vont a\u0300 l\u2019endroit des forces de de\u0301fenses et de se\u0301curite\u0301 et aux braves volontaires pour la de\u0301fense de la patrie, pour le travail formidable abattu \u00bb, dit-il.<\/p>\n<p>Adama Cisse\u0301 a e\u0301galement sollicite\u0301 aupre\u0300s des autorite\u0301s, le retour des populations dans les diffe\u0301rentes localite\u0301s avant la saison des pluies, la libe\u0301ration de la route nationale 14 et le re\u0301tablissement de l\u2019e\u0301lectricite\u0301. Le pre\u0301sident de la de\u0301le\u0301gation spe\u0301ciale de Barani Apollinaire Kone\u0301, repre\u0301sentant le Haut-Commissaire a salue\u0301 l\u2019initiative tout en promettant de transmettre le message a\u0300 qui de droit.<\/p>\n<p><strong>Pour plus d&rsquo;informations et d&rsquo;analyses sur la <a href=\"https:\/\/www.africa-press.net\/burkina-faso\">Burkina Faso<\/a>, suivez <a href=\"https:\/\/www.africa-press.net\/\">Africa-Press<\/a><\/strong><\/p>\n","protected":false},"excerpt":{"rendered":"<p>Africa-Press &#8211; Burkina Faso. Des autorite\u0301s coutumie\u0300res, religieuses et les autres forces vives de la Kossi, ont organise\u0301 ce samedi 27 janvier 2024 une marche de soutien a\u0300 la Transition, a constate\u0301 sur place un journaliste de l\u2019AIB. Une foule des grands jours a emprunte\u0301 le samedi 27 janvier 2024 l\u2019avenue Ouezzin Coulibaly de Nouna [&hellip;]<\/p>\n","protected":false},"author":82,"featured_media":80253,"comment_status":"open","ping_status":"closed","sticky":false,"template":"","format":"standard","meta":{"footnotes":""},"categories":[2,10],"tags":[111,725,29],"class_list":["post-80254","post","type-post","status-publish","format-standard","has-post-thumbnail","hentry","category-politique","category-toutes-les-actualites","tag-africa-press","tag-africa-press-burkina-faso","tag-burkina-faso"],"yoast_head":"<!-- This site is optimized with the Yoast SEO Premium plugin v26.1 (Yoast SEO v27.0) - https:\/\/yoast.com\/product\/yoast-seo-premium-wordpress\/ -->\n<title>Nouna : Les populations soutiennent la Transition - Burkina Faso<\/title>\n<meta name=\"description\" content=\"Des autorite\u0301s coutumie\u0300res, religieuses et les autres forces vives de la Kossi, ont organise\u0301 ce samedi 27 janvier 2 ...\" \/>\n<meta name=\"robots\" content=\"index, follow, max-snippet:-1, max-image-preview:large, max-video-preview:-1\" \/>\n<link rel=\"canonical\" href=\"https:\/\/www.africa-press.net\/burkina-faso\/politique\/nouna-les-populations-soutiennent-la-transition\" \/>\n<meta property=\"og:locale\" content=\"fr_FR\" \/>\n<meta property=\"og:type\" content=\"article\" \/>\n<meta property=\"og:title\" content=\"Nouna : Les populations soutiennent la Transition\" \/>\n<meta property=\"og:description\" content=\"Des autorite\u0301s coutumie\u0300res, religieuses et les autres forces vives de la Kossi, ont organise\u0301 ce samedi 27 janvier 2 ...\" \/>\n<meta property=\"og:url\" content=\"https:\/\/www.africa-press.net\/burkina-faso\/politique\/nouna-les-populations-soutiennent-la-transition\" \/>\n<meta property=\"og:site_name\" content=\"Burkina Faso\" \/>\n<meta property=\"article:published_time\" content=\"2024-01-28T14:13:57+00:00\" \/>\n<meta property=\"article:modified_time\" content=\"2024-01-28T14:19:36+00:00\" \/>\n<meta property=\"og:image\" content=\"https:\/\/static.africa-press.net\/burkina\/sites\/42\/2024\/01\/sm_1706438941.664173.jpg\" \/>\n\t<meta property=\"og:image:width\" content=\"720\" \/>\n\t<meta property=\"og:image:height\" content=\"498\" \/>\n\t<meta property=\"og:image:type\" content=\"image\/jpeg\" \/>\n<meta name=\"author\" content=\"cfeditorfr\" \/>\n<meta name=\"twitter:card\" content=\"summary_large_image\" \/>\n<meta name=\"twitter:label1\" content=\"\u00c9crit par\" \/>\n\t<meta name=\"twitter:data1\" content=\"cfeditorfr\" \/>\n\t<meta name=\"twitter:label2\" content=\"Dur\u00e9e de lecture estim\u00e9e\" \/>\n\t<meta name=\"twitter:data2\" content=\"2 minutes\" \/>\n<script type=\"application\/ld+json\" class=\"yoast-schema-graph\">{\"@context\":\"https:\/\/schema.org\",\"@graph\":[{\"@type\":\"Article\",\"@id\":\"https:\/\/www.africa-press.net\/burkina-faso\/politique\/nouna-les-populations-soutiennent-la-transition#article\",\"isPartOf\":{\"@id\":\"https:\/\/www.africa-press.net\/burkina-faso\/politique\/nouna-les-populations-soutiennent-la-transition\"},\"author\":{\"name\":\"cfeditorfr\",\"@id\":\"https:\/\/www.africa-press.net\/burkina-faso\/#\/schema\/person\/2b1cf3cd81a31e3cd26889ca66d677f1\"},\"headline\":\"Nouna : Les populations soutiennent la Transition\",\"datePublished\":\"2024-01-28T14:13:57+00:00\",\"dateModified\":\"2024-01-28T14:19:36+00:00\",\"mainEntityOfPage\":{\"@id\":\"https:\/\/www.africa-press.net\/burkina-faso\/politique\/nouna-les-populations-soutiennent-la-transition\"},\"wordCount\":341,\"commentCount\":0,\"image\":{\"@id\":\"https:\/\/www.africa-press.net\/burkina-faso\/politique\/nouna-les-populations-soutiennent-la-transition#primaryimage\"},\"thumbnailUrl\":\"https:\/\/static.africa-press.net\/burkina\/sites\/42\/2024\/01\/sm_1706438941.664173.jpg\",\"keywords\":[\"Africa Press\",\"Africa Press-Burkina Faso\",\"Burkina Faso\"],\"articleSection\":[\"Politique\",\"Toutes les actualit\u00e9s\"],\"inLanguage\":\"fr-FR\",\"potentialAction\":[{\"@type\":\"CommentAction\",\"name\":\"Comment\",\"target\":[\"https:\/\/www.africa-press.net\/burkina-faso\/politique\/nouna-les-populations-soutiennent-la-transition#respond\"]}]},{\"@type\":\"WebPage\",\"@id\":\"https:\/\/www.africa-press.net\/burkina-faso\/politique\/nouna-les-populations-soutiennent-la-transition\",\"url\":\"https:\/\/www.africa-press.net\/burkina-faso\/politique\/nouna-les-populations-soutiennent-la-transition\",\"name\":\"Nouna : Les populations soutiennent la Transition - Burkina Faso\",\"isPartOf\":{\"@id\":\"https:\/\/www.africa-press.net\/burkina-faso\/#website\"},\"primaryImageOfPage\":{\"@id\":\"https:\/\/www.africa-press.net\/burkina-faso\/politique\/nouna-les-populations-soutiennent-la-transition#primaryimage\"},\"image\":{\"@id\":\"https:\/\/www.africa-press.net\/burkina-faso\/politique\/nouna-les-populations-soutiennent-la-transition#primaryimage\"},\"thumbnailUrl\":\"https:\/\/static.africa-press.net\/burkina\/sites\/42\/2024\/01\/sm_1706438941.664173.jpg\",\"datePublished\":\"2024-01-28T14:13:57+00:00\",\"dateModified\":\"2024-01-28T14:19:36+00:00\",\"author\":{\"@id\":\"https:\/\/www.africa-press.net\/burkina-faso\/#\/schema\/person\/2b1cf3cd81a31e3cd26889ca66d677f1\"},\"description\":\"Des autorite\u0301s coutumie\u0300res, religieuses et les autres forces vives de la Kossi, ont organise\u0301 ce samedi 27 janvier 2 ...\",\"breadcrumb\":{\"@id\":\"https:\/\/www.africa-press.net\/burkina-faso\/politique\/nouna-les-populations-soutiennent-la-transition#breadcrumb\"},\"inLanguage\":\"fr-FR\",\"potentialAction\":[{\"@type\":\"ReadAction\",\"target\":[\"https:\/\/www.africa-press.net\/burkina-faso\/politique\/nouna-les-populations-soutiennent-la-transition\"]}]},{\"@type\":\"ImageObject\",\"inLanguage\":\"fr-FR\",\"@id\":\"https:\/\/www.africa-press.net\/burkina-faso\/politique\/nouna-les-populations-soutiennent-la-transition#primaryimage\",\"url\":\"https:\/\/static.africa-press.net\/burkina\/sites\/42\/2024\/01\/sm_1706438941.664173.jpg\",\"contentUrl\":\"https:\/\/static.africa-press.net\/burkina\/sites\/42\/2024\/01\/sm_1706438941.664173.jpg\",\"width\":720,\"height\":498,\"caption\":\"Nouna : Les populations soutiennent la Transition\"},{\"@type\":\"BreadcrumbList\",\"@id\":\"https:\/\/www.africa-press.net\/burkina-faso\/politique\/nouna-les-populations-soutiennent-la-transition#breadcrumb\",\"itemListElement\":[{\"@type\":\"ListItem\",\"position\":1,\"name\":\"Accueil\",\"item\":\"https:\/\/www.africa-press.net\/burkina-faso\/\"},{\"@type\":\"ListItem\",\"position\":2,\"name\":\"Nouna : Les populations soutiennent la Transition\"}]},{\"@type\":\"WebSite\",\"@id\":\"https:\/\/www.africa-press.net\/burkina-faso\/#website\",\"url\":\"https:\/\/www.africa-press.net\/burkina-faso\/\",\"name\":\"Burkina Faso\",\"description\":\"Just another Africa News Agency Sites site\",\"potentialAction\":[{\"@type\":\"SearchAction\",\"target\":{\"@type\":\"EntryPoint\",\"urlTemplate\":\"https:\/\/www.africa-press.net\/burkina-faso\/?s={search_term_string}\"},\"query-input\":{\"@type\":\"PropertyValueSpecification\",\"valueRequired\":true,\"valueName\":\"search_term_string\"}}],\"inLanguage\":\"fr-FR\"},{\"@type\":\"Person\",\"@id\":\"https:\/\/www.africa-press.net\/burkina-faso\/#\/schema\/person\/2b1cf3cd81a31e3cd26889ca66d677f1\",\"name\":\"cfeditorfr\"}]}<\/script>\n<!-- \/ Yoast SEO Premium plugin. -->","yoast_head_json":{"title":"Nouna : Les populations soutiennent la Transition - Burkina Faso","description":"Des autorite\u0301s coutumie\u0300res, religieuses et les autres forces vives de la Kossi, ont organise\u0301 ce samedi 27 janvier 2 ...","robots":{"index":"index","follow":"follow","max-snippet":"max-snippet:-1","max-image-preview":"max-image-preview:large","max-video-preview":"max-video-preview:-1"},"canonical":"https:\/\/www.africa-press.net\/burkina-faso\/politique\/nouna-les-populations-soutiennent-la-transition","og_locale":"fr_FR","og_type":"article","og_title":"Nouna : Les populations soutiennent la Transition","og_description":"Des autorite\u0301s coutumie\u0300res, religieuses et les autres forces vives de la Kossi, ont organise\u0301 ce samedi 27 janvier 2 ...","og_url":"https:\/\/www.africa-press.net\/burkina-faso\/politique\/nouna-les-populations-soutiennent-la-transition","og_site_name":"Burkina Faso","article_published_time":"2024-01-28T14:13:57+00:00","article_modified_time":"2024-01-28T14:19:36+00:00","og_image":[{"width":720,"height":498,"url":"https:\/\/static.africa-press.net\/burkina\/sites\/42\/2024\/01\/sm_1706438941.664173.jpg","type":"image\/jpeg"}],"author":"cfeditorfr","twitter_card":"summary_large_image","twitter_misc":{"\u00c9crit par":"cfeditorfr","Dur\u00e9e de lecture estim\u00e9e":"2 minutes"},"schema":{"@context":"https:\/\/schema.org","@graph":[{"@type":"Article","@id":"https:\/\/www.africa-press.net\/burkina-faso\/politique\/nouna-les-populations-soutiennent-la-transition#article","isPartOf":{"@id":"https:\/\/www.africa-press.net\/burkina-faso\/politique\/nouna-les-populations-soutiennent-la-transition"},"author":{"name":"cfeditorfr","@id":"https:\/\/www.africa-press.net\/burkina-faso\/#\/schema\/person\/2b1cf3cd81a31e3cd26889ca66d677f1"},"headline":"Nouna : Les populations soutiennent la Transition","datePublished":"2024-01-28T14:13:57+00:00","dateModified":"2024-01-28T14:19:36+00:00","mainEntityOfPage":{"@id":"https:\/\/www.africa-press.net\/burkina-faso\/politique\/nouna-les-populations-soutiennent-la-transition"},"wordCount":341,"commentCount":0,"image":{"@id":"https:\/\/www.africa-press.net\/burkina-faso\/politique\/nouna-les-populations-soutiennent-la-transition#primaryimage"},"thumbnailUrl":"https:\/\/static.africa-press.net\/burkina\/sites\/42\/2024\/01\/sm_1706438941.664173.jpg","keywords":["Africa Press","Africa Press-Burkina Faso","Burkina Faso"],"articleSection":["Politique","Toutes les actualit\u00e9s"],"inLanguage":"fr-FR","potentialAction":[{"@type":"CommentAction","name":"Comment","target":["https:\/\/www.africa-press.net\/burkina-faso\/politique\/nouna-les-populations-soutiennent-la-transition#respond"]}]},{"@type":"WebPage","@id":"https:\/\/www.africa-press.net\/burkina-faso\/politique\/nouna-les-populations-soutiennent-la-transition","url":"https:\/\/www.africa-press.net\/burkina-faso\/politique\/nouna-les-populations-soutiennent-la-transition","name":"Nouna : Les populations soutiennent la Transition - Burkina Faso","isPartOf":{"@id":"https:\/\/www.africa-press.net\/burkina-faso\/#website"},"primaryImageOfPage":{"@id":"https:\/\/www.africa-press.net\/burkina-faso\/politique\/nouna-les-populations-soutiennent-la-transition#primaryimage"},"image":{"@id":"https:\/\/www.africa-press.net\/burkina-faso\/politique\/nouna-les-populations-soutiennent-la-transition#primaryimage"},"thumbnailUrl":"https:\/\/static.africa-press.net\/burkina\/sites\/42\/2024\/01\/sm_1706438941.664173.jpg","datePublished":"2024-01-28T14:13:57+00:00","dateModified":"2024-01-28T14:19:36+00:00","author":{"@id":"https:\/\/www.africa-press.net\/burkina-faso\/#\/schema\/person\/2b1cf3cd81a31e3cd26889ca66d677f1"},"description":"Des autorite\u0301s coutumie\u0300res, religieuses et les autres forces vives de la Kossi, ont organise\u0301 ce samedi 27 janvier 2 ...","breadcrumb":{"@id":"https:\/\/www.africa-press.net\/burkina-faso\/politique\/nouna-les-populations-soutiennent-la-transition#breadcrumb"},"inLanguage":"fr-FR","potentialAction":[{"@type":"ReadAction","target":["https:\/\/www.africa-press.net\/burkina-faso\/politique\/nouna-les-populations-soutiennent-la-transition"]}]},{"@type":"ImageObject","inLanguage":"fr-FR","@id":"https:\/\/www.africa-press.net\/burkina-faso\/politique\/nouna-les-populations-soutiennent-la-transition#primaryimage","url":"https:\/\/static.africa-press.net\/burkina\/sites\/42\/2024\/01\/sm_1706438941.664173.jpg","contentUrl":"https:\/\/static.africa-press.net\/burkina\/sites\/42\/2024\/01\/sm_1706438941.664173.jpg","width":720,"height":498,"caption":"Nouna : Les populations soutiennent la Transition"},{"@type":"BreadcrumbList","@id":"https:\/\/www.africa-press.net\/burkina-faso\/politique\/nouna-les-populations-soutiennent-la-transition#breadcrumb","itemListElement":[{"@type":"ListItem","position":1,"name":"Accueil","item":"https:\/\/www.africa-press.net\/burkina-faso\/"},{"@type":"ListItem","position":2,"name":"Nouna : Les populations soutiennent la Transition"}]},{"@type":"WebSite","@id":"https:\/\/www.africa-press.net\/burkina-faso\/#website","url":"https:\/\/www.africa-press.net\/burkina-faso\/","name":"Burkina Faso","description":"Just another Africa News Agency Sites site","potentialAction":[{"@type":"SearchAction","target":{"@type":"EntryPoint","urlTemplate":"https:\/\/www.africa-press.net\/burkina-faso\/?s={search_term_string}"},"query-input":{"@type":"PropertyValueSpecification","valueRequired":true,"valueName":"search_term_string"}}],"inLanguage":"fr-FR"},{"@type":"Person","@id":"https:\/\/www.africa-press.net\/burkina-faso\/#\/schema\/person\/2b1cf3cd81a31e3cd26889ca66d677f1","name":"cfeditorfr"}]}},"_links":{"self":[{"href":"https:\/\/www.africa-press.net\/burkina-faso\/wp-json\/wp\/v2\/posts\/80254","targetHints":{"allow":["GET"]}}],"collection":[{"href":"https:\/\/www.africa-press.net\/burkina-faso\/wp-json\/wp\/v2\/posts"}],"about":[{"href":"https:\/\/www.africa-press.net\/burkina-faso\/wp-json\/wp\/v2\/types\/post"}],"author":[{"embeddable":true,"href":"https:\/\/www.africa-press.net\/burkina-faso\/wp-json\/wp\/v2\/users\/82"}],"replies":[{"embeddable":true,"href":"https:\/\/www.africa-press.net\/burkina-faso\/wp-json\/wp\/v2\/comments?post=80254"}],"version-history":[{"count":0,"href":"https:\/\/www.africa-press.net\/burkina-faso\/wp-json\/wp\/v2\/posts\/80254\/revisions"}],"wp:featuredmedia":[{"embeddable":true,"href":"https:\/\/www.africa-press.net\/burkina-faso\/wp-json\/wp\/v2\/media\/80253"}],"wp:attachment":[{"href":"https:\/\/www.africa-press.net\/burkina-faso\/wp-json\/wp\/v2\/media?parent=80254"}],"wp:term":[{"taxonomy":"category","embeddable":true,"href":"https:\/\/www.africa-press.net\/burkina-faso\/wp-json\/wp\/v2\/categories?post=80254"},{"taxonomy":"post_tag","embeddable":true,"href":"https:\/\/www.africa-press.net\/burkina-faso\/wp-json\/wp\/v2\/tags?post=80254"}],"curies":[{"name":"wp","href":"https:\/\/api.w.org\/{rel}","templated":true}]}}