{"id":86184,"date":"2024-05-08T17:58:30","date_gmt":"2024-05-08T17:58:30","guid":{"rendered":"https:\/\/www.africa-press.net\/burkina-faso\/politique\/journee-mondiale-de-la-croix-rouge-et-du-croissant-rouge-la-ville-de-reo-va-abriter-la-celebration-officielle"},"modified":"2024-05-08T19:05:58","modified_gmt":"2024-05-08T19:05:58","slug":"journee-mondiale-de-la-croix-rouge-et-du-croissant-rouge-la-ville-de-reo-va-abriter-la-celebration-officielle","status":"publish","type":"post","link":"https:\/\/www.africa-press.net\/burkina-faso\/photo\/journee-mondiale-de-la-croix-rouge-et-du-croissant-rouge-la-ville-de-reo-va-abriter-la-celebration-officielle","title":{"rendered":"Journ\u00e9e mondiale de la Croix-rouge et du Croissant-rouge : La ville de R\u00e9o va abriter la c\u00e9l\u00e9bration officielle"},"content":{"rendered":"<p><span style=\"color: #ff6600\"><strong>Africa-Press &#8211; Burkina Faso. <\/strong><\/span><b>Chaque anne\u0301e, le monde entier ce\u0301le\u0300bre la journe\u0301e de la Croix-rouge et du Croissant-rouge le 8 mai. Cette ce\u0301le\u0301bration permet de marquer une halte, pour saluer le travail abattu par les volontaires et les travailleurs aupre\u0300s des populations vulne\u0301rables. Cette anne\u0301e, c\u2019est la ville de Re\u0301o dans la re\u0301gion du Centre-ouest qui a e\u0301te\u0301 choisie pour accueillir la ce\u0301le\u0301bration officielle. Pour annoncer les activite\u0301s entrant dans le cadre de cette journe\u0301e, une confe\u0301rence de presse a e\u0301te\u0301 organise\u0301e ce 7 mai 2024 au sie\u0300ge de la Croix-rouge burkinabe\u0300. <\/b><\/p>\n<p>C\u2019est depuis 1948 que la journe\u0301e mondiale de la Croix-rouge et du Croissant-rouge est ce\u0301le\u0301bre\u0301e. La date du 8 mai est retenue, parce que correspondant a\u0300 la date anniversaire de Henri Dunant, co-fondateur du mouvement de la Croix-Rouge. Cette anne\u0301e, le the\u0300me retenu est \u00ab faire vivre notre humanite\u0301 \u00bb. A en croire Denis Bakyono, pre\u0301sident national de la Croix-rouge burkinabe\u0300, ce the\u0300me vise a\u0300 valoriser l\u2019importance des gestes de ge\u0301ne\u0301rosite\u0301. Notre assistance aussi infime ou modeste soit-elle, fait des miracles dans la vie des personnes que nous aidons. Ce the\u0300me nous invite aussi a\u0300 comprendre que faire le bien, fait du bien \u00bb, a-t-il explique\u0301.<\/p>\n<p>Plusieurs activite\u0301s sont organise\u0301es en marge de la journe\u0301e du 8 mai. De\u0301roulant le programme, le pre\u0301sident national de la Croix-rouge a laisse\u0301 entendre qu\u2019il est pre\u0301vu a\u0300 travers le pays, avec les membres et volontaires de la Croix-rouge, des ope\u0301rations de salubrite\u0301, des visites aux malades, la re\u0301alisation d\u2019e\u0301missions radiophoniques, un don de sang, un exercice de simulation du plan de contingence communale de Re\u0301o ainsi qu\u2019une campagne de de\u0301pistage de le\u0301sions pre\u0301cance\u0301reuses de\u0301bute\u0301e le 6 mai et qui doit se poursuivre jusqu\u2019au 11 mai. Les 6 et 7 mai, des journalistes du Centre-ouest ont e\u0301te\u0301 forme\u0301s en premier secours. Au cours de la ce\u0301le\u0301bration officielle a\u0300 Re\u0301o le 8 mai, des articles me\u0301nagers seront remis a\u0300 200 me\u0301nages, des kits alimentaires distribue\u0301s a\u0300 150 me\u0301nages ho\u0302tes et de\u0301place\u0301s ainsi que du mate\u0301riel pour l\u2019ope\u0301rationnalisation du plan de contingence.<\/p>\n<p>La Croix-rouge burkinabe\u0300 ce\u0301le\u0300bre le 8 mai, en collaboration avec le Comite\u0301 international de la Croix-rouge (CICR). \u00ab La ce\u0301le\u0301bration de la journe\u0301e mondiale de la Croix-rouge et du Croissant-rouge, est une opportunite\u0301 pour le CICR, de se re\u0301jouir de l\u2019excellente collaboration qu\u2019il a avec la Croix-rouge burkinabe\u0300 et de la fe\u0301liciter pour son engagement sans faille aupre\u0300s des personnes qui en ont le plus besoin. A travers la CRBF, le CICR voudrait reconnai\u0302tre et saluer le travail remarquable de ces hommes et femmes qui sans rela\u0302che, donnent de leur temps, de leur savoir-faire, de leurs ressources, d\u2019eux-me\u0302mes et parfois au pe\u0301ril de leur vie, dans le strict respect des principes d\u2019humanite\u0301 pour soulager les souffrances des communaute\u0301s \u00bb, a laisse\u0301 entendre Bashir Anwaz Hanifa, directeur des ope\u0301rations du CICR.<\/p>\n<p>Malgre\u0301 un contexte national marque\u0301 par la crise se\u0301curitaire qui entrai\u0302ne l\u2019accroissement des besoins humanitaires et la re\u0301duction de l\u2019acce\u0300s aux communaute\u0301s, la Croix-rouge se tient aux co\u0302te\u0301s des populations vulne\u0301rables, pour leur apporter secours et assistance. Ces actions sont mene\u0301es en collaboration avec le ministe\u0300re de l\u2019action humanitaire, qui coordonne toutes les interventions humanitaires, a fait savoir Adama Dofini, directeur des programmes. La Croix-rouge burkinabe\u0300 intervient sur l\u2019ensemble du territoire national, gra\u0302ce a\u0300 ses volontaires pre\u0301sents un peu partout.<\/p>\n<p>C\u2019est ainsi qu\u2019au cours de l\u2019anne\u0301e 2023, 91 994 personnes ont e\u0301te\u0301 prises en charge dans le cadre de la lutte contre la malnutrition, plus de 331 000 personnes ont vu leurs moyens d\u2019existence ame\u0301liore\u0301s. De l\u2019assistance humanitaire a aussi e\u0301te\u0301 apporte\u0301e a\u0300 des personnes vulne\u0301rables a\u0300 travers le de\u0301ploiement de 250 volontaires secouristes ainsi que la construction de 7 481 abris et la construction de deux magasins d\u2019une capacite\u0301 de 250 tonnes chacun pour le stockage de vivres.<\/p>\n\r\n                <style type=\"text\/css\">\r\n                    \r\n                    #td_uid_1_69f2241469f87  .td-doubleSlider-2 .td-item1 {\r\n                        background: url(https:\/\/static.africa-press.net\/burkina\/sites\/42\/2024\/05\/sm_1715181982.968319-80x60.jpg) 0 0 no-repeat;\r\n                    }\r\n                    #td_uid_1_69f2241469f87  .td-doubleSlider-2 .td-item2 {\r\n                        background: url(https:\/\/static.africa-press.net\/burkina\/sites\/42\/2024\/05\/sm_1715181995.262168-80x60.jpg) 0 0 no-repeat;\r\n                    }\r\n                    #td_uid_1_69f2241469f87  .td-doubleSlider-2 .td-item3 {\r\n                        background: url(https:\/\/static.africa-press.net\/burkina\/sites\/42\/2024\/05\/sm_1715182008.493438-80x60.jpg) 0 0 no-repeat;\r\n                    }\r\n                <\/style>\r\n\r\n                <div id=\"td_uid_1_69f2241469f87\" class=\"td-gallery td-slide-on-2-columns\">\r\n                    <div class=\"post_td_gallery\">\r\n                        <div class=\"td-gallery-slide-top\">\r\n                           <div class=\"td-gallery-title\"><\/div>\r\n\r\n                            <div class=\"td-gallery-controls-wrapper\">\r\n                                <div class=\"td-gallery-slide-count\"><span class=\"td-gallery-slide-item-focus\">1<\/span> de 3<\/div>\r\n                                <div class=\"td-gallery-slide-prev-next-but\">\r\n                                    <i class = \"td-icon-left doubleSliderPrevButton\"><\/i>\r\n                                    <i class = \"td-icon-right doubleSliderNextButton\"><\/i>\r\n                                <\/div>\r\n                            <\/div>\r\n                        <\/div>\r\n\r\n                        <div class = \"td-doubleSlider-1 \">\r\n                            <div class = \"td-slider\">\r\n                                \r\n                    <div class = \"td-slide-item td-item1\">\r\n                        <figure class=\"td-slide-galery-figure td-slide-popup-gallery\">\r\n                            <a class=\"slide-gallery-image-link\" href=\"https:\/\/static.africa-press.net\/burkina\/sites\/42\/2024\/05\/sm_1715181982.968319.jpg\" title=\"sm_1715181982.968319\"  data-caption=\"\"  data-description=\"\">\r\n                                <img decoding=\"async\" src=\"https:\/\/static.africa-press.net\/burkina\/sites\/42\/2024\/05\/sm_1715181982.968319.jpg\" srcset=\"https:\/\/static.africa-press.net\/burkina\/sites\/42\/2024\/05\/sm_1715181982.968319.jpg 600w, https:\/\/static.africa-press.net\/burkina\/sites\/42\/2024\/05\/sm_1715181982.968319-300x230.jpg 300w, https:\/\/static.africa-press.net\/burkina\/sites\/42\/2024\/05\/sm_1715181982.968319-80x60.jpg 80w\" sizes=\"(max-width: 600px) 100vw, 600px\" alt=\"\">\r\n                            <\/a>\r\n                            \r\n                        <\/figure>\r\n                    <\/div>\r\n                    <div class = \"td-slide-item td-item2\">\r\n                        <figure class=\"td-slide-galery-figure td-slide-popup-gallery\">\r\n                            <a class=\"slide-gallery-image-link\" href=\"https:\/\/static.africa-press.net\/burkina\/sites\/42\/2024\/05\/sm_1715181995.262168.jpg\" title=\"sm_1715181995.262168\"  data-caption=\"\"  data-description=\"\">\r\n                                <img decoding=\"async\" src=\"https:\/\/static.africa-press.net\/burkina\/sites\/42\/2024\/05\/sm_1715181995.262168.jpg\" srcset=\"https:\/\/static.africa-press.net\/burkina\/sites\/42\/2024\/05\/sm_1715181995.262168.jpg 600w, https:\/\/static.africa-press.net\/burkina\/sites\/42\/2024\/05\/sm_1715181995.262168-300x201.jpg 300w\" sizes=\"(max-width: 600px) 100vw, 600px\" alt=\"\">\r\n                            <\/a>\r\n                            \r\n                        <\/figure>\r\n                    <\/div>\r\n                    <div class = \"td-slide-item td-item3\">\r\n                        <figure class=\"td-slide-galery-figure td-slide-popup-gallery\">\r\n                            <a class=\"slide-gallery-image-link\" href=\"https:\/\/static.africa-press.net\/burkina\/sites\/42\/2024\/05\/sm_1715182008.493438.jpg\" title=\"sm_1715182008.493438\"  data-caption=\"\"  data-description=\"\">\r\n                                <img decoding=\"async\" src=\"https:\/\/static.africa-press.net\/burkina\/sites\/42\/2024\/05\/sm_1715182008.493438.jpg\" srcset=\"https:\/\/static.africa-press.net\/burkina\/sites\/42\/2024\/05\/sm_1715182008.493438.jpg 600w, https:\/\/static.africa-press.net\/burkina\/sites\/42\/2024\/05\/sm_1715182008.493438-300x201.jpg 300w\" sizes=\"(max-width: 600px) 100vw, 600px\" alt=\"\">\r\n                            <\/a>\r\n                            \r\n                        <\/figure>\r\n                    <\/div>\r\n                            <\/div>\r\n                        <\/div>\r\n\r\n                        <div class = \"td-doubleSlider-2\">\r\n                            <div class = \"td-slider\">\r\n                                \r\n                    <div class = \"td-button td-item1\">\r\n                        <div class = \"td-border\"><\/div>\r\n                    <\/div>\r\n                    <div class = \"td-button td-item2\">\r\n                        <div class = \"td-border\"><\/div>\r\n                    <\/div>\r\n                    <div class = \"td-button td-item3\">\r\n                        <div class = \"td-border\"><\/div>\r\n                    <\/div>\r\n                            <\/div>\r\n                        <\/div>\r\n\r\n                    <\/div>\r\n\r\n                <\/div>\r\n                \n<p><strong>Pour plus d&rsquo;informations et d&rsquo;analyses sur la <a href=\"https:\/\/www.africa-press.net\/burkina-faso\">Burkina Faso<\/a>, suivez <a href=\"https:\/\/www.africa-press.net\/\">Africa-Press<\/a><\/strong><\/p>\n","protected":false},"excerpt":{"rendered":"<p>Africa-Press &#8211; Burkina Faso. Chaque anne\u0301e, le monde entier ce\u0301le\u0300bre la journe\u0301e de la Croix-rouge et du Croissant-rouge le 8 mai. Cette ce\u0301le\u0301bration permet de marquer une halte, pour saluer le travail abattu par les volontaires et les travailleurs aupre\u0300s des populations vulne\u0301rables. Cette anne\u0301e, c\u2019est la ville de Re\u0301o dans la re\u0301gion du Centre-ouest [&hellip;]<\/p>\n","protected":false},"author":82,"featured_media":86183,"comment_status":"open","ping_status":"closed","sticky":false,"template":"","format":"standard","meta":{"footnotes":""},"categories":[21,8,10],"tags":[111,725,29],"class_list":["post-86184","post","type-post","status-publish","format-standard","has-post-thumbnail","hentry","category-communaute","category-photo","category-toutes-les-actualites","tag-africa-press","tag-africa-press-burkina-faso","tag-burkina-faso"],"yoast_head":"<!-- This site is optimized with the Yoast SEO Premium plugin v26.1 (Yoast SEO v27.0) - https:\/\/yoast.com\/product\/yoast-seo-premium-wordpress\/ -->\n<title>Journ\u00e9e mondiale de la Croix-rouge et du Croissant-rouge : La ville de R\u00e9o va abriter la c\u00e9l\u00e9bration officielle - Burkina Faso<\/title>\n<meta name=\"description\" content=\"Chaque anne\u0301e, le monde entier ce\u0301le\u0300bre la journe\u0301e de la Croix-rouge et du Croissant-rouge le 8 mai. Cette ce\u0301le\u0301br ...\" \/>\n<meta name=\"robots\" content=\"index, follow, max-snippet:-1, max-image-preview:large, max-video-preview:-1\" \/>\n<link rel=\"canonical\" href=\"https:\/\/www.africa-press.net\/burkina-faso\/photo\/journee-mondiale-de-la-croix-rouge-et-du-croissant-rouge-la-ville-de-reo-va-abriter-la-celebration-officielle\" \/>\n<meta property=\"og:locale\" content=\"fr_FR\" \/>\n<meta property=\"og:type\" content=\"article\" \/>\n<meta property=\"og:title\" content=\"Journ\u00e9e mondiale de la Croix-rouge et du Croissant-rouge : La ville de R\u00e9o va abriter la c\u00e9l\u00e9bration officielle\" \/>\n<meta property=\"og:description\" content=\"Chaque anne\u0301e, le monde entier ce\u0301le\u0300bre la journe\u0301e de la Croix-rouge et du Croissant-rouge le 8 mai. Cette ce\u0301le\u0301br ...\" \/>\n<meta property=\"og:url\" content=\"https:\/\/www.africa-press.net\/burkina-faso\/photo\/journee-mondiale-de-la-croix-rouge-et-du-croissant-rouge-la-ville-de-reo-va-abriter-la-celebration-officielle\" \/>\n<meta property=\"og:site_name\" content=\"Burkina Faso\" \/>\n<meta property=\"article:published_time\" content=\"2024-05-08T17:58:30+00:00\" \/>\n<meta property=\"article:modified_time\" content=\"2024-05-08T19:05:58+00:00\" \/>\n<meta property=\"og:image\" content=\"https:\/\/static.africa-press.net\/burkina\/sites\/42\/2024\/05\/sm_1715182018.661196.jpg\" \/>\n\t<meta property=\"og:image:width\" content=\"720\" \/>\n\t<meta property=\"og:image:height\" content=\"480\" \/>\n\t<meta property=\"og:image:type\" content=\"image\/jpeg\" \/>\n<meta name=\"author\" content=\"cfeditorfr\" \/>\n<meta name=\"twitter:card\" content=\"summary_large_image\" \/>\n<meta name=\"twitter:label1\" content=\"\u00c9crit par\" \/>\n\t<meta name=\"twitter:data1\" content=\"cfeditorfr\" \/>\n\t<meta name=\"twitter:label2\" content=\"Dur\u00e9e de lecture estim\u00e9e\" \/>\n\t<meta name=\"twitter:data2\" content=\"4 minutes\" \/>\n<script type=\"application\/ld+json\" class=\"yoast-schema-graph\">{\"@context\":\"https:\/\/schema.org\",\"@graph\":[{\"@type\":\"Article\",\"@id\":\"https:\/\/www.africa-press.net\/burkina-faso\/photo\/journee-mondiale-de-la-croix-rouge-et-du-croissant-rouge-la-ville-de-reo-va-abriter-la-celebration-officielle#article\",\"isPartOf\":{\"@id\":\"https:\/\/www.africa-press.net\/burkina-faso\/photo\/journee-mondiale-de-la-croix-rouge-et-du-croissant-rouge-la-ville-de-reo-va-abriter-la-celebration-officielle\"},\"author\":{\"name\":\"cfeditorfr\",\"@id\":\"https:\/\/www.africa-press.net\/burkina-faso\/#\/schema\/person\/2b1cf3cd81a31e3cd26889ca66d677f1\"},\"headline\":\"Journ\u00e9e mondiale de la Croix-rouge et du Croissant-rouge : La ville de R\u00e9o va abriter la c\u00e9l\u00e9bration officielle\",\"datePublished\":\"2024-05-08T17:58:30+00:00\",\"dateModified\":\"2024-05-08T19:05:58+00:00\",\"mainEntityOfPage\":{\"@id\":\"https:\/\/www.africa-press.net\/burkina-faso\/photo\/journee-mondiale-de-la-croix-rouge-et-du-croissant-rouge-la-ville-de-reo-va-abriter-la-celebration-officielle\"},\"wordCount\":760,\"commentCount\":0,\"image\":{\"@id\":\"https:\/\/www.africa-press.net\/burkina-faso\/photo\/journee-mondiale-de-la-croix-rouge-et-du-croissant-rouge-la-ville-de-reo-va-abriter-la-celebration-officielle#primaryimage\"},\"thumbnailUrl\":\"https:\/\/static.africa-press.net\/burkina\/sites\/42\/2024\/05\/sm_1715182018.661196.jpg\",\"keywords\":[\"Africa Press\",\"Africa Press-Burkina Faso\",\"Burkina Faso\"],\"articleSection\":[\"Communaut\u00e9\",\"Photo\",\"Toutes les actualit\u00e9s\"],\"inLanguage\":\"fr-FR\",\"potentialAction\":[{\"@type\":\"CommentAction\",\"name\":\"Comment\",\"target\":[\"https:\/\/www.africa-press.net\/burkina-faso\/photo\/journee-mondiale-de-la-croix-rouge-et-du-croissant-rouge-la-ville-de-reo-va-abriter-la-celebration-officielle#respond\"]}]},{\"@type\":\"WebPage\",\"@id\":\"https:\/\/www.africa-press.net\/burkina-faso\/photo\/journee-mondiale-de-la-croix-rouge-et-du-croissant-rouge-la-ville-de-reo-va-abriter-la-celebration-officielle\",\"url\":\"https:\/\/www.africa-press.net\/burkina-faso\/photo\/journee-mondiale-de-la-croix-rouge-et-du-croissant-rouge-la-ville-de-reo-va-abriter-la-celebration-officielle\",\"name\":\"Journ\u00e9e mondiale de la Croix-rouge et du Croissant-rouge : La ville de R\u00e9o va abriter la c\u00e9l\u00e9bration officielle - Burkina Faso\",\"isPartOf\":{\"@id\":\"https:\/\/www.africa-press.net\/burkina-faso\/#website\"},\"primaryImageOfPage\":{\"@id\":\"https:\/\/www.africa-press.net\/burkina-faso\/photo\/journee-mondiale-de-la-croix-rouge-et-du-croissant-rouge-la-ville-de-reo-va-abriter-la-celebration-officielle#primaryimage\"},\"image\":{\"@id\":\"https:\/\/www.africa-press.net\/burkina-faso\/photo\/journee-mondiale-de-la-croix-rouge-et-du-croissant-rouge-la-ville-de-reo-va-abriter-la-celebration-officielle#primaryimage\"},\"thumbnailUrl\":\"https:\/\/static.africa-press.net\/burkina\/sites\/42\/2024\/05\/sm_1715182018.661196.jpg\",\"datePublished\":\"2024-05-08T17:58:30+00:00\",\"dateModified\":\"2024-05-08T19:05:58+00:00\",\"author\":{\"@id\":\"https:\/\/www.africa-press.net\/burkina-faso\/#\/schema\/person\/2b1cf3cd81a31e3cd26889ca66d677f1\"},\"description\":\"Chaque anne\u0301e, le monde entier ce\u0301le\u0300bre la journe\u0301e de la Croix-rouge et du Croissant-rouge le 8 mai. Cette ce\u0301le\u0301br ...\",\"breadcrumb\":{\"@id\":\"https:\/\/www.africa-press.net\/burkina-faso\/photo\/journee-mondiale-de-la-croix-rouge-et-du-croissant-rouge-la-ville-de-reo-va-abriter-la-celebration-officielle#breadcrumb\"},\"inLanguage\":\"fr-FR\",\"potentialAction\":[{\"@type\":\"ReadAction\",\"target\":[\"https:\/\/www.africa-press.net\/burkina-faso\/photo\/journee-mondiale-de-la-croix-rouge-et-du-croissant-rouge-la-ville-de-reo-va-abriter-la-celebration-officielle\"]}]},{\"@type\":\"ImageObject\",\"inLanguage\":\"fr-FR\",\"@id\":\"https:\/\/www.africa-press.net\/burkina-faso\/photo\/journee-mondiale-de-la-croix-rouge-et-du-croissant-rouge-la-ville-de-reo-va-abriter-la-celebration-officielle#primaryimage\",\"url\":\"https:\/\/static.africa-press.net\/burkina\/sites\/42\/2024\/05\/sm_1715182018.661196.jpg\",\"contentUrl\":\"https:\/\/static.africa-press.net\/burkina\/sites\/42\/2024\/05\/sm_1715182018.661196.jpg\",\"width\":720,\"height\":480,\"caption\":\"Journ\u00e9e mondiale de la Croix-rouge et du Croissant-rouge : La ville de R\u00e9o va abriter la c\u00e9l\u00e9bration officielle\"},{\"@type\":\"BreadcrumbList\",\"@id\":\"https:\/\/www.africa-press.net\/burkina-faso\/photo\/journee-mondiale-de-la-croix-rouge-et-du-croissant-rouge-la-ville-de-reo-va-abriter-la-celebration-officielle#breadcrumb\",\"itemListElement\":[{\"@type\":\"ListItem\",\"position\":1,\"name\":\"Accueil\",\"item\":\"https:\/\/www.africa-press.net\/burkina-faso\/\"},{\"@type\":\"ListItem\",\"position\":2,\"name\":\"Journ\u00e9e mondiale de la Croix-rouge et du Croissant-rouge : La ville de R\u00e9o va abriter la c\u00e9l\u00e9bration officielle\"}]},{\"@type\":\"WebSite\",\"@id\":\"https:\/\/www.africa-press.net\/burkina-faso\/#website\",\"url\":\"https:\/\/www.africa-press.net\/burkina-faso\/\",\"name\":\"Burkina Faso\",\"description\":\"Just another Africa News Agency Sites site\",\"potentialAction\":[{\"@type\":\"SearchAction\",\"target\":{\"@type\":\"EntryPoint\",\"urlTemplate\":\"https:\/\/www.africa-press.net\/burkina-faso\/?s={search_term_string}\"},\"query-input\":{\"@type\":\"PropertyValueSpecification\",\"valueRequired\":true,\"valueName\":\"search_term_string\"}}],\"inLanguage\":\"fr-FR\"},{\"@type\":\"Person\",\"@id\":\"https:\/\/www.africa-press.net\/burkina-faso\/#\/schema\/person\/2b1cf3cd81a31e3cd26889ca66d677f1\",\"name\":\"cfeditorfr\"}]}<\/script>\n<!-- \/ Yoast SEO Premium plugin. -->","yoast_head_json":{"title":"Journ\u00e9e mondiale de la Croix-rouge et du Croissant-rouge : La ville de R\u00e9o va abriter la c\u00e9l\u00e9bration officielle - Burkina Faso","description":"Chaque anne\u0301e, le monde entier ce\u0301le\u0300bre la journe\u0301e de la Croix-rouge et du Croissant-rouge le 8 mai. Cette ce\u0301le\u0301br ...","robots":{"index":"index","follow":"follow","max-snippet":"max-snippet:-1","max-image-preview":"max-image-preview:large","max-video-preview":"max-video-preview:-1"},"canonical":"https:\/\/www.africa-press.net\/burkina-faso\/photo\/journee-mondiale-de-la-croix-rouge-et-du-croissant-rouge-la-ville-de-reo-va-abriter-la-celebration-officielle","og_locale":"fr_FR","og_type":"article","og_title":"Journ\u00e9e mondiale de la Croix-rouge et du Croissant-rouge : La ville de R\u00e9o va abriter la c\u00e9l\u00e9bration officielle","og_description":"Chaque anne\u0301e, le monde entier ce\u0301le\u0300bre la journe\u0301e de la Croix-rouge et du Croissant-rouge le 8 mai. Cette ce\u0301le\u0301br ...","og_url":"https:\/\/www.africa-press.net\/burkina-faso\/photo\/journee-mondiale-de-la-croix-rouge-et-du-croissant-rouge-la-ville-de-reo-va-abriter-la-celebration-officielle","og_site_name":"Burkina Faso","article_published_time":"2024-05-08T17:58:30+00:00","article_modified_time":"2024-05-08T19:05:58+00:00","og_image":[{"width":720,"height":480,"url":"https:\/\/static.africa-press.net\/burkina\/sites\/42\/2024\/05\/sm_1715182018.661196.jpg","type":"image\/jpeg"}],"author":"cfeditorfr","twitter_card":"summary_large_image","twitter_misc":{"\u00c9crit par":"cfeditorfr","Dur\u00e9e de lecture estim\u00e9e":"4 minutes"},"schema":{"@context":"https:\/\/schema.org","@graph":[{"@type":"Article","@id":"https:\/\/www.africa-press.net\/burkina-faso\/photo\/journee-mondiale-de-la-croix-rouge-et-du-croissant-rouge-la-ville-de-reo-va-abriter-la-celebration-officielle#article","isPartOf":{"@id":"https:\/\/www.africa-press.net\/burkina-faso\/photo\/journee-mondiale-de-la-croix-rouge-et-du-croissant-rouge-la-ville-de-reo-va-abriter-la-celebration-officielle"},"author":{"name":"cfeditorfr","@id":"https:\/\/www.africa-press.net\/burkina-faso\/#\/schema\/person\/2b1cf3cd81a31e3cd26889ca66d677f1"},"headline":"Journ\u00e9e mondiale de la Croix-rouge et du Croissant-rouge : La ville de R\u00e9o va abriter la c\u00e9l\u00e9bration officielle","datePublished":"2024-05-08T17:58:30+00:00","dateModified":"2024-05-08T19:05:58+00:00","mainEntityOfPage":{"@id":"https:\/\/www.africa-press.net\/burkina-faso\/photo\/journee-mondiale-de-la-croix-rouge-et-du-croissant-rouge-la-ville-de-reo-va-abriter-la-celebration-officielle"},"wordCount":760,"commentCount":0,"image":{"@id":"https:\/\/www.africa-press.net\/burkina-faso\/photo\/journee-mondiale-de-la-croix-rouge-et-du-croissant-rouge-la-ville-de-reo-va-abriter-la-celebration-officielle#primaryimage"},"thumbnailUrl":"https:\/\/static.africa-press.net\/burkina\/sites\/42\/2024\/05\/sm_1715182018.661196.jpg","keywords":["Africa Press","Africa Press-Burkina Faso","Burkina Faso"],"articleSection":["Communaut\u00e9","Photo","Toutes les actualit\u00e9s"],"inLanguage":"fr-FR","potentialAction":[{"@type":"CommentAction","name":"Comment","target":["https:\/\/www.africa-press.net\/burkina-faso\/photo\/journee-mondiale-de-la-croix-rouge-et-du-croissant-rouge-la-ville-de-reo-va-abriter-la-celebration-officielle#respond"]}]},{"@type":"WebPage","@id":"https:\/\/www.africa-press.net\/burkina-faso\/photo\/journee-mondiale-de-la-croix-rouge-et-du-croissant-rouge-la-ville-de-reo-va-abriter-la-celebration-officielle","url":"https:\/\/www.africa-press.net\/burkina-faso\/photo\/journee-mondiale-de-la-croix-rouge-et-du-croissant-rouge-la-ville-de-reo-va-abriter-la-celebration-officielle","name":"Journ\u00e9e mondiale de la Croix-rouge et du Croissant-rouge : La ville de R\u00e9o va abriter la c\u00e9l\u00e9bration officielle - Burkina Faso","isPartOf":{"@id":"https:\/\/www.africa-press.net\/burkina-faso\/#website"},"primaryImageOfPage":{"@id":"https:\/\/www.africa-press.net\/burkina-faso\/photo\/journee-mondiale-de-la-croix-rouge-et-du-croissant-rouge-la-ville-de-reo-va-abriter-la-celebration-officielle#primaryimage"},"image":{"@id":"https:\/\/www.africa-press.net\/burkina-faso\/photo\/journee-mondiale-de-la-croix-rouge-et-du-croissant-rouge-la-ville-de-reo-va-abriter-la-celebration-officielle#primaryimage"},"thumbnailUrl":"https:\/\/static.africa-press.net\/burkina\/sites\/42\/2024\/05\/sm_1715182018.661196.jpg","datePublished":"2024-05-08T17:58:30+00:00","dateModified":"2024-05-08T19:05:58+00:00","author":{"@id":"https:\/\/www.africa-press.net\/burkina-faso\/#\/schema\/person\/2b1cf3cd81a31e3cd26889ca66d677f1"},"description":"Chaque anne\u0301e, le monde entier ce\u0301le\u0300bre la journe\u0301e de la Croix-rouge et du Croissant-rouge le 8 mai. Cette ce\u0301le\u0301br ...","breadcrumb":{"@id":"https:\/\/www.africa-press.net\/burkina-faso\/photo\/journee-mondiale-de-la-croix-rouge-et-du-croissant-rouge-la-ville-de-reo-va-abriter-la-celebration-officielle#breadcrumb"},"inLanguage":"fr-FR","potentialAction":[{"@type":"ReadAction","target":["https:\/\/www.africa-press.net\/burkina-faso\/photo\/journee-mondiale-de-la-croix-rouge-et-du-croissant-rouge-la-ville-de-reo-va-abriter-la-celebration-officielle"]}]},{"@type":"ImageObject","inLanguage":"fr-FR","@id":"https:\/\/www.africa-press.net\/burkina-faso\/photo\/journee-mondiale-de-la-croix-rouge-et-du-croissant-rouge-la-ville-de-reo-va-abriter-la-celebration-officielle#primaryimage","url":"https:\/\/static.africa-press.net\/burkina\/sites\/42\/2024\/05\/sm_1715182018.661196.jpg","contentUrl":"https:\/\/static.africa-press.net\/burkina\/sites\/42\/2024\/05\/sm_1715182018.661196.jpg","width":720,"height":480,"caption":"Journ\u00e9e mondiale de la Croix-rouge et du Croissant-rouge : La ville de R\u00e9o va abriter la c\u00e9l\u00e9bration officielle"},{"@type":"BreadcrumbList","@id":"https:\/\/www.africa-press.net\/burkina-faso\/photo\/journee-mondiale-de-la-croix-rouge-et-du-croissant-rouge-la-ville-de-reo-va-abriter-la-celebration-officielle#breadcrumb","itemListElement":[{"@type":"ListItem","position":1,"name":"Accueil","item":"https:\/\/www.africa-press.net\/burkina-faso\/"},{"@type":"ListItem","position":2,"name":"Journ\u00e9e mondiale de la Croix-rouge et du Croissant-rouge : La ville de R\u00e9o va abriter la c\u00e9l\u00e9bration officielle"}]},{"@type":"WebSite","@id":"https:\/\/www.africa-press.net\/burkina-faso\/#website","url":"https:\/\/www.africa-press.net\/burkina-faso\/","name":"Burkina Faso","description":"Just another Africa News Agency Sites site","potentialAction":[{"@type":"SearchAction","target":{"@type":"EntryPoint","urlTemplate":"https:\/\/www.africa-press.net\/burkina-faso\/?s={search_term_string}"},"query-input":{"@type":"PropertyValueSpecification","valueRequired":true,"valueName":"search_term_string"}}],"inLanguage":"fr-FR"},{"@type":"Person","@id":"https:\/\/www.africa-press.net\/burkina-faso\/#\/schema\/person\/2b1cf3cd81a31e3cd26889ca66d677f1","name":"cfeditorfr"}]}},"_links":{"self":[{"href":"https:\/\/www.africa-press.net\/burkina-faso\/wp-json\/wp\/v2\/posts\/86184","targetHints":{"allow":["GET"]}}],"collection":[{"href":"https:\/\/www.africa-press.net\/burkina-faso\/wp-json\/wp\/v2\/posts"}],"about":[{"href":"https:\/\/www.africa-press.net\/burkina-faso\/wp-json\/wp\/v2\/types\/post"}],"author":[{"embeddable":true,"href":"https:\/\/www.africa-press.net\/burkina-faso\/wp-json\/wp\/v2\/users\/82"}],"replies":[{"embeddable":true,"href":"https:\/\/www.africa-press.net\/burkina-faso\/wp-json\/wp\/v2\/comments?post=86184"}],"version-history":[{"count":0,"href":"https:\/\/www.africa-press.net\/burkina-faso\/wp-json\/wp\/v2\/posts\/86184\/revisions"}],"wp:featuredmedia":[{"embeddable":true,"href":"https:\/\/www.africa-press.net\/burkina-faso\/wp-json\/wp\/v2\/media\/86183"}],"wp:attachment":[{"href":"https:\/\/www.africa-press.net\/burkina-faso\/wp-json\/wp\/v2\/media?parent=86184"}],"wp:term":[{"taxonomy":"category","embeddable":true,"href":"https:\/\/www.africa-press.net\/burkina-faso\/wp-json\/wp\/v2\/categories?post=86184"},{"taxonomy":"post_tag","embeddable":true,"href":"https:\/\/www.africa-press.net\/burkina-faso\/wp-json\/wp\/v2\/tags?post=86184"}],"curies":[{"name":"wp","href":"https:\/\/api.w.org\/{rel}","templated":true}]}}