{"id":86801,"date":"2024-05-18T17:37:35","date_gmt":"2024-05-18T17:37:35","guid":{"rendered":"https:\/\/www.africa-press.net\/burkina-faso\/politique\/chine-satisfecit-et-volonte-daller-plus-loin-6-ans-apres-la-reprise-de-la-cooperation"},"modified":"2024-05-18T18:13:41","modified_gmt":"2024-05-18T18:13:41","slug":"chine-satisfecit-et-volonte-daller-plus-loin-6-ans-apres-la-reprise-de-la-cooperation","status":"publish","type":"post","link":"https:\/\/www.africa-press.net\/burkina-faso\/politique\/chine-satisfecit-et-volonte-daller-plus-loin-6-ans-apres-la-reprise-de-la-cooperation","title":{"rendered":"Chine \u2013 Satisfecit et volont\u00e9 d\u2019aller plus loin, 6 ans apr\u00e8s la reprise de la coop\u00e9ration"},"content":{"rendered":"<p><span style=\"color: #ff6600\"><strong>Africa-Press &#8211; Burkina Faso. <\/strong><\/span><b>A l\u2019occasion du 6e anniversaire du re\u0301tablissement des relations diplomatiques entre la Re\u0301publique populaire de Chine et le Burkina Faso, l\u2019ambassade de Chine au Burkina Faso a organise\u0301 une re\u0301ception, le vendredi 17 mai 2024 a\u0300 Ouagadougou. Question de faire un tour d\u2019horizon de la coope\u0301ration. <\/b><\/p>\n<p>Cette halte voulue par l\u2019ambassade de Chine au Burkina Faso, afin de ce\u0301le\u0301brer le 6e anniversaire du re\u0301tablissement des relations diplomatiques entre la Re\u0301publique populaire de Chine et le Burkina Faso, a e\u0301te\u0301 l\u2019occasion pour chaque partie de faire une sorte de bilan des dernie\u0300res avance\u0301es de la coope\u0301ration bilate\u0301rale.<\/p>\n<p>Lu Shan, ambassadeur de la Re\u0301publique populaire de Chine au Burkina Faso, partant du domaine de la de\u0301fense et de la se\u0301curite\u0301 a\u0300 celui de l\u2019agriculture, de l\u2019e\u0301ducation, des infrastructures en passant par le domaine de la sante\u0301, a salue\u0301 les efforts et avance\u0301es de la coope\u0301ration.<\/p>\n<p>Il s\u2019est aussi satisfait de ce que la coope\u0301ration gagnant-gagnant entre nos deux pays, et a\u0300 tous les niveaux, est une re\u0301alite\u0301. \u00ab Cette anne\u0301e, lorsque j\u2019ai visite\u0301 la communaute\u0301 chinoise, j\u2019ai compris que le nombre des entreprises de productions chinoises ne cessent de croi\u0302tre et les travailleurs chinois et burkinabe\u0300 travaillent ensemble sur l\u2019e\u0301chelle de production. Cela confirme que la coope\u0301ration gagnant-gagnant entre nos deux pays a\u0300 tous les niveaux est une re\u0301alite\u0301 \u00bb, a-t-il de\u0301clare\u0301.<\/p>\n<p>Dieudonne\u0301 De\u0301sire\u0301 Sougouri, repre\u0301sentant du ministre en charge des affaires e\u0301trange\u0300res du Burkina Faso, a e\u0301galement souligne\u0301, apre\u0300s ces 6 anne\u0301es, \u00ab une coope\u0301ration remarquable \u00bb. En effet, il dit noter, depuis la ce\u0301le\u0301bration du 5e anniversaire du re\u0301tablissement des relations diplomatiques entre la Re\u0301publique populaire de Chine et le Burkina Faso, le 26 mai 2023, des avance\u0301es notables de la coope\u0301ration.<\/p>\n<p>\u00ab La poursuite des travaux de construction de l\u2019ho\u0302pital de re\u0301fe\u0301rence de Bobo-Dioulasso, le projet de construction d\u2019une centrale solaire de 25 Me\u0301gawatts a\u0300 Ziniare\u0301, l\u2019adduction en eau potable dans 4 localite\u0301s de la re\u0301gion du Centre-est, l\u2019aide humanitaire, le renfort de capacite\u0301s de cadres burkinabe\u0300 \u00bb, a-t-il cite\u0301 a\u0300 titre d\u2019exemple.<\/p>\n<p>Des journalistes et responsables de me\u0301dias burkinabe\u0300, de retour de la Chine apre\u0300s avoir pris part a\u0300 un se\u0301minaire de plusieurs jours, dans le cadre de ladite coope\u0301ration, ont e\u0301te\u0301 de la partie. Leur porte-parole, Valentin Kambire\u0301, a partage\u0301 l\u2019expe\u0301rience ve\u0301cue durant leur se\u0301jour.<\/p>\n<p>\u00ab Veni vidi vici \u00bb, a-t-il paraphrase\u0301 la ce\u0301le\u0300bre citation de Jules Ce\u0301sar pour dire tout son sentiment. \u00ab Nous sommes alle\u0301s, nous avons vu et nous sommes e\u0301merveille\u0301s \u00bb, a-t-il laisse\u0301 entendre, remerciant les ho\u0302tes chinois dans toutes leurs composantes ainsi que les autorite\u0301s burkinabe\u0300.<\/p>\n\r\n                <style type=\"text\/css\">\r\n                    \r\n                    #td_uid_1_69ee2e011f20c  .td-doubleSlider-2 .td-item1 {\r\n                        background: url(https:\/\/static.africa-press.net\/burkina\/sites\/42\/2024\/05\/sm_1716043372.658677-80x60.jpg) 0 0 no-repeat;\r\n                    }\r\n                    #td_uid_1_69ee2e011f20c  .td-doubleSlider-2 .td-item2 {\r\n                        background: url(https:\/\/static.africa-press.net\/burkina\/sites\/42\/2024\/05\/sm_1716043378.140142-80x60.jpg) 0 0 no-repeat;\r\n                    }\r\n                    #td_uid_1_69ee2e011f20c  .td-doubleSlider-2 .td-item3 {\r\n                        background: url(https:\/\/static.africa-press.net\/burkina\/sites\/42\/2024\/05\/sm_1716043385.567408-80x60.jpg) 0 0 no-repeat;\r\n                    }\r\n                <\/style>\r\n\r\n                <div id=\"td_uid_1_69ee2e011f20c\" class=\"td-gallery td-slide-on-2-columns\">\r\n                    <div class=\"post_td_gallery\">\r\n                        <div class=\"td-gallery-slide-top\">\r\n                           <div class=\"td-gallery-title\"><\/div>\r\n\r\n                            <div class=\"td-gallery-controls-wrapper\">\r\n                                <div class=\"td-gallery-slide-count\"><span class=\"td-gallery-slide-item-focus\">1<\/span> de 3<\/div>\r\n                                <div class=\"td-gallery-slide-prev-next-but\">\r\n                                    <i class = \"td-icon-left doubleSliderPrevButton\"><\/i>\r\n                                    <i class = \"td-icon-right doubleSliderNextButton\"><\/i>\r\n                                <\/div>\r\n                            <\/div>\r\n                        <\/div>\r\n\r\n                        <div class = \"td-doubleSlider-1 \">\r\n                            <div class = \"td-slider\">\r\n                                \r\n                    <div class = \"td-slide-item td-item1\">\r\n                        <figure class=\"td-slide-galery-figure td-slide-popup-gallery\">\r\n                            <a class=\"slide-gallery-image-link\" href=\"https:\/\/static.africa-press.net\/burkina\/sites\/42\/2024\/05\/sm_1716043372.658677.jpg\" title=\"sm_1716043372.658677\"  data-caption=\"\"  data-description=\"\">\r\n                                <img decoding=\"async\" src=\"https:\/\/static.africa-press.net\/burkina\/sites\/42\/2024\/05\/sm_1716043372.658677.jpg\" srcset=\"https:\/\/static.africa-press.net\/burkina\/sites\/42\/2024\/05\/sm_1716043372.658677.jpg 1024w, https:\/\/static.africa-press.net\/burkina\/sites\/42\/2024\/05\/sm_1716043372.658677-300x224.jpg 300w, https:\/\/static.africa-press.net\/burkina\/sites\/42\/2024\/05\/sm_1716043372.658677-768x575.jpg 768w, https:\/\/static.africa-press.net\/burkina\/sites\/42\/2024\/05\/sm_1716043372.658677-80x60.jpg 80w\" sizes=\"(max-width: 1024px) 100vw, 1024px\" alt=\"\">\r\n                            <\/a>\r\n                            \r\n                        <\/figure>\r\n                    <\/div>\r\n                    <div class = \"td-slide-item td-item2\">\r\n                        <figure class=\"td-slide-galery-figure td-slide-popup-gallery\">\r\n                            <a class=\"slide-gallery-image-link\" href=\"https:\/\/static.africa-press.net\/burkina\/sites\/42\/2024\/05\/sm_1716043378.140142.jpg\" title=\"sm_1716043378.140142\"  data-caption=\"\"  data-description=\"\">\r\n                                <img decoding=\"async\" src=\"https:\/\/static.africa-press.net\/burkina\/sites\/42\/2024\/05\/sm_1716043378.140142.jpg\" srcset=\"https:\/\/static.africa-press.net\/burkina\/sites\/42\/2024\/05\/sm_1716043378.140142.jpg 1024w, https:\/\/static.africa-press.net\/burkina\/sites\/42\/2024\/05\/sm_1716043378.140142-300x224.jpg 300w, https:\/\/static.africa-press.net\/burkina\/sites\/42\/2024\/05\/sm_1716043378.140142-768x575.jpg 768w, https:\/\/static.africa-press.net\/burkina\/sites\/42\/2024\/05\/sm_1716043378.140142-80x60.jpg 80w\" sizes=\"(max-width: 1024px) 100vw, 1024px\" alt=\"\">\r\n                            <\/a>\r\n                            \r\n                        <\/figure>\r\n                    <\/div>\r\n                    <div class = \"td-slide-item td-item3\">\r\n                        <figure class=\"td-slide-galery-figure td-slide-popup-gallery\">\r\n                            <a class=\"slide-gallery-image-link\" href=\"https:\/\/static.africa-press.net\/burkina\/sites\/42\/2024\/05\/sm_1716043385.567408.jpg\" title=\"sm_1716043385.567408\"  data-caption=\"\"  data-description=\"\">\r\n                                <img decoding=\"async\" src=\"https:\/\/static.africa-press.net\/burkina\/sites\/42\/2024\/05\/sm_1716043385.567408.jpg\" srcset=\"https:\/\/static.africa-press.net\/burkina\/sites\/42\/2024\/05\/sm_1716043385.567408.jpg 1024w, https:\/\/static.africa-press.net\/burkina\/sites\/42\/2024\/05\/sm_1716043385.567408-300x224.jpg 300w, https:\/\/static.africa-press.net\/burkina\/sites\/42\/2024\/05\/sm_1716043385.567408-768x575.jpg 768w, https:\/\/static.africa-press.net\/burkina\/sites\/42\/2024\/05\/sm_1716043385.567408-80x60.jpg 80w\" sizes=\"(max-width: 1024px) 100vw, 1024px\" alt=\"\">\r\n                            <\/a>\r\n                            \r\n                        <\/figure>\r\n                    <\/div>\r\n                            <\/div>\r\n                        <\/div>\r\n\r\n                        <div class = \"td-doubleSlider-2\">\r\n                            <div class = \"td-slider\">\r\n                                \r\n                    <div class = \"td-button td-item1\">\r\n                        <div class = \"td-border\"><\/div>\r\n                    <\/div>\r\n                    <div class = \"td-button td-item2\">\r\n                        <div class = \"td-border\"><\/div>\r\n                    <\/div>\r\n                    <div class = \"td-button td-item3\">\r\n                        <div class = \"td-border\"><\/div>\r\n                    <\/div>\r\n                            <\/div>\r\n                        <\/div>\r\n\r\n                    <\/div>\r\n\r\n                <\/div>\r\n                \n<p><strong>Pour plus d&rsquo;informations et d&rsquo;analyses sur la <a href=\"https:\/\/www.africa-press.net\/burkina-faso\">Burkina Faso<\/a>, suivez <a href=\"https:\/\/www.africa-press.net\/\">Africa-Press<\/a><\/strong><\/p>\n","protected":false},"excerpt":{"rendered":"<p>Africa-Press &#8211; Burkina Faso. A l\u2019occasion du 6e anniversaire du re\u0301tablissement des relations diplomatiques entre la Re\u0301publique populaire de Chine et le Burkina Faso, l\u2019ambassade de Chine au Burkina Faso a organise\u0301 une re\u0301ception, le vendredi 17 mai 2024 a\u0300 Ouagadougou. Question de faire un tour d\u2019horizon de la coope\u0301ration. Cette halte voulue par l\u2019ambassade [&hellip;]<\/p>\n","protected":false},"author":82,"featured_media":86799,"comment_status":"open","ping_status":"closed","sticky":false,"template":"","format":"standard","meta":{"footnotes":""},"categories":[8,2,10],"tags":[111,725,29],"class_list":["post-86801","post","type-post","status-publish","format-standard","has-post-thumbnail","hentry","category-photo","category-politique","category-toutes-les-actualites","tag-africa-press","tag-africa-press-burkina-faso","tag-burkina-faso"],"yoast_head":"<!-- This site is optimized with the Yoast SEO Premium plugin v26.1 (Yoast SEO v27.0) - https:\/\/yoast.com\/product\/yoast-seo-premium-wordpress\/ -->\n<title>Chine \u2013 Satisfecit et volont\u00e9 d\u2019aller plus loin, 6 ans apr\u00e8s la reprise de la coop\u00e9ration - Burkina Faso<\/title>\n<meta name=\"description\" content=\"A l\u2019occasion du 6e anniversaire du re\u0301tablissement des relations diplomatiques entre la Re\u0301publique populaire de Chin ...\" \/>\n<meta name=\"robots\" content=\"index, follow, max-snippet:-1, max-image-preview:large, max-video-preview:-1\" \/>\n<link rel=\"canonical\" href=\"https:\/\/www.africa-press.net\/burkina-faso\/politique\/chine-satisfecit-et-volonte-daller-plus-loin-6-ans-apres-la-reprise-de-la-cooperation\" \/>\n<meta property=\"og:locale\" content=\"fr_FR\" \/>\n<meta property=\"og:type\" content=\"article\" \/>\n<meta property=\"og:title\" content=\"Chine \u2013 Satisfecit et volont\u00e9 d\u2019aller plus loin, 6 ans apr\u00e8s la reprise de la coop\u00e9ration\" \/>\n<meta property=\"og:description\" content=\"A l\u2019occasion du 6e anniversaire du re\u0301tablissement des relations diplomatiques entre la Re\u0301publique populaire de Chin ...\" \/>\n<meta property=\"og:url\" content=\"https:\/\/www.africa-press.net\/burkina-faso\/politique\/chine-satisfecit-et-volonte-daller-plus-loin-6-ans-apres-la-reprise-de-la-cooperation\" \/>\n<meta property=\"og:site_name\" content=\"Burkina Faso\" \/>\n<meta property=\"article:published_time\" content=\"2024-05-18T17:37:35+00:00\" \/>\n<meta property=\"article:modified_time\" content=\"2024-05-18T18:13:41+00:00\" \/>\n<meta property=\"og:image\" content=\"https:\/\/static.africa-press.net\/burkina\/sites\/42\/2024\/05\/sm_1716043391.925672.jpg\" \/>\n\t<meta property=\"og:image:width\" content=\"720\" \/>\n\t<meta property=\"og:image:height\" content=\"538\" \/>\n\t<meta property=\"og:image:type\" content=\"image\/jpeg\" \/>\n<meta name=\"author\" content=\"cfeditorfr\" \/>\n<meta name=\"twitter:card\" content=\"summary_large_image\" \/>\n<meta name=\"twitter:label1\" content=\"\u00c9crit par\" \/>\n\t<meta name=\"twitter:data1\" content=\"cfeditorfr\" \/>\n\t<meta name=\"twitter:label2\" content=\"Dur\u00e9e de lecture estim\u00e9e\" \/>\n\t<meta name=\"twitter:data2\" content=\"3 minutes\" \/>\n<script type=\"application\/ld+json\" class=\"yoast-schema-graph\">{\"@context\":\"https:\/\/schema.org\",\"@graph\":[{\"@type\":\"Article\",\"@id\":\"https:\/\/www.africa-press.net\/burkina-faso\/politique\/chine-satisfecit-et-volonte-daller-plus-loin-6-ans-apres-la-reprise-de-la-cooperation#article\",\"isPartOf\":{\"@id\":\"https:\/\/www.africa-press.net\/burkina-faso\/politique\/chine-satisfecit-et-volonte-daller-plus-loin-6-ans-apres-la-reprise-de-la-cooperation\"},\"author\":{\"name\":\"cfeditorfr\",\"@id\":\"https:\/\/www.africa-press.net\/burkina-faso\/#\/schema\/person\/2b1cf3cd81a31e3cd26889ca66d677f1\"},\"headline\":\"Chine \u2013 Satisfecit et volont\u00e9 d\u2019aller plus loin, 6 ans apr\u00e8s la reprise de la coop\u00e9ration\",\"datePublished\":\"2024-05-18T17:37:35+00:00\",\"dateModified\":\"2024-05-18T18:13:41+00:00\",\"mainEntityOfPage\":{\"@id\":\"https:\/\/www.africa-press.net\/burkina-faso\/politique\/chine-satisfecit-et-volonte-daller-plus-loin-6-ans-apres-la-reprise-de-la-cooperation\"},\"wordCount\":532,\"commentCount\":0,\"image\":{\"@id\":\"https:\/\/www.africa-press.net\/burkina-faso\/politique\/chine-satisfecit-et-volonte-daller-plus-loin-6-ans-apres-la-reprise-de-la-cooperation#primaryimage\"},\"thumbnailUrl\":\"https:\/\/static.africa-press.net\/burkina\/sites\/42\/2024\/05\/sm_1716043391.925672.jpg\",\"keywords\":[\"Africa Press\",\"Africa Press-Burkina Faso\",\"Burkina Faso\"],\"articleSection\":[\"Photo\",\"Politique\",\"Toutes les actualit\u00e9s\"],\"inLanguage\":\"fr-FR\",\"potentialAction\":[{\"@type\":\"CommentAction\",\"name\":\"Comment\",\"target\":[\"https:\/\/www.africa-press.net\/burkina-faso\/politique\/chine-satisfecit-et-volonte-daller-plus-loin-6-ans-apres-la-reprise-de-la-cooperation#respond\"]}]},{\"@type\":\"WebPage\",\"@id\":\"https:\/\/www.africa-press.net\/burkina-faso\/politique\/chine-satisfecit-et-volonte-daller-plus-loin-6-ans-apres-la-reprise-de-la-cooperation\",\"url\":\"https:\/\/www.africa-press.net\/burkina-faso\/politique\/chine-satisfecit-et-volonte-daller-plus-loin-6-ans-apres-la-reprise-de-la-cooperation\",\"name\":\"Chine \u2013 Satisfecit et volont\u00e9 d\u2019aller plus loin, 6 ans apr\u00e8s la reprise de la coop\u00e9ration - Burkina Faso\",\"isPartOf\":{\"@id\":\"https:\/\/www.africa-press.net\/burkina-faso\/#website\"},\"primaryImageOfPage\":{\"@id\":\"https:\/\/www.africa-press.net\/burkina-faso\/politique\/chine-satisfecit-et-volonte-daller-plus-loin-6-ans-apres-la-reprise-de-la-cooperation#primaryimage\"},\"image\":{\"@id\":\"https:\/\/www.africa-press.net\/burkina-faso\/politique\/chine-satisfecit-et-volonte-daller-plus-loin-6-ans-apres-la-reprise-de-la-cooperation#primaryimage\"},\"thumbnailUrl\":\"https:\/\/static.africa-press.net\/burkina\/sites\/42\/2024\/05\/sm_1716043391.925672.jpg\",\"datePublished\":\"2024-05-18T17:37:35+00:00\",\"dateModified\":\"2024-05-18T18:13:41+00:00\",\"author\":{\"@id\":\"https:\/\/www.africa-press.net\/burkina-faso\/#\/schema\/person\/2b1cf3cd81a31e3cd26889ca66d677f1\"},\"description\":\"A l\u2019occasion du 6e anniversaire du re\u0301tablissement des relations diplomatiques entre la Re\u0301publique populaire de Chin ...\",\"breadcrumb\":{\"@id\":\"https:\/\/www.africa-press.net\/burkina-faso\/politique\/chine-satisfecit-et-volonte-daller-plus-loin-6-ans-apres-la-reprise-de-la-cooperation#breadcrumb\"},\"inLanguage\":\"fr-FR\",\"potentialAction\":[{\"@type\":\"ReadAction\",\"target\":[\"https:\/\/www.africa-press.net\/burkina-faso\/politique\/chine-satisfecit-et-volonte-daller-plus-loin-6-ans-apres-la-reprise-de-la-cooperation\"]}]},{\"@type\":\"ImageObject\",\"inLanguage\":\"fr-FR\",\"@id\":\"https:\/\/www.africa-press.net\/burkina-faso\/politique\/chine-satisfecit-et-volonte-daller-plus-loin-6-ans-apres-la-reprise-de-la-cooperation#primaryimage\",\"url\":\"https:\/\/static.africa-press.net\/burkina\/sites\/42\/2024\/05\/sm_1716043391.925672.jpg\",\"contentUrl\":\"https:\/\/static.africa-press.net\/burkina\/sites\/42\/2024\/05\/sm_1716043391.925672.jpg\",\"width\":720,\"height\":538,\"caption\":\"Chine \u2013 Satisfecit et volont\u00e9 d\u2019aller plus loin, 6 ans apr\u00e8s la reprise de la coop\u00e9ration\"},{\"@type\":\"BreadcrumbList\",\"@id\":\"https:\/\/www.africa-press.net\/burkina-faso\/politique\/chine-satisfecit-et-volonte-daller-plus-loin-6-ans-apres-la-reprise-de-la-cooperation#breadcrumb\",\"itemListElement\":[{\"@type\":\"ListItem\",\"position\":1,\"name\":\"Accueil\",\"item\":\"https:\/\/www.africa-press.net\/burkina-faso\/\"},{\"@type\":\"ListItem\",\"position\":2,\"name\":\"Chine \u2013 Satisfecit et volont\u00e9 d\u2019aller plus loin, 6 ans apr\u00e8s la reprise de la coop\u00e9ration\"}]},{\"@type\":\"WebSite\",\"@id\":\"https:\/\/www.africa-press.net\/burkina-faso\/#website\",\"url\":\"https:\/\/www.africa-press.net\/burkina-faso\/\",\"name\":\"Burkina Faso\",\"description\":\"Just another Africa News Agency Sites site\",\"potentialAction\":[{\"@type\":\"SearchAction\",\"target\":{\"@type\":\"EntryPoint\",\"urlTemplate\":\"https:\/\/www.africa-press.net\/burkina-faso\/?s={search_term_string}\"},\"query-input\":{\"@type\":\"PropertyValueSpecification\",\"valueRequired\":true,\"valueName\":\"search_term_string\"}}],\"inLanguage\":\"fr-FR\"},{\"@type\":\"Person\",\"@id\":\"https:\/\/www.africa-press.net\/burkina-faso\/#\/schema\/person\/2b1cf3cd81a31e3cd26889ca66d677f1\",\"name\":\"cfeditorfr\"}]}<\/script>\n<!-- \/ Yoast SEO Premium plugin. -->","yoast_head_json":{"title":"Chine \u2013 Satisfecit et volont\u00e9 d\u2019aller plus loin, 6 ans apr\u00e8s la reprise de la coop\u00e9ration - Burkina Faso","description":"A l\u2019occasion du 6e anniversaire du re\u0301tablissement des relations diplomatiques entre la Re\u0301publique populaire de Chin ...","robots":{"index":"index","follow":"follow","max-snippet":"max-snippet:-1","max-image-preview":"max-image-preview:large","max-video-preview":"max-video-preview:-1"},"canonical":"https:\/\/www.africa-press.net\/burkina-faso\/politique\/chine-satisfecit-et-volonte-daller-plus-loin-6-ans-apres-la-reprise-de-la-cooperation","og_locale":"fr_FR","og_type":"article","og_title":"Chine \u2013 Satisfecit et volont\u00e9 d\u2019aller plus loin, 6 ans apr\u00e8s la reprise de la coop\u00e9ration","og_description":"A l\u2019occasion du 6e anniversaire du re\u0301tablissement des relations diplomatiques entre la Re\u0301publique populaire de Chin ...","og_url":"https:\/\/www.africa-press.net\/burkina-faso\/politique\/chine-satisfecit-et-volonte-daller-plus-loin-6-ans-apres-la-reprise-de-la-cooperation","og_site_name":"Burkina Faso","article_published_time":"2024-05-18T17:37:35+00:00","article_modified_time":"2024-05-18T18:13:41+00:00","og_image":[{"width":720,"height":538,"url":"https:\/\/static.africa-press.net\/burkina\/sites\/42\/2024\/05\/sm_1716043391.925672.jpg","type":"image\/jpeg"}],"author":"cfeditorfr","twitter_card":"summary_large_image","twitter_misc":{"\u00c9crit par":"cfeditorfr","Dur\u00e9e de lecture estim\u00e9e":"3 minutes"},"schema":{"@context":"https:\/\/schema.org","@graph":[{"@type":"Article","@id":"https:\/\/www.africa-press.net\/burkina-faso\/politique\/chine-satisfecit-et-volonte-daller-plus-loin-6-ans-apres-la-reprise-de-la-cooperation#article","isPartOf":{"@id":"https:\/\/www.africa-press.net\/burkina-faso\/politique\/chine-satisfecit-et-volonte-daller-plus-loin-6-ans-apres-la-reprise-de-la-cooperation"},"author":{"name":"cfeditorfr","@id":"https:\/\/www.africa-press.net\/burkina-faso\/#\/schema\/person\/2b1cf3cd81a31e3cd26889ca66d677f1"},"headline":"Chine \u2013 Satisfecit et volont\u00e9 d\u2019aller plus loin, 6 ans apr\u00e8s la reprise de la coop\u00e9ration","datePublished":"2024-05-18T17:37:35+00:00","dateModified":"2024-05-18T18:13:41+00:00","mainEntityOfPage":{"@id":"https:\/\/www.africa-press.net\/burkina-faso\/politique\/chine-satisfecit-et-volonte-daller-plus-loin-6-ans-apres-la-reprise-de-la-cooperation"},"wordCount":532,"commentCount":0,"image":{"@id":"https:\/\/www.africa-press.net\/burkina-faso\/politique\/chine-satisfecit-et-volonte-daller-plus-loin-6-ans-apres-la-reprise-de-la-cooperation#primaryimage"},"thumbnailUrl":"https:\/\/static.africa-press.net\/burkina\/sites\/42\/2024\/05\/sm_1716043391.925672.jpg","keywords":["Africa Press","Africa Press-Burkina Faso","Burkina Faso"],"articleSection":["Photo","Politique","Toutes les actualit\u00e9s"],"inLanguage":"fr-FR","potentialAction":[{"@type":"CommentAction","name":"Comment","target":["https:\/\/www.africa-press.net\/burkina-faso\/politique\/chine-satisfecit-et-volonte-daller-plus-loin-6-ans-apres-la-reprise-de-la-cooperation#respond"]}]},{"@type":"WebPage","@id":"https:\/\/www.africa-press.net\/burkina-faso\/politique\/chine-satisfecit-et-volonte-daller-plus-loin-6-ans-apres-la-reprise-de-la-cooperation","url":"https:\/\/www.africa-press.net\/burkina-faso\/politique\/chine-satisfecit-et-volonte-daller-plus-loin-6-ans-apres-la-reprise-de-la-cooperation","name":"Chine \u2013 Satisfecit et volont\u00e9 d\u2019aller plus loin, 6 ans apr\u00e8s la reprise de la coop\u00e9ration - Burkina Faso","isPartOf":{"@id":"https:\/\/www.africa-press.net\/burkina-faso\/#website"},"primaryImageOfPage":{"@id":"https:\/\/www.africa-press.net\/burkina-faso\/politique\/chine-satisfecit-et-volonte-daller-plus-loin-6-ans-apres-la-reprise-de-la-cooperation#primaryimage"},"image":{"@id":"https:\/\/www.africa-press.net\/burkina-faso\/politique\/chine-satisfecit-et-volonte-daller-plus-loin-6-ans-apres-la-reprise-de-la-cooperation#primaryimage"},"thumbnailUrl":"https:\/\/static.africa-press.net\/burkina\/sites\/42\/2024\/05\/sm_1716043391.925672.jpg","datePublished":"2024-05-18T17:37:35+00:00","dateModified":"2024-05-18T18:13:41+00:00","author":{"@id":"https:\/\/www.africa-press.net\/burkina-faso\/#\/schema\/person\/2b1cf3cd81a31e3cd26889ca66d677f1"},"description":"A l\u2019occasion du 6e anniversaire du re\u0301tablissement des relations diplomatiques entre la Re\u0301publique populaire de Chin ...","breadcrumb":{"@id":"https:\/\/www.africa-press.net\/burkina-faso\/politique\/chine-satisfecit-et-volonte-daller-plus-loin-6-ans-apres-la-reprise-de-la-cooperation#breadcrumb"},"inLanguage":"fr-FR","potentialAction":[{"@type":"ReadAction","target":["https:\/\/www.africa-press.net\/burkina-faso\/politique\/chine-satisfecit-et-volonte-daller-plus-loin-6-ans-apres-la-reprise-de-la-cooperation"]}]},{"@type":"ImageObject","inLanguage":"fr-FR","@id":"https:\/\/www.africa-press.net\/burkina-faso\/politique\/chine-satisfecit-et-volonte-daller-plus-loin-6-ans-apres-la-reprise-de-la-cooperation#primaryimage","url":"https:\/\/static.africa-press.net\/burkina\/sites\/42\/2024\/05\/sm_1716043391.925672.jpg","contentUrl":"https:\/\/static.africa-press.net\/burkina\/sites\/42\/2024\/05\/sm_1716043391.925672.jpg","width":720,"height":538,"caption":"Chine \u2013 Satisfecit et volont\u00e9 d\u2019aller plus loin, 6 ans apr\u00e8s la reprise de la coop\u00e9ration"},{"@type":"BreadcrumbList","@id":"https:\/\/www.africa-press.net\/burkina-faso\/politique\/chine-satisfecit-et-volonte-daller-plus-loin-6-ans-apres-la-reprise-de-la-cooperation#breadcrumb","itemListElement":[{"@type":"ListItem","position":1,"name":"Accueil","item":"https:\/\/www.africa-press.net\/burkina-faso\/"},{"@type":"ListItem","position":2,"name":"Chine \u2013 Satisfecit et volont\u00e9 d\u2019aller plus loin, 6 ans apr\u00e8s la reprise de la coop\u00e9ration"}]},{"@type":"WebSite","@id":"https:\/\/www.africa-press.net\/burkina-faso\/#website","url":"https:\/\/www.africa-press.net\/burkina-faso\/","name":"Burkina Faso","description":"Just another Africa News Agency Sites site","potentialAction":[{"@type":"SearchAction","target":{"@type":"EntryPoint","urlTemplate":"https:\/\/www.africa-press.net\/burkina-faso\/?s={search_term_string}"},"query-input":{"@type":"PropertyValueSpecification","valueRequired":true,"valueName":"search_term_string"}}],"inLanguage":"fr-FR"},{"@type":"Person","@id":"https:\/\/www.africa-press.net\/burkina-faso\/#\/schema\/person\/2b1cf3cd81a31e3cd26889ca66d677f1","name":"cfeditorfr"}]}},"_links":{"self":[{"href":"https:\/\/www.africa-press.net\/burkina-faso\/wp-json\/wp\/v2\/posts\/86801","targetHints":{"allow":["GET"]}}],"collection":[{"href":"https:\/\/www.africa-press.net\/burkina-faso\/wp-json\/wp\/v2\/posts"}],"about":[{"href":"https:\/\/www.africa-press.net\/burkina-faso\/wp-json\/wp\/v2\/types\/post"}],"author":[{"embeddable":true,"href":"https:\/\/www.africa-press.net\/burkina-faso\/wp-json\/wp\/v2\/users\/82"}],"replies":[{"embeddable":true,"href":"https:\/\/www.africa-press.net\/burkina-faso\/wp-json\/wp\/v2\/comments?post=86801"}],"version-history":[{"count":0,"href":"https:\/\/www.africa-press.net\/burkina-faso\/wp-json\/wp\/v2\/posts\/86801\/revisions"}],"wp:featuredmedia":[{"embeddable":true,"href":"https:\/\/www.africa-press.net\/burkina-faso\/wp-json\/wp\/v2\/media\/86799"}],"wp:attachment":[{"href":"https:\/\/www.africa-press.net\/burkina-faso\/wp-json\/wp\/v2\/media?parent=86801"}],"wp:term":[{"taxonomy":"category","embeddable":true,"href":"https:\/\/www.africa-press.net\/burkina-faso\/wp-json\/wp\/v2\/categories?post=86801"},{"taxonomy":"post_tag","embeddable":true,"href":"https:\/\/www.africa-press.net\/burkina-faso\/wp-json\/wp\/v2\/tags?post=86801"}],"curies":[{"name":"wp","href":"https:\/\/api.w.org\/{rel}","templated":true}]}}