{"id":9094,"date":"2021-04-01T11:25:16","date_gmt":"2021-04-01T11:25:16","guid":{"rendered":"https:\/\/www.africa-press.net\/burkina-faso\/?p=9094"},"modified":"2021-04-01T12:00:07","modified_gmt":"2021-04-01T12:00:07","slug":"sante-le-ministre-charlemagne-ouedraogo-visite-des-infrastructures-sanitaires-dans-les-cascades","status":"publish","type":"post","link":"https:\/\/www.africa-press.net\/burkina-faso\/toutes-les-actualites\/sante-le-ministre-charlemagne-ouedraogo-visite-des-infrastructures-sanitaires-dans-les-cascades","title":{"rendered":"Sant\u00e9 : Le ministre Charlemagne Ou\u00e9draogo visite des infrastructures sanitaires dans les Cascades"},"content":{"rendered":"<p><span style=\"color: #ff6600\"><strong><a href=\"https:\/\/www.africa-press.net\/\">Africa-Press<\/a> &#8211; <a href=\"https:\/\/www.africa-press.net\/burkina-faso\">Burkina Faso<\/a>. <\/strong><\/span><b>Le ministre de la Sant\u00e9, Pr Charlemagne Ou\u00e9draogo, a effectu\u00e9 une visite des infrastructures sanitaires et de recherches dans les r\u00e9gions des Hauts-Bassins et des Cascades, du 26 au 28 mars 2021. Ainsi, apr\u00e8s l\u2019\u00e9tape de Bobo-Dioulasso, dans la r\u00e9gion des Hauts-Bassins, le vendredi 26 mars, la d\u00e9l\u00e9gation du ministre a mis le cap sur la r\u00e9gion des Cascades, le samedi 27 mars 2021. Apr\u00e8s avoir touch\u00e9 du doigt les r\u00e9alit\u00e9s du terrain, le ministre a adress\u00e9 ses f\u00e9licitations et encouragements aux agents de sant\u00e9 de cette r\u00e9gion qui, selon lui, se battent au quotidien pour offrir des soins de qualit\u00e9 aux populations.<\/b><\/p>\n<p>Dans la r\u00e9gion des Cascades, les sites visit\u00e9s par le ministre Charlemagne Ou\u00e9draogo sont, entre autres, le Centre m\u00e9dical (CM) de Niangoloko, le Centre de sant\u00e9 et de promotion sociale (CSPS) de Yend\u00e9r\u00e9, le dispositif de surveillance Covid-19 au point d\u2019entr\u00e9e de Yend\u00e9r\u00e9 (fronti\u00e8re Burkina Faso\/C\u00f4te d\u2019Ivoire), le Centre hospitalier r\u00e9gional de Banfora ainsi que la pharmacie Como\u00e9 de Dr Dakuyo. Tout ce parcours de marathon a permis aux visiteurs non seulement de constater de visu les r\u00e9alit\u00e9s du terrain, notamment les conditions difficiles dans lesquelles les agents de sant\u00e9 travaillent, mais aussi de les encourager dans leur \u00ab lutte noble \u00bb pour le bien-\u00eatre des populations.<\/p>\n<p>Cette visite dans les Cascades a conduit jusqu\u2019\u00e0 la fronti\u00e8re Burkina\/C\u00f4te d\u2019Ivoire. Et au cours du parcours, la d\u00e9l\u00e9gation a pu visiter le Centre m\u00e9dical de Niangoloko. \u00ab Nous avons vu que ce centre est extraordinaire avec des agents de sant\u00e9 tr\u00e8s motiv\u00e9s, tr\u00e8s engag\u00e9s et qui mettent en \u0153uvre la politique sanitaire du Pr\u00e9sident du Faso, en particulier la politique des gratuit\u00e9s des soins en faveur des femmes enceintes et des enfants. Nous saluons l\u2019engagement de cette \u00e9quipe sous le leadership de la directrice r\u00e9gionale de la sant\u00e9 des Cascades \u00bb, s\u2019est r\u00e9joui le ministre Ou\u00e9draogo \u00e0 l\u2019entame de cette tourn\u00e9e dans les Cascades.<\/p>\n<p>Guid\u00e9 par le m\u00e9decin responsable du centre, Charlemagne Ou\u00e9draogo a pu visiter les diff\u00e9rents services qui composent ce centre m\u00e9dical. A en croire les autorit\u00e9s sanitaires de cette localit\u00e9, le centre m\u00e9dical de Niangoloko a vu le jour en 1970 et couvre trois secteurs, deux villages et deux hameaux de culture. C\u2019est le centre de r\u00e9f\u00e9rence technique de treize CSPS dans cette zone. Dans ce centre on compte actuellement 40 lits d\u2019hospitalisation dont 14 \u00e0 la maternit\u00e9. Selon le m\u00e9decin responsable du centre m\u00e9dical de Niangoloko, Abdoul Salam Ou\u00e9draogo, son \u00e9quipe fait face \u00e0 plusieurs difficult\u00e9s dans l\u2019ex\u00e9cution des diff\u00e9rentes missions qui lui sont assign\u00e9es.<\/p>\n<p>Ainsi, du service de la m\u00e9decine \u00e0 la maternit\u00e9, en passant par le service file active et du d\u00e9p\u00f4t MEG, le constat qui se d\u00e9gage de la visite est la v\u00e9tust\u00e9 des locaux et du plateau technique. \u00ab Les difficult\u00e9s relev\u00e9es sont notamment d\u2019ordre infrastructurel et m\u00e9dical. Les locaux que nous avons visit\u00e9s sont exigus et vu que c\u2019est un centre qui est plus fr\u00e9quent\u00e9, m\u00eame par nos compatriotes de la C\u00f4te d\u2019Ivoire, il y a des moments o\u00f9 nous sommes oblig\u00e9s d\u2019hospitaliser les femmes qui viennent accoucher \u00e0 terre. Si on peut avoir une maternit\u00e9 plus spacieuse qui r\u00e9ponde aux normes, cela nous aiderait. La toiture du b\u00e2timent du dispensaire est vraiment v\u00e9tuste ce qui fait que lorsqu\u2019il pleut, \u00e7a chuinte. Nous avons souhait\u00e9 un renouv\u00e8lement de la toiture pour soulager aussi les malades. Nous avons \u00e9galement des probl\u00e8mes avec les mat\u00e9riels m\u00e9dicaux techniques. Certains appareils son grill\u00e9s \u00bb, a expos\u00e9 Abdoul Salam Ou\u00e9draogo.<\/p>\n<p><b>La gratuit\u00e9 des soins effective au centre m\u00e9dical de Niangoloko<\/b><\/p>\n<p>La gratuit\u00e9 des soins pour les femmes enceintes et les enfants est une r\u00e9alit\u00e9 au sein de ce centre de sant\u00e9. A cet effet, le m\u00e9decin responsable dudit centre affirme avoir engrang\u00e9 des acquis en ce qui concerne la mise en \u0153uvre effective de cette gratuit\u00e9 de soins, de la planification familiale pour les femmes ce, avec l\u2019accompagnement du gouvernement. Par ailleurs, ce r\u00e9sultat, dit-il, a \u00e9t\u00e9 atteint \u00e9galement gr\u00e2ce \u00e0 la conjugaison des efforts et l\u2019accompagnement des autorit\u00e9s de la r\u00e9gion qui soutiennent les \u00e9quipes soignantes malgr\u00e9 les difficult\u00e9s. Toutefois, il a d\u00e9plor\u00e9 les insuffisances li\u00e9es \u00e0 la gratuit\u00e9 des soins.<\/p>\n<p>\u00ab La gratuit\u00e9 des soins est bien, elle soulage. Mais nous rencontrons d\u2019\u00e9normes difficult\u00e9s sur le terrain. Les remboursements de l\u2019Etat ne sont pas r\u00e9guliers, ce qui fait qu\u2019on travaille \u00e0 perte alors que ces centres ne b\u00e9n\u00e9ficient pas subvention de l\u2019Etat. Ce sont les prestations que nous recouvrons qui nous permettent de payer les m\u00e9dicaments et le personnel de soutien. Vu que 90% de nos prestations c\u2019est sur la gratuit\u00e9, \u00e7a fait que toutes nos \u00e9conomies partent dans la gratuit\u00e9 \u00bb, a-t-il laiss\u00e9 entendre.<\/p>\n<p><b>Le dispositif de surveillance du Covid-19 visit\u00e9 \u00e0 Yend\u00e9r\u00e9<\/b><\/p>\n<p>Apr\u00e8s ce centre m\u00e9dical de Niangoloko, le ministre et sa d\u00e9l\u00e9gation ont poursuivi leur chemin \u00e0 Yend\u00e9r\u00e9 o\u00f9 ils ont pu visiter le CSPS et saluer l\u2019engagement de son personnel infirmier et sage-femme. L\u00e0 \u00e9galement, Charlemagne Ou\u00e9draogo s\u2019est r\u00e9joui du travail qui est fait dans ce centre de sant\u00e9 afin d\u2019offrir des soins aux patients. Puis, il a poursuivi sa visite jusqu\u2019\u00e0 Yend\u00e9r\u00e9, \u00e0 la fronti\u00e8re du Burkina\/C\u00f4te d\u2019Ivoire, pour visiter la mise en place du dispositif sanitaire pour contr\u00f4ler les entr\u00e9es dans le territoire.<\/p>\n<p>\u00ab Vous savez que le pr\u00e9sident du Faso a pris la pr\u00e9sidence de l\u2019UEMOA, et les chefs d\u2019\u00c9tat ont convenu d\u2019une r\u00e9ouverture progressive des fronti\u00e8res pour faciliter la circulation des personnes et des biens. Cela va entrainer un afflux massif de personnes. Il \u00e9tait donc important que nous puissions v\u00e9rifier le dispositif sanitaire qui est mis en place pour faire les diff\u00e9rents contr\u00f4les afin que nous puissions \u00e9viter que de nouvelles maladies ne rentrent au Burkina et qu\u2019on ait une augmentation brusque de la courbe d\u2019incidence de Covid-19 \u00bb, a expliqu\u00e9 Pr Charlemagne Ou\u00e9draogo.<\/p>\n<p>Sur place \u00e0 Yend\u00e9r\u00e9, la d\u00e9l\u00e9gation a constat\u00e9 le dispositif Covid-19 mis en place ainsi que des infrastructures nouvelles acquises gr\u00e2ce \u00e0 l\u2019appui de la Banque mondiale, ainsi que d\u2019autres infrastructures qui ont \u00e9t\u00e9 \u00e9rig\u00e9es par le minist\u00e8re de la S\u00e9curit\u00e9. Le ministre dit avoir constat\u00e9 la parfaite collaboration entre les forces de s\u00e9curit\u00e9 et les agents de sant\u00e9 pour que ce dispositif sanitaire puisse marcher. Il a saisi l\u2019occasion pour remercier et f\u00e9liciter les forces de s\u00e9curit\u00e9 pour leur collaboration avec les \u00e9quipes soignantes pour assurer un contr\u00f4le sanitaire au poste de fronti\u00e8re.<\/p>\n<p><b>Le CHR de Banfora bient\u00f4t transform\u00e9 en CHRU<\/b><\/p>\n<p>De Yend\u00e9r\u00e9, l\u2019\u00e9quipe minist\u00e9rielle est revenue dans la ville de Banfora pour visiter le Centre hospitalier r\u00e9gional (CHR) qui doit \u00eatre transform\u00e9 en Centre hospitalier r\u00e9gional universitaire (CHRU), selon donc la volont\u00e9 du pr\u00e9sident du Faso, Roch Kabor\u00e9. \u00ab Nous avons entam\u00e9 une visite dans les urgences m\u00e9dicales, nous avons vu le dispositif en place pour recevoir les malades et assurer des soins ad\u00e9quats. Nous avons vu un DG du CHR tr\u00e8s engag\u00e9 avec un esprit de coll\u00e9gialit\u00e9, un rassembleur qui fait en sorte que l\u2019ensemble des acteurs de sant\u00e9 qui sont dans ce CHR puissent travailler dans un esprit concert\u00e9. Nous avons vu un centre de recherche, de lutte contre le paludisme qui fait d\u2019excellentes choses qu\u2019il fallait d\u00e9couvrir.<\/p>\n<p>Ils (les agents) participent \u00e0 des essais vaccinaux pour permettre donc au Burkina Faso d\u2019avoir des vaccins \u00e0 la longue contre le paludisme. Nous avons \u00e9galement visit\u00e9 leur centre d\u2019entomologiste pour voir comment est-ce qu\u2019ils travaillent pour mieux connaitre les moustiques qui donnent le paludisme et surtout pour tester la qualit\u00e9 des moustiquaires impr\u00e9gn\u00e9es que nous recevons gr\u00e2ce \u00e0 l\u2019appui du fonds mondial \u00bb, a-t-il relat\u00e9.<\/p>\n<p>Avant de poursuivre : \u00ab En somme, nous avons vu une \u00e9quipe de recherche formidable que nous avons salu\u00e9e et encourag\u00e9e. Nous souhaitons que cette recherche puisse se poursuive en collaboration avec le minist\u00e8re en charge de la Recherche pour que du Burkina puissent sortir des innovations dans la lutte contre le paludisme. Nous avons poursuivi dans les autres services, en particulier le service de gyn\u00e9cologie obst\u00e9trique, et nous avons vu l\u00e0 \u00e9galement une \u00e9quipe mobilis\u00e9e pour mettre en \u0153uvre la politique de gratuit\u00e9 des soins du pr\u00e9sident du Faso et faire en sorte que les diff\u00e9rentes prestations en mati\u00e8re de suivi de la grossesse, d\u2019accouchement et de prise en charge du nouveau-n\u00e9 soient enti\u00e8rement gratuites \u00bb.<\/p>\n<p>Cependant, Pr Charlemagne Ou\u00e9draogo dit avoir not\u00e9 les quelques insuffisances qui ont \u00e9t\u00e9 relev\u00e9es et promet qu\u2019une fois de retour \u00e0 Ouagadougou, son minist\u00e8re pourra travailler avec ses partenaires pour y apporter des corrections. Il a aussi affich\u00e9 l\u2019engagement du pr\u00e9sident du Faso, Roch Kabor\u00e9, de transformer ce CHR en un CHRU. Et cela va passer, note-t-il, par un renforcement de capacit\u00e9 du plateau technique et en ressources humaines de qualit\u00e9, capables d\u2019atteindre le niveau universitaire. \u00ab En tant que ministre de la Sant\u00e9, nous sommes mandat\u00e9s pour accompagner cette volont\u00e9 du pr\u00e9sident Roch Kabor\u00e9 ici \u00e0 Banfora \u00bb, a-t-il martel\u00e9.<\/p>\n<p>Cette visite a touch\u00e9 \u00e9galement la pharmacie Como\u00e9 de Dr Dakuyo. Commun\u00e9ment appel\u00e9 le \u00ab centre Phytofla \u00bb, ce centre a \u00e9t\u00e9 cr\u00e9\u00e9 en 1984. Il se donne pour mission de travailler avec la nature et les plantes pour procurer la sant\u00e9 et le bien-\u00eatre aux populations tout en contribuant au d\u00e9veloppement socio-\u00e9conomique de la r\u00e9gion des Cascades et du Burkina Faso. Ce centre est un laboratoire qui valorise la culture et la tradition africaine. Le ministre a ainsi salu\u00e9 le savoir-faire de ce centre.<\/p>\n<p>Au terme de cette tourn\u00e9e dans les Cascades, c\u2019est un ministre de la Sant\u00e9 qui se r\u00e9jouit du constat g\u00e9n\u00e9ral fait sur le terrain. \u00ab Au niveau de toute la r\u00e9gion sanitaire, nous avons vu que Banfora est tr\u00e8s lanc\u00e9e avec un leadership tr\u00e8s affich\u00e9. Nous avons vu des responsables d\u00e9centralis\u00e9s qui collaborent ensemble. [ Cliquez ici pour lire l\u2019int\u00e9gralit\u00e9 ]<\/p>\n<p><b>Romuald Dofini<br \/>\n<\/b><\/p>\n","protected":false},"excerpt":{"rendered":"<p>Africa-Press &#8211; Burkina Faso. Le ministre de la Sant\u00e9, Pr Charlemagne Ou\u00e9draogo, a effectu\u00e9 une visite des infrastructures sanitaires et de recherches dans les r\u00e9gions des Hauts-Bassins et des Cascades, du 26 au 28 mars 2021. Ainsi, apr\u00e8s l\u2019\u00e9tape de Bobo-Dioulasso, dans la r\u00e9gion des Hauts-Bassins, le vendredi 26 mars, la d\u00e9l\u00e9gation du ministre a [&hellip;]<\/p>\n","protected":false},"author":82,"featured_media":9093,"comment_status":"open","ping_status":"closed","sticky":false,"template":"","format":"standard","meta":{"footnotes":""},"categories":[21,11,10],"tags":[111,725,29],"class_list":["post-9094","post","type-post","status-publish","format-standard","has-post-thumbnail","hentry","category-communaute","category-homepage-french","category-toutes-les-actualites","tag-africa-press","tag-africa-press-burkina-faso","tag-burkina-faso"],"yoast_head":"<!-- This site is optimized with the Yoast SEO Premium plugin v26.1 (Yoast SEO v27.0) - https:\/\/yoast.com\/product\/yoast-seo-premium-wordpress\/ -->\n<title>Sant\u00e9 : Le ministre Charlemagne Ou\u00e9draogo visite des infrastructures sanitaires dans les Cascades - Burkina Faso<\/title>\n<meta name=\"description\" content=\"Le ministre de la Sant\u00e9, Pr Charlemagne Ou\u00e9draogo, a effectu\u00e9 une visite des infrastructures sanitaires et de recherc ...\" \/>\n<meta name=\"robots\" content=\"index, follow, max-snippet:-1, max-image-preview:large, max-video-preview:-1\" \/>\n<link rel=\"canonical\" href=\"https:\/\/www.africa-press.net\/burkina-faso\/toutes-les-actualites\/sante-le-ministre-charlemagne-ouedraogo-visite-des-infrastructures-sanitaires-dans-les-cascades\" \/>\n<meta property=\"og:locale\" content=\"fr_FR\" \/>\n<meta property=\"og:type\" content=\"article\" \/>\n<meta property=\"og:title\" content=\"Sant\u00e9 : Le ministre Charlemagne Ou\u00e9draogo visite des infrastructures sanitaires dans les Cascades\" \/>\n<meta property=\"og:description\" content=\"Le ministre de la Sant\u00e9, Pr Charlemagne Ou\u00e9draogo, a effectu\u00e9 une visite des infrastructures sanitaires et de recherc ...\" \/>\n<meta property=\"og:url\" content=\"https:\/\/www.africa-press.net\/burkina-faso\/toutes-les-actualites\/sante-le-ministre-charlemagne-ouedraogo-visite-des-infrastructures-sanitaires-dans-les-cascades\" \/>\n<meta property=\"og:site_name\" content=\"Burkina Faso\" \/>\n<meta property=\"article:published_time\" content=\"2021-04-01T11:25:16+00:00\" \/>\n<meta property=\"article:modified_time\" content=\"2021-04-01T12:00:07+00:00\" \/>\n<meta property=\"og:image\" content=\"https:\/\/static.africa-press.net\/burkina\/sites\/42\/2021\/04\/img-6065abab57518.jpg\" \/>\n\t<meta property=\"og:image:width\" content=\"720\" \/>\n\t<meta property=\"og:image:height\" content=\"540\" \/>\n\t<meta property=\"og:image:type\" content=\"image\/jpeg\" \/>\n<meta name=\"author\" content=\"cfeditorfr\" \/>\n<meta name=\"twitter:card\" content=\"summary_large_image\" \/>\n<meta name=\"twitter:label1\" content=\"\u00c9crit par\" \/>\n\t<meta name=\"twitter:data1\" content=\"cfeditorfr\" \/>\n\t<meta name=\"twitter:label2\" content=\"Dur\u00e9e de lecture estim\u00e9e\" \/>\n\t<meta name=\"twitter:data2\" content=\"9 minutes\" \/>\n<script type=\"application\/ld+json\" class=\"yoast-schema-graph\">{\"@context\":\"https:\/\/schema.org\",\"@graph\":[{\"@type\":\"Article\",\"@id\":\"https:\/\/www.africa-press.net\/burkina-faso\/toutes-les-actualites\/sante-le-ministre-charlemagne-ouedraogo-visite-des-infrastructures-sanitaires-dans-les-cascades#article\",\"isPartOf\":{\"@id\":\"https:\/\/www.africa-press.net\/burkina-faso\/toutes-les-actualites\/sante-le-ministre-charlemagne-ouedraogo-visite-des-infrastructures-sanitaires-dans-les-cascades\"},\"author\":{\"name\":\"cfeditorfr\",\"@id\":\"https:\/\/www.africa-press.net\/burkina-faso\/#\/schema\/person\/2b1cf3cd81a31e3cd26889ca66d677f1\"},\"headline\":\"Sant\u00e9 : Le ministre Charlemagne Ou\u00e9draogo visite des infrastructures sanitaires dans les Cascades\",\"datePublished\":\"2021-04-01T11:25:16+00:00\",\"dateModified\":\"2021-04-01T12:00:07+00:00\",\"mainEntityOfPage\":{\"@id\":\"https:\/\/www.africa-press.net\/burkina-faso\/toutes-les-actualites\/sante-le-ministre-charlemagne-ouedraogo-visite-des-infrastructures-sanitaires-dans-les-cascades\"},\"wordCount\":1802,\"commentCount\":0,\"image\":{\"@id\":\"https:\/\/www.africa-press.net\/burkina-faso\/toutes-les-actualites\/sante-le-ministre-charlemagne-ouedraogo-visite-des-infrastructures-sanitaires-dans-les-cascades#primaryimage\"},\"thumbnailUrl\":\"https:\/\/static.africa-press.net\/burkina\/sites\/42\/2021\/04\/img-6065abab57518.jpg\",\"keywords\":[\"Africa Press\",\"Africa Press-Burkina Faso\",\"Burkina Faso\"],\"articleSection\":[\"Communaut\u00e9\",\"homepage-french\",\"Toutes les actualit\u00e9s\"],\"inLanguage\":\"fr-FR\",\"potentialAction\":[{\"@type\":\"CommentAction\",\"name\":\"Comment\",\"target\":[\"https:\/\/www.africa-press.net\/burkina-faso\/toutes-les-actualites\/sante-le-ministre-charlemagne-ouedraogo-visite-des-infrastructures-sanitaires-dans-les-cascades#respond\"]}]},{\"@type\":\"WebPage\",\"@id\":\"https:\/\/www.africa-press.net\/burkina-faso\/toutes-les-actualites\/sante-le-ministre-charlemagne-ouedraogo-visite-des-infrastructures-sanitaires-dans-les-cascades\",\"url\":\"https:\/\/www.africa-press.net\/burkina-faso\/toutes-les-actualites\/sante-le-ministre-charlemagne-ouedraogo-visite-des-infrastructures-sanitaires-dans-les-cascades\",\"name\":\"Sant\u00e9 : Le ministre Charlemagne Ou\u00e9draogo visite des infrastructures sanitaires dans les Cascades - Burkina Faso\",\"isPartOf\":{\"@id\":\"https:\/\/www.africa-press.net\/burkina-faso\/#website\"},\"primaryImageOfPage\":{\"@id\":\"https:\/\/www.africa-press.net\/burkina-faso\/toutes-les-actualites\/sante-le-ministre-charlemagne-ouedraogo-visite-des-infrastructures-sanitaires-dans-les-cascades#primaryimage\"},\"image\":{\"@id\":\"https:\/\/www.africa-press.net\/burkina-faso\/toutes-les-actualites\/sante-le-ministre-charlemagne-ouedraogo-visite-des-infrastructures-sanitaires-dans-les-cascades#primaryimage\"},\"thumbnailUrl\":\"https:\/\/static.africa-press.net\/burkina\/sites\/42\/2021\/04\/img-6065abab57518.jpg\",\"datePublished\":\"2021-04-01T11:25:16+00:00\",\"dateModified\":\"2021-04-01T12:00:07+00:00\",\"author\":{\"@id\":\"https:\/\/www.africa-press.net\/burkina-faso\/#\/schema\/person\/2b1cf3cd81a31e3cd26889ca66d677f1\"},\"description\":\"Le ministre de la Sant\u00e9, Pr Charlemagne Ou\u00e9draogo, a effectu\u00e9 une visite des infrastructures sanitaires et de recherc ...\",\"breadcrumb\":{\"@id\":\"https:\/\/www.africa-press.net\/burkina-faso\/toutes-les-actualites\/sante-le-ministre-charlemagne-ouedraogo-visite-des-infrastructures-sanitaires-dans-les-cascades#breadcrumb\"},\"inLanguage\":\"fr-FR\",\"potentialAction\":[{\"@type\":\"ReadAction\",\"target\":[\"https:\/\/www.africa-press.net\/burkina-faso\/toutes-les-actualites\/sante-le-ministre-charlemagne-ouedraogo-visite-des-infrastructures-sanitaires-dans-les-cascades\"]}]},{\"@type\":\"ImageObject\",\"inLanguage\":\"fr-FR\",\"@id\":\"https:\/\/www.africa-press.net\/burkina-faso\/toutes-les-actualites\/sante-le-ministre-charlemagne-ouedraogo-visite-des-infrastructures-sanitaires-dans-les-cascades#primaryimage\",\"url\":\"https:\/\/static.africa-press.net\/burkina\/sites\/42\/2021\/04\/img-6065abab57518.jpg\",\"contentUrl\":\"https:\/\/static.africa-press.net\/burkina\/sites\/42\/2021\/04\/img-6065abab57518.jpg\",\"width\":720,\"height\":540,\"caption\":\"Sant\u00e9 : Le ministre Charlemagne Ou\u00e9draogo visite des infrastructures sanitaires dans les Cascades\"},{\"@type\":\"BreadcrumbList\",\"@id\":\"https:\/\/www.africa-press.net\/burkina-faso\/toutes-les-actualites\/sante-le-ministre-charlemagne-ouedraogo-visite-des-infrastructures-sanitaires-dans-les-cascades#breadcrumb\",\"itemListElement\":[{\"@type\":\"ListItem\",\"position\":1,\"name\":\"Accueil\",\"item\":\"https:\/\/www.africa-press.net\/burkina-faso\/\"},{\"@type\":\"ListItem\",\"position\":2,\"name\":\"Sant\u00e9 : Le ministre Charlemagne Ou\u00e9draogo visite des infrastructures sanitaires dans les Cascades\"}]},{\"@type\":\"WebSite\",\"@id\":\"https:\/\/www.africa-press.net\/burkina-faso\/#website\",\"url\":\"https:\/\/www.africa-press.net\/burkina-faso\/\",\"name\":\"Burkina Faso\",\"description\":\"Just another Africa News Agency Sites site\",\"potentialAction\":[{\"@type\":\"SearchAction\",\"target\":{\"@type\":\"EntryPoint\",\"urlTemplate\":\"https:\/\/www.africa-press.net\/burkina-faso\/?s={search_term_string}\"},\"query-input\":{\"@type\":\"PropertyValueSpecification\",\"valueRequired\":true,\"valueName\":\"search_term_string\"}}],\"inLanguage\":\"fr-FR\"},{\"@type\":\"Person\",\"@id\":\"https:\/\/www.africa-press.net\/burkina-faso\/#\/schema\/person\/2b1cf3cd81a31e3cd26889ca66d677f1\",\"name\":\"cfeditorfr\"}]}<\/script>\n<!-- \/ Yoast SEO Premium plugin. -->","yoast_head_json":{"title":"Sant\u00e9 : Le ministre Charlemagne Ou\u00e9draogo visite des infrastructures sanitaires dans les Cascades - Burkina Faso","description":"Le ministre de la Sant\u00e9, Pr Charlemagne Ou\u00e9draogo, a effectu\u00e9 une visite des infrastructures sanitaires et de recherc ...","robots":{"index":"index","follow":"follow","max-snippet":"max-snippet:-1","max-image-preview":"max-image-preview:large","max-video-preview":"max-video-preview:-1"},"canonical":"https:\/\/www.africa-press.net\/burkina-faso\/toutes-les-actualites\/sante-le-ministre-charlemagne-ouedraogo-visite-des-infrastructures-sanitaires-dans-les-cascades","og_locale":"fr_FR","og_type":"article","og_title":"Sant\u00e9 : Le ministre Charlemagne Ou\u00e9draogo visite des infrastructures sanitaires dans les Cascades","og_description":"Le ministre de la Sant\u00e9, Pr Charlemagne Ou\u00e9draogo, a effectu\u00e9 une visite des infrastructures sanitaires et de recherc ...","og_url":"https:\/\/www.africa-press.net\/burkina-faso\/toutes-les-actualites\/sante-le-ministre-charlemagne-ouedraogo-visite-des-infrastructures-sanitaires-dans-les-cascades","og_site_name":"Burkina Faso","article_published_time":"2021-04-01T11:25:16+00:00","article_modified_time":"2021-04-01T12:00:07+00:00","og_image":[{"width":720,"height":540,"url":"https:\/\/static.africa-press.net\/burkina\/sites\/42\/2021\/04\/img-6065abab57518.jpg","type":"image\/jpeg"}],"author":"cfeditorfr","twitter_card":"summary_large_image","twitter_misc":{"\u00c9crit par":"cfeditorfr","Dur\u00e9e de lecture estim\u00e9e":"9 minutes"},"schema":{"@context":"https:\/\/schema.org","@graph":[{"@type":"Article","@id":"https:\/\/www.africa-press.net\/burkina-faso\/toutes-les-actualites\/sante-le-ministre-charlemagne-ouedraogo-visite-des-infrastructures-sanitaires-dans-les-cascades#article","isPartOf":{"@id":"https:\/\/www.africa-press.net\/burkina-faso\/toutes-les-actualites\/sante-le-ministre-charlemagne-ouedraogo-visite-des-infrastructures-sanitaires-dans-les-cascades"},"author":{"name":"cfeditorfr","@id":"https:\/\/www.africa-press.net\/burkina-faso\/#\/schema\/person\/2b1cf3cd81a31e3cd26889ca66d677f1"},"headline":"Sant\u00e9 : Le ministre Charlemagne Ou\u00e9draogo visite des infrastructures sanitaires dans les Cascades","datePublished":"2021-04-01T11:25:16+00:00","dateModified":"2021-04-01T12:00:07+00:00","mainEntityOfPage":{"@id":"https:\/\/www.africa-press.net\/burkina-faso\/toutes-les-actualites\/sante-le-ministre-charlemagne-ouedraogo-visite-des-infrastructures-sanitaires-dans-les-cascades"},"wordCount":1802,"commentCount":0,"image":{"@id":"https:\/\/www.africa-press.net\/burkina-faso\/toutes-les-actualites\/sante-le-ministre-charlemagne-ouedraogo-visite-des-infrastructures-sanitaires-dans-les-cascades#primaryimage"},"thumbnailUrl":"https:\/\/static.africa-press.net\/burkina\/sites\/42\/2021\/04\/img-6065abab57518.jpg","keywords":["Africa Press","Africa Press-Burkina Faso","Burkina Faso"],"articleSection":["Communaut\u00e9","homepage-french","Toutes les actualit\u00e9s"],"inLanguage":"fr-FR","potentialAction":[{"@type":"CommentAction","name":"Comment","target":["https:\/\/www.africa-press.net\/burkina-faso\/toutes-les-actualites\/sante-le-ministre-charlemagne-ouedraogo-visite-des-infrastructures-sanitaires-dans-les-cascades#respond"]}]},{"@type":"WebPage","@id":"https:\/\/www.africa-press.net\/burkina-faso\/toutes-les-actualites\/sante-le-ministre-charlemagne-ouedraogo-visite-des-infrastructures-sanitaires-dans-les-cascades","url":"https:\/\/www.africa-press.net\/burkina-faso\/toutes-les-actualites\/sante-le-ministre-charlemagne-ouedraogo-visite-des-infrastructures-sanitaires-dans-les-cascades","name":"Sant\u00e9 : Le ministre Charlemagne Ou\u00e9draogo visite des infrastructures sanitaires dans les Cascades - Burkina Faso","isPartOf":{"@id":"https:\/\/www.africa-press.net\/burkina-faso\/#website"},"primaryImageOfPage":{"@id":"https:\/\/www.africa-press.net\/burkina-faso\/toutes-les-actualites\/sante-le-ministre-charlemagne-ouedraogo-visite-des-infrastructures-sanitaires-dans-les-cascades#primaryimage"},"image":{"@id":"https:\/\/www.africa-press.net\/burkina-faso\/toutes-les-actualites\/sante-le-ministre-charlemagne-ouedraogo-visite-des-infrastructures-sanitaires-dans-les-cascades#primaryimage"},"thumbnailUrl":"https:\/\/static.africa-press.net\/burkina\/sites\/42\/2021\/04\/img-6065abab57518.jpg","datePublished":"2021-04-01T11:25:16+00:00","dateModified":"2021-04-01T12:00:07+00:00","author":{"@id":"https:\/\/www.africa-press.net\/burkina-faso\/#\/schema\/person\/2b1cf3cd81a31e3cd26889ca66d677f1"},"description":"Le ministre de la Sant\u00e9, Pr Charlemagne Ou\u00e9draogo, a effectu\u00e9 une visite des infrastructures sanitaires et de recherc ...","breadcrumb":{"@id":"https:\/\/www.africa-press.net\/burkina-faso\/toutes-les-actualites\/sante-le-ministre-charlemagne-ouedraogo-visite-des-infrastructures-sanitaires-dans-les-cascades#breadcrumb"},"inLanguage":"fr-FR","potentialAction":[{"@type":"ReadAction","target":["https:\/\/www.africa-press.net\/burkina-faso\/toutes-les-actualites\/sante-le-ministre-charlemagne-ouedraogo-visite-des-infrastructures-sanitaires-dans-les-cascades"]}]},{"@type":"ImageObject","inLanguage":"fr-FR","@id":"https:\/\/www.africa-press.net\/burkina-faso\/toutes-les-actualites\/sante-le-ministre-charlemagne-ouedraogo-visite-des-infrastructures-sanitaires-dans-les-cascades#primaryimage","url":"https:\/\/static.africa-press.net\/burkina\/sites\/42\/2021\/04\/img-6065abab57518.jpg","contentUrl":"https:\/\/static.africa-press.net\/burkina\/sites\/42\/2021\/04\/img-6065abab57518.jpg","width":720,"height":540,"caption":"Sant\u00e9 : Le ministre Charlemagne Ou\u00e9draogo visite des infrastructures sanitaires dans les Cascades"},{"@type":"BreadcrumbList","@id":"https:\/\/www.africa-press.net\/burkina-faso\/toutes-les-actualites\/sante-le-ministre-charlemagne-ouedraogo-visite-des-infrastructures-sanitaires-dans-les-cascades#breadcrumb","itemListElement":[{"@type":"ListItem","position":1,"name":"Accueil","item":"https:\/\/www.africa-press.net\/burkina-faso\/"},{"@type":"ListItem","position":2,"name":"Sant\u00e9 : Le ministre Charlemagne Ou\u00e9draogo visite des infrastructures sanitaires dans les Cascades"}]},{"@type":"WebSite","@id":"https:\/\/www.africa-press.net\/burkina-faso\/#website","url":"https:\/\/www.africa-press.net\/burkina-faso\/","name":"Burkina Faso","description":"Just another Africa News Agency Sites site","potentialAction":[{"@type":"SearchAction","target":{"@type":"EntryPoint","urlTemplate":"https:\/\/www.africa-press.net\/burkina-faso\/?s={search_term_string}"},"query-input":{"@type":"PropertyValueSpecification","valueRequired":true,"valueName":"search_term_string"}}],"inLanguage":"fr-FR"},{"@type":"Person","@id":"https:\/\/www.africa-press.net\/burkina-faso\/#\/schema\/person\/2b1cf3cd81a31e3cd26889ca66d677f1","name":"cfeditorfr"}]}},"_links":{"self":[{"href":"https:\/\/www.africa-press.net\/burkina-faso\/wp-json\/wp\/v2\/posts\/9094","targetHints":{"allow":["GET"]}}],"collection":[{"href":"https:\/\/www.africa-press.net\/burkina-faso\/wp-json\/wp\/v2\/posts"}],"about":[{"href":"https:\/\/www.africa-press.net\/burkina-faso\/wp-json\/wp\/v2\/types\/post"}],"author":[{"embeddable":true,"href":"https:\/\/www.africa-press.net\/burkina-faso\/wp-json\/wp\/v2\/users\/82"}],"replies":[{"embeddable":true,"href":"https:\/\/www.africa-press.net\/burkina-faso\/wp-json\/wp\/v2\/comments?post=9094"}],"version-history":[{"count":0,"href":"https:\/\/www.africa-press.net\/burkina-faso\/wp-json\/wp\/v2\/posts\/9094\/revisions"}],"wp:featuredmedia":[{"embeddable":true,"href":"https:\/\/www.africa-press.net\/burkina-faso\/wp-json\/wp\/v2\/media\/9093"}],"wp:attachment":[{"href":"https:\/\/www.africa-press.net\/burkina-faso\/wp-json\/wp\/v2\/media?parent=9094"}],"wp:term":[{"taxonomy":"category","embeddable":true,"href":"https:\/\/www.africa-press.net\/burkina-faso\/wp-json\/wp\/v2\/categories?post=9094"},{"taxonomy":"post_tag","embeddable":true,"href":"https:\/\/www.africa-press.net\/burkina-faso\/wp-json\/wp\/v2\/tags?post=9094"}],"curies":[{"name":"wp","href":"https:\/\/api.w.org\/{rel}","templated":true}]}}