{"id":9427,"date":"2021-04-08T09:28:23","date_gmt":"2021-04-08T09:28:23","guid":{"rendered":"https:\/\/www.africa-press.net\/burkina-faso\/?p=9427"},"modified":"2021-04-08T14:30:55","modified_gmt":"2021-04-08T14:30:55","slug":"burkina-faso-iliasse-ouedraogo-laisse-parler-son-coeur-au-chu-yalgado","status":"publish","type":"post","link":"https:\/\/www.africa-press.net\/burkina-faso\/toutes-les-actualites\/burkina-faso-iliasse-ouedraogo-laisse-parler-son-coeur-au-chu-yalgado","title":{"rendered":"Iliasse Ou\u00e9draogo laisse parler son c\u0153ur au CHU Yalgado"},"content":{"rendered":"<p><span style=\"color: #ff6600\"><strong><a href=\"https:\/\/www.africa-press.net\/\">Africa-Press<\/a> &#8211; <a href=\"https:\/\/www.africa-press.net\/burkina-faso\">Burkina Faso<\/a>. <\/strong><\/span>Le service urgences visc\u00e9rales du CHU (Centre hospitalier universitaire) Yalgado Ou\u00e9draogo a re\u00e7u un don d\u2019\u00e9quipements biom\u00e9dicaux d\u2019une valeur de plus de 8 millions de F CFA, selon le service de communication de l\u2019h\u00f4pital.<\/p>\n<p>Ce geste est de Iliasse Ou\u00e9draogo, jeune commer\u00e7ant burkinab\u00e8. Ce dernier a fait savoir qu\u2019il a s\u00e9journ\u00e9 dans ce service, au chevet d\u2019un proche. Il a pu voir le manque d\u2019\u00e9quipements auquel le personnel soignant fait face, ainsi que les difficult\u00e9s pour les patients \u00e0 pouvoir r\u00e9gler leurs ordonnances.<\/p>\n<p>Il a commenc\u00e9 par r\u00e9gler les factures des patients d\u00e9munis. Ce mardi 06 avril 2021, il \u00e9quipe le service avec deux tables d\u2019op\u00e9ration, trois fauteuils roulants, dix lits m\u00e9dicaux et dix matelas.<\/p>\n<p>Le Direction du CHU Yalgado Ou\u00e9draogo, a, au nom de la communaut\u00e9 hospitali\u00e8re et des malades, exprim\u00e9 sa reconnaissance \u00e0 l\u2018endroit du donateur. Un certificat de reconnaissance lui a \u00e9t\u00e9 d\u00e9cern\u00e9.<\/p>\n","protected":false},"excerpt":{"rendered":"<p>Africa-Press &#8211; Burkina Faso. Le service urgences visc\u00e9rales du CHU (Centre hospitalier universitaire) Yalgado Ou\u00e9draogo a re\u00e7u un don d\u2019\u00e9quipements biom\u00e9dicaux d\u2019une valeur de plus de 8 millions de F CFA, selon le service de communication de l\u2019h\u00f4pital. Ce geste est de Iliasse Ou\u00e9draogo, jeune commer\u00e7ant burkinab\u00e8. Ce dernier a fait savoir qu\u2019il a s\u00e9journ\u00e9 [&hellip;]<\/p>\n","protected":false},"author":82,"featured_media":9426,"comment_status":"open","ping_status":"closed","sticky":false,"template":"","format":"standard","meta":{"footnotes":""},"categories":[21,11,10],"tags":[111,725,29],"class_list":["post-9427","post","type-post","status-publish","format-standard","has-post-thumbnail","hentry","category-communaute","category-homepage-french","category-toutes-les-actualites","tag-africa-press","tag-africa-press-burkina-faso","tag-burkina-faso"],"yoast_head":"<!-- This site is optimized with the Yoast SEO Premium plugin v26.1 (Yoast SEO v27.0) - https:\/\/yoast.com\/product\/yoast-seo-premium-wordpress\/ -->\n<title>Iliasse Ou\u00e9draogo laisse parler son c\u0153ur au CHU Yalgado - Burkina Faso<\/title>\n<meta name=\"description\" content=\"Le service urgences visc\u00e9rales du CHU (Centre hospitalier universitaire) Yalgado Ou\u00e9draogo a re\u00e7u un don d\u2019\u00e9quipements b ...\" \/>\n<meta name=\"robots\" content=\"index, follow, max-snippet:-1, max-image-preview:large, max-video-preview:-1\" \/>\n<link rel=\"canonical\" href=\"https:\/\/www.africa-press.net\/burkina-faso\/toutes-les-actualites\/burkina-faso-iliasse-ouedraogo-laisse-parler-son-coeur-au-chu-yalgado\" \/>\n<meta property=\"og:locale\" content=\"fr_FR\" \/>\n<meta property=\"og:type\" content=\"article\" \/>\n<meta property=\"og:title\" content=\"Iliasse Ou\u00e9draogo laisse parler son c\u0153ur au CHU Yalgado\" \/>\n<meta property=\"og:description\" content=\"Le service urgences visc\u00e9rales du CHU (Centre hospitalier universitaire) Yalgado Ou\u00e9draogo a re\u00e7u un don d\u2019\u00e9quipements b ...\" \/>\n<meta property=\"og:url\" content=\"https:\/\/www.africa-press.net\/burkina-faso\/toutes-les-actualites\/burkina-faso-iliasse-ouedraogo-laisse-parler-son-coeur-au-chu-yalgado\" \/>\n<meta property=\"og:site_name\" content=\"Burkina Faso\" \/>\n<meta property=\"article:published_time\" content=\"2021-04-08T09:28:23+00:00\" \/>\n<meta property=\"article:modified_time\" content=\"2021-04-08T14:30:55+00:00\" \/>\n<meta property=\"og:image\" content=\"https:\/\/static.africa-press.net\/burkina\/sites\/42\/2021\/04\/img-606ec96133e84.jpg\" \/>\n\t<meta property=\"og:image:width\" content=\"750\" \/>\n\t<meta property=\"og:image:height\" content=\"454\" \/>\n\t<meta property=\"og:image:type\" content=\"image\/jpeg\" \/>\n<meta name=\"author\" content=\"cfeditorfr\" \/>\n<meta name=\"twitter:card\" content=\"summary_large_image\" \/>\n<meta name=\"twitter:label1\" content=\"\u00c9crit par\" \/>\n\t<meta name=\"twitter:data1\" content=\"cfeditorfr\" \/>\n\t<meta name=\"twitter:label2\" content=\"Dur\u00e9e de lecture estim\u00e9e\" \/>\n\t<meta name=\"twitter:data2\" content=\"1 minute\" \/>\n<script type=\"application\/ld+json\" class=\"yoast-schema-graph\">{\"@context\":\"https:\/\/schema.org\",\"@graph\":[{\"@type\":\"Article\",\"@id\":\"https:\/\/www.africa-press.net\/burkina-faso\/toutes-les-actualites\/burkina-faso-iliasse-ouedraogo-laisse-parler-son-coeur-au-chu-yalgado#article\",\"isPartOf\":{\"@id\":\"https:\/\/www.africa-press.net\/burkina-faso\/toutes-les-actualites\/burkina-faso-iliasse-ouedraogo-laisse-parler-son-coeur-au-chu-yalgado\"},\"author\":{\"name\":\"cfeditorfr\",\"@id\":\"https:\/\/www.africa-press.net\/burkina-faso\/#\/schema\/person\/2b1cf3cd81a31e3cd26889ca66d677f1\"},\"headline\":\"Iliasse Ou\u00e9draogo laisse parler son c\u0153ur au CHU Yalgado\",\"datePublished\":\"2021-04-08T09:28:23+00:00\",\"dateModified\":\"2021-04-08T14:30:55+00:00\",\"mainEntityOfPage\":{\"@id\":\"https:\/\/www.africa-press.net\/burkina-faso\/toutes-les-actualites\/burkina-faso-iliasse-ouedraogo-laisse-parler-son-coeur-au-chu-yalgado\"},\"wordCount\":181,\"commentCount\":0,\"image\":{\"@id\":\"https:\/\/www.africa-press.net\/burkina-faso\/toutes-les-actualites\/burkina-faso-iliasse-ouedraogo-laisse-parler-son-coeur-au-chu-yalgado#primaryimage\"},\"thumbnailUrl\":\"https:\/\/static.africa-press.net\/burkina\/sites\/42\/2021\/04\/img-606ec96133e84.jpg\",\"keywords\":[\"Africa Press\",\"Africa Press-Burkina Faso\",\"Burkina Faso\"],\"articleSection\":[\"Communaut\u00e9\",\"homepage-french\",\"Toutes les actualit\u00e9s\"],\"inLanguage\":\"fr-FR\",\"potentialAction\":[{\"@type\":\"CommentAction\",\"name\":\"Comment\",\"target\":[\"https:\/\/www.africa-press.net\/burkina-faso\/toutes-les-actualites\/burkina-faso-iliasse-ouedraogo-laisse-parler-son-coeur-au-chu-yalgado#respond\"]}]},{\"@type\":\"WebPage\",\"@id\":\"https:\/\/www.africa-press.net\/burkina-faso\/toutes-les-actualites\/burkina-faso-iliasse-ouedraogo-laisse-parler-son-coeur-au-chu-yalgado\",\"url\":\"https:\/\/www.africa-press.net\/burkina-faso\/toutes-les-actualites\/burkina-faso-iliasse-ouedraogo-laisse-parler-son-coeur-au-chu-yalgado\",\"name\":\"Iliasse Ou\u00e9draogo laisse parler son c\u0153ur au CHU Yalgado - Burkina Faso\",\"isPartOf\":{\"@id\":\"https:\/\/www.africa-press.net\/burkina-faso\/#website\"},\"primaryImageOfPage\":{\"@id\":\"https:\/\/www.africa-press.net\/burkina-faso\/toutes-les-actualites\/burkina-faso-iliasse-ouedraogo-laisse-parler-son-coeur-au-chu-yalgado#primaryimage\"},\"image\":{\"@id\":\"https:\/\/www.africa-press.net\/burkina-faso\/toutes-les-actualites\/burkina-faso-iliasse-ouedraogo-laisse-parler-son-coeur-au-chu-yalgado#primaryimage\"},\"thumbnailUrl\":\"https:\/\/static.africa-press.net\/burkina\/sites\/42\/2021\/04\/img-606ec96133e84.jpg\",\"datePublished\":\"2021-04-08T09:28:23+00:00\",\"dateModified\":\"2021-04-08T14:30:55+00:00\",\"author\":{\"@id\":\"https:\/\/www.africa-press.net\/burkina-faso\/#\/schema\/person\/2b1cf3cd81a31e3cd26889ca66d677f1\"},\"description\":\"Le service urgences visc\u00e9rales du CHU (Centre hospitalier universitaire) Yalgado Ou\u00e9draogo a re\u00e7u un don d\u2019\u00e9quipements b ...\",\"breadcrumb\":{\"@id\":\"https:\/\/www.africa-press.net\/burkina-faso\/toutes-les-actualites\/burkina-faso-iliasse-ouedraogo-laisse-parler-son-coeur-au-chu-yalgado#breadcrumb\"},\"inLanguage\":\"fr-FR\",\"potentialAction\":[{\"@type\":\"ReadAction\",\"target\":[\"https:\/\/www.africa-press.net\/burkina-faso\/toutes-les-actualites\/burkina-faso-iliasse-ouedraogo-laisse-parler-son-coeur-au-chu-yalgado\"]}]},{\"@type\":\"ImageObject\",\"inLanguage\":\"fr-FR\",\"@id\":\"https:\/\/www.africa-press.net\/burkina-faso\/toutes-les-actualites\/burkina-faso-iliasse-ouedraogo-laisse-parler-son-coeur-au-chu-yalgado#primaryimage\",\"url\":\"https:\/\/static.africa-press.net\/burkina\/sites\/42\/2021\/04\/img-606ec96133e84.jpg\",\"contentUrl\":\"https:\/\/static.africa-press.net\/burkina\/sites\/42\/2021\/04\/img-606ec96133e84.jpg\",\"width\":750,\"height\":454,\"caption\":\"Burkina Faso : Iliasse Ou\u00e9draogo laisse parler son c\u0153ur au CHU Yalgado\"},{\"@type\":\"BreadcrumbList\",\"@id\":\"https:\/\/www.africa-press.net\/burkina-faso\/toutes-les-actualites\/burkina-faso-iliasse-ouedraogo-laisse-parler-son-coeur-au-chu-yalgado#breadcrumb\",\"itemListElement\":[{\"@type\":\"ListItem\",\"position\":1,\"name\":\"Accueil\",\"item\":\"https:\/\/www.africa-press.net\/burkina-faso\/\"},{\"@type\":\"ListItem\",\"position\":2,\"name\":\"Iliasse Ou\u00e9draogo laisse parler son c\u0153ur au CHU Yalgado\"}]},{\"@type\":\"WebSite\",\"@id\":\"https:\/\/www.africa-press.net\/burkina-faso\/#website\",\"url\":\"https:\/\/www.africa-press.net\/burkina-faso\/\",\"name\":\"Burkina Faso\",\"description\":\"Just another Africa News Agency Sites site\",\"potentialAction\":[{\"@type\":\"SearchAction\",\"target\":{\"@type\":\"EntryPoint\",\"urlTemplate\":\"https:\/\/www.africa-press.net\/burkina-faso\/?s={search_term_string}\"},\"query-input\":{\"@type\":\"PropertyValueSpecification\",\"valueRequired\":true,\"valueName\":\"search_term_string\"}}],\"inLanguage\":\"fr-FR\"},{\"@type\":\"Person\",\"@id\":\"https:\/\/www.africa-press.net\/burkina-faso\/#\/schema\/person\/2b1cf3cd81a31e3cd26889ca66d677f1\",\"name\":\"cfeditorfr\"}]}<\/script>\n<!-- \/ Yoast SEO Premium plugin. -->","yoast_head_json":{"title":"Iliasse Ou\u00e9draogo laisse parler son c\u0153ur au CHU Yalgado - Burkina Faso","description":"Le service urgences visc\u00e9rales du CHU (Centre hospitalier universitaire) Yalgado Ou\u00e9draogo a re\u00e7u un don d\u2019\u00e9quipements b ...","robots":{"index":"index","follow":"follow","max-snippet":"max-snippet:-1","max-image-preview":"max-image-preview:large","max-video-preview":"max-video-preview:-1"},"canonical":"https:\/\/www.africa-press.net\/burkina-faso\/toutes-les-actualites\/burkina-faso-iliasse-ouedraogo-laisse-parler-son-coeur-au-chu-yalgado","og_locale":"fr_FR","og_type":"article","og_title":"Iliasse Ou\u00e9draogo laisse parler son c\u0153ur au CHU Yalgado","og_description":"Le service urgences visc\u00e9rales du CHU (Centre hospitalier universitaire) Yalgado Ou\u00e9draogo a re\u00e7u un don d\u2019\u00e9quipements b ...","og_url":"https:\/\/www.africa-press.net\/burkina-faso\/toutes-les-actualites\/burkina-faso-iliasse-ouedraogo-laisse-parler-son-coeur-au-chu-yalgado","og_site_name":"Burkina Faso","article_published_time":"2021-04-08T09:28:23+00:00","article_modified_time":"2021-04-08T14:30:55+00:00","og_image":[{"width":750,"height":454,"url":"https:\/\/static.africa-press.net\/burkina\/sites\/42\/2021\/04\/img-606ec96133e84.jpg","type":"image\/jpeg"}],"author":"cfeditorfr","twitter_card":"summary_large_image","twitter_misc":{"\u00c9crit par":"cfeditorfr","Dur\u00e9e de lecture estim\u00e9e":"1 minute"},"schema":{"@context":"https:\/\/schema.org","@graph":[{"@type":"Article","@id":"https:\/\/www.africa-press.net\/burkina-faso\/toutes-les-actualites\/burkina-faso-iliasse-ouedraogo-laisse-parler-son-coeur-au-chu-yalgado#article","isPartOf":{"@id":"https:\/\/www.africa-press.net\/burkina-faso\/toutes-les-actualites\/burkina-faso-iliasse-ouedraogo-laisse-parler-son-coeur-au-chu-yalgado"},"author":{"name":"cfeditorfr","@id":"https:\/\/www.africa-press.net\/burkina-faso\/#\/schema\/person\/2b1cf3cd81a31e3cd26889ca66d677f1"},"headline":"Iliasse Ou\u00e9draogo laisse parler son c\u0153ur au CHU Yalgado","datePublished":"2021-04-08T09:28:23+00:00","dateModified":"2021-04-08T14:30:55+00:00","mainEntityOfPage":{"@id":"https:\/\/www.africa-press.net\/burkina-faso\/toutes-les-actualites\/burkina-faso-iliasse-ouedraogo-laisse-parler-son-coeur-au-chu-yalgado"},"wordCount":181,"commentCount":0,"image":{"@id":"https:\/\/www.africa-press.net\/burkina-faso\/toutes-les-actualites\/burkina-faso-iliasse-ouedraogo-laisse-parler-son-coeur-au-chu-yalgado#primaryimage"},"thumbnailUrl":"https:\/\/static.africa-press.net\/burkina\/sites\/42\/2021\/04\/img-606ec96133e84.jpg","keywords":["Africa Press","Africa Press-Burkina Faso","Burkina Faso"],"articleSection":["Communaut\u00e9","homepage-french","Toutes les actualit\u00e9s"],"inLanguage":"fr-FR","potentialAction":[{"@type":"CommentAction","name":"Comment","target":["https:\/\/www.africa-press.net\/burkina-faso\/toutes-les-actualites\/burkina-faso-iliasse-ouedraogo-laisse-parler-son-coeur-au-chu-yalgado#respond"]}]},{"@type":"WebPage","@id":"https:\/\/www.africa-press.net\/burkina-faso\/toutes-les-actualites\/burkina-faso-iliasse-ouedraogo-laisse-parler-son-coeur-au-chu-yalgado","url":"https:\/\/www.africa-press.net\/burkina-faso\/toutes-les-actualites\/burkina-faso-iliasse-ouedraogo-laisse-parler-son-coeur-au-chu-yalgado","name":"Iliasse Ou\u00e9draogo laisse parler son c\u0153ur au CHU Yalgado - Burkina Faso","isPartOf":{"@id":"https:\/\/www.africa-press.net\/burkina-faso\/#website"},"primaryImageOfPage":{"@id":"https:\/\/www.africa-press.net\/burkina-faso\/toutes-les-actualites\/burkina-faso-iliasse-ouedraogo-laisse-parler-son-coeur-au-chu-yalgado#primaryimage"},"image":{"@id":"https:\/\/www.africa-press.net\/burkina-faso\/toutes-les-actualites\/burkina-faso-iliasse-ouedraogo-laisse-parler-son-coeur-au-chu-yalgado#primaryimage"},"thumbnailUrl":"https:\/\/static.africa-press.net\/burkina\/sites\/42\/2021\/04\/img-606ec96133e84.jpg","datePublished":"2021-04-08T09:28:23+00:00","dateModified":"2021-04-08T14:30:55+00:00","author":{"@id":"https:\/\/www.africa-press.net\/burkina-faso\/#\/schema\/person\/2b1cf3cd81a31e3cd26889ca66d677f1"},"description":"Le service urgences visc\u00e9rales du CHU (Centre hospitalier universitaire) Yalgado Ou\u00e9draogo a re\u00e7u un don d\u2019\u00e9quipements b ...","breadcrumb":{"@id":"https:\/\/www.africa-press.net\/burkina-faso\/toutes-les-actualites\/burkina-faso-iliasse-ouedraogo-laisse-parler-son-coeur-au-chu-yalgado#breadcrumb"},"inLanguage":"fr-FR","potentialAction":[{"@type":"ReadAction","target":["https:\/\/www.africa-press.net\/burkina-faso\/toutes-les-actualites\/burkina-faso-iliasse-ouedraogo-laisse-parler-son-coeur-au-chu-yalgado"]}]},{"@type":"ImageObject","inLanguage":"fr-FR","@id":"https:\/\/www.africa-press.net\/burkina-faso\/toutes-les-actualites\/burkina-faso-iliasse-ouedraogo-laisse-parler-son-coeur-au-chu-yalgado#primaryimage","url":"https:\/\/static.africa-press.net\/burkina\/sites\/42\/2021\/04\/img-606ec96133e84.jpg","contentUrl":"https:\/\/static.africa-press.net\/burkina\/sites\/42\/2021\/04\/img-606ec96133e84.jpg","width":750,"height":454,"caption":"Burkina Faso : Iliasse Ou\u00e9draogo laisse parler son c\u0153ur au CHU Yalgado"},{"@type":"BreadcrumbList","@id":"https:\/\/www.africa-press.net\/burkina-faso\/toutes-les-actualites\/burkina-faso-iliasse-ouedraogo-laisse-parler-son-coeur-au-chu-yalgado#breadcrumb","itemListElement":[{"@type":"ListItem","position":1,"name":"Accueil","item":"https:\/\/www.africa-press.net\/burkina-faso\/"},{"@type":"ListItem","position":2,"name":"Iliasse Ou\u00e9draogo laisse parler son c\u0153ur au CHU Yalgado"}]},{"@type":"WebSite","@id":"https:\/\/www.africa-press.net\/burkina-faso\/#website","url":"https:\/\/www.africa-press.net\/burkina-faso\/","name":"Burkina Faso","description":"Just another Africa News Agency Sites site","potentialAction":[{"@type":"SearchAction","target":{"@type":"EntryPoint","urlTemplate":"https:\/\/www.africa-press.net\/burkina-faso\/?s={search_term_string}"},"query-input":{"@type":"PropertyValueSpecification","valueRequired":true,"valueName":"search_term_string"}}],"inLanguage":"fr-FR"},{"@type":"Person","@id":"https:\/\/www.africa-press.net\/burkina-faso\/#\/schema\/person\/2b1cf3cd81a31e3cd26889ca66d677f1","name":"cfeditorfr"}]}},"_links":{"self":[{"href":"https:\/\/www.africa-press.net\/burkina-faso\/wp-json\/wp\/v2\/posts\/9427","targetHints":{"allow":["GET"]}}],"collection":[{"href":"https:\/\/www.africa-press.net\/burkina-faso\/wp-json\/wp\/v2\/posts"}],"about":[{"href":"https:\/\/www.africa-press.net\/burkina-faso\/wp-json\/wp\/v2\/types\/post"}],"author":[{"embeddable":true,"href":"https:\/\/www.africa-press.net\/burkina-faso\/wp-json\/wp\/v2\/users\/82"}],"replies":[{"embeddable":true,"href":"https:\/\/www.africa-press.net\/burkina-faso\/wp-json\/wp\/v2\/comments?post=9427"}],"version-history":[{"count":0,"href":"https:\/\/www.africa-press.net\/burkina-faso\/wp-json\/wp\/v2\/posts\/9427\/revisions"}],"wp:featuredmedia":[{"embeddable":true,"href":"https:\/\/www.africa-press.net\/burkina-faso\/wp-json\/wp\/v2\/media\/9426"}],"wp:attachment":[{"href":"https:\/\/www.africa-press.net\/burkina-faso\/wp-json\/wp\/v2\/media?parent=9427"}],"wp:term":[{"taxonomy":"category","embeddable":true,"href":"https:\/\/www.africa-press.net\/burkina-faso\/wp-json\/wp\/v2\/categories?post=9427"},{"taxonomy":"post_tag","embeddable":true,"href":"https:\/\/www.africa-press.net\/burkina-faso\/wp-json\/wp\/v2\/tags?post=9427"}],"curies":[{"name":"wp","href":"https:\/\/api.w.org\/{rel}","templated":true}]}}