{"id":9451,"date":"2021-04-08T10:31:43","date_gmt":"2021-04-08T10:31:43","guid":{"rendered":"https:\/\/www.africa-press.net\/burkina-faso\/?p=9451"},"modified":"2021-04-08T14:32:42","modified_gmt":"2021-04-08T14:32:42","slug":"burkina-de-lincivisme-a-outrance-dans-nos-rues-et-sur-lechangeur-du-nord","status":"publish","type":"post","link":"https:\/\/www.africa-press.net\/burkina-faso\/toutes-les-actualites\/burkina-de-lincivisme-a-outrance-dans-nos-rues-et-sur-lechangeur-du-nord","title":{"rendered":"De l\u2019incivisme \u00e0 outrance dans nos rues et sur l\u2019\u00e9changeur du Nord"},"content":{"rendered":"<p><span style=\"color: #ff6600\"><strong><a href=\"https:\/\/www.africa-press.net\/\">Africa-Press<\/a> &#8211; <a href=\"https:\/\/www.africa-press.net\/burkina-faso\">Burkina Faso<\/a>. <\/strong><\/span><b>Ouvert officiellement \u00e0 la circulation, le jeudi 15 novembre 2018, l\u2019\u00e9changeur du Nord attirait de nombreux curieux pour faire des selfies ou juste pour faire la causette entre amis ou amoureux et admirer les routes serpent\u00e9es et les lampadaires. Des artistes y ont m\u00eame r\u00e9alis\u00e9 et continuent de r\u00e9aliser leurs clips vid\u00e9os. Je faisais partie de ces personnes qui avaient refus\u00e9 d\u2019emprunter cet \u00e9changeur, les six mois apr\u00e8s son inauguration, de peur de tomber sur des fissures sous un pont. Dieu merci, il n\u2019y a rien eu de tout \u00e7a.<\/b><\/p>\n<p>Je dois cependant vous avouer une chose. Mon c\u0153ur saigne. Il saigne quand je vois l\u2019\u00e9tat dans lequel l\u2019\u00e9changeur du Nord se trouve aujourd\u2019hui. Et la question qui hante mon esprit quand j\u2019y pense est \u00ab O\u00f9 est donc pass\u00e9 notre PATRIOTISME, notre amour pour la pr\u00e9servation des biens publics ? \u00bb.<\/p>\n<p>Le bitume est mal entretenu par endroits. Du sable, des herbes, des d\u00e9chets plastiques aux abords des routes. Le pav\u00e9 est d\u00e9cap\u00e9 par des inconscients. Les fleurs et arbres plant\u00e9s au moment de l\u2019inauguration du joyau sont dans un piteux \u00e9tat. Les grilles de protection sont d\u00e9fonc\u00e9es lors des accidents ou par des gens peu recommandables.<\/p>\n<p><b>Ouaga, sale et d\u00e9sordonn\u00e9e<\/b><\/p>\n<p>Pire ! Les automobilistes ne se g\u00eanent pas de jeter par-dessus bord mouchoirs et sachets d\u2019eau. D\u2019ailleurs c\u2019est comme sur toutes les routes de la capitale. La voie publique n\u2019est pourtant pas une poubelle. Qu\u2019est-ce que cela peut bien co\u00fbter de laisser ses sachets d\u2019eau et mouchoirs dans son v\u00e9hicule, et de les jeter dans une poubelle, une fois \u00e0 destination ? Rien.<\/p>\n<p>Le comble est que si jamais tu interpelles l\u2019incivique, il te traite de tous les noms d\u2019oiseau. Et dire que plus rien ne devait \u00eatre comme avant. C\u2019est Simon Compaor\u00e9 qui avait raison lorsqu\u2019il disait que \u00ab tout le monde n\u2019est pas fait pour vivre en ville \u00bb.<\/p>\n<p>Difficile de trouver une avenue digne de ce nom \u00e0 faire visiter \u00e0 un \u00e9tranger de passage dans la capitale burkinab\u00e8. L\u2019ex-Boulevard France-Afrique (aujourd\u2019hui Boulevard de l\u2019insurrection populaire) qui \u00e9tait si belle, il y a une dizaine d\u2019ann\u00e9es, est aujourd\u2019hui m\u00e9connaissable avec des installations anarchiques, des kiosques qui d\u00e9gradent m\u00eame la beaut\u00e9 du Boulevard. Apr\u00e8s tout l\u2019on dira encore que chacun cherche sa pitance.<\/p>\n<p>Comment les pays voisins font-ils pour avoir de si belles avenues, des espaces verts am\u00e9nag\u00e9s ? Je crois que tout est dans l\u2019auto-discipline de leur peuple. Ici au Burkina Faso, les \u00e9talages et points de commerce poussent comme des champignons, juste apr\u00e8s l\u2019inauguration des voies.<\/p>\n<p><b>Un \u00e9changeur qui perd de sa beaut\u00e9<\/b><\/p>\n<p>Bref ! Revenons \u00e0 notre \u00e9changeur du Nord. Il est dans un \u00e9tat lamentable. Des Burkinab\u00e8 ont trouv\u00e9 un moyen de s\u2019enrichir en arrachant les grilles de protection des arbres plant\u00e9s, pour donner fi\u00e8re allure \u00e0 l\u2019\u00e9changeur. Ici aussi, on me dira qu\u2019il n\u2019y a pas \u00e0 manger et que c\u2019est dur. Pourtant des gens ont vu ces personnes arracher ses grilles sans les d\u00e9noncer.<\/p>\n<p>Les gens empruntent all\u00e8grement le sens interdit au vu et au su de tout le monde. On attend qu\u2019un drame se produise avant que les riverains ne s\u2019en prennent \u00e0 l\u2019automobiliste. A Ouagadougou, difficile d\u2019avoir raison face \u00e0 la foule quand on poss\u00e8de un v\u00e9hicule impliqu\u00e9 dans un accident.<\/p>\n<p>Un autre fait assez grave, ce sont les pav\u00e9s qui sont d\u00e9molies par des personnes. En venant du rond-point de la jeunesse (ex-rond-point de Tampouy) comme si l\u2019on remontait en ville, il y a une petite bretelle \u00e0 droite. Les pav\u00e9s y ont \u00e9t\u00e9 simplement enlev\u00e9s. A quelle fin ? Je ne saurai vous le dire. Mais une chose est s\u00fbre, si rien n\u2019est fait, toute cette bretelle sera compl\u00e8tement d\u00e9truite.<\/p>\n<p>Enfin, je n\u2019\u00e9tais pas au bout de mes surprises lorsque j\u2019ai emprunt\u00e9 l\u2019\u00e9changeur \u00e0 partir de sa bretelle qui m\u00e8ne \u00e0 Nonsin. Des riverains ont trouv\u00e9 une facilit\u00e9 de prendre un raccourci en traversant la chauss\u00e9e car ne voulant pas aller jusqu\u2019\u00e0 l\u2019intersection.<\/p>\n<p><b>Un accident mortel \u00e9vit\u00e9 de justesse<\/b><\/p>\n<p>Au niveau du march\u00e9 de Baskuy, en allant vers Kologh-Naaba, des riverains chevauchent le terre-plein au vu et au su des passagers. Rien que le 25 mars dernier, un accident mortel a \u00e9t\u00e9 \u00e9vit\u00e9 de justesse. En voulant escalader le terre-plein central, un gar\u00e7on a perdu l\u2019\u00e9quilibre et s\u2019est \u00e9croul\u00e9 sur le bitume juste devant un v\u00e9hicule. L\u2019enfant n\u2019a fait que mimer ce que font les adultes sur cette route. Si une fois quelqu\u2019un avait eu le courage de dire \u00e0 ses personnes que cela est mal, je pense que les choses allaient changer.<\/p>\n<p>Nous pouvons tous nous y mettre en faisant quelque chose. Chacun \u00e0 sa fa\u00e7on. Afin que les choses bougent favorablement dans notre pays. Le silence n\u2019a jamais chang\u00e9 les choses.<\/p>\n<p><b>\u00a0<\/b><\/p>\n","protected":false},"excerpt":{"rendered":"<p>Africa-Press &#8211; Burkina Faso. Ouvert officiellement \u00e0 la circulation, le jeudi 15 novembre 2018, l\u2019\u00e9changeur du Nord attirait de nombreux curieux pour faire des selfies ou juste pour faire la causette entre amis ou amoureux et admirer les routes serpent\u00e9es et les lampadaires. Des artistes y ont m\u00eame r\u00e9alis\u00e9 et continuent de r\u00e9aliser leurs clips [&hellip;]<\/p>\n","protected":false},"author":82,"featured_media":9450,"comment_status":"open","ping_status":"closed","sticky":false,"template":"","format":"standard","meta":{"footnotes":""},"categories":[21,11,10],"tags":[111,725,29],"class_list":["post-9451","post","type-post","status-publish","format-standard","has-post-thumbnail","hentry","category-communaute","category-homepage-french","category-toutes-les-actualites","tag-africa-press","tag-africa-press-burkina-faso","tag-burkina-faso"],"yoast_head":"<!-- This site is optimized with the Yoast SEO Premium plugin v26.1 (Yoast SEO v27.0) - https:\/\/yoast.com\/product\/yoast-seo-premium-wordpress\/ -->\n<title>De l\u2019incivisme \u00e0 outrance dans nos rues et sur l\u2019\u00e9changeur du Nord - Burkina Faso<\/title>\n<meta name=\"description\" content=\"Ouvert officiellement \u00e0 la circulation, le jeudi 15 novembre 2018, l\u2019\u00e9changeur du Nord attirait de nombreux curieux p ...\" \/>\n<meta name=\"robots\" content=\"index, follow, max-snippet:-1, max-image-preview:large, max-video-preview:-1\" \/>\n<link rel=\"canonical\" href=\"https:\/\/www.africa-press.net\/burkina-faso\/toutes-les-actualites\/burkina-de-lincivisme-a-outrance-dans-nos-rues-et-sur-lechangeur-du-nord\" \/>\n<meta property=\"og:locale\" content=\"fr_FR\" \/>\n<meta property=\"og:type\" content=\"article\" \/>\n<meta property=\"og:title\" content=\"De l\u2019incivisme \u00e0 outrance dans nos rues et sur l\u2019\u00e9changeur du Nord\" \/>\n<meta property=\"og:description\" content=\"Ouvert officiellement \u00e0 la circulation, le jeudi 15 novembre 2018, l\u2019\u00e9changeur du Nord attirait de nombreux curieux p ...\" \/>\n<meta property=\"og:url\" content=\"https:\/\/www.africa-press.net\/burkina-faso\/toutes-les-actualites\/burkina-de-lincivisme-a-outrance-dans-nos-rues-et-sur-lechangeur-du-nord\" \/>\n<meta property=\"og:site_name\" content=\"Burkina Faso\" \/>\n<meta property=\"article:published_time\" content=\"2021-04-08T10:31:43+00:00\" \/>\n<meta property=\"article:modified_time\" content=\"2021-04-08T14:32:42+00:00\" \/>\n<meta property=\"og:image\" content=\"https:\/\/static.africa-press.net\/burkina\/sites\/42\/2021\/04\/img-606ecaa16eb77.jpg\" \/>\n\t<meta property=\"og:image:width\" content=\"720\" \/>\n\t<meta property=\"og:image:height\" content=\"405\" \/>\n\t<meta property=\"og:image:type\" content=\"image\/jpeg\" \/>\n<meta name=\"author\" content=\"cfeditorfr\" \/>\n<meta name=\"twitter:card\" content=\"summary_large_image\" \/>\n<meta name=\"twitter:label1\" content=\"\u00c9crit par\" \/>\n\t<meta name=\"twitter:data1\" content=\"cfeditorfr\" \/>\n\t<meta name=\"twitter:label2\" content=\"Dur\u00e9e de lecture estim\u00e9e\" \/>\n\t<meta name=\"twitter:data2\" content=\"4 minutes\" \/>\n<script type=\"application\/ld+json\" class=\"yoast-schema-graph\">{\"@context\":\"https:\/\/schema.org\",\"@graph\":[{\"@type\":\"Article\",\"@id\":\"https:\/\/www.africa-press.net\/burkina-faso\/toutes-les-actualites\/burkina-de-lincivisme-a-outrance-dans-nos-rues-et-sur-lechangeur-du-nord#article\",\"isPartOf\":{\"@id\":\"https:\/\/www.africa-press.net\/burkina-faso\/toutes-les-actualites\/burkina-de-lincivisme-a-outrance-dans-nos-rues-et-sur-lechangeur-du-nord\"},\"author\":{\"name\":\"cfeditorfr\",\"@id\":\"https:\/\/www.africa-press.net\/burkina-faso\/#\/schema\/person\/2b1cf3cd81a31e3cd26889ca66d677f1\"},\"headline\":\"De l\u2019incivisme \u00e0 outrance dans nos rues et sur l\u2019\u00e9changeur du Nord\",\"datePublished\":\"2021-04-08T10:31:43+00:00\",\"dateModified\":\"2021-04-08T14:32:42+00:00\",\"mainEntityOfPage\":{\"@id\":\"https:\/\/www.africa-press.net\/burkina-faso\/toutes-les-actualites\/burkina-de-lincivisme-a-outrance-dans-nos-rues-et-sur-lechangeur-du-nord\"},\"wordCount\":869,\"commentCount\":0,\"image\":{\"@id\":\"https:\/\/www.africa-press.net\/burkina-faso\/toutes-les-actualites\/burkina-de-lincivisme-a-outrance-dans-nos-rues-et-sur-lechangeur-du-nord#primaryimage\"},\"thumbnailUrl\":\"https:\/\/static.africa-press.net\/burkina\/sites\/42\/2021\/04\/img-606ecaa16eb77.jpg\",\"keywords\":[\"Africa Press\",\"Africa Press-Burkina Faso\",\"Burkina Faso\"],\"articleSection\":[\"Communaut\u00e9\",\"homepage-french\",\"Toutes les actualit\u00e9s\"],\"inLanguage\":\"fr-FR\",\"potentialAction\":[{\"@type\":\"CommentAction\",\"name\":\"Comment\",\"target\":[\"https:\/\/www.africa-press.net\/burkina-faso\/toutes-les-actualites\/burkina-de-lincivisme-a-outrance-dans-nos-rues-et-sur-lechangeur-du-nord#respond\"]}]},{\"@type\":\"WebPage\",\"@id\":\"https:\/\/www.africa-press.net\/burkina-faso\/toutes-les-actualites\/burkina-de-lincivisme-a-outrance-dans-nos-rues-et-sur-lechangeur-du-nord\",\"url\":\"https:\/\/www.africa-press.net\/burkina-faso\/toutes-les-actualites\/burkina-de-lincivisme-a-outrance-dans-nos-rues-et-sur-lechangeur-du-nord\",\"name\":\"De l\u2019incivisme \u00e0 outrance dans nos rues et sur l\u2019\u00e9changeur du Nord - Burkina Faso\",\"isPartOf\":{\"@id\":\"https:\/\/www.africa-press.net\/burkina-faso\/#website\"},\"primaryImageOfPage\":{\"@id\":\"https:\/\/www.africa-press.net\/burkina-faso\/toutes-les-actualites\/burkina-de-lincivisme-a-outrance-dans-nos-rues-et-sur-lechangeur-du-nord#primaryimage\"},\"image\":{\"@id\":\"https:\/\/www.africa-press.net\/burkina-faso\/toutes-les-actualites\/burkina-de-lincivisme-a-outrance-dans-nos-rues-et-sur-lechangeur-du-nord#primaryimage\"},\"thumbnailUrl\":\"https:\/\/static.africa-press.net\/burkina\/sites\/42\/2021\/04\/img-606ecaa16eb77.jpg\",\"datePublished\":\"2021-04-08T10:31:43+00:00\",\"dateModified\":\"2021-04-08T14:32:42+00:00\",\"author\":{\"@id\":\"https:\/\/www.africa-press.net\/burkina-faso\/#\/schema\/person\/2b1cf3cd81a31e3cd26889ca66d677f1\"},\"description\":\"Ouvert officiellement \u00e0 la circulation, le jeudi 15 novembre 2018, l\u2019\u00e9changeur du Nord attirait de nombreux curieux p ...\",\"breadcrumb\":{\"@id\":\"https:\/\/www.africa-press.net\/burkina-faso\/toutes-les-actualites\/burkina-de-lincivisme-a-outrance-dans-nos-rues-et-sur-lechangeur-du-nord#breadcrumb\"},\"inLanguage\":\"fr-FR\",\"potentialAction\":[{\"@type\":\"ReadAction\",\"target\":[\"https:\/\/www.africa-press.net\/burkina-faso\/toutes-les-actualites\/burkina-de-lincivisme-a-outrance-dans-nos-rues-et-sur-lechangeur-du-nord\"]}]},{\"@type\":\"ImageObject\",\"inLanguage\":\"fr-FR\",\"@id\":\"https:\/\/www.africa-press.net\/burkina-faso\/toutes-les-actualites\/burkina-de-lincivisme-a-outrance-dans-nos-rues-et-sur-lechangeur-du-nord#primaryimage\",\"url\":\"https:\/\/static.africa-press.net\/burkina\/sites\/42\/2021\/04\/img-606ecaa16eb77.jpg\",\"contentUrl\":\"https:\/\/static.africa-press.net\/burkina\/sites\/42\/2021\/04\/img-606ecaa16eb77.jpg\",\"width\":720,\"height\":405,\"caption\":\"Burkina : De l\u2019incivisme \u00e0 outrance dans nos rues et sur l\u2019\u00e9changeur du Nord\"},{\"@type\":\"BreadcrumbList\",\"@id\":\"https:\/\/www.africa-press.net\/burkina-faso\/toutes-les-actualites\/burkina-de-lincivisme-a-outrance-dans-nos-rues-et-sur-lechangeur-du-nord#breadcrumb\",\"itemListElement\":[{\"@type\":\"ListItem\",\"position\":1,\"name\":\"Accueil\",\"item\":\"https:\/\/www.africa-press.net\/burkina-faso\/\"},{\"@type\":\"ListItem\",\"position\":2,\"name\":\"De l\u2019incivisme \u00e0 outrance dans nos rues et sur l\u2019\u00e9changeur du Nord\"}]},{\"@type\":\"WebSite\",\"@id\":\"https:\/\/www.africa-press.net\/burkina-faso\/#website\",\"url\":\"https:\/\/www.africa-press.net\/burkina-faso\/\",\"name\":\"Burkina Faso\",\"description\":\"Just another Africa News Agency Sites site\",\"potentialAction\":[{\"@type\":\"SearchAction\",\"target\":{\"@type\":\"EntryPoint\",\"urlTemplate\":\"https:\/\/www.africa-press.net\/burkina-faso\/?s={search_term_string}\"},\"query-input\":{\"@type\":\"PropertyValueSpecification\",\"valueRequired\":true,\"valueName\":\"search_term_string\"}}],\"inLanguage\":\"fr-FR\"},{\"@type\":\"Person\",\"@id\":\"https:\/\/www.africa-press.net\/burkina-faso\/#\/schema\/person\/2b1cf3cd81a31e3cd26889ca66d677f1\",\"name\":\"cfeditorfr\"}]}<\/script>\n<!-- \/ Yoast SEO Premium plugin. -->","yoast_head_json":{"title":"De l\u2019incivisme \u00e0 outrance dans nos rues et sur l\u2019\u00e9changeur du Nord - Burkina Faso","description":"Ouvert officiellement \u00e0 la circulation, le jeudi 15 novembre 2018, l\u2019\u00e9changeur du Nord attirait de nombreux curieux p ...","robots":{"index":"index","follow":"follow","max-snippet":"max-snippet:-1","max-image-preview":"max-image-preview:large","max-video-preview":"max-video-preview:-1"},"canonical":"https:\/\/www.africa-press.net\/burkina-faso\/toutes-les-actualites\/burkina-de-lincivisme-a-outrance-dans-nos-rues-et-sur-lechangeur-du-nord","og_locale":"fr_FR","og_type":"article","og_title":"De l\u2019incivisme \u00e0 outrance dans nos rues et sur l\u2019\u00e9changeur du Nord","og_description":"Ouvert officiellement \u00e0 la circulation, le jeudi 15 novembre 2018, l\u2019\u00e9changeur du Nord attirait de nombreux curieux p ...","og_url":"https:\/\/www.africa-press.net\/burkina-faso\/toutes-les-actualites\/burkina-de-lincivisme-a-outrance-dans-nos-rues-et-sur-lechangeur-du-nord","og_site_name":"Burkina Faso","article_published_time":"2021-04-08T10:31:43+00:00","article_modified_time":"2021-04-08T14:32:42+00:00","og_image":[{"width":720,"height":405,"url":"https:\/\/static.africa-press.net\/burkina\/sites\/42\/2021\/04\/img-606ecaa16eb77.jpg","type":"image\/jpeg"}],"author":"cfeditorfr","twitter_card":"summary_large_image","twitter_misc":{"\u00c9crit par":"cfeditorfr","Dur\u00e9e de lecture estim\u00e9e":"4 minutes"},"schema":{"@context":"https:\/\/schema.org","@graph":[{"@type":"Article","@id":"https:\/\/www.africa-press.net\/burkina-faso\/toutes-les-actualites\/burkina-de-lincivisme-a-outrance-dans-nos-rues-et-sur-lechangeur-du-nord#article","isPartOf":{"@id":"https:\/\/www.africa-press.net\/burkina-faso\/toutes-les-actualites\/burkina-de-lincivisme-a-outrance-dans-nos-rues-et-sur-lechangeur-du-nord"},"author":{"name":"cfeditorfr","@id":"https:\/\/www.africa-press.net\/burkina-faso\/#\/schema\/person\/2b1cf3cd81a31e3cd26889ca66d677f1"},"headline":"De l\u2019incivisme \u00e0 outrance dans nos rues et sur l\u2019\u00e9changeur du Nord","datePublished":"2021-04-08T10:31:43+00:00","dateModified":"2021-04-08T14:32:42+00:00","mainEntityOfPage":{"@id":"https:\/\/www.africa-press.net\/burkina-faso\/toutes-les-actualites\/burkina-de-lincivisme-a-outrance-dans-nos-rues-et-sur-lechangeur-du-nord"},"wordCount":869,"commentCount":0,"image":{"@id":"https:\/\/www.africa-press.net\/burkina-faso\/toutes-les-actualites\/burkina-de-lincivisme-a-outrance-dans-nos-rues-et-sur-lechangeur-du-nord#primaryimage"},"thumbnailUrl":"https:\/\/static.africa-press.net\/burkina\/sites\/42\/2021\/04\/img-606ecaa16eb77.jpg","keywords":["Africa Press","Africa Press-Burkina Faso","Burkina Faso"],"articleSection":["Communaut\u00e9","homepage-french","Toutes les actualit\u00e9s"],"inLanguage":"fr-FR","potentialAction":[{"@type":"CommentAction","name":"Comment","target":["https:\/\/www.africa-press.net\/burkina-faso\/toutes-les-actualites\/burkina-de-lincivisme-a-outrance-dans-nos-rues-et-sur-lechangeur-du-nord#respond"]}]},{"@type":"WebPage","@id":"https:\/\/www.africa-press.net\/burkina-faso\/toutes-les-actualites\/burkina-de-lincivisme-a-outrance-dans-nos-rues-et-sur-lechangeur-du-nord","url":"https:\/\/www.africa-press.net\/burkina-faso\/toutes-les-actualites\/burkina-de-lincivisme-a-outrance-dans-nos-rues-et-sur-lechangeur-du-nord","name":"De l\u2019incivisme \u00e0 outrance dans nos rues et sur l\u2019\u00e9changeur du Nord - Burkina Faso","isPartOf":{"@id":"https:\/\/www.africa-press.net\/burkina-faso\/#website"},"primaryImageOfPage":{"@id":"https:\/\/www.africa-press.net\/burkina-faso\/toutes-les-actualites\/burkina-de-lincivisme-a-outrance-dans-nos-rues-et-sur-lechangeur-du-nord#primaryimage"},"image":{"@id":"https:\/\/www.africa-press.net\/burkina-faso\/toutes-les-actualites\/burkina-de-lincivisme-a-outrance-dans-nos-rues-et-sur-lechangeur-du-nord#primaryimage"},"thumbnailUrl":"https:\/\/static.africa-press.net\/burkina\/sites\/42\/2021\/04\/img-606ecaa16eb77.jpg","datePublished":"2021-04-08T10:31:43+00:00","dateModified":"2021-04-08T14:32:42+00:00","author":{"@id":"https:\/\/www.africa-press.net\/burkina-faso\/#\/schema\/person\/2b1cf3cd81a31e3cd26889ca66d677f1"},"description":"Ouvert officiellement \u00e0 la circulation, le jeudi 15 novembre 2018, l\u2019\u00e9changeur du Nord attirait de nombreux curieux p ...","breadcrumb":{"@id":"https:\/\/www.africa-press.net\/burkina-faso\/toutes-les-actualites\/burkina-de-lincivisme-a-outrance-dans-nos-rues-et-sur-lechangeur-du-nord#breadcrumb"},"inLanguage":"fr-FR","potentialAction":[{"@type":"ReadAction","target":["https:\/\/www.africa-press.net\/burkina-faso\/toutes-les-actualites\/burkina-de-lincivisme-a-outrance-dans-nos-rues-et-sur-lechangeur-du-nord"]}]},{"@type":"ImageObject","inLanguage":"fr-FR","@id":"https:\/\/www.africa-press.net\/burkina-faso\/toutes-les-actualites\/burkina-de-lincivisme-a-outrance-dans-nos-rues-et-sur-lechangeur-du-nord#primaryimage","url":"https:\/\/static.africa-press.net\/burkina\/sites\/42\/2021\/04\/img-606ecaa16eb77.jpg","contentUrl":"https:\/\/static.africa-press.net\/burkina\/sites\/42\/2021\/04\/img-606ecaa16eb77.jpg","width":720,"height":405,"caption":"Burkina : De l\u2019incivisme \u00e0 outrance dans nos rues et sur l\u2019\u00e9changeur du Nord"},{"@type":"BreadcrumbList","@id":"https:\/\/www.africa-press.net\/burkina-faso\/toutes-les-actualites\/burkina-de-lincivisme-a-outrance-dans-nos-rues-et-sur-lechangeur-du-nord#breadcrumb","itemListElement":[{"@type":"ListItem","position":1,"name":"Accueil","item":"https:\/\/www.africa-press.net\/burkina-faso\/"},{"@type":"ListItem","position":2,"name":"De l\u2019incivisme \u00e0 outrance dans nos rues et sur l\u2019\u00e9changeur du Nord"}]},{"@type":"WebSite","@id":"https:\/\/www.africa-press.net\/burkina-faso\/#website","url":"https:\/\/www.africa-press.net\/burkina-faso\/","name":"Burkina Faso","description":"Just another Africa News Agency Sites site","potentialAction":[{"@type":"SearchAction","target":{"@type":"EntryPoint","urlTemplate":"https:\/\/www.africa-press.net\/burkina-faso\/?s={search_term_string}"},"query-input":{"@type":"PropertyValueSpecification","valueRequired":true,"valueName":"search_term_string"}}],"inLanguage":"fr-FR"},{"@type":"Person","@id":"https:\/\/www.africa-press.net\/burkina-faso\/#\/schema\/person\/2b1cf3cd81a31e3cd26889ca66d677f1","name":"cfeditorfr"}]}},"_links":{"self":[{"href":"https:\/\/www.africa-press.net\/burkina-faso\/wp-json\/wp\/v2\/posts\/9451","targetHints":{"allow":["GET"]}}],"collection":[{"href":"https:\/\/www.africa-press.net\/burkina-faso\/wp-json\/wp\/v2\/posts"}],"about":[{"href":"https:\/\/www.africa-press.net\/burkina-faso\/wp-json\/wp\/v2\/types\/post"}],"author":[{"embeddable":true,"href":"https:\/\/www.africa-press.net\/burkina-faso\/wp-json\/wp\/v2\/users\/82"}],"replies":[{"embeddable":true,"href":"https:\/\/www.africa-press.net\/burkina-faso\/wp-json\/wp\/v2\/comments?post=9451"}],"version-history":[{"count":0,"href":"https:\/\/www.africa-press.net\/burkina-faso\/wp-json\/wp\/v2\/posts\/9451\/revisions"}],"wp:featuredmedia":[{"embeddable":true,"href":"https:\/\/www.africa-press.net\/burkina-faso\/wp-json\/wp\/v2\/media\/9450"}],"wp:attachment":[{"href":"https:\/\/www.africa-press.net\/burkina-faso\/wp-json\/wp\/v2\/media?parent=9451"}],"wp:term":[{"taxonomy":"category","embeddable":true,"href":"https:\/\/www.africa-press.net\/burkina-faso\/wp-json\/wp\/v2\/categories?post=9451"},{"taxonomy":"post_tag","embeddable":true,"href":"https:\/\/www.africa-press.net\/burkina-faso\/wp-json\/wp\/v2\/tags?post=9451"}],"curies":[{"name":"wp","href":"https:\/\/api.w.org\/{rel}","templated":true}]}}