{"id":9469,"date":"2021-04-08T11:18:20","date_gmt":"2021-04-08T11:18:20","guid":{"rendered":"https:\/\/www.africa-press.net\/burkina-faso\/?p=9469"},"modified":"2021-04-17T12:28:03","modified_gmt":"2021-04-17T12:28:03","slug":"projet-de-loi-sur-les-drones-civils-nous-esperons-etre-consultes-souhaite-younoussa-sanfo-president-de-lassociation-nationale-des-specialistes-des-drones","status":"publish","type":"post","link":"https:\/\/www.africa-press.net\/burkina-faso\/homepage-french\/projet-de-loi-sur-les-drones-civils-nous-esperons-etre-consultes-souhaite-younoussa-sanfo-president-de-lassociation-nationale-des-specialistes-des-drones","title":{"rendered":"Projet de loi sur les drones civils : \u00ab Nous esp\u00e9rons \u00eatre consult\u00e9s \u00bb, souhaite Younoussa Sanfo, pr\u00e9sident de l\u2019Association nationale des sp\u00e9cialistes des drones"},"content":{"rendered":"<p><span style=\"color: #ff6600\"><strong><a href=\"https:\/\/www.africa-press.net\/\">Africa-Press<\/a> &#8211; <a href=\"https:\/\/www.africa-press.net\/burkina-faso\">Burkina Faso<\/a>. <\/strong><\/span><b>L\u2019information n\u2019est pas pass\u00e9e inaper\u00e7ue aupr\u00e8s des amateurs de drones. Le conseil des ministres, en sa s\u00e9ance du mercredi 31 mars 2021, a d\u00e9cid\u00e9 de faire adopter \u00e0 l\u2019Assembl\u00e9e nationale un projet de loi portant r\u00e9gime juridique applicable aux drones civils au Burkina Faso. A l\u2019Association nationale des Sp\u00e9cialistes des Drones et autres Appareils civils volants, cette d\u00e9cision de l\u2019ex\u00e9cutif est la bienvenue, car elle permettra d\u2019assainir l\u2019acquisition et l\u2019utilisation des drones et permettre aux acteurs du domaine de travailler sereinement. Nous avons r\u00e9alis\u00e9 un entretien avec son pr\u00e9sident, Younoussa Sanfo, par ailleurs expert en s\u00e9curit\u00e9 informatique.<\/b><\/p>\n<p><b> : Pr\u00e9sentez-nous l\u2019Association nationale des Sp\u00e9cialistes des Drones et autres Appareils civils volants<\/b><\/p>\n<p>Younoussa Sanfo (Y.S.) : Au Burkina Faso, le drone est une technologie \u00e0 laquelle plusieurs personnes pr\u00e9disent un grand avenir. Son usage professionnel et ludique en effet, fait l\u2019objet d\u2019une utilisation croissante ; ce qui pr\u00e9sage un march\u00e9 \u00e0 fort potentiel pour les fournisseurs de services de drones.<\/p>\n<p>Notre association, l\u2019Association nationale des Sp\u00e9cialistes des Drones et autres Appareils civils volants (ANSDAV), a \u00e9t\u00e9 cr\u00e9\u00e9e en 2019 et officiellement reconnue le 11 mars 2020 par les autorit\u00e9s comp\u00e9tentes. Il s\u2019agit d\u2019une organisation nationale qui se veut \u00eatre un rassemblement des professionnels du secteur. Son but principal est de renforcer l\u2019esprit de professionnalisme, de respect de la l\u00e9gislation en mati\u00e8re de drones et autres appareils civils volants, d\u2019entraide entre les membres et \u00e9galement servir de r\u00e9servoir de personnes ressources pour notre pays, le Burkina Faso, voire du continent africain.<\/p>\n<p>Cette organisation nationale se veut donc \u00eatre un rassemblement des professionnels du secteur afin de contribuer \u00e0 la vulgarisation du drone et autres appareils civils volants par l\u2019information et la formation et devenir un interlocuteur incontournable avec les organismes de s\u00e9curit\u00e9 et le gouvernement.<\/p>\n<p>Au regard du nombre croissant des utilisateurs de drones au Burkina Faso, au regard des enjeux li\u00e9s \u00e0 la s\u00e9curit\u00e9 que nous constatons dans les grandes villes, et m\u00eame dans les villages, cette association permettra \u00e0 nous professionnels, de mieux nous organiser et, comme dit plus haut, \u00eatre un interlocuteur de l\u2019Etat pour participer \u00e0 la vulgarisation des r\u00e8gles et des lois, mais aussi aider des plus jeunes \u00e0 s\u2019int\u00e9resser \u00e0 la technologie des drones.<\/p>\n<p><b> : Combien de membres compte l\u2019association ?<\/b><\/p>\n<p>Y.S. : Nous comptons \u00e0 nos jours environ 200 membres dans plusieurs secteurs d\u2019activit\u00e9s qui font usage de ces appareils au niveau national. Nous profitons pour lancer un appel afin que tous ceux qui s\u2019int\u00e9ressent au drone, quelle que soit la branche de m\u00e9tier, \u00e0 nous rejoindre car nous traitons du sujet du drone dans tout son ensemble. Nous sommes joignables sur les e-mails secgen@ansdav.org ou presi@ansdav.org.<\/p>\n<p><b> : Quelles sont les activit\u00e9s d\u00e9j\u00e0 r\u00e9alis\u00e9es par l\u2019association ?<\/b><\/p>\n<p>Y.S. : Il faut noter que les activit\u00e9s pass\u00e9es ou en cours ont ralenti pour les raisons sanitaires mais aussi r\u00e9cemment avec l\u2019annonce du gouvernement sur la r\u00e8glementation de l\u2019utilisation des drones civils et de loisirs.<\/p>\n<p>Les activit\u00e9s de formation ont \u00e9t\u00e9 suspendues pour raison de COVID-19.<br \/>\nIl y a aussi les travaux de groupe pour des projets tels qu\u2019un projet d\u2019a\u00e9rodrome en collaboration avec les autorit\u00e9s du minist\u00e8re des Transports, mais aussi de la S\u00e9curit\u00e9 et de la D\u00e9fense. Nous envisageons \u00e9galement des projets scientifiques pour associer au drone des kits d\u2019intelligence artificiels, en collaboration avec l\u2019Acad\u00e9mie de Cr\u00e9ation et d\u2019Eveil Scientifique.<\/p>\n<p>En termes d\u2019activit\u00e9s de groupe, nous avons eu des sessions de rencontres pour \u00e9changer autour des opportunit\u00e9s et les d\u00e9fis de l\u2019utilisation des drones civils au Burkina. La formation et la sensibilisation des membres sont constantes et nous utilisons toutes les occasions pour les organiser, parfois en ligne.<\/p>\n<p><b> : Avant d\u2019entrer dans le vif du sujet, dites-nous ce qu\u2019est un drone<\/b><\/p>\n<p>Y.S. : Un drone est un appareil volant qui ob\u00e9it aux instructions d\u2019une personne munie d\u2019une radiocommande. C\u2019est un appareil qui occupe l\u2019espace a\u00e9rien qu\u2019il partage avec les avions, h\u00e9licopt\u00e8res et autres objets volants. Le drone est parfois muni de capteurs tels que camera pour des photos et des vid\u00e9os, mais aussi d\u2019autres types de capteurs, selon l\u2019utilisation qui en est faite. Il n\u2019y a pas que les drones utilis\u00e9s pour faire des clips vid\u00e9os. Il y a aussi des drones capables de voler pendant des jours, de parcourir de milliers de kilom\u00e8tres et de transporter beaucoup de choses.<\/p>\n<p>Dans le cadre des drones civils, il y a des applications pour l\u2019agriculture, l\u2019inspection des lignes \u00e9lectriques, la s\u00e9curit\u00e9 et encore plus vaste, la surveillance. Nous \u00e0 ANSDAV, nous voyons le drone comme un moyen de capture de donn\u00e9es qui seront analys\u00e9es ou interpr\u00e9t\u00e9es. Le traitement peut \u00eatre diff\u00e9r\u00e9 mais il est possible de les exploiter en temps r\u00e9el.<\/p>\n<p>Chez ANSDAV, nous nous appliquons \u00e0 comprendre le fonctionnement des drones, \u00e0 maitriser la totalit\u00e9 des composants d\u2019un drone, car nous envisageons le montage de drones en collaboration avec d\u2019autres associations ou entreprises de la place.<\/p>\n<p><b> : Comment avez-vous accueilli la d\u00e9cision du gouvernement de faire adopter \u00e0 l\u2019Assembl\u00e9e nationale un projet de loi portant r\u00e9gime juridique applicable aux drones civils au Burkina Faso ?<\/b><\/p>\n<p>Y.S. : Nous l\u2019avons apprise comme tout le monde apr\u00e8s un conseil de ministres et nous appr\u00e9cions cette d\u00e9cision. Elle r\u00e9pond \u00e0 nos objectifs et nous pensions que l\u2019acquisition et l\u2019utilisation des drones devraient \u00eatre r\u00e8glement\u00e9es. Mais bien que nous existions depuis 2019 et pensions \u00eatre connus des autorit\u00e9s, nous n\u2019avons pas encore \u00e9t\u00e9 associ\u00e9s aux r\u00e9flexions.<\/p>\n","protected":false},"excerpt":{"rendered":"<p>Africa-Press &#8211; Burkina Faso. L\u2019information n\u2019est pas pass\u00e9e inaper\u00e7ue aupr\u00e8s des amateurs de drones. Le conseil des ministres, en sa s\u00e9ance du mercredi 31 mars 2021, a d\u00e9cid\u00e9 de faire adopter \u00e0 l\u2019Assembl\u00e9e nationale un projet de loi portant r\u00e9gime juridique applicable aux drones civils au Burkina Faso. A l\u2019Association nationale des Sp\u00e9cialistes des Drones [&hellip;]<\/p>\n","protected":false},"author":82,"featured_media":9468,"comment_status":"open","ping_status":"closed","sticky":false,"template":"","format":"standard","meta":{"footnotes":""},"categories":[11,2,10],"tags":[111,725,29],"class_list":["post-9469","post","type-post","status-publish","format-standard","has-post-thumbnail","hentry","category-homepage-french","category-politique","category-toutes-les-actualites","tag-africa-press","tag-africa-press-burkina-faso","tag-burkina-faso"],"yoast_head":"<!-- This site is optimized with the Yoast SEO Premium plugin v26.1 (Yoast SEO v27.0) - https:\/\/yoast.com\/product\/yoast-seo-premium-wordpress\/ -->\n<title>Projet de loi sur les drones civils : \u00ab Nous esp\u00e9rons \u00eatre consult\u00e9s \u00bb, souhaite Younoussa Sanfo, pr\u00e9sident de l\u2019Association nationale des sp\u00e9cialistes des drones - Burkina Faso<\/title>\n<meta name=\"description\" content=\"L\u2019information n\u2019est pas pass\u00e9e inaper\u00e7ue aupr\u00e8s des amateurs de drones. Le conseil des ministres, en sa s\u00e9ance du mer ...\" \/>\n<meta name=\"robots\" content=\"index, follow, max-snippet:-1, max-image-preview:large, max-video-preview:-1\" \/>\n<link rel=\"canonical\" href=\"https:\/\/www.africa-press.net\/burkina-faso\/homepage-french\/projet-de-loi-sur-les-drones-civils-nous-esperons-etre-consultes-souhaite-younoussa-sanfo-president-de-lassociation-nationale-des-specialistes-des-drones\" \/>\n<meta property=\"og:locale\" content=\"fr_FR\" \/>\n<meta property=\"og:type\" content=\"article\" \/>\n<meta property=\"og:title\" content=\"Projet de loi sur les drones civils : \u00ab Nous esp\u00e9rons \u00eatre consult\u00e9s \u00bb, souhaite Younoussa Sanfo, pr\u00e9sident de l\u2019Association nationale des sp\u00e9cialistes des drones\" \/>\n<meta property=\"og:description\" content=\"L\u2019information n\u2019est pas pass\u00e9e inaper\u00e7ue aupr\u00e8s des amateurs de drones. Le conseil des ministres, en sa s\u00e9ance du mer ...\" \/>\n<meta property=\"og:url\" content=\"https:\/\/www.africa-press.net\/burkina-faso\/homepage-french\/projet-de-loi-sur-les-drones-civils-nous-esperons-etre-consultes-souhaite-younoussa-sanfo-president-de-lassociation-nationale-des-specialistes-des-drones\" \/>\n<meta property=\"og:site_name\" content=\"Burkina Faso\" \/>\n<meta property=\"article:published_time\" content=\"2021-04-08T11:18:20+00:00\" \/>\n<meta property=\"article:modified_time\" content=\"2021-04-17T12:28:03+00:00\" \/>\n<meta property=\"og:image\" content=\"https:\/\/static.africa-press.net\/burkina\/sites\/42\/2021\/04\/img-606ecbb676096.jpg\" \/>\n\t<meta property=\"og:image:width\" content=\"720\" \/>\n\t<meta property=\"og:image:height\" content=\"399\" \/>\n\t<meta property=\"og:image:type\" content=\"image\/jpeg\" \/>\n<meta name=\"author\" content=\"cfeditorfr\" \/>\n<meta name=\"twitter:card\" content=\"summary_large_image\" \/>\n<meta name=\"twitter:label1\" content=\"\u00c9crit par\" \/>\n\t<meta name=\"twitter:data1\" content=\"cfeditorfr\" \/>\n\t<meta name=\"twitter:label2\" content=\"Dur\u00e9e de lecture estim\u00e9e\" \/>\n\t<meta name=\"twitter:data2\" content=\"4 minutes\" \/>\n<script type=\"application\/ld+json\" class=\"yoast-schema-graph\">{\"@context\":\"https:\/\/schema.org\",\"@graph\":[{\"@type\":\"Article\",\"@id\":\"https:\/\/www.africa-press.net\/burkina-faso\/homepage-french\/projet-de-loi-sur-les-drones-civils-nous-esperons-etre-consultes-souhaite-younoussa-sanfo-president-de-lassociation-nationale-des-specialistes-des-drones#article\",\"isPartOf\":{\"@id\":\"https:\/\/www.africa-press.net\/burkina-faso\/homepage-french\/projet-de-loi-sur-les-drones-civils-nous-esperons-etre-consultes-souhaite-younoussa-sanfo-president-de-lassociation-nationale-des-specialistes-des-drones\"},\"author\":{\"name\":\"cfeditorfr\",\"@id\":\"https:\/\/www.africa-press.net\/burkina-faso\/#\/schema\/person\/2b1cf3cd81a31e3cd26889ca66d677f1\"},\"headline\":\"Projet de loi sur les drones civils : \u00ab Nous esp\u00e9rons \u00eatre consult\u00e9s \u00bb, souhaite Younoussa Sanfo, pr\u00e9sident de l\u2019Association nationale des sp\u00e9cialistes des drones\",\"datePublished\":\"2021-04-08T11:18:20+00:00\",\"dateModified\":\"2021-04-17T12:28:03+00:00\",\"mainEntityOfPage\":{\"@id\":\"https:\/\/www.africa-press.net\/burkina-faso\/homepage-french\/projet-de-loi-sur-les-drones-civils-nous-esperons-etre-consultes-souhaite-younoussa-sanfo-president-de-lassociation-nationale-des-specialistes-des-drones\"},\"wordCount\":1028,\"commentCount\":0,\"image\":{\"@id\":\"https:\/\/www.africa-press.net\/burkina-faso\/homepage-french\/projet-de-loi-sur-les-drones-civils-nous-esperons-etre-consultes-souhaite-younoussa-sanfo-president-de-lassociation-nationale-des-specialistes-des-drones#primaryimage\"},\"thumbnailUrl\":\"https:\/\/static.africa-press.net\/burkina\/sites\/42\/2021\/04\/img-606ecbb676096.jpg\",\"keywords\":[\"Africa Press\",\"Africa Press-Burkina Faso\",\"Burkina Faso\"],\"articleSection\":[\"homepage-french\",\"Politique\",\"Toutes les actualit\u00e9s\"],\"inLanguage\":\"fr-FR\",\"potentialAction\":[{\"@type\":\"CommentAction\",\"name\":\"Comment\",\"target\":[\"https:\/\/www.africa-press.net\/burkina-faso\/homepage-french\/projet-de-loi-sur-les-drones-civils-nous-esperons-etre-consultes-souhaite-younoussa-sanfo-president-de-lassociation-nationale-des-specialistes-des-drones#respond\"]}]},{\"@type\":\"WebPage\",\"@id\":\"https:\/\/www.africa-press.net\/burkina-faso\/homepage-french\/projet-de-loi-sur-les-drones-civils-nous-esperons-etre-consultes-souhaite-younoussa-sanfo-president-de-lassociation-nationale-des-specialistes-des-drones\",\"url\":\"https:\/\/www.africa-press.net\/burkina-faso\/homepage-french\/projet-de-loi-sur-les-drones-civils-nous-esperons-etre-consultes-souhaite-younoussa-sanfo-president-de-lassociation-nationale-des-specialistes-des-drones\",\"name\":\"Projet de loi sur les drones civils : \u00ab Nous esp\u00e9rons \u00eatre consult\u00e9s \u00bb, souhaite Younoussa Sanfo, pr\u00e9sident de l\u2019Association nationale des sp\u00e9cialistes des drones - Burkina Faso\",\"isPartOf\":{\"@id\":\"https:\/\/www.africa-press.net\/burkina-faso\/#website\"},\"primaryImageOfPage\":{\"@id\":\"https:\/\/www.africa-press.net\/burkina-faso\/homepage-french\/projet-de-loi-sur-les-drones-civils-nous-esperons-etre-consultes-souhaite-younoussa-sanfo-president-de-lassociation-nationale-des-specialistes-des-drones#primaryimage\"},\"image\":{\"@id\":\"https:\/\/www.africa-press.net\/burkina-faso\/homepage-french\/projet-de-loi-sur-les-drones-civils-nous-esperons-etre-consultes-souhaite-younoussa-sanfo-president-de-lassociation-nationale-des-specialistes-des-drones#primaryimage\"},\"thumbnailUrl\":\"https:\/\/static.africa-press.net\/burkina\/sites\/42\/2021\/04\/img-606ecbb676096.jpg\",\"datePublished\":\"2021-04-08T11:18:20+00:00\",\"dateModified\":\"2021-04-17T12:28:03+00:00\",\"author\":{\"@id\":\"https:\/\/www.africa-press.net\/burkina-faso\/#\/schema\/person\/2b1cf3cd81a31e3cd26889ca66d677f1\"},\"description\":\"L\u2019information n\u2019est pas pass\u00e9e inaper\u00e7ue aupr\u00e8s des amateurs de drones. Le conseil des ministres, en sa s\u00e9ance du mer ...\",\"breadcrumb\":{\"@id\":\"https:\/\/www.africa-press.net\/burkina-faso\/homepage-french\/projet-de-loi-sur-les-drones-civils-nous-esperons-etre-consultes-souhaite-younoussa-sanfo-president-de-lassociation-nationale-des-specialistes-des-drones#breadcrumb\"},\"inLanguage\":\"fr-FR\",\"potentialAction\":[{\"@type\":\"ReadAction\",\"target\":[\"https:\/\/www.africa-press.net\/burkina-faso\/homepage-french\/projet-de-loi-sur-les-drones-civils-nous-esperons-etre-consultes-souhaite-younoussa-sanfo-president-de-lassociation-nationale-des-specialistes-des-drones\"]}]},{\"@type\":\"ImageObject\",\"inLanguage\":\"fr-FR\",\"@id\":\"https:\/\/www.africa-press.net\/burkina-faso\/homepage-french\/projet-de-loi-sur-les-drones-civils-nous-esperons-etre-consultes-souhaite-younoussa-sanfo-president-de-lassociation-nationale-des-specialistes-des-drones#primaryimage\",\"url\":\"https:\/\/static.africa-press.net\/burkina\/sites\/42\/2021\/04\/img-606ecbb676096.jpg\",\"contentUrl\":\"https:\/\/static.africa-press.net\/burkina\/sites\/42\/2021\/04\/img-606ecbb676096.jpg\",\"width\":720,\"height\":399,\"caption\":\"Projet de loi sur les drones civils : \u00ab Nous esp\u00e9rons \u00eatre consult\u00e9s \u00bb, souhaite Younoussa Sanfo, pr\u00e9sident de l\u2019Association nationale des sp\u00e9cialistes des drones\"},{\"@type\":\"BreadcrumbList\",\"@id\":\"https:\/\/www.africa-press.net\/burkina-faso\/homepage-french\/projet-de-loi-sur-les-drones-civils-nous-esperons-etre-consultes-souhaite-younoussa-sanfo-president-de-lassociation-nationale-des-specialistes-des-drones#breadcrumb\",\"itemListElement\":[{\"@type\":\"ListItem\",\"position\":1,\"name\":\"Accueil\",\"item\":\"https:\/\/www.africa-press.net\/burkina-faso\/\"},{\"@type\":\"ListItem\",\"position\":2,\"name\":\"Projet de loi sur les drones civils : \u00ab Nous esp\u00e9rons \u00eatre consult\u00e9s \u00bb, souhaite Younoussa Sanfo, pr\u00e9sident de l\u2019Association nationale des sp\u00e9cialistes des drones\"}]},{\"@type\":\"WebSite\",\"@id\":\"https:\/\/www.africa-press.net\/burkina-faso\/#website\",\"url\":\"https:\/\/www.africa-press.net\/burkina-faso\/\",\"name\":\"Burkina Faso\",\"description\":\"Just another Africa News Agency Sites site\",\"potentialAction\":[{\"@type\":\"SearchAction\",\"target\":{\"@type\":\"EntryPoint\",\"urlTemplate\":\"https:\/\/www.africa-press.net\/burkina-faso\/?s={search_term_string}\"},\"query-input\":{\"@type\":\"PropertyValueSpecification\",\"valueRequired\":true,\"valueName\":\"search_term_string\"}}],\"inLanguage\":\"fr-FR\"},{\"@type\":\"Person\",\"@id\":\"https:\/\/www.africa-press.net\/burkina-faso\/#\/schema\/person\/2b1cf3cd81a31e3cd26889ca66d677f1\",\"name\":\"cfeditorfr\"}]}<\/script>\n<!-- \/ Yoast SEO Premium plugin. -->","yoast_head_json":{"title":"Projet de loi sur les drones civils : \u00ab Nous esp\u00e9rons \u00eatre consult\u00e9s \u00bb, souhaite Younoussa Sanfo, pr\u00e9sident de l\u2019Association nationale des sp\u00e9cialistes des drones - Burkina Faso","description":"L\u2019information n\u2019est pas pass\u00e9e inaper\u00e7ue aupr\u00e8s des amateurs de drones. Le conseil des ministres, en sa s\u00e9ance du mer ...","robots":{"index":"index","follow":"follow","max-snippet":"max-snippet:-1","max-image-preview":"max-image-preview:large","max-video-preview":"max-video-preview:-1"},"canonical":"https:\/\/www.africa-press.net\/burkina-faso\/homepage-french\/projet-de-loi-sur-les-drones-civils-nous-esperons-etre-consultes-souhaite-younoussa-sanfo-president-de-lassociation-nationale-des-specialistes-des-drones","og_locale":"fr_FR","og_type":"article","og_title":"Projet de loi sur les drones civils : \u00ab Nous esp\u00e9rons \u00eatre consult\u00e9s \u00bb, souhaite Younoussa Sanfo, pr\u00e9sident de l\u2019Association nationale des sp\u00e9cialistes des drones","og_description":"L\u2019information n\u2019est pas pass\u00e9e inaper\u00e7ue aupr\u00e8s des amateurs de drones. Le conseil des ministres, en sa s\u00e9ance du mer ...","og_url":"https:\/\/www.africa-press.net\/burkina-faso\/homepage-french\/projet-de-loi-sur-les-drones-civils-nous-esperons-etre-consultes-souhaite-younoussa-sanfo-president-de-lassociation-nationale-des-specialistes-des-drones","og_site_name":"Burkina Faso","article_published_time":"2021-04-08T11:18:20+00:00","article_modified_time":"2021-04-17T12:28:03+00:00","og_image":[{"width":720,"height":399,"url":"https:\/\/static.africa-press.net\/burkina\/sites\/42\/2021\/04\/img-606ecbb676096.jpg","type":"image\/jpeg"}],"author":"cfeditorfr","twitter_card":"summary_large_image","twitter_misc":{"\u00c9crit par":"cfeditorfr","Dur\u00e9e de lecture estim\u00e9e":"4 minutes"},"schema":{"@context":"https:\/\/schema.org","@graph":[{"@type":"Article","@id":"https:\/\/www.africa-press.net\/burkina-faso\/homepage-french\/projet-de-loi-sur-les-drones-civils-nous-esperons-etre-consultes-souhaite-younoussa-sanfo-president-de-lassociation-nationale-des-specialistes-des-drones#article","isPartOf":{"@id":"https:\/\/www.africa-press.net\/burkina-faso\/homepage-french\/projet-de-loi-sur-les-drones-civils-nous-esperons-etre-consultes-souhaite-younoussa-sanfo-president-de-lassociation-nationale-des-specialistes-des-drones"},"author":{"name":"cfeditorfr","@id":"https:\/\/www.africa-press.net\/burkina-faso\/#\/schema\/person\/2b1cf3cd81a31e3cd26889ca66d677f1"},"headline":"Projet de loi sur les drones civils : \u00ab Nous esp\u00e9rons \u00eatre consult\u00e9s \u00bb, souhaite Younoussa Sanfo, pr\u00e9sident de l\u2019Association nationale des sp\u00e9cialistes des drones","datePublished":"2021-04-08T11:18:20+00:00","dateModified":"2021-04-17T12:28:03+00:00","mainEntityOfPage":{"@id":"https:\/\/www.africa-press.net\/burkina-faso\/homepage-french\/projet-de-loi-sur-les-drones-civils-nous-esperons-etre-consultes-souhaite-younoussa-sanfo-president-de-lassociation-nationale-des-specialistes-des-drones"},"wordCount":1028,"commentCount":0,"image":{"@id":"https:\/\/www.africa-press.net\/burkina-faso\/homepage-french\/projet-de-loi-sur-les-drones-civils-nous-esperons-etre-consultes-souhaite-younoussa-sanfo-president-de-lassociation-nationale-des-specialistes-des-drones#primaryimage"},"thumbnailUrl":"https:\/\/static.africa-press.net\/burkina\/sites\/42\/2021\/04\/img-606ecbb676096.jpg","keywords":["Africa Press","Africa Press-Burkina Faso","Burkina Faso"],"articleSection":["homepage-french","Politique","Toutes les actualit\u00e9s"],"inLanguage":"fr-FR","potentialAction":[{"@type":"CommentAction","name":"Comment","target":["https:\/\/www.africa-press.net\/burkina-faso\/homepage-french\/projet-de-loi-sur-les-drones-civils-nous-esperons-etre-consultes-souhaite-younoussa-sanfo-president-de-lassociation-nationale-des-specialistes-des-drones#respond"]}]},{"@type":"WebPage","@id":"https:\/\/www.africa-press.net\/burkina-faso\/homepage-french\/projet-de-loi-sur-les-drones-civils-nous-esperons-etre-consultes-souhaite-younoussa-sanfo-president-de-lassociation-nationale-des-specialistes-des-drones","url":"https:\/\/www.africa-press.net\/burkina-faso\/homepage-french\/projet-de-loi-sur-les-drones-civils-nous-esperons-etre-consultes-souhaite-younoussa-sanfo-president-de-lassociation-nationale-des-specialistes-des-drones","name":"Projet de loi sur les drones civils : \u00ab Nous esp\u00e9rons \u00eatre consult\u00e9s \u00bb, souhaite Younoussa Sanfo, pr\u00e9sident de l\u2019Association nationale des sp\u00e9cialistes des drones - Burkina Faso","isPartOf":{"@id":"https:\/\/www.africa-press.net\/burkina-faso\/#website"},"primaryImageOfPage":{"@id":"https:\/\/www.africa-press.net\/burkina-faso\/homepage-french\/projet-de-loi-sur-les-drones-civils-nous-esperons-etre-consultes-souhaite-younoussa-sanfo-president-de-lassociation-nationale-des-specialistes-des-drones#primaryimage"},"image":{"@id":"https:\/\/www.africa-press.net\/burkina-faso\/homepage-french\/projet-de-loi-sur-les-drones-civils-nous-esperons-etre-consultes-souhaite-younoussa-sanfo-president-de-lassociation-nationale-des-specialistes-des-drones#primaryimage"},"thumbnailUrl":"https:\/\/static.africa-press.net\/burkina\/sites\/42\/2021\/04\/img-606ecbb676096.jpg","datePublished":"2021-04-08T11:18:20+00:00","dateModified":"2021-04-17T12:28:03+00:00","author":{"@id":"https:\/\/www.africa-press.net\/burkina-faso\/#\/schema\/person\/2b1cf3cd81a31e3cd26889ca66d677f1"},"description":"L\u2019information n\u2019est pas pass\u00e9e inaper\u00e7ue aupr\u00e8s des amateurs de drones. Le conseil des ministres, en sa s\u00e9ance du mer ...","breadcrumb":{"@id":"https:\/\/www.africa-press.net\/burkina-faso\/homepage-french\/projet-de-loi-sur-les-drones-civils-nous-esperons-etre-consultes-souhaite-younoussa-sanfo-president-de-lassociation-nationale-des-specialistes-des-drones#breadcrumb"},"inLanguage":"fr-FR","potentialAction":[{"@type":"ReadAction","target":["https:\/\/www.africa-press.net\/burkina-faso\/homepage-french\/projet-de-loi-sur-les-drones-civils-nous-esperons-etre-consultes-souhaite-younoussa-sanfo-president-de-lassociation-nationale-des-specialistes-des-drones"]}]},{"@type":"ImageObject","inLanguage":"fr-FR","@id":"https:\/\/www.africa-press.net\/burkina-faso\/homepage-french\/projet-de-loi-sur-les-drones-civils-nous-esperons-etre-consultes-souhaite-younoussa-sanfo-president-de-lassociation-nationale-des-specialistes-des-drones#primaryimage","url":"https:\/\/static.africa-press.net\/burkina\/sites\/42\/2021\/04\/img-606ecbb676096.jpg","contentUrl":"https:\/\/static.africa-press.net\/burkina\/sites\/42\/2021\/04\/img-606ecbb676096.jpg","width":720,"height":399,"caption":"Projet de loi sur les drones civils : \u00ab Nous esp\u00e9rons \u00eatre consult\u00e9s \u00bb, souhaite Younoussa Sanfo, pr\u00e9sident de l\u2019Association nationale des sp\u00e9cialistes des drones"},{"@type":"BreadcrumbList","@id":"https:\/\/www.africa-press.net\/burkina-faso\/homepage-french\/projet-de-loi-sur-les-drones-civils-nous-esperons-etre-consultes-souhaite-younoussa-sanfo-president-de-lassociation-nationale-des-specialistes-des-drones#breadcrumb","itemListElement":[{"@type":"ListItem","position":1,"name":"Accueil","item":"https:\/\/www.africa-press.net\/burkina-faso\/"},{"@type":"ListItem","position":2,"name":"Projet de loi sur les drones civils : \u00ab Nous esp\u00e9rons \u00eatre consult\u00e9s \u00bb, souhaite Younoussa Sanfo, pr\u00e9sident de l\u2019Association nationale des sp\u00e9cialistes des drones"}]},{"@type":"WebSite","@id":"https:\/\/www.africa-press.net\/burkina-faso\/#website","url":"https:\/\/www.africa-press.net\/burkina-faso\/","name":"Burkina Faso","description":"Just another Africa News Agency Sites site","potentialAction":[{"@type":"SearchAction","target":{"@type":"EntryPoint","urlTemplate":"https:\/\/www.africa-press.net\/burkina-faso\/?s={search_term_string}"},"query-input":{"@type":"PropertyValueSpecification","valueRequired":true,"valueName":"search_term_string"}}],"inLanguage":"fr-FR"},{"@type":"Person","@id":"https:\/\/www.africa-press.net\/burkina-faso\/#\/schema\/person\/2b1cf3cd81a31e3cd26889ca66d677f1","name":"cfeditorfr"}]}},"_links":{"self":[{"href":"https:\/\/www.africa-press.net\/burkina-faso\/wp-json\/wp\/v2\/posts\/9469","targetHints":{"allow":["GET"]}}],"collection":[{"href":"https:\/\/www.africa-press.net\/burkina-faso\/wp-json\/wp\/v2\/posts"}],"about":[{"href":"https:\/\/www.africa-press.net\/burkina-faso\/wp-json\/wp\/v2\/types\/post"}],"author":[{"embeddable":true,"href":"https:\/\/www.africa-press.net\/burkina-faso\/wp-json\/wp\/v2\/users\/82"}],"replies":[{"embeddable":true,"href":"https:\/\/www.africa-press.net\/burkina-faso\/wp-json\/wp\/v2\/comments?post=9469"}],"version-history":[{"count":0,"href":"https:\/\/www.africa-press.net\/burkina-faso\/wp-json\/wp\/v2\/posts\/9469\/revisions"}],"wp:featuredmedia":[{"embeddable":true,"href":"https:\/\/www.africa-press.net\/burkina-faso\/wp-json\/wp\/v2\/media\/9468"}],"wp:attachment":[{"href":"https:\/\/www.africa-press.net\/burkina-faso\/wp-json\/wp\/v2\/media?parent=9469"}],"wp:term":[{"taxonomy":"category","embeddable":true,"href":"https:\/\/www.africa-press.net\/burkina-faso\/wp-json\/wp\/v2\/categories?post=9469"},{"taxonomy":"post_tag","embeddable":true,"href":"https:\/\/www.africa-press.net\/burkina-faso\/wp-json\/wp\/v2\/tags?post=9469"}],"curies":[{"name":"wp","href":"https:\/\/api.w.org\/{rel}","templated":true}]}}